{"id":58574,"date":"2017-03-09T00:04:35","date_gmt":"2017-03-09T06:04:35","guid":{"rendered":"http:\/\/www.reconoce.mx\/?p=58574"},"modified":"2017-03-06T13:58:39","modified_gmt":"2017-03-06T19:58:39","slug":"vl17-algunas-bandas-presentes-nos-dicen-a-quienes-quieren-ver","status":"publish","type":"post","link":"http:\/\/www.reconoce.mx\/?p=58574","title":{"rendered":"#VL17: Algunas bandas presentes nos dicen a qui\u00e9nes quieren ver"},"content":{"rendered":"<p><strong>Con entrevistas realizadas por <a href=\"https:\/\/twitter.com\/alice_freckles\" target=\"_blank\">Alicia \u00c1vila<\/a>, <span class=\"st\"><a href=\"https:\/\/twitter.com\/Amauryshow\" target=\"_blank\">Amaury Berdejo<\/a><\/span> y <\/strong><strong><a title=\"@AsfaltosTweets\" href=\"http:\/\/twitter.com\/AsfaltosTweets\" target=\"_blank\">Asfaltos<\/a><\/strong>.<\/p>\n<p>A una semana del <strong>Festival Vive Latino<\/strong>, seguramente muchos de ustedes andan armando sus itinerarios. No nos dejar\u00e1n mentir, siempre armar un plan de festival es de las cosas m\u00e1s dif\u00edciles, sobre todo porque se dejan a un lado a muchos otros grupos que por horarios terminan empalm\u00e1ndose con quienes finalmente nos decidimos disfrutar.<\/p>\n<p>Para ayudar un poco en esta dif\u00edcil decisi\u00f3n, entrevistamos a algunas de las bandas presentes en el decimoctavo <strong>Vive Latino<\/strong>, y les preguntamos a qu\u00e9 otros grupos deseban ver. Ac\u00e1 lo que nos contestaron <strong>\u00c1gora<\/strong>, <strong>Okills<\/strong>, <strong>Los RayoBacks<\/strong>, <strong>Izal<\/strong> y <strong>Seis Pistos<\/strong>.<\/p>\n<style>.embed-container { position: relative; padding-bottom: 56.25%; height: 0; overflow: hidden; max-width: 100%; } .embed-container iframe, .embed-container object, .embed-container embed { position: absolute; top: 0; left: 0; width: 100%; height: 100%; }<\/style>\n<div class=\"embed-container\"><iframe loading=\"lazy\" src=\"https:\/\/www.youtube.com\/embed\/krrHpRI2P58\" width=\"300\" height=\"150\" frameborder=\"0\" allowfullscreen=\"allowfullscreen\"><\/iframe><\/div>\n<p>&nbsp;<\/p>\n<h2><strong>\u00c1gora<\/strong><\/h2>\n<p><span style=\"color: #0aa650;\"><strong>Eduardo Carrillo<\/strong><\/span>: Por lo que me significa la banda, a <strong>Hombres G<\/strong>. Por el hecho de que yo los produje junto con Manuel, quiero ver a <strong>Driven<\/strong>. Y a <strong>Moonspell<\/strong>.<\/p>\n<p><span style=\"color: #0aa650;\"><strong>Sergio Aguilar<\/strong><\/span>: Me encantan los Ramones; el \u00fanico que queda vivo es <strong>Marky Ramone<\/strong>&#8230; y aunque no es el baterista original, \u00a1era un Ramone! Y <strong>Hombres G<\/strong>. Cuando \u00e9ramos chavitos, era nuestro Molotov (un poco de que dec\u00edan groser\u00edas). Y obviamente a <strong>Moonspell<\/strong>, <strong>Rancid<\/strong>, hay muchas bandas muy buenas.<\/p>\n<p><span style=\"color: #0aa650;\"><strong>Daniel Villareal<\/strong><\/span>: Me gustar\u00eda ver a los m\u00e1s que se puedan ver. Me da mucho entusiasmo y emoci\u00f3n por ver, obviamente a <strong>Prophets of Rage<\/strong>, nunca he visto a Rage Against The Machine (<strong>Prophets of Rage<\/strong>) en vivo y aunque no viene Zack, traen invitados a <strong>Cypres Hill<\/strong> y a <strong>Public Enemy<\/strong>. Como bajero, a <strong>Tim Commerford<\/strong>, un bajista que con los bajistas de rock pesado con una onda groove, es un referente.<\/p>\n<style>.embed-container { position: relative; padding-bottom: 56.25%; height: 0; overflow: hidden; max-width: 100%; } .embed-container iframe, .embed-container object, .embed-container embed { position: absolute; top: 0; left: 0; width: 100%; height: 100%; }<\/style>\n<div class=\"embed-container\"><iframe loading=\"lazy\" src=\"https:\/\/www.youtube.com\/embed\/KQdtZelO9JM\" width=\"300\" height=\"150\" frameborder=\"0\" allowfullscreen=\"allowfullscreen\"><\/iframe><\/div>\n<p>&nbsp;<\/p>\n<h2><strong>Okills<\/strong><\/h2>\n<p><span style=\"color: #a81f25;\"><strong>Alberto Lugo Arcas<\/strong><\/span>: A <strong>Jarabe de Palo<\/strong>, es una banda que nunca hemos visto. Ahorita hay un tema con Pau Don\u00e9s que est\u00e1 s\u00faper delicado de salud y no es como que queramos verlo porque ya no lo veremos, no es algo as\u00ed de feo. Siempre lo hemos querido ver y ahora con esta noticia, es inevitable no querer apurarte, \u00bfno? Como \u00abquiero ir a ver a Jarabe de Palo\u00bb&#8230;\u00a0 Como nos pas\u00f3 una vez con Michael Jackson que quer\u00edamos verlo, gastar todos nuestros ahorros en \u00e9l para ir Londres a verlo y no pudimos&#8230; Entonces, no queremos de cierta forma que esto siga pasando, porque est\u00e1n pasando muchas cosas feas ahorita en nivel personal en la m\u00fasica. Tambi\u00e9n queremos ver a <strong>Justice<\/strong> -son franceses-, no los hemos visto, es una banda que toca muy poco en Latinoam\u00e9rica y es una buena oportunidad; y por mi parte, quiero ver a <strong>Julieta Venegas<\/strong>, no s\u00e9 qu\u00e9 est\u00e1 haciendo ahorita, no estoy enterado sobre lo que est\u00e1 haciendo y quiero ver su show en vivo, quiero ver c\u00f3mo est\u00e1 ahorita Julieta.<\/p>\n<style>.embed-container { position: relative; padding-bottom: 56.25%; height: 0; overflow: hidden; max-width: 100%; } .embed-container iframe, .embed-container object, .embed-container embed { position: absolute; top: 0; left: 0; width: 100%; height: 100%; }<\/style>\n<div class=\"embed-container\"><iframe loading=\"lazy\" src=\"https:\/\/www.youtube.com\/embed\/xxhET61yB1A\" width=\"300\" height=\"150\" frameborder=\"0\" allowfullscreen=\"allowfullscreen\"><\/iframe><\/div>\n<p>&nbsp;<\/p>\n<h2><strong>Los RayoBacks<\/strong><\/h2>\n<p><span style=\"color: #0aa650;\"><strong>Jos\u00e9 A. L\u00f3pez<\/strong><\/span>: No bueno, mira, de entrada una cosa. Cuando vamos a los festivales, yo en lo personal, antes que m\u00fasico soy un s\u00faper fan de la m\u00fasica. Entonces yo he ido conociendo en los festivales a muchas de las bandas que han sido mis \u00eddolos desde chavito, y puta los veo y casi casi les quiero pedir un aut\u00f3grafo; la verdad es que es padr\u00edsimo porque son buen\u00edsima onda, muy generosos todos. La verdad es que tengo ganas de ver a un chorro. Te dir\u00eda que a <strong>Justice<\/strong> tengo muchas ganas de verlos desde hace mucho, y acabando de tocar nosotros, nos vamos a ir corriendo a verlo. Antes de nosotros toca <strong>Ne\u00f3n<\/strong>, tambi\u00e9n en la \u00abCarpa Intolerante\u00bb, y adem\u00e1s de que somos muy buenos cuates y ya les hicimos un <em>mashup<\/em> a su cl\u00e1sico \u00abJuegos de amor\u00bb; tengo muchas ganas de verlos, porque pues yo crec\u00ed tambi\u00e9n con esas rolas y me quiero quedar all\u00e1 a cantarlas. Antes tambi\u00e9n est\u00e1n los de <strong>Monocordio<\/strong> que son cuatazos, y que adem\u00e1s pues tambi\u00e9n traen toda esta onda de la parodia, y de la comicidad, y el palomazo; porque luego tambi\u00e9n nuestros <em>haters<\/em> promedio son los clavados que dicen c\u00f3mo hacemos tantas mamadas, pero tambi\u00e9n un poco lo que decimos es que lo rocker es sorprenderte con algo que no te esperas, y hoy en d\u00eda la verdad es c\u00f3mo te distingues de lo rocker, no, pues ya cualquier persona anda tatuada y con el pelo largo, eso ya no te distingue. Te tiene que distinguir m\u00e1s la actitud y cosas m\u00e1s sofisticadas.<\/p>\n<style>.embed-container { position: relative; padding-bottom: 56.25%; height: 0; overflow: hidden; max-width: 100%; } .embed-container iframe, .embed-container object, .embed-container embed { position: absolute; top: 0; left: 0; width: 100%; height: 100%; }<\/style>\n<div class=\"embed-container\"><iframe loading=\"lazy\" src=\"https:\/\/www.youtube.com\/embed\/KZEZMJ3EgWc\" width=\"300\" height=\"150\" frameborder=\"0\" allowfullscreen=\"allowfullscreen\"><\/iframe><\/div>\n<p>&nbsp;<\/p>\n<h2><strong>Izal<\/strong><\/h2>\n<p><strong><span style=\"color: #a81f25;\">Iv\u00e1n Mella<\/span><\/strong>: La verdad estamos un poco desconectados porque acabamos de terminar gira. Evidentemente queremos ver a <strong>Zo\u00e9<\/strong>. Queremos conocer otras bandas&#8230; Eso es de las mejores cosas de estar en un festival, que est\u00e1s rodeado de buena gente y buena m\u00fasica que comienzan a ser parte de tu vida.<\/p>\n<style>.embed-container { position: relative; padding-bottom: 56.25%; height: 0; overflow: hidden; max-width: 100%; } .embed-container iframe, .embed-container object, .embed-container embed { position: absolute; top: 0; left: 0; width: 100%; height: 100%; }<\/style>\n<div class=\"embed-container\"><iframe loading=\"lazy\" src=\"https:\/\/www.youtube.com\/embed\/a3eG2evI9aU\" width=\"300\" height=\"150\" frameborder=\"0\" allowfullscreen=\"allowfullscreen\"><\/iframe><\/div>\n<p>&nbsp;<\/p>\n<h2><strong>Seis Pistos<\/strong><\/h2>\n<p><span style=\"color: #0aa650;\"><strong>Iv\u00e1n Chavero<\/strong><\/span>: <strong>Rancid<\/strong>, por supuesto.<\/p>\n<style>.embed-container { position: relative; padding-bottom: 56.25%; height: 0; overflow: hidden; max-width: 100%; } .embed-container iframe, .embed-container object, .embed-container embed { position: absolute; top: 0; left: 0; width: 100%; height: 100%; }<\/style>\n<div class=\"embed-container\"><iframe loading=\"lazy\" src=\"https:\/\/www.youtube.com\/embed\/DhKHAopx7D0\" width=\"300\" height=\"150\" frameborder=\"0\" allowfullscreen=\"allowfullscreen\"><\/iframe><\/div>\n<p>&nbsp;<\/p>\n<p>El festival <strong>Vive Latino<\/strong> se realizar\u00e1 los d\u00edas s\u00e1bado 18 y domingo 19 de marzo en el <strong>Foro Sol<\/strong>. Boletos a la venta a trav\u00e9s del <a href=\"http:\/\/www.ticketmaster.com.mx\/Vive-Latino-boletos\/artist\/1209767\" target=\"_blank\">Sistema Ticketmaster<\/a>.<\/p>\n<p>&nbsp;<\/p>\n<p>&nbsp;<\/p>\n","protected":false},"excerpt":{"rendered":"<p>Para ayudar un poco en esta dif\u00edcil decisi\u00f3n, entrevistamos a algunas de las bandas presentes en el decimoctavo Vive Latino, y les preguntamos a qu\u00e9 otros grupos deseban ver. Ac\u00e1 lo que nos contestaron \u00c1gora, Okills, Los RayoBacks, Izal y Seis Pistos.<\/p>\n","protected":false},"author":2,"featured_media":58717,"comment_status":"open","ping_status":"open","sticky":false,"template":"","format":"standard","meta":{"footnotes":""},"categories":[1,18,17],"tags":[],"class_list":["post-58574","post","type-post","status-publish","format-standard","has-post-thumbnail","hentry","category-cultura","category-musica","category-principal"],"yoast_head":"<!-- This site is optimized with the Yoast SEO plugin v24.7 - https:\/\/yoast.com\/wordpress\/plugins\/seo\/ -->\n<title>#VL17: Algunas bandas presentes nos dicen a qui\u00e9nes quieren ver &#171; Reconoce MX<\/title>\n<meta name=\"robots\" content=\"index, follow, max-snippet:-1, max-image-preview:large, max-video-preview:-1\" \/>\n<link rel=\"canonical\" href=\"https:\/\/www.reconoce.mx\/?p=58574\" \/>\n<meta property=\"og:locale\" content=\"es_ES\" \/>\n<meta property=\"og:type\" content=\"article\" \/>\n<meta property=\"og:title\" content=\"#VL17: Algunas bandas presentes nos dicen a qui\u00e9nes quieren ver &#171; Reconoce MX\" \/>\n<meta property=\"og:description\" content=\"Para ayudar un poco en esta dif\u00edcil decisi\u00f3n, entrevistamos a algunas de las bandas presentes en el decimoctavo Vive Latino, y les preguntamos a qu\u00e9 otros grupos deseban ver. Ac\u00e1 lo que nos contestaron \u00c1gora, Okills, Los RayoBacks, Izal y Seis Pistos.\" \/>\n<meta property=\"og:url\" content=\"https:\/\/www.reconoce.mx\/?p=58574\" \/>\n<meta property=\"og:site_name\" content=\"Reconoce MX\" \/>\n<meta property=\"article:publisher\" content=\"https:\/\/es-la.facebook.com\/ReconoceMX\/\" \/>\n<meta property=\"article:published_time\" content=\"2017-03-09T06:04:35+00:00\" \/>\n<meta property=\"og:image\" content=\"https:\/\/www.reconoce.mx\/wp-content\/uploads\/2017\/03\/mapa-vl.png\" \/>\n\t<meta property=\"og:image:width\" content=\"590\" \/>\n\t<meta property=\"og:image:height\" content=\"380\" \/>\n\t<meta property=\"og:image:type\" content=\"image\/png\" \/>\n<meta name=\"author\" content=\"Reconoce MX\" \/>\n<meta name=\"twitter:card\" content=\"summary_large_image\" \/>\n<meta name=\"twitter:creator\" content=\"@reconocemx\" \/>\n<meta name=\"twitter:site\" content=\"@reconocemx\" \/>\n<meta name=\"twitter:label1\" content=\"Escrito por\" \/>\n\t<meta name=\"twitter:data1\" content=\"Reconoce MX\" \/>\n\t<meta name=\"twitter:label2\" content=\"Tiempo de lectura\" \/>\n\t<meta name=\"twitter:data2\" content=\"4 minutos\" \/>\n<script type=\"application\/ld+json\" class=\"yoast-schema-graph\">{\"@context\":\"https:\/\/schema.org\",\"@graph\":[{\"@type\":\"Article\",\"@id\":\"https:\/\/www.reconoce.mx\/?p=58574#article\",\"isPartOf\":{\"@id\":\"https:\/\/www.reconoce.mx\/?p=58574\"},\"author\":{\"name\":\"Reconoce MX\",\"@id\":\"http:\/\/www.reconoce.mx\/#\/schema\/person\/2117e997d7051dc15d6880eaf9bca0b2\"},\"headline\":\"#VL17: Algunas bandas presentes nos dicen a qui\u00e9nes quieren ver\",\"datePublished\":\"2017-03-09T06:04:35+00:00\",\"mainEntityOfPage\":{\"@id\":\"https:\/\/www.reconoce.mx\/?p=58574\"},\"wordCount\":857,\"commentCount\":0,\"publisher\":{\"@id\":\"http:\/\/www.reconoce.mx\/#organization\"},\"image\":{\"@id\":\"https:\/\/www.reconoce.mx\/?p=58574#primaryimage\"},\"thumbnailUrl\":\"http:\/\/www.reconoce.mx\/wp-content\/uploads\/2017\/03\/mapa-vl.png\",\"articleSection\":[\"Cultura\",\"M\u00fasica\",\"Principal\"],\"inLanguage\":\"es\",\"potentialAction\":[{\"@type\":\"CommentAction\",\"name\":\"Comment\",\"target\":[\"https:\/\/www.reconoce.mx\/?p=58574#respond\"]}]},{\"@type\":\"WebPage\",\"@id\":\"https:\/\/www.reconoce.mx\/?p=58574\",\"url\":\"https:\/\/www.reconoce.mx\/?p=58574\",\"name\":\"#VL17: Algunas bandas presentes nos dicen a qui\u00e9nes quieren ver &#171; Reconoce MX\",\"isPartOf\":{\"@id\":\"http:\/\/www.reconoce.mx\/#website\"},\"primaryImageOfPage\":{\"@id\":\"https:\/\/www.reconoce.mx\/?p=58574#primaryimage\"},\"image\":{\"@id\":\"https:\/\/www.reconoce.mx\/?p=58574#primaryimage\"},\"thumbnailUrl\":\"http:\/\/www.reconoce.mx\/wp-content\/uploads\/2017\/03\/mapa-vl.png\",\"datePublished\":\"2017-03-09T06:04:35+00:00\",\"breadcrumb\":{\"@id\":\"https:\/\/www.reconoce.mx\/?p=58574#breadcrumb\"},\"inLanguage\":\"es\",\"potentialAction\":[{\"@type\":\"ReadAction\",\"target\":[\"https:\/\/www.reconoce.mx\/?p=58574\"]}]},{\"@type\":\"ImageObject\",\"inLanguage\":\"es\",\"@id\":\"https:\/\/www.reconoce.mx\/?p=58574#primaryimage\",\"url\":\"http:\/\/www.reconoce.mx\/wp-content\/uploads\/2017\/03\/mapa-vl.png\",\"contentUrl\":\"http:\/\/www.reconoce.mx\/wp-content\/uploads\/2017\/03\/mapa-vl.png\",\"width\":590,\"height\":380},{\"@type\":\"BreadcrumbList\",\"@id\":\"https:\/\/www.reconoce.mx\/?p=58574#breadcrumb\",\"itemListElement\":[{\"@type\":\"ListItem\",\"position\":1,\"name\":\"Portada\",\"item\":\"http:\/\/www.reconoce.mx\/\"},{\"@type\":\"ListItem\",\"position\":2,\"name\":\"#VL17: Algunas bandas presentes nos dicen a qui\u00e9nes quieren ver\"}]},{\"@type\":\"WebSite\",\"@id\":\"http:\/\/www.reconoce.mx\/#website\",\"url\":\"http:\/\/www.reconoce.mx\/\",\"name\":\"Reconoce MX\",\"description\":\"En Reconoce MX difundimos arte, cultura y conciencia social en M\u00e9xico. Tu ciudad en otra perspectiva.\",\"publisher\":{\"@id\":\"http:\/\/www.reconoce.mx\/#organization\"},\"potentialAction\":[{\"@type\":\"SearchAction\",\"target\":{\"@type\":\"EntryPoint\",\"urlTemplate\":\"http:\/\/www.reconoce.mx\/?s={search_term_string}\"},\"query-input\":{\"@type\":\"PropertyValueSpecification\",\"valueRequired\":true,\"valueName\":\"search_term_string\"}}],\"inLanguage\":\"es\"},{\"@type\":\"Organization\",\"@id\":\"http:\/\/www.reconoce.mx\/#organization\",\"name\":\"Reconoce MX\",\"url\":\"http:\/\/www.reconoce.mx\/\",\"logo\":{\"@type\":\"ImageObject\",\"inLanguage\":\"es\",\"@id\":\"http:\/\/www.reconoce.mx\/#\/schema\/logo\/image\/\",\"url\":\"https:\/\/www.reconoce.mx\/wp-content\/uploads\/2019\/03\/logorcmx-good-1.png\",\"contentUrl\":\"https:\/\/www.reconoce.mx\/wp-content\/uploads\/2019\/03\/logorcmx-good-1.png\",\"width\":280,\"height\":90,\"caption\":\"Reconoce MX\"},\"image\":{\"@id\":\"http:\/\/www.reconoce.mx\/#\/schema\/logo\/image\/\"},\"sameAs\":[\"https:\/\/es-la.facebook.com\/ReconoceMX\/\",\"https:\/\/x.com\/reconocemx\",\"http:\/\/@reconocemx\"]},{\"@type\":\"Person\",\"@id\":\"http:\/\/www.reconoce.mx\/#\/schema\/person\/2117e997d7051dc15d6880eaf9bca0b2\",\"name\":\"Reconoce MX\",\"image\":{\"@type\":\"ImageObject\",\"inLanguage\":\"es\",\"@id\":\"http:\/\/www.reconoce.mx\/#\/schema\/person\/image\/\",\"url\":\"https:\/\/secure.gravatar.com\/avatar\/6c8d4dc7569ca1c90c5fdcc349f839d5ddef6fe1e70b4337ead2ef1a4c43fc3a?s=96&d=identicon&r=g\",\"contentUrl\":\"https:\/\/secure.gravatar.com\/avatar\/6c8d4dc7569ca1c90c5fdcc349f839d5ddef6fe1e70b4337ead2ef1a4c43fc3a?s=96&d=identicon&r=g\",\"caption\":\"Reconoce MX\"},\"description\":\"Reconoce MX es un proyecto de difusi\u00f3n art\u00edstica, cultural y de conciencia social que est\u00e1 enfocado a difundir y fomentar el entretenimiento alternativo de calidad para todo el p\u00fablico que comparta el mismo entusiasmo.\",\"sameAs\":[\"http:\/\/www.reconoce.mx\"],\"url\":\"http:\/\/www.reconoce.mx\/?author=2\"}]}<\/script>\n<!-- \/ Yoast SEO plugin. -->","yoast_head_json":{"title":"#VL17: Algunas bandas presentes nos dicen a qui\u00e9nes quieren ver &#171; Reconoce MX","robots":{"index":"index","follow":"follow","max-snippet":"max-snippet:-1","max-image-preview":"max-image-preview:large","max-video-preview":"max-video-preview:-1"},"canonical":"https:\/\/www.reconoce.mx\/?p=58574","og_locale":"es_ES","og_type":"article","og_title":"#VL17: Algunas bandas presentes nos dicen a qui\u00e9nes quieren ver &#171; Reconoce MX","og_description":"Para ayudar un poco en esta dif\u00edcil decisi\u00f3n, entrevistamos a algunas de las bandas presentes en el decimoctavo Vive Latino, y les preguntamos a qu\u00e9 otros grupos deseban ver. Ac\u00e1 lo que nos contestaron \u00c1gora, Okills, Los RayoBacks, Izal y Seis Pistos.","og_url":"https:\/\/www.reconoce.mx\/?p=58574","og_site_name":"Reconoce MX","article_publisher":"https:\/\/es-la.facebook.com\/ReconoceMX\/","article_published_time":"2017-03-09T06:04:35+00:00","og_image":[{"width":590,"height":380,"url":"https:\/\/www.reconoce.mx\/wp-content\/uploads\/2017\/03\/mapa-vl.png","type":"image\/png"}],"author":"Reconoce MX","twitter_card":"summary_large_image","twitter_creator":"@reconocemx","twitter_site":"@reconocemx","twitter_misc":{"Escrito por":"Reconoce MX","Tiempo de lectura":"4 minutos"},"schema":{"@context":"https:\/\/schema.org","@graph":[{"@type":"Article","@id":"https:\/\/www.reconoce.mx\/?p=58574#article","isPartOf":{"@id":"https:\/\/www.reconoce.mx\/?p=58574"},"author":{"name":"Reconoce MX","@id":"http:\/\/www.reconoce.mx\/#\/schema\/person\/2117e997d7051dc15d6880eaf9bca0b2"},"headline":"#VL17: Algunas bandas presentes nos dicen a qui\u00e9nes quieren ver","datePublished":"2017-03-09T06:04:35+00:00","mainEntityOfPage":{"@id":"https:\/\/www.reconoce.mx\/?p=58574"},"wordCount":857,"commentCount":0,"publisher":{"@id":"http:\/\/www.reconoce.mx\/#organization"},"image":{"@id":"https:\/\/www.reconoce.mx\/?p=58574#primaryimage"},"thumbnailUrl":"http:\/\/www.reconoce.mx\/wp-content\/uploads\/2017\/03\/mapa-vl.png","articleSection":["Cultura","M\u00fasica","Principal"],"inLanguage":"es","potentialAction":[{"@type":"CommentAction","name":"Comment","target":["https:\/\/www.reconoce.mx\/?p=58574#respond"]}]},{"@type":"WebPage","@id":"https:\/\/www.reconoce.mx\/?p=58574","url":"https:\/\/www.reconoce.mx\/?p=58574","name":"#VL17: Algunas bandas presentes nos dicen a qui\u00e9nes quieren ver &#171; Reconoce MX","isPartOf":{"@id":"http:\/\/www.reconoce.mx\/#website"},"primaryImageOfPage":{"@id":"https:\/\/www.reconoce.mx\/?p=58574#primaryimage"},"image":{"@id":"https:\/\/www.reconoce.mx\/?p=58574#primaryimage"},"thumbnailUrl":"http:\/\/www.reconoce.mx\/wp-content\/uploads\/2017\/03\/mapa-vl.png","datePublished":"2017-03-09T06:04:35+00:00","breadcrumb":{"@id":"https:\/\/www.reconoce.mx\/?p=58574#breadcrumb"},"inLanguage":"es","potentialAction":[{"@type":"ReadAction","target":["https:\/\/www.reconoce.mx\/?p=58574"]}]},{"@type":"ImageObject","inLanguage":"es","@id":"https:\/\/www.reconoce.mx\/?p=58574#primaryimage","url":"http:\/\/www.reconoce.mx\/wp-content\/uploads\/2017\/03\/mapa-vl.png","contentUrl":"http:\/\/www.reconoce.mx\/wp-content\/uploads\/2017\/03\/mapa-vl.png","width":590,"height":380},{"@type":"BreadcrumbList","@id":"https:\/\/www.reconoce.mx\/?p=58574#breadcrumb","itemListElement":[{"@type":"ListItem","position":1,"name":"Portada","item":"http:\/\/www.reconoce.mx\/"},{"@type":"ListItem","position":2,"name":"#VL17: Algunas bandas presentes nos dicen a qui\u00e9nes quieren ver"}]},{"@type":"WebSite","@id":"http:\/\/www.reconoce.mx\/#website","url":"http:\/\/www.reconoce.mx\/","name":"Reconoce MX","description":"En Reconoce MX difundimos arte, cultura y conciencia social en M\u00e9xico. Tu ciudad en otra perspectiva.","publisher":{"@id":"http:\/\/www.reconoce.mx\/#organization"},"potentialAction":[{"@type":"SearchAction","target":{"@type":"EntryPoint","urlTemplate":"http:\/\/www.reconoce.mx\/?s={search_term_string}"},"query-input":{"@type":"PropertyValueSpecification","valueRequired":true,"valueName":"search_term_string"}}],"inLanguage":"es"},{"@type":"Organization","@id":"http:\/\/www.reconoce.mx\/#organization","name":"Reconoce MX","url":"http:\/\/www.reconoce.mx\/","logo":{"@type":"ImageObject","inLanguage":"es","@id":"http:\/\/www.reconoce.mx\/#\/schema\/logo\/image\/","url":"https:\/\/www.reconoce.mx\/wp-content\/uploads\/2019\/03\/logorcmx-good-1.png","contentUrl":"https:\/\/www.reconoce.mx\/wp-content\/uploads\/2019\/03\/logorcmx-good-1.png","width":280,"height":90,"caption":"Reconoce MX"},"image":{"@id":"http:\/\/www.reconoce.mx\/#\/schema\/logo\/image\/"},"sameAs":["https:\/\/es-la.facebook.com\/ReconoceMX\/","https:\/\/x.com\/reconocemx","http:\/\/@reconocemx"]},{"@type":"Person","@id":"http:\/\/www.reconoce.mx\/#\/schema\/person\/2117e997d7051dc15d6880eaf9bca0b2","name":"Reconoce MX","image":{"@type":"ImageObject","inLanguage":"es","@id":"http:\/\/www.reconoce.mx\/#\/schema\/person\/image\/","url":"https:\/\/secure.gravatar.com\/avatar\/6c8d4dc7569ca1c90c5fdcc349f839d5ddef6fe1e70b4337ead2ef1a4c43fc3a?s=96&d=identicon&r=g","contentUrl":"https:\/\/secure.gravatar.com\/avatar\/6c8d4dc7569ca1c90c5fdcc349f839d5ddef6fe1e70b4337ead2ef1a4c43fc3a?s=96&d=identicon&r=g","caption":"Reconoce MX"},"description":"Reconoce MX es un proyecto de difusi\u00f3n art\u00edstica, cultural y de conciencia social que est\u00e1 enfocado a difundir y fomentar el entretenimiento alternativo de calidad para todo el p\u00fablico que comparta el mismo entusiasmo.","sameAs":["http:\/\/www.reconoce.mx"],"url":"http:\/\/www.reconoce.mx\/?author=2"}]}},"_links":{"self":[{"href":"http:\/\/www.reconoce.mx\/index.php?rest_route=\/wp\/v2\/posts\/58574","targetHints":{"allow":["GET"]}}],"collection":[{"href":"http:\/\/www.reconoce.mx\/index.php?rest_route=\/wp\/v2\/posts"}],"about":[{"href":"http:\/\/www.reconoce.mx\/index.php?rest_route=\/wp\/v2\/types\/post"}],"author":[{"embeddable":true,"href":"http:\/\/www.reconoce.mx\/index.php?rest_route=\/wp\/v2\/users\/2"}],"replies":[{"embeddable":true,"href":"http:\/\/www.reconoce.mx\/index.php?rest_route=%2Fwp%2Fv2%2Fcomments&post=58574"}],"version-history":[{"count":7,"href":"http:\/\/www.reconoce.mx\/index.php?rest_route=\/wp\/v2\/posts\/58574\/revisions"}],"predecessor-version":[{"id":58797,"href":"http:\/\/www.reconoce.mx\/index.php?rest_route=\/wp\/v2\/posts\/58574\/revisions\/58797"}],"wp:featuredmedia":[{"embeddable":true,"href":"http:\/\/www.reconoce.mx\/index.php?rest_route=\/wp\/v2\/media\/58717"}],"wp:attachment":[{"href":"http:\/\/www.reconoce.mx\/index.php?rest_route=%2Fwp%2Fv2%2Fmedia&parent=58574"}],"wp:term":[{"taxonomy":"category","embeddable":true,"href":"http:\/\/www.reconoce.mx\/index.php?rest_route=%2Fwp%2Fv2%2Fcategories&post=58574"},{"taxonomy":"post_tag","embeddable":true,"href":"http:\/\/www.reconoce.mx\/index.php?rest_route=%2Fwp%2Fv2%2Ftags&post=58574"}],"curies":[{"name":"wp","href":"https:\/\/api.w.org\/{rel}","templated":true}]}}