{"id":58582,"date":"2017-03-07T00:04:13","date_gmt":"2017-03-07T06:04:13","guid":{"rendered":"http:\/\/www.reconoce.mx\/?p=58582"},"modified":"2017-03-06T13:56:45","modified_gmt":"2017-03-06T19:56:45","slug":"vl17-izal-nos-platican-de-su-nuevo-video-y-su-proxima-presencia-en-el-vive","status":"publish","type":"post","link":"http:\/\/www.reconoce.mx\/?p=58582","title":{"rendered":"#VL17: Izal nos platican de su nuevo video y su pr\u00f3xima presencia en el Vive"},"content":{"rendered":"<p><strong>Por <a href=\"https:\/\/twitter.com\/alice_freckles\" target=\"_blank\">Alicia \u00c1vila<\/a><\/strong>.<\/p>\n<p>La banda espa\u00f1ola de indie rock <strong>Izal<\/strong>, que se fund\u00f3 en el 2010, estren\u00f3 en los pasados d\u00edas su nuevo video \u00abLos seres que me llenan\u00bb. Con motivo de este estreno, y su pr\u00f3xima presentaci\u00f3n en el <strong>Festival Vive Latino 2017<\/strong>, tuvimos la oportunidad de platicar con <strong>Iv\u00e1n Mella<\/strong> (teclista).<\/p>\n<style>.embed-container { position: relative; padding-bottom: 56.25%; height: 0; overflow: hidden; max-width: 100%; } .embed-container iframe, .embed-container object, .embed-container embed { position: absolute; top: 0; left: 0; width: 100%; height: 100%; }<\/style>\n<div class=\"embed-container\"><iframe loading=\"lazy\" src=\"https:\/\/www.youtube.com\/embed\/1sUez5S5DTI\" width=\"300\" height=\"150\" frameborder=\"0\" allowfullscreen=\"allowfullscreen\"><\/iframe><\/div>\n<p>&nbsp;<\/p>\n<p>El videoclip de \u00abLos seres que me llenan\u00bb fue dirigido por la directora<strong> Paloma Zapata<\/strong>, quien tambi\u00e9n realiz\u00f3 el video de \u00abCopacabana\u00bb. El trabajo, como la propia m\u00fasica de <strong>Izal<\/strong>, est\u00e1 lleno de una trepidante carga de ritmo y juegos de color. Mediante la t\u00e9cnica de animaci\u00f3n stop-motion, infinitas fotograf\u00edas de la ciudad de Barcelona dan vida a los infinitos \u00abLos seres que me llenan\u201d. Un proceso de grabaci\u00f3n extremadamente complejo para un resultado visual extraordinario.<\/p>\n<p><span style=\"color: #a81f25;\"><strong>Reconoce MX<\/strong><\/span>: \u00bfDe qu\u00e9 trata \u00abLos seres que me llenan\u00bb?<\/p>\n<p><span style=\"color: #0aa650;\"><strong>Izal<\/strong><\/span>: Somos una banda que no nos gusta hablar de los temas y nos gusta m\u00e1s la idea de que cada quien lo interprete a su manera; eso es m\u00e1s bonito. Que cada persona se llene de un tema y lo haga suyo, eso es incre\u00edble. Pero este sencillo se trata un poco de los seres que hay en la calle, en el mundo y en todos lados.<\/p>\n<p><span style=\"color: #a81f25;\"><strong>RCMX<\/strong><\/span>: El a\u00f1o pasado se presentaron en el <strong>Foro Indie Rocks!<\/strong> de la Ciudad de M\u00e9xico, \u00bfc\u00f3mo es regresar a la ciudad para presentarse en un show mucho m\u00e1s grande como lo es el <strong>Vive Latino<\/strong>?<\/p>\n<p><span style=\"color: #0aa650;\"><strong>I<\/strong><\/span>: \u00a1Muy contentos! Con muchas ganas. Con el <strong>Foro Indie Rocks!<\/strong> tenemos mucho agradecimiento. En Espa\u00f1a crecimos muy r\u00e1pido y al parecer, aqu\u00ed tambi\u00e9n lo estamos haciendo, \u00a1Es incre\u00edble! Estamos muy emocionados de que cada vez, m\u00e1s gente pueda vernos.<\/p>\n<p><span style=\"color: #a81f25;\"><strong>RCMX<\/strong><\/span>: \u00bfC\u00f3mo fue desarrollarse en la escena musical en Madrid y c\u00f3mo es sustentar el proyecto con sus propio dinero?<\/p>\n<p><span style=\"color: #0aa650;\"><strong>I<\/strong><\/span>: No ha cambiado, somos autoproducidos. Somos 5 cerebros y muchos m\u00e1s que se van agregando al equipo; gente que est\u00e1 comenzando a formar parte de la familia, profesional y personal.<\/p>\n<p><span style=\"color: #a81f25;\"><strong>RCMX<\/strong><\/span>: Vinieron por primera vez en 2015, y desde entonces, han procurado venir una vez al a\u00f1o&#8230; \u00bfQu\u00e9 es lo que m\u00e1s disfrutan de venir a M\u00e9xico y qu\u00e9 es algo que pueden echar de menos?<\/p>\n<p><span style=\"color: #0aa650;\"><strong>I<\/strong><\/span>: Lo que m\u00e1s nos gusta es el calor de la gente en los conciertos; procuramos darlo todo. Nos encanta la gastronom\u00eda y la gente de M\u00e9xico. Tanto all\u00e1 como en Madrid, hay cosas maravillosas. Pero cuando sales de Madrid, realmente deseas llegar a casa y ver a la familia.<\/p>\n<p><span style=\"color: #a81f25;\"><strong>RCMX<\/strong><\/span>: \u00bfC\u00f3mo ha sido para los cinco seguir con la misma alineaci\u00f3n desde que inici\u00f3 el proyecto? Ya con este, \u00a1cumplen 7 a\u00f1os!<\/p>\n<p><span style=\"color: #0aa650;\"><strong>I<\/strong><\/span>: Arrancamos en 2010; Miguel ven\u00eda igual de otro proyecto y ten\u00eda buenas canciones como cantautor. Todo ha salido muy bien, cada quien pone lo mejor que lleva dentro. Nos llevamos muy bien.<\/p>\n<p><strong>Izal<\/strong> tocar\u00e1n en el<strong> Vive Latino<\/strong> el d\u00eda s\u00e1bado 18 de marzo en punto de las 16:00 horas en la \u00abCarpa Doritos\u00bb. El <strong>Vive Latino<\/strong> se llevar\u00e1 a cabo los d\u00edas s\u00e1bado 18 y domingo 19 de marzo en el <strong>Foro Sol<\/strong>. Boletos a la venta a trav\u00e9s del <a href=\"http:\/\/www.ticketmaster.com.mx\/Vive-Latino-boletos\/artist\/1209767\" target=\"_blank\">Sistema Ticketmaster<\/a>.<\/p>\n<p style=\"text-align: right;\">Imagen cortes\u00eda de <strong>Terr\u00edcolas Imb\u00e9ciles<\/strong>.<\/p>\n<p>&nbsp;<\/p>\n<p>&nbsp;<\/p>\n","protected":false},"excerpt":{"rendered":"<p>La banda espa\u00f1ola de indie rock Izal, que se fund\u00f3 en el 2010, estren\u00f3 en los pasados d\u00edas su nuevo video \u00abLos seres que me llenan\u00bb.<\/p>\n","protected":false},"author":2,"featured_media":58584,"comment_status":"open","ping_status":"open","sticky":false,"template":"","format":"standard","meta":{"footnotes":""},"categories":[1,18,17],"tags":[],"class_list":["post-58582","post","type-post","status-publish","format-standard","has-post-thumbnail","hentry","category-cultura","category-musica","category-principal"],"yoast_head":"<!-- This site is optimized with the Yoast SEO plugin v24.7 - https:\/\/yoast.com\/wordpress\/plugins\/seo\/ -->\n<title>#VL17: Izal nos platican de su nuevo video y su pr\u00f3xima presencia en el Vive &#171; Reconoce MX<\/title>\n<meta name=\"robots\" content=\"index, follow, max-snippet:-1, max-image-preview:large, max-video-preview:-1\" \/>\n<link rel=\"canonical\" href=\"http:\/\/www.reconoce.mx\/?p=58582\" \/>\n<meta property=\"og:locale\" content=\"es_ES\" \/>\n<meta property=\"og:type\" content=\"article\" \/>\n<meta property=\"og:title\" content=\"#VL17: Izal nos platican de su nuevo video y su pr\u00f3xima presencia en el Vive &#171; Reconoce MX\" \/>\n<meta property=\"og:description\" content=\"La banda espa\u00f1ola de indie rock Izal, que se fund\u00f3 en el 2010, estren\u00f3 en los pasados d\u00edas su nuevo video &quot;Los seres que me llenan&quot;.\" \/>\n<meta property=\"og:url\" content=\"http:\/\/www.reconoce.mx\/?p=58582\" \/>\n<meta property=\"og:site_name\" content=\"Reconoce MX\" \/>\n<meta property=\"article:publisher\" content=\"https:\/\/es-la.facebook.com\/ReconoceMX\/\" \/>\n<meta property=\"article:published_time\" content=\"2017-03-07T06:04:13+00:00\" \/>\n<meta property=\"og:image\" content=\"http:\/\/www.reconoce.mx\/wp-content\/uploads\/2017\/03\/izal-1.png\" \/>\n\t<meta property=\"og:image:width\" content=\"590\" \/>\n\t<meta property=\"og:image:height\" content=\"380\" \/>\n\t<meta property=\"og:image:type\" content=\"image\/png\" \/>\n<meta name=\"author\" content=\"Reconoce MX\" \/>\n<meta name=\"twitter:card\" content=\"summary_large_image\" \/>\n<meta name=\"twitter:creator\" content=\"@reconocemx\" \/>\n<meta name=\"twitter:site\" content=\"@reconocemx\" \/>\n<meta name=\"twitter:label1\" content=\"Escrito por\" \/>\n\t<meta name=\"twitter:data1\" content=\"Reconoce MX\" \/>\n\t<meta name=\"twitter:label2\" content=\"Tiempo de lectura\" \/>\n\t<meta name=\"twitter:data2\" content=\"3 minutos\" \/>\n<script type=\"application\/ld+json\" class=\"yoast-schema-graph\">{\"@context\":\"https:\/\/schema.org\",\"@graph\":[{\"@type\":\"Article\",\"@id\":\"http:\/\/www.reconoce.mx\/?p=58582#article\",\"isPartOf\":{\"@id\":\"http:\/\/www.reconoce.mx\/?p=58582\"},\"author\":{\"name\":\"Reconoce MX\",\"@id\":\"http:\/\/www.reconoce.mx\/#\/schema\/person\/2117e997d7051dc15d6880eaf9bca0b2\"},\"headline\":\"#VL17: Izal nos platican de su nuevo video y su pr\u00f3xima presencia en el Vive\",\"datePublished\":\"2017-03-07T06:04:13+00:00\",\"mainEntityOfPage\":{\"@id\":\"http:\/\/www.reconoce.mx\/?p=58582\"},\"wordCount\":587,\"commentCount\":0,\"publisher\":{\"@id\":\"http:\/\/www.reconoce.mx\/#organization\"},\"image\":{\"@id\":\"http:\/\/www.reconoce.mx\/?p=58582#primaryimage\"},\"thumbnailUrl\":\"http:\/\/www.reconoce.mx\/wp-content\/uploads\/2017\/03\/izal-1.png\",\"articleSection\":[\"Cultura\",\"M\u00fasica\",\"Principal\"],\"inLanguage\":\"es\",\"potentialAction\":[{\"@type\":\"CommentAction\",\"name\":\"Comment\",\"target\":[\"http:\/\/www.reconoce.mx\/?p=58582#respond\"]}]},{\"@type\":\"WebPage\",\"@id\":\"http:\/\/www.reconoce.mx\/?p=58582\",\"url\":\"http:\/\/www.reconoce.mx\/?p=58582\",\"name\":\"#VL17: Izal nos platican de su nuevo video y su pr\u00f3xima presencia en el Vive &#171; Reconoce MX\",\"isPartOf\":{\"@id\":\"http:\/\/www.reconoce.mx\/#website\"},\"primaryImageOfPage\":{\"@id\":\"http:\/\/www.reconoce.mx\/?p=58582#primaryimage\"},\"image\":{\"@id\":\"http:\/\/www.reconoce.mx\/?p=58582#primaryimage\"},\"thumbnailUrl\":\"http:\/\/www.reconoce.mx\/wp-content\/uploads\/2017\/03\/izal-1.png\",\"datePublished\":\"2017-03-07T06:04:13+00:00\",\"breadcrumb\":{\"@id\":\"http:\/\/www.reconoce.mx\/?p=58582#breadcrumb\"},\"inLanguage\":\"es\",\"potentialAction\":[{\"@type\":\"ReadAction\",\"target\":[\"http:\/\/www.reconoce.mx\/?p=58582\"]}]},{\"@type\":\"ImageObject\",\"inLanguage\":\"es\",\"@id\":\"http:\/\/www.reconoce.mx\/?p=58582#primaryimage\",\"url\":\"http:\/\/www.reconoce.mx\/wp-content\/uploads\/2017\/03\/izal-1.png\",\"contentUrl\":\"http:\/\/www.reconoce.mx\/wp-content\/uploads\/2017\/03\/izal-1.png\",\"width\":590,\"height\":380},{\"@type\":\"BreadcrumbList\",\"@id\":\"http:\/\/www.reconoce.mx\/?p=58582#breadcrumb\",\"itemListElement\":[{\"@type\":\"ListItem\",\"position\":1,\"name\":\"Portada\",\"item\":\"http:\/\/www.reconoce.mx\/\"},{\"@type\":\"ListItem\",\"position\":2,\"name\":\"#VL17: Izal nos platican de su nuevo video y su pr\u00f3xima presencia en el Vive\"}]},{\"@type\":\"WebSite\",\"@id\":\"http:\/\/www.reconoce.mx\/#website\",\"url\":\"http:\/\/www.reconoce.mx\/\",\"name\":\"Reconoce MX\",\"description\":\"En Reconoce MX difundimos arte, cultura y conciencia social en M\u00e9xico. Tu ciudad en otra perspectiva.\",\"publisher\":{\"@id\":\"http:\/\/www.reconoce.mx\/#organization\"},\"potentialAction\":[{\"@type\":\"SearchAction\",\"target\":{\"@type\":\"EntryPoint\",\"urlTemplate\":\"http:\/\/www.reconoce.mx\/?s={search_term_string}\"},\"query-input\":{\"@type\":\"PropertyValueSpecification\",\"valueRequired\":true,\"valueName\":\"search_term_string\"}}],\"inLanguage\":\"es\"},{\"@type\":\"Organization\",\"@id\":\"http:\/\/www.reconoce.mx\/#organization\",\"name\":\"Reconoce MX\",\"url\":\"http:\/\/www.reconoce.mx\/\",\"logo\":{\"@type\":\"ImageObject\",\"inLanguage\":\"es\",\"@id\":\"http:\/\/www.reconoce.mx\/#\/schema\/logo\/image\/\",\"url\":\"https:\/\/www.reconoce.mx\/wp-content\/uploads\/2019\/03\/logorcmx-good-1.png\",\"contentUrl\":\"https:\/\/www.reconoce.mx\/wp-content\/uploads\/2019\/03\/logorcmx-good-1.png\",\"width\":280,\"height\":90,\"caption\":\"Reconoce MX\"},\"image\":{\"@id\":\"http:\/\/www.reconoce.mx\/#\/schema\/logo\/image\/\"},\"sameAs\":[\"https:\/\/es-la.facebook.com\/ReconoceMX\/\",\"https:\/\/x.com\/reconocemx\",\"http:\/\/@reconocemx\"]},{\"@type\":\"Person\",\"@id\":\"http:\/\/www.reconoce.mx\/#\/schema\/person\/2117e997d7051dc15d6880eaf9bca0b2\",\"name\":\"Reconoce MX\",\"image\":{\"@type\":\"ImageObject\",\"inLanguage\":\"es\",\"@id\":\"http:\/\/www.reconoce.mx\/#\/schema\/person\/image\/\",\"url\":\"https:\/\/secure.gravatar.com\/avatar\/6c8d4dc7569ca1c90c5fdcc349f839d5ddef6fe1e70b4337ead2ef1a4c43fc3a?s=96&d=identicon&r=g\",\"contentUrl\":\"https:\/\/secure.gravatar.com\/avatar\/6c8d4dc7569ca1c90c5fdcc349f839d5ddef6fe1e70b4337ead2ef1a4c43fc3a?s=96&d=identicon&r=g\",\"caption\":\"Reconoce MX\"},\"description\":\"Reconoce MX es un proyecto de difusi\u00f3n art\u00edstica, cultural y de conciencia social que est\u00e1 enfocado a difundir y fomentar el entretenimiento alternativo de calidad para todo el p\u00fablico que comparta el mismo entusiasmo.\",\"sameAs\":[\"http:\/\/www.reconoce.mx\"],\"url\":\"http:\/\/www.reconoce.mx\/?author=2\"}]}<\/script>\n<!-- \/ Yoast SEO plugin. -->","yoast_head_json":{"title":"#VL17: Izal nos platican de su nuevo video y su pr\u00f3xima presencia en el Vive &#171; Reconoce MX","robots":{"index":"index","follow":"follow","max-snippet":"max-snippet:-1","max-image-preview":"max-image-preview:large","max-video-preview":"max-video-preview:-1"},"canonical":"http:\/\/www.reconoce.mx\/?p=58582","og_locale":"es_ES","og_type":"article","og_title":"#VL17: Izal nos platican de su nuevo video y su pr\u00f3xima presencia en el Vive &#171; Reconoce MX","og_description":"La banda espa\u00f1ola de indie rock Izal, que se fund\u00f3 en el 2010, estren\u00f3 en los pasados d\u00edas su nuevo video \"Los seres que me llenan\".","og_url":"http:\/\/www.reconoce.mx\/?p=58582","og_site_name":"Reconoce MX","article_publisher":"https:\/\/es-la.facebook.com\/ReconoceMX\/","article_published_time":"2017-03-07T06:04:13+00:00","og_image":[{"width":590,"height":380,"url":"http:\/\/www.reconoce.mx\/wp-content\/uploads\/2017\/03\/izal-1.png","type":"image\/png"}],"author":"Reconoce MX","twitter_card":"summary_large_image","twitter_creator":"@reconocemx","twitter_site":"@reconocemx","twitter_misc":{"Escrito por":"Reconoce MX","Tiempo de lectura":"3 minutos"},"schema":{"@context":"https:\/\/schema.org","@graph":[{"@type":"Article","@id":"http:\/\/www.reconoce.mx\/?p=58582#article","isPartOf":{"@id":"http:\/\/www.reconoce.mx\/?p=58582"},"author":{"name":"Reconoce MX","@id":"http:\/\/www.reconoce.mx\/#\/schema\/person\/2117e997d7051dc15d6880eaf9bca0b2"},"headline":"#VL17: Izal nos platican de su nuevo video y su pr\u00f3xima presencia en el Vive","datePublished":"2017-03-07T06:04:13+00:00","mainEntityOfPage":{"@id":"http:\/\/www.reconoce.mx\/?p=58582"},"wordCount":587,"commentCount":0,"publisher":{"@id":"http:\/\/www.reconoce.mx\/#organization"},"image":{"@id":"http:\/\/www.reconoce.mx\/?p=58582#primaryimage"},"thumbnailUrl":"http:\/\/www.reconoce.mx\/wp-content\/uploads\/2017\/03\/izal-1.png","articleSection":["Cultura","M\u00fasica","Principal"],"inLanguage":"es","potentialAction":[{"@type":"CommentAction","name":"Comment","target":["http:\/\/www.reconoce.mx\/?p=58582#respond"]}]},{"@type":"WebPage","@id":"http:\/\/www.reconoce.mx\/?p=58582","url":"http:\/\/www.reconoce.mx\/?p=58582","name":"#VL17: Izal nos platican de su nuevo video y su pr\u00f3xima presencia en el Vive &#171; Reconoce MX","isPartOf":{"@id":"http:\/\/www.reconoce.mx\/#website"},"primaryImageOfPage":{"@id":"http:\/\/www.reconoce.mx\/?p=58582#primaryimage"},"image":{"@id":"http:\/\/www.reconoce.mx\/?p=58582#primaryimage"},"thumbnailUrl":"http:\/\/www.reconoce.mx\/wp-content\/uploads\/2017\/03\/izal-1.png","datePublished":"2017-03-07T06:04:13+00:00","breadcrumb":{"@id":"http:\/\/www.reconoce.mx\/?p=58582#breadcrumb"},"inLanguage":"es","potentialAction":[{"@type":"ReadAction","target":["http:\/\/www.reconoce.mx\/?p=58582"]}]},{"@type":"ImageObject","inLanguage":"es","@id":"http:\/\/www.reconoce.mx\/?p=58582#primaryimage","url":"http:\/\/www.reconoce.mx\/wp-content\/uploads\/2017\/03\/izal-1.png","contentUrl":"http:\/\/www.reconoce.mx\/wp-content\/uploads\/2017\/03\/izal-1.png","width":590,"height":380},{"@type":"BreadcrumbList","@id":"http:\/\/www.reconoce.mx\/?p=58582#breadcrumb","itemListElement":[{"@type":"ListItem","position":1,"name":"Portada","item":"http:\/\/www.reconoce.mx\/"},{"@type":"ListItem","position":2,"name":"#VL17: Izal nos platican de su nuevo video y su pr\u00f3xima presencia en el Vive"}]},{"@type":"WebSite","@id":"http:\/\/www.reconoce.mx\/#website","url":"http:\/\/www.reconoce.mx\/","name":"Reconoce MX","description":"En Reconoce MX difundimos arte, cultura y conciencia social en M\u00e9xico. Tu ciudad en otra perspectiva.","publisher":{"@id":"http:\/\/www.reconoce.mx\/#organization"},"potentialAction":[{"@type":"SearchAction","target":{"@type":"EntryPoint","urlTemplate":"http:\/\/www.reconoce.mx\/?s={search_term_string}"},"query-input":{"@type":"PropertyValueSpecification","valueRequired":true,"valueName":"search_term_string"}}],"inLanguage":"es"},{"@type":"Organization","@id":"http:\/\/www.reconoce.mx\/#organization","name":"Reconoce MX","url":"http:\/\/www.reconoce.mx\/","logo":{"@type":"ImageObject","inLanguage":"es","@id":"http:\/\/www.reconoce.mx\/#\/schema\/logo\/image\/","url":"https:\/\/www.reconoce.mx\/wp-content\/uploads\/2019\/03\/logorcmx-good-1.png","contentUrl":"https:\/\/www.reconoce.mx\/wp-content\/uploads\/2019\/03\/logorcmx-good-1.png","width":280,"height":90,"caption":"Reconoce MX"},"image":{"@id":"http:\/\/www.reconoce.mx\/#\/schema\/logo\/image\/"},"sameAs":["https:\/\/es-la.facebook.com\/ReconoceMX\/","https:\/\/x.com\/reconocemx","http:\/\/@reconocemx"]},{"@type":"Person","@id":"http:\/\/www.reconoce.mx\/#\/schema\/person\/2117e997d7051dc15d6880eaf9bca0b2","name":"Reconoce MX","image":{"@type":"ImageObject","inLanguage":"es","@id":"http:\/\/www.reconoce.mx\/#\/schema\/person\/image\/","url":"https:\/\/secure.gravatar.com\/avatar\/6c8d4dc7569ca1c90c5fdcc349f839d5ddef6fe1e70b4337ead2ef1a4c43fc3a?s=96&d=identicon&r=g","contentUrl":"https:\/\/secure.gravatar.com\/avatar\/6c8d4dc7569ca1c90c5fdcc349f839d5ddef6fe1e70b4337ead2ef1a4c43fc3a?s=96&d=identicon&r=g","caption":"Reconoce MX"},"description":"Reconoce MX es un proyecto de difusi\u00f3n art\u00edstica, cultural y de conciencia social que est\u00e1 enfocado a difundir y fomentar el entretenimiento alternativo de calidad para todo el p\u00fablico que comparta el mismo entusiasmo.","sameAs":["http:\/\/www.reconoce.mx"],"url":"http:\/\/www.reconoce.mx\/?author=2"}]}},"_links":{"self":[{"href":"http:\/\/www.reconoce.mx\/index.php?rest_route=\/wp\/v2\/posts\/58582","targetHints":{"allow":["GET"]}}],"collection":[{"href":"http:\/\/www.reconoce.mx\/index.php?rest_route=\/wp\/v2\/posts"}],"about":[{"href":"http:\/\/www.reconoce.mx\/index.php?rest_route=\/wp\/v2\/types\/post"}],"author":[{"embeddable":true,"href":"http:\/\/www.reconoce.mx\/index.php?rest_route=\/wp\/v2\/users\/2"}],"replies":[{"embeddable":true,"href":"http:\/\/www.reconoce.mx\/index.php?rest_route=%2Fwp%2Fv2%2Fcomments&post=58582"}],"version-history":[{"count":6,"href":"http:\/\/www.reconoce.mx\/index.php?rest_route=\/wp\/v2\/posts\/58582\/revisions"}],"predecessor-version":[{"id":58796,"href":"http:\/\/www.reconoce.mx\/index.php?rest_route=\/wp\/v2\/posts\/58582\/revisions\/58796"}],"wp:featuredmedia":[{"embeddable":true,"href":"http:\/\/www.reconoce.mx\/index.php?rest_route=\/wp\/v2\/media\/58584"}],"wp:attachment":[{"href":"http:\/\/www.reconoce.mx\/index.php?rest_route=%2Fwp%2Fv2%2Fmedia&parent=58582"}],"wp:term":[{"taxonomy":"category","embeddable":true,"href":"http:\/\/www.reconoce.mx\/index.php?rest_route=%2Fwp%2Fv2%2Fcategories&post=58582"},{"taxonomy":"post_tag","embeddable":true,"href":"http:\/\/www.reconoce.mx\/index.php?rest_route=%2Fwp%2Fv2%2Ftags&post=58582"}],"curies":[{"name":"wp","href":"https:\/\/api.w.org\/{rel}","templated":true}]}}