{"id":58587,"date":"2017-03-07T00:05:15","date_gmt":"2017-03-07T06:05:15","guid":{"rendered":"http:\/\/www.reconoce.mx\/?p=58587"},"modified":"2017-03-06T09:09:13","modified_gmt":"2017-03-06T15:09:13","slug":"tango-que-me-hiciste-mal","status":"publish","type":"post","link":"http:\/\/www.reconoce.mx\/?p=58587","title":{"rendered":"Tango que me hiciste mal&#8230;"},"content":{"rendered":"<p><a href=\"http:\/\/www.reconoce.mx\/category\/columnistas\/\"><img loading=\"lazy\" decoding=\"async\" class=\"aligncenter size-full wp-image-40651\" src=\"http:\/\/www.reconoce.mx\/wp-content\/uploads\/2015\/09\/ColumnistaRCMX.png\" alt=\"Columnistainvitado\" width=\"570\" height=\"70\" \/><\/a><strong><br \/>\nPor <a href=\"https:\/\/twitter.com\/stompin_savoy\" target=\"_blank\">Paty Caratozzolo<\/a><\/strong>.<\/p>\n<p style=\"text-align: right;\">\u00abTango que me hiciste mal y que, sin embargo quiero, porque sos el mensajero del alma del arrabal; no s\u00e9 qu\u00e9 encanto fatal tiene tu nota sentida, que la mistonga guarida del coraz\u00f3n se me ensancha, como pidi\u00e9ndole cancha al dolor que hay en mi vida.\u00bb \u00abApolog\u00eda del tango\u00bb, poema de <strong>Enrique Maroni<\/strong>.<\/p>\n<p>Todo el mundo conoce el tango y tiene una imagen grabada en la retina de la pareja bailando: \u00e9l con traje oscuro y sombrero, ella con falda corta y medias de red. Pero el tango no es s\u00f3lo baile pero s\u00ed es siempre poes\u00eda viva.<\/p>\n<p>El tango es naturalmente argentino, o por lo menos lo es naturalmente en el imaginario colectivo, para desgracia de la hermana Rep\u00fablica del Uruguay -que qued\u00f3 eclipsada para siempre- por m\u00e1s acta de nacimiento autenticada de <strong>Carlos Gardel<\/strong> que saquen a relucir peri\u00f3dicamente.<\/p>\n<p><a href=\"http:\/\/www.reconoce.mx\/wp-content\/uploads\/2017\/03\/Fileteado-Carlos-Gardel.jpg\"><img loading=\"lazy\" decoding=\"async\" class=\"aligncenter size-full wp-image-58588\" src=\"http:\/\/www.reconoce.mx\/wp-content\/uploads\/2017\/03\/Fileteado-Carlos-Gardel.jpg\" alt=\"\" width=\"1372\" height=\"1376\" srcset=\"http:\/\/www.reconoce.mx\/wp-content\/uploads\/2017\/03\/Fileteado-Carlos-Gardel.jpg 1372w, http:\/\/www.reconoce.mx\/wp-content\/uploads\/2017\/03\/Fileteado-Carlos-Gardel-150x150.jpg 150w, http:\/\/www.reconoce.mx\/wp-content\/uploads\/2017\/03\/Fileteado-Carlos-Gardel-300x301.jpg 300w, http:\/\/www.reconoce.mx\/wp-content\/uploads\/2017\/03\/Fileteado-Carlos-Gardel-768x770.jpg 768w, http:\/\/www.reconoce.mx\/wp-content\/uploads\/2017\/03\/Fileteado-Carlos-Gardel-1021x1024.jpg 1021w, http:\/\/www.reconoce.mx\/wp-content\/uploads\/2017\/03\/Fileteado-Carlos-Gardel-65x65.jpg 65w, http:\/\/www.reconoce.mx\/wp-content\/uploads\/2017\/03\/Fileteado-Carlos-Gardel-700x702.jpg 700w, http:\/\/www.reconoce.mx\/wp-content\/uploads\/2017\/03\/Fileteado-Carlos-Gardel-658x660.jpg 658w\" sizes=\"auto, (max-width: 1372px) 100vw, 1372px\" \/><\/a><\/p>\n<p style=\"text-align: right;\"><strong>Carlos Gardel<\/strong> con marco fileteado (arte popular <strong>Patrimonio Cultural de la Humanidad<\/strong>).<\/p>\n<p>Porque \u00bfqu\u00e9 es el tango al fin y al cabo? No se puede explicar porque pierde el chiste, se siente o no se siente, no puedes ponerle un documento y decir es esto y es de aqu\u00ed. El tango es la forma que tom\u00f3 toda la vastedad, la melancol\u00eda y el sentido tr\u00e1gico de la vida para aquellos que tuvieron que sobrevivir a principios del siglo XX en el mism\u00edsimo cono sur, m\u00e1s de este lado que de aquel del impetuoso R\u00edo de la Plata.<\/p>\n<p>El tango fermenta originalmente en una zona bien precisa de Buenos Aires, y se hace carne en el habitante del puerto, inmigrante pobre y nost\u00e1lgico que llega para hacerse la am\u00e9rica y descubre su propia infinita soledad y vulnerabilidad. Es ese hombre que vive en un m\u00edsero cuchitril, que trabaja de sol a sol por un salario de hambre codo con codo con otros hombres que hablan diferente y que tambi\u00e9n est\u00e1n solos. Y entonces el tango se hace lunfardo, ese dialecto porte\u00f1o, idioma escaso que surge en los bajos fondos del m\u00e1s bajo mundo; en las c\u00e1rceles, y que hace met\u00e1stasis entre la pobreza y el olvido. A las palabras inventadas para burlar la ley se suman las palabras transformadas del genov\u00e9s, del piamont\u00e9s, del siciliano, hasta del franc\u00e9s, y en ese ambiente de babel porte\u00f1a es que se dice: s\u00f3lo hablando mal nos entendemos bien.<\/p>\n<style>.embed-container { position: relative; padding-bottom: 56.25%; height: 0; overflow: hidden; max-width: 100%; } .embed-container iframe, .embed-container object, .embed-container embed { position: absolute; top: 0; left: 0; width: 100%; height: 100%; }<\/style>\n<div class=\"embed-container\"><iframe loading=\"lazy\" src=\"https:\/\/www.youtube.com\/embed\/6n3t8Zxkivs\" width=\"300\" height=\"150\" frameborder=\"0\" allowfullscreen=\"allowfullscreen\"><\/iframe><\/div>\n<p>&nbsp;<\/p>\n<p style=\"text-align: right;\">\u00abLa cumparsita\u00bb (1924), con m\u00fasica de <strong>Gerardo Matos<\/strong>.<\/p>\n<p>A esa mescolanza hubo que agregar otro fen\u00f3meno, que incluso llam\u00f3 la atenci\u00f3n de <strong>Alfonso Reyes<\/strong>: el de dar vuelta las palabras. As\u00ed pa\u00eds se convirti\u00f3 en ispa, mujer en jermu, calle en lleca y c\u00f3mo no, \u00a1tango en got\u00e1n! Hablar al rev\u00e9s fue una especie de reacci\u00f3n patol\u00f3gica de odio de clases y de rebeli\u00f3n de los arrabales para burlarse de aquellos que hablaban pomposamente y se cre\u00edan en la capital m\u00e1s austral de Europa.<\/p>\n<p>El tango nace as\u00ed miserable, crece despreciado y clandestino y termina haci\u00e9ndose leyenda de lo ex\u00f3tico, en Finlandia o en Jap\u00f3n\u2026 pero esa ya es otra historia.<\/p>\n<p style=\"text-align: right;\">Portada: Fotograma de \u00ab\u00bfBailamos?\u00bb (2004), con <strong>Jennifer L\u00f3pez<\/strong> y <strong>Richard Gere<\/strong>.<\/p>\n<blockquote><p><a href=\"http:\/\/www.reconoce.mx\/wp-content\/uploads\/2015\/08\/IMG_5743.jpg\" rel=\"lightbox[57990]\"><img loading=\"lazy\" decoding=\"async\" class=\"alignleft size-thumbnail wp-image-39872\" src=\"http:\/\/www.reconoce.mx\/wp-content\/uploads\/2015\/08\/IMG_5743-150x150.jpg\" sizes=\"auto, (max-width: 150px) 100vw, 150px\" srcset=\"http:\/\/www.reconoce.mx\/wp-content\/uploads\/2015\/08\/IMG_5743-150x150.jpg 150w, http:\/\/www.reconoce.mx\/wp-content\/uploads\/2015\/08\/IMG_5743-300x300.jpg 300w, http:\/\/www.reconoce.mx\/wp-content\/uploads\/2015\/08\/IMG_5743-65x65.jpg 65w, http:\/\/www.reconoce.mx\/wp-content\/uploads\/2015\/08\/IMG_5743.jpg 460w\" alt=\"IMG_5743\" width=\"150\" height=\"150\" \/><\/a><strong>Paty Caratozzolo<\/strong>. Quisiera cantar \u201cFeeling good\u201d como la Simone o de perdida \u201cLet\u2019s do it\u201d como la Fitzgerald. Algunas veces se lamenta quedito como la Dido de Purcell y otras llora a moco tendido como la Alcina de Haendel. El resto del tiempo anda con la mirada hundida en los paisajes brumosos de Turner y los dedos imaginando la tersura de cualquier escultura de Bernini. Prefiere el plano holand\u00e9s al caf\u00e9 americano, y la compa\u00f1\u00eda de un bar\u00edtono italiano al mejor <em>widget <\/em>de su celular japon\u00e9s. Y definitivamente, si naufragara cerca de una isla desierta y pudiera llevarse un solo libro\u2026 \u00a1preferir\u00eda hundirse<em> full fathom five<\/em>!<\/p><\/blockquote>\n<p>&nbsp;<\/p>\n<p>&nbsp;<\/p>\n","protected":false},"excerpt":{"rendered":"<p>Todo el mundo conoce el tango y tiene una imagen grabada en la retina de la pareja bailando: \u00e9l con traje oscuro y sombrero, ella con falda corta y medias de red. Pero el tango no es s\u00f3lo baile pero s\u00ed es siempre poes\u00eda viva.<\/p>\n","protected":false},"author":2,"featured_media":58589,"comment_status":"open","ping_status":"open","sticky":false,"template":"","format":"standard","meta":{"footnotes":""},"categories":[16,2608,17],"tags":[],"class_list":["post-58587","post","type-post","status-publish","format-standard","has-post-thumbnail","hentry","category-columnistas","category-paty-caratozzolo","category-principal"],"yoast_head":"<!-- This site is optimized with the Yoast SEO plugin v24.7 - https:\/\/yoast.com\/wordpress\/plugins\/seo\/ -->\n<title>Tango que me hiciste mal... &#171; Reconoce MX<\/title>\n<meta name=\"robots\" content=\"index, follow, max-snippet:-1, max-image-preview:large, max-video-preview:-1\" \/>\n<link rel=\"canonical\" href=\"https:\/\/www.reconoce.mx\/?p=58587\" \/>\n<meta property=\"og:locale\" content=\"es_ES\" \/>\n<meta property=\"og:type\" content=\"article\" \/>\n<meta property=\"og:title\" content=\"Tango que me hiciste mal... &#171; Reconoce MX\" \/>\n<meta property=\"og:description\" content=\"Todo el mundo conoce el tango y tiene una imagen grabada en la retina de la pareja bailando: \u00e9l con traje oscuro y sombrero, ella con falda corta y medias de red. Pero el tango no es s\u00f3lo baile pero s\u00ed es siempre poes\u00eda viva.\" \/>\n<meta property=\"og:url\" content=\"https:\/\/www.reconoce.mx\/?p=58587\" \/>\n<meta property=\"og:site_name\" content=\"Reconoce MX\" \/>\n<meta property=\"article:publisher\" content=\"https:\/\/es-la.facebook.com\/ReconoceMX\/\" \/>\n<meta property=\"article:published_time\" content=\"2017-03-07T06:05:15+00:00\" \/>\n<meta property=\"og:image\" content=\"https:\/\/www.reconoce.mx\/wp-content\/uploads\/2017\/03\/shall-we-dance-1.png\" \/>\n\t<meta property=\"og:image:width\" content=\"590\" \/>\n\t<meta property=\"og:image:height\" content=\"380\" \/>\n\t<meta property=\"og:image:type\" content=\"image\/png\" \/>\n<meta name=\"author\" content=\"Reconoce MX\" \/>\n<meta name=\"twitter:card\" content=\"summary_large_image\" \/>\n<meta name=\"twitter:creator\" content=\"@reconocemx\" \/>\n<meta name=\"twitter:site\" content=\"@reconocemx\" \/>\n<meta name=\"twitter:label1\" content=\"Escrito por\" \/>\n\t<meta name=\"twitter:data1\" content=\"Reconoce MX\" \/>\n\t<meta name=\"twitter:label2\" content=\"Tiempo de lectura\" \/>\n\t<meta name=\"twitter:data2\" content=\"3 minutos\" \/>\n<script type=\"application\/ld+json\" class=\"yoast-schema-graph\">{\"@context\":\"https:\/\/schema.org\",\"@graph\":[{\"@type\":\"Article\",\"@id\":\"https:\/\/www.reconoce.mx\/?p=58587#article\",\"isPartOf\":{\"@id\":\"https:\/\/www.reconoce.mx\/?p=58587\"},\"author\":{\"name\":\"Reconoce MX\",\"@id\":\"http:\/\/www.reconoce.mx\/#\/schema\/person\/2117e997d7051dc15d6880eaf9bca0b2\"},\"headline\":\"Tango que me hiciste mal&#8230;\",\"datePublished\":\"2017-03-07T06:05:15+00:00\",\"mainEntityOfPage\":{\"@id\":\"https:\/\/www.reconoce.mx\/?p=58587\"},\"wordCount\":671,\"commentCount\":0,\"publisher\":{\"@id\":\"http:\/\/www.reconoce.mx\/#organization\"},\"image\":{\"@id\":\"https:\/\/www.reconoce.mx\/?p=58587#primaryimage\"},\"thumbnailUrl\":\"http:\/\/www.reconoce.mx\/wp-content\/uploads\/2017\/03\/shall-we-dance-1.png\",\"articleSection\":[\"Columnistas\",\"Paty Caratozzolo\",\"Principal\"],\"inLanguage\":\"es\",\"potentialAction\":[{\"@type\":\"CommentAction\",\"name\":\"Comment\",\"target\":[\"https:\/\/www.reconoce.mx\/?p=58587#respond\"]}]},{\"@type\":\"WebPage\",\"@id\":\"https:\/\/www.reconoce.mx\/?p=58587\",\"url\":\"https:\/\/www.reconoce.mx\/?p=58587\",\"name\":\"Tango que me hiciste mal... &#171; Reconoce MX\",\"isPartOf\":{\"@id\":\"http:\/\/www.reconoce.mx\/#website\"},\"primaryImageOfPage\":{\"@id\":\"https:\/\/www.reconoce.mx\/?p=58587#primaryimage\"},\"image\":{\"@id\":\"https:\/\/www.reconoce.mx\/?p=58587#primaryimage\"},\"thumbnailUrl\":\"http:\/\/www.reconoce.mx\/wp-content\/uploads\/2017\/03\/shall-we-dance-1.png\",\"datePublished\":\"2017-03-07T06:05:15+00:00\",\"breadcrumb\":{\"@id\":\"https:\/\/www.reconoce.mx\/?p=58587#breadcrumb\"},\"inLanguage\":\"es\",\"potentialAction\":[{\"@type\":\"ReadAction\",\"target\":[\"https:\/\/www.reconoce.mx\/?p=58587\"]}]},{\"@type\":\"ImageObject\",\"inLanguage\":\"es\",\"@id\":\"https:\/\/www.reconoce.mx\/?p=58587#primaryimage\",\"url\":\"http:\/\/www.reconoce.mx\/wp-content\/uploads\/2017\/03\/shall-we-dance-1.png\",\"contentUrl\":\"http:\/\/www.reconoce.mx\/wp-content\/uploads\/2017\/03\/shall-we-dance-1.png\",\"width\":590,\"height\":380},{\"@type\":\"BreadcrumbList\",\"@id\":\"https:\/\/www.reconoce.mx\/?p=58587#breadcrumb\",\"itemListElement\":[{\"@type\":\"ListItem\",\"position\":1,\"name\":\"Portada\",\"item\":\"http:\/\/www.reconoce.mx\/\"},{\"@type\":\"ListItem\",\"position\":2,\"name\":\"Tango que me hiciste mal&#8230;\"}]},{\"@type\":\"WebSite\",\"@id\":\"http:\/\/www.reconoce.mx\/#website\",\"url\":\"http:\/\/www.reconoce.mx\/\",\"name\":\"Reconoce MX\",\"description\":\"En Reconoce MX difundimos arte, cultura y conciencia social en M\u00e9xico. Tu ciudad en otra perspectiva.\",\"publisher\":{\"@id\":\"http:\/\/www.reconoce.mx\/#organization\"},\"potentialAction\":[{\"@type\":\"SearchAction\",\"target\":{\"@type\":\"EntryPoint\",\"urlTemplate\":\"http:\/\/www.reconoce.mx\/?s={search_term_string}\"},\"query-input\":{\"@type\":\"PropertyValueSpecification\",\"valueRequired\":true,\"valueName\":\"search_term_string\"}}],\"inLanguage\":\"es\"},{\"@type\":\"Organization\",\"@id\":\"http:\/\/www.reconoce.mx\/#organization\",\"name\":\"Reconoce MX\",\"url\":\"http:\/\/www.reconoce.mx\/\",\"logo\":{\"@type\":\"ImageObject\",\"inLanguage\":\"es\",\"@id\":\"http:\/\/www.reconoce.mx\/#\/schema\/logo\/image\/\",\"url\":\"https:\/\/www.reconoce.mx\/wp-content\/uploads\/2019\/03\/logorcmx-good-1.png\",\"contentUrl\":\"https:\/\/www.reconoce.mx\/wp-content\/uploads\/2019\/03\/logorcmx-good-1.png\",\"width\":280,\"height\":90,\"caption\":\"Reconoce MX\"},\"image\":{\"@id\":\"http:\/\/www.reconoce.mx\/#\/schema\/logo\/image\/\"},\"sameAs\":[\"https:\/\/es-la.facebook.com\/ReconoceMX\/\",\"https:\/\/x.com\/reconocemx\",\"http:\/\/@reconocemx\"]},{\"@type\":\"Person\",\"@id\":\"http:\/\/www.reconoce.mx\/#\/schema\/person\/2117e997d7051dc15d6880eaf9bca0b2\",\"name\":\"Reconoce MX\",\"image\":{\"@type\":\"ImageObject\",\"inLanguage\":\"es\",\"@id\":\"http:\/\/www.reconoce.mx\/#\/schema\/person\/image\/\",\"url\":\"https:\/\/secure.gravatar.com\/avatar\/6c8d4dc7569ca1c90c5fdcc349f839d5ddef6fe1e70b4337ead2ef1a4c43fc3a?s=96&d=identicon&r=g\",\"contentUrl\":\"https:\/\/secure.gravatar.com\/avatar\/6c8d4dc7569ca1c90c5fdcc349f839d5ddef6fe1e70b4337ead2ef1a4c43fc3a?s=96&d=identicon&r=g\",\"caption\":\"Reconoce MX\"},\"description\":\"Reconoce MX es un proyecto de difusi\u00f3n art\u00edstica, cultural y de conciencia social que est\u00e1 enfocado a difundir y fomentar el entretenimiento alternativo de calidad para todo el p\u00fablico que comparta el mismo entusiasmo.\",\"sameAs\":[\"http:\/\/www.reconoce.mx\"],\"url\":\"http:\/\/www.reconoce.mx\/?author=2\"}]}<\/script>\n<!-- \/ Yoast SEO plugin. -->","yoast_head_json":{"title":"Tango que me hiciste mal... &#171; Reconoce MX","robots":{"index":"index","follow":"follow","max-snippet":"max-snippet:-1","max-image-preview":"max-image-preview:large","max-video-preview":"max-video-preview:-1"},"canonical":"https:\/\/www.reconoce.mx\/?p=58587","og_locale":"es_ES","og_type":"article","og_title":"Tango que me hiciste mal... &#171; Reconoce MX","og_description":"Todo el mundo conoce el tango y tiene una imagen grabada en la retina de la pareja bailando: \u00e9l con traje oscuro y sombrero, ella con falda corta y medias de red. Pero el tango no es s\u00f3lo baile pero s\u00ed es siempre poes\u00eda viva.","og_url":"https:\/\/www.reconoce.mx\/?p=58587","og_site_name":"Reconoce MX","article_publisher":"https:\/\/es-la.facebook.com\/ReconoceMX\/","article_published_time":"2017-03-07T06:05:15+00:00","og_image":[{"width":590,"height":380,"url":"https:\/\/www.reconoce.mx\/wp-content\/uploads\/2017\/03\/shall-we-dance-1.png","type":"image\/png"}],"author":"Reconoce MX","twitter_card":"summary_large_image","twitter_creator":"@reconocemx","twitter_site":"@reconocemx","twitter_misc":{"Escrito por":"Reconoce MX","Tiempo de lectura":"3 minutos"},"schema":{"@context":"https:\/\/schema.org","@graph":[{"@type":"Article","@id":"https:\/\/www.reconoce.mx\/?p=58587#article","isPartOf":{"@id":"https:\/\/www.reconoce.mx\/?p=58587"},"author":{"name":"Reconoce MX","@id":"http:\/\/www.reconoce.mx\/#\/schema\/person\/2117e997d7051dc15d6880eaf9bca0b2"},"headline":"Tango que me hiciste mal&#8230;","datePublished":"2017-03-07T06:05:15+00:00","mainEntityOfPage":{"@id":"https:\/\/www.reconoce.mx\/?p=58587"},"wordCount":671,"commentCount":0,"publisher":{"@id":"http:\/\/www.reconoce.mx\/#organization"},"image":{"@id":"https:\/\/www.reconoce.mx\/?p=58587#primaryimage"},"thumbnailUrl":"http:\/\/www.reconoce.mx\/wp-content\/uploads\/2017\/03\/shall-we-dance-1.png","articleSection":["Columnistas","Paty Caratozzolo","Principal"],"inLanguage":"es","potentialAction":[{"@type":"CommentAction","name":"Comment","target":["https:\/\/www.reconoce.mx\/?p=58587#respond"]}]},{"@type":"WebPage","@id":"https:\/\/www.reconoce.mx\/?p=58587","url":"https:\/\/www.reconoce.mx\/?p=58587","name":"Tango que me hiciste mal... &#171; Reconoce MX","isPartOf":{"@id":"http:\/\/www.reconoce.mx\/#website"},"primaryImageOfPage":{"@id":"https:\/\/www.reconoce.mx\/?p=58587#primaryimage"},"image":{"@id":"https:\/\/www.reconoce.mx\/?p=58587#primaryimage"},"thumbnailUrl":"http:\/\/www.reconoce.mx\/wp-content\/uploads\/2017\/03\/shall-we-dance-1.png","datePublished":"2017-03-07T06:05:15+00:00","breadcrumb":{"@id":"https:\/\/www.reconoce.mx\/?p=58587#breadcrumb"},"inLanguage":"es","potentialAction":[{"@type":"ReadAction","target":["https:\/\/www.reconoce.mx\/?p=58587"]}]},{"@type":"ImageObject","inLanguage":"es","@id":"https:\/\/www.reconoce.mx\/?p=58587#primaryimage","url":"http:\/\/www.reconoce.mx\/wp-content\/uploads\/2017\/03\/shall-we-dance-1.png","contentUrl":"http:\/\/www.reconoce.mx\/wp-content\/uploads\/2017\/03\/shall-we-dance-1.png","width":590,"height":380},{"@type":"BreadcrumbList","@id":"https:\/\/www.reconoce.mx\/?p=58587#breadcrumb","itemListElement":[{"@type":"ListItem","position":1,"name":"Portada","item":"http:\/\/www.reconoce.mx\/"},{"@type":"ListItem","position":2,"name":"Tango que me hiciste mal&#8230;"}]},{"@type":"WebSite","@id":"http:\/\/www.reconoce.mx\/#website","url":"http:\/\/www.reconoce.mx\/","name":"Reconoce MX","description":"En Reconoce MX difundimos arte, cultura y conciencia social en M\u00e9xico. Tu ciudad en otra perspectiva.","publisher":{"@id":"http:\/\/www.reconoce.mx\/#organization"},"potentialAction":[{"@type":"SearchAction","target":{"@type":"EntryPoint","urlTemplate":"http:\/\/www.reconoce.mx\/?s={search_term_string}"},"query-input":{"@type":"PropertyValueSpecification","valueRequired":true,"valueName":"search_term_string"}}],"inLanguage":"es"},{"@type":"Organization","@id":"http:\/\/www.reconoce.mx\/#organization","name":"Reconoce MX","url":"http:\/\/www.reconoce.mx\/","logo":{"@type":"ImageObject","inLanguage":"es","@id":"http:\/\/www.reconoce.mx\/#\/schema\/logo\/image\/","url":"https:\/\/www.reconoce.mx\/wp-content\/uploads\/2019\/03\/logorcmx-good-1.png","contentUrl":"https:\/\/www.reconoce.mx\/wp-content\/uploads\/2019\/03\/logorcmx-good-1.png","width":280,"height":90,"caption":"Reconoce MX"},"image":{"@id":"http:\/\/www.reconoce.mx\/#\/schema\/logo\/image\/"},"sameAs":["https:\/\/es-la.facebook.com\/ReconoceMX\/","https:\/\/x.com\/reconocemx","http:\/\/@reconocemx"]},{"@type":"Person","@id":"http:\/\/www.reconoce.mx\/#\/schema\/person\/2117e997d7051dc15d6880eaf9bca0b2","name":"Reconoce MX","image":{"@type":"ImageObject","inLanguage":"es","@id":"http:\/\/www.reconoce.mx\/#\/schema\/person\/image\/","url":"https:\/\/secure.gravatar.com\/avatar\/6c8d4dc7569ca1c90c5fdcc349f839d5ddef6fe1e70b4337ead2ef1a4c43fc3a?s=96&d=identicon&r=g","contentUrl":"https:\/\/secure.gravatar.com\/avatar\/6c8d4dc7569ca1c90c5fdcc349f839d5ddef6fe1e70b4337ead2ef1a4c43fc3a?s=96&d=identicon&r=g","caption":"Reconoce MX"},"description":"Reconoce MX es un proyecto de difusi\u00f3n art\u00edstica, cultural y de conciencia social que est\u00e1 enfocado a difundir y fomentar el entretenimiento alternativo de calidad para todo el p\u00fablico que comparta el mismo entusiasmo.","sameAs":["http:\/\/www.reconoce.mx"],"url":"http:\/\/www.reconoce.mx\/?author=2"}]}},"_links":{"self":[{"href":"http:\/\/www.reconoce.mx\/index.php?rest_route=\/wp\/v2\/posts\/58587","targetHints":{"allow":["GET"]}}],"collection":[{"href":"http:\/\/www.reconoce.mx\/index.php?rest_route=\/wp\/v2\/posts"}],"about":[{"href":"http:\/\/www.reconoce.mx\/index.php?rest_route=\/wp\/v2\/types\/post"}],"author":[{"embeddable":true,"href":"http:\/\/www.reconoce.mx\/index.php?rest_route=\/wp\/v2\/users\/2"}],"replies":[{"embeddable":true,"href":"http:\/\/www.reconoce.mx\/index.php?rest_route=%2Fwp%2Fv2%2Fcomments&post=58587"}],"version-history":[{"count":4,"href":"http:\/\/www.reconoce.mx\/index.php?rest_route=\/wp\/v2\/posts\/58587\/revisions"}],"predecessor-version":[{"id":58593,"href":"http:\/\/www.reconoce.mx\/index.php?rest_route=\/wp\/v2\/posts\/58587\/revisions\/58593"}],"wp:featuredmedia":[{"embeddable":true,"href":"http:\/\/www.reconoce.mx\/index.php?rest_route=\/wp\/v2\/media\/58589"}],"wp:attachment":[{"href":"http:\/\/www.reconoce.mx\/index.php?rest_route=%2Fwp%2Fv2%2Fmedia&parent=58587"}],"wp:term":[{"taxonomy":"category","embeddable":true,"href":"http:\/\/www.reconoce.mx\/index.php?rest_route=%2Fwp%2Fv2%2Fcategories&post=58587"},{"taxonomy":"post_tag","embeddable":true,"href":"http:\/\/www.reconoce.mx\/index.php?rest_route=%2Fwp%2Fv2%2Ftags&post=58587"}],"curies":[{"name":"wp","href":"https:\/\/api.w.org\/{rel}","templated":true}]}}