{"id":58635,"date":"2017-03-08T00:03:32","date_gmt":"2017-03-08T06:03:32","guid":{"rendered":"http:\/\/www.reconoce.mx\/?p=58635"},"modified":"2017-03-06T09:13:17","modified_gmt":"2017-03-06T15:13:17","slug":"kong-la-isla-calavera-el-regreso-del-rey","status":"publish","type":"post","link":"http:\/\/www.reconoce.mx\/?p=58635","title":{"rendered":"\u00abKong: La Isla Calavera\u00bb, el regreso del Rey"},"content":{"rendered":"<p><strong>Por <a href=\"https:\/\/twitter.com\/arigato30\" target=\"_blank\">Ligiaele<\/a><\/strong>.<\/p>\n<p>\u00abKong: La Isla Calavera\u00bb es parte del proyecto de <strong>Legendary<\/strong> y <strong>Warner<\/strong> para revivir a los monstruos m\u00e1s representativos de las viejas y cl\u00e1sicas pel\u00edculas.<\/p>\n<p><a href=\"http:\/\/www.reconoce.mx\/wp-content\/uploads\/2017\/03\/kong-skull-island-poster.png\"><img loading=\"lazy\" decoding=\"async\" class=\"aligncenter size-full wp-image-58709\" src=\"http:\/\/www.reconoce.mx\/wp-content\/uploads\/2017\/03\/kong-skull-island-poster.png\" alt=\"\" width=\"776\" height=\"1152\" srcset=\"http:\/\/www.reconoce.mx\/wp-content\/uploads\/2017\/03\/kong-skull-island-poster.png 776w, http:\/\/www.reconoce.mx\/wp-content\/uploads\/2017\/03\/kong-skull-island-poster-202x300.png 202w, http:\/\/www.reconoce.mx\/wp-content\/uploads\/2017\/03\/kong-skull-island-poster-768x1140.png 768w, http:\/\/www.reconoce.mx\/wp-content\/uploads\/2017\/03\/kong-skull-island-poster-690x1024.png 690w, http:\/\/www.reconoce.mx\/wp-content\/uploads\/2017\/03\/kong-skull-island-poster-150x223.png 150w, http:\/\/www.reconoce.mx\/wp-content\/uploads\/2017\/03\/kong-skull-island-poster-700x1039.png 700w, http:\/\/www.reconoce.mx\/wp-content\/uploads\/2017\/03\/kong-skull-island-poster-658x977.png 658w, http:\/\/www.reconoce.mx\/wp-content\/uploads\/2017\/03\/kong-skull-island-poster-300x445.png 300w\" sizes=\"auto, (max-width: 776px) 100vw, 776px\" \/><\/a><\/p>\n<p>Con una inversi\u00f3n de 190 millones de d\u00f3lares y un casting que incluye los talentos de <strong>Samuel L. Jackson<\/strong>, <strong>John Godman<\/strong>, <strong>John C. Reilly<\/strong>, <strong>Tom Hiddleston<\/strong> y <strong>Brie Larson<\/strong> -\u00e9stos \u00faltimos muy probablemente coincidan de nuevo pero en las pel\u00edculas del universo Marvel-, \u00abKong: La Isla Calavera\u00bb es una pieza m\u00e1s en la ambiciosa serie de cintas sobre monstruos.<\/p>\n<p>La pel\u00edcula nos lleva a finales de la Segunda Guerra Mundial para dejarnos la existencia de la isla como precedente; y de ah\u00ed llevarnos a los a\u00f1os 70, en donde Bill Randa (<strong>John Godman<\/strong>) consigue el presupuesto y apoyo necesario por parte de un senador de Estados Unidos, para realizar la exploraci\u00f3n de dicha isla que despert\u00f3 su inter\u00e9s por ataques a barcos que navegaron muy cerca de ella.<\/p>\n<p><a href=\"http:\/\/www.reconoce.mx\/wp-content\/uploads\/2017\/03\/kong-skull-island-2.png\"><img loading=\"lazy\" decoding=\"async\" class=\"aligncenter size-full wp-image-58708\" src=\"http:\/\/www.reconoce.mx\/wp-content\/uploads\/2017\/03\/kong-skull-island-2.png\" alt=\"\" width=\"590\" height=\"380\" srcset=\"http:\/\/www.reconoce.mx\/wp-content\/uploads\/2017\/03\/kong-skull-island-2.png 590w, http:\/\/www.reconoce.mx\/wp-content\/uploads\/2017\/03\/kong-skull-island-2-300x193.png 300w, http:\/\/www.reconoce.mx\/wp-content\/uploads\/2017\/03\/kong-skull-island-2-150x97.png 150w\" sizes=\"auto, (max-width: 590px) 100vw, 590px\" \/><\/a><\/p>\n<p>En su equipo de exploraci\u00f3n contar\u00e1 con el apoyo de un batall\u00f3n comandado por Preston Packard (<strong>Samuel L. Jackson<\/strong>), un capit\u00e1n ingl\u00e9s ya retirado llamado James Conrad (<strong>Tom Hiddleston<\/strong>) y una fot\u00f3grafa de guerra (<strong>Brie Larson<\/strong>), adem\u00e1s de ge\u00f3logos para el reconocimiento de la isla en donde no solamente encontrar\u00e1n a <strong>King Kong<\/strong>, sino tambi\u00e9n a varias criaturas igual de sorprendentes, y algunas de ellas nada agradables.<\/p>\n<p>La fotograf\u00eda es hermosa, parte del rodaje se realiz\u00f3 en Hawaii y otra parte en Australia; tambi\u00e9n algunas escenas en Honolul\u00fa. La direcci\u00f3n estuvo a cargo de\u00a0<strong>Jordan Vogt-Roberts<\/strong> quien ha dirigido la serie \u00abDeath Valley\u00bb.<\/p>\n<style>.embed-container { position: relative; padding-bottom: 56.25%; height: 0; overflow: hidden; max-width: 100%; } .embed-container iframe, .embed-container object, .embed-container embed { position: absolute; top: 0; left: 0; width: 100%; height: 100%; }<\/style>\n<div class=\"embed-container\"><iframe loading=\"lazy\" src=\"https:\/\/www.youtube.com\/embed\/hvGuTEvLegA\" width=\"300\" height=\"150\" frameborder=\"0\" allowfullscreen=\"allowfullscreen\"><\/iframe><\/div>\n<p>&nbsp;<\/p>\n<p>\u00abKong: La Isla Calavera\u00bb estrenar\u00e1 el viernes 10 de marzo, y s\u00ed, tiene escena posterior a los cr\u00e9ditos en donde se entiende una secuela de <strong>King Kong<\/strong> con otro personaje al que se le hizo un ligero gui\u00f1o en la pel\u00edcula. \u00a0No, no es recomendable para ni\u00f1os.<\/p>\n<p style=\"text-align: right;\">Con im\u00e1genes cortes\u00eda de <strong>Warner Bros. Pictures M\u00e9xico<\/strong>.<\/p>\n<p>&nbsp;<\/p>\n<p>&nbsp;<\/p>\n","protected":false},"excerpt":{"rendered":"<p>\u00abKong: La Isla Calavera\u00bb es parte del proyecto de Legendary y Warner para revivir a los monstruos m\u00e1s representativos de las viejas y cl\u00e1sicas pel\u00edculas.<\/p>\n","protected":false},"author":1,"featured_media":58707,"comment_status":"open","ping_status":"open","sticky":false,"template":"","format":"standard","meta":{"footnotes":""},"categories":[24,1,17],"tags":[],"class_list":["post-58635","post","type-post","status-publish","format-standard","has-post-thumbnail","hentry","category-cine","category-cultura","category-principal"],"yoast_head":"<!-- This site is optimized with the Yoast SEO plugin v24.7 - https:\/\/yoast.com\/wordpress\/plugins\/seo\/ -->\n<title>&quot;Kong: La Isla Calavera&quot;, el regreso del Rey &#171; Reconoce MX<\/title>\n<meta name=\"robots\" content=\"index, follow, max-snippet:-1, max-image-preview:large, max-video-preview:-1\" \/>\n<link rel=\"canonical\" href=\"https:\/\/www.reconoce.mx\/?p=58635\" \/>\n<meta property=\"og:locale\" content=\"es_ES\" \/>\n<meta property=\"og:type\" content=\"article\" \/>\n<meta property=\"og:title\" content=\"&quot;Kong: La Isla Calavera&quot;, el regreso del Rey &#171; Reconoce MX\" \/>\n<meta property=\"og:description\" content=\"&quot;Kong: La Isla Calavera&quot; es parte del proyecto de Legendary y Warner para revivir a los monstruos m\u00e1s representativos de las viejas y cl\u00e1sicas pel\u00edculas.\" \/>\n<meta property=\"og:url\" content=\"https:\/\/www.reconoce.mx\/?p=58635\" \/>\n<meta property=\"og:site_name\" content=\"Reconoce MX\" \/>\n<meta property=\"article:publisher\" content=\"https:\/\/es-la.facebook.com\/ReconoceMX\/\" \/>\n<meta property=\"article:published_time\" content=\"2017-03-08T06:03:32+00:00\" \/>\n<meta property=\"og:image\" content=\"https:\/\/www.reconoce.mx\/wp-content\/uploads\/2017\/03\/kong-skull-island-1.png\" \/>\n\t<meta property=\"og:image:width\" content=\"590\" \/>\n\t<meta property=\"og:image:height\" content=\"380\" \/>\n\t<meta property=\"og:image:type\" content=\"image\/png\" \/>\n<meta name=\"author\" content=\"admin\" \/>\n<meta name=\"twitter:card\" content=\"summary_large_image\" \/>\n<meta name=\"twitter:creator\" content=\"@reconocemx\" \/>\n<meta name=\"twitter:site\" content=\"@reconocemx\" \/>\n<meta name=\"twitter:label1\" content=\"Escrito por\" \/>\n\t<meta name=\"twitter:data1\" content=\"admin\" \/>\n\t<meta name=\"twitter:label2\" content=\"Tiempo de lectura\" \/>\n\t<meta name=\"twitter:data2\" content=\"2 minutos\" \/>\n<script type=\"application\/ld+json\" class=\"yoast-schema-graph\">{\"@context\":\"https:\/\/schema.org\",\"@graph\":[{\"@type\":\"Article\",\"@id\":\"https:\/\/www.reconoce.mx\/?p=58635#article\",\"isPartOf\":{\"@id\":\"https:\/\/www.reconoce.mx\/?p=58635\"},\"author\":{\"name\":\"admin\",\"@id\":\"http:\/\/www.reconoce.mx\/#\/schema\/person\/81edd0ecaba6a5e394ed5277b803f9f4\"},\"headline\":\"\u00abKong: La Isla Calavera\u00bb, el regreso del Rey\",\"datePublished\":\"2017-03-08T06:03:32+00:00\",\"mainEntityOfPage\":{\"@id\":\"https:\/\/www.reconoce.mx\/?p=58635\"},\"wordCount\":352,\"commentCount\":0,\"publisher\":{\"@id\":\"http:\/\/www.reconoce.mx\/#organization\"},\"image\":{\"@id\":\"https:\/\/www.reconoce.mx\/?p=58635#primaryimage\"},\"thumbnailUrl\":\"http:\/\/www.reconoce.mx\/wp-content\/uploads\/2017\/03\/kong-skull-island-1.png\",\"articleSection\":[\"Cine\",\"Cultura\",\"Principal\"],\"inLanguage\":\"es\",\"potentialAction\":[{\"@type\":\"CommentAction\",\"name\":\"Comment\",\"target\":[\"https:\/\/www.reconoce.mx\/?p=58635#respond\"]}]},{\"@type\":\"WebPage\",\"@id\":\"https:\/\/www.reconoce.mx\/?p=58635\",\"url\":\"https:\/\/www.reconoce.mx\/?p=58635\",\"name\":\"\\\"Kong: La Isla Calavera\\\", el regreso del Rey &#171; Reconoce MX\",\"isPartOf\":{\"@id\":\"http:\/\/www.reconoce.mx\/#website\"},\"primaryImageOfPage\":{\"@id\":\"https:\/\/www.reconoce.mx\/?p=58635#primaryimage\"},\"image\":{\"@id\":\"https:\/\/www.reconoce.mx\/?p=58635#primaryimage\"},\"thumbnailUrl\":\"http:\/\/www.reconoce.mx\/wp-content\/uploads\/2017\/03\/kong-skull-island-1.png\",\"datePublished\":\"2017-03-08T06:03:32+00:00\",\"breadcrumb\":{\"@id\":\"https:\/\/www.reconoce.mx\/?p=58635#breadcrumb\"},\"inLanguage\":\"es\",\"potentialAction\":[{\"@type\":\"ReadAction\",\"target\":[\"https:\/\/www.reconoce.mx\/?p=58635\"]}]},{\"@type\":\"ImageObject\",\"inLanguage\":\"es\",\"@id\":\"https:\/\/www.reconoce.mx\/?p=58635#primaryimage\",\"url\":\"http:\/\/www.reconoce.mx\/wp-content\/uploads\/2017\/03\/kong-skull-island-1.png\",\"contentUrl\":\"http:\/\/www.reconoce.mx\/wp-content\/uploads\/2017\/03\/kong-skull-island-1.png\",\"width\":590,\"height\":380},{\"@type\":\"BreadcrumbList\",\"@id\":\"https:\/\/www.reconoce.mx\/?p=58635#breadcrumb\",\"itemListElement\":[{\"@type\":\"ListItem\",\"position\":1,\"name\":\"Portada\",\"item\":\"http:\/\/www.reconoce.mx\/\"},{\"@type\":\"ListItem\",\"position\":2,\"name\":\"\u00abKong: La Isla Calavera\u00bb, el regreso del Rey\"}]},{\"@type\":\"WebSite\",\"@id\":\"http:\/\/www.reconoce.mx\/#website\",\"url\":\"http:\/\/www.reconoce.mx\/\",\"name\":\"Reconoce MX\",\"description\":\"En Reconoce MX difundimos arte, cultura y conciencia social en M\u00e9xico. Tu ciudad en otra perspectiva.\",\"publisher\":{\"@id\":\"http:\/\/www.reconoce.mx\/#organization\"},\"potentialAction\":[{\"@type\":\"SearchAction\",\"target\":{\"@type\":\"EntryPoint\",\"urlTemplate\":\"http:\/\/www.reconoce.mx\/?s={search_term_string}\"},\"query-input\":{\"@type\":\"PropertyValueSpecification\",\"valueRequired\":true,\"valueName\":\"search_term_string\"}}],\"inLanguage\":\"es\"},{\"@type\":\"Organization\",\"@id\":\"http:\/\/www.reconoce.mx\/#organization\",\"name\":\"Reconoce MX\",\"url\":\"http:\/\/www.reconoce.mx\/\",\"logo\":{\"@type\":\"ImageObject\",\"inLanguage\":\"es\",\"@id\":\"http:\/\/www.reconoce.mx\/#\/schema\/logo\/image\/\",\"url\":\"https:\/\/www.reconoce.mx\/wp-content\/uploads\/2019\/03\/logorcmx-good-1.png\",\"contentUrl\":\"https:\/\/www.reconoce.mx\/wp-content\/uploads\/2019\/03\/logorcmx-good-1.png\",\"width\":280,\"height\":90,\"caption\":\"Reconoce MX\"},\"image\":{\"@id\":\"http:\/\/www.reconoce.mx\/#\/schema\/logo\/image\/\"},\"sameAs\":[\"https:\/\/es-la.facebook.com\/ReconoceMX\/\",\"https:\/\/x.com\/reconocemx\",\"http:\/\/@reconocemx\"]},{\"@type\":\"Person\",\"@id\":\"http:\/\/www.reconoce.mx\/#\/schema\/person\/81edd0ecaba6a5e394ed5277b803f9f4\",\"name\":\"admin\",\"image\":{\"@type\":\"ImageObject\",\"inLanguage\":\"es\",\"@id\":\"http:\/\/www.reconoce.mx\/#\/schema\/person\/image\/\",\"url\":\"https:\/\/secure.gravatar.com\/avatar\/f321b77d0345b778f27b47aa04b3316a52ca72b8406507a117538cb8dda4a22d?s=96&d=identicon&r=g\",\"contentUrl\":\"https:\/\/secure.gravatar.com\/avatar\/f321b77d0345b778f27b47aa04b3316a52ca72b8406507a117538cb8dda4a22d?s=96&d=identicon&r=g\",\"caption\":\"admin\"},\"url\":\"http:\/\/www.reconoce.mx\/?author=1\"}]}<\/script>\n<!-- \/ Yoast SEO plugin. -->","yoast_head_json":{"title":"\"Kong: La Isla Calavera\", el regreso del Rey &#171; Reconoce MX","robots":{"index":"index","follow":"follow","max-snippet":"max-snippet:-1","max-image-preview":"max-image-preview:large","max-video-preview":"max-video-preview:-1"},"canonical":"https:\/\/www.reconoce.mx\/?p=58635","og_locale":"es_ES","og_type":"article","og_title":"\"Kong: La Isla Calavera\", el regreso del Rey &#171; Reconoce MX","og_description":"\"Kong: La Isla Calavera\" es parte del proyecto de Legendary y Warner para revivir a los monstruos m\u00e1s representativos de las viejas y cl\u00e1sicas pel\u00edculas.","og_url":"https:\/\/www.reconoce.mx\/?p=58635","og_site_name":"Reconoce MX","article_publisher":"https:\/\/es-la.facebook.com\/ReconoceMX\/","article_published_time":"2017-03-08T06:03:32+00:00","og_image":[{"width":590,"height":380,"url":"https:\/\/www.reconoce.mx\/wp-content\/uploads\/2017\/03\/kong-skull-island-1.png","type":"image\/png"}],"author":"admin","twitter_card":"summary_large_image","twitter_creator":"@reconocemx","twitter_site":"@reconocemx","twitter_misc":{"Escrito por":"admin","Tiempo de lectura":"2 minutos"},"schema":{"@context":"https:\/\/schema.org","@graph":[{"@type":"Article","@id":"https:\/\/www.reconoce.mx\/?p=58635#article","isPartOf":{"@id":"https:\/\/www.reconoce.mx\/?p=58635"},"author":{"name":"admin","@id":"http:\/\/www.reconoce.mx\/#\/schema\/person\/81edd0ecaba6a5e394ed5277b803f9f4"},"headline":"\u00abKong: La Isla Calavera\u00bb, el regreso del Rey","datePublished":"2017-03-08T06:03:32+00:00","mainEntityOfPage":{"@id":"https:\/\/www.reconoce.mx\/?p=58635"},"wordCount":352,"commentCount":0,"publisher":{"@id":"http:\/\/www.reconoce.mx\/#organization"},"image":{"@id":"https:\/\/www.reconoce.mx\/?p=58635#primaryimage"},"thumbnailUrl":"http:\/\/www.reconoce.mx\/wp-content\/uploads\/2017\/03\/kong-skull-island-1.png","articleSection":["Cine","Cultura","Principal"],"inLanguage":"es","potentialAction":[{"@type":"CommentAction","name":"Comment","target":["https:\/\/www.reconoce.mx\/?p=58635#respond"]}]},{"@type":"WebPage","@id":"https:\/\/www.reconoce.mx\/?p=58635","url":"https:\/\/www.reconoce.mx\/?p=58635","name":"\"Kong: La Isla Calavera\", el regreso del Rey &#171; Reconoce MX","isPartOf":{"@id":"http:\/\/www.reconoce.mx\/#website"},"primaryImageOfPage":{"@id":"https:\/\/www.reconoce.mx\/?p=58635#primaryimage"},"image":{"@id":"https:\/\/www.reconoce.mx\/?p=58635#primaryimage"},"thumbnailUrl":"http:\/\/www.reconoce.mx\/wp-content\/uploads\/2017\/03\/kong-skull-island-1.png","datePublished":"2017-03-08T06:03:32+00:00","breadcrumb":{"@id":"https:\/\/www.reconoce.mx\/?p=58635#breadcrumb"},"inLanguage":"es","potentialAction":[{"@type":"ReadAction","target":["https:\/\/www.reconoce.mx\/?p=58635"]}]},{"@type":"ImageObject","inLanguage":"es","@id":"https:\/\/www.reconoce.mx\/?p=58635#primaryimage","url":"http:\/\/www.reconoce.mx\/wp-content\/uploads\/2017\/03\/kong-skull-island-1.png","contentUrl":"http:\/\/www.reconoce.mx\/wp-content\/uploads\/2017\/03\/kong-skull-island-1.png","width":590,"height":380},{"@type":"BreadcrumbList","@id":"https:\/\/www.reconoce.mx\/?p=58635#breadcrumb","itemListElement":[{"@type":"ListItem","position":1,"name":"Portada","item":"http:\/\/www.reconoce.mx\/"},{"@type":"ListItem","position":2,"name":"\u00abKong: La Isla Calavera\u00bb, el regreso del Rey"}]},{"@type":"WebSite","@id":"http:\/\/www.reconoce.mx\/#website","url":"http:\/\/www.reconoce.mx\/","name":"Reconoce MX","description":"En Reconoce MX difundimos arte, cultura y conciencia social en M\u00e9xico. Tu ciudad en otra perspectiva.","publisher":{"@id":"http:\/\/www.reconoce.mx\/#organization"},"potentialAction":[{"@type":"SearchAction","target":{"@type":"EntryPoint","urlTemplate":"http:\/\/www.reconoce.mx\/?s={search_term_string}"},"query-input":{"@type":"PropertyValueSpecification","valueRequired":true,"valueName":"search_term_string"}}],"inLanguage":"es"},{"@type":"Organization","@id":"http:\/\/www.reconoce.mx\/#organization","name":"Reconoce MX","url":"http:\/\/www.reconoce.mx\/","logo":{"@type":"ImageObject","inLanguage":"es","@id":"http:\/\/www.reconoce.mx\/#\/schema\/logo\/image\/","url":"https:\/\/www.reconoce.mx\/wp-content\/uploads\/2019\/03\/logorcmx-good-1.png","contentUrl":"https:\/\/www.reconoce.mx\/wp-content\/uploads\/2019\/03\/logorcmx-good-1.png","width":280,"height":90,"caption":"Reconoce MX"},"image":{"@id":"http:\/\/www.reconoce.mx\/#\/schema\/logo\/image\/"},"sameAs":["https:\/\/es-la.facebook.com\/ReconoceMX\/","https:\/\/x.com\/reconocemx","http:\/\/@reconocemx"]},{"@type":"Person","@id":"http:\/\/www.reconoce.mx\/#\/schema\/person\/81edd0ecaba6a5e394ed5277b803f9f4","name":"admin","image":{"@type":"ImageObject","inLanguage":"es","@id":"http:\/\/www.reconoce.mx\/#\/schema\/person\/image\/","url":"https:\/\/secure.gravatar.com\/avatar\/f321b77d0345b778f27b47aa04b3316a52ca72b8406507a117538cb8dda4a22d?s=96&d=identicon&r=g","contentUrl":"https:\/\/secure.gravatar.com\/avatar\/f321b77d0345b778f27b47aa04b3316a52ca72b8406507a117538cb8dda4a22d?s=96&d=identicon&r=g","caption":"admin"},"url":"http:\/\/www.reconoce.mx\/?author=1"}]}},"_links":{"self":[{"href":"http:\/\/www.reconoce.mx\/index.php?rest_route=\/wp\/v2\/posts\/58635","targetHints":{"allow":["GET"]}}],"collection":[{"href":"http:\/\/www.reconoce.mx\/index.php?rest_route=\/wp\/v2\/posts"}],"about":[{"href":"http:\/\/www.reconoce.mx\/index.php?rest_route=\/wp\/v2\/types\/post"}],"author":[{"embeddable":true,"href":"http:\/\/www.reconoce.mx\/index.php?rest_route=\/wp\/v2\/users\/1"}],"replies":[{"embeddable":true,"href":"http:\/\/www.reconoce.mx\/index.php?rest_route=%2Fwp%2Fv2%2Fcomments&post=58635"}],"version-history":[{"count":23,"href":"http:\/\/www.reconoce.mx\/index.php?rest_route=\/wp\/v2\/posts\/58635\/revisions"}],"predecessor-version":[{"id":58714,"href":"http:\/\/www.reconoce.mx\/index.php?rest_route=\/wp\/v2\/posts\/58635\/revisions\/58714"}],"wp:featuredmedia":[{"embeddable":true,"href":"http:\/\/www.reconoce.mx\/index.php?rest_route=\/wp\/v2\/media\/58707"}],"wp:attachment":[{"href":"http:\/\/www.reconoce.mx\/index.php?rest_route=%2Fwp%2Fv2%2Fmedia&parent=58635"}],"wp:term":[{"taxonomy":"category","embeddable":true,"href":"http:\/\/www.reconoce.mx\/index.php?rest_route=%2Fwp%2Fv2%2Fcategories&post=58635"},{"taxonomy":"post_tag","embeddable":true,"href":"http:\/\/www.reconoce.mx\/index.php?rest_route=%2Fwp%2Fv2%2Ftags&post=58635"}],"curies":[{"name":"wp","href":"https:\/\/api.w.org\/{rel}","templated":true}]}}