{"id":58645,"date":"2017-03-06T00:05:37","date_gmt":"2017-03-06T06:05:37","guid":{"rendered":"http:\/\/www.reconoce.mx\/?p=58645"},"modified":"2017-03-05T22:54:37","modified_gmt":"2017-03-06T04:54:37","slug":"a-20-anos-del-incomprendido-pop-de-u2","status":"publish","type":"post","link":"http:\/\/www.reconoce.mx\/?p=58645","title":{"rendered":"A 20 a\u00f1os del incomprendido &#8216;Pop&#8217; de U2"},"content":{"rendered":"<p><a href=\"http:\/\/www.reconoce.mx\/category\/columnistas\/la-ballesta-de-mascatabaco\/\"><img loading=\"lazy\" decoding=\"async\" class=\"aligncenter size-full wp-image-42011\" src=\"http:\/\/www.reconoce.mx\/wp-content\/uploads\/2015\/05\/la-ballesta.png\" alt=\"la-ballesta\" width=\"570\" height=\"70\" srcset=\"http:\/\/www.reconoce.mx\/wp-content\/uploads\/2015\/05\/la-ballesta.png 570w, http:\/\/www.reconoce.mx\/wp-content\/uploads\/2015\/05\/la-ballesta-300x37.png 300w, http:\/\/www.reconoce.mx\/wp-content\/uploads\/2015\/05\/la-ballesta-150x18.png 150w\" sizes=\"auto, (max-width: 570px) 100vw, 570px\" \/><\/a><strong><br \/>\nPor <a title=\"@AsfaltosTweets\" href=\"http:\/\/twitter.com\/AsfaltosTweets\" target=\"_blank\">Asfaltos<\/a><\/strong>.<\/p>\n<p>Hay \u00e1lbumes que a uno le marcan m\u00e1s all\u00e1 de su calidad musical; se trata, pues, de une relaci\u00f3n sentimental que sirve como uni\u00f3n, como lazo con el sonido. As\u00ed me pas\u00f3 a m\u00ed con el \u00abPop\u00bb (1997) de <strong>U2<\/strong>, noveno \u00e1lbum de la banda irlandesa que conoc\u00ed muy joven a inicios de los 90. Para 1997 yo contaba apenas con 11 a\u00f1os, y si bien <strong>U2<\/strong> era la banda m\u00e1s conocida en ese momento en el planeta, para los chicos de mi generaci\u00f3n, en nuestro mundo en plena primaria, era un grupo un tanto desconocido. No para m\u00ed. <strong>U2<\/strong> desde el primer momento en el que les escuch\u00e9 fue siempre mi grupo favorito. Punto.<\/p>\n<p><a href=\"http:\/\/www.reconoce.mx\/wp-content\/uploads\/2017\/03\/20140102-u23-x1800-1388698951.jpg\"><img loading=\"lazy\" decoding=\"async\" class=\"aligncenter size-full wp-image-58660\" src=\"http:\/\/www.reconoce.mx\/wp-content\/uploads\/2017\/03\/20140102-u23-x1800-1388698951.jpg\" alt=\"\" width=\"1800\" height=\"1800\" srcset=\"http:\/\/www.reconoce.mx\/wp-content\/uploads\/2017\/03\/20140102-u23-x1800-1388698951.jpg 1800w, http:\/\/www.reconoce.mx\/wp-content\/uploads\/2017\/03\/20140102-u23-x1800-1388698951-150x150.jpg 150w, http:\/\/www.reconoce.mx\/wp-content\/uploads\/2017\/03\/20140102-u23-x1800-1388698951-300x300.jpg 300w, http:\/\/www.reconoce.mx\/wp-content\/uploads\/2017\/03\/20140102-u23-x1800-1388698951-768x768.jpg 768w, http:\/\/www.reconoce.mx\/wp-content\/uploads\/2017\/03\/20140102-u23-x1800-1388698951-1024x1024.jpg 1024w, http:\/\/www.reconoce.mx\/wp-content\/uploads\/2017\/03\/20140102-u23-x1800-1388698951-65x65.jpg 65w, http:\/\/www.reconoce.mx\/wp-content\/uploads\/2017\/03\/20140102-u23-x1800-1388698951-700x700.jpg 700w, http:\/\/www.reconoce.mx\/wp-content\/uploads\/2017\/03\/20140102-u23-x1800-1388698951-658x658.jpg 658w\" sizes=\"auto, (max-width: 1800px) 100vw, 1800px\" \/><\/a><\/p>\n<p>1997 fue coincidentemente un a\u00f1o fundamental en mi vida. En mayo de ese mismo a\u00f1o se celebraron los 20 a\u00f1os de <strong>Star Wars<\/strong>, mismos que sirvieron como marco perfecto para el relanzamiento de la trilog\u00eda (entonces la \u00fanica existente) remasterizada y en pantalla grande. Apenas hac\u00eda dos, o quiz\u00e1 tres , hab\u00eda descubierto <strong>Star Wars<\/strong>; fue en 1997 cuando mi fanatismo estall\u00f3. En el mes de junio de ese a\u00f1o fue tambi\u00e9n cuando forj\u00e9 mi fanatismo por el f\u00fatbol, ya que en Bolivia se celebraba la <strong>Copa Am\u00e9rica<\/strong> en la que M\u00e9xico participaba. Era la selecci\u00f3n mexicana de <strong>Luis Hern\u00e1ndez<\/strong> y <strong>Adolfo R\u00edos<\/strong>. En diciembre, como cruz sobre mi espalda, me enamor\u00e9 del entonces nuevo campe\u00f3n del f\u00fatbol mexicano: el <strong>Cruz Azul<\/strong>. Con un gol de p\u00e9nalti, anotado por un <strong>Carlos Hermosillo<\/strong> ensangrentado, form\u00e9 parte de los fan\u00e1icos del <del datetime=\"2017-03-05T02:55:34+00:00\">Azul<\/del> <del datetime=\"2017-03-05T02:55:34+00:00\">subcampeon\u00edsimo<\/del> ya merito.<\/p>\n<p>En mi casa los cassettes de <strong>U2<\/strong> abundaban. Si bien en ese mismo a\u00f1o, o quiz\u00e1 uno despu\u00e9s ya hab\u00edamos conseguido el primer CD familiar, los casettes eran comunes en la familia. Recuerdo los de \u00abThe Unforgettable Fire\u00bb (1984), \u00abThe Joshua Tree\u00bb (1987), \u00abRattle and Hum\u00bb (1988), \u00abAchtung Baby\u00bb (1991) y \u00abZooropa\u00bb (1993) a\u00fan en mi poder. Nos gustaba, s\u00ed, <strong>U2<\/strong>, grupo al que hab\u00eda llegado yo gracias a mis pap\u00e1s y que sonaba en innumerables ocasiones en el autom\u00f3vil camino al cine, a comer en un restaurante o rumbo a una plaza comercial. El grupo, su sonido, <strong>Bono<\/strong> para mi mam\u00e1, y dem\u00e1s factores, se volvieron clave en la afici\u00f3n a un grupo que para 1997 lanzar\u00eda su noveno material bajo el t\u00edtulo de \u00abPop\u00bb.<\/p>\n<style>.embed-container { position: relative; padding-bottom: 56.25%; height: 0; overflow: hidden; max-width: 100%; } .embed-container iframe, .embed-container object, .embed-container embed { position: absolute; top: 0; left: 0; width: 100%; height: 100%; }<\/style>\n<div class=\"embed-container\"><iframe loading=\"lazy\" src=\"https:\/\/www.youtube.com\/embed\/_4zbh476-wk\" width=\"300\" height=\"150\" frameborder=\"0\" allowfullscreen=\"allowfullscreen\"><\/iframe><\/div>\n<p>&nbsp;<\/p>\n<p>\u00abPop\u00bb result\u00f3 distinto, en su sonido, en su concepci\u00f3n y en el gusto en mi familia. Sin embargo yo, fan\u00e1tico ya consumado de <strong>U2<\/strong>, fui quien impuls\u00f3 a que nos hici\u00e9ramos pronto del nuevo material. El \u00abPop\u00bb s\u00f3lo me gust\u00f3 a m\u00ed, y parece que as\u00ed fue entre una inmensa mayor\u00eda que le despreci\u00f3. El \u00e1lbum signific\u00f3 un punto final para los a\u00f1os de experimentaci\u00f3n de los irlandeses; el fin de una etapa que terminar\u00eda regresando a la banda a sus or\u00edgenes. S\u00ed, \u00abPop\u00bb tiene sus fallas, pero no creo ni por mucho que sea al momento el peor material de la agrupaci\u00f3n.<\/p>\n<p>Habr\u00eda que entender un poco sobre su concepci\u00f3n. Seis a\u00f1os despu\u00e9s del exitoso \u00abActhung Baby\u00bb, y cuatro despu\u00e9s de su \u00abap\u00e9ndice\u00bb \u00abZooropa\u00bb, la carga de expectativas sobre el \u00abPop\u00bb era evidente y pesada. La reciente gira de los irlandeses, la m\u00e1s exitosa en su momento, significaba tambi\u00e9n una pesada loza con la cual cargar. Los tiempos acelerados para poder estrenar el nuevo material, mismo que se percibe en muchas partes de su sonido como inacabado, fueron otro factor para el resultado final del \u00abPop\u00bb. <strong>U2<\/strong> pretend\u00eda con este \u00e1lbum parodiar la cultura pop de la que ya era parte. Atr\u00e1s hab\u00edan quedado los a\u00f1os punk, muy atr\u00e1s de esa parafernalia de colores, pantallas de televisi\u00f3n gigantes, disfraces a la <strong>Village People<\/strong> y hasta un lim\u00f3n gigante; en el mism\u00edsimo lanzamiento de la promoci\u00f3n del \u00abPop\u00bb, los <strong>U2<\/strong> se lanzaron a un mini s\u00faper donde dieron a conocer los detalles. La primera fecha del \u00abPopmart Tour\u00bb fue un destastre; las cr\u00edticas a las canciones, y sobre todo al primer sencillo \u00abDiscotheque\u00bb fueron fulminantes.<\/p>\n<style>.embed-container { position: relative; padding-bottom: 56.25%; height: 0; overflow: hidden; max-width: 100%; } .embed-container iframe, .embed-container object, .embed-container embed { position: absolute; top: 0; left: 0; width: 100%; height: 100%; }<\/style>\n<div class=\"embed-container\"><iframe loading=\"lazy\" src=\"https:\/\/www.youtube.com\/embed\/9ALlp1JDKn0\" width=\"300\" height=\"150\" frameborder=\"0\" allowfullscreen=\"allowfullscreen\"><\/iframe><\/div>\n<p>&nbsp;<\/p>\n<p>\u00abPop\u00bb es precisamente eso: un proyecto inacabado, apresurado y en muchas ocasiones hecho al avent\u00f3n. Sin emnargo, en mi opini\u00f3n personal, no se trata de un material falto de creatividad. Se trat\u00f3 de un \u00e1lbum de ambiciones espectaculares que se estrell\u00f3 de manera estrepitosa, causando el olvido en muchas ocasiones del propio <strong>U2<\/strong>, quienes rara vez interpretan algunas de sus canciones en vivo. Fue un punto de no retorno que termin\u00f3 por hacer voltear a <strong>U2<\/strong> a un sonido m\u00e1s cl\u00e1sico de rock, inclusive m\u00e1s contempor\u00e1neo, m\u00e1s apto para su edad y p\u00fablico. Fue una pausa a sus espect\u00e1culos de proporciones tremendas, que si bien regresaron con el \u00ab360\u00b0 Tour\u00bb, ya no volver\u00eda a ser par\u00e1metro para las subsiguientes presentaciones. Fue el final del <strong>U2<\/strong> seguro de s\u00ed mismo, del <strong>U2<\/strong> interesado \u00fanicamente en la generaci\u00f3n de m\u00fasica y no tanto en mantenerse en el <em>mainstream<\/em> a costa de lo que sea.<\/p>\n<p>\u00abPop\u00bb de <strong>U2<\/strong> tiene maravillas sonoras que bien valdr\u00eda la pena rescatar. La ya mencionada reversi\u00f3n de \u00abDiscotheque\u00bb que le da una fuerza muy distinta a una rola que de entrada no es mala; la energ\u00eda de \u00abDo you feel loved\u00bb; la potencia, furia y electricidad de \u00abMofo\u00bb; el romanticismo de \u00abIf God will send his Angels\u00bb; la sensaci\u00f3n de mundo post apocal\u00edptico de \u00abStaring at the sun\u00bb y \u00abLast night on Earth\u00bb; la muy poderosa \u00abGone\u00bb, sobre todo en su reversi\u00f3n que la coloca indudablemente como una de las mejores canciones del <strong>U2<\/strong> noventero; la sensualidad de \u00abIf you were that velvet dress\u00bb; la desesperaci\u00f3n de \u00abPlease\u00bb; y el dolor, tremenda tristeza y desesperanza de la entra\u00f1able \u00abWake up dead man\u00bb -que bien podr\u00eda ser un demo-, rola incomprendida que bien merecer\u00eda ser rescatada del olvido. Curioso, por cierto, que el album vaya de m\u00e1s a menos; como el mismo Bono acept\u00f3, es como comenzar el d\u00eda en una fiesta y terminarlo en un funeral&#8230; como la historia del mismo \u00abPop\u00bb.<\/p>\n<style>.embed-container { position: relative; padding-bottom: 56.25%; height: 0; overflow: hidden; max-width: 100%; } .embed-container iframe, .embed-container object, .embed-container embed { position: absolute; top: 0; left: 0; width: 100%; height: 100%; }<\/style>\n<div class=\"embed-container\"><iframe loading=\"lazy\" src=\"https:\/\/www.youtube.com\/embed\/XVW4qE49KxI\" width=\"300\" height=\"150\" frameborder=\"0\" allowfullscreen=\"allowfullscreen\"><\/iframe><\/div>\n<p>&nbsp;<\/p>\n<p>\u00abPop\u00bb fue el final de algo para <strong>U2<\/strong>, pero tambi\u00e9n el comienzo de algo. 3 a\u00f1os despu\u00e9s, en 2001 con el \u00abAll that you can&#8217;t leave behind\u00bb regresaron por sus fueros, con el que es personalmente para m\u00ed el \u00faltimo gran \u00e1lbum de la banda, separ\u00e1ndose de sus a\u00f1os de experimentaci\u00f3n. Sin embargo, tres \u00e1lbumes de estudio despu\u00e9s, <strong>U2<\/strong> ha perdido ya toda la magia de aquella d\u00e9cada dorada, la segunda mejor en la historia de la agrupaci\u00f3n. L\u00e1stima que <strong>U2<\/strong> la enterrara para muchos con el recuerdo del si bien inacabado \u00abPop\u00bb, tambi\u00e9n del incomprendido&#8230;<\/p>\n<p>Era el 31 de diciembre de 1997, a minutos del a\u00f1o nuevo, y reunido con mi familia, en un festejo tranquilo que nos puso a todos frente a la pantalla de la televisi\u00f3n, se transmit\u00eda por el <strong>Canal 5<\/strong> el concierto que <strong>U2<\/strong> hab\u00eda realizado en Ciudad de M\u00e9xico. Yo, ni en cuenta, triste por no haberlos podido ver en vivo, pero jurando pronto que cumplir\u00eda con la promesa. No contaba desde luego con el factor \u00abhijos de Zedillo\u00bb, por lo que tendr\u00eda que esperar hasta 2006, 9 a\u00f1os despu\u00e9s para cumplir el cometido&#8230; pero bueno, esa es otra historia.<\/p>\n<blockquote><p><a href=\"http:\/\/www.reconoce.mx\/wp-content\/uploads\/2016\/03\/968932_515227815190918_654397283_n-e1459260491114.jpg\"><img loading=\"lazy\" decoding=\"async\" class=\"alignleft size-thumbnail wp-image-39872\" src=\"http:\/\/www.reconoce.mx\/wp-content\/uploads\/2016\/03\/968932_515227815190918_654397283_n-e1459260491114.jpg\" alt=\"IMG_5743\" width=\"150\" height=\"150\" \/><\/a><strong>Asfaltos<\/strong>. Sobrevivo en una ciudad junto a millones de personas. \u00bfMexique\u00f1o? Me enamoro r\u00e1pido y olvido dif\u00edcilmente. Amo la m\u00fasica, el cine, los c\u00f3mics, las mujeres y -\u00faltimamente gracias a los servicios de <em>streaming<\/em>&#8211; las series tambi\u00e9n. Vivo la vida a trav\u00e9s de letras y melod\u00edas. M\u00fasico frustrado. Me pueden encontrar escuchando U2, Radiohead y Coldplay; as\u00ed como Grand Funk Railroad, Styx y Eric Burdon; Chetes, Jumbo y Siddhartha; y hasta Jesse &amp; Joy, Silverio y Aleks Syntek. Batman y Star Wars mis pasiones; tambi\u00e9n el Cruz Azul, pero ya saben&#8230; subcampeon\u00edsimo. Sobreviviente y n\u00e1ufrago; ermita\u00f1o que odia la soledad.<\/p><\/blockquote>\n<p>&nbsp;<\/p>\n<p>&nbsp;<\/p>\n","protected":false},"excerpt":{"rendered":"<p>Hay \u00e1lbumes que a uno le marcan m\u00e1s all\u00e1 de su calidad musical; se trata, pues, de une relaci\u00f3n sentimental que sirve como uni\u00f3n, como lazo con el sonido.<\/p>\n","protected":false},"author":2,"featured_media":58661,"comment_status":"open","ping_status":"open","sticky":false,"template":"","format":"standard","meta":{"footnotes":""},"categories":[16,2602,17],"tags":[],"class_list":["post-58645","post","type-post","status-publish","format-standard","has-post-thumbnail","hentry","category-columnistas","category-la-ballesta-de-mascatabaco","category-principal"],"yoast_head":"<!-- This site is optimized with the Yoast SEO plugin v24.7 - https:\/\/yoast.com\/wordpress\/plugins\/seo\/ -->\n<title>A 20 a\u00f1os del incomprendido &#039;Pop&#039; de U2 &#171; Reconoce MX<\/title>\n<meta name=\"robots\" content=\"index, follow, max-snippet:-1, max-image-preview:large, max-video-preview:-1\" \/>\n<link rel=\"canonical\" href=\"http:\/\/www.reconoce.mx\/?p=58645\" \/>\n<meta property=\"og:locale\" content=\"es_ES\" \/>\n<meta property=\"og:type\" content=\"article\" \/>\n<meta property=\"og:title\" content=\"A 20 a\u00f1os del incomprendido &#039;Pop&#039; de U2 &#171; Reconoce MX\" \/>\n<meta property=\"og:description\" content=\"Hay \u00e1lbumes que a uno le marcan m\u00e1s all\u00e1 de su calidad musical; se trata, pues, de une relaci\u00f3n sentimental que sirve como uni\u00f3n, como lazo con el sonido.\" \/>\n<meta property=\"og:url\" content=\"http:\/\/www.reconoce.mx\/?p=58645\" \/>\n<meta property=\"og:site_name\" content=\"Reconoce MX\" \/>\n<meta property=\"article:publisher\" content=\"https:\/\/es-la.facebook.com\/ReconoceMX\/\" \/>\n<meta property=\"article:published_time\" content=\"2017-03-06T06:05:37+00:00\" \/>\n<meta property=\"og:image\" content=\"http:\/\/www.reconoce.mx\/wp-content\/uploads\/2017\/03\/u2-pop-2.png\" \/>\n\t<meta property=\"og:image:width\" content=\"590\" \/>\n\t<meta property=\"og:image:height\" content=\"380\" \/>\n\t<meta property=\"og:image:type\" content=\"image\/png\" \/>\n<meta name=\"author\" content=\"Reconoce MX\" \/>\n<meta name=\"twitter:card\" content=\"summary_large_image\" \/>\n<meta name=\"twitter:creator\" content=\"@reconocemx\" \/>\n<meta name=\"twitter:site\" content=\"@reconocemx\" \/>\n<meta name=\"twitter:label1\" content=\"Escrito por\" \/>\n\t<meta name=\"twitter:data1\" content=\"Reconoce MX\" \/>\n\t<meta name=\"twitter:label2\" content=\"Tiempo de lectura\" \/>\n\t<meta name=\"twitter:data2\" content=\"7 minutos\" \/>\n<script type=\"application\/ld+json\" class=\"yoast-schema-graph\">{\"@context\":\"https:\/\/schema.org\",\"@graph\":[{\"@type\":\"Article\",\"@id\":\"http:\/\/www.reconoce.mx\/?p=58645#article\",\"isPartOf\":{\"@id\":\"http:\/\/www.reconoce.mx\/?p=58645\"},\"author\":{\"name\":\"Reconoce MX\",\"@id\":\"http:\/\/www.reconoce.mx\/#\/schema\/person\/2117e997d7051dc15d6880eaf9bca0b2\"},\"headline\":\"A 20 a\u00f1os del incomprendido &#8216;Pop&#8217; de U2\",\"datePublished\":\"2017-03-06T06:05:37+00:00\",\"mainEntityOfPage\":{\"@id\":\"http:\/\/www.reconoce.mx\/?p=58645\"},\"wordCount\":1396,\"commentCount\":0,\"publisher\":{\"@id\":\"http:\/\/www.reconoce.mx\/#organization\"},\"image\":{\"@id\":\"http:\/\/www.reconoce.mx\/?p=58645#primaryimage\"},\"thumbnailUrl\":\"http:\/\/www.reconoce.mx\/wp-content\/uploads\/2017\/03\/u2-pop-2.png\",\"articleSection\":[\"Columnistas\",\"La ballesta de Mascatabaco\",\"Principal\"],\"inLanguage\":\"es\",\"potentialAction\":[{\"@type\":\"CommentAction\",\"name\":\"Comment\",\"target\":[\"http:\/\/www.reconoce.mx\/?p=58645#respond\"]}]},{\"@type\":\"WebPage\",\"@id\":\"http:\/\/www.reconoce.mx\/?p=58645\",\"url\":\"http:\/\/www.reconoce.mx\/?p=58645\",\"name\":\"A 20 a\u00f1os del incomprendido 'Pop' de U2 &#171; Reconoce MX\",\"isPartOf\":{\"@id\":\"http:\/\/www.reconoce.mx\/#website\"},\"primaryImageOfPage\":{\"@id\":\"http:\/\/www.reconoce.mx\/?p=58645#primaryimage\"},\"image\":{\"@id\":\"http:\/\/www.reconoce.mx\/?p=58645#primaryimage\"},\"thumbnailUrl\":\"http:\/\/www.reconoce.mx\/wp-content\/uploads\/2017\/03\/u2-pop-2.png\",\"datePublished\":\"2017-03-06T06:05:37+00:00\",\"breadcrumb\":{\"@id\":\"http:\/\/www.reconoce.mx\/?p=58645#breadcrumb\"},\"inLanguage\":\"es\",\"potentialAction\":[{\"@type\":\"ReadAction\",\"target\":[\"http:\/\/www.reconoce.mx\/?p=58645\"]}]},{\"@type\":\"ImageObject\",\"inLanguage\":\"es\",\"@id\":\"http:\/\/www.reconoce.mx\/?p=58645#primaryimage\",\"url\":\"http:\/\/www.reconoce.mx\/wp-content\/uploads\/2017\/03\/u2-pop-2.png\",\"contentUrl\":\"http:\/\/www.reconoce.mx\/wp-content\/uploads\/2017\/03\/u2-pop-2.png\",\"width\":590,\"height\":380},{\"@type\":\"BreadcrumbList\",\"@id\":\"http:\/\/www.reconoce.mx\/?p=58645#breadcrumb\",\"itemListElement\":[{\"@type\":\"ListItem\",\"position\":1,\"name\":\"Portada\",\"item\":\"http:\/\/www.reconoce.mx\/\"},{\"@type\":\"ListItem\",\"position\":2,\"name\":\"A 20 a\u00f1os del incomprendido &#8216;Pop&#8217; de U2\"}]},{\"@type\":\"WebSite\",\"@id\":\"http:\/\/www.reconoce.mx\/#website\",\"url\":\"http:\/\/www.reconoce.mx\/\",\"name\":\"Reconoce MX\",\"description\":\"En Reconoce MX difundimos arte, cultura y conciencia social en M\u00e9xico. Tu ciudad en otra perspectiva.\",\"publisher\":{\"@id\":\"http:\/\/www.reconoce.mx\/#organization\"},\"potentialAction\":[{\"@type\":\"SearchAction\",\"target\":{\"@type\":\"EntryPoint\",\"urlTemplate\":\"http:\/\/www.reconoce.mx\/?s={search_term_string}\"},\"query-input\":{\"@type\":\"PropertyValueSpecification\",\"valueRequired\":true,\"valueName\":\"search_term_string\"}}],\"inLanguage\":\"es\"},{\"@type\":\"Organization\",\"@id\":\"http:\/\/www.reconoce.mx\/#organization\",\"name\":\"Reconoce MX\",\"url\":\"http:\/\/www.reconoce.mx\/\",\"logo\":{\"@type\":\"ImageObject\",\"inLanguage\":\"es\",\"@id\":\"http:\/\/www.reconoce.mx\/#\/schema\/logo\/image\/\",\"url\":\"https:\/\/www.reconoce.mx\/wp-content\/uploads\/2019\/03\/logorcmx-good-1.png\",\"contentUrl\":\"https:\/\/www.reconoce.mx\/wp-content\/uploads\/2019\/03\/logorcmx-good-1.png\",\"width\":280,\"height\":90,\"caption\":\"Reconoce MX\"},\"image\":{\"@id\":\"http:\/\/www.reconoce.mx\/#\/schema\/logo\/image\/\"},\"sameAs\":[\"https:\/\/es-la.facebook.com\/ReconoceMX\/\",\"https:\/\/x.com\/reconocemx\",\"http:\/\/@reconocemx\"]},{\"@type\":\"Person\",\"@id\":\"http:\/\/www.reconoce.mx\/#\/schema\/person\/2117e997d7051dc15d6880eaf9bca0b2\",\"name\":\"Reconoce MX\",\"image\":{\"@type\":\"ImageObject\",\"inLanguage\":\"es\",\"@id\":\"http:\/\/www.reconoce.mx\/#\/schema\/person\/image\/\",\"url\":\"https:\/\/secure.gravatar.com\/avatar\/6c8d4dc7569ca1c90c5fdcc349f839d5ddef6fe1e70b4337ead2ef1a4c43fc3a?s=96&d=identicon&r=g\",\"contentUrl\":\"https:\/\/secure.gravatar.com\/avatar\/6c8d4dc7569ca1c90c5fdcc349f839d5ddef6fe1e70b4337ead2ef1a4c43fc3a?s=96&d=identicon&r=g\",\"caption\":\"Reconoce MX\"},\"description\":\"Reconoce MX es un proyecto de difusi\u00f3n art\u00edstica, cultural y de conciencia social que est\u00e1 enfocado a difundir y fomentar el entretenimiento alternativo de calidad para todo el p\u00fablico que comparta el mismo entusiasmo.\",\"sameAs\":[\"http:\/\/www.reconoce.mx\"],\"url\":\"http:\/\/www.reconoce.mx\/?author=2\"}]}<\/script>\n<!-- \/ Yoast SEO plugin. -->","yoast_head_json":{"title":"A 20 a\u00f1os del incomprendido 'Pop' de U2 &#171; Reconoce MX","robots":{"index":"index","follow":"follow","max-snippet":"max-snippet:-1","max-image-preview":"max-image-preview:large","max-video-preview":"max-video-preview:-1"},"canonical":"http:\/\/www.reconoce.mx\/?p=58645","og_locale":"es_ES","og_type":"article","og_title":"A 20 a\u00f1os del incomprendido 'Pop' de U2 &#171; Reconoce MX","og_description":"Hay \u00e1lbumes que a uno le marcan m\u00e1s all\u00e1 de su calidad musical; se trata, pues, de une relaci\u00f3n sentimental que sirve como uni\u00f3n, como lazo con el sonido.","og_url":"http:\/\/www.reconoce.mx\/?p=58645","og_site_name":"Reconoce MX","article_publisher":"https:\/\/es-la.facebook.com\/ReconoceMX\/","article_published_time":"2017-03-06T06:05:37+00:00","og_image":[{"width":590,"height":380,"url":"http:\/\/www.reconoce.mx\/wp-content\/uploads\/2017\/03\/u2-pop-2.png","type":"image\/png"}],"author":"Reconoce MX","twitter_card":"summary_large_image","twitter_creator":"@reconocemx","twitter_site":"@reconocemx","twitter_misc":{"Escrito por":"Reconoce MX","Tiempo de lectura":"7 minutos"},"schema":{"@context":"https:\/\/schema.org","@graph":[{"@type":"Article","@id":"http:\/\/www.reconoce.mx\/?p=58645#article","isPartOf":{"@id":"http:\/\/www.reconoce.mx\/?p=58645"},"author":{"name":"Reconoce MX","@id":"http:\/\/www.reconoce.mx\/#\/schema\/person\/2117e997d7051dc15d6880eaf9bca0b2"},"headline":"A 20 a\u00f1os del incomprendido &#8216;Pop&#8217; de U2","datePublished":"2017-03-06T06:05:37+00:00","mainEntityOfPage":{"@id":"http:\/\/www.reconoce.mx\/?p=58645"},"wordCount":1396,"commentCount":0,"publisher":{"@id":"http:\/\/www.reconoce.mx\/#organization"},"image":{"@id":"http:\/\/www.reconoce.mx\/?p=58645#primaryimage"},"thumbnailUrl":"http:\/\/www.reconoce.mx\/wp-content\/uploads\/2017\/03\/u2-pop-2.png","articleSection":["Columnistas","La ballesta de Mascatabaco","Principal"],"inLanguage":"es","potentialAction":[{"@type":"CommentAction","name":"Comment","target":["http:\/\/www.reconoce.mx\/?p=58645#respond"]}]},{"@type":"WebPage","@id":"http:\/\/www.reconoce.mx\/?p=58645","url":"http:\/\/www.reconoce.mx\/?p=58645","name":"A 20 a\u00f1os del incomprendido 'Pop' de U2 &#171; Reconoce MX","isPartOf":{"@id":"http:\/\/www.reconoce.mx\/#website"},"primaryImageOfPage":{"@id":"http:\/\/www.reconoce.mx\/?p=58645#primaryimage"},"image":{"@id":"http:\/\/www.reconoce.mx\/?p=58645#primaryimage"},"thumbnailUrl":"http:\/\/www.reconoce.mx\/wp-content\/uploads\/2017\/03\/u2-pop-2.png","datePublished":"2017-03-06T06:05:37+00:00","breadcrumb":{"@id":"http:\/\/www.reconoce.mx\/?p=58645#breadcrumb"},"inLanguage":"es","potentialAction":[{"@type":"ReadAction","target":["http:\/\/www.reconoce.mx\/?p=58645"]}]},{"@type":"ImageObject","inLanguage":"es","@id":"http:\/\/www.reconoce.mx\/?p=58645#primaryimage","url":"http:\/\/www.reconoce.mx\/wp-content\/uploads\/2017\/03\/u2-pop-2.png","contentUrl":"http:\/\/www.reconoce.mx\/wp-content\/uploads\/2017\/03\/u2-pop-2.png","width":590,"height":380},{"@type":"BreadcrumbList","@id":"http:\/\/www.reconoce.mx\/?p=58645#breadcrumb","itemListElement":[{"@type":"ListItem","position":1,"name":"Portada","item":"http:\/\/www.reconoce.mx\/"},{"@type":"ListItem","position":2,"name":"A 20 a\u00f1os del incomprendido &#8216;Pop&#8217; de U2"}]},{"@type":"WebSite","@id":"http:\/\/www.reconoce.mx\/#website","url":"http:\/\/www.reconoce.mx\/","name":"Reconoce MX","description":"En Reconoce MX difundimos arte, cultura y conciencia social en M\u00e9xico. Tu ciudad en otra perspectiva.","publisher":{"@id":"http:\/\/www.reconoce.mx\/#organization"},"potentialAction":[{"@type":"SearchAction","target":{"@type":"EntryPoint","urlTemplate":"http:\/\/www.reconoce.mx\/?s={search_term_string}"},"query-input":{"@type":"PropertyValueSpecification","valueRequired":true,"valueName":"search_term_string"}}],"inLanguage":"es"},{"@type":"Organization","@id":"http:\/\/www.reconoce.mx\/#organization","name":"Reconoce MX","url":"http:\/\/www.reconoce.mx\/","logo":{"@type":"ImageObject","inLanguage":"es","@id":"http:\/\/www.reconoce.mx\/#\/schema\/logo\/image\/","url":"https:\/\/www.reconoce.mx\/wp-content\/uploads\/2019\/03\/logorcmx-good-1.png","contentUrl":"https:\/\/www.reconoce.mx\/wp-content\/uploads\/2019\/03\/logorcmx-good-1.png","width":280,"height":90,"caption":"Reconoce MX"},"image":{"@id":"http:\/\/www.reconoce.mx\/#\/schema\/logo\/image\/"},"sameAs":["https:\/\/es-la.facebook.com\/ReconoceMX\/","https:\/\/x.com\/reconocemx","http:\/\/@reconocemx"]},{"@type":"Person","@id":"http:\/\/www.reconoce.mx\/#\/schema\/person\/2117e997d7051dc15d6880eaf9bca0b2","name":"Reconoce MX","image":{"@type":"ImageObject","inLanguage":"es","@id":"http:\/\/www.reconoce.mx\/#\/schema\/person\/image\/","url":"https:\/\/secure.gravatar.com\/avatar\/6c8d4dc7569ca1c90c5fdcc349f839d5ddef6fe1e70b4337ead2ef1a4c43fc3a?s=96&d=identicon&r=g","contentUrl":"https:\/\/secure.gravatar.com\/avatar\/6c8d4dc7569ca1c90c5fdcc349f839d5ddef6fe1e70b4337ead2ef1a4c43fc3a?s=96&d=identicon&r=g","caption":"Reconoce MX"},"description":"Reconoce MX es un proyecto de difusi\u00f3n art\u00edstica, cultural y de conciencia social que est\u00e1 enfocado a difundir y fomentar el entretenimiento alternativo de calidad para todo el p\u00fablico que comparta el mismo entusiasmo.","sameAs":["http:\/\/www.reconoce.mx"],"url":"http:\/\/www.reconoce.mx\/?author=2"}]}},"_links":{"self":[{"href":"http:\/\/www.reconoce.mx\/index.php?rest_route=\/wp\/v2\/posts\/58645","targetHints":{"allow":["GET"]}}],"collection":[{"href":"http:\/\/www.reconoce.mx\/index.php?rest_route=\/wp\/v2\/posts"}],"about":[{"href":"http:\/\/www.reconoce.mx\/index.php?rest_route=\/wp\/v2\/types\/post"}],"author":[{"embeddable":true,"href":"http:\/\/www.reconoce.mx\/index.php?rest_route=\/wp\/v2\/users\/2"}],"replies":[{"embeddable":true,"href":"http:\/\/www.reconoce.mx\/index.php?rest_route=%2Fwp%2Fv2%2Fcomments&post=58645"}],"version-history":[{"count":3,"href":"http:\/\/www.reconoce.mx\/index.php?rest_route=\/wp\/v2\/posts\/58645\/revisions"}],"predecessor-version":[{"id":58663,"href":"http:\/\/www.reconoce.mx\/index.php?rest_route=\/wp\/v2\/posts\/58645\/revisions\/58663"}],"wp:featuredmedia":[{"embeddable":true,"href":"http:\/\/www.reconoce.mx\/index.php?rest_route=\/wp\/v2\/media\/58661"}],"wp:attachment":[{"href":"http:\/\/www.reconoce.mx\/index.php?rest_route=%2Fwp%2Fv2%2Fmedia&parent=58645"}],"wp:term":[{"taxonomy":"category","embeddable":true,"href":"http:\/\/www.reconoce.mx\/index.php?rest_route=%2Fwp%2Fv2%2Fcategories&post=58645"},{"taxonomy":"post_tag","embeddable":true,"href":"http:\/\/www.reconoce.mx\/index.php?rest_route=%2Fwp%2Fv2%2Ftags&post=58645"}],"curies":[{"name":"wp","href":"https:\/\/api.w.org\/{rel}","templated":true}]}}