{"id":58699,"date":"2017-03-08T00:06:00","date_gmt":"2017-03-08T06:06:00","guid":{"rendered":"http:\/\/www.reconoce.mx\/?p=58699"},"modified":"2017-03-07T23:45:15","modified_gmt":"2017-03-08T05:45:15","slug":"ser-humano-de-camilo-septimo","status":"publish","type":"post","link":"http:\/\/www.reconoce.mx\/?p=58699","title":{"rendered":"&#8216;Ser humano&#8217;, de Camilo S\u00e9ptimo"},"content":{"rendered":"<p><a href=\"http:\/\/www.reconoce.mx\/category\/cultura\/musica\/video-de-la-semana\/\"><img loading=\"lazy\" decoding=\"async\" class=\"aligncenter size-full wp-image-38360\" src=\"http:\/\/www.reconoce.mx\/wp-content\/uploads\/2015\/06\/videodelasemana.png\" alt=\"Martes\" width=\"550\" height=\"70\" \/><\/a><strong><br \/>\nPor <a title=\"@AsfaltosTweets\" href=\"http:\/\/twitter.com\/AsfaltosTweets\" target=\"_blank\">Asfaltos<\/a><\/strong>.<\/p>\n<p>El ascenso de <strong>Camilo S\u00e9ptimo<\/strong> est\u00e1 a todo lo que da. Despu\u00e9s de su presentaci\u00f3n en el <a href=\"http:\/\/www.reconoce.mx\/camilo-vii-en-el-lunario-noche-entre-luces-de-neon\/\" target=\"_blank\"><strong>Lunario del Auditorio Nacional<\/strong><\/a>, un foro que ya resulta importante para las bandas que tocan en \u00e9l, los m\u00fasicos anunciaron su pr\u00f3xima preentaci\u00f3n nada mas y nada menos que en el mism\u00edsimo <a href=\"http:\/\/www.reconoce.mx\/camilo-septimo-estrenara-oleos-en-el-plaza-condesa\/\" target=\"_blank\"><strong>El Plaza Condesa<\/strong><\/a>, donde presentar\u00e1n adem\u00e1s su primer y esperado \u00ablargaduraci\u00f3n\u00bb titulado \u00ab\u00d3leos\u00bb.<\/p>\n<style>.embed-container { position: relative; padding-bottom: 56.25%; height: 0; overflow: hidden; max-width: 100%; } .embed-container iframe, .embed-container object, .embed-container embed { position: absolute; top: 0; left: 0; width: 100%; height: 100%; }<\/style>\n<div class=\"embed-container\"><iframe loading=\"lazy\" src=\"https:\/\/www.youtube.com\/embed\/KakfUhtYomI\" width=\"300\" height=\"150\" frameborder=\"0\" allowfullscreen=\"allowfullscreen\"><\/iframe><\/div>\n<p>&nbsp;<\/p>\n<p>Bajo el t\u00edtulo de \u00abSer humano\u00bb, se lanz\u00f3 en los pasados d\u00edas el nuevo sencillo y video musical de <strong>Camilo S\u00e9ptimo<\/strong>; una melod\u00eda que cala hondo, pues trata sobre el amor, o mas bien, sobre lo doloroso que resulta el amor. \u00abPorque ya no puedo decirte que te amo, mi energ\u00eda est\u00e1 con otro ser humano\u00bb, es la frase directa y palpitante que los <strong>Camilo S\u00e9ptimo<\/strong> lanzan a aquellos que han estado de uno u otro lado de eso&#8230; un cambio de energ\u00eda por otro ser humano.<\/p>\n<p>En el video, tremendamente bien capturado, nos encontramos a una pareja de amantes que se encuentran en un hotel para darle rienda suelta a sus pasiones. En un juego trepidante de luces, dirigido por <strong>Julio Abad<\/strong> con fotograf\u00eda de <strong>Mundo Lujan<\/strong>, las im\u00e1genes de \u00abSer humano\u00bb se van sucediendo hasta que llegamos finalmente a&#8230; v\u00e9anlo y lo comentamos.<\/p>\n<p>Adem\u00e1s de tocar en <strong>El Plaza Condesa<\/strong> el d\u00eda 13 de mayo, <strong>Camilo S\u00e9ptimo<\/strong> formar\u00e1n parte tambi\u00e9n del <strong>Revolution Fest<\/strong> de Guadalajara y del <strong>Machaca Fest<\/strong> de Monterrey.<\/p>\n<p>\u00bfCon ganas de ver, y escuchar, algo m\u00e1s de <strong>Camilo S\u00e9ptimo<\/strong>? S\u00ed, nosotros; pero aguantemos, aguantemos esas ansias que las semanas se van rapid\u00edsimo.<\/p>\n<p>&nbsp;<\/p>\n<p>&nbsp;<\/p>\n","protected":false},"excerpt":{"rendered":"<p>El ascenso de Camilo S\u00e9ptimo est\u00e1 a todo lo que da. Despu\u00e9s de su presentaci\u00f3n en el Lunario del Auditorio Nacional, un foro que ya resulta importante para las bandas que tocan en \u00e9l, los m\u00fasicos anunciaron su pr\u00f3xima preentaci\u00f3n nada mas y nada menos que en el mism\u00edsimo El Plaza Condesa, donde presentar\u00e1n adem\u00e1s su primer y esperado largaduraci\u00f3n titulado \u00ab\u00d3leos\u00bb.  <\/p>\n","protected":false},"author":2,"featured_media":58700,"comment_status":"open","ping_status":"open","sticky":false,"template":"","format":"standard","meta":{"footnotes":""},"categories":[1,18,17,2575],"tags":[],"class_list":["post-58699","post","type-post","status-publish","format-standard","has-post-thumbnail","hentry","category-cultura","category-musica","category-principal","category-video-de-la-semana"],"yoast_head":"<!-- This site is optimized with the Yoast SEO plugin v24.7 - https:\/\/yoast.com\/wordpress\/plugins\/seo\/ -->\n<title>&#039;Ser humano&#039;, de Camilo S\u00e9ptimo &#171; Reconoce MX<\/title>\n<meta name=\"robots\" content=\"index, follow, max-snippet:-1, max-image-preview:large, max-video-preview:-1\" \/>\n<link rel=\"canonical\" href=\"http:\/\/www.reconoce.mx\/?p=58699\" \/>\n<meta property=\"og:locale\" content=\"es_ES\" \/>\n<meta property=\"og:type\" content=\"article\" \/>\n<meta property=\"og:title\" content=\"&#039;Ser humano&#039;, de Camilo S\u00e9ptimo &#171; Reconoce MX\" \/>\n<meta property=\"og:description\" content=\"El ascenso de Camilo S\u00e9ptimo est\u00e1 a todo lo que da. Despu\u00e9s de su presentaci\u00f3n en el Lunario del Auditorio Nacional, un foro que ya resulta importante para las bandas que tocan en \u00e9l, los m\u00fasicos anunciaron su pr\u00f3xima preentaci\u00f3n nada mas y nada menos que en el mism\u00edsimo El Plaza Condesa, donde presentar\u00e1n adem\u00e1s su primer y esperado largaduraci\u00f3n titulado &quot;\u00d3leos&quot;.\" \/>\n<meta property=\"og:url\" content=\"http:\/\/www.reconoce.mx\/?p=58699\" \/>\n<meta property=\"og:site_name\" content=\"Reconoce MX\" \/>\n<meta property=\"article:publisher\" content=\"https:\/\/es-la.facebook.com\/ReconoceMX\/\" \/>\n<meta property=\"article:published_time\" content=\"2017-03-08T06:06:00+00:00\" \/>\n<meta property=\"og:image\" content=\"http:\/\/www.reconoce.mx\/wp-content\/uploads\/2017\/03\/ser-humano-camilo-septimo.png\" \/>\n\t<meta property=\"og:image:width\" content=\"590\" \/>\n\t<meta property=\"og:image:height\" content=\"380\" \/>\n\t<meta property=\"og:image:type\" content=\"image\/png\" \/>\n<meta name=\"author\" content=\"Reconoce MX\" \/>\n<meta name=\"twitter:card\" content=\"summary_large_image\" \/>\n<meta name=\"twitter:creator\" content=\"@reconocemx\" \/>\n<meta name=\"twitter:site\" content=\"@reconocemx\" \/>\n<meta name=\"twitter:label1\" content=\"Escrito por\" \/>\n\t<meta name=\"twitter:data1\" content=\"Reconoce MX\" \/>\n\t<meta name=\"twitter:label2\" content=\"Tiempo de lectura\" \/>\n\t<meta name=\"twitter:data2\" content=\"1 minuto\" \/>\n<script type=\"application\/ld+json\" class=\"yoast-schema-graph\">{\"@context\":\"https:\/\/schema.org\",\"@graph\":[{\"@type\":\"Article\",\"@id\":\"http:\/\/www.reconoce.mx\/?p=58699#article\",\"isPartOf\":{\"@id\":\"http:\/\/www.reconoce.mx\/?p=58699\"},\"author\":{\"name\":\"Reconoce MX\",\"@id\":\"http:\/\/www.reconoce.mx\/#\/schema\/person\/2117e997d7051dc15d6880eaf9bca0b2\"},\"headline\":\"&#8216;Ser humano&#8217;, de Camilo S\u00e9ptimo\",\"datePublished\":\"2017-03-08T06:06:00+00:00\",\"mainEntityOfPage\":{\"@id\":\"http:\/\/www.reconoce.mx\/?p=58699\"},\"wordCount\":297,\"commentCount\":0,\"publisher\":{\"@id\":\"http:\/\/www.reconoce.mx\/#organization\"},\"image\":{\"@id\":\"http:\/\/www.reconoce.mx\/?p=58699#primaryimage\"},\"thumbnailUrl\":\"http:\/\/www.reconoce.mx\/wp-content\/uploads\/2017\/03\/ser-humano-camilo-septimo.png\",\"articleSection\":[\"Cultura\",\"M\u00fasica\",\"Principal\",\"Video de la semana\"],\"inLanguage\":\"es\",\"potentialAction\":[{\"@type\":\"CommentAction\",\"name\":\"Comment\",\"target\":[\"http:\/\/www.reconoce.mx\/?p=58699#respond\"]}]},{\"@type\":\"WebPage\",\"@id\":\"http:\/\/www.reconoce.mx\/?p=58699\",\"url\":\"http:\/\/www.reconoce.mx\/?p=58699\",\"name\":\"'Ser humano', de Camilo S\u00e9ptimo &#171; Reconoce MX\",\"isPartOf\":{\"@id\":\"http:\/\/www.reconoce.mx\/#website\"},\"primaryImageOfPage\":{\"@id\":\"http:\/\/www.reconoce.mx\/?p=58699#primaryimage\"},\"image\":{\"@id\":\"http:\/\/www.reconoce.mx\/?p=58699#primaryimage\"},\"thumbnailUrl\":\"http:\/\/www.reconoce.mx\/wp-content\/uploads\/2017\/03\/ser-humano-camilo-septimo.png\",\"datePublished\":\"2017-03-08T06:06:00+00:00\",\"breadcrumb\":{\"@id\":\"http:\/\/www.reconoce.mx\/?p=58699#breadcrumb\"},\"inLanguage\":\"es\",\"potentialAction\":[{\"@type\":\"ReadAction\",\"target\":[\"http:\/\/www.reconoce.mx\/?p=58699\"]}]},{\"@type\":\"ImageObject\",\"inLanguage\":\"es\",\"@id\":\"http:\/\/www.reconoce.mx\/?p=58699#primaryimage\",\"url\":\"http:\/\/www.reconoce.mx\/wp-content\/uploads\/2017\/03\/ser-humano-camilo-septimo.png\",\"contentUrl\":\"http:\/\/www.reconoce.mx\/wp-content\/uploads\/2017\/03\/ser-humano-camilo-septimo.png\",\"width\":590,\"height\":380},{\"@type\":\"BreadcrumbList\",\"@id\":\"http:\/\/www.reconoce.mx\/?p=58699#breadcrumb\",\"itemListElement\":[{\"@type\":\"ListItem\",\"position\":1,\"name\":\"Portada\",\"item\":\"http:\/\/www.reconoce.mx\/\"},{\"@type\":\"ListItem\",\"position\":2,\"name\":\"&#8216;Ser humano&#8217;, de Camilo S\u00e9ptimo\"}]},{\"@type\":\"WebSite\",\"@id\":\"http:\/\/www.reconoce.mx\/#website\",\"url\":\"http:\/\/www.reconoce.mx\/\",\"name\":\"Reconoce MX\",\"description\":\"En Reconoce MX difundimos arte, cultura y conciencia social en M\u00e9xico. Tu ciudad en otra perspectiva.\",\"publisher\":{\"@id\":\"http:\/\/www.reconoce.mx\/#organization\"},\"potentialAction\":[{\"@type\":\"SearchAction\",\"target\":{\"@type\":\"EntryPoint\",\"urlTemplate\":\"http:\/\/www.reconoce.mx\/?s={search_term_string}\"},\"query-input\":{\"@type\":\"PropertyValueSpecification\",\"valueRequired\":true,\"valueName\":\"search_term_string\"}}],\"inLanguage\":\"es\"},{\"@type\":\"Organization\",\"@id\":\"http:\/\/www.reconoce.mx\/#organization\",\"name\":\"Reconoce MX\",\"url\":\"http:\/\/www.reconoce.mx\/\",\"logo\":{\"@type\":\"ImageObject\",\"inLanguage\":\"es\",\"@id\":\"http:\/\/www.reconoce.mx\/#\/schema\/logo\/image\/\",\"url\":\"https:\/\/www.reconoce.mx\/wp-content\/uploads\/2019\/03\/logorcmx-good-1.png\",\"contentUrl\":\"https:\/\/www.reconoce.mx\/wp-content\/uploads\/2019\/03\/logorcmx-good-1.png\",\"width\":280,\"height\":90,\"caption\":\"Reconoce MX\"},\"image\":{\"@id\":\"http:\/\/www.reconoce.mx\/#\/schema\/logo\/image\/\"},\"sameAs\":[\"https:\/\/es-la.facebook.com\/ReconoceMX\/\",\"https:\/\/x.com\/reconocemx\",\"http:\/\/@reconocemx\"]},{\"@type\":\"Person\",\"@id\":\"http:\/\/www.reconoce.mx\/#\/schema\/person\/2117e997d7051dc15d6880eaf9bca0b2\",\"name\":\"Reconoce MX\",\"image\":{\"@type\":\"ImageObject\",\"inLanguage\":\"es\",\"@id\":\"http:\/\/www.reconoce.mx\/#\/schema\/person\/image\/\",\"url\":\"https:\/\/secure.gravatar.com\/avatar\/6c8d4dc7569ca1c90c5fdcc349f839d5ddef6fe1e70b4337ead2ef1a4c43fc3a?s=96&d=identicon&r=g\",\"contentUrl\":\"https:\/\/secure.gravatar.com\/avatar\/6c8d4dc7569ca1c90c5fdcc349f839d5ddef6fe1e70b4337ead2ef1a4c43fc3a?s=96&d=identicon&r=g\",\"caption\":\"Reconoce MX\"},\"description\":\"Reconoce MX es un proyecto de difusi\u00f3n art\u00edstica, cultural y de conciencia social que est\u00e1 enfocado a difundir y fomentar el entretenimiento alternativo de calidad para todo el p\u00fablico que comparta el mismo entusiasmo.\",\"sameAs\":[\"http:\/\/www.reconoce.mx\"],\"url\":\"http:\/\/www.reconoce.mx\/?author=2\"}]}<\/script>\n<!-- \/ Yoast SEO plugin. -->","yoast_head_json":{"title":"'Ser humano', de Camilo S\u00e9ptimo &#171; Reconoce MX","robots":{"index":"index","follow":"follow","max-snippet":"max-snippet:-1","max-image-preview":"max-image-preview:large","max-video-preview":"max-video-preview:-1"},"canonical":"http:\/\/www.reconoce.mx\/?p=58699","og_locale":"es_ES","og_type":"article","og_title":"'Ser humano', de Camilo S\u00e9ptimo &#171; Reconoce MX","og_description":"El ascenso de Camilo S\u00e9ptimo est\u00e1 a todo lo que da. Despu\u00e9s de su presentaci\u00f3n en el Lunario del Auditorio Nacional, un foro que ya resulta importante para las bandas que tocan en \u00e9l, los m\u00fasicos anunciaron su pr\u00f3xima preentaci\u00f3n nada mas y nada menos que en el mism\u00edsimo El Plaza Condesa, donde presentar\u00e1n adem\u00e1s su primer y esperado largaduraci\u00f3n titulado \"\u00d3leos\".","og_url":"http:\/\/www.reconoce.mx\/?p=58699","og_site_name":"Reconoce MX","article_publisher":"https:\/\/es-la.facebook.com\/ReconoceMX\/","article_published_time":"2017-03-08T06:06:00+00:00","og_image":[{"width":590,"height":380,"url":"http:\/\/www.reconoce.mx\/wp-content\/uploads\/2017\/03\/ser-humano-camilo-septimo.png","type":"image\/png"}],"author":"Reconoce MX","twitter_card":"summary_large_image","twitter_creator":"@reconocemx","twitter_site":"@reconocemx","twitter_misc":{"Escrito por":"Reconoce MX","Tiempo de lectura":"1 minuto"},"schema":{"@context":"https:\/\/schema.org","@graph":[{"@type":"Article","@id":"http:\/\/www.reconoce.mx\/?p=58699#article","isPartOf":{"@id":"http:\/\/www.reconoce.mx\/?p=58699"},"author":{"name":"Reconoce MX","@id":"http:\/\/www.reconoce.mx\/#\/schema\/person\/2117e997d7051dc15d6880eaf9bca0b2"},"headline":"&#8216;Ser humano&#8217;, de Camilo S\u00e9ptimo","datePublished":"2017-03-08T06:06:00+00:00","mainEntityOfPage":{"@id":"http:\/\/www.reconoce.mx\/?p=58699"},"wordCount":297,"commentCount":0,"publisher":{"@id":"http:\/\/www.reconoce.mx\/#organization"},"image":{"@id":"http:\/\/www.reconoce.mx\/?p=58699#primaryimage"},"thumbnailUrl":"http:\/\/www.reconoce.mx\/wp-content\/uploads\/2017\/03\/ser-humano-camilo-septimo.png","articleSection":["Cultura","M\u00fasica","Principal","Video de la semana"],"inLanguage":"es","potentialAction":[{"@type":"CommentAction","name":"Comment","target":["http:\/\/www.reconoce.mx\/?p=58699#respond"]}]},{"@type":"WebPage","@id":"http:\/\/www.reconoce.mx\/?p=58699","url":"http:\/\/www.reconoce.mx\/?p=58699","name":"'Ser humano', de Camilo S\u00e9ptimo &#171; Reconoce MX","isPartOf":{"@id":"http:\/\/www.reconoce.mx\/#website"},"primaryImageOfPage":{"@id":"http:\/\/www.reconoce.mx\/?p=58699#primaryimage"},"image":{"@id":"http:\/\/www.reconoce.mx\/?p=58699#primaryimage"},"thumbnailUrl":"http:\/\/www.reconoce.mx\/wp-content\/uploads\/2017\/03\/ser-humano-camilo-septimo.png","datePublished":"2017-03-08T06:06:00+00:00","breadcrumb":{"@id":"http:\/\/www.reconoce.mx\/?p=58699#breadcrumb"},"inLanguage":"es","potentialAction":[{"@type":"ReadAction","target":["http:\/\/www.reconoce.mx\/?p=58699"]}]},{"@type":"ImageObject","inLanguage":"es","@id":"http:\/\/www.reconoce.mx\/?p=58699#primaryimage","url":"http:\/\/www.reconoce.mx\/wp-content\/uploads\/2017\/03\/ser-humano-camilo-septimo.png","contentUrl":"http:\/\/www.reconoce.mx\/wp-content\/uploads\/2017\/03\/ser-humano-camilo-septimo.png","width":590,"height":380},{"@type":"BreadcrumbList","@id":"http:\/\/www.reconoce.mx\/?p=58699#breadcrumb","itemListElement":[{"@type":"ListItem","position":1,"name":"Portada","item":"http:\/\/www.reconoce.mx\/"},{"@type":"ListItem","position":2,"name":"&#8216;Ser humano&#8217;, de Camilo S\u00e9ptimo"}]},{"@type":"WebSite","@id":"http:\/\/www.reconoce.mx\/#website","url":"http:\/\/www.reconoce.mx\/","name":"Reconoce MX","description":"En Reconoce MX difundimos arte, cultura y conciencia social en M\u00e9xico. Tu ciudad en otra perspectiva.","publisher":{"@id":"http:\/\/www.reconoce.mx\/#organization"},"potentialAction":[{"@type":"SearchAction","target":{"@type":"EntryPoint","urlTemplate":"http:\/\/www.reconoce.mx\/?s={search_term_string}"},"query-input":{"@type":"PropertyValueSpecification","valueRequired":true,"valueName":"search_term_string"}}],"inLanguage":"es"},{"@type":"Organization","@id":"http:\/\/www.reconoce.mx\/#organization","name":"Reconoce MX","url":"http:\/\/www.reconoce.mx\/","logo":{"@type":"ImageObject","inLanguage":"es","@id":"http:\/\/www.reconoce.mx\/#\/schema\/logo\/image\/","url":"https:\/\/www.reconoce.mx\/wp-content\/uploads\/2019\/03\/logorcmx-good-1.png","contentUrl":"https:\/\/www.reconoce.mx\/wp-content\/uploads\/2019\/03\/logorcmx-good-1.png","width":280,"height":90,"caption":"Reconoce MX"},"image":{"@id":"http:\/\/www.reconoce.mx\/#\/schema\/logo\/image\/"},"sameAs":["https:\/\/es-la.facebook.com\/ReconoceMX\/","https:\/\/x.com\/reconocemx","http:\/\/@reconocemx"]},{"@type":"Person","@id":"http:\/\/www.reconoce.mx\/#\/schema\/person\/2117e997d7051dc15d6880eaf9bca0b2","name":"Reconoce MX","image":{"@type":"ImageObject","inLanguage":"es","@id":"http:\/\/www.reconoce.mx\/#\/schema\/person\/image\/","url":"https:\/\/secure.gravatar.com\/avatar\/6c8d4dc7569ca1c90c5fdcc349f839d5ddef6fe1e70b4337ead2ef1a4c43fc3a?s=96&d=identicon&r=g","contentUrl":"https:\/\/secure.gravatar.com\/avatar\/6c8d4dc7569ca1c90c5fdcc349f839d5ddef6fe1e70b4337ead2ef1a4c43fc3a?s=96&d=identicon&r=g","caption":"Reconoce MX"},"description":"Reconoce MX es un proyecto de difusi\u00f3n art\u00edstica, cultural y de conciencia social que est\u00e1 enfocado a difundir y fomentar el entretenimiento alternativo de calidad para todo el p\u00fablico que comparta el mismo entusiasmo.","sameAs":["http:\/\/www.reconoce.mx"],"url":"http:\/\/www.reconoce.mx\/?author=2"}]}},"_links":{"self":[{"href":"http:\/\/www.reconoce.mx\/index.php?rest_route=\/wp\/v2\/posts\/58699","targetHints":{"allow":["GET"]}}],"collection":[{"href":"http:\/\/www.reconoce.mx\/index.php?rest_route=\/wp\/v2\/posts"}],"about":[{"href":"http:\/\/www.reconoce.mx\/index.php?rest_route=\/wp\/v2\/types\/post"}],"author":[{"embeddable":true,"href":"http:\/\/www.reconoce.mx\/index.php?rest_route=\/wp\/v2\/users\/2"}],"replies":[{"embeddable":true,"href":"http:\/\/www.reconoce.mx\/index.php?rest_route=%2Fwp%2Fv2%2Fcomments&post=58699"}],"version-history":[{"count":4,"href":"http:\/\/www.reconoce.mx\/index.php?rest_route=\/wp\/v2\/posts\/58699\/revisions"}],"predecessor-version":[{"id":58704,"href":"http:\/\/www.reconoce.mx\/index.php?rest_route=\/wp\/v2\/posts\/58699\/revisions\/58704"}],"wp:featuredmedia":[{"embeddable":true,"href":"http:\/\/www.reconoce.mx\/index.php?rest_route=\/wp\/v2\/media\/58700"}],"wp:attachment":[{"href":"http:\/\/www.reconoce.mx\/index.php?rest_route=%2Fwp%2Fv2%2Fmedia&parent=58699"}],"wp:term":[{"taxonomy":"category","embeddable":true,"href":"http:\/\/www.reconoce.mx\/index.php?rest_route=%2Fwp%2Fv2%2Fcategories&post=58699"},{"taxonomy":"post_tag","embeddable":true,"href":"http:\/\/www.reconoce.mx\/index.php?rest_route=%2Fwp%2Fv2%2Ftags&post=58699"}],"curies":[{"name":"wp","href":"https:\/\/api.w.org\/{rel}","templated":true}]}}