{"id":58726,"date":"2017-03-07T00:03:09","date_gmt":"2017-03-07T06:03:09","guid":{"rendered":"http:\/\/www.reconoce.mx\/?p=58726"},"modified":"2017-03-06T09:10:46","modified_gmt":"2017-03-06T15:10:46","slug":"vive-a-kubrick-en-la-cineteca","status":"publish","type":"post","link":"http:\/\/www.reconoce.mx\/?p=58726","title":{"rendered":"Vive a Kubrick en la Cineteca"},"content":{"rendered":"<p><a href=\"http:\/\/yuca.squarespace.com\/\"><img loading=\"lazy\" decoding=\"async\" class=\"aligncenter size-full wp-image-40651\" src=\"http:\/\/www.reconoce.mx\/wp-content\/uploads\/2017\/02\/banner-sacmd-columna.jpg\" alt=\"Columnistainvitado\" width=\"570\" height=\"70\" \/><\/a><\/p>\n<p><strong>Texto por <a href=\"https:\/\/twitter.com\/andresg912\" target=\"_blank\">Andr\u00e9s Garza<\/a><\/strong>.<br \/>\n<strong>Fotos por <a href=\"https:\/\/twitter.com\/lizmeza80\" target=\"_blank\">Elizabeth Meza<\/a><\/strong>.<\/p>\n<p style=\"text-align: right;\">\u00abEs imposible decir lo que voy a hacer, excepto que espero hacer la mejor pel\u00edcula jam\u00e1s hecha.\u00bb<\/p>\n<p>Esa y m\u00e1s frases podr\u00e1n encontrar en los muros de las m\u00faltiples salas que conforman la exposici\u00f3n de <strong>Stanley Kubrick<\/strong> que ha llegado desde diciembre pasado a la <strong>Cineteca Nacional<\/strong>.<\/p>\n<p><a href=\"http:\/\/www.reconoce.mx\/wp-content\/uploads\/2017\/03\/17124729_1615437511806218_1947884047_n.jpg\"><img loading=\"lazy\" decoding=\"async\" class=\"aligncenter size-full wp-image-58729\" src=\"http:\/\/www.reconoce.mx\/wp-content\/uploads\/2017\/03\/17124729_1615437511806218_1947884047_n.jpg\" alt=\"\" width=\"720\" height=\"960\" srcset=\"http:\/\/www.reconoce.mx\/wp-content\/uploads\/2017\/03\/17124729_1615437511806218_1947884047_n.jpg 720w, http:\/\/www.reconoce.mx\/wp-content\/uploads\/2017\/03\/17124729_1615437511806218_1947884047_n-225x300.jpg 225w, http:\/\/www.reconoce.mx\/wp-content\/uploads\/2017\/03\/17124729_1615437511806218_1947884047_n-150x200.jpg 150w, http:\/\/www.reconoce.mx\/wp-content\/uploads\/2017\/03\/17124729_1615437511806218_1947884047_n-700x933.jpg 700w, http:\/\/www.reconoce.mx\/wp-content\/uploads\/2017\/03\/17124729_1615437511806218_1947884047_n-658x877.jpg 658w, http:\/\/www.reconoce.mx\/wp-content\/uploads\/2017\/03\/17124729_1615437511806218_1947884047_n-300x400.jpg 300w\" sizes=\"auto, (max-width: 720px) 100vw, 720px\" \/><\/a><\/p>\n<p>Stanley, uno de los directores m\u00e1s pol\u00e9micos de todos los tiempos, ha sido conocido por la extensa variedad en su filmograf\u00eda, que va desde comedias sat\u00edricas hasta thrillers de alto contenido sexual. El genio cinematogr\u00e1fico, nacido hace ya 88 a\u00f1os en Manhattan, Nueva York, es presentado de manera detallada y majestuosa frente a los visitantes. Haciendo honor a un hombre que, si bien no es recordado por su simpat\u00eda o carisma, s\u00ed lo es por el gran nivel de calidad mostrado en gran parte de sus pel\u00edculas.<\/p>\n<p>La exposici\u00f3n cuenta con m\u00faltiples salas que nos hacen viajar a cada una de sus pel\u00edculas y aspectos sobre su vida, comenzando por sus inicios como cineasta, que en realidad se podr\u00edan ver m\u00e1s como de fot\u00f3grafo ya que ah\u00ed fue el campo en el que comenz\u00f3 a desarrollarse como aficionado y, m\u00e1s tarde, como profesional. En toda esa sala se puede sentir un aire nost\u00e1lgico al ver sus primeros trabajos fotogr\u00e1ficos. Despu\u00e9s podemos encontrar sus primeras realizaciones f\u00edlmicas, encontrando dos cortos de los tres que dirigi\u00f3 a lo largo de su carrera. Todo esto antes de toparnos con las siguientes salas, que son usadas individualmente para albergar cada una de sus pel\u00edculas. Una imagen de <strong>Dolores Haze<\/strong> en una pose provocadora, rodeada por flores que cuelgan y paredes en tonos rojos decoran el \u00e1rea dedicada a \u00abLolita\u00bb, estupendo montaje lleno de sensualidad, al igual que la pel\u00edcula. Uno de sus filmes m\u00e1s controversiales que caus\u00f3 revuelo en Estados Unidos, y debido a eso, el director debi\u00f3 filmarla en el Reino Unido.<\/p>\n<p><a href=\"http:\/\/www.reconoce.mx\/wp-content\/uploads\/2017\/03\/17160764_1615437548472881_1947679103_n.jpg\"><img loading=\"lazy\" decoding=\"async\" class=\"aligncenter size-full wp-image-58731\" src=\"http:\/\/www.reconoce.mx\/wp-content\/uploads\/2017\/03\/17160764_1615437548472881_1947679103_n.jpg\" alt=\"\" width=\"960\" height=\"720\" srcset=\"http:\/\/www.reconoce.mx\/wp-content\/uploads\/2017\/03\/17160764_1615437548472881_1947679103_n.jpg 960w, http:\/\/www.reconoce.mx\/wp-content\/uploads\/2017\/03\/17160764_1615437548472881_1947679103_n-300x225.jpg 300w, http:\/\/www.reconoce.mx\/wp-content\/uploads\/2017\/03\/17160764_1615437548472881_1947679103_n-768x576.jpg 768w, http:\/\/www.reconoce.mx\/wp-content\/uploads\/2017\/03\/17160764_1615437548472881_1947679103_n-150x113.jpg 150w, http:\/\/www.reconoce.mx\/wp-content\/uploads\/2017\/03\/17160764_1615437548472881_1947679103_n-700x525.jpg 700w, http:\/\/www.reconoce.mx\/wp-content\/uploads\/2017\/03\/17160764_1615437548472881_1947679103_n-658x494.jpg 658w\" sizes=\"auto, (max-width: 960px) 100vw, 960px\" \/><\/a><\/p>\n<p>Enseguida se encuentra un espacio que nos transporta a la mitad de un cuartel de guerra durante la \u00e9poca de la guerra fr\u00eda, lugar donde se desarrolla la historia de la \u00fanica comedia dirigida por Kubrick: \u00abDr. Ins\u00f3lito o C\u00f3mo aprend\u00ed a no preocuparme y amar la bomba\u00bb, la cual recibi\u00f3 4 nominaciones a los <strong>Premios de la Academia<\/strong>, entre ellas, \u00abMejor pel\u00edcula\u00bb. M\u00e1s adelante est\u00e1 una sala que al igual vale la pena mencionar, una sala que nos lleva a un viaje en el tiempo dentro de la tierra y tambi\u00e9n fuera de ella. Hablo de la secci\u00f3n dedicada a \u00ab2001: Odisea en el espacio\u00bb, uno de los largometrajes m\u00e1s alabados en la historia del cine, y en la que se encuentra la verdadera joya de la exposici\u00f3n. El \u00fanico <strong>Oscar<\/strong> que gan\u00f3 Stanley durante su larga carrera fue el de \u00abMejores efectos visuales\u00bb. Una imagen que se queda grabada en la mente de quien lo vea, un impresionante brillo dorado muy dif\u00edcil de olvidar.<\/p>\n<p>De esta misma manera, las salas que contin\u00faan m\u00e1s adelante son usadas para cada uno de sus filmes restantes, todas representando la esencia de \u00e9stos. Y claro, exponiendo utiler\u00eda original de sus pel\u00edculas. El vestuario de \u00abOjos Bien Cerrados\u00bb, las c\u00e1maras que utiliz\u00f3 a lo largo de su vida, la computadora <strong>HAL 9000<\/strong>, y muchos objetos m\u00e1s son mostrados en cada una de las habitaciones. Objetos que le dan vida a una exposici\u00f3n que nos hace entender a un Kubrick que muchas veces nos es presentado como un hombre retra\u00eddo y amargado. Pero esta exhibici\u00f3n nos hace ver mucho m\u00e1s que eso, nos hace darnos cuenta del amante del ajedrez y la fotograf\u00eda, conocedor del mundo musical, aficionado al cine de <strong>Woody Allen<\/strong> y creedor ferviente de la vida extraterrestre.<\/p>\n<p><a href=\"http:\/\/www.reconoce.mx\/wp-content\/uploads\/2017\/03\/17141003_1615437638472872_1647392059_n.jpg\"><img loading=\"lazy\" decoding=\"async\" class=\"aligncenter size-full wp-image-58730\" src=\"http:\/\/www.reconoce.mx\/wp-content\/uploads\/2017\/03\/17141003_1615437638472872_1647392059_n.jpg\" alt=\"\" width=\"720\" height=\"960\" srcset=\"http:\/\/www.reconoce.mx\/wp-content\/uploads\/2017\/03\/17141003_1615437638472872_1647392059_n.jpg 720w, http:\/\/www.reconoce.mx\/wp-content\/uploads\/2017\/03\/17141003_1615437638472872_1647392059_n-225x300.jpg 225w, http:\/\/www.reconoce.mx\/wp-content\/uploads\/2017\/03\/17141003_1615437638472872_1647392059_n-150x200.jpg 150w, http:\/\/www.reconoce.mx\/wp-content\/uploads\/2017\/03\/17141003_1615437638472872_1647392059_n-700x933.jpg 700w, http:\/\/www.reconoce.mx\/wp-content\/uploads\/2017\/03\/17141003_1615437638472872_1647392059_n-658x877.jpg 658w, http:\/\/www.reconoce.mx\/wp-content\/uploads\/2017\/03\/17141003_1615437638472872_1647392059_n-300x400.jpg 300w\" sizes=\"auto, (max-width: 720px) 100vw, 720px\" \/><\/a><\/p>\n<p>Kubrick siempre quiso compartir historias y experiencias jam\u00e1s vividas o contadas a los espectadores, y esta exposici\u00f3n, un aut\u00e9ntico viaje al interior de su retorcida pero brillante mente, es un reflejo de sus intenciones como director.<\/p>\n<p><strong>Fechas<\/strong>: Hasta el 29 de mayo de 2017.<br \/>\n<strong>Costo<\/strong>: $65.00 ($45.00 presentando credencial de estudiante vigente).<br \/>\n<strong>Horario<\/strong>: Martes a domingo de 12:00 a 21:00 horas.<\/p>\n<p>&nbsp;<\/p>\n<p>&nbsp;<\/p>\n","protected":false},"excerpt":{"rendered":"<p>Esa y m\u00e1s frases podr\u00e1n encontrar en los muros de las m\u00faltiples salas que conforman la exposici\u00f3n de Stanley Kubrick que ha llegado desde diciembre pasado a la Cineteca Nacional.<\/p>\n","protected":false},"author":2,"featured_media":58732,"comment_status":"open","ping_status":"open","sticky":false,"template":"","format":"standard","meta":{"footnotes":""},"categories":[16,1,17,2656],"tags":[],"class_list":["post-58726","post","type-post","status-publish","format-standard","has-post-thumbnail","hentry","category-columnistas","category-cultura","category-principal","category-sacmd"],"yoast_head":"<!-- This site is optimized with the Yoast SEO plugin v24.7 - https:\/\/yoast.com\/wordpress\/plugins\/seo\/ -->\n<title>Vive a Kubrick en la Cineteca &#171; Reconoce MX<\/title>\n<meta name=\"robots\" content=\"index, follow, max-snippet:-1, max-image-preview:large, max-video-preview:-1\" \/>\n<link rel=\"canonical\" href=\"http:\/\/www.reconoce.mx\/?p=58726\" \/>\n<meta property=\"og:locale\" content=\"es_ES\" \/>\n<meta property=\"og:type\" content=\"article\" \/>\n<meta property=\"og:title\" content=\"Vive a Kubrick en la Cineteca &#171; Reconoce MX\" \/>\n<meta property=\"og:description\" content=\"Esa y m\u00e1s frases podr\u00e1n encontrar en los muros de las m\u00faltiples salas que conforman la exposici\u00f3n de Stanley Kubrick que ha llegado desde diciembre pasado a la Cineteca Nacional.\" \/>\n<meta property=\"og:url\" content=\"http:\/\/www.reconoce.mx\/?p=58726\" \/>\n<meta property=\"og:site_name\" content=\"Reconoce MX\" \/>\n<meta property=\"article:publisher\" content=\"https:\/\/es-la.facebook.com\/ReconoceMX\/\" \/>\n<meta property=\"article:published_time\" content=\"2017-03-07T06:03:09+00:00\" \/>\n<meta property=\"og:image\" content=\"http:\/\/www.reconoce.mx\/wp-content\/uploads\/2017\/03\/the-shining.png\" \/>\n\t<meta property=\"og:image:width\" content=\"590\" \/>\n\t<meta property=\"og:image:height\" content=\"380\" \/>\n\t<meta property=\"og:image:type\" content=\"image\/png\" \/>\n<meta name=\"author\" content=\"Reconoce MX\" \/>\n<meta name=\"twitter:card\" content=\"summary_large_image\" \/>\n<meta name=\"twitter:creator\" content=\"@reconocemx\" \/>\n<meta name=\"twitter:site\" content=\"@reconocemx\" \/>\n<meta name=\"twitter:label1\" content=\"Escrito por\" \/>\n\t<meta name=\"twitter:data1\" content=\"Reconoce MX\" \/>\n\t<meta name=\"twitter:label2\" content=\"Tiempo de lectura\" \/>\n\t<meta name=\"twitter:data2\" content=\"4 minutos\" \/>\n<script type=\"application\/ld+json\" class=\"yoast-schema-graph\">{\"@context\":\"https:\/\/schema.org\",\"@graph\":[{\"@type\":\"Article\",\"@id\":\"http:\/\/www.reconoce.mx\/?p=58726#article\",\"isPartOf\":{\"@id\":\"http:\/\/www.reconoce.mx\/?p=58726\"},\"author\":{\"name\":\"Reconoce MX\",\"@id\":\"http:\/\/www.reconoce.mx\/#\/schema\/person\/2117e997d7051dc15d6880eaf9bca0b2\"},\"headline\":\"Vive a Kubrick en la Cineteca\",\"datePublished\":\"2017-03-07T06:03:09+00:00\",\"mainEntityOfPage\":{\"@id\":\"http:\/\/www.reconoce.mx\/?p=58726\"},\"wordCount\":722,\"commentCount\":0,\"publisher\":{\"@id\":\"http:\/\/www.reconoce.mx\/#organization\"},\"image\":{\"@id\":\"http:\/\/www.reconoce.mx\/?p=58726#primaryimage\"},\"thumbnailUrl\":\"http:\/\/www.reconoce.mx\/wp-content\/uploads\/2017\/03\/the-shining.png\",\"articleSection\":[\"Columnistas\",\"Cultura\",\"Principal\",\"SACMD\"],\"inLanguage\":\"es\",\"potentialAction\":[{\"@type\":\"CommentAction\",\"name\":\"Comment\",\"target\":[\"http:\/\/www.reconoce.mx\/?p=58726#respond\"]}]},{\"@type\":\"WebPage\",\"@id\":\"http:\/\/www.reconoce.mx\/?p=58726\",\"url\":\"http:\/\/www.reconoce.mx\/?p=58726\",\"name\":\"Vive a Kubrick en la Cineteca &#171; Reconoce MX\",\"isPartOf\":{\"@id\":\"http:\/\/www.reconoce.mx\/#website\"},\"primaryImageOfPage\":{\"@id\":\"http:\/\/www.reconoce.mx\/?p=58726#primaryimage\"},\"image\":{\"@id\":\"http:\/\/www.reconoce.mx\/?p=58726#primaryimage\"},\"thumbnailUrl\":\"http:\/\/www.reconoce.mx\/wp-content\/uploads\/2017\/03\/the-shining.png\",\"datePublished\":\"2017-03-07T06:03:09+00:00\",\"breadcrumb\":{\"@id\":\"http:\/\/www.reconoce.mx\/?p=58726#breadcrumb\"},\"inLanguage\":\"es\",\"potentialAction\":[{\"@type\":\"ReadAction\",\"target\":[\"http:\/\/www.reconoce.mx\/?p=58726\"]}]},{\"@type\":\"ImageObject\",\"inLanguage\":\"es\",\"@id\":\"http:\/\/www.reconoce.mx\/?p=58726#primaryimage\",\"url\":\"http:\/\/www.reconoce.mx\/wp-content\/uploads\/2017\/03\/the-shining.png\",\"contentUrl\":\"http:\/\/www.reconoce.mx\/wp-content\/uploads\/2017\/03\/the-shining.png\",\"width\":590,\"height\":380},{\"@type\":\"BreadcrumbList\",\"@id\":\"http:\/\/www.reconoce.mx\/?p=58726#breadcrumb\",\"itemListElement\":[{\"@type\":\"ListItem\",\"position\":1,\"name\":\"Portada\",\"item\":\"http:\/\/www.reconoce.mx\/\"},{\"@type\":\"ListItem\",\"position\":2,\"name\":\"Vive a Kubrick en la Cineteca\"}]},{\"@type\":\"WebSite\",\"@id\":\"http:\/\/www.reconoce.mx\/#website\",\"url\":\"http:\/\/www.reconoce.mx\/\",\"name\":\"Reconoce MX\",\"description\":\"En Reconoce MX difundimos arte, cultura y conciencia social en M\u00e9xico. Tu ciudad en otra perspectiva.\",\"publisher\":{\"@id\":\"http:\/\/www.reconoce.mx\/#organization\"},\"potentialAction\":[{\"@type\":\"SearchAction\",\"target\":{\"@type\":\"EntryPoint\",\"urlTemplate\":\"http:\/\/www.reconoce.mx\/?s={search_term_string}\"},\"query-input\":{\"@type\":\"PropertyValueSpecification\",\"valueRequired\":true,\"valueName\":\"search_term_string\"}}],\"inLanguage\":\"es\"},{\"@type\":\"Organization\",\"@id\":\"http:\/\/www.reconoce.mx\/#organization\",\"name\":\"Reconoce MX\",\"url\":\"http:\/\/www.reconoce.mx\/\",\"logo\":{\"@type\":\"ImageObject\",\"inLanguage\":\"es\",\"@id\":\"http:\/\/www.reconoce.mx\/#\/schema\/logo\/image\/\",\"url\":\"https:\/\/www.reconoce.mx\/wp-content\/uploads\/2019\/03\/logorcmx-good-1.png\",\"contentUrl\":\"https:\/\/www.reconoce.mx\/wp-content\/uploads\/2019\/03\/logorcmx-good-1.png\",\"width\":280,\"height\":90,\"caption\":\"Reconoce MX\"},\"image\":{\"@id\":\"http:\/\/www.reconoce.mx\/#\/schema\/logo\/image\/\"},\"sameAs\":[\"https:\/\/es-la.facebook.com\/ReconoceMX\/\",\"https:\/\/x.com\/reconocemx\",\"http:\/\/@reconocemx\"]},{\"@type\":\"Person\",\"@id\":\"http:\/\/www.reconoce.mx\/#\/schema\/person\/2117e997d7051dc15d6880eaf9bca0b2\",\"name\":\"Reconoce MX\",\"image\":{\"@type\":\"ImageObject\",\"inLanguage\":\"es\",\"@id\":\"http:\/\/www.reconoce.mx\/#\/schema\/person\/image\/\",\"url\":\"https:\/\/secure.gravatar.com\/avatar\/6c8d4dc7569ca1c90c5fdcc349f839d5ddef6fe1e70b4337ead2ef1a4c43fc3a?s=96&d=identicon&r=g\",\"contentUrl\":\"https:\/\/secure.gravatar.com\/avatar\/6c8d4dc7569ca1c90c5fdcc349f839d5ddef6fe1e70b4337ead2ef1a4c43fc3a?s=96&d=identicon&r=g\",\"caption\":\"Reconoce MX\"},\"description\":\"Reconoce MX es un proyecto de difusi\u00f3n art\u00edstica, cultural y de conciencia social que est\u00e1 enfocado a difundir y fomentar el entretenimiento alternativo de calidad para todo el p\u00fablico que comparta el mismo entusiasmo.\",\"sameAs\":[\"http:\/\/www.reconoce.mx\"],\"url\":\"http:\/\/www.reconoce.mx\/?author=2\"}]}<\/script>\n<!-- \/ Yoast SEO plugin. -->","yoast_head_json":{"title":"Vive a Kubrick en la Cineteca &#171; Reconoce MX","robots":{"index":"index","follow":"follow","max-snippet":"max-snippet:-1","max-image-preview":"max-image-preview:large","max-video-preview":"max-video-preview:-1"},"canonical":"http:\/\/www.reconoce.mx\/?p=58726","og_locale":"es_ES","og_type":"article","og_title":"Vive a Kubrick en la Cineteca &#171; Reconoce MX","og_description":"Esa y m\u00e1s frases podr\u00e1n encontrar en los muros de las m\u00faltiples salas que conforman la exposici\u00f3n de Stanley Kubrick que ha llegado desde diciembre pasado a la Cineteca Nacional.","og_url":"http:\/\/www.reconoce.mx\/?p=58726","og_site_name":"Reconoce MX","article_publisher":"https:\/\/es-la.facebook.com\/ReconoceMX\/","article_published_time":"2017-03-07T06:03:09+00:00","og_image":[{"width":590,"height":380,"url":"http:\/\/www.reconoce.mx\/wp-content\/uploads\/2017\/03\/the-shining.png","type":"image\/png"}],"author":"Reconoce MX","twitter_card":"summary_large_image","twitter_creator":"@reconocemx","twitter_site":"@reconocemx","twitter_misc":{"Escrito por":"Reconoce MX","Tiempo de lectura":"4 minutos"},"schema":{"@context":"https:\/\/schema.org","@graph":[{"@type":"Article","@id":"http:\/\/www.reconoce.mx\/?p=58726#article","isPartOf":{"@id":"http:\/\/www.reconoce.mx\/?p=58726"},"author":{"name":"Reconoce MX","@id":"http:\/\/www.reconoce.mx\/#\/schema\/person\/2117e997d7051dc15d6880eaf9bca0b2"},"headline":"Vive a Kubrick en la Cineteca","datePublished":"2017-03-07T06:03:09+00:00","mainEntityOfPage":{"@id":"http:\/\/www.reconoce.mx\/?p=58726"},"wordCount":722,"commentCount":0,"publisher":{"@id":"http:\/\/www.reconoce.mx\/#organization"},"image":{"@id":"http:\/\/www.reconoce.mx\/?p=58726#primaryimage"},"thumbnailUrl":"http:\/\/www.reconoce.mx\/wp-content\/uploads\/2017\/03\/the-shining.png","articleSection":["Columnistas","Cultura","Principal","SACMD"],"inLanguage":"es","potentialAction":[{"@type":"CommentAction","name":"Comment","target":["http:\/\/www.reconoce.mx\/?p=58726#respond"]}]},{"@type":"WebPage","@id":"http:\/\/www.reconoce.mx\/?p=58726","url":"http:\/\/www.reconoce.mx\/?p=58726","name":"Vive a Kubrick en la Cineteca &#171; Reconoce MX","isPartOf":{"@id":"http:\/\/www.reconoce.mx\/#website"},"primaryImageOfPage":{"@id":"http:\/\/www.reconoce.mx\/?p=58726#primaryimage"},"image":{"@id":"http:\/\/www.reconoce.mx\/?p=58726#primaryimage"},"thumbnailUrl":"http:\/\/www.reconoce.mx\/wp-content\/uploads\/2017\/03\/the-shining.png","datePublished":"2017-03-07T06:03:09+00:00","breadcrumb":{"@id":"http:\/\/www.reconoce.mx\/?p=58726#breadcrumb"},"inLanguage":"es","potentialAction":[{"@type":"ReadAction","target":["http:\/\/www.reconoce.mx\/?p=58726"]}]},{"@type":"ImageObject","inLanguage":"es","@id":"http:\/\/www.reconoce.mx\/?p=58726#primaryimage","url":"http:\/\/www.reconoce.mx\/wp-content\/uploads\/2017\/03\/the-shining.png","contentUrl":"http:\/\/www.reconoce.mx\/wp-content\/uploads\/2017\/03\/the-shining.png","width":590,"height":380},{"@type":"BreadcrumbList","@id":"http:\/\/www.reconoce.mx\/?p=58726#breadcrumb","itemListElement":[{"@type":"ListItem","position":1,"name":"Portada","item":"http:\/\/www.reconoce.mx\/"},{"@type":"ListItem","position":2,"name":"Vive a Kubrick en la Cineteca"}]},{"@type":"WebSite","@id":"http:\/\/www.reconoce.mx\/#website","url":"http:\/\/www.reconoce.mx\/","name":"Reconoce MX","description":"En Reconoce MX difundimos arte, cultura y conciencia social en M\u00e9xico. Tu ciudad en otra perspectiva.","publisher":{"@id":"http:\/\/www.reconoce.mx\/#organization"},"potentialAction":[{"@type":"SearchAction","target":{"@type":"EntryPoint","urlTemplate":"http:\/\/www.reconoce.mx\/?s={search_term_string}"},"query-input":{"@type":"PropertyValueSpecification","valueRequired":true,"valueName":"search_term_string"}}],"inLanguage":"es"},{"@type":"Organization","@id":"http:\/\/www.reconoce.mx\/#organization","name":"Reconoce MX","url":"http:\/\/www.reconoce.mx\/","logo":{"@type":"ImageObject","inLanguage":"es","@id":"http:\/\/www.reconoce.mx\/#\/schema\/logo\/image\/","url":"https:\/\/www.reconoce.mx\/wp-content\/uploads\/2019\/03\/logorcmx-good-1.png","contentUrl":"https:\/\/www.reconoce.mx\/wp-content\/uploads\/2019\/03\/logorcmx-good-1.png","width":280,"height":90,"caption":"Reconoce MX"},"image":{"@id":"http:\/\/www.reconoce.mx\/#\/schema\/logo\/image\/"},"sameAs":["https:\/\/es-la.facebook.com\/ReconoceMX\/","https:\/\/x.com\/reconocemx","http:\/\/@reconocemx"]},{"@type":"Person","@id":"http:\/\/www.reconoce.mx\/#\/schema\/person\/2117e997d7051dc15d6880eaf9bca0b2","name":"Reconoce MX","image":{"@type":"ImageObject","inLanguage":"es","@id":"http:\/\/www.reconoce.mx\/#\/schema\/person\/image\/","url":"https:\/\/secure.gravatar.com\/avatar\/6c8d4dc7569ca1c90c5fdcc349f839d5ddef6fe1e70b4337ead2ef1a4c43fc3a?s=96&d=identicon&r=g","contentUrl":"https:\/\/secure.gravatar.com\/avatar\/6c8d4dc7569ca1c90c5fdcc349f839d5ddef6fe1e70b4337ead2ef1a4c43fc3a?s=96&d=identicon&r=g","caption":"Reconoce MX"},"description":"Reconoce MX es un proyecto de difusi\u00f3n art\u00edstica, cultural y de conciencia social que est\u00e1 enfocado a difundir y fomentar el entretenimiento alternativo de calidad para todo el p\u00fablico que comparta el mismo entusiasmo.","sameAs":["http:\/\/www.reconoce.mx"],"url":"http:\/\/www.reconoce.mx\/?author=2"}]}},"_links":{"self":[{"href":"http:\/\/www.reconoce.mx\/index.php?rest_route=\/wp\/v2\/posts\/58726","targetHints":{"allow":["GET"]}}],"collection":[{"href":"http:\/\/www.reconoce.mx\/index.php?rest_route=\/wp\/v2\/posts"}],"about":[{"href":"http:\/\/www.reconoce.mx\/index.php?rest_route=\/wp\/v2\/types\/post"}],"author":[{"embeddable":true,"href":"http:\/\/www.reconoce.mx\/index.php?rest_route=\/wp\/v2\/users\/2"}],"replies":[{"embeddable":true,"href":"http:\/\/www.reconoce.mx\/index.php?rest_route=%2Fwp%2Fv2%2Fcomments&post=58726"}],"version-history":[{"count":5,"href":"http:\/\/www.reconoce.mx\/index.php?rest_route=\/wp\/v2\/posts\/58726\/revisions"}],"predecessor-version":[{"id":58735,"href":"http:\/\/www.reconoce.mx\/index.php?rest_route=\/wp\/v2\/posts\/58726\/revisions\/58735"}],"wp:featuredmedia":[{"embeddable":true,"href":"http:\/\/www.reconoce.mx\/index.php?rest_route=\/wp\/v2\/media\/58732"}],"wp:attachment":[{"href":"http:\/\/www.reconoce.mx\/index.php?rest_route=%2Fwp%2Fv2%2Fmedia&parent=58726"}],"wp:term":[{"taxonomy":"category","embeddable":true,"href":"http:\/\/www.reconoce.mx\/index.php?rest_route=%2Fwp%2Fv2%2Fcategories&post=58726"},{"taxonomy":"post_tag","embeddable":true,"href":"http:\/\/www.reconoce.mx\/index.php?rest_route=%2Fwp%2Fv2%2Ftags&post=58726"}],"curies":[{"name":"wp","href":"https:\/\/api.w.org\/{rel}","templated":true}]}}