{"id":58736,"date":"2017-03-09T00:05:03","date_gmt":"2017-03-09T06:05:03","guid":{"rendered":"http:\/\/www.reconoce.mx\/?p=58736"},"modified":"2017-03-06T09:12:41","modified_gmt":"2017-03-06T15:12:41","slug":"felipe-calderon-para-presidente","status":"publish","type":"post","link":"http:\/\/www.reconoce.mx\/?p=58736","title":{"rendered":"Felipe Calder\u00f3n para presidente"},"content":{"rendered":"<p><strong>Por <a title=\"@danielhiga_al\" href=\"https:\/\/twitter.com\/danielhiga_al\" target=\"_blank\">Daniel Higa Alquicira<\/a><\/strong>.<\/p>\n<p>Todo parece que <strong>Felipe Calder\u00f3n<\/strong> es el que est\u00e1 haciendo campa\u00f1a para competir por la presidencia de M\u00e9xico en el 2018. Al estilo <strong>Donald Trump<\/strong> est\u00e1 activo en redes sociales, manda retos a todo el mundo, busca espacios para poder hablar y contin\u00faa fiel a su estilo de confrontaci\u00f3n.<\/p>\n<p>La familia <strong>Calder\u00f3n Zavala<\/strong> es el prototipo tradicional de un hogar feliz y perfecto. Un marido ejemplar, una esposa abnegada y unos principios religiosos preponderantes.<\/p>\n<p>Bajo este modelo, sus allegados y aliados pol\u00edticos consideran que ha llegado el momento de que <strong>Margarita Zavala<\/strong> compita por la presidencia en 2018 pero siempre bajo la sombra y la figura del hombre de la casa.<\/p>\n<p>Parece que \u00e9l ser\u00e1 el encargado de poner el nombre de <strong>Margarita Zavala<\/strong> en la agenda, pero otra vez a partir de la figura del hombre como punta de lanza.<\/p>\n<p>Mientras la se\u00f1ora de la casa aparece en escenarios peque\u00f1os y mantiene un discurso positivo sobre encuestas y decisiones \u201cresponsables\u201d de los votantes, su esposo aparece en medio de temas pol\u00e9micos que le roban toda la c\u00e1mara a la \u201cexitosa\u201d campa\u00f1a presidencial de su c\u00f3nyuge.<\/p>\n<p>\u201cEn el momento en el que yo estoy, como estoy arriba en las encuestas, se genera una serie de cr\u00edticas hacia mi persona y otras tendr\u00e1n que ser inventadas. No me da miedo la guerra sucia, ni los ataques\u201d, dijo Zavala, quien respondi\u00f3 sobre si<strong> Felipe Calder\u00f3n<\/strong> le hace labor de campa\u00f1a.<\/p>\n<p>\u00bfSer\u00e1 una familia tradicional pero muy moderna, en donde la mujer manda, decide y se respetan sus decisiones? \u00bfO ser\u00e1 el prototipo muy tradicional y ultra conservador, en donde se reafirma el modelo de que a pesar de todo, la mujer no es apta para ir sola en temas laborales?<\/p>\n<p>Si M\u00e9xico se supone est\u00e1 listo para que una mujer sea presidenta, lo que menos esperamos de ella es que su figura y peso espec\u00edfico sea aut\u00e9ntico, que no despierte estas dudas sobre su capacidad y liderazgo y que se deslinde sobre todo de su esposo, que por cierto ya fue presidente.<\/p>\n<p>Sin caer en temas extremos de machistas, estas acciones y actitudes de la pareja aspirante a <strong>Los Pinos<\/strong> nuevamente, est\u00e1 jugando ese doble rol en donde le dicen a la mujer \u201ctu puedes\u201d, pero de inmediato le corrigen para recordarle que las \u201ccosas se hacen como dice el hombre\u201d.<\/p>\n<p>Es dif\u00edcil calificar la capacidad de Zavala cuando en realidad su participaci\u00f3n en la pol\u00edtica ha sido de muy bajo perfil. Siempre apareciendo como la \u201cesposa de\u2026\u201d y no como una mujer que puede separar su vida privada de su trabajo.<\/p>\n<p>Y que esto no se confunda con un tema de misoginia, es m\u00e1s bien una reflexi\u00f3n que me lleva a la posibilidad de que Zavala puede ganar las elecciones, pero quien gobernar\u00e1 nuevamente ser\u00e1 <strong>Felipe Calder\u00f3n<\/strong>.<\/p>\n<p>Lo m\u00e1s sano para Zavala, ser\u00eda que Calder\u00f3n dejar\u00e1 de aparecer en foros p\u00fablicos, que limitara todas sus actividades a temas privados y que permitiera a su esposa dar la cara, hablar de frente a los votantes y explicar cu\u00e1l ser\u00e1 su propuesta de campa\u00f1a y su plan para gobernar.<\/p>\n<p>Que al menos de mi parte, escucho muchos discursos sobre \u201cguerras sucias\u201d, \u201cacusaciones falsas\u201d y \u201cventaja en las encuestas\u201d, pero muy poco sobre sus planes pol\u00edticos.<\/p>\n<p>Todo se limita a ganar las elecciones. \u00bfPero, por qu\u00e9 suponen que ella ser\u00eda buena presidenta? \u00bfSolo por su condici\u00f3n de mujer? \u00bfO por ser esposa de Calder\u00f3n? \u00bfO por tener esa imagen de esposa y madre perfecta \u2013que no dudo que lo sea\u2013?<\/p>\n<p>Yo le confiar\u00eda mi voto solo si demuestra que ella es la de las ideas, la de las propuestas y que tendr\u00e1 el suficiente valor y \u00e9tica profesional para hacer a un lado a su esposo si tuviera que gobernar al pa\u00eds; de otra manera, todo ser\u00e1 estrategia \u00fanica y exclusivamente para hacerse del poder (una especie de los <strong>Kirchner<\/strong> en Argentina y vean en lo que termin\u00f3 la cosa).<\/p>\n<p>Y esta exigencia se la hago a cualquier candidato del sexo masculino que pretenda ganarse mi voto.<\/p>\n<p style=\"text-align: right;\">Foto: <strong>Ministerio del Ambiente<\/strong>.<\/p>\n<p>&nbsp;<\/p>\n<p>&nbsp;<\/p>\n","protected":false},"excerpt":{"rendered":"<p>Todo parece que Felipe Calder\u00f3n es el que est\u00e1 haciendo campa\u00f1a para competir por la presidencia de M\u00e9xico en el 2018. Al estilo Donald Trump est\u00e1 activo en redes sociales, manda retos a todo el mundo, busca espacios para poder hablar y contin\u00faa fiel a su estilo de confrontaci\u00f3n.<\/p>\n","protected":false},"author":2,"featured_media":58737,"comment_status":"open","ping_status":"open","sticky":false,"template":"","format":"standard","meta":{"footnotes":""},"categories":[43,275,17],"tags":[],"class_list":["post-58736","post","type-post","status-publish","format-standard","has-post-thumbnail","hentry","category-conciencia","category-derechos-humanos","category-principal"],"yoast_head":"<!-- This site is optimized with the Yoast SEO plugin v24.7 - https:\/\/yoast.com\/wordpress\/plugins\/seo\/ -->\n<title>Felipe Calder\u00f3n para presidente &#171; Reconoce MX<\/title>\n<meta name=\"robots\" content=\"index, follow, max-snippet:-1, max-image-preview:large, max-video-preview:-1\" \/>\n<link rel=\"canonical\" href=\"http:\/\/www.reconoce.mx\/?p=58736\" \/>\n<meta property=\"og:locale\" content=\"es_ES\" \/>\n<meta property=\"og:type\" content=\"article\" \/>\n<meta property=\"og:title\" content=\"Felipe Calder\u00f3n para presidente &#171; Reconoce MX\" \/>\n<meta property=\"og:description\" content=\"Todo parece que Felipe Calder\u00f3n es el que est\u00e1 haciendo campa\u00f1a para competir por la presidencia de M\u00e9xico en el 2018. Al estilo Donald Trump est\u00e1 activo en redes sociales, manda retos a todo el mundo, busca espacios para poder hablar y contin\u00faa fiel a su estilo de confrontaci\u00f3n.\" \/>\n<meta property=\"og:url\" content=\"http:\/\/www.reconoce.mx\/?p=58736\" \/>\n<meta property=\"og:site_name\" content=\"Reconoce MX\" \/>\n<meta property=\"article:publisher\" content=\"https:\/\/es-la.facebook.com\/ReconoceMX\/\" \/>\n<meta property=\"article:published_time\" content=\"2017-03-09T06:05:03+00:00\" \/>\n<meta property=\"og:image\" content=\"http:\/\/www.reconoce.mx\/wp-content\/uploads\/2017\/03\/felipe-calderon.png\" \/>\n\t<meta property=\"og:image:width\" content=\"590\" \/>\n\t<meta property=\"og:image:height\" content=\"380\" \/>\n\t<meta property=\"og:image:type\" content=\"image\/png\" \/>\n<meta name=\"author\" content=\"Reconoce MX\" \/>\n<meta name=\"twitter:card\" content=\"summary_large_image\" \/>\n<meta name=\"twitter:creator\" content=\"@reconocemx\" \/>\n<meta name=\"twitter:site\" content=\"@reconocemx\" \/>\n<meta name=\"twitter:label1\" content=\"Escrito por\" \/>\n\t<meta name=\"twitter:data1\" content=\"Reconoce MX\" \/>\n\t<meta name=\"twitter:label2\" content=\"Tiempo de lectura\" \/>\n\t<meta name=\"twitter:data2\" content=\"4 minutos\" \/>\n<script type=\"application\/ld+json\" class=\"yoast-schema-graph\">{\"@context\":\"https:\/\/schema.org\",\"@graph\":[{\"@type\":\"Article\",\"@id\":\"http:\/\/www.reconoce.mx\/?p=58736#article\",\"isPartOf\":{\"@id\":\"http:\/\/www.reconoce.mx\/?p=58736\"},\"author\":{\"name\":\"Reconoce MX\",\"@id\":\"http:\/\/www.reconoce.mx\/#\/schema\/person\/2117e997d7051dc15d6880eaf9bca0b2\"},\"headline\":\"Felipe Calder\u00f3n para presidente\",\"datePublished\":\"2017-03-09T06:05:03+00:00\",\"mainEntityOfPage\":{\"@id\":\"http:\/\/www.reconoce.mx\/?p=58736\"},\"wordCount\":724,\"commentCount\":0,\"publisher\":{\"@id\":\"http:\/\/www.reconoce.mx\/#organization\"},\"image\":{\"@id\":\"http:\/\/www.reconoce.mx\/?p=58736#primaryimage\"},\"thumbnailUrl\":\"http:\/\/www.reconoce.mx\/wp-content\/uploads\/2017\/03\/felipe-calderon.png\",\"articleSection\":[\"Conciencia\",\"Derechos Humanos\",\"Principal\"],\"inLanguage\":\"es\",\"potentialAction\":[{\"@type\":\"CommentAction\",\"name\":\"Comment\",\"target\":[\"http:\/\/www.reconoce.mx\/?p=58736#respond\"]}]},{\"@type\":\"WebPage\",\"@id\":\"http:\/\/www.reconoce.mx\/?p=58736\",\"url\":\"http:\/\/www.reconoce.mx\/?p=58736\",\"name\":\"Felipe Calder\u00f3n para presidente &#171; Reconoce MX\",\"isPartOf\":{\"@id\":\"http:\/\/www.reconoce.mx\/#website\"},\"primaryImageOfPage\":{\"@id\":\"http:\/\/www.reconoce.mx\/?p=58736#primaryimage\"},\"image\":{\"@id\":\"http:\/\/www.reconoce.mx\/?p=58736#primaryimage\"},\"thumbnailUrl\":\"http:\/\/www.reconoce.mx\/wp-content\/uploads\/2017\/03\/felipe-calderon.png\",\"datePublished\":\"2017-03-09T06:05:03+00:00\",\"breadcrumb\":{\"@id\":\"http:\/\/www.reconoce.mx\/?p=58736#breadcrumb\"},\"inLanguage\":\"es\",\"potentialAction\":[{\"@type\":\"ReadAction\",\"target\":[\"http:\/\/www.reconoce.mx\/?p=58736\"]}]},{\"@type\":\"ImageObject\",\"inLanguage\":\"es\",\"@id\":\"http:\/\/www.reconoce.mx\/?p=58736#primaryimage\",\"url\":\"http:\/\/www.reconoce.mx\/wp-content\/uploads\/2017\/03\/felipe-calderon.png\",\"contentUrl\":\"http:\/\/www.reconoce.mx\/wp-content\/uploads\/2017\/03\/felipe-calderon.png\",\"width\":590,\"height\":380},{\"@type\":\"BreadcrumbList\",\"@id\":\"http:\/\/www.reconoce.mx\/?p=58736#breadcrumb\",\"itemListElement\":[{\"@type\":\"ListItem\",\"position\":1,\"name\":\"Portada\",\"item\":\"http:\/\/www.reconoce.mx\/\"},{\"@type\":\"ListItem\",\"position\":2,\"name\":\"Felipe Calder\u00f3n para presidente\"}]},{\"@type\":\"WebSite\",\"@id\":\"http:\/\/www.reconoce.mx\/#website\",\"url\":\"http:\/\/www.reconoce.mx\/\",\"name\":\"Reconoce MX\",\"description\":\"En Reconoce MX difundimos arte, cultura y conciencia social en M\u00e9xico. Tu ciudad en otra perspectiva.\",\"publisher\":{\"@id\":\"http:\/\/www.reconoce.mx\/#organization\"},\"potentialAction\":[{\"@type\":\"SearchAction\",\"target\":{\"@type\":\"EntryPoint\",\"urlTemplate\":\"http:\/\/www.reconoce.mx\/?s={search_term_string}\"},\"query-input\":{\"@type\":\"PropertyValueSpecification\",\"valueRequired\":true,\"valueName\":\"search_term_string\"}}],\"inLanguage\":\"es\"},{\"@type\":\"Organization\",\"@id\":\"http:\/\/www.reconoce.mx\/#organization\",\"name\":\"Reconoce MX\",\"url\":\"http:\/\/www.reconoce.mx\/\",\"logo\":{\"@type\":\"ImageObject\",\"inLanguage\":\"es\",\"@id\":\"http:\/\/www.reconoce.mx\/#\/schema\/logo\/image\/\",\"url\":\"https:\/\/www.reconoce.mx\/wp-content\/uploads\/2019\/03\/logorcmx-good-1.png\",\"contentUrl\":\"https:\/\/www.reconoce.mx\/wp-content\/uploads\/2019\/03\/logorcmx-good-1.png\",\"width\":280,\"height\":90,\"caption\":\"Reconoce MX\"},\"image\":{\"@id\":\"http:\/\/www.reconoce.mx\/#\/schema\/logo\/image\/\"},\"sameAs\":[\"https:\/\/es-la.facebook.com\/ReconoceMX\/\",\"https:\/\/x.com\/reconocemx\",\"http:\/\/@reconocemx\"]},{\"@type\":\"Person\",\"@id\":\"http:\/\/www.reconoce.mx\/#\/schema\/person\/2117e997d7051dc15d6880eaf9bca0b2\",\"name\":\"Reconoce MX\",\"image\":{\"@type\":\"ImageObject\",\"inLanguage\":\"es\",\"@id\":\"http:\/\/www.reconoce.mx\/#\/schema\/person\/image\/\",\"url\":\"https:\/\/secure.gravatar.com\/avatar\/6c8d4dc7569ca1c90c5fdcc349f839d5ddef6fe1e70b4337ead2ef1a4c43fc3a?s=96&d=identicon&r=g\",\"contentUrl\":\"https:\/\/secure.gravatar.com\/avatar\/6c8d4dc7569ca1c90c5fdcc349f839d5ddef6fe1e70b4337ead2ef1a4c43fc3a?s=96&d=identicon&r=g\",\"caption\":\"Reconoce MX\"},\"description\":\"Reconoce MX es un proyecto de difusi\u00f3n art\u00edstica, cultural y de conciencia social que est\u00e1 enfocado a difundir y fomentar el entretenimiento alternativo de calidad para todo el p\u00fablico que comparta el mismo entusiasmo.\",\"sameAs\":[\"http:\/\/www.reconoce.mx\"],\"url\":\"http:\/\/www.reconoce.mx\/?author=2\"}]}<\/script>\n<!-- \/ Yoast SEO plugin. -->","yoast_head_json":{"title":"Felipe Calder\u00f3n para presidente &#171; Reconoce MX","robots":{"index":"index","follow":"follow","max-snippet":"max-snippet:-1","max-image-preview":"max-image-preview:large","max-video-preview":"max-video-preview:-1"},"canonical":"http:\/\/www.reconoce.mx\/?p=58736","og_locale":"es_ES","og_type":"article","og_title":"Felipe Calder\u00f3n para presidente &#171; Reconoce MX","og_description":"Todo parece que Felipe Calder\u00f3n es el que est\u00e1 haciendo campa\u00f1a para competir por la presidencia de M\u00e9xico en el 2018. Al estilo Donald Trump est\u00e1 activo en redes sociales, manda retos a todo el mundo, busca espacios para poder hablar y contin\u00faa fiel a su estilo de confrontaci\u00f3n.","og_url":"http:\/\/www.reconoce.mx\/?p=58736","og_site_name":"Reconoce MX","article_publisher":"https:\/\/es-la.facebook.com\/ReconoceMX\/","article_published_time":"2017-03-09T06:05:03+00:00","og_image":[{"width":590,"height":380,"url":"http:\/\/www.reconoce.mx\/wp-content\/uploads\/2017\/03\/felipe-calderon.png","type":"image\/png"}],"author":"Reconoce MX","twitter_card":"summary_large_image","twitter_creator":"@reconocemx","twitter_site":"@reconocemx","twitter_misc":{"Escrito por":"Reconoce MX","Tiempo de lectura":"4 minutos"},"schema":{"@context":"https:\/\/schema.org","@graph":[{"@type":"Article","@id":"http:\/\/www.reconoce.mx\/?p=58736#article","isPartOf":{"@id":"http:\/\/www.reconoce.mx\/?p=58736"},"author":{"name":"Reconoce MX","@id":"http:\/\/www.reconoce.mx\/#\/schema\/person\/2117e997d7051dc15d6880eaf9bca0b2"},"headline":"Felipe Calder\u00f3n para presidente","datePublished":"2017-03-09T06:05:03+00:00","mainEntityOfPage":{"@id":"http:\/\/www.reconoce.mx\/?p=58736"},"wordCount":724,"commentCount":0,"publisher":{"@id":"http:\/\/www.reconoce.mx\/#organization"},"image":{"@id":"http:\/\/www.reconoce.mx\/?p=58736#primaryimage"},"thumbnailUrl":"http:\/\/www.reconoce.mx\/wp-content\/uploads\/2017\/03\/felipe-calderon.png","articleSection":["Conciencia","Derechos Humanos","Principal"],"inLanguage":"es","potentialAction":[{"@type":"CommentAction","name":"Comment","target":["http:\/\/www.reconoce.mx\/?p=58736#respond"]}]},{"@type":"WebPage","@id":"http:\/\/www.reconoce.mx\/?p=58736","url":"http:\/\/www.reconoce.mx\/?p=58736","name":"Felipe Calder\u00f3n para presidente &#171; Reconoce MX","isPartOf":{"@id":"http:\/\/www.reconoce.mx\/#website"},"primaryImageOfPage":{"@id":"http:\/\/www.reconoce.mx\/?p=58736#primaryimage"},"image":{"@id":"http:\/\/www.reconoce.mx\/?p=58736#primaryimage"},"thumbnailUrl":"http:\/\/www.reconoce.mx\/wp-content\/uploads\/2017\/03\/felipe-calderon.png","datePublished":"2017-03-09T06:05:03+00:00","breadcrumb":{"@id":"http:\/\/www.reconoce.mx\/?p=58736#breadcrumb"},"inLanguage":"es","potentialAction":[{"@type":"ReadAction","target":["http:\/\/www.reconoce.mx\/?p=58736"]}]},{"@type":"ImageObject","inLanguage":"es","@id":"http:\/\/www.reconoce.mx\/?p=58736#primaryimage","url":"http:\/\/www.reconoce.mx\/wp-content\/uploads\/2017\/03\/felipe-calderon.png","contentUrl":"http:\/\/www.reconoce.mx\/wp-content\/uploads\/2017\/03\/felipe-calderon.png","width":590,"height":380},{"@type":"BreadcrumbList","@id":"http:\/\/www.reconoce.mx\/?p=58736#breadcrumb","itemListElement":[{"@type":"ListItem","position":1,"name":"Portada","item":"http:\/\/www.reconoce.mx\/"},{"@type":"ListItem","position":2,"name":"Felipe Calder\u00f3n para presidente"}]},{"@type":"WebSite","@id":"http:\/\/www.reconoce.mx\/#website","url":"http:\/\/www.reconoce.mx\/","name":"Reconoce MX","description":"En Reconoce MX difundimos arte, cultura y conciencia social en M\u00e9xico. Tu ciudad en otra perspectiva.","publisher":{"@id":"http:\/\/www.reconoce.mx\/#organization"},"potentialAction":[{"@type":"SearchAction","target":{"@type":"EntryPoint","urlTemplate":"http:\/\/www.reconoce.mx\/?s={search_term_string}"},"query-input":{"@type":"PropertyValueSpecification","valueRequired":true,"valueName":"search_term_string"}}],"inLanguage":"es"},{"@type":"Organization","@id":"http:\/\/www.reconoce.mx\/#organization","name":"Reconoce MX","url":"http:\/\/www.reconoce.mx\/","logo":{"@type":"ImageObject","inLanguage":"es","@id":"http:\/\/www.reconoce.mx\/#\/schema\/logo\/image\/","url":"https:\/\/www.reconoce.mx\/wp-content\/uploads\/2019\/03\/logorcmx-good-1.png","contentUrl":"https:\/\/www.reconoce.mx\/wp-content\/uploads\/2019\/03\/logorcmx-good-1.png","width":280,"height":90,"caption":"Reconoce MX"},"image":{"@id":"http:\/\/www.reconoce.mx\/#\/schema\/logo\/image\/"},"sameAs":["https:\/\/es-la.facebook.com\/ReconoceMX\/","https:\/\/x.com\/reconocemx","http:\/\/@reconocemx"]},{"@type":"Person","@id":"http:\/\/www.reconoce.mx\/#\/schema\/person\/2117e997d7051dc15d6880eaf9bca0b2","name":"Reconoce MX","image":{"@type":"ImageObject","inLanguage":"es","@id":"http:\/\/www.reconoce.mx\/#\/schema\/person\/image\/","url":"https:\/\/secure.gravatar.com\/avatar\/6c8d4dc7569ca1c90c5fdcc349f839d5ddef6fe1e70b4337ead2ef1a4c43fc3a?s=96&d=identicon&r=g","contentUrl":"https:\/\/secure.gravatar.com\/avatar\/6c8d4dc7569ca1c90c5fdcc349f839d5ddef6fe1e70b4337ead2ef1a4c43fc3a?s=96&d=identicon&r=g","caption":"Reconoce MX"},"description":"Reconoce MX es un proyecto de difusi\u00f3n art\u00edstica, cultural y de conciencia social que est\u00e1 enfocado a difundir y fomentar el entretenimiento alternativo de calidad para todo el p\u00fablico que comparta el mismo entusiasmo.","sameAs":["http:\/\/www.reconoce.mx"],"url":"http:\/\/www.reconoce.mx\/?author=2"}]}},"_links":{"self":[{"href":"http:\/\/www.reconoce.mx\/index.php?rest_route=\/wp\/v2\/posts\/58736","targetHints":{"allow":["GET"]}}],"collection":[{"href":"http:\/\/www.reconoce.mx\/index.php?rest_route=\/wp\/v2\/posts"}],"about":[{"href":"http:\/\/www.reconoce.mx\/index.php?rest_route=\/wp\/v2\/types\/post"}],"author":[{"embeddable":true,"href":"http:\/\/www.reconoce.mx\/index.php?rest_route=\/wp\/v2\/users\/2"}],"replies":[{"embeddable":true,"href":"http:\/\/www.reconoce.mx\/index.php?rest_route=%2Fwp%2Fv2%2Fcomments&post=58736"}],"version-history":[{"count":2,"href":"http:\/\/www.reconoce.mx\/index.php?rest_route=\/wp\/v2\/posts\/58736\/revisions"}],"predecessor-version":[{"id":58739,"href":"http:\/\/www.reconoce.mx\/index.php?rest_route=\/wp\/v2\/posts\/58736\/revisions\/58739"}],"wp:featuredmedia":[{"embeddable":true,"href":"http:\/\/www.reconoce.mx\/index.php?rest_route=\/wp\/v2\/media\/58737"}],"wp:attachment":[{"href":"http:\/\/www.reconoce.mx\/index.php?rest_route=%2Fwp%2Fv2%2Fmedia&parent=58736"}],"wp:term":[{"taxonomy":"category","embeddable":true,"href":"http:\/\/www.reconoce.mx\/index.php?rest_route=%2Fwp%2Fv2%2Fcategories&post=58736"},{"taxonomy":"post_tag","embeddable":true,"href":"http:\/\/www.reconoce.mx\/index.php?rest_route=%2Fwp%2Fv2%2Ftags&post=58736"}],"curies":[{"name":"wp","href":"https:\/\/api.w.org\/{rel}","templated":true}]}}