{"id":58826,"date":"2017-03-10T00:01:50","date_gmt":"2017-03-10T06:01:50","guid":{"rendered":"http:\/\/www.reconoce.mx\/?p=58826"},"modified":"2017-03-10T22:38:24","modified_gmt":"2017-03-11T04:38:24","slug":"le-cinema-ifal-cartelera-del-10-al-16-de-marzo","status":"publish","type":"post","link":"http:\/\/www.reconoce.mx\/?p=58826","title":{"rendered":"Le Cin\u00e9ma IFAL: Cartelera del 10 al 16 de marzo"},"content":{"rendered":"<p><strong>Por <a title=\"@AsfaltosTweets\" href=\"http:\/\/twitter.com\/AsfaltosTweets\" target=\"_blank\">Asfaltos<\/a><\/strong>.<\/p>\n<p>Cine independiente, de culto y de autor, en un espacio ubicado en el <strong>Instituto Franc\u00e9s de Am\u00e9rica Latina<\/strong> llamado <strong>Le Cin\u00e9ma IFAL<\/strong>. <strong>Le Cin\u00e9ma IFAL<\/strong> cuenta con una sala de cine absolutamente acondicionada para que la experiencia sea agradable. Por si fuera poco adem\u00e1s cuenta con costos muy accesibles, por lo que la cita a <strong>Le Cin\u00e9ma IFAL<\/strong> es obligada.<\/p>\n<p>Estrenamos \u00abEl cliente\u00bb, cinta iran\u00ed dirigida por <strong>Asghar Farhadi<\/strong>, ganadora en <strong>Cannes<\/strong> y acreedora del <strong>Oscar<\/strong> 2017 a \u00abMejor pel\u00edcula de habla no inglesa\u00bb y; la cinta \u00ab<a href=\"http:\/\/www.reconoce.mx\/ficm2016-la-caja-vacia-sencilla-familiar-y-entranable\/\" target=\"_blank\">La caja vac\u00eda<\/a>\u00bb presentada en los festivales de Toronto, Morelia y Miami de la directora <strong>Claudia Sainte-Luce<\/strong>.<\/p>\n<p>Recuerden que ahora pueden comprar sus boletos en taquilla o por internet, a trav\u00e9s de la app <a href=\"http:\/\/cinemasapp.co\/\" target=\"_blank\">Cine+<\/a> disponible para IOS y Android. \u00a1<strong>Le Cin\u00e9ma IFAL<\/strong> ya acepta pagos con tarjeta en la taquilla!<\/p>\n<p>Para visitar <strong>Le Cin\u00e9ma IFAL<\/strong> deben llevar identificaci\u00f3n con foto. Indispensable.<\/p>\n<p><a href=\"http:\/\/www.reconoce.mx\/wp-content\/uploads\/2017\/03\/unnamed3.jpg\"><img loading=\"lazy\" decoding=\"async\" class=\"aligncenter size-full wp-image-58827\" src=\"http:\/\/www.reconoce.mx\/wp-content\/uploads\/2017\/03\/unnamed3.jpg\" alt=\"\" width=\"1709\" height=\"2609\" srcset=\"http:\/\/www.reconoce.mx\/wp-content\/uploads\/2017\/03\/unnamed3.jpg 1709w, http:\/\/www.reconoce.mx\/wp-content\/uploads\/2017\/03\/unnamed3-197x300.jpg 197w, http:\/\/www.reconoce.mx\/wp-content\/uploads\/2017\/03\/unnamed3-768x1172.jpg 768w, http:\/\/www.reconoce.mx\/wp-content\/uploads\/2017\/03\/unnamed3-671x1024.jpg 671w, http:\/\/www.reconoce.mx\/wp-content\/uploads\/2017\/03\/unnamed3-150x229.jpg 150w, http:\/\/www.reconoce.mx\/wp-content\/uploads\/2017\/03\/unnamed3-700x1069.jpg 700w, http:\/\/www.reconoce.mx\/wp-content\/uploads\/2017\/03\/unnamed3-658x1005.jpg 658w, http:\/\/www.reconoce.mx\/wp-content\/uploads\/2017\/03\/unnamed3-300x458.jpg 300w\" sizes=\"auto, (max-width: 1709px) 100vw, 1709px\" \/><\/a><br \/>\n<strong>Le Cin\u00e9ma IFAL<\/strong> se encuentra en R\u00edo Nazas 43, Col. Cuauht\u00e9moc, M\u00e9xico, Distrito Federal.<\/p>\n<p>&nbsp;<\/p>\n<p>&nbsp;<\/p>\n","protected":false},"excerpt":{"rendered":"<p>Cine independiente, de culto y de autor, en un espacio ubicado en el Instituto Franc\u00e9s de Am\u00e9rica Latina llamado Le Cin\u00e9ma IFAL.<\/p>\n","protected":false},"author":2,"featured_media":43732,"comment_status":"open","ping_status":"open","sticky":false,"template":"","format":"standard","meta":{"footnotes":""},"categories":[24,1,17],"tags":[],"class_list":["post-58826","post","type-post","status-publish","format-standard","has-post-thumbnail","hentry","category-cine","category-cultura","category-principal"],"yoast_head":"<!-- This site is optimized with the Yoast SEO plugin v24.7 - https:\/\/yoast.com\/wordpress\/plugins\/seo\/ -->\n<title>Le Cin\u00e9ma IFAL: Cartelera del 10 al 16 de marzo &#171; Reconoce MX<\/title>\n<meta name=\"robots\" content=\"index, follow, max-snippet:-1, max-image-preview:large, max-video-preview:-1\" \/>\n<link rel=\"canonical\" href=\"https:\/\/www.reconoce.mx\/?p=58826\" \/>\n<meta property=\"og:locale\" content=\"es_ES\" \/>\n<meta property=\"og:type\" content=\"article\" \/>\n<meta property=\"og:title\" content=\"Le Cin\u00e9ma IFAL: Cartelera del 10 al 16 de marzo &#171; Reconoce MX\" \/>\n<meta property=\"og:description\" content=\"Cine independiente, de culto y de autor, en un espacio ubicado en el Instituto Franc\u00e9s de Am\u00e9rica Latina llamado Le Cin\u00e9ma IFAL.\" \/>\n<meta property=\"og:url\" content=\"https:\/\/www.reconoce.mx\/?p=58826\" \/>\n<meta property=\"og:site_name\" content=\"Reconoce MX\" \/>\n<meta property=\"article:publisher\" content=\"https:\/\/es-la.facebook.com\/ReconoceMX\/\" \/>\n<meta property=\"article:published_time\" content=\"2017-03-10T06:01:50+00:00\" \/>\n<meta property=\"article:modified_time\" content=\"2017-03-11T04:38:24+00:00\" \/>\n<meta property=\"og:image\" content=\"https:\/\/www.reconoce.mx\/wp-content\/uploads\/2016\/01\/lecinemaifal-2015-2.png\" \/>\n\t<meta property=\"og:image:width\" content=\"570\" \/>\n\t<meta property=\"og:image:height\" content=\"360\" \/>\n\t<meta property=\"og:image:type\" content=\"image\/png\" \/>\n<meta name=\"author\" content=\"Reconoce MX\" \/>\n<meta name=\"twitter:card\" content=\"summary_large_image\" \/>\n<meta name=\"twitter:creator\" content=\"@reconocemx\" \/>\n<meta name=\"twitter:site\" content=\"@reconocemx\" \/>\n<meta name=\"twitter:label1\" content=\"Escrito por\" \/>\n\t<meta name=\"twitter:data1\" content=\"Reconoce MX\" \/>\n\t<meta name=\"twitter:label2\" content=\"Tiempo de lectura\" \/>\n\t<meta name=\"twitter:data2\" content=\"1 minuto\" \/>\n<script type=\"application\/ld+json\" class=\"yoast-schema-graph\">{\"@context\":\"https:\/\/schema.org\",\"@graph\":[{\"@type\":\"Article\",\"@id\":\"https:\/\/www.reconoce.mx\/?p=58826#article\",\"isPartOf\":{\"@id\":\"https:\/\/www.reconoce.mx\/?p=58826\"},\"author\":{\"name\":\"Reconoce MX\",\"@id\":\"http:\/\/www.reconoce.mx\/#\/schema\/person\/2117e997d7051dc15d6880eaf9bca0b2\"},\"headline\":\"Le Cin\u00e9ma IFAL: Cartelera del 10 al 16 de marzo\",\"datePublished\":\"2017-03-10T06:01:50+00:00\",\"dateModified\":\"2017-03-11T04:38:24+00:00\",\"mainEntityOfPage\":{\"@id\":\"https:\/\/www.reconoce.mx\/?p=58826\"},\"wordCount\":190,\"commentCount\":0,\"publisher\":{\"@id\":\"http:\/\/www.reconoce.mx\/#organization\"},\"image\":{\"@id\":\"https:\/\/www.reconoce.mx\/?p=58826#primaryimage\"},\"thumbnailUrl\":\"http:\/\/www.reconoce.mx\/wp-content\/uploads\/2016\/01\/lecinemaifal-2015-2.png\",\"articleSection\":[\"Cine\",\"Cultura\",\"Principal\"],\"inLanguage\":\"es\",\"potentialAction\":[{\"@type\":\"CommentAction\",\"name\":\"Comment\",\"target\":[\"https:\/\/www.reconoce.mx\/?p=58826#respond\"]}]},{\"@type\":\"WebPage\",\"@id\":\"https:\/\/www.reconoce.mx\/?p=58826\",\"url\":\"https:\/\/www.reconoce.mx\/?p=58826\",\"name\":\"Le Cin\u00e9ma IFAL: Cartelera del 10 al 16 de marzo &#171; Reconoce MX\",\"isPartOf\":{\"@id\":\"http:\/\/www.reconoce.mx\/#website\"},\"primaryImageOfPage\":{\"@id\":\"https:\/\/www.reconoce.mx\/?p=58826#primaryimage\"},\"image\":{\"@id\":\"https:\/\/www.reconoce.mx\/?p=58826#primaryimage\"},\"thumbnailUrl\":\"http:\/\/www.reconoce.mx\/wp-content\/uploads\/2016\/01\/lecinemaifal-2015-2.png\",\"datePublished\":\"2017-03-10T06:01:50+00:00\",\"dateModified\":\"2017-03-11T04:38:24+00:00\",\"breadcrumb\":{\"@id\":\"https:\/\/www.reconoce.mx\/?p=58826#breadcrumb\"},\"inLanguage\":\"es\",\"potentialAction\":[{\"@type\":\"ReadAction\",\"target\":[\"https:\/\/www.reconoce.mx\/?p=58826\"]}]},{\"@type\":\"ImageObject\",\"inLanguage\":\"es\",\"@id\":\"https:\/\/www.reconoce.mx\/?p=58826#primaryimage\",\"url\":\"http:\/\/www.reconoce.mx\/wp-content\/uploads\/2016\/01\/lecinemaifal-2015-2.png\",\"contentUrl\":\"http:\/\/www.reconoce.mx\/wp-content\/uploads\/2016\/01\/lecinemaifal-2015-2.png\",\"width\":570,\"height\":360},{\"@type\":\"BreadcrumbList\",\"@id\":\"https:\/\/www.reconoce.mx\/?p=58826#breadcrumb\",\"itemListElement\":[{\"@type\":\"ListItem\",\"position\":1,\"name\":\"Portada\",\"item\":\"http:\/\/www.reconoce.mx\/\"},{\"@type\":\"ListItem\",\"position\":2,\"name\":\"Le Cin\u00e9ma IFAL: Cartelera del 10 al 16 de marzo\"}]},{\"@type\":\"WebSite\",\"@id\":\"http:\/\/www.reconoce.mx\/#website\",\"url\":\"http:\/\/www.reconoce.mx\/\",\"name\":\"Reconoce MX\",\"description\":\"En Reconoce MX difundimos arte, cultura y conciencia social en M\u00e9xico. Tu ciudad en otra perspectiva.\",\"publisher\":{\"@id\":\"http:\/\/www.reconoce.mx\/#organization\"},\"potentialAction\":[{\"@type\":\"SearchAction\",\"target\":{\"@type\":\"EntryPoint\",\"urlTemplate\":\"http:\/\/www.reconoce.mx\/?s={search_term_string}\"},\"query-input\":{\"@type\":\"PropertyValueSpecification\",\"valueRequired\":true,\"valueName\":\"search_term_string\"}}],\"inLanguage\":\"es\"},{\"@type\":\"Organization\",\"@id\":\"http:\/\/www.reconoce.mx\/#organization\",\"name\":\"Reconoce MX\",\"url\":\"http:\/\/www.reconoce.mx\/\",\"logo\":{\"@type\":\"ImageObject\",\"inLanguage\":\"es\",\"@id\":\"http:\/\/www.reconoce.mx\/#\/schema\/logo\/image\/\",\"url\":\"https:\/\/www.reconoce.mx\/wp-content\/uploads\/2019\/03\/logorcmx-good-1.png\",\"contentUrl\":\"https:\/\/www.reconoce.mx\/wp-content\/uploads\/2019\/03\/logorcmx-good-1.png\",\"width\":280,\"height\":90,\"caption\":\"Reconoce MX\"},\"image\":{\"@id\":\"http:\/\/www.reconoce.mx\/#\/schema\/logo\/image\/\"},\"sameAs\":[\"https:\/\/es-la.facebook.com\/ReconoceMX\/\",\"https:\/\/x.com\/reconocemx\",\"http:\/\/@reconocemx\"]},{\"@type\":\"Person\",\"@id\":\"http:\/\/www.reconoce.mx\/#\/schema\/person\/2117e997d7051dc15d6880eaf9bca0b2\",\"name\":\"Reconoce MX\",\"image\":{\"@type\":\"ImageObject\",\"inLanguage\":\"es\",\"@id\":\"http:\/\/www.reconoce.mx\/#\/schema\/person\/image\/\",\"url\":\"https:\/\/secure.gravatar.com\/avatar\/6c8d4dc7569ca1c90c5fdcc349f839d5ddef6fe1e70b4337ead2ef1a4c43fc3a?s=96&d=identicon&r=g\",\"contentUrl\":\"https:\/\/secure.gravatar.com\/avatar\/6c8d4dc7569ca1c90c5fdcc349f839d5ddef6fe1e70b4337ead2ef1a4c43fc3a?s=96&d=identicon&r=g\",\"caption\":\"Reconoce MX\"},\"description\":\"Reconoce MX es un proyecto de difusi\u00f3n art\u00edstica, cultural y de conciencia social que est\u00e1 enfocado a difundir y fomentar el entretenimiento alternativo de calidad para todo el p\u00fablico que comparta el mismo entusiasmo.\",\"sameAs\":[\"http:\/\/www.reconoce.mx\"],\"url\":\"http:\/\/www.reconoce.mx\/?author=2\"}]}<\/script>\n<!-- \/ Yoast SEO plugin. -->","yoast_head_json":{"title":"Le Cin\u00e9ma IFAL: Cartelera del 10 al 16 de marzo &#171; Reconoce MX","robots":{"index":"index","follow":"follow","max-snippet":"max-snippet:-1","max-image-preview":"max-image-preview:large","max-video-preview":"max-video-preview:-1"},"canonical":"https:\/\/www.reconoce.mx\/?p=58826","og_locale":"es_ES","og_type":"article","og_title":"Le Cin\u00e9ma IFAL: Cartelera del 10 al 16 de marzo &#171; Reconoce MX","og_description":"Cine independiente, de culto y de autor, en un espacio ubicado en el Instituto Franc\u00e9s de Am\u00e9rica Latina llamado Le Cin\u00e9ma IFAL.","og_url":"https:\/\/www.reconoce.mx\/?p=58826","og_site_name":"Reconoce MX","article_publisher":"https:\/\/es-la.facebook.com\/ReconoceMX\/","article_published_time":"2017-03-10T06:01:50+00:00","article_modified_time":"2017-03-11T04:38:24+00:00","og_image":[{"width":570,"height":360,"url":"https:\/\/www.reconoce.mx\/wp-content\/uploads\/2016\/01\/lecinemaifal-2015-2.png","type":"image\/png"}],"author":"Reconoce MX","twitter_card":"summary_large_image","twitter_creator":"@reconocemx","twitter_site":"@reconocemx","twitter_misc":{"Escrito por":"Reconoce MX","Tiempo de lectura":"1 minuto"},"schema":{"@context":"https:\/\/schema.org","@graph":[{"@type":"Article","@id":"https:\/\/www.reconoce.mx\/?p=58826#article","isPartOf":{"@id":"https:\/\/www.reconoce.mx\/?p=58826"},"author":{"name":"Reconoce MX","@id":"http:\/\/www.reconoce.mx\/#\/schema\/person\/2117e997d7051dc15d6880eaf9bca0b2"},"headline":"Le Cin\u00e9ma IFAL: Cartelera del 10 al 16 de marzo","datePublished":"2017-03-10T06:01:50+00:00","dateModified":"2017-03-11T04:38:24+00:00","mainEntityOfPage":{"@id":"https:\/\/www.reconoce.mx\/?p=58826"},"wordCount":190,"commentCount":0,"publisher":{"@id":"http:\/\/www.reconoce.mx\/#organization"},"image":{"@id":"https:\/\/www.reconoce.mx\/?p=58826#primaryimage"},"thumbnailUrl":"http:\/\/www.reconoce.mx\/wp-content\/uploads\/2016\/01\/lecinemaifal-2015-2.png","articleSection":["Cine","Cultura","Principal"],"inLanguage":"es","potentialAction":[{"@type":"CommentAction","name":"Comment","target":["https:\/\/www.reconoce.mx\/?p=58826#respond"]}]},{"@type":"WebPage","@id":"https:\/\/www.reconoce.mx\/?p=58826","url":"https:\/\/www.reconoce.mx\/?p=58826","name":"Le Cin\u00e9ma IFAL: Cartelera del 10 al 16 de marzo &#171; Reconoce MX","isPartOf":{"@id":"http:\/\/www.reconoce.mx\/#website"},"primaryImageOfPage":{"@id":"https:\/\/www.reconoce.mx\/?p=58826#primaryimage"},"image":{"@id":"https:\/\/www.reconoce.mx\/?p=58826#primaryimage"},"thumbnailUrl":"http:\/\/www.reconoce.mx\/wp-content\/uploads\/2016\/01\/lecinemaifal-2015-2.png","datePublished":"2017-03-10T06:01:50+00:00","dateModified":"2017-03-11T04:38:24+00:00","breadcrumb":{"@id":"https:\/\/www.reconoce.mx\/?p=58826#breadcrumb"},"inLanguage":"es","potentialAction":[{"@type":"ReadAction","target":["https:\/\/www.reconoce.mx\/?p=58826"]}]},{"@type":"ImageObject","inLanguage":"es","@id":"https:\/\/www.reconoce.mx\/?p=58826#primaryimage","url":"http:\/\/www.reconoce.mx\/wp-content\/uploads\/2016\/01\/lecinemaifal-2015-2.png","contentUrl":"http:\/\/www.reconoce.mx\/wp-content\/uploads\/2016\/01\/lecinemaifal-2015-2.png","width":570,"height":360},{"@type":"BreadcrumbList","@id":"https:\/\/www.reconoce.mx\/?p=58826#breadcrumb","itemListElement":[{"@type":"ListItem","position":1,"name":"Portada","item":"http:\/\/www.reconoce.mx\/"},{"@type":"ListItem","position":2,"name":"Le Cin\u00e9ma IFAL: Cartelera del 10 al 16 de marzo"}]},{"@type":"WebSite","@id":"http:\/\/www.reconoce.mx\/#website","url":"http:\/\/www.reconoce.mx\/","name":"Reconoce MX","description":"En Reconoce MX difundimos arte, cultura y conciencia social en M\u00e9xico. Tu ciudad en otra perspectiva.","publisher":{"@id":"http:\/\/www.reconoce.mx\/#organization"},"potentialAction":[{"@type":"SearchAction","target":{"@type":"EntryPoint","urlTemplate":"http:\/\/www.reconoce.mx\/?s={search_term_string}"},"query-input":{"@type":"PropertyValueSpecification","valueRequired":true,"valueName":"search_term_string"}}],"inLanguage":"es"},{"@type":"Organization","@id":"http:\/\/www.reconoce.mx\/#organization","name":"Reconoce MX","url":"http:\/\/www.reconoce.mx\/","logo":{"@type":"ImageObject","inLanguage":"es","@id":"http:\/\/www.reconoce.mx\/#\/schema\/logo\/image\/","url":"https:\/\/www.reconoce.mx\/wp-content\/uploads\/2019\/03\/logorcmx-good-1.png","contentUrl":"https:\/\/www.reconoce.mx\/wp-content\/uploads\/2019\/03\/logorcmx-good-1.png","width":280,"height":90,"caption":"Reconoce MX"},"image":{"@id":"http:\/\/www.reconoce.mx\/#\/schema\/logo\/image\/"},"sameAs":["https:\/\/es-la.facebook.com\/ReconoceMX\/","https:\/\/x.com\/reconocemx","http:\/\/@reconocemx"]},{"@type":"Person","@id":"http:\/\/www.reconoce.mx\/#\/schema\/person\/2117e997d7051dc15d6880eaf9bca0b2","name":"Reconoce MX","image":{"@type":"ImageObject","inLanguage":"es","@id":"http:\/\/www.reconoce.mx\/#\/schema\/person\/image\/","url":"https:\/\/secure.gravatar.com\/avatar\/6c8d4dc7569ca1c90c5fdcc349f839d5ddef6fe1e70b4337ead2ef1a4c43fc3a?s=96&d=identicon&r=g","contentUrl":"https:\/\/secure.gravatar.com\/avatar\/6c8d4dc7569ca1c90c5fdcc349f839d5ddef6fe1e70b4337ead2ef1a4c43fc3a?s=96&d=identicon&r=g","caption":"Reconoce MX"},"description":"Reconoce MX es un proyecto de difusi\u00f3n art\u00edstica, cultural y de conciencia social que est\u00e1 enfocado a difundir y fomentar el entretenimiento alternativo de calidad para todo el p\u00fablico que comparta el mismo entusiasmo.","sameAs":["http:\/\/www.reconoce.mx"],"url":"http:\/\/www.reconoce.mx\/?author=2"}]}},"_links":{"self":[{"href":"http:\/\/www.reconoce.mx\/index.php?rest_route=\/wp\/v2\/posts\/58826","targetHints":{"allow":["GET"]}}],"collection":[{"href":"http:\/\/www.reconoce.mx\/index.php?rest_route=\/wp\/v2\/posts"}],"about":[{"href":"http:\/\/www.reconoce.mx\/index.php?rest_route=\/wp\/v2\/types\/post"}],"author":[{"embeddable":true,"href":"http:\/\/www.reconoce.mx\/index.php?rest_route=\/wp\/v2\/users\/2"}],"replies":[{"embeddable":true,"href":"http:\/\/www.reconoce.mx\/index.php?rest_route=%2Fwp%2Fv2%2Fcomments&post=58826"}],"version-history":[{"count":4,"href":"http:\/\/www.reconoce.mx\/index.php?rest_route=\/wp\/v2\/posts\/58826\/revisions"}],"predecessor-version":[{"id":58831,"href":"http:\/\/www.reconoce.mx\/index.php?rest_route=\/wp\/v2\/posts\/58826\/revisions\/58831"}],"wp:featuredmedia":[{"embeddable":true,"href":"http:\/\/www.reconoce.mx\/index.php?rest_route=\/wp\/v2\/media\/43732"}],"wp:attachment":[{"href":"http:\/\/www.reconoce.mx\/index.php?rest_route=%2Fwp%2Fv2%2Fmedia&parent=58826"}],"wp:term":[{"taxonomy":"category","embeddable":true,"href":"http:\/\/www.reconoce.mx\/index.php?rest_route=%2Fwp%2Fv2%2Fcategories&post=58826"},{"taxonomy":"post_tag","embeddable":true,"href":"http:\/\/www.reconoce.mx\/index.php?rest_route=%2Fwp%2Fv2%2Ftags&post=58826"}],"curies":[{"name":"wp","href":"https:\/\/api.w.org\/{rel}","templated":true}]}}