{"id":59477,"date":"2017-03-31T00:02:03","date_gmt":"2017-03-31T06:02:03","guid":{"rendered":"http:\/\/www.reconoce.mx\/?p=59477"},"modified":"2017-03-30T23:13:56","modified_gmt":"2017-03-31T05:13:56","slug":"lunario-cartelera-del-31-de-marzo-al-06-de-abril","status":"publish","type":"post","link":"http:\/\/www.reconoce.mx\/?p=59477","title":{"rendered":"Lunario: Cartelera del 31 de marzo al 06 de abril"},"content":{"rendered":"<p><strong>Por <a title=\"@AsfaltosTweets\" href=\"http:\/\/twitter.com\/AsfaltosTweets\" target=\"_blank\">Asfaltos<\/a><\/strong>.<\/p>\n<p>Al caer la noche, en una ubicaci\u00f3n inmejorable como es Paseo de la Reforma, en el coraz\u00f3n del Bosque de Chapultepec, el foro alternativo del <strong>Auditorio Nacional<\/strong>, el <strong>Lunario<\/strong>, se convierte en un espacio \u00edntimo y confortable donde innumerables artistas, grupos, solistas, ensambles y compa\u00f1\u00edas de prestigio nacional e internacional, deleitan a los muy diversos p\u00fablicos que se permiten disfrutar de sus noches.<\/p>\n<p>Disfruta de la variopinta cartelera del <strong>Lunario del Auditorio Nacional<\/strong>, un sitio donde lo sentidos son atendidos sin reserva y s\u00ed con mucha calidez.<\/p>\n<h1>Lunario presenta Hiromi The Trio Project<\/h1>\n<p>\/\/ marzo 31; viernes; 21:00h<br \/>\n\/\/ precios: de $850.00 a $1,550.00<\/p>\n<p><a href=\"http:\/\/www.reconoce.mx\/wp-content\/uploads\/2017\/03\/16403298_1561812567180421_8189141437371762200_o.jpg\"><img loading=\"lazy\" decoding=\"async\" class=\"aligncenter size-full wp-image-59163\" src=\"http:\/\/www.reconoce.mx\/wp-content\/uploads\/2017\/03\/16403298_1561812567180421_8189141437371762200_o.jpg\" alt=\"\" width=\"800\" height=\"1035\" srcset=\"http:\/\/www.reconoce.mx\/wp-content\/uploads\/2017\/03\/16403298_1561812567180421_8189141437371762200_o.jpg 800w, http:\/\/www.reconoce.mx\/wp-content\/uploads\/2017\/03\/16403298_1561812567180421_8189141437371762200_o-232x300.jpg 232w, http:\/\/www.reconoce.mx\/wp-content\/uploads\/2017\/03\/16403298_1561812567180421_8189141437371762200_o-768x994.jpg 768w, http:\/\/www.reconoce.mx\/wp-content\/uploads\/2017\/03\/16403298_1561812567180421_8189141437371762200_o-791x1024.jpg 791w, http:\/\/www.reconoce.mx\/wp-content\/uploads\/2017\/03\/16403298_1561812567180421_8189141437371762200_o-150x194.jpg 150w, http:\/\/www.reconoce.mx\/wp-content\/uploads\/2017\/03\/16403298_1561812567180421_8189141437371762200_o-700x906.jpg 700w, http:\/\/www.reconoce.mx\/wp-content\/uploads\/2017\/03\/16403298_1561812567180421_8189141437371762200_o-658x851.jpg 658w, http:\/\/www.reconoce.mx\/wp-content\/uploads\/2017\/03\/16403298_1561812567180421_8189141437371762200_o-300x388.jpg 300w\" sizes=\"auto, (max-width: 800px) 100vw, 800px\" \/><\/a><\/p>\n<p>Luego de su visita de 2015 al <strong>Lunario<\/strong>, la compositora y pianista japonesa <strong>Hiromi Uehara<\/strong> regresa a casa -en esta ocasi\u00f3n acompa\u00f1ada por Hadrien Feraud al bajo, sustituyendo por cuestiones de salud a Anthony Jackson, y Simon Phillips, en la bater\u00eda- para presentar su reciente producci\u00f3n \u00abSpark\u00bb (2016), que es una muestra del sonido alucinante de <strong>The Trio Project<\/strong> y de la narrativa m\u00e1s emotiva en la carrera de Hiromi. La pianista encuentra su propia chispa en la interacci\u00f3n con sus compa\u00f1eros del tr\u00edo, los cuales la han acompa\u00f1ado los \u00faltimos cinco a\u00f1os. <strong>Hiromi Uehara<\/strong> ha sido reconocida por la energ\u00eda que despliega sobre el escenario y su gran capacidad para la improvisaci\u00f3n, que se ha convertido en su sello y la ha elevado a joven leyenda del jazz mundial.<\/p>\n<h1>Andr\u00e9s Cepeda <em>Mil ciudades Tour<\/em><\/h1>\n<p>\/\/ abril 01; s\u00e1bado; 17:00 y 21:00h<br \/>\n\/\/ precios: de $350.00 a $750.00<\/p>\n<p><a href=\"http:\/\/www.reconoce.mx\/wp-content\/uploads\/2017\/03\/Andr\u00e9s-cepeda_Lunario_2017.jpg\"><img loading=\"lazy\" decoding=\"async\" src=\"http:\/\/www.reconoce.mx\/wp-content\/uploads\/2017\/03\/Andr\u00e9s-cepeda_Lunario_2017.jpg\" alt=\"\" width=\"600\" height=\"600\" class=\"aligncenter size-full wp-image-59480\" srcset=\"http:\/\/www.reconoce.mx\/wp-content\/uploads\/2017\/03\/Andr\u00e9s-cepeda_Lunario_2017.jpg 600w, http:\/\/www.reconoce.mx\/wp-content\/uploads\/2017\/03\/Andr\u00e9s-cepeda_Lunario_2017-150x150.jpg 150w, http:\/\/www.reconoce.mx\/wp-content\/uploads\/2017\/03\/Andr\u00e9s-cepeda_Lunario_2017-300x300.jpg 300w, http:\/\/www.reconoce.mx\/wp-content\/uploads\/2017\/03\/Andr\u00e9s-cepeda_Lunario_2017-65x65.jpg 65w\" sizes=\"auto, (max-width: 600px) 100vw, 600px\" \/><\/a><\/p>\n<p>Andr\u00e9s Cepeda, cantautor originario de Bogot\u00e1, Colombia, ganador de un Grammy Latino en 2013 por su producci\u00f3n Lo mejor que hay en mi vida, llegar\u00e1 por primera vez a la Ciudad de M\u00e9xico acompa\u00f1ado por sus m\u00fasicos, para interpretar sus \u00e9xitos Besos usados, Tengo ganas, D\u00eda tras d\u00eda, Un ratito, No te vayas todav\u00eda, Desesperado y su m\u00e1s reciente sencillo Por el resto de mi vida, entre otros. Adem\u00e1s ofrecer\u00e1 lo mejor de su repertorio basado en diferentes ritmos de balada, pop y bolero. Cepeda inici\u00f3 su carrera musical en 1990 con el grupo de rock Poligamia, luego de ocho a\u00f1os de trabajo la agrupaci\u00f3n se separ\u00f3 y en 1999 dio inicio a su carrera como solista, con el lanzamiento de su primer disco S\u00e9 morir, al que siguieron otras producciones como Para amarte mejor (2005) y D\u00eda tras d\u00eda (2009), reconocidas por las altas ventas en su pa\u00eds y nominadas en diferentes categor\u00edas del Grammy Latino.<\/p>\n<h1><em>NT Live<\/em> presenta <em>Amadeus<\/em><\/h1>\n<p>\/\/ abril 02 y 03; s\u00e1bado y domingo; 18:00 y 20:00h<br \/>\n\/\/ precios: preventa $150.00; d\u00eda del evento $180.00<\/p>\n<p><a href=\"http:\/\/www.reconoce.mx\/wp-content\/uploads\/2017\/03\/amadeus_8.jpg\"><img loading=\"lazy\" decoding=\"async\" src=\"http:\/\/www.reconoce.mx\/wp-content\/uploads\/2017\/03\/amadeus_8.jpg\" alt=\"\" width=\"672\" height=\"500\" class=\"aligncenter size-full wp-image-59479\" srcset=\"http:\/\/www.reconoce.mx\/wp-content\/uploads\/2017\/03\/amadeus_8.jpg 672w, http:\/\/www.reconoce.mx\/wp-content\/uploads\/2017\/03\/amadeus_8-300x223.jpg 300w, http:\/\/www.reconoce.mx\/wp-content\/uploads\/2017\/03\/amadeus_8-150x112.jpg 150w, http:\/\/www.reconoce.mx\/wp-content\/uploads\/2017\/03\/amadeus_8-658x490.jpg 658w\" sizes=\"auto, (max-width: 672px) 100vw, 672px\" \/><\/a><\/p>\n<p>Wolfgang Amadeus Mozart, un indisciplinado joven prodigio, llega a Vienna, la capital mundial de la m\u00fasica, qui\u00e9n est\u00e1 determinado a llamar la atenci\u00f3n del p\u00fablico. Atemorizado por su ingenio, el compositor de la corte, Antonio Salieri, tiene el poder de promover su talento o destruir su nombre. Presa de sus obsesivos celos, Salieri empieza una guerra con Mozart, con la m\u00fasica y en \u00faltima instancia, con Dios. Esta puesta en escena est\u00e1 basada en la ic\u00f3nica obra de Peter Shaffer, Amadeus, y es protagonizada por Lucian Msamati.<\/p>\n<h1>Abel Pintos en M\u00e9xico por primera vez en concierto<\/h1>\n<p>\/\/ abril 06; jueves; 21:00h<br \/>\n\/\/ precios: de $350 a $750.00<\/p>\n<p><a href=\"http:\/\/www.reconoce.mx\/wp-content\/uploads\/2017\/03\/Abel-Pintos-en-el-LUNARIO.jpg\"><img loading=\"lazy\" decoding=\"async\" src=\"http:\/\/www.reconoce.mx\/wp-content\/uploads\/2017\/03\/Abel-Pintos-en-el-LUNARIO.jpg\" alt=\"\" width=\"3300\" height=\"5100\" class=\"aligncenter size-full wp-image-59478\" srcset=\"http:\/\/www.reconoce.mx\/wp-content\/uploads\/2017\/03\/Abel-Pintos-en-el-LUNARIO.jpg 3300w, http:\/\/www.reconoce.mx\/wp-content\/uploads\/2017\/03\/Abel-Pintos-en-el-LUNARIO-194x300.jpg 194w, http:\/\/www.reconoce.mx\/wp-content\/uploads\/2017\/03\/Abel-Pintos-en-el-LUNARIO-768x1187.jpg 768w, http:\/\/www.reconoce.mx\/wp-content\/uploads\/2017\/03\/Abel-Pintos-en-el-LUNARIO-663x1024.jpg 663w, http:\/\/www.reconoce.mx\/wp-content\/uploads\/2017\/03\/Abel-Pintos-en-el-LUNARIO-150x232.jpg 150w, http:\/\/www.reconoce.mx\/wp-content\/uploads\/2017\/03\/Abel-Pintos-en-el-LUNARIO-700x1082.jpg 700w, http:\/\/www.reconoce.mx\/wp-content\/uploads\/2017\/03\/Abel-Pintos-en-el-LUNARIO-658x1017.jpg 658w, http:\/\/www.reconoce.mx\/wp-content\/uploads\/2017\/03\/Abel-Pintos-en-el-LUNARIO-300x464.jpg 300w\" sizes=\"auto, (max-width: 3300px) 100vw, 3300px\" \/><\/a><\/p>\n<p>En 2016 Abel Pintos, uno de los m\u00e1ximos exponentes de la m\u00fasica argentina, lanz\u00f3 su \u00e1lbum 11, que es el und\u00e9cimo en su carrera de m\u00e1s de 20 a\u00f1os, pero el primero que se edita en otros pa\u00edses. Con este material que integra temas como El adivino y Mariposa, adem\u00e1s de los grandes \u00e9xitos de su repertorio musical, el tambi\u00e9n compositor ofrecer\u00e1 su primer concierto en M\u00e9xico. Abel Pintos inici\u00f3 su carrera con temas provenientes de ritmos folkl\u00f3ricos, que ahora fusiona con el pop y m\u00fasica latina, para crear un estilo propio que lo ha llevado a ser reconocido con 11 Premios Gardel y dos Gaviotas de Plata en el Festival Vi\u00f1a del Mar, entre otros.<\/p>\n<p>Boletos a la venta en taquilla y a trav\u00e9s del <a href=\"http:\/\/www.ticketmaster.com.mx\/Lunario-Del-Auditorio-Nacional-boletos-Mexico\/venue\/164051\" target=\"_blank\">Sistema Ticketmaster<\/a>. <strong>Lunario<\/strong> se encuentra ubicado en Paseo de la Reforma #50, Polanco V Secc, Miguel Hidalgo, Ciudad de M\u00e9xico.<\/p>\n<p>&nbsp;<\/p>\n<p>&nbsp;<\/p>\n","protected":false},"excerpt":{"rendered":"<p>Disfruta de la variopinta cartelera del Lunario del Auditorio Nacional, un sitio donde lo sentidos son atendidos sin reserva y s\u00ed con mucha calidez.<\/p>\n","protected":false},"author":2,"featured_media":53154,"comment_status":"open","ping_status":"open","sticky":false,"template":"","format":"standard","meta":{"footnotes":""},"categories":[1,18,17],"tags":[],"class_list":["post-59477","post","type-post","status-publish","format-standard","has-post-thumbnail","hentry","category-cultura","category-musica","category-principal"],"yoast_head":"<!-- This site is optimized with the Yoast SEO plugin v24.7 - https:\/\/yoast.com\/wordpress\/plugins\/seo\/ -->\n<title>Lunario: Cartelera del 31 de marzo al 06 de abril &#171; Reconoce MX<\/title>\n<meta name=\"robots\" content=\"index, follow, max-snippet:-1, max-image-preview:large, max-video-preview:-1\" \/>\n<link rel=\"canonical\" href=\"http:\/\/www.reconoce.mx\/?p=59477\" \/>\n<meta property=\"og:locale\" content=\"es_ES\" \/>\n<meta property=\"og:type\" content=\"article\" \/>\n<meta property=\"og:title\" content=\"Lunario: Cartelera del 31 de marzo al 06 de abril &#171; Reconoce MX\" \/>\n<meta property=\"og:description\" content=\"Disfruta de la variopinta cartelera del Lunario del Auditorio Nacional, un sitio donde lo sentidos son atendidos sin reserva y s\u00ed con mucha calidez.\" \/>\n<meta property=\"og:url\" content=\"http:\/\/www.reconoce.mx\/?p=59477\" \/>\n<meta property=\"og:site_name\" content=\"Reconoce MX\" \/>\n<meta property=\"article:publisher\" content=\"https:\/\/es-la.facebook.com\/ReconoceMX\/\" \/>\n<meta property=\"article:published_time\" content=\"2017-03-31T06:02:03+00:00\" \/>\n<meta property=\"og:image\" content=\"http:\/\/www.reconoce.mx\/wp-content\/uploads\/2016\/10\/lunario.cover2_.png\" \/>\n\t<meta property=\"og:image:width\" content=\"590\" \/>\n\t<meta property=\"og:image:height\" content=\"380\" \/>\n\t<meta property=\"og:image:type\" content=\"image\/png\" \/>\n<meta name=\"author\" content=\"Reconoce MX\" \/>\n<meta name=\"twitter:card\" content=\"summary_large_image\" \/>\n<meta name=\"twitter:creator\" content=\"@reconocemx\" \/>\n<meta name=\"twitter:site\" content=\"@reconocemx\" \/>\n<meta name=\"twitter:label1\" content=\"Escrito por\" \/>\n\t<meta name=\"twitter:data1\" content=\"Reconoce MX\" \/>\n\t<meta name=\"twitter:label2\" content=\"Tiempo de lectura\" \/>\n\t<meta name=\"twitter:data2\" content=\"4 minutos\" \/>\n<script type=\"application\/ld+json\" class=\"yoast-schema-graph\">{\"@context\":\"https:\/\/schema.org\",\"@graph\":[{\"@type\":\"Article\",\"@id\":\"http:\/\/www.reconoce.mx\/?p=59477#article\",\"isPartOf\":{\"@id\":\"http:\/\/www.reconoce.mx\/?p=59477\"},\"author\":{\"name\":\"Reconoce MX\",\"@id\":\"http:\/\/www.reconoce.mx\/#\/schema\/person\/2117e997d7051dc15d6880eaf9bca0b2\"},\"headline\":\"Lunario: Cartelera del 31 de marzo al 06 de abril\",\"datePublished\":\"2017-03-31T06:02:03+00:00\",\"mainEntityOfPage\":{\"@id\":\"http:\/\/www.reconoce.mx\/?p=59477\"},\"wordCount\":719,\"commentCount\":0,\"publisher\":{\"@id\":\"http:\/\/www.reconoce.mx\/#organization\"},\"image\":{\"@id\":\"http:\/\/www.reconoce.mx\/?p=59477#primaryimage\"},\"thumbnailUrl\":\"http:\/\/www.reconoce.mx\/wp-content\/uploads\/2016\/10\/lunario.cover2_.png\",\"articleSection\":[\"Cultura\",\"M\u00fasica\",\"Principal\"],\"inLanguage\":\"es\",\"potentialAction\":[{\"@type\":\"CommentAction\",\"name\":\"Comment\",\"target\":[\"http:\/\/www.reconoce.mx\/?p=59477#respond\"]}]},{\"@type\":\"WebPage\",\"@id\":\"http:\/\/www.reconoce.mx\/?p=59477\",\"url\":\"http:\/\/www.reconoce.mx\/?p=59477\",\"name\":\"Lunario: Cartelera del 31 de marzo al 06 de abril &#171; Reconoce MX\",\"isPartOf\":{\"@id\":\"http:\/\/www.reconoce.mx\/#website\"},\"primaryImageOfPage\":{\"@id\":\"http:\/\/www.reconoce.mx\/?p=59477#primaryimage\"},\"image\":{\"@id\":\"http:\/\/www.reconoce.mx\/?p=59477#primaryimage\"},\"thumbnailUrl\":\"http:\/\/www.reconoce.mx\/wp-content\/uploads\/2016\/10\/lunario.cover2_.png\",\"datePublished\":\"2017-03-31T06:02:03+00:00\",\"breadcrumb\":{\"@id\":\"http:\/\/www.reconoce.mx\/?p=59477#breadcrumb\"},\"inLanguage\":\"es\",\"potentialAction\":[{\"@type\":\"ReadAction\",\"target\":[\"http:\/\/www.reconoce.mx\/?p=59477\"]}]},{\"@type\":\"ImageObject\",\"inLanguage\":\"es\",\"@id\":\"http:\/\/www.reconoce.mx\/?p=59477#primaryimage\",\"url\":\"http:\/\/www.reconoce.mx\/wp-content\/uploads\/2016\/10\/lunario.cover2_.png\",\"contentUrl\":\"http:\/\/www.reconoce.mx\/wp-content\/uploads\/2016\/10\/lunario.cover2_.png\",\"width\":590,\"height\":380},{\"@type\":\"BreadcrumbList\",\"@id\":\"http:\/\/www.reconoce.mx\/?p=59477#breadcrumb\",\"itemListElement\":[{\"@type\":\"ListItem\",\"position\":1,\"name\":\"Portada\",\"item\":\"http:\/\/www.reconoce.mx\/\"},{\"@type\":\"ListItem\",\"position\":2,\"name\":\"Lunario: Cartelera del 31 de marzo al 06 de abril\"}]},{\"@type\":\"WebSite\",\"@id\":\"http:\/\/www.reconoce.mx\/#website\",\"url\":\"http:\/\/www.reconoce.mx\/\",\"name\":\"Reconoce MX\",\"description\":\"En Reconoce MX difundimos arte, cultura y conciencia social en M\u00e9xico. Tu ciudad en otra perspectiva.\",\"publisher\":{\"@id\":\"http:\/\/www.reconoce.mx\/#organization\"},\"potentialAction\":[{\"@type\":\"SearchAction\",\"target\":{\"@type\":\"EntryPoint\",\"urlTemplate\":\"http:\/\/www.reconoce.mx\/?s={search_term_string}\"},\"query-input\":{\"@type\":\"PropertyValueSpecification\",\"valueRequired\":true,\"valueName\":\"search_term_string\"}}],\"inLanguage\":\"es\"},{\"@type\":\"Organization\",\"@id\":\"http:\/\/www.reconoce.mx\/#organization\",\"name\":\"Reconoce MX\",\"url\":\"http:\/\/www.reconoce.mx\/\",\"logo\":{\"@type\":\"ImageObject\",\"inLanguage\":\"es\",\"@id\":\"http:\/\/www.reconoce.mx\/#\/schema\/logo\/image\/\",\"url\":\"https:\/\/www.reconoce.mx\/wp-content\/uploads\/2019\/03\/logorcmx-good-1.png\",\"contentUrl\":\"https:\/\/www.reconoce.mx\/wp-content\/uploads\/2019\/03\/logorcmx-good-1.png\",\"width\":280,\"height\":90,\"caption\":\"Reconoce MX\"},\"image\":{\"@id\":\"http:\/\/www.reconoce.mx\/#\/schema\/logo\/image\/\"},\"sameAs\":[\"https:\/\/es-la.facebook.com\/ReconoceMX\/\",\"https:\/\/x.com\/reconocemx\",\"http:\/\/@reconocemx\"]},{\"@type\":\"Person\",\"@id\":\"http:\/\/www.reconoce.mx\/#\/schema\/person\/2117e997d7051dc15d6880eaf9bca0b2\",\"name\":\"Reconoce MX\",\"image\":{\"@type\":\"ImageObject\",\"inLanguage\":\"es\",\"@id\":\"http:\/\/www.reconoce.mx\/#\/schema\/person\/image\/\",\"url\":\"https:\/\/secure.gravatar.com\/avatar\/6c8d4dc7569ca1c90c5fdcc349f839d5ddef6fe1e70b4337ead2ef1a4c43fc3a?s=96&d=identicon&r=g\",\"contentUrl\":\"https:\/\/secure.gravatar.com\/avatar\/6c8d4dc7569ca1c90c5fdcc349f839d5ddef6fe1e70b4337ead2ef1a4c43fc3a?s=96&d=identicon&r=g\",\"caption\":\"Reconoce MX\"},\"description\":\"Reconoce MX es un proyecto de difusi\u00f3n art\u00edstica, cultural y de conciencia social que est\u00e1 enfocado a difundir y fomentar el entretenimiento alternativo de calidad para todo el p\u00fablico que comparta el mismo entusiasmo.\",\"sameAs\":[\"http:\/\/www.reconoce.mx\"],\"url\":\"http:\/\/www.reconoce.mx\/?author=2\"}]}<\/script>\n<!-- \/ Yoast SEO plugin. -->","yoast_head_json":{"title":"Lunario: Cartelera del 31 de marzo al 06 de abril &#171; Reconoce MX","robots":{"index":"index","follow":"follow","max-snippet":"max-snippet:-1","max-image-preview":"max-image-preview:large","max-video-preview":"max-video-preview:-1"},"canonical":"http:\/\/www.reconoce.mx\/?p=59477","og_locale":"es_ES","og_type":"article","og_title":"Lunario: Cartelera del 31 de marzo al 06 de abril &#171; Reconoce MX","og_description":"Disfruta de la variopinta cartelera del Lunario del Auditorio Nacional, un sitio donde lo sentidos son atendidos sin reserva y s\u00ed con mucha calidez.","og_url":"http:\/\/www.reconoce.mx\/?p=59477","og_site_name":"Reconoce MX","article_publisher":"https:\/\/es-la.facebook.com\/ReconoceMX\/","article_published_time":"2017-03-31T06:02:03+00:00","og_image":[{"width":590,"height":380,"url":"http:\/\/www.reconoce.mx\/wp-content\/uploads\/2016\/10\/lunario.cover2_.png","type":"image\/png"}],"author":"Reconoce MX","twitter_card":"summary_large_image","twitter_creator":"@reconocemx","twitter_site":"@reconocemx","twitter_misc":{"Escrito por":"Reconoce MX","Tiempo de lectura":"4 minutos"},"schema":{"@context":"https:\/\/schema.org","@graph":[{"@type":"Article","@id":"http:\/\/www.reconoce.mx\/?p=59477#article","isPartOf":{"@id":"http:\/\/www.reconoce.mx\/?p=59477"},"author":{"name":"Reconoce MX","@id":"http:\/\/www.reconoce.mx\/#\/schema\/person\/2117e997d7051dc15d6880eaf9bca0b2"},"headline":"Lunario: Cartelera del 31 de marzo al 06 de abril","datePublished":"2017-03-31T06:02:03+00:00","mainEntityOfPage":{"@id":"http:\/\/www.reconoce.mx\/?p=59477"},"wordCount":719,"commentCount":0,"publisher":{"@id":"http:\/\/www.reconoce.mx\/#organization"},"image":{"@id":"http:\/\/www.reconoce.mx\/?p=59477#primaryimage"},"thumbnailUrl":"http:\/\/www.reconoce.mx\/wp-content\/uploads\/2016\/10\/lunario.cover2_.png","articleSection":["Cultura","M\u00fasica","Principal"],"inLanguage":"es","potentialAction":[{"@type":"CommentAction","name":"Comment","target":["http:\/\/www.reconoce.mx\/?p=59477#respond"]}]},{"@type":"WebPage","@id":"http:\/\/www.reconoce.mx\/?p=59477","url":"http:\/\/www.reconoce.mx\/?p=59477","name":"Lunario: Cartelera del 31 de marzo al 06 de abril &#171; Reconoce MX","isPartOf":{"@id":"http:\/\/www.reconoce.mx\/#website"},"primaryImageOfPage":{"@id":"http:\/\/www.reconoce.mx\/?p=59477#primaryimage"},"image":{"@id":"http:\/\/www.reconoce.mx\/?p=59477#primaryimage"},"thumbnailUrl":"http:\/\/www.reconoce.mx\/wp-content\/uploads\/2016\/10\/lunario.cover2_.png","datePublished":"2017-03-31T06:02:03+00:00","breadcrumb":{"@id":"http:\/\/www.reconoce.mx\/?p=59477#breadcrumb"},"inLanguage":"es","potentialAction":[{"@type":"ReadAction","target":["http:\/\/www.reconoce.mx\/?p=59477"]}]},{"@type":"ImageObject","inLanguage":"es","@id":"http:\/\/www.reconoce.mx\/?p=59477#primaryimage","url":"http:\/\/www.reconoce.mx\/wp-content\/uploads\/2016\/10\/lunario.cover2_.png","contentUrl":"http:\/\/www.reconoce.mx\/wp-content\/uploads\/2016\/10\/lunario.cover2_.png","width":590,"height":380},{"@type":"BreadcrumbList","@id":"http:\/\/www.reconoce.mx\/?p=59477#breadcrumb","itemListElement":[{"@type":"ListItem","position":1,"name":"Portada","item":"http:\/\/www.reconoce.mx\/"},{"@type":"ListItem","position":2,"name":"Lunario: Cartelera del 31 de marzo al 06 de abril"}]},{"@type":"WebSite","@id":"http:\/\/www.reconoce.mx\/#website","url":"http:\/\/www.reconoce.mx\/","name":"Reconoce MX","description":"En Reconoce MX difundimos arte, cultura y conciencia social en M\u00e9xico. Tu ciudad en otra perspectiva.","publisher":{"@id":"http:\/\/www.reconoce.mx\/#organization"},"potentialAction":[{"@type":"SearchAction","target":{"@type":"EntryPoint","urlTemplate":"http:\/\/www.reconoce.mx\/?s={search_term_string}"},"query-input":{"@type":"PropertyValueSpecification","valueRequired":true,"valueName":"search_term_string"}}],"inLanguage":"es"},{"@type":"Organization","@id":"http:\/\/www.reconoce.mx\/#organization","name":"Reconoce MX","url":"http:\/\/www.reconoce.mx\/","logo":{"@type":"ImageObject","inLanguage":"es","@id":"http:\/\/www.reconoce.mx\/#\/schema\/logo\/image\/","url":"https:\/\/www.reconoce.mx\/wp-content\/uploads\/2019\/03\/logorcmx-good-1.png","contentUrl":"https:\/\/www.reconoce.mx\/wp-content\/uploads\/2019\/03\/logorcmx-good-1.png","width":280,"height":90,"caption":"Reconoce MX"},"image":{"@id":"http:\/\/www.reconoce.mx\/#\/schema\/logo\/image\/"},"sameAs":["https:\/\/es-la.facebook.com\/ReconoceMX\/","https:\/\/x.com\/reconocemx","http:\/\/@reconocemx"]},{"@type":"Person","@id":"http:\/\/www.reconoce.mx\/#\/schema\/person\/2117e997d7051dc15d6880eaf9bca0b2","name":"Reconoce MX","image":{"@type":"ImageObject","inLanguage":"es","@id":"http:\/\/www.reconoce.mx\/#\/schema\/person\/image\/","url":"https:\/\/secure.gravatar.com\/avatar\/6c8d4dc7569ca1c90c5fdcc349f839d5ddef6fe1e70b4337ead2ef1a4c43fc3a?s=96&d=identicon&r=g","contentUrl":"https:\/\/secure.gravatar.com\/avatar\/6c8d4dc7569ca1c90c5fdcc349f839d5ddef6fe1e70b4337ead2ef1a4c43fc3a?s=96&d=identicon&r=g","caption":"Reconoce MX"},"description":"Reconoce MX es un proyecto de difusi\u00f3n art\u00edstica, cultural y de conciencia social que est\u00e1 enfocado a difundir y fomentar el entretenimiento alternativo de calidad para todo el p\u00fablico que comparta el mismo entusiasmo.","sameAs":["http:\/\/www.reconoce.mx"],"url":"http:\/\/www.reconoce.mx\/?author=2"}]}},"_links":{"self":[{"href":"http:\/\/www.reconoce.mx\/index.php?rest_route=\/wp\/v2\/posts\/59477","targetHints":{"allow":["GET"]}}],"collection":[{"href":"http:\/\/www.reconoce.mx\/index.php?rest_route=\/wp\/v2\/posts"}],"about":[{"href":"http:\/\/www.reconoce.mx\/index.php?rest_route=\/wp\/v2\/types\/post"}],"author":[{"embeddable":true,"href":"http:\/\/www.reconoce.mx\/index.php?rest_route=\/wp\/v2\/users\/2"}],"replies":[{"embeddable":true,"href":"http:\/\/www.reconoce.mx\/index.php?rest_route=%2Fwp%2Fv2%2Fcomments&post=59477"}],"version-history":[{"count":2,"href":"http:\/\/www.reconoce.mx\/index.php?rest_route=\/wp\/v2\/posts\/59477\/revisions"}],"predecessor-version":[{"id":59482,"href":"http:\/\/www.reconoce.mx\/index.php?rest_route=\/wp\/v2\/posts\/59477\/revisions\/59482"}],"wp:featuredmedia":[{"embeddable":true,"href":"http:\/\/www.reconoce.mx\/index.php?rest_route=\/wp\/v2\/media\/53154"}],"wp:attachment":[{"href":"http:\/\/www.reconoce.mx\/index.php?rest_route=%2Fwp%2Fv2%2Fmedia&parent=59477"}],"wp:term":[{"taxonomy":"category","embeddable":true,"href":"http:\/\/www.reconoce.mx\/index.php?rest_route=%2Fwp%2Fv2%2Fcategories&post=59477"},{"taxonomy":"post_tag","embeddable":true,"href":"http:\/\/www.reconoce.mx\/index.php?rest_route=%2Fwp%2Fv2%2Ftags&post=59477"}],"curies":[{"name":"wp","href":"https:\/\/api.w.org\/{rel}","templated":true}]}}