{"id":59653,"date":"2017-03-31T00:05:04","date_gmt":"2017-03-31T06:05:04","guid":{"rendered":"http:\/\/www.reconoce.mx\/?p=59653"},"modified":"2017-03-30T23:09:45","modified_gmt":"2017-03-31T05:09:45","slug":"toni-erdmann-un-padre-muy-padre","status":"publish","type":"post","link":"http:\/\/www.reconoce.mx\/?p=59653","title":{"rendered":"\u00abToni Erdmann\u00bb: Un padre muy padre"},"content":{"rendered":"<p><a href=\"http:\/\/www.reconoce.mx\/category\/columnistas\/\"><img loading=\"lazy\" decoding=\"async\" class=\"aligncenter size-full wp-image-40651\" src=\"http:\/\/www.reconoce.mx\/wp-content\/uploads\/2015\/09\/ColumnistaRCMX.png\" alt=\"Columnistainvitado\" width=\"570\" height=\"70\" \/><\/a><strong><br \/>\nPor <a href=\"https:\/\/twitter.com\/SandyMW13\" target=\"_blank\">Sandyluz<\/a><\/strong>.<\/p>\n<p>Ya en el ep\u00edlogo de la pasada entrega de los premios <strong>Oscar<\/strong>, no quisiera dejar en el olvido una cinta disruptiva, europea y completamente diferente a lo que Hollywood usualmente nos muestra. Me refiero a \u00abToni Erdmann\u00bb, cinta germano-austriaca, escrita y dirigida por <strong>Maren Ade<\/strong> y protagonizada por los actores <strong>Peter Simonischek<\/strong> y <strong>Sandra H\u00fcller<\/strong>. Este largometraje, del que tan poco se coment\u00f3, compiti\u00f3 por la <strong>Palma de Oro<\/strong> en el <strong>Festival Cannes 2016<\/strong>; tambi\u00e9n fue fuerte competidor para llevarse el <strong>Oscar<\/strong> como \u00abMejor pel\u00edcula de no habla inglesa\u00bb, en la ceremonia n\u00famero 89 de dichos galardones.<\/p>\n<p><a href=\"http:\/\/www.reconoce.mx\/wp-content\/uploads\/2017\/03\/toni-erdmann-poster.jpg\"><img loading=\"lazy\" decoding=\"async\" class=\"aligncenter size-full wp-image-59657\" src=\"http:\/\/www.reconoce.mx\/wp-content\/uploads\/2017\/03\/toni-erdmann-poster.jpg\" alt=\"\" width=\"886\" height=\"1202\" srcset=\"http:\/\/www.reconoce.mx\/wp-content\/uploads\/2017\/03\/toni-erdmann-poster.jpg 886w, http:\/\/www.reconoce.mx\/wp-content\/uploads\/2017\/03\/toni-erdmann-poster-221x300.jpg 221w, http:\/\/www.reconoce.mx\/wp-content\/uploads\/2017\/03\/toni-erdmann-poster-768x1042.jpg 768w, http:\/\/www.reconoce.mx\/wp-content\/uploads\/2017\/03\/toni-erdmann-poster-755x1024.jpg 755w, http:\/\/www.reconoce.mx\/wp-content\/uploads\/2017\/03\/toni-erdmann-poster-150x203.jpg 150w, http:\/\/www.reconoce.mx\/wp-content\/uploads\/2017\/03\/toni-erdmann-poster-700x950.jpg 700w, http:\/\/www.reconoce.mx\/wp-content\/uploads\/2017\/03\/toni-erdmann-poster-658x893.jpg 658w, http:\/\/www.reconoce.mx\/wp-content\/uploads\/2017\/03\/toni-erdmann-poster-300x407.jpg 300w\" sizes=\"auto, (max-width: 886px) 100vw, 886px\" \/><\/a><\/p>\n<p>\u00abToni Erdmann\u00bb, comedia dram\u00e1tica, hablada totalmente en alem\u00e1n, nos pone en el n\u00facleo de una relaci\u00f3n padre-hija, que se ha enfriado por culpa de las presiones laborales de una hija ausente y <em>workaholic<\/em> (trabaj\u00f3lica). El padre asume la misi\u00f3n de hacerle ver a In\u00e9s (su hija) el sentido profundo de la vida, encarnando a un personaje inventado: Toni Erdmann. Entre situaciones bochornosas, graciosas y sensibles, el amoroso y paciente padre (llamado Winfried Conradi) fuerza a In\u00e9s a tocar fondo, para que ella reflexione con total sinceridad: \u00bfd\u00f3nde est\u00e1 la verdadera felicidad?<\/p>\n<p>Para empezar, es curioso ver una comedia totalmente en alem\u00e1n, puesto que esta lengua ha sido por de m\u00e1s objeto de suspicacias y mala reputaci\u00f3n por su \u00bf\u00e1spera e imperativa pronunciaci\u00f3n? Todo eso queda desmentido en esta cinta. El alem\u00e1n es un idioma que permite las inflexiones y tonos, desde lo melanc\u00f3lico y susurrante, hasta lo dulce y euf\u00f3rico. Tambi\u00e9n, es de agradecer una cinta alemana que no toque el ya tan abordado tema de la Segunda Guerra Mundial, as\u00ed como las repercusiones nazis en el mundo. En \u00abToni Erdmann\u00bb queda claro que las familias alemanas tambi\u00e9n extienden fuertes lazos afectivos, a pesar del sistema globalizado y capitalista, que obliga a los hijos a abandonar la comodidad del hogar, para incursionar en un severo ambiente laboral, liderado por la ley de la oferta y la demanda.<\/p>\n<p><a href=\"http:\/\/www.reconoce.mx\/wp-content\/uploads\/2017\/03\/toni-erdmann-1.png\"><img loading=\"lazy\" decoding=\"async\" class=\"aligncenter size-full wp-image-59654\" src=\"http:\/\/www.reconoce.mx\/wp-content\/uploads\/2017\/03\/toni-erdmann-1.png\" alt=\"\" width=\"590\" height=\"380\" srcset=\"http:\/\/www.reconoce.mx\/wp-content\/uploads\/2017\/03\/toni-erdmann-1.png 590w, http:\/\/www.reconoce.mx\/wp-content\/uploads\/2017\/03\/toni-erdmann-1-300x193.png 300w, http:\/\/www.reconoce.mx\/wp-content\/uploads\/2017\/03\/toni-erdmann-1-150x97.png 150w\" sizes=\"auto, (max-width: 590px) 100vw, 590px\" \/><\/a><\/p>\n<p>La cinta toca el lado de las apariencias sociales, donde es muy deseable, desde la \u00f3ptica parental, poder presumir al hijo exitoso, que estudi\u00f3, que tiene una carrera y, por ende, un porvenir pr\u00f3spero en el \u00e1mbito laboral \u2013aclarando que exitoso debe asociarse con los ingresos econ\u00f3micos obtenidos en un a\u00f1o\u2013. Por otra parte, la visi\u00f3n de una hija, comprometida a dar el m\u00e1ximo rendimiento laboral, para mostrarse productiva ante la sociedad, sin importar si le queda tiempo para s\u00ed misma, para disfrutar de su edad, o, en t\u00e9rminos generales, como dir\u00edan los poetas malditos, para el <em>spleen<\/em> (ese sano ocio que conduce a la introspecci\u00f3n y a la inspiraci\u00f3n creativa). En la otra cara de la moneda, la sincera visi\u00f3n de un padre, como cualquier otro, que realmente quiere lo mejor para \u201cla ni\u00f1a de sus ojos\u201d y puede intuir lo agobiada que se siente, debido a las presiones que presupone el agitado mundo de los negocios.<\/p>\n<p>\u00abToni Erdmann\u00bb, literal, \u00a1es un personaje! Se hace presente, en algunos de los escenarios donde su hija (In\u00e9s) se desenvuelve, sin previo aviso, causando sorpresa, confusi\u00f3n y risa; con peluca oscura y unos dientes postizos \u2013que lo hacen parecer siempre sonriente\u2013 conversa e ironiza abiertamente con personas tan formales y acartonadas, como lo es el entorno de su hija.<\/p>\n<p><a href=\"http:\/\/www.reconoce.mx\/wp-content\/uploads\/2017\/03\/toni-erdmann-3.png\"><img loading=\"lazy\" decoding=\"async\" class=\"aligncenter size-full wp-image-59656\" src=\"http:\/\/www.reconoce.mx\/wp-content\/uploads\/2017\/03\/toni-erdmann-3.png\" alt=\"\" width=\"590\" height=\"380\" srcset=\"http:\/\/www.reconoce.mx\/wp-content\/uploads\/2017\/03\/toni-erdmann-3.png 590w, http:\/\/www.reconoce.mx\/wp-content\/uploads\/2017\/03\/toni-erdmann-3-300x193.png 300w, http:\/\/www.reconoce.mx\/wp-content\/uploads\/2017\/03\/toni-erdmann-3-150x97.png 150w\" sizes=\"auto, (max-width: 590px) 100vw, 590px\" \/><\/a><\/p>\n<p>\u00bfEl momento epif\u00e1nico de la cinta? Despu\u00e9s de haber contemplado hasta el \u00faltimo detalle para su fiesta de cumplea\u00f1os, In\u00e9s estalla en un arrebato de frustraci\u00f3n y decide quitarse el vestido y desnudarse por completo; simb\u00f3licamente se deshace de sus ataduras, para revelarse sin poses ante el mundo. As\u00ed, impulsivamente, y tal vez por primera vez en comuni\u00f3n consigo misma, va diciendo a cada uno de sus invitados que la condici\u00f3n, para ser parte de la fiesta, es desnudarse tambi\u00e9n, generando en todos extra\u00f1eza total.<\/p>\n<p>Sin m\u00e1s, \u00abToni Erdmann\u00bb, la pel\u00edcula, muestra un lado muy sensible y tierno de las relaciones familiares. Revela que, sin importar nacionalidad o apellido, hay dos cosas que no cambian: padres e hijos tienen un v\u00ednculo indisoluble, y, por muy crecidos que est\u00e9n los hijos, siempre ser\u00e1n motivo de atenci\u00f3n y preocupaci\u00f3n para los padres.<\/p>\n<style>.embed-container { position: relative; padding-bottom: 56.25%; height: 0; overflow: hidden; max-width: 100%; } .embed-container iframe, .embed-container object, .embed-container embed { position: absolute; top: 0; left: 0; width: 100%; height: 100%; }<\/style>\n<div class='embed-container'><iframe src='https:\/\/www.youtube.com\/embed\/bpK2hp5SQBE' frameborder='0' allowfullscreen><\/iframe><\/div>\n<p>&nbsp;<\/p>\n<blockquote><p><a href=\"http:\/\/www.reconoce.mx\/wp-content\/uploads\/2016\/05\/sandybw.png\" rel=\"lightbox[57492]\"><img loading=\"lazy\" decoding=\"async\" class=\"alignleft size-thumbnail wp-image-39872\" src=\"http:\/\/www.reconoce.mx\/wp-content\/uploads\/2016\/05\/sandybw-e1463540419968.png\" alt=\"IMG_5743\" width=\"150\" height=\"150\" \/><\/a><strong>Sandyluz<\/strong>. \u201cDetr\u00e1s de la pluma\u2026\u201d Egresada del Tecnol\u00f3gico de Monterrey Campus Toluca, de la carrera de Ciencias de la Comunicaci\u00f3n. Complet\u00f3 estudios de Creaci\u00f3n Literaria en la Escuela de Escritores del Estado de M\u00e9xico (SOGEM). Tambi\u00e9n termin\u00f3 una maestr\u00eda en Estudios Human\u00edsticos con especialidad en Literatura, en el Tecnol\u00f3gico de Monterrey. En un plano m\u00e1s relajado, es aficionada a los libros y a la escritura desde corta edad; ha escrito de manera informal cuentos y poes\u00edas; con uno de sus primeros cuentos gan\u00f3 un concurso local del cual obtuvo su primer retribuci\u00f3n econ\u00f3mica y profesional, siendo ello un significativo incentivo para seguir escribiendo. La Literatura ha sido una v\u00e1lvula de escape para no enfermar de realidad. La fantas\u00eda reanima el fulgor de los sue\u00f1os que so\u00f1amos dormidos y que so\u00f1amos despiertos\u2026<\/p><\/blockquote>\n<p>&nbsp;<\/p>\n<p>&nbsp;<\/p>\n","protected":false},"excerpt":{"rendered":"<p>Ya en el ep\u00edlogo de la pasada entrega de los premios Oscar, no quisiera dejar en el olvido una cinta disruptiva, europea y completamente diferente a lo que Hollywood usualmente nos muestra. <\/p>\n","protected":false},"author":2,"featured_media":59655,"comment_status":"open","ping_status":"open","sticky":false,"template":"","format":"standard","meta":{"footnotes":""},"categories":[16,17,2648],"tags":[],"class_list":["post-59653","post","type-post","status-publish","format-standard","has-post-thumbnail","hentry","category-columnistas","category-principal","category-sandyluz"],"yoast_head":"<!-- This site is optimized with the Yoast SEO plugin v24.7 - https:\/\/yoast.com\/wordpress\/plugins\/seo\/ -->\n<title>&quot;Toni Erdmann&quot;: Un padre muy padre &#171; Reconoce MX<\/title>\n<meta name=\"robots\" content=\"index, follow, max-snippet:-1, max-image-preview:large, max-video-preview:-1\" \/>\n<link rel=\"canonical\" href=\"http:\/\/www.reconoce.mx\/?p=59653\" \/>\n<meta property=\"og:locale\" content=\"es_ES\" \/>\n<meta property=\"og:type\" content=\"article\" \/>\n<meta property=\"og:title\" content=\"&quot;Toni Erdmann&quot;: Un padre muy padre &#171; Reconoce MX\" \/>\n<meta property=\"og:description\" content=\"Ya en el ep\u00edlogo de la pasada entrega de los premios Oscar, no quisiera dejar en el olvido una cinta disruptiva, europea y completamente diferente a lo que Hollywood usualmente nos muestra.\" \/>\n<meta property=\"og:url\" content=\"http:\/\/www.reconoce.mx\/?p=59653\" \/>\n<meta property=\"og:site_name\" content=\"Reconoce MX\" \/>\n<meta property=\"article:publisher\" content=\"https:\/\/es-la.facebook.com\/ReconoceMX\/\" \/>\n<meta property=\"article:published_time\" content=\"2017-03-31T06:05:04+00:00\" \/>\n<meta property=\"og:image\" content=\"http:\/\/www.reconoce.mx\/wp-content\/uploads\/2017\/03\/toni-erdmann-2.png\" \/>\n\t<meta property=\"og:image:width\" content=\"590\" \/>\n\t<meta property=\"og:image:height\" content=\"380\" \/>\n\t<meta property=\"og:image:type\" content=\"image\/png\" \/>\n<meta name=\"author\" content=\"Reconoce MX\" \/>\n<meta name=\"twitter:card\" content=\"summary_large_image\" \/>\n<meta name=\"twitter:creator\" content=\"@reconocemx\" \/>\n<meta name=\"twitter:site\" content=\"@reconocemx\" \/>\n<meta name=\"twitter:label1\" content=\"Escrito por\" \/>\n\t<meta name=\"twitter:data1\" content=\"Reconoce MX\" \/>\n\t<meta name=\"twitter:label2\" content=\"Tiempo de lectura\" \/>\n\t<meta name=\"twitter:data2\" content=\"4 minutos\" \/>\n<script type=\"application\/ld+json\" class=\"yoast-schema-graph\">{\"@context\":\"https:\/\/schema.org\",\"@graph\":[{\"@type\":\"Article\",\"@id\":\"http:\/\/www.reconoce.mx\/?p=59653#article\",\"isPartOf\":{\"@id\":\"http:\/\/www.reconoce.mx\/?p=59653\"},\"author\":{\"name\":\"Reconoce MX\",\"@id\":\"http:\/\/www.reconoce.mx\/#\/schema\/person\/2117e997d7051dc15d6880eaf9bca0b2\"},\"headline\":\"\u00abToni Erdmann\u00bb: Un padre muy padre\",\"datePublished\":\"2017-03-31T06:05:04+00:00\",\"mainEntityOfPage\":{\"@id\":\"http:\/\/www.reconoce.mx\/?p=59653\"},\"wordCount\":892,\"commentCount\":0,\"publisher\":{\"@id\":\"http:\/\/www.reconoce.mx\/#organization\"},\"image\":{\"@id\":\"http:\/\/www.reconoce.mx\/?p=59653#primaryimage\"},\"thumbnailUrl\":\"http:\/\/www.reconoce.mx\/wp-content\/uploads\/2017\/03\/toni-erdmann-2.png\",\"articleSection\":[\"Columnistas\",\"Principal\",\"Sandyluz\"],\"inLanguage\":\"es\",\"potentialAction\":[{\"@type\":\"CommentAction\",\"name\":\"Comment\",\"target\":[\"http:\/\/www.reconoce.mx\/?p=59653#respond\"]}]},{\"@type\":\"WebPage\",\"@id\":\"http:\/\/www.reconoce.mx\/?p=59653\",\"url\":\"http:\/\/www.reconoce.mx\/?p=59653\",\"name\":\"\\\"Toni Erdmann\\\": Un padre muy padre &#171; Reconoce MX\",\"isPartOf\":{\"@id\":\"http:\/\/www.reconoce.mx\/#website\"},\"primaryImageOfPage\":{\"@id\":\"http:\/\/www.reconoce.mx\/?p=59653#primaryimage\"},\"image\":{\"@id\":\"http:\/\/www.reconoce.mx\/?p=59653#primaryimage\"},\"thumbnailUrl\":\"http:\/\/www.reconoce.mx\/wp-content\/uploads\/2017\/03\/toni-erdmann-2.png\",\"datePublished\":\"2017-03-31T06:05:04+00:00\",\"breadcrumb\":{\"@id\":\"http:\/\/www.reconoce.mx\/?p=59653#breadcrumb\"},\"inLanguage\":\"es\",\"potentialAction\":[{\"@type\":\"ReadAction\",\"target\":[\"http:\/\/www.reconoce.mx\/?p=59653\"]}]},{\"@type\":\"ImageObject\",\"inLanguage\":\"es\",\"@id\":\"http:\/\/www.reconoce.mx\/?p=59653#primaryimage\",\"url\":\"http:\/\/www.reconoce.mx\/wp-content\/uploads\/2017\/03\/toni-erdmann-2.png\",\"contentUrl\":\"http:\/\/www.reconoce.mx\/wp-content\/uploads\/2017\/03\/toni-erdmann-2.png\",\"width\":590,\"height\":380},{\"@type\":\"BreadcrumbList\",\"@id\":\"http:\/\/www.reconoce.mx\/?p=59653#breadcrumb\",\"itemListElement\":[{\"@type\":\"ListItem\",\"position\":1,\"name\":\"Portada\",\"item\":\"http:\/\/www.reconoce.mx\/\"},{\"@type\":\"ListItem\",\"position\":2,\"name\":\"\u00abToni Erdmann\u00bb: Un padre muy padre\"}]},{\"@type\":\"WebSite\",\"@id\":\"http:\/\/www.reconoce.mx\/#website\",\"url\":\"http:\/\/www.reconoce.mx\/\",\"name\":\"Reconoce MX\",\"description\":\"En Reconoce MX difundimos arte, cultura y conciencia social en M\u00e9xico. Tu ciudad en otra perspectiva.\",\"publisher\":{\"@id\":\"http:\/\/www.reconoce.mx\/#organization\"},\"potentialAction\":[{\"@type\":\"SearchAction\",\"target\":{\"@type\":\"EntryPoint\",\"urlTemplate\":\"http:\/\/www.reconoce.mx\/?s={search_term_string}\"},\"query-input\":{\"@type\":\"PropertyValueSpecification\",\"valueRequired\":true,\"valueName\":\"search_term_string\"}}],\"inLanguage\":\"es\"},{\"@type\":\"Organization\",\"@id\":\"http:\/\/www.reconoce.mx\/#organization\",\"name\":\"Reconoce MX\",\"url\":\"http:\/\/www.reconoce.mx\/\",\"logo\":{\"@type\":\"ImageObject\",\"inLanguage\":\"es\",\"@id\":\"http:\/\/www.reconoce.mx\/#\/schema\/logo\/image\/\",\"url\":\"https:\/\/www.reconoce.mx\/wp-content\/uploads\/2019\/03\/logorcmx-good-1.png\",\"contentUrl\":\"https:\/\/www.reconoce.mx\/wp-content\/uploads\/2019\/03\/logorcmx-good-1.png\",\"width\":280,\"height\":90,\"caption\":\"Reconoce MX\"},\"image\":{\"@id\":\"http:\/\/www.reconoce.mx\/#\/schema\/logo\/image\/\"},\"sameAs\":[\"https:\/\/es-la.facebook.com\/ReconoceMX\/\",\"https:\/\/x.com\/reconocemx\",\"http:\/\/@reconocemx\"]},{\"@type\":\"Person\",\"@id\":\"http:\/\/www.reconoce.mx\/#\/schema\/person\/2117e997d7051dc15d6880eaf9bca0b2\",\"name\":\"Reconoce MX\",\"image\":{\"@type\":\"ImageObject\",\"inLanguage\":\"es\",\"@id\":\"http:\/\/www.reconoce.mx\/#\/schema\/person\/image\/\",\"url\":\"https:\/\/secure.gravatar.com\/avatar\/6c8d4dc7569ca1c90c5fdcc349f839d5ddef6fe1e70b4337ead2ef1a4c43fc3a?s=96&d=identicon&r=g\",\"contentUrl\":\"https:\/\/secure.gravatar.com\/avatar\/6c8d4dc7569ca1c90c5fdcc349f839d5ddef6fe1e70b4337ead2ef1a4c43fc3a?s=96&d=identicon&r=g\",\"caption\":\"Reconoce MX\"},\"description\":\"Reconoce MX es un proyecto de difusi\u00f3n art\u00edstica, cultural y de conciencia social que est\u00e1 enfocado a difundir y fomentar el entretenimiento alternativo de calidad para todo el p\u00fablico que comparta el mismo entusiasmo.\",\"sameAs\":[\"http:\/\/www.reconoce.mx\"],\"url\":\"http:\/\/www.reconoce.mx\/?author=2\"}]}<\/script>\n<!-- \/ Yoast SEO plugin. -->","yoast_head_json":{"title":"\"Toni Erdmann\": Un padre muy padre &#171; Reconoce MX","robots":{"index":"index","follow":"follow","max-snippet":"max-snippet:-1","max-image-preview":"max-image-preview:large","max-video-preview":"max-video-preview:-1"},"canonical":"http:\/\/www.reconoce.mx\/?p=59653","og_locale":"es_ES","og_type":"article","og_title":"\"Toni Erdmann\": Un padre muy padre &#171; Reconoce MX","og_description":"Ya en el ep\u00edlogo de la pasada entrega de los premios Oscar, no quisiera dejar en el olvido una cinta disruptiva, europea y completamente diferente a lo que Hollywood usualmente nos muestra.","og_url":"http:\/\/www.reconoce.mx\/?p=59653","og_site_name":"Reconoce MX","article_publisher":"https:\/\/es-la.facebook.com\/ReconoceMX\/","article_published_time":"2017-03-31T06:05:04+00:00","og_image":[{"width":590,"height":380,"url":"http:\/\/www.reconoce.mx\/wp-content\/uploads\/2017\/03\/toni-erdmann-2.png","type":"image\/png"}],"author":"Reconoce MX","twitter_card":"summary_large_image","twitter_creator":"@reconocemx","twitter_site":"@reconocemx","twitter_misc":{"Escrito por":"Reconoce MX","Tiempo de lectura":"4 minutos"},"schema":{"@context":"https:\/\/schema.org","@graph":[{"@type":"Article","@id":"http:\/\/www.reconoce.mx\/?p=59653#article","isPartOf":{"@id":"http:\/\/www.reconoce.mx\/?p=59653"},"author":{"name":"Reconoce MX","@id":"http:\/\/www.reconoce.mx\/#\/schema\/person\/2117e997d7051dc15d6880eaf9bca0b2"},"headline":"\u00abToni Erdmann\u00bb: Un padre muy padre","datePublished":"2017-03-31T06:05:04+00:00","mainEntityOfPage":{"@id":"http:\/\/www.reconoce.mx\/?p=59653"},"wordCount":892,"commentCount":0,"publisher":{"@id":"http:\/\/www.reconoce.mx\/#organization"},"image":{"@id":"http:\/\/www.reconoce.mx\/?p=59653#primaryimage"},"thumbnailUrl":"http:\/\/www.reconoce.mx\/wp-content\/uploads\/2017\/03\/toni-erdmann-2.png","articleSection":["Columnistas","Principal","Sandyluz"],"inLanguage":"es","potentialAction":[{"@type":"CommentAction","name":"Comment","target":["http:\/\/www.reconoce.mx\/?p=59653#respond"]}]},{"@type":"WebPage","@id":"http:\/\/www.reconoce.mx\/?p=59653","url":"http:\/\/www.reconoce.mx\/?p=59653","name":"\"Toni Erdmann\": Un padre muy padre &#171; Reconoce MX","isPartOf":{"@id":"http:\/\/www.reconoce.mx\/#website"},"primaryImageOfPage":{"@id":"http:\/\/www.reconoce.mx\/?p=59653#primaryimage"},"image":{"@id":"http:\/\/www.reconoce.mx\/?p=59653#primaryimage"},"thumbnailUrl":"http:\/\/www.reconoce.mx\/wp-content\/uploads\/2017\/03\/toni-erdmann-2.png","datePublished":"2017-03-31T06:05:04+00:00","breadcrumb":{"@id":"http:\/\/www.reconoce.mx\/?p=59653#breadcrumb"},"inLanguage":"es","potentialAction":[{"@type":"ReadAction","target":["http:\/\/www.reconoce.mx\/?p=59653"]}]},{"@type":"ImageObject","inLanguage":"es","@id":"http:\/\/www.reconoce.mx\/?p=59653#primaryimage","url":"http:\/\/www.reconoce.mx\/wp-content\/uploads\/2017\/03\/toni-erdmann-2.png","contentUrl":"http:\/\/www.reconoce.mx\/wp-content\/uploads\/2017\/03\/toni-erdmann-2.png","width":590,"height":380},{"@type":"BreadcrumbList","@id":"http:\/\/www.reconoce.mx\/?p=59653#breadcrumb","itemListElement":[{"@type":"ListItem","position":1,"name":"Portada","item":"http:\/\/www.reconoce.mx\/"},{"@type":"ListItem","position":2,"name":"\u00abToni Erdmann\u00bb: Un padre muy padre"}]},{"@type":"WebSite","@id":"http:\/\/www.reconoce.mx\/#website","url":"http:\/\/www.reconoce.mx\/","name":"Reconoce MX","description":"En Reconoce MX difundimos arte, cultura y conciencia social en M\u00e9xico. Tu ciudad en otra perspectiva.","publisher":{"@id":"http:\/\/www.reconoce.mx\/#organization"},"potentialAction":[{"@type":"SearchAction","target":{"@type":"EntryPoint","urlTemplate":"http:\/\/www.reconoce.mx\/?s={search_term_string}"},"query-input":{"@type":"PropertyValueSpecification","valueRequired":true,"valueName":"search_term_string"}}],"inLanguage":"es"},{"@type":"Organization","@id":"http:\/\/www.reconoce.mx\/#organization","name":"Reconoce MX","url":"http:\/\/www.reconoce.mx\/","logo":{"@type":"ImageObject","inLanguage":"es","@id":"http:\/\/www.reconoce.mx\/#\/schema\/logo\/image\/","url":"https:\/\/www.reconoce.mx\/wp-content\/uploads\/2019\/03\/logorcmx-good-1.png","contentUrl":"https:\/\/www.reconoce.mx\/wp-content\/uploads\/2019\/03\/logorcmx-good-1.png","width":280,"height":90,"caption":"Reconoce MX"},"image":{"@id":"http:\/\/www.reconoce.mx\/#\/schema\/logo\/image\/"},"sameAs":["https:\/\/es-la.facebook.com\/ReconoceMX\/","https:\/\/x.com\/reconocemx","http:\/\/@reconocemx"]},{"@type":"Person","@id":"http:\/\/www.reconoce.mx\/#\/schema\/person\/2117e997d7051dc15d6880eaf9bca0b2","name":"Reconoce MX","image":{"@type":"ImageObject","inLanguage":"es","@id":"http:\/\/www.reconoce.mx\/#\/schema\/person\/image\/","url":"https:\/\/secure.gravatar.com\/avatar\/6c8d4dc7569ca1c90c5fdcc349f839d5ddef6fe1e70b4337ead2ef1a4c43fc3a?s=96&d=identicon&r=g","contentUrl":"https:\/\/secure.gravatar.com\/avatar\/6c8d4dc7569ca1c90c5fdcc349f839d5ddef6fe1e70b4337ead2ef1a4c43fc3a?s=96&d=identicon&r=g","caption":"Reconoce MX"},"description":"Reconoce MX es un proyecto de difusi\u00f3n art\u00edstica, cultural y de conciencia social que est\u00e1 enfocado a difundir y fomentar el entretenimiento alternativo de calidad para todo el p\u00fablico que comparta el mismo entusiasmo.","sameAs":["http:\/\/www.reconoce.mx"],"url":"http:\/\/www.reconoce.mx\/?author=2"}]}},"_links":{"self":[{"href":"http:\/\/www.reconoce.mx\/index.php?rest_route=\/wp\/v2\/posts\/59653","targetHints":{"allow":["GET"]}}],"collection":[{"href":"http:\/\/www.reconoce.mx\/index.php?rest_route=\/wp\/v2\/posts"}],"about":[{"href":"http:\/\/www.reconoce.mx\/index.php?rest_route=\/wp\/v2\/types\/post"}],"author":[{"embeddable":true,"href":"http:\/\/www.reconoce.mx\/index.php?rest_route=\/wp\/v2\/users\/2"}],"replies":[{"embeddable":true,"href":"http:\/\/www.reconoce.mx\/index.php?rest_route=%2Fwp%2Fv2%2Fcomments&post=59653"}],"version-history":[{"count":2,"href":"http:\/\/www.reconoce.mx\/index.php?rest_route=\/wp\/v2\/posts\/59653\/revisions"}],"predecessor-version":[{"id":59659,"href":"http:\/\/www.reconoce.mx\/index.php?rest_route=\/wp\/v2\/posts\/59653\/revisions\/59659"}],"wp:featuredmedia":[{"embeddable":true,"href":"http:\/\/www.reconoce.mx\/index.php?rest_route=\/wp\/v2\/media\/59655"}],"wp:attachment":[{"href":"http:\/\/www.reconoce.mx\/index.php?rest_route=%2Fwp%2Fv2%2Fmedia&parent=59653"}],"wp:term":[{"taxonomy":"category","embeddable":true,"href":"http:\/\/www.reconoce.mx\/index.php?rest_route=%2Fwp%2Fv2%2Fcategories&post=59653"},{"taxonomy":"post_tag","embeddable":true,"href":"http:\/\/www.reconoce.mx\/index.php?rest_route=%2Fwp%2Fv2%2Ftags&post=59653"}],"curies":[{"name":"wp","href":"https:\/\/api.w.org\/{rel}","templated":true}]}}