{"id":59661,"date":"2017-03-31T00:06:33","date_gmt":"2017-03-31T06:06:33","guid":{"rendered":"http:\/\/www.reconoce.mx\/?p=59661"},"modified":"2017-03-31T23:11:59","modified_gmt":"2017-04-01T05:11:59","slug":"hoytoca-la-indignacion-en-el-caso-de-daphne","status":"publish","type":"post","link":"http:\/\/www.reconoce.mx\/?p=59661","title":{"rendered":"#HoyToca: La indignaci\u00f3n en el caso de Daphne"},"content":{"rendered":"<p><a href=\"http:\/\/www.reconoce.mx\/category\/columnistas\/\"><img loading=\"lazy\" decoding=\"async\" class=\"aligncenter size-full wp-image-40651\" src=\"http:\/\/www.reconoce.mx\/wp-content\/uploads\/2015\/09\/ColumnistaRCMX.png\" alt=\"Columnistainvitado\" width=\"570\" height=\"70\" \/><\/a><strong><br \/>\nPor <a title=\"@AsfaltosTweets\" href=\"http:\/\/twitter.com\/AsfaltosTweets\" target=\"_blank\">Asfaltos<\/a><\/strong>.<\/p>\n<p>La indignaci\u00f3n regres\u00f3 con el caso de <strong>Daphne Fern\u00e1ndez<\/strong>, aquella joven que en enero de 2015 a los 17 a\u00f1os fue subida a la fuerza a la parte trasera de un autom\u00f3vil. Incomunicada, pues le quitaron su celular, Daphne iba acompa\u00f1ada de cuatro j\u00f3venes: dos adelante y dos atr\u00e1s, rod\u00e9andola. De acuerdo al relato de Daphne, durante el trayecto fue v\u00edctima de toqueteos, introducci\u00f3n de dedos en la zona vaginal y una serie de burlas. El recuento de Daphne indica que todo termin\u00f3 en un ba\u00f1o en la casa de quien conduc\u00eda el autom\u00f3vil, donde fue violada por \u00e9ste.<\/p>\n<p>El caso fue presentado por su padre en mayo de 2015, pero como muchas otras denuncias en este pa\u00eds, pas\u00f3 desapercibida hasta que \u00e9ste tom\u00f3 cartas en el asunto, publicando una serie de videos en los que los implicados se disculpaban por lo sucedido con su hija. Fue as\u00ed que se desat\u00f3 el clamor popular. Indignados, usuarios de redes sociales empezaron a mostrar su enojo mientras los llamados \u00abPorkys\u00bb huyeron o se escondieron antes de que las autoridades pidieran por ellos.<\/p>\n<p>Hijos de pol\u00edticos y empresarios veracruzanos, los \u00abPorkys\u00bb marcaban una cara m\u00e1s de un estado cuyo gobernador sigue pr\u00f3fugo de la justicia mexicana. Finalmente el resultado es que uno de los denunciados sigue pr\u00f3fugo, mientras que dos fueron detenidos y puestos a disposici\u00f3n de la autoridad para proceder con su acusaci\u00f3n de pederastia.<\/p>\n<p>El caso se hab\u00eda enfriado, y de momento no hab\u00eda nunguna novedad, hasta que el juez federal <strong>Anuar Gonz\u00e1lez<\/strong> sentenci\u00f3 que el acta por la que uno de los implicados hab\u00eda sido ecarcelado, resultaba inconstitucional. Lo peor, que s\u00ed hubo tocamientos a Daphne, pero que en el caso de Cruz no se realizaron en \u00abactitud lasciva\u00bb, por lo cual \u00abno se encuentra demostrado fehacientemente el &#8216;abuso sexual'\u00bb. Si bien la sentencia deb\u00eda ser todav\u00eda ratificada por un tribunal colegiado, el esc\u00e1ndalo fue mucho.<\/p>\n<p>Sin meterme en los detalles legales, para los cuales es evidente que no soy el adecuado, el asunto aqu\u00ed es que una vez m\u00e1s la inacci\u00f3n de la justicia mexicana es la que acarrea una serie de problemas que se van acumulando en un malestar social que sigue viendo con perplejidad que este es el pa\u00eds del \u00abs\u00ed se puede\u00bb, pero del \u00abs\u00ed se puede salir impune\u00bb.<\/p>\n<p>La sensaci\u00f3n de que se puede salir impune frente a una situaci\u00f3n donde parece muy claro que hubo un abuso sexual en cierto grado, es tremenda y dram\u00e1ticamente alta. El caso de Daphne, lamentablemente, no hace mas que ejemplificar la serie de obst\u00e1culos y barreras a las que se enfrentan las mujeres en nuestro pa\u00eds cuando se trata de b\u00fasqueda de justicia, y m\u00e1s a\u00fan cuando se trata de un caso de violencia sexual.<\/p>\n<p>El caso, inclusive mencionado por expertos, puede servir como predecente para otros en los que en una situaci\u00f3n similar, si no se acredita el goce o disfrute, se puede considerar que no hubo violencia.<\/p>\n<p>El juez fue suspendido de manera temporal por el Consejo de la Judicatura Federal, mientras su fallo y otros suyos son sujetos a investigaci\u00f3n. Sin embargo, tambi\u00e9n muy preocupante, resulta que en redes sociales hay quienes ya piden venganza contra su esposa e hijas. La sensaci\u00f3n de la injusticia prende las alarmas para un brote m\u00e1s de violencia en b\u00fasqueda de llenar ese vac\u00edo que las autoridades est\u00e1n dejando. Parad\u00f3jicamente la misma violencia que se rechaza, es respondida con agresiones de la misma manera que atentan una vez m\u00e1s contra la misma integridad de las mujeres.<\/p>\n<p>En fin, con todo el rollo medi\u00e1tico que se est\u00e1 realizando en torno a este caso, un error muy craso ser\u00eda que no se llegara finalmente a nada. Que no se permitiera que esta denuncia sirviera como precedente para dar un golpe de tim\u00f3n hacia la direcci\u00f3n correcta que nos llevara finalmente a acabar con esta sensaci\u00f3n de injusticia; y sobre todo que se termine por tomar decisiones concretas que lleven a que nuestras madres, hermanas, hijas y amigas se sientan finalmente protegidas y seguras de que su integridad est\u00e1 protegida nada mas y nada menos que por la justicia mexicana.<\/p>\n<blockquote><p><a href=\"http:\/\/www.reconoce.mx\/wp-content\/uploads\/2016\/03\/968932_515227815190918_654397283_n-e1459260491114.jpg\" rel=\"lightbox[57541]\"><img loading=\"lazy\" decoding=\"async\" class=\"alignleft size-thumbnail wp-image-39872\" src=\"http:\/\/www.reconoce.mx\/wp-content\/uploads\/2016\/03\/968932_515227815190918_654397283_n-e1459260491114.jpg\" alt=\"IMG_5743\" width=\"150\" height=\"150\" \/><\/a><strong>Asfaltos<\/strong>. Sobrevivo en una ciudad junto a millones de personas. \u00bfMexique\u00f1o? Me enamoro r\u00e1pido y olvido dif\u00edcilmente. Amo la m\u00fasica, el cine, los c\u00f3mics, las mujeres y -\u00faltimamente gracias a los servicios de <em>streaming<\/em>\u2013 las series tambi\u00e9n. Vivo la vida a trav\u00e9s de letras y melod\u00edas. M\u00fasico frustrado. Me pueden encontrar escuchando U2, Radiohead y Coldplay; as\u00ed como Grand Funk Railroad, Styx y Eric Burdon; Chetes, Jumbo y Siddhartha; y hasta Jesse &amp; Joy, Silverio y Aleks Syntek. Batman y Star Wars mis pasiones; tambi\u00e9n el Cruz Azul, pero ya saben\u2026 subcampeon\u00edsimo. Sobreviviente y n\u00e1ufrago; ermita\u00f1o que odia la soledad.<\/p><\/blockquote>\n<p>&nbsp;<\/p>\n<p>&nbsp;<\/p>\n","protected":false},"excerpt":{"rendered":"<p>La indignaci\u00f3n regres\u00f3 con el caso de Daphne Fern\u00e1ndez, aquella joven que en enero de 2015 a los 17 a\u00f1os fue subida a la fuerza a la parte trasera de un autom\u00f3vil.<\/p>\n","protected":false},"author":2,"featured_media":59662,"comment_status":"open","ping_status":"open","sticky":false,"template":"","format":"standard","meta":{"footnotes":""},"categories":[16,2649,17],"tags":[],"class_list":["post-59661","post","type-post","status-publish","format-standard","has-post-thumbnail","hentry","category-columnistas","category-hoy-toca","category-principal"],"yoast_head":"<!-- This site is optimized with the Yoast SEO plugin v24.7 - https:\/\/yoast.com\/wordpress\/plugins\/seo\/ -->\n<title>#HoyToca: La indignaci\u00f3n en el caso de Daphne &#171; Reconoce MX<\/title>\n<meta name=\"robots\" content=\"index, follow, max-snippet:-1, max-image-preview:large, max-video-preview:-1\" \/>\n<link rel=\"canonical\" href=\"https:\/\/www.reconoce.mx\/?p=59661\" \/>\n<meta property=\"og:locale\" content=\"es_ES\" \/>\n<meta property=\"og:type\" content=\"article\" \/>\n<meta property=\"og:title\" content=\"#HoyToca: La indignaci\u00f3n en el caso de Daphne &#171; Reconoce MX\" \/>\n<meta property=\"og:description\" content=\"La indignaci\u00f3n regres\u00f3 con el caso de Daphne Fern\u00e1ndez, aquella joven que en enero de 2015 a los 17 a\u00f1os fue subida a la fuerza a la parte trasera de un autom\u00f3vil.\" \/>\n<meta property=\"og:url\" content=\"https:\/\/www.reconoce.mx\/?p=59661\" \/>\n<meta property=\"og:site_name\" content=\"Reconoce MX\" \/>\n<meta property=\"article:publisher\" content=\"https:\/\/es-la.facebook.com\/ReconoceMX\/\" \/>\n<meta property=\"article:published_time\" content=\"2017-03-31T06:06:33+00:00\" \/>\n<meta property=\"article:modified_time\" content=\"2017-04-01T05:11:59+00:00\" \/>\n<meta property=\"og:image\" content=\"https:\/\/www.reconoce.mx\/wp-content\/uploads\/2017\/03\/daphne.png\" \/>\n\t<meta property=\"og:image:width\" content=\"590\" \/>\n\t<meta property=\"og:image:height\" content=\"380\" \/>\n\t<meta property=\"og:image:type\" content=\"image\/png\" \/>\n<meta name=\"author\" content=\"Reconoce MX\" \/>\n<meta name=\"twitter:card\" content=\"summary_large_image\" \/>\n<meta name=\"twitter:creator\" content=\"@reconocemx\" \/>\n<meta name=\"twitter:site\" content=\"@reconocemx\" \/>\n<meta name=\"twitter:label1\" content=\"Escrito por\" \/>\n\t<meta name=\"twitter:data1\" content=\"Reconoce MX\" \/>\n\t<meta name=\"twitter:label2\" content=\"Tiempo de lectura\" \/>\n\t<meta name=\"twitter:data2\" content=\"4 minutos\" \/>\n<script type=\"application\/ld+json\" class=\"yoast-schema-graph\">{\"@context\":\"https:\/\/schema.org\",\"@graph\":[{\"@type\":\"Article\",\"@id\":\"https:\/\/www.reconoce.mx\/?p=59661#article\",\"isPartOf\":{\"@id\":\"https:\/\/www.reconoce.mx\/?p=59661\"},\"author\":{\"name\":\"Reconoce MX\",\"@id\":\"http:\/\/www.reconoce.mx\/#\/schema\/person\/2117e997d7051dc15d6880eaf9bca0b2\"},\"headline\":\"#HoyToca: La indignaci\u00f3n en el caso de Daphne\",\"datePublished\":\"2017-03-31T06:06:33+00:00\",\"dateModified\":\"2017-04-01T05:11:59+00:00\",\"mainEntityOfPage\":{\"@id\":\"https:\/\/www.reconoce.mx\/?p=59661\"},\"wordCount\":865,\"commentCount\":0,\"publisher\":{\"@id\":\"http:\/\/www.reconoce.mx\/#organization\"},\"image\":{\"@id\":\"https:\/\/www.reconoce.mx\/?p=59661#primaryimage\"},\"thumbnailUrl\":\"http:\/\/www.reconoce.mx\/wp-content\/uploads\/2017\/03\/daphne.png\",\"articleSection\":[\"Columnistas\",\"Hoy toca\",\"Principal\"],\"inLanguage\":\"es\",\"potentialAction\":[{\"@type\":\"CommentAction\",\"name\":\"Comment\",\"target\":[\"https:\/\/www.reconoce.mx\/?p=59661#respond\"]}]},{\"@type\":\"WebPage\",\"@id\":\"https:\/\/www.reconoce.mx\/?p=59661\",\"url\":\"https:\/\/www.reconoce.mx\/?p=59661\",\"name\":\"#HoyToca: La indignaci\u00f3n en el caso de Daphne &#171; Reconoce MX\",\"isPartOf\":{\"@id\":\"http:\/\/www.reconoce.mx\/#website\"},\"primaryImageOfPage\":{\"@id\":\"https:\/\/www.reconoce.mx\/?p=59661#primaryimage\"},\"image\":{\"@id\":\"https:\/\/www.reconoce.mx\/?p=59661#primaryimage\"},\"thumbnailUrl\":\"http:\/\/www.reconoce.mx\/wp-content\/uploads\/2017\/03\/daphne.png\",\"datePublished\":\"2017-03-31T06:06:33+00:00\",\"dateModified\":\"2017-04-01T05:11:59+00:00\",\"breadcrumb\":{\"@id\":\"https:\/\/www.reconoce.mx\/?p=59661#breadcrumb\"},\"inLanguage\":\"es\",\"potentialAction\":[{\"@type\":\"ReadAction\",\"target\":[\"https:\/\/www.reconoce.mx\/?p=59661\"]}]},{\"@type\":\"ImageObject\",\"inLanguage\":\"es\",\"@id\":\"https:\/\/www.reconoce.mx\/?p=59661#primaryimage\",\"url\":\"http:\/\/www.reconoce.mx\/wp-content\/uploads\/2017\/03\/daphne.png\",\"contentUrl\":\"http:\/\/www.reconoce.mx\/wp-content\/uploads\/2017\/03\/daphne.png\",\"width\":590,\"height\":380},{\"@type\":\"BreadcrumbList\",\"@id\":\"https:\/\/www.reconoce.mx\/?p=59661#breadcrumb\",\"itemListElement\":[{\"@type\":\"ListItem\",\"position\":1,\"name\":\"Portada\",\"item\":\"http:\/\/www.reconoce.mx\/\"},{\"@type\":\"ListItem\",\"position\":2,\"name\":\"#HoyToca: La indignaci\u00f3n en el caso de Daphne\"}]},{\"@type\":\"WebSite\",\"@id\":\"http:\/\/www.reconoce.mx\/#website\",\"url\":\"http:\/\/www.reconoce.mx\/\",\"name\":\"Reconoce MX\",\"description\":\"En Reconoce MX difundimos arte, cultura y conciencia social en M\u00e9xico. Tu ciudad en otra perspectiva.\",\"publisher\":{\"@id\":\"http:\/\/www.reconoce.mx\/#organization\"},\"potentialAction\":[{\"@type\":\"SearchAction\",\"target\":{\"@type\":\"EntryPoint\",\"urlTemplate\":\"http:\/\/www.reconoce.mx\/?s={search_term_string}\"},\"query-input\":{\"@type\":\"PropertyValueSpecification\",\"valueRequired\":true,\"valueName\":\"search_term_string\"}}],\"inLanguage\":\"es\"},{\"@type\":\"Organization\",\"@id\":\"http:\/\/www.reconoce.mx\/#organization\",\"name\":\"Reconoce MX\",\"url\":\"http:\/\/www.reconoce.mx\/\",\"logo\":{\"@type\":\"ImageObject\",\"inLanguage\":\"es\",\"@id\":\"http:\/\/www.reconoce.mx\/#\/schema\/logo\/image\/\",\"url\":\"https:\/\/www.reconoce.mx\/wp-content\/uploads\/2019\/03\/logorcmx-good-1.png\",\"contentUrl\":\"https:\/\/www.reconoce.mx\/wp-content\/uploads\/2019\/03\/logorcmx-good-1.png\",\"width\":280,\"height\":90,\"caption\":\"Reconoce MX\"},\"image\":{\"@id\":\"http:\/\/www.reconoce.mx\/#\/schema\/logo\/image\/\"},\"sameAs\":[\"https:\/\/es-la.facebook.com\/ReconoceMX\/\",\"https:\/\/x.com\/reconocemx\",\"http:\/\/@reconocemx\"]},{\"@type\":\"Person\",\"@id\":\"http:\/\/www.reconoce.mx\/#\/schema\/person\/2117e997d7051dc15d6880eaf9bca0b2\",\"name\":\"Reconoce MX\",\"image\":{\"@type\":\"ImageObject\",\"inLanguage\":\"es\",\"@id\":\"http:\/\/www.reconoce.mx\/#\/schema\/person\/image\/\",\"url\":\"https:\/\/secure.gravatar.com\/avatar\/6c8d4dc7569ca1c90c5fdcc349f839d5ddef6fe1e70b4337ead2ef1a4c43fc3a?s=96&d=identicon&r=g\",\"contentUrl\":\"https:\/\/secure.gravatar.com\/avatar\/6c8d4dc7569ca1c90c5fdcc349f839d5ddef6fe1e70b4337ead2ef1a4c43fc3a?s=96&d=identicon&r=g\",\"caption\":\"Reconoce MX\"},\"description\":\"Reconoce MX es un proyecto de difusi\u00f3n art\u00edstica, cultural y de conciencia social que est\u00e1 enfocado a difundir y fomentar el entretenimiento alternativo de calidad para todo el p\u00fablico que comparta el mismo entusiasmo.\",\"sameAs\":[\"http:\/\/www.reconoce.mx\"],\"url\":\"http:\/\/www.reconoce.mx\/?author=2\"}]}<\/script>\n<!-- \/ Yoast SEO plugin. -->","yoast_head_json":{"title":"#HoyToca: La indignaci\u00f3n en el caso de Daphne &#171; Reconoce MX","robots":{"index":"index","follow":"follow","max-snippet":"max-snippet:-1","max-image-preview":"max-image-preview:large","max-video-preview":"max-video-preview:-1"},"canonical":"https:\/\/www.reconoce.mx\/?p=59661","og_locale":"es_ES","og_type":"article","og_title":"#HoyToca: La indignaci\u00f3n en el caso de Daphne &#171; Reconoce MX","og_description":"La indignaci\u00f3n regres\u00f3 con el caso de Daphne Fern\u00e1ndez, aquella joven que en enero de 2015 a los 17 a\u00f1os fue subida a la fuerza a la parte trasera de un autom\u00f3vil.","og_url":"https:\/\/www.reconoce.mx\/?p=59661","og_site_name":"Reconoce MX","article_publisher":"https:\/\/es-la.facebook.com\/ReconoceMX\/","article_published_time":"2017-03-31T06:06:33+00:00","article_modified_time":"2017-04-01T05:11:59+00:00","og_image":[{"width":590,"height":380,"url":"https:\/\/www.reconoce.mx\/wp-content\/uploads\/2017\/03\/daphne.png","type":"image\/png"}],"author":"Reconoce MX","twitter_card":"summary_large_image","twitter_creator":"@reconocemx","twitter_site":"@reconocemx","twitter_misc":{"Escrito por":"Reconoce MX","Tiempo de lectura":"4 minutos"},"schema":{"@context":"https:\/\/schema.org","@graph":[{"@type":"Article","@id":"https:\/\/www.reconoce.mx\/?p=59661#article","isPartOf":{"@id":"https:\/\/www.reconoce.mx\/?p=59661"},"author":{"name":"Reconoce MX","@id":"http:\/\/www.reconoce.mx\/#\/schema\/person\/2117e997d7051dc15d6880eaf9bca0b2"},"headline":"#HoyToca: La indignaci\u00f3n en el caso de Daphne","datePublished":"2017-03-31T06:06:33+00:00","dateModified":"2017-04-01T05:11:59+00:00","mainEntityOfPage":{"@id":"https:\/\/www.reconoce.mx\/?p=59661"},"wordCount":865,"commentCount":0,"publisher":{"@id":"http:\/\/www.reconoce.mx\/#organization"},"image":{"@id":"https:\/\/www.reconoce.mx\/?p=59661#primaryimage"},"thumbnailUrl":"http:\/\/www.reconoce.mx\/wp-content\/uploads\/2017\/03\/daphne.png","articleSection":["Columnistas","Hoy toca","Principal"],"inLanguage":"es","potentialAction":[{"@type":"CommentAction","name":"Comment","target":["https:\/\/www.reconoce.mx\/?p=59661#respond"]}]},{"@type":"WebPage","@id":"https:\/\/www.reconoce.mx\/?p=59661","url":"https:\/\/www.reconoce.mx\/?p=59661","name":"#HoyToca: La indignaci\u00f3n en el caso de Daphne &#171; Reconoce MX","isPartOf":{"@id":"http:\/\/www.reconoce.mx\/#website"},"primaryImageOfPage":{"@id":"https:\/\/www.reconoce.mx\/?p=59661#primaryimage"},"image":{"@id":"https:\/\/www.reconoce.mx\/?p=59661#primaryimage"},"thumbnailUrl":"http:\/\/www.reconoce.mx\/wp-content\/uploads\/2017\/03\/daphne.png","datePublished":"2017-03-31T06:06:33+00:00","dateModified":"2017-04-01T05:11:59+00:00","breadcrumb":{"@id":"https:\/\/www.reconoce.mx\/?p=59661#breadcrumb"},"inLanguage":"es","potentialAction":[{"@type":"ReadAction","target":["https:\/\/www.reconoce.mx\/?p=59661"]}]},{"@type":"ImageObject","inLanguage":"es","@id":"https:\/\/www.reconoce.mx\/?p=59661#primaryimage","url":"http:\/\/www.reconoce.mx\/wp-content\/uploads\/2017\/03\/daphne.png","contentUrl":"http:\/\/www.reconoce.mx\/wp-content\/uploads\/2017\/03\/daphne.png","width":590,"height":380},{"@type":"BreadcrumbList","@id":"https:\/\/www.reconoce.mx\/?p=59661#breadcrumb","itemListElement":[{"@type":"ListItem","position":1,"name":"Portada","item":"http:\/\/www.reconoce.mx\/"},{"@type":"ListItem","position":2,"name":"#HoyToca: La indignaci\u00f3n en el caso de Daphne"}]},{"@type":"WebSite","@id":"http:\/\/www.reconoce.mx\/#website","url":"http:\/\/www.reconoce.mx\/","name":"Reconoce MX","description":"En Reconoce MX difundimos arte, cultura y conciencia social en M\u00e9xico. Tu ciudad en otra perspectiva.","publisher":{"@id":"http:\/\/www.reconoce.mx\/#organization"},"potentialAction":[{"@type":"SearchAction","target":{"@type":"EntryPoint","urlTemplate":"http:\/\/www.reconoce.mx\/?s={search_term_string}"},"query-input":{"@type":"PropertyValueSpecification","valueRequired":true,"valueName":"search_term_string"}}],"inLanguage":"es"},{"@type":"Organization","@id":"http:\/\/www.reconoce.mx\/#organization","name":"Reconoce MX","url":"http:\/\/www.reconoce.mx\/","logo":{"@type":"ImageObject","inLanguage":"es","@id":"http:\/\/www.reconoce.mx\/#\/schema\/logo\/image\/","url":"https:\/\/www.reconoce.mx\/wp-content\/uploads\/2019\/03\/logorcmx-good-1.png","contentUrl":"https:\/\/www.reconoce.mx\/wp-content\/uploads\/2019\/03\/logorcmx-good-1.png","width":280,"height":90,"caption":"Reconoce MX"},"image":{"@id":"http:\/\/www.reconoce.mx\/#\/schema\/logo\/image\/"},"sameAs":["https:\/\/es-la.facebook.com\/ReconoceMX\/","https:\/\/x.com\/reconocemx","http:\/\/@reconocemx"]},{"@type":"Person","@id":"http:\/\/www.reconoce.mx\/#\/schema\/person\/2117e997d7051dc15d6880eaf9bca0b2","name":"Reconoce MX","image":{"@type":"ImageObject","inLanguage":"es","@id":"http:\/\/www.reconoce.mx\/#\/schema\/person\/image\/","url":"https:\/\/secure.gravatar.com\/avatar\/6c8d4dc7569ca1c90c5fdcc349f839d5ddef6fe1e70b4337ead2ef1a4c43fc3a?s=96&d=identicon&r=g","contentUrl":"https:\/\/secure.gravatar.com\/avatar\/6c8d4dc7569ca1c90c5fdcc349f839d5ddef6fe1e70b4337ead2ef1a4c43fc3a?s=96&d=identicon&r=g","caption":"Reconoce MX"},"description":"Reconoce MX es un proyecto de difusi\u00f3n art\u00edstica, cultural y de conciencia social que est\u00e1 enfocado a difundir y fomentar el entretenimiento alternativo de calidad para todo el p\u00fablico que comparta el mismo entusiasmo.","sameAs":["http:\/\/www.reconoce.mx"],"url":"http:\/\/www.reconoce.mx\/?author=2"}]}},"_links":{"self":[{"href":"http:\/\/www.reconoce.mx\/index.php?rest_route=\/wp\/v2\/posts\/59661","targetHints":{"allow":["GET"]}}],"collection":[{"href":"http:\/\/www.reconoce.mx\/index.php?rest_route=\/wp\/v2\/posts"}],"about":[{"href":"http:\/\/www.reconoce.mx\/index.php?rest_route=\/wp\/v2\/types\/post"}],"author":[{"embeddable":true,"href":"http:\/\/www.reconoce.mx\/index.php?rest_route=\/wp\/v2\/users\/2"}],"replies":[{"embeddable":true,"href":"http:\/\/www.reconoce.mx\/index.php?rest_route=%2Fwp%2Fv2%2Fcomments&post=59661"}],"version-history":[{"count":3,"href":"http:\/\/www.reconoce.mx\/index.php?rest_route=\/wp\/v2\/posts\/59661\/revisions"}],"predecessor-version":[{"id":59665,"href":"http:\/\/www.reconoce.mx\/index.php?rest_route=\/wp\/v2\/posts\/59661\/revisions\/59665"}],"wp:featuredmedia":[{"embeddable":true,"href":"http:\/\/www.reconoce.mx\/index.php?rest_route=\/wp\/v2\/media\/59662"}],"wp:attachment":[{"href":"http:\/\/www.reconoce.mx\/index.php?rest_route=%2Fwp%2Fv2%2Fmedia&parent=59661"}],"wp:term":[{"taxonomy":"category","embeddable":true,"href":"http:\/\/www.reconoce.mx\/index.php?rest_route=%2Fwp%2Fv2%2Fcategories&post=59661"},{"taxonomy":"post_tag","embeddable":true,"href":"http:\/\/www.reconoce.mx\/index.php?rest_route=%2Fwp%2Fv2%2Ftags&post=59661"}],"curies":[{"name":"wp","href":"https:\/\/api.w.org\/{rel}","templated":true}]}}