{"id":59666,"date":"2017-04-01T00:01:15","date_gmt":"2017-04-01T06:01:15","guid":{"rendered":"http:\/\/www.reconoce.mx\/?p=59666"},"modified":"2017-04-01T10:04:30","modified_gmt":"2017-04-01T16:04:30","slug":"james-noche-de-conexion-total-en-el-plaza-condesa","status":"publish","type":"post","link":"http:\/\/www.reconoce.mx\/?p=59666","title":{"rendered":"James, noche de conexi\u00f3n total en El Plaza Condesa"},"content":{"rendered":"<p><strong>Texto <\/strong><strong>por <a href=\"https:\/\/twitter.com\/AgroZsUno\" target=\"_blank\">Jes\u00fas Ortega<\/a>.<br \/>\nFotos por <a title=\"@anasofisolis\" href=\"https:\/\/twitter.com\/Anasofisolis\" target=\"_blank\">Ana Sof Sol\u00eds<\/a>.<br \/>\n<\/strong><\/p>\n<p>El pasado 29 de marzo el emblem\u00e1tico<strong> El Plaza Condesa<\/strong> de la Ciudad de M\u00e9xico fue testigo del indie rock noventero de <strong>James<\/strong>; la banda de Manchester nos hizo parte de su gira \u00abGirl At The End Of The World Tour\u00bb y nos encant\u00f3.<\/p>\n<p><a href=\"http:\/\/www.reconoce.mx\/wp-content\/uploads\/2017\/04\/james-2.png\"><img loading=\"lazy\" decoding=\"async\" class=\"aligncenter size-full wp-image-59668\" src=\"http:\/\/www.reconoce.mx\/wp-content\/uploads\/2017\/04\/james-2.png\" alt=\"\" width=\"590\" height=\"380\" srcset=\"http:\/\/www.reconoce.mx\/wp-content\/uploads\/2017\/04\/james-2.png 590w, http:\/\/www.reconoce.mx\/wp-content\/uploads\/2017\/04\/james-2-300x193.png 300w, http:\/\/www.reconoce.mx\/wp-content\/uploads\/2017\/04\/james-2-150x97.png 150w\" sizes=\"auto, (max-width: 590px) 100vw, 590px\" \/><\/a><\/p>\n<p><em><strong>&gt;&gt;<a href=\"https:\/\/www.flickr.com\/photos\/reconocemx\/albums\/72157680098012671\" target=\"_blank\">Disfruta nuestra galer\u00eda completa de James en El Plaza Condesa<\/a>&lt;&lt;<\/strong><\/em><\/p>\n<p>Con la ignorancia pura de la m\u00fasica de James, llegu\u00e9 a <strong>El Plaza Condesa<\/strong> alegre de la vida como buen god\u00edn. Entre la euforia de la gente salieron al escenario y comenz\u00f3 a sonar la guitarra de \u00abOut to get you\u00bb.<\/p>\n<p>Unas canciones m\u00e1s tarde junto con un estilo cl\u00e1sico, pude notar que <strong>Tim Booth<\/strong>, el vocal, hac\u00eda un baile que desprend\u00eda una energ\u00eda que logr\u00f3 contagiar al p\u00fablico, entre ellos, a m\u00ed. Logr\u00e9 distinguir un sonido noventero que no hab\u00eda escuchado antes. Me enamor\u00e9 de canciones como \u00abTrouble\u00bb y \u00abJust like a Fred Astaire\u00bb.<\/p>\n<p><a href=\"http:\/\/www.reconoce.mx\/wp-content\/uploads\/2017\/04\/james-3.png\"><img loading=\"lazy\" decoding=\"async\" class=\"aligncenter size-full wp-image-59669\" src=\"http:\/\/www.reconoce.mx\/wp-content\/uploads\/2017\/04\/james-3.png\" alt=\"\" width=\"590\" height=\"380\" srcset=\"http:\/\/www.reconoce.mx\/wp-content\/uploads\/2017\/04\/james-3.png 590w, http:\/\/www.reconoce.mx\/wp-content\/uploads\/2017\/04\/james-3-300x193.png 300w, http:\/\/www.reconoce.mx\/wp-content\/uploads\/2017\/04\/james-3-150x97.png 150w\" sizes=\"auto, (max-width: 590px) 100vw, 590px\" \/><\/a><\/p>\n<p><em><strong>&gt;&gt;<a href=\"https:\/\/www.flickr.com\/photos\/reconocemx\/albums\/72157680098012671\" target=\"_blank\">Disfruta nuestra galer\u00eda completa de James en El Plaza Condesa<\/a>&lt;&lt;<\/strong><\/em><\/p>\n<p>Algo que me sorprendi\u00f3 much\u00edsimo de esta banda es la cantidad de m\u00fasicos sobre el escenario y la manera en la que pude ver que se llevaban tan bien. Adem\u00e1s del audio espectacular que nos otorga <strong>El Plaza Condesa<\/strong>, todos llevaron el tono para dar un espectacular show.<\/p>\n<p>\u00a1Y no solo el audio! Hace mucho no ve\u00eda a un m\u00fasico (que no fuera en un festival) estar tan conectado con el p\u00fablico, bajar a cantar cara a cara con la gente, ver ese aliento desgarrador, ver c\u00f3mo se mov\u00eda y que su voz siguiera intacta, como si cantara otra persona y \u00e9l estuviera echando su desmadre con la gente y en el escenario.<\/p>\n<p><a href=\"http:\/\/www.reconoce.mx\/wp-content\/uploads\/2017\/04\/james-4.png\"><img loading=\"lazy\" decoding=\"async\" class=\"aligncenter size-full wp-image-59670\" src=\"http:\/\/www.reconoce.mx\/wp-content\/uploads\/2017\/04\/james-4.png\" alt=\"\" width=\"590\" height=\"380\" srcset=\"http:\/\/www.reconoce.mx\/wp-content\/uploads\/2017\/04\/james-4.png 590w, http:\/\/www.reconoce.mx\/wp-content\/uploads\/2017\/04\/james-4-300x193.png 300w, http:\/\/www.reconoce.mx\/wp-content\/uploads\/2017\/04\/james-4-150x97.png 150w\" sizes=\"auto, (max-width: 590px) 100vw, 590px\" \/><\/a><\/p>\n<p><em><strong>&gt;&gt;<a href=\"https:\/\/www.flickr.com\/photos\/reconocemx\/albums\/72157680098012671\" target=\"_blank\">Disfruta nuestra galer\u00eda completa de James en El Plaza Condesa<\/a>&lt;&lt;<\/strong><\/em><\/p>\n<p>Canciones como \u00abSay something\u00bb y \u00abMoving on\u00bb fueron muy coreadas por el p\u00fablico. Esta nota no la hubiera logrado hacer si no fuera por Alfredo, un vato s\u00faper fan que cantaba todas las canciones y que me di cuenta c\u00f3mo entregaba toda su energ\u00eda en acompa\u00f1ar los coros y los bailes de la banda; \u00e9l me ayudo a saber el nombre de la mayor\u00eda de las canciones.<\/p>\n<p>\u00abJhonny Yen\u00bb y \u00abSometimes\u00bb fueron parte de las canciones del <em>encore<\/em>, que con alegr\u00eda, la gente y la banda cantaron y bailaron antes de regresar a la triste realidad: <strong>James<\/strong> ten\u00eda que irse para presentarse en el <strong>Roxy<\/strong> de Guadalajara y acompa\u00f1ar en el escenario a <strong>Morrissey<\/strong>.<\/p>\n<p><a href=\"http:\/\/www.reconoce.mx\/wp-content\/uploads\/2017\/04\/james-5.png\"><img loading=\"lazy\" decoding=\"async\" class=\"aligncenter size-full wp-image-59671\" src=\"http:\/\/www.reconoce.mx\/wp-content\/uploads\/2017\/04\/james-5.png\" alt=\"\" width=\"590\" height=\"380\" srcset=\"http:\/\/www.reconoce.mx\/wp-content\/uploads\/2017\/04\/james-5.png 590w, http:\/\/www.reconoce.mx\/wp-content\/uploads\/2017\/04\/james-5-300x193.png 300w, http:\/\/www.reconoce.mx\/wp-content\/uploads\/2017\/04\/james-5-150x97.png 150w\" sizes=\"auto, (max-width: 590px) 100vw, 590px\" \/><\/a><\/p>\n<p><em><strong>&gt;&gt;<a href=\"https:\/\/www.flickr.com\/photos\/reconocemx\/albums\/72157680098012671\" target=\"_blank\">Disfruta nuestra galer\u00eda completa de James en El Plaza Condesa<\/a>&lt;&lt;<\/strong><\/em><\/p>\n<p>El ciclo -por desgracia para m\u00ed que ya estaba muy clavado con su m\u00fasica- ten\u00eda que cerrarse y dar fin a un gran concierto, no sin antes demostrar que a M\u00e9xico lo llevan en el coraz\u00f3n, por lo que cerraron la gran noche con \u00abSit down\u00bb con la que para ese momento me qued\u00e9 clavado mirando al escenario c\u00f3mo empataba la gente, la banda y el audio; fue el momento exacto para poder relajarme y poderme olvidar por completo de mi vida god\u00edn, mis problemas y concentrarme en una sola canci\u00f3n.<\/p>\n<p>Solo puedo decir: \u00a1Gracias <strong>James<\/strong>! Regresen pronto, porque cuando regresen, estar\u00e9 aqu\u00ed esper\u00e1ndolos con mis o\u00eddos bien abiertos.<\/p>\n<p>&nbsp;<\/p>\n<p>&nbsp;<\/p>\n","protected":false},"excerpt":{"rendered":"<p>El pasado 29 de marzo el emblem\u00e1tico El Plaza Condesa de la Ciudad de M\u00e9xico fue testigo del indie rock noventero de James; la banda de Manchester nos hizo parte de su gira \u00abGirl At The End Of The World Tour\u00bb y nos encant\u00f3.<\/p>\n","protected":false},"author":2,"featured_media":59667,"comment_status":"open","ping_status":"open","sticky":false,"template":"","format":"standard","meta":{"footnotes":""},"categories":[1,18,17],"tags":[],"class_list":["post-59666","post","type-post","status-publish","format-standard","has-post-thumbnail","hentry","category-cultura","category-musica","category-principal"],"yoast_head":"<!-- This site is optimized with the Yoast SEO plugin v24.7 - https:\/\/yoast.com\/wordpress\/plugins\/seo\/ -->\n<title>James, noche de conexi\u00f3n total en El Plaza Condesa &#171; Reconoce MX<\/title>\n<meta name=\"robots\" content=\"index, follow, max-snippet:-1, max-image-preview:large, max-video-preview:-1\" \/>\n<link rel=\"canonical\" href=\"http:\/\/www.reconoce.mx\/?p=59666\" \/>\n<meta property=\"og:locale\" content=\"es_ES\" \/>\n<meta property=\"og:type\" content=\"article\" \/>\n<meta property=\"og:title\" content=\"James, noche de conexi\u00f3n total en El Plaza Condesa &#171; Reconoce MX\" \/>\n<meta property=\"og:description\" content=\"El pasado 29 de marzo el emblem\u00e1tico El Plaza Condesa de la Ciudad de M\u00e9xico fue testigo del indie rock noventero de James; la banda de Manchester nos hizo parte de su gira &quot;Girl At The End Of The World Tour&quot; y nos encant\u00f3.\" \/>\n<meta property=\"og:url\" content=\"http:\/\/www.reconoce.mx\/?p=59666\" \/>\n<meta property=\"og:site_name\" content=\"Reconoce MX\" \/>\n<meta property=\"article:publisher\" content=\"https:\/\/es-la.facebook.com\/ReconoceMX\/\" \/>\n<meta property=\"article:published_time\" content=\"2017-04-01T06:01:15+00:00\" \/>\n<meta property=\"article:modified_time\" content=\"2017-04-01T16:04:30+00:00\" \/>\n<meta property=\"og:image\" content=\"http:\/\/www.reconoce.mx\/wp-content\/uploads\/2017\/04\/james-1.png\" \/>\n\t<meta property=\"og:image:width\" content=\"590\" \/>\n\t<meta property=\"og:image:height\" content=\"380\" \/>\n\t<meta property=\"og:image:type\" content=\"image\/png\" \/>\n<meta name=\"author\" content=\"Reconoce MX\" \/>\n<meta name=\"twitter:card\" content=\"summary_large_image\" \/>\n<meta name=\"twitter:creator\" content=\"@reconocemx\" \/>\n<meta name=\"twitter:site\" content=\"@reconocemx\" \/>\n<meta name=\"twitter:label1\" content=\"Escrito por\" \/>\n\t<meta name=\"twitter:data1\" content=\"Reconoce MX\" \/>\n\t<meta name=\"twitter:label2\" content=\"Tiempo de lectura\" \/>\n\t<meta name=\"twitter:data2\" content=\"3 minutos\" \/>\n<script type=\"application\/ld+json\" class=\"yoast-schema-graph\">{\"@context\":\"https:\/\/schema.org\",\"@graph\":[{\"@type\":\"Article\",\"@id\":\"http:\/\/www.reconoce.mx\/?p=59666#article\",\"isPartOf\":{\"@id\":\"http:\/\/www.reconoce.mx\/?p=59666\"},\"author\":{\"name\":\"Reconoce MX\",\"@id\":\"http:\/\/www.reconoce.mx\/#\/schema\/person\/2117e997d7051dc15d6880eaf9bca0b2\"},\"headline\":\"James, noche de conexi\u00f3n total en El Plaza Condesa\",\"datePublished\":\"2017-04-01T06:01:15+00:00\",\"dateModified\":\"2017-04-01T16:04:30+00:00\",\"mainEntityOfPage\":{\"@id\":\"http:\/\/www.reconoce.mx\/?p=59666\"},\"wordCount\":594,\"commentCount\":0,\"publisher\":{\"@id\":\"http:\/\/www.reconoce.mx\/#organization\"},\"image\":{\"@id\":\"http:\/\/www.reconoce.mx\/?p=59666#primaryimage\"},\"thumbnailUrl\":\"http:\/\/www.reconoce.mx\/wp-content\/uploads\/2017\/04\/james-1.png\",\"articleSection\":[\"Cultura\",\"M\u00fasica\",\"Principal\"],\"inLanguage\":\"es\",\"potentialAction\":[{\"@type\":\"CommentAction\",\"name\":\"Comment\",\"target\":[\"http:\/\/www.reconoce.mx\/?p=59666#respond\"]}]},{\"@type\":\"WebPage\",\"@id\":\"http:\/\/www.reconoce.mx\/?p=59666\",\"url\":\"http:\/\/www.reconoce.mx\/?p=59666\",\"name\":\"James, noche de conexi\u00f3n total en El Plaza Condesa &#171; Reconoce MX\",\"isPartOf\":{\"@id\":\"http:\/\/www.reconoce.mx\/#website\"},\"primaryImageOfPage\":{\"@id\":\"http:\/\/www.reconoce.mx\/?p=59666#primaryimage\"},\"image\":{\"@id\":\"http:\/\/www.reconoce.mx\/?p=59666#primaryimage\"},\"thumbnailUrl\":\"http:\/\/www.reconoce.mx\/wp-content\/uploads\/2017\/04\/james-1.png\",\"datePublished\":\"2017-04-01T06:01:15+00:00\",\"dateModified\":\"2017-04-01T16:04:30+00:00\",\"breadcrumb\":{\"@id\":\"http:\/\/www.reconoce.mx\/?p=59666#breadcrumb\"},\"inLanguage\":\"es\",\"potentialAction\":[{\"@type\":\"ReadAction\",\"target\":[\"http:\/\/www.reconoce.mx\/?p=59666\"]}]},{\"@type\":\"ImageObject\",\"inLanguage\":\"es\",\"@id\":\"http:\/\/www.reconoce.mx\/?p=59666#primaryimage\",\"url\":\"http:\/\/www.reconoce.mx\/wp-content\/uploads\/2017\/04\/james-1.png\",\"contentUrl\":\"http:\/\/www.reconoce.mx\/wp-content\/uploads\/2017\/04\/james-1.png\",\"width\":590,\"height\":380},{\"@type\":\"BreadcrumbList\",\"@id\":\"http:\/\/www.reconoce.mx\/?p=59666#breadcrumb\",\"itemListElement\":[{\"@type\":\"ListItem\",\"position\":1,\"name\":\"Portada\",\"item\":\"http:\/\/www.reconoce.mx\/\"},{\"@type\":\"ListItem\",\"position\":2,\"name\":\"James, noche de conexi\u00f3n total en El Plaza Condesa\"}]},{\"@type\":\"WebSite\",\"@id\":\"http:\/\/www.reconoce.mx\/#website\",\"url\":\"http:\/\/www.reconoce.mx\/\",\"name\":\"Reconoce MX\",\"description\":\"En Reconoce MX difundimos arte, cultura y conciencia social en M\u00e9xico. Tu ciudad en otra perspectiva.\",\"publisher\":{\"@id\":\"http:\/\/www.reconoce.mx\/#organization\"},\"potentialAction\":[{\"@type\":\"SearchAction\",\"target\":{\"@type\":\"EntryPoint\",\"urlTemplate\":\"http:\/\/www.reconoce.mx\/?s={search_term_string}\"},\"query-input\":{\"@type\":\"PropertyValueSpecification\",\"valueRequired\":true,\"valueName\":\"search_term_string\"}}],\"inLanguage\":\"es\"},{\"@type\":\"Organization\",\"@id\":\"http:\/\/www.reconoce.mx\/#organization\",\"name\":\"Reconoce MX\",\"url\":\"http:\/\/www.reconoce.mx\/\",\"logo\":{\"@type\":\"ImageObject\",\"inLanguage\":\"es\",\"@id\":\"http:\/\/www.reconoce.mx\/#\/schema\/logo\/image\/\",\"url\":\"https:\/\/www.reconoce.mx\/wp-content\/uploads\/2019\/03\/logorcmx-good-1.png\",\"contentUrl\":\"https:\/\/www.reconoce.mx\/wp-content\/uploads\/2019\/03\/logorcmx-good-1.png\",\"width\":280,\"height\":90,\"caption\":\"Reconoce MX\"},\"image\":{\"@id\":\"http:\/\/www.reconoce.mx\/#\/schema\/logo\/image\/\"},\"sameAs\":[\"https:\/\/es-la.facebook.com\/ReconoceMX\/\",\"https:\/\/x.com\/reconocemx\",\"http:\/\/@reconocemx\"]},{\"@type\":\"Person\",\"@id\":\"http:\/\/www.reconoce.mx\/#\/schema\/person\/2117e997d7051dc15d6880eaf9bca0b2\",\"name\":\"Reconoce MX\",\"image\":{\"@type\":\"ImageObject\",\"inLanguage\":\"es\",\"@id\":\"http:\/\/www.reconoce.mx\/#\/schema\/person\/image\/\",\"url\":\"https:\/\/secure.gravatar.com\/avatar\/6c8d4dc7569ca1c90c5fdcc349f839d5ddef6fe1e70b4337ead2ef1a4c43fc3a?s=96&d=identicon&r=g\",\"contentUrl\":\"https:\/\/secure.gravatar.com\/avatar\/6c8d4dc7569ca1c90c5fdcc349f839d5ddef6fe1e70b4337ead2ef1a4c43fc3a?s=96&d=identicon&r=g\",\"caption\":\"Reconoce MX\"},\"description\":\"Reconoce MX es un proyecto de difusi\u00f3n art\u00edstica, cultural y de conciencia social que est\u00e1 enfocado a difundir y fomentar el entretenimiento alternativo de calidad para todo el p\u00fablico que comparta el mismo entusiasmo.\",\"sameAs\":[\"http:\/\/www.reconoce.mx\"],\"url\":\"http:\/\/www.reconoce.mx\/?author=2\"}]}<\/script>\n<!-- \/ Yoast SEO plugin. -->","yoast_head_json":{"title":"James, noche de conexi\u00f3n total en El Plaza Condesa &#171; Reconoce MX","robots":{"index":"index","follow":"follow","max-snippet":"max-snippet:-1","max-image-preview":"max-image-preview:large","max-video-preview":"max-video-preview:-1"},"canonical":"http:\/\/www.reconoce.mx\/?p=59666","og_locale":"es_ES","og_type":"article","og_title":"James, noche de conexi\u00f3n total en El Plaza Condesa &#171; Reconoce MX","og_description":"El pasado 29 de marzo el emblem\u00e1tico El Plaza Condesa de la Ciudad de M\u00e9xico fue testigo del indie rock noventero de James; la banda de Manchester nos hizo parte de su gira \"Girl At The End Of The World Tour\" y nos encant\u00f3.","og_url":"http:\/\/www.reconoce.mx\/?p=59666","og_site_name":"Reconoce MX","article_publisher":"https:\/\/es-la.facebook.com\/ReconoceMX\/","article_published_time":"2017-04-01T06:01:15+00:00","article_modified_time":"2017-04-01T16:04:30+00:00","og_image":[{"width":590,"height":380,"url":"http:\/\/www.reconoce.mx\/wp-content\/uploads\/2017\/04\/james-1.png","type":"image\/png"}],"author":"Reconoce MX","twitter_card":"summary_large_image","twitter_creator":"@reconocemx","twitter_site":"@reconocemx","twitter_misc":{"Escrito por":"Reconoce MX","Tiempo de lectura":"3 minutos"},"schema":{"@context":"https:\/\/schema.org","@graph":[{"@type":"Article","@id":"http:\/\/www.reconoce.mx\/?p=59666#article","isPartOf":{"@id":"http:\/\/www.reconoce.mx\/?p=59666"},"author":{"name":"Reconoce MX","@id":"http:\/\/www.reconoce.mx\/#\/schema\/person\/2117e997d7051dc15d6880eaf9bca0b2"},"headline":"James, noche de conexi\u00f3n total en El Plaza Condesa","datePublished":"2017-04-01T06:01:15+00:00","dateModified":"2017-04-01T16:04:30+00:00","mainEntityOfPage":{"@id":"http:\/\/www.reconoce.mx\/?p=59666"},"wordCount":594,"commentCount":0,"publisher":{"@id":"http:\/\/www.reconoce.mx\/#organization"},"image":{"@id":"http:\/\/www.reconoce.mx\/?p=59666#primaryimage"},"thumbnailUrl":"http:\/\/www.reconoce.mx\/wp-content\/uploads\/2017\/04\/james-1.png","articleSection":["Cultura","M\u00fasica","Principal"],"inLanguage":"es","potentialAction":[{"@type":"CommentAction","name":"Comment","target":["http:\/\/www.reconoce.mx\/?p=59666#respond"]}]},{"@type":"WebPage","@id":"http:\/\/www.reconoce.mx\/?p=59666","url":"http:\/\/www.reconoce.mx\/?p=59666","name":"James, noche de conexi\u00f3n total en El Plaza Condesa &#171; Reconoce MX","isPartOf":{"@id":"http:\/\/www.reconoce.mx\/#website"},"primaryImageOfPage":{"@id":"http:\/\/www.reconoce.mx\/?p=59666#primaryimage"},"image":{"@id":"http:\/\/www.reconoce.mx\/?p=59666#primaryimage"},"thumbnailUrl":"http:\/\/www.reconoce.mx\/wp-content\/uploads\/2017\/04\/james-1.png","datePublished":"2017-04-01T06:01:15+00:00","dateModified":"2017-04-01T16:04:30+00:00","breadcrumb":{"@id":"http:\/\/www.reconoce.mx\/?p=59666#breadcrumb"},"inLanguage":"es","potentialAction":[{"@type":"ReadAction","target":["http:\/\/www.reconoce.mx\/?p=59666"]}]},{"@type":"ImageObject","inLanguage":"es","@id":"http:\/\/www.reconoce.mx\/?p=59666#primaryimage","url":"http:\/\/www.reconoce.mx\/wp-content\/uploads\/2017\/04\/james-1.png","contentUrl":"http:\/\/www.reconoce.mx\/wp-content\/uploads\/2017\/04\/james-1.png","width":590,"height":380},{"@type":"BreadcrumbList","@id":"http:\/\/www.reconoce.mx\/?p=59666#breadcrumb","itemListElement":[{"@type":"ListItem","position":1,"name":"Portada","item":"http:\/\/www.reconoce.mx\/"},{"@type":"ListItem","position":2,"name":"James, noche de conexi\u00f3n total en El Plaza Condesa"}]},{"@type":"WebSite","@id":"http:\/\/www.reconoce.mx\/#website","url":"http:\/\/www.reconoce.mx\/","name":"Reconoce MX","description":"En Reconoce MX difundimos arte, cultura y conciencia social en M\u00e9xico. Tu ciudad en otra perspectiva.","publisher":{"@id":"http:\/\/www.reconoce.mx\/#organization"},"potentialAction":[{"@type":"SearchAction","target":{"@type":"EntryPoint","urlTemplate":"http:\/\/www.reconoce.mx\/?s={search_term_string}"},"query-input":{"@type":"PropertyValueSpecification","valueRequired":true,"valueName":"search_term_string"}}],"inLanguage":"es"},{"@type":"Organization","@id":"http:\/\/www.reconoce.mx\/#organization","name":"Reconoce MX","url":"http:\/\/www.reconoce.mx\/","logo":{"@type":"ImageObject","inLanguage":"es","@id":"http:\/\/www.reconoce.mx\/#\/schema\/logo\/image\/","url":"https:\/\/www.reconoce.mx\/wp-content\/uploads\/2019\/03\/logorcmx-good-1.png","contentUrl":"https:\/\/www.reconoce.mx\/wp-content\/uploads\/2019\/03\/logorcmx-good-1.png","width":280,"height":90,"caption":"Reconoce MX"},"image":{"@id":"http:\/\/www.reconoce.mx\/#\/schema\/logo\/image\/"},"sameAs":["https:\/\/es-la.facebook.com\/ReconoceMX\/","https:\/\/x.com\/reconocemx","http:\/\/@reconocemx"]},{"@type":"Person","@id":"http:\/\/www.reconoce.mx\/#\/schema\/person\/2117e997d7051dc15d6880eaf9bca0b2","name":"Reconoce MX","image":{"@type":"ImageObject","inLanguage":"es","@id":"http:\/\/www.reconoce.mx\/#\/schema\/person\/image\/","url":"https:\/\/secure.gravatar.com\/avatar\/6c8d4dc7569ca1c90c5fdcc349f839d5ddef6fe1e70b4337ead2ef1a4c43fc3a?s=96&d=identicon&r=g","contentUrl":"https:\/\/secure.gravatar.com\/avatar\/6c8d4dc7569ca1c90c5fdcc349f839d5ddef6fe1e70b4337ead2ef1a4c43fc3a?s=96&d=identicon&r=g","caption":"Reconoce MX"},"description":"Reconoce MX es un proyecto de difusi\u00f3n art\u00edstica, cultural y de conciencia social que est\u00e1 enfocado a difundir y fomentar el entretenimiento alternativo de calidad para todo el p\u00fablico que comparta el mismo entusiasmo.","sameAs":["http:\/\/www.reconoce.mx"],"url":"http:\/\/www.reconoce.mx\/?author=2"}]}},"_links":{"self":[{"href":"http:\/\/www.reconoce.mx\/index.php?rest_route=\/wp\/v2\/posts\/59666","targetHints":{"allow":["GET"]}}],"collection":[{"href":"http:\/\/www.reconoce.mx\/index.php?rest_route=\/wp\/v2\/posts"}],"about":[{"href":"http:\/\/www.reconoce.mx\/index.php?rest_route=\/wp\/v2\/types\/post"}],"author":[{"embeddable":true,"href":"http:\/\/www.reconoce.mx\/index.php?rest_route=\/wp\/v2\/users\/2"}],"replies":[{"embeddable":true,"href":"http:\/\/www.reconoce.mx\/index.php?rest_route=%2Fwp%2Fv2%2Fcomments&post=59666"}],"version-history":[{"count":3,"href":"http:\/\/www.reconoce.mx\/index.php?rest_route=\/wp\/v2\/posts\/59666\/revisions"}],"predecessor-version":[{"id":59674,"href":"http:\/\/www.reconoce.mx\/index.php?rest_route=\/wp\/v2\/posts\/59666\/revisions\/59674"}],"wp:featuredmedia":[{"embeddable":true,"href":"http:\/\/www.reconoce.mx\/index.php?rest_route=\/wp\/v2\/media\/59667"}],"wp:attachment":[{"href":"http:\/\/www.reconoce.mx\/index.php?rest_route=%2Fwp%2Fv2%2Fmedia&parent=59666"}],"wp:term":[{"taxonomy":"category","embeddable":true,"href":"http:\/\/www.reconoce.mx\/index.php?rest_route=%2Fwp%2Fv2%2Fcategories&post=59666"},{"taxonomy":"post_tag","embeddable":true,"href":"http:\/\/www.reconoce.mx\/index.php?rest_route=%2Fwp%2Fv2%2Ftags&post=59666"}],"curies":[{"name":"wp","href":"https:\/\/api.w.org\/{rel}","templated":true}]}}