{"id":59689,"date":"2017-04-03T00:02:27","date_gmt":"2017-04-03T05:02:27","guid":{"rendered":"http:\/\/www.reconoce.mx\/?p=59689"},"modified":"2017-12-04T23:59:59","modified_gmt":"2017-12-05T05:59:59","slug":"abusame-de-serbia","status":"publish","type":"post","link":"http:\/\/www.reconoce.mx\/?p=59689","title":{"rendered":"&#8216;Ab\u00fasame&#8217;, de Serbia"},"content":{"rendered":"<p><a href=\"http:\/\/www.reconoce.mx\/category\/cultura\/musica\/lunes-musical-musica\/\"><img loading=\"lazy\" decoding=\"async\" class=\"aligncenter size-full wp-image-38360\" src=\"http:\/\/www.reconoce.mx\/wp-content\/uploads\/2015\/06\/Lunes1.png\" sizes=\"auto, (max-width: 550px) 100vw, 550px\" srcset=\"http:\/\/www.reconoce.mx\/wp-content\/uploads\/2015\/06\/Lunes1.png 550w, http:\/\/www.reconoce.mx\/wp-content\/uploads\/2015\/06\/Lunes1-300x38.png 300w, http:\/\/www.reconoce.mx\/wp-content\/uploads\/2015\/06\/Lunes1-150x19.png 150w\" alt=\"Lunes\" width=\"550\" height=\"70\" \/><\/a><strong><br \/>\nPor <a title=\"@AsfaltosTweets\" href=\"http:\/\/twitter.com\/AsfaltosTweets\" target=\"_blank\" rel=\"noopener\">Asfaltos<\/a><\/strong>.<\/p>\n<p>El pasado fin de semana se vivi\u00f3 una edici\u00f3n m\u00e1s del festival <strong>Pa&#8217;l Norte 2017<\/strong> organizado en la ciudad de Monterrey, Nuevo Le\u00f3n. Grupos como Jarabe de Palo, Mon Laferte, M.I.A. y The Killers hicieron retumbar de tremenda manera el <strong>Parque Fundidora<\/strong> donde se realiz\u00f3; y entre ellos, del mism\u00edsimo Monterrey, la propuesta musical que les traigo hoy.<\/p>\n<style>.embed-container { position: relative; padding-bottom: 56.25%; height: 0; overflow: hidden; max-width: 100%; } .embed-container iframe, .embed-container object, .embed-container embed { position: absolute; top: 0; left: 0; width: 100%; height: 100%; }<\/style>\n<div class=\"embed-container\"><iframe loading=\"lazy\" src=\"https:\/\/www.youtube.com\/embed\/ed5_a5vwpfo\" width=\"300\" height=\"150\" frameborder=\"0\" allowfullscreen=\"allowfullscreen\"><\/iframe><\/div>\n<p>&nbsp;<\/p>\n<p>Integrada por Eduardo V\u00e1zquez (bajo), Daniel V\u00e1zquez (bater\u00eda), Ernesto Ortiz (guitarra y voz) y Andr\u00e9s Del Cid (guitarra), <strong>Serbia<\/strong> es una propuesta de rock desde el norte del pa\u00eds. Su historia, de acuerdo a lo que se marca en su sitio oficial, empieza en 2009 en la <strong>School Of Rock<\/strong> del municipio de San Pedro Garza Garc\u00eda.<\/p>\n<p>Para 2013, tras varios proyectos trabajados, es cuando empieza la etapa de composici\u00f3n y presentaciones en vivo de una banda que se ha mantenido por las ganas de trascender. Para 2014, tras sellarse una alianza con <strong>Sanfora Management<\/strong>, se fueron dando pasos m\u00e1s firmes hacia un primer material que terminar\u00eda siendo producido en 2015 por <strong>Flip Tamez<\/strong>, el reconocido guitarrista de <strong>Jumbo<\/strong>.<\/p>\n<p>Teloneros de <strong>Pxndx<\/strong> en 2014 y participantes en del festival <strong>SXSW<\/strong> en 2015, el camino de <strong>Serbia<\/strong> es a\u00fan largo, pero de entrada con su m\u00e1s reciente sencillo \u00abAb\u00fasame\u00bb se ve que es s\u00f3lido. La melod\u00eda es cierto que no es algo que no hayamos escuchado antes, pero tambi\u00e9n se trata -o por lo menos a m\u00ed esa es la sensaci\u00f3n que me deja- de evocar la mejor tradici\u00f3n rockera de la ciudad del norte de nuestro pa\u00eds. La rola, s\u00ed, es disfrutable y nos deja con antojo de m\u00e1s.<\/p>\n<p>\u00bfLes gust\u00f3 la propuesta? Ya saben, hay que seguir a <strong>Serbia<\/strong> en <a href=\"https:\/\/www.facebook.com\/SerbiaOficial\/\" target=\"_blank\" rel=\"noopener\">Facebook<\/a>, <a href=\"https:\/\/twitter.com\/serbia_mx?lang=es\" target=\"_blank\" rel=\"noopener\">Twitter<\/a> y <a href=\"http:\/\/serbia.mx\/\" target=\"_blank\" rel=\"noopener\">sitio oficial<\/a>.<\/p>\n<p>&nbsp;<\/p>\n<p>&nbsp;<\/p>\n","protected":false},"excerpt":{"rendered":"<p>El pasado fin de semana se vivi\u00f3 una edici\u00f3n m\u00e1s del festival Pa&#8217;l Norte 2017 organizado en la ciudad de Monterrey, Nuevo Le\u00f3n.<\/p>\n","protected":false},"author":2,"featured_media":59698,"comment_status":"open","ping_status":"open","sticky":false,"template":"","format":"standard","meta":{"footnotes":""},"categories":[1,665,18,17],"tags":[],"class_list":["post-59689","post","type-post","status-publish","format-standard","has-post-thumbnail","hentry","category-cultura","category-lunes-musical-musica","category-musica","category-principal"],"yoast_head":"<!-- This site is optimized with the Yoast SEO plugin v24.7 - https:\/\/yoast.com\/wordpress\/plugins\/seo\/ -->\n<title>&#039;Ab\u00fasame&#039;, de Serbia &#171; Reconoce MX<\/title>\n<meta name=\"robots\" content=\"index, follow, max-snippet:-1, max-image-preview:large, max-video-preview:-1\" \/>\n<link rel=\"canonical\" href=\"http:\/\/www.reconoce.mx\/?p=59689\" \/>\n<meta property=\"og:locale\" content=\"es_ES\" \/>\n<meta property=\"og:type\" content=\"article\" \/>\n<meta property=\"og:title\" content=\"&#039;Ab\u00fasame&#039;, de Serbia &#171; Reconoce MX\" \/>\n<meta property=\"og:description\" content=\"El pasado fin de semana se vivi\u00f3 una edici\u00f3n m\u00e1s del festival Pa&#039;l Norte 2017 organizado en la ciudad de Monterrey, Nuevo Le\u00f3n.\" \/>\n<meta property=\"og:url\" content=\"http:\/\/www.reconoce.mx\/?p=59689\" \/>\n<meta property=\"og:site_name\" content=\"Reconoce MX\" \/>\n<meta property=\"article:publisher\" content=\"https:\/\/es-la.facebook.com\/ReconoceMX\/\" \/>\n<meta property=\"article:published_time\" content=\"2017-04-03T05:02:27+00:00\" \/>\n<meta property=\"article:modified_time\" content=\"2017-12-05T05:59:59+00:00\" \/>\n<meta property=\"og:image\" content=\"http:\/\/www.reconoce.mx\/wp-content\/uploads\/2017\/04\/serbia-1.png\" \/>\n\t<meta property=\"og:image:width\" content=\"590\" \/>\n\t<meta property=\"og:image:height\" content=\"380\" \/>\n\t<meta property=\"og:image:type\" content=\"image\/png\" \/>\n<meta name=\"author\" content=\"Reconoce MX\" \/>\n<meta name=\"twitter:card\" content=\"summary_large_image\" \/>\n<meta name=\"twitter:creator\" content=\"@reconocemx\" \/>\n<meta name=\"twitter:site\" content=\"@reconocemx\" \/>\n<meta name=\"twitter:label1\" content=\"Escrito por\" \/>\n\t<meta name=\"twitter:data1\" content=\"Reconoce MX\" \/>\n\t<meta name=\"twitter:label2\" content=\"Tiempo de lectura\" \/>\n\t<meta name=\"twitter:data2\" content=\"2 minutos\" \/>\n<script type=\"application\/ld+json\" class=\"yoast-schema-graph\">{\"@context\":\"https:\/\/schema.org\",\"@graph\":[{\"@type\":\"Article\",\"@id\":\"http:\/\/www.reconoce.mx\/?p=59689#article\",\"isPartOf\":{\"@id\":\"http:\/\/www.reconoce.mx\/?p=59689\"},\"author\":{\"name\":\"Reconoce MX\",\"@id\":\"http:\/\/www.reconoce.mx\/#\/schema\/person\/2117e997d7051dc15d6880eaf9bca0b2\"},\"headline\":\"&#8216;Ab\u00fasame&#8217;, de Serbia\",\"datePublished\":\"2017-04-03T05:02:27+00:00\",\"dateModified\":\"2017-12-05T05:59:59+00:00\",\"mainEntityOfPage\":{\"@id\":\"http:\/\/www.reconoce.mx\/?p=59689\"},\"wordCount\":311,\"commentCount\":0,\"publisher\":{\"@id\":\"http:\/\/www.reconoce.mx\/#organization\"},\"image\":{\"@id\":\"http:\/\/www.reconoce.mx\/?p=59689#primaryimage\"},\"thumbnailUrl\":\"http:\/\/www.reconoce.mx\/wp-content\/uploads\/2017\/04\/serbia-1.png\",\"articleSection\":[\"Cultura\",\"Lunes musical\",\"M\u00fasica\",\"Principal\"],\"inLanguage\":\"es\",\"potentialAction\":[{\"@type\":\"CommentAction\",\"name\":\"Comment\",\"target\":[\"http:\/\/www.reconoce.mx\/?p=59689#respond\"]}]},{\"@type\":\"WebPage\",\"@id\":\"http:\/\/www.reconoce.mx\/?p=59689\",\"url\":\"http:\/\/www.reconoce.mx\/?p=59689\",\"name\":\"'Ab\u00fasame', de Serbia &#171; Reconoce MX\",\"isPartOf\":{\"@id\":\"http:\/\/www.reconoce.mx\/#website\"},\"primaryImageOfPage\":{\"@id\":\"http:\/\/www.reconoce.mx\/?p=59689#primaryimage\"},\"image\":{\"@id\":\"http:\/\/www.reconoce.mx\/?p=59689#primaryimage\"},\"thumbnailUrl\":\"http:\/\/www.reconoce.mx\/wp-content\/uploads\/2017\/04\/serbia-1.png\",\"datePublished\":\"2017-04-03T05:02:27+00:00\",\"dateModified\":\"2017-12-05T05:59:59+00:00\",\"breadcrumb\":{\"@id\":\"http:\/\/www.reconoce.mx\/?p=59689#breadcrumb\"},\"inLanguage\":\"es\",\"potentialAction\":[{\"@type\":\"ReadAction\",\"target\":[\"http:\/\/www.reconoce.mx\/?p=59689\"]}]},{\"@type\":\"ImageObject\",\"inLanguage\":\"es\",\"@id\":\"http:\/\/www.reconoce.mx\/?p=59689#primaryimage\",\"url\":\"http:\/\/www.reconoce.mx\/wp-content\/uploads\/2017\/04\/serbia-1.png\",\"contentUrl\":\"http:\/\/www.reconoce.mx\/wp-content\/uploads\/2017\/04\/serbia-1.png\",\"width\":590,\"height\":380},{\"@type\":\"BreadcrumbList\",\"@id\":\"http:\/\/www.reconoce.mx\/?p=59689#breadcrumb\",\"itemListElement\":[{\"@type\":\"ListItem\",\"position\":1,\"name\":\"Portada\",\"item\":\"http:\/\/www.reconoce.mx\/\"},{\"@type\":\"ListItem\",\"position\":2,\"name\":\"&#8216;Ab\u00fasame&#8217;, de Serbia\"}]},{\"@type\":\"WebSite\",\"@id\":\"http:\/\/www.reconoce.mx\/#website\",\"url\":\"http:\/\/www.reconoce.mx\/\",\"name\":\"Reconoce MX\",\"description\":\"En Reconoce MX difundimos arte, cultura y conciencia social en M\u00e9xico. Tu ciudad en otra perspectiva.\",\"publisher\":{\"@id\":\"http:\/\/www.reconoce.mx\/#organization\"},\"potentialAction\":[{\"@type\":\"SearchAction\",\"target\":{\"@type\":\"EntryPoint\",\"urlTemplate\":\"http:\/\/www.reconoce.mx\/?s={search_term_string}\"},\"query-input\":{\"@type\":\"PropertyValueSpecification\",\"valueRequired\":true,\"valueName\":\"search_term_string\"}}],\"inLanguage\":\"es\"},{\"@type\":\"Organization\",\"@id\":\"http:\/\/www.reconoce.mx\/#organization\",\"name\":\"Reconoce MX\",\"url\":\"http:\/\/www.reconoce.mx\/\",\"logo\":{\"@type\":\"ImageObject\",\"inLanguage\":\"es\",\"@id\":\"http:\/\/www.reconoce.mx\/#\/schema\/logo\/image\/\",\"url\":\"https:\/\/www.reconoce.mx\/wp-content\/uploads\/2019\/03\/logorcmx-good-1.png\",\"contentUrl\":\"https:\/\/www.reconoce.mx\/wp-content\/uploads\/2019\/03\/logorcmx-good-1.png\",\"width\":280,\"height\":90,\"caption\":\"Reconoce MX\"},\"image\":{\"@id\":\"http:\/\/www.reconoce.mx\/#\/schema\/logo\/image\/\"},\"sameAs\":[\"https:\/\/es-la.facebook.com\/ReconoceMX\/\",\"https:\/\/x.com\/reconocemx\",\"http:\/\/@reconocemx\"]},{\"@type\":\"Person\",\"@id\":\"http:\/\/www.reconoce.mx\/#\/schema\/person\/2117e997d7051dc15d6880eaf9bca0b2\",\"name\":\"Reconoce MX\",\"image\":{\"@type\":\"ImageObject\",\"inLanguage\":\"es\",\"@id\":\"http:\/\/www.reconoce.mx\/#\/schema\/person\/image\/\",\"url\":\"https:\/\/secure.gravatar.com\/avatar\/6c8d4dc7569ca1c90c5fdcc349f839d5ddef6fe1e70b4337ead2ef1a4c43fc3a?s=96&d=identicon&r=g\",\"contentUrl\":\"https:\/\/secure.gravatar.com\/avatar\/6c8d4dc7569ca1c90c5fdcc349f839d5ddef6fe1e70b4337ead2ef1a4c43fc3a?s=96&d=identicon&r=g\",\"caption\":\"Reconoce MX\"},\"description\":\"Reconoce MX es un proyecto de difusi\u00f3n art\u00edstica, cultural y de conciencia social que est\u00e1 enfocado a difundir y fomentar el entretenimiento alternativo de calidad para todo el p\u00fablico que comparta el mismo entusiasmo.\",\"sameAs\":[\"http:\/\/www.reconoce.mx\"],\"url\":\"http:\/\/www.reconoce.mx\/?author=2\"}]}<\/script>\n<!-- \/ Yoast SEO plugin. -->","yoast_head_json":{"title":"'Ab\u00fasame', de Serbia &#171; Reconoce MX","robots":{"index":"index","follow":"follow","max-snippet":"max-snippet:-1","max-image-preview":"max-image-preview:large","max-video-preview":"max-video-preview:-1"},"canonical":"http:\/\/www.reconoce.mx\/?p=59689","og_locale":"es_ES","og_type":"article","og_title":"'Ab\u00fasame', de Serbia &#171; Reconoce MX","og_description":"El pasado fin de semana se vivi\u00f3 una edici\u00f3n m\u00e1s del festival Pa'l Norte 2017 organizado en la ciudad de Monterrey, Nuevo Le\u00f3n.","og_url":"http:\/\/www.reconoce.mx\/?p=59689","og_site_name":"Reconoce MX","article_publisher":"https:\/\/es-la.facebook.com\/ReconoceMX\/","article_published_time":"2017-04-03T05:02:27+00:00","article_modified_time":"2017-12-05T05:59:59+00:00","og_image":[{"width":590,"height":380,"url":"http:\/\/www.reconoce.mx\/wp-content\/uploads\/2017\/04\/serbia-1.png","type":"image\/png"}],"author":"Reconoce MX","twitter_card":"summary_large_image","twitter_creator":"@reconocemx","twitter_site":"@reconocemx","twitter_misc":{"Escrito por":"Reconoce MX","Tiempo de lectura":"2 minutos"},"schema":{"@context":"https:\/\/schema.org","@graph":[{"@type":"Article","@id":"http:\/\/www.reconoce.mx\/?p=59689#article","isPartOf":{"@id":"http:\/\/www.reconoce.mx\/?p=59689"},"author":{"name":"Reconoce MX","@id":"http:\/\/www.reconoce.mx\/#\/schema\/person\/2117e997d7051dc15d6880eaf9bca0b2"},"headline":"&#8216;Ab\u00fasame&#8217;, de Serbia","datePublished":"2017-04-03T05:02:27+00:00","dateModified":"2017-12-05T05:59:59+00:00","mainEntityOfPage":{"@id":"http:\/\/www.reconoce.mx\/?p=59689"},"wordCount":311,"commentCount":0,"publisher":{"@id":"http:\/\/www.reconoce.mx\/#organization"},"image":{"@id":"http:\/\/www.reconoce.mx\/?p=59689#primaryimage"},"thumbnailUrl":"http:\/\/www.reconoce.mx\/wp-content\/uploads\/2017\/04\/serbia-1.png","articleSection":["Cultura","Lunes musical","M\u00fasica","Principal"],"inLanguage":"es","potentialAction":[{"@type":"CommentAction","name":"Comment","target":["http:\/\/www.reconoce.mx\/?p=59689#respond"]}]},{"@type":"WebPage","@id":"http:\/\/www.reconoce.mx\/?p=59689","url":"http:\/\/www.reconoce.mx\/?p=59689","name":"'Ab\u00fasame', de Serbia &#171; Reconoce MX","isPartOf":{"@id":"http:\/\/www.reconoce.mx\/#website"},"primaryImageOfPage":{"@id":"http:\/\/www.reconoce.mx\/?p=59689#primaryimage"},"image":{"@id":"http:\/\/www.reconoce.mx\/?p=59689#primaryimage"},"thumbnailUrl":"http:\/\/www.reconoce.mx\/wp-content\/uploads\/2017\/04\/serbia-1.png","datePublished":"2017-04-03T05:02:27+00:00","dateModified":"2017-12-05T05:59:59+00:00","breadcrumb":{"@id":"http:\/\/www.reconoce.mx\/?p=59689#breadcrumb"},"inLanguage":"es","potentialAction":[{"@type":"ReadAction","target":["http:\/\/www.reconoce.mx\/?p=59689"]}]},{"@type":"ImageObject","inLanguage":"es","@id":"http:\/\/www.reconoce.mx\/?p=59689#primaryimage","url":"http:\/\/www.reconoce.mx\/wp-content\/uploads\/2017\/04\/serbia-1.png","contentUrl":"http:\/\/www.reconoce.mx\/wp-content\/uploads\/2017\/04\/serbia-1.png","width":590,"height":380},{"@type":"BreadcrumbList","@id":"http:\/\/www.reconoce.mx\/?p=59689#breadcrumb","itemListElement":[{"@type":"ListItem","position":1,"name":"Portada","item":"http:\/\/www.reconoce.mx\/"},{"@type":"ListItem","position":2,"name":"&#8216;Ab\u00fasame&#8217;, de Serbia"}]},{"@type":"WebSite","@id":"http:\/\/www.reconoce.mx\/#website","url":"http:\/\/www.reconoce.mx\/","name":"Reconoce MX","description":"En Reconoce MX difundimos arte, cultura y conciencia social en M\u00e9xico. Tu ciudad en otra perspectiva.","publisher":{"@id":"http:\/\/www.reconoce.mx\/#organization"},"potentialAction":[{"@type":"SearchAction","target":{"@type":"EntryPoint","urlTemplate":"http:\/\/www.reconoce.mx\/?s={search_term_string}"},"query-input":{"@type":"PropertyValueSpecification","valueRequired":true,"valueName":"search_term_string"}}],"inLanguage":"es"},{"@type":"Organization","@id":"http:\/\/www.reconoce.mx\/#organization","name":"Reconoce MX","url":"http:\/\/www.reconoce.mx\/","logo":{"@type":"ImageObject","inLanguage":"es","@id":"http:\/\/www.reconoce.mx\/#\/schema\/logo\/image\/","url":"https:\/\/www.reconoce.mx\/wp-content\/uploads\/2019\/03\/logorcmx-good-1.png","contentUrl":"https:\/\/www.reconoce.mx\/wp-content\/uploads\/2019\/03\/logorcmx-good-1.png","width":280,"height":90,"caption":"Reconoce MX"},"image":{"@id":"http:\/\/www.reconoce.mx\/#\/schema\/logo\/image\/"},"sameAs":["https:\/\/es-la.facebook.com\/ReconoceMX\/","https:\/\/x.com\/reconocemx","http:\/\/@reconocemx"]},{"@type":"Person","@id":"http:\/\/www.reconoce.mx\/#\/schema\/person\/2117e997d7051dc15d6880eaf9bca0b2","name":"Reconoce MX","image":{"@type":"ImageObject","inLanguage":"es","@id":"http:\/\/www.reconoce.mx\/#\/schema\/person\/image\/","url":"https:\/\/secure.gravatar.com\/avatar\/6c8d4dc7569ca1c90c5fdcc349f839d5ddef6fe1e70b4337ead2ef1a4c43fc3a?s=96&d=identicon&r=g","contentUrl":"https:\/\/secure.gravatar.com\/avatar\/6c8d4dc7569ca1c90c5fdcc349f839d5ddef6fe1e70b4337ead2ef1a4c43fc3a?s=96&d=identicon&r=g","caption":"Reconoce MX"},"description":"Reconoce MX es un proyecto de difusi\u00f3n art\u00edstica, cultural y de conciencia social que est\u00e1 enfocado a difundir y fomentar el entretenimiento alternativo de calidad para todo el p\u00fablico que comparta el mismo entusiasmo.","sameAs":["http:\/\/www.reconoce.mx"],"url":"http:\/\/www.reconoce.mx\/?author=2"}]}},"_links":{"self":[{"href":"http:\/\/www.reconoce.mx\/index.php?rest_route=\/wp\/v2\/posts\/59689","targetHints":{"allow":["GET"]}}],"collection":[{"href":"http:\/\/www.reconoce.mx\/index.php?rest_route=\/wp\/v2\/posts"}],"about":[{"href":"http:\/\/www.reconoce.mx\/index.php?rest_route=\/wp\/v2\/types\/post"}],"author":[{"embeddable":true,"href":"http:\/\/www.reconoce.mx\/index.php?rest_route=\/wp\/v2\/users\/2"}],"replies":[{"embeddable":true,"href":"http:\/\/www.reconoce.mx\/index.php?rest_route=%2Fwp%2Fv2%2Fcomments&post=59689"}],"version-history":[{"count":4,"href":"http:\/\/www.reconoce.mx\/index.php?rest_route=\/wp\/v2\/posts\/59689\/revisions"}],"predecessor-version":[{"id":68529,"href":"http:\/\/www.reconoce.mx\/index.php?rest_route=\/wp\/v2\/posts\/59689\/revisions\/68529"}],"wp:featuredmedia":[{"embeddable":true,"href":"http:\/\/www.reconoce.mx\/index.php?rest_route=\/wp\/v2\/media\/59698"}],"wp:attachment":[{"href":"http:\/\/www.reconoce.mx\/index.php?rest_route=%2Fwp%2Fv2%2Fmedia&parent=59689"}],"wp:term":[{"taxonomy":"category","embeddable":true,"href":"http:\/\/www.reconoce.mx\/index.php?rest_route=%2Fwp%2Fv2%2Fcategories&post=59689"},{"taxonomy":"post_tag","embeddable":true,"href":"http:\/\/www.reconoce.mx\/index.php?rest_route=%2Fwp%2Fv2%2Ftags&post=59689"}],"curies":[{"name":"wp","href":"https:\/\/api.w.org\/{rel}","templated":true}]}}