{"id":59713,"date":"2017-04-05T00:03:19","date_gmt":"2017-04-05T05:03:19","guid":{"rendered":"http:\/\/www.reconoce.mx\/?p=59713"},"modified":"2017-04-05T01:40:06","modified_gmt":"2017-04-05T06:40:06","slug":"mermelada-tabu-de-ansia","status":"publish","type":"post","link":"http:\/\/www.reconoce.mx\/?p=59713","title":{"rendered":"&#8216;Mermelada Tab\u00fa&#8217;, de Ansia"},"content":{"rendered":"<p><a href=\"http:\/\/www.reconoce.mx\/category\/cultura\/musica\/miercoles-nostalgico\/\"><img loading=\"lazy\" decoding=\"async\" class=\"aligncenter size-full wp-image-38360\" src=\"http:\/\/www.reconoce.mx\/wp-content\/uploads\/2015\/06\/Miercoles.png\" alt=\"Martes\" width=\"550\" height=\"70\" \/><\/a><strong><br \/>\nPor <a title=\"@AsfaltosTweets\" href=\"http:\/\/twitter.com\/AsfaltosTweets\" target=\"_blank\">Asfaltos<\/a><\/strong>.<\/p>\n<p>Seguimos en nuestro viaje al pasado, para ser precisos al a\u00f1o de 1997, hace ya unos muy buenos 20 a\u00f1otes. La escena rockera nacional, muy distinta a la que goza hoy de los muchos benepl\u00e1citos actuales, sufr\u00eda m\u00e1s si se trataba de darse a conocer en la clandestinidad&#8230; es decir, la independencia.<\/p>\n<style>.embed-container { position: relative; padding-bottom: 56.25%; height: 0; overflow: hidden; max-width: 100%; } .embed-container iframe, .embed-container object, .embed-container embed { position: absolute; top: 0; left: 0; width: 100%; height: 100%; }<\/style>\n<div class=\"embed-container\"><iframe loading=\"lazy\" src=\"https:\/\/www.youtube.com\/embed\/jjGoBoLkVD0\" width=\"300\" height=\"150\" frameborder=\"0\" allowfullscreen=\"allowfullscreen\"><\/iframe><\/div>\n<p>&nbsp;<\/p>\n<p>Un grupo que provocaba justo lo que su nombre verbalizaba es la que traigo al recuerdo el d\u00eda de hoy. <strong>Ansia<\/strong> era su nombre y para aquellos que se le puedan acercar hoy d\u00eda, es probable que adem\u00e1s de la \u00eddem, les generar\u00e1 tambi\u00e9n un poco de rechazo. Pero no sean as\u00ed, d\u00e9jense llevar un poco a la propuesta sonora de este grupo al que le gustaba la carga sonora en muchos sentidos; desde lo musical, con un sonido rockero o nu metalero cl\u00e1sico de la d\u00e9cada, hasta lo l\u00edrico, donde la carga de lo sexual se destaca de manera muy marcada.<\/p>\n<p>Tras \u00abMermelada Tab\u00fa\u00bb (1997), tercer \u00e1lbum en su carrera, los <strong>Ansia<\/strong> terminaron una carrera que combin\u00f3 diversos g\u00e9neros que ante todo privilegiaron siempre esa libertad que les brind\u00f3 su carrera libre sin atadura alguna. Es cierto que como ya expres\u00e9 se puede dificultar un poco el escuchar un \u00e1lbum que rompe la generalidad de lo que normalmente nos permitimos disfrutar; pero vale, sobra decir que esa es la verdadera atracci\u00f3n de \u00e9ste.<\/p>\n<p>Metal, rock, funk y ritmos latinos son parte de los ingredientes de un grupo del que les dejo su emblem\u00e1tica \u00abMermelada Tab\u00fa\u00bb. \u00bfAlguien por ac\u00e1 que los haya visto en vivo y que guste evocar alguna an\u00e9cdota? Seguro sus presentaciones eran tan bizarras como su m\u00fasica; lo cual, insisto, estaba chido.<\/p>\n<p>&nbsp;<\/p>\n<p>&nbsp;<\/p>\n","protected":false},"excerpt":{"rendered":"<p>Seguimos en nuestro viaje al pasado, para ser precisos al a\u00f1o de 1997, hace ya unos muy buenos 20 a\u00f1otes.<\/p>\n","protected":false},"author":2,"featured_media":59716,"comment_status":"open","ping_status":"open","sticky":false,"template":"","format":"standard","meta":{"footnotes":""},"categories":[1,2580,18,17],"tags":[],"class_list":["post-59713","post","type-post","status-publish","format-standard","has-post-thumbnail","hentry","category-cultura","category-miercoles-nostalgico","category-musica","category-principal"],"yoast_head":"<!-- This site is optimized with the Yoast SEO plugin v24.7 - https:\/\/yoast.com\/wordpress\/plugins\/seo\/ -->\n<title>&#039;Mermelada Tab\u00fa&#039;, de Ansia &#171; Reconoce MX<\/title>\n<meta name=\"robots\" content=\"index, follow, max-snippet:-1, max-image-preview:large, max-video-preview:-1\" \/>\n<link rel=\"canonical\" href=\"https:\/\/www.reconoce.mx\/?p=59713\" \/>\n<meta property=\"og:locale\" content=\"es_ES\" \/>\n<meta property=\"og:type\" content=\"article\" \/>\n<meta property=\"og:title\" content=\"&#039;Mermelada Tab\u00fa&#039;, de Ansia &#171; Reconoce MX\" \/>\n<meta property=\"og:description\" content=\"Seguimos en nuestro viaje al pasado, para ser precisos al a\u00f1o de 1997, hace ya unos muy buenos 20 a\u00f1otes.\" \/>\n<meta property=\"og:url\" content=\"https:\/\/www.reconoce.mx\/?p=59713\" \/>\n<meta property=\"og:site_name\" content=\"Reconoce MX\" \/>\n<meta property=\"article:publisher\" content=\"https:\/\/es-la.facebook.com\/ReconoceMX\/\" \/>\n<meta property=\"article:published_time\" content=\"2017-04-05T05:03:19+00:00\" \/>\n<meta property=\"article:modified_time\" content=\"2017-04-05T06:40:06+00:00\" \/>\n<meta property=\"og:image\" content=\"https:\/\/www.reconoce.mx\/wp-content\/uploads\/2017\/04\/mermelada-tabu.png\" \/>\n\t<meta property=\"og:image:width\" content=\"590\" \/>\n\t<meta property=\"og:image:height\" content=\"380\" \/>\n\t<meta property=\"og:image:type\" content=\"image\/png\" \/>\n<meta name=\"author\" content=\"Reconoce MX\" \/>\n<meta name=\"twitter:card\" content=\"summary_large_image\" \/>\n<meta name=\"twitter:creator\" content=\"@reconocemx\" \/>\n<meta name=\"twitter:site\" content=\"@reconocemx\" \/>\n<meta name=\"twitter:label1\" content=\"Escrito por\" \/>\n\t<meta name=\"twitter:data1\" content=\"Reconoce MX\" \/>\n\t<meta name=\"twitter:label2\" content=\"Tiempo de lectura\" \/>\n\t<meta name=\"twitter:data2\" content=\"1 minuto\" \/>\n<script type=\"application\/ld+json\" class=\"yoast-schema-graph\">{\"@context\":\"https:\/\/schema.org\",\"@graph\":[{\"@type\":\"Article\",\"@id\":\"https:\/\/www.reconoce.mx\/?p=59713#article\",\"isPartOf\":{\"@id\":\"https:\/\/www.reconoce.mx\/?p=59713\"},\"author\":{\"name\":\"Reconoce MX\",\"@id\":\"http:\/\/www.reconoce.mx\/#\/schema\/person\/2117e997d7051dc15d6880eaf9bca0b2\"},\"headline\":\"&#8216;Mermelada Tab\u00fa&#8217;, de Ansia\",\"datePublished\":\"2017-04-05T05:03:19+00:00\",\"dateModified\":\"2017-04-05T06:40:06+00:00\",\"mainEntityOfPage\":{\"@id\":\"https:\/\/www.reconoce.mx\/?p=59713\"},\"wordCount\":302,\"commentCount\":0,\"publisher\":{\"@id\":\"http:\/\/www.reconoce.mx\/#organization\"},\"image\":{\"@id\":\"https:\/\/www.reconoce.mx\/?p=59713#primaryimage\"},\"thumbnailUrl\":\"http:\/\/www.reconoce.mx\/wp-content\/uploads\/2017\/04\/mermelada-tabu.png\",\"articleSection\":[\"Cultura\",\"Mi\u00e9rcoles nost\u00e1lgico\",\"M\u00fasica\",\"Principal\"],\"inLanguage\":\"es\",\"potentialAction\":[{\"@type\":\"CommentAction\",\"name\":\"Comment\",\"target\":[\"https:\/\/www.reconoce.mx\/?p=59713#respond\"]}]},{\"@type\":\"WebPage\",\"@id\":\"https:\/\/www.reconoce.mx\/?p=59713\",\"url\":\"https:\/\/www.reconoce.mx\/?p=59713\",\"name\":\"'Mermelada Tab\u00fa', de Ansia &#171; Reconoce MX\",\"isPartOf\":{\"@id\":\"http:\/\/www.reconoce.mx\/#website\"},\"primaryImageOfPage\":{\"@id\":\"https:\/\/www.reconoce.mx\/?p=59713#primaryimage\"},\"image\":{\"@id\":\"https:\/\/www.reconoce.mx\/?p=59713#primaryimage\"},\"thumbnailUrl\":\"http:\/\/www.reconoce.mx\/wp-content\/uploads\/2017\/04\/mermelada-tabu.png\",\"datePublished\":\"2017-04-05T05:03:19+00:00\",\"dateModified\":\"2017-04-05T06:40:06+00:00\",\"breadcrumb\":{\"@id\":\"https:\/\/www.reconoce.mx\/?p=59713#breadcrumb\"},\"inLanguage\":\"es\",\"potentialAction\":[{\"@type\":\"ReadAction\",\"target\":[\"https:\/\/www.reconoce.mx\/?p=59713\"]}]},{\"@type\":\"ImageObject\",\"inLanguage\":\"es\",\"@id\":\"https:\/\/www.reconoce.mx\/?p=59713#primaryimage\",\"url\":\"http:\/\/www.reconoce.mx\/wp-content\/uploads\/2017\/04\/mermelada-tabu.png\",\"contentUrl\":\"http:\/\/www.reconoce.mx\/wp-content\/uploads\/2017\/04\/mermelada-tabu.png\",\"width\":590,\"height\":380},{\"@type\":\"BreadcrumbList\",\"@id\":\"https:\/\/www.reconoce.mx\/?p=59713#breadcrumb\",\"itemListElement\":[{\"@type\":\"ListItem\",\"position\":1,\"name\":\"Portada\",\"item\":\"http:\/\/www.reconoce.mx\/\"},{\"@type\":\"ListItem\",\"position\":2,\"name\":\"&#8216;Mermelada Tab\u00fa&#8217;, de Ansia\"}]},{\"@type\":\"WebSite\",\"@id\":\"http:\/\/www.reconoce.mx\/#website\",\"url\":\"http:\/\/www.reconoce.mx\/\",\"name\":\"Reconoce MX\",\"description\":\"En Reconoce MX difundimos arte, cultura y conciencia social en M\u00e9xico. Tu ciudad en otra perspectiva.\",\"publisher\":{\"@id\":\"http:\/\/www.reconoce.mx\/#organization\"},\"potentialAction\":[{\"@type\":\"SearchAction\",\"target\":{\"@type\":\"EntryPoint\",\"urlTemplate\":\"http:\/\/www.reconoce.mx\/?s={search_term_string}\"},\"query-input\":{\"@type\":\"PropertyValueSpecification\",\"valueRequired\":true,\"valueName\":\"search_term_string\"}}],\"inLanguage\":\"es\"},{\"@type\":\"Organization\",\"@id\":\"http:\/\/www.reconoce.mx\/#organization\",\"name\":\"Reconoce MX\",\"url\":\"http:\/\/www.reconoce.mx\/\",\"logo\":{\"@type\":\"ImageObject\",\"inLanguage\":\"es\",\"@id\":\"http:\/\/www.reconoce.mx\/#\/schema\/logo\/image\/\",\"url\":\"https:\/\/www.reconoce.mx\/wp-content\/uploads\/2019\/03\/logorcmx-good-1.png\",\"contentUrl\":\"https:\/\/www.reconoce.mx\/wp-content\/uploads\/2019\/03\/logorcmx-good-1.png\",\"width\":280,\"height\":90,\"caption\":\"Reconoce MX\"},\"image\":{\"@id\":\"http:\/\/www.reconoce.mx\/#\/schema\/logo\/image\/\"},\"sameAs\":[\"https:\/\/es-la.facebook.com\/ReconoceMX\/\",\"https:\/\/x.com\/reconocemx\",\"http:\/\/@reconocemx\"]},{\"@type\":\"Person\",\"@id\":\"http:\/\/www.reconoce.mx\/#\/schema\/person\/2117e997d7051dc15d6880eaf9bca0b2\",\"name\":\"Reconoce MX\",\"image\":{\"@type\":\"ImageObject\",\"inLanguage\":\"es\",\"@id\":\"http:\/\/www.reconoce.mx\/#\/schema\/person\/image\/\",\"url\":\"https:\/\/secure.gravatar.com\/avatar\/6c8d4dc7569ca1c90c5fdcc349f839d5ddef6fe1e70b4337ead2ef1a4c43fc3a?s=96&d=identicon&r=g\",\"contentUrl\":\"https:\/\/secure.gravatar.com\/avatar\/6c8d4dc7569ca1c90c5fdcc349f839d5ddef6fe1e70b4337ead2ef1a4c43fc3a?s=96&d=identicon&r=g\",\"caption\":\"Reconoce MX\"},\"description\":\"Reconoce MX es un proyecto de difusi\u00f3n art\u00edstica, cultural y de conciencia social que est\u00e1 enfocado a difundir y fomentar el entretenimiento alternativo de calidad para todo el p\u00fablico que comparta el mismo entusiasmo.\",\"sameAs\":[\"http:\/\/www.reconoce.mx\"],\"url\":\"http:\/\/www.reconoce.mx\/?author=2\"}]}<\/script>\n<!-- \/ Yoast SEO plugin. -->","yoast_head_json":{"title":"'Mermelada Tab\u00fa', de Ansia &#171; Reconoce MX","robots":{"index":"index","follow":"follow","max-snippet":"max-snippet:-1","max-image-preview":"max-image-preview:large","max-video-preview":"max-video-preview:-1"},"canonical":"https:\/\/www.reconoce.mx\/?p=59713","og_locale":"es_ES","og_type":"article","og_title":"'Mermelada Tab\u00fa', de Ansia &#171; Reconoce MX","og_description":"Seguimos en nuestro viaje al pasado, para ser precisos al a\u00f1o de 1997, hace ya unos muy buenos 20 a\u00f1otes.","og_url":"https:\/\/www.reconoce.mx\/?p=59713","og_site_name":"Reconoce MX","article_publisher":"https:\/\/es-la.facebook.com\/ReconoceMX\/","article_published_time":"2017-04-05T05:03:19+00:00","article_modified_time":"2017-04-05T06:40:06+00:00","og_image":[{"width":590,"height":380,"url":"https:\/\/www.reconoce.mx\/wp-content\/uploads\/2017\/04\/mermelada-tabu.png","type":"image\/png"}],"author":"Reconoce MX","twitter_card":"summary_large_image","twitter_creator":"@reconocemx","twitter_site":"@reconocemx","twitter_misc":{"Escrito por":"Reconoce MX","Tiempo de lectura":"1 minuto"},"schema":{"@context":"https:\/\/schema.org","@graph":[{"@type":"Article","@id":"https:\/\/www.reconoce.mx\/?p=59713#article","isPartOf":{"@id":"https:\/\/www.reconoce.mx\/?p=59713"},"author":{"name":"Reconoce MX","@id":"http:\/\/www.reconoce.mx\/#\/schema\/person\/2117e997d7051dc15d6880eaf9bca0b2"},"headline":"&#8216;Mermelada Tab\u00fa&#8217;, de Ansia","datePublished":"2017-04-05T05:03:19+00:00","dateModified":"2017-04-05T06:40:06+00:00","mainEntityOfPage":{"@id":"https:\/\/www.reconoce.mx\/?p=59713"},"wordCount":302,"commentCount":0,"publisher":{"@id":"http:\/\/www.reconoce.mx\/#organization"},"image":{"@id":"https:\/\/www.reconoce.mx\/?p=59713#primaryimage"},"thumbnailUrl":"http:\/\/www.reconoce.mx\/wp-content\/uploads\/2017\/04\/mermelada-tabu.png","articleSection":["Cultura","Mi\u00e9rcoles nost\u00e1lgico","M\u00fasica","Principal"],"inLanguage":"es","potentialAction":[{"@type":"CommentAction","name":"Comment","target":["https:\/\/www.reconoce.mx\/?p=59713#respond"]}]},{"@type":"WebPage","@id":"https:\/\/www.reconoce.mx\/?p=59713","url":"https:\/\/www.reconoce.mx\/?p=59713","name":"'Mermelada Tab\u00fa', de Ansia &#171; Reconoce MX","isPartOf":{"@id":"http:\/\/www.reconoce.mx\/#website"},"primaryImageOfPage":{"@id":"https:\/\/www.reconoce.mx\/?p=59713#primaryimage"},"image":{"@id":"https:\/\/www.reconoce.mx\/?p=59713#primaryimage"},"thumbnailUrl":"http:\/\/www.reconoce.mx\/wp-content\/uploads\/2017\/04\/mermelada-tabu.png","datePublished":"2017-04-05T05:03:19+00:00","dateModified":"2017-04-05T06:40:06+00:00","breadcrumb":{"@id":"https:\/\/www.reconoce.mx\/?p=59713#breadcrumb"},"inLanguage":"es","potentialAction":[{"@type":"ReadAction","target":["https:\/\/www.reconoce.mx\/?p=59713"]}]},{"@type":"ImageObject","inLanguage":"es","@id":"https:\/\/www.reconoce.mx\/?p=59713#primaryimage","url":"http:\/\/www.reconoce.mx\/wp-content\/uploads\/2017\/04\/mermelada-tabu.png","contentUrl":"http:\/\/www.reconoce.mx\/wp-content\/uploads\/2017\/04\/mermelada-tabu.png","width":590,"height":380},{"@type":"BreadcrumbList","@id":"https:\/\/www.reconoce.mx\/?p=59713#breadcrumb","itemListElement":[{"@type":"ListItem","position":1,"name":"Portada","item":"http:\/\/www.reconoce.mx\/"},{"@type":"ListItem","position":2,"name":"&#8216;Mermelada Tab\u00fa&#8217;, de Ansia"}]},{"@type":"WebSite","@id":"http:\/\/www.reconoce.mx\/#website","url":"http:\/\/www.reconoce.mx\/","name":"Reconoce MX","description":"En Reconoce MX difundimos arte, cultura y conciencia social en M\u00e9xico. Tu ciudad en otra perspectiva.","publisher":{"@id":"http:\/\/www.reconoce.mx\/#organization"},"potentialAction":[{"@type":"SearchAction","target":{"@type":"EntryPoint","urlTemplate":"http:\/\/www.reconoce.mx\/?s={search_term_string}"},"query-input":{"@type":"PropertyValueSpecification","valueRequired":true,"valueName":"search_term_string"}}],"inLanguage":"es"},{"@type":"Organization","@id":"http:\/\/www.reconoce.mx\/#organization","name":"Reconoce MX","url":"http:\/\/www.reconoce.mx\/","logo":{"@type":"ImageObject","inLanguage":"es","@id":"http:\/\/www.reconoce.mx\/#\/schema\/logo\/image\/","url":"https:\/\/www.reconoce.mx\/wp-content\/uploads\/2019\/03\/logorcmx-good-1.png","contentUrl":"https:\/\/www.reconoce.mx\/wp-content\/uploads\/2019\/03\/logorcmx-good-1.png","width":280,"height":90,"caption":"Reconoce MX"},"image":{"@id":"http:\/\/www.reconoce.mx\/#\/schema\/logo\/image\/"},"sameAs":["https:\/\/es-la.facebook.com\/ReconoceMX\/","https:\/\/x.com\/reconocemx","http:\/\/@reconocemx"]},{"@type":"Person","@id":"http:\/\/www.reconoce.mx\/#\/schema\/person\/2117e997d7051dc15d6880eaf9bca0b2","name":"Reconoce MX","image":{"@type":"ImageObject","inLanguage":"es","@id":"http:\/\/www.reconoce.mx\/#\/schema\/person\/image\/","url":"https:\/\/secure.gravatar.com\/avatar\/6c8d4dc7569ca1c90c5fdcc349f839d5ddef6fe1e70b4337ead2ef1a4c43fc3a?s=96&d=identicon&r=g","contentUrl":"https:\/\/secure.gravatar.com\/avatar\/6c8d4dc7569ca1c90c5fdcc349f839d5ddef6fe1e70b4337ead2ef1a4c43fc3a?s=96&d=identicon&r=g","caption":"Reconoce MX"},"description":"Reconoce MX es un proyecto de difusi\u00f3n art\u00edstica, cultural y de conciencia social que est\u00e1 enfocado a difundir y fomentar el entretenimiento alternativo de calidad para todo el p\u00fablico que comparta el mismo entusiasmo.","sameAs":["http:\/\/www.reconoce.mx"],"url":"http:\/\/www.reconoce.mx\/?author=2"}]}},"_links":{"self":[{"href":"http:\/\/www.reconoce.mx\/index.php?rest_route=\/wp\/v2\/posts\/59713","targetHints":{"allow":["GET"]}}],"collection":[{"href":"http:\/\/www.reconoce.mx\/index.php?rest_route=\/wp\/v2\/posts"}],"about":[{"href":"http:\/\/www.reconoce.mx\/index.php?rest_route=\/wp\/v2\/types\/post"}],"author":[{"embeddable":true,"href":"http:\/\/www.reconoce.mx\/index.php?rest_route=\/wp\/v2\/users\/2"}],"replies":[{"embeddable":true,"href":"http:\/\/www.reconoce.mx\/index.php?rest_route=%2Fwp%2Fv2%2Fcomments&post=59713"}],"version-history":[{"count":4,"href":"http:\/\/www.reconoce.mx\/index.php?rest_route=\/wp\/v2\/posts\/59713\/revisions"}],"predecessor-version":[{"id":59718,"href":"http:\/\/www.reconoce.mx\/index.php?rest_route=\/wp\/v2\/posts\/59713\/revisions\/59718"}],"wp:featuredmedia":[{"embeddable":true,"href":"http:\/\/www.reconoce.mx\/index.php?rest_route=\/wp\/v2\/media\/59716"}],"wp:attachment":[{"href":"http:\/\/www.reconoce.mx\/index.php?rest_route=%2Fwp%2Fv2%2Fmedia&parent=59713"}],"wp:term":[{"taxonomy":"category","embeddable":true,"href":"http:\/\/www.reconoce.mx\/index.php?rest_route=%2Fwp%2Fv2%2Fcategories&post=59713"},{"taxonomy":"post_tag","embeddable":true,"href":"http:\/\/www.reconoce.mx\/index.php?rest_route=%2Fwp%2Fv2%2Ftags&post=59713"}],"curies":[{"name":"wp","href":"https:\/\/api.w.org\/{rel}","templated":true}]}}