{"id":59765,"date":"2017-04-03T00:03:14","date_gmt":"2017-04-03T05:03:14","guid":{"rendered":"http:\/\/www.reconoce.mx\/?p=59765"},"modified":"2017-04-04T01:33:28","modified_gmt":"2017-04-04T06:33:28","slug":"participa-en-el-mes-de-emprendedores-de-bazar-creativo","status":"publish","type":"post","link":"http:\/\/www.reconoce.mx\/?p=59765","title":{"rendered":"\u00a1Participa en el \u00abMes de Emprendedores\u00bb de Bazar Creativo!"},"content":{"rendered":"<p><strong>Por\u00a0<a title=\"@enriquefa86\" href=\"https:\/\/twitter.com\/enriquefa86\" target=\"_blank\">Enrique Figueroa Anaya<\/a>.<\/strong><\/p>\n<p>En este asunto del \u00abconsume mexicano\u00bb, en <span style=\"color: #a81f25;\"><strong>Reconoce MX<\/strong><\/span> nos sumamos a la convocatoria que hacen nuestros amigos del <strong>Bazar Creativo de la Caravana del Arte<\/strong>, \u00abMes de Emprendedores\u00bb. El \u00abMes de Emprendedores\u00bb es una plataforma de exposici\u00f3n para emprendedores que van iniciando sus maras, o para quienes quieren continuar con el crecimiento de \u00e9stas.<\/p>\n<p><a href=\"http:\/\/www.reconoce.mx\/wp-content\/uploads\/2017\/04\/Postal-Redes-1.jpg\"><img loading=\"lazy\" decoding=\"async\" src=\"http:\/\/www.reconoce.mx\/wp-content\/uploads\/2017\/04\/Postal-Redes-1.jpg\" alt=\"\" width=\"1807\" height=\"1075\" class=\"aligncenter size-full wp-image-59800\" srcset=\"http:\/\/www.reconoce.mx\/wp-content\/uploads\/2017\/04\/Postal-Redes-1.jpg 1807w, http:\/\/www.reconoce.mx\/wp-content\/uploads\/2017\/04\/Postal-Redes-1-300x178.jpg 300w, http:\/\/www.reconoce.mx\/wp-content\/uploads\/2017\/04\/Postal-Redes-1-768x457.jpg 768w, http:\/\/www.reconoce.mx\/wp-content\/uploads\/2017\/04\/Postal-Redes-1-1024x609.jpg 1024w, http:\/\/www.reconoce.mx\/wp-content\/uploads\/2017\/04\/Postal-Redes-1-150x89.jpg 150w, http:\/\/www.reconoce.mx\/wp-content\/uploads\/2017\/04\/Postal-Redes-1-700x416.jpg 700w, http:\/\/www.reconoce.mx\/wp-content\/uploads\/2017\/04\/Postal-Redes-1-658x391.jpg 658w\" sizes=\"auto, (max-width: 1807px) 100vw, 1807px\" \/><\/a><\/p>\n<p>Por 4 fines de semana, del s\u00e1bado 22 y domingo 23 de abril al s\u00e1bado 13 y domingo 14 de mayo, 10 marcas seleccionadas por fin de semana presentar\u00e1n una propuesta distinta y fresca para consumidores que est\u00e1n en b\u00fasqueda de dise\u00f1o, joyer\u00eda, ilustraci\u00f3n, hogar, reposter\u00eda, decoraci\u00f3n, moda y artesan\u00edas.<\/p>\n<p>El \u00abMes de Emprendedores\u00bb se realizar\u00e1 en la <strong>Galer\u00eda Garros<\/strong>, galer\u00eda con la misi\u00f3n de hacer arte y cultura alrededor de la figura del gato. Con el lema \u00abmaneras de vivir\u00bb, en <strong>Galer\u00eda Garros<\/strong> se crea un concepto que combina calidad de vida, cuidado del medio ambiente, cultura, gastronom\u00eda y arte. Dentro de la galer\u00eda hay una gran variedad de productos para amantes de los gatos y lo que \u00e9stos representan, Garros tambi\u00e9n cre\u00f3 su helader\u00eda y chocolater\u00eda, <strong>DeliGATessen<\/strong>, en la que elaboran helados y nieves de autor completamente naturales, con alternativas sin l\u00e1cteos (de origen no animal); utilizan ingredientes mexicanos como parte del concepto de Garros promotor de la cultura gastron\u00f3mica.<\/p>\n<p>\u00bfInteresado en participar? \u00a1La convocatoria est\u00e1 abierta para participar en una o m\u00e1s fechas! Los fines de semana ser\u00e1n los siguientes: 22 y 23 de abril; 29 y 30 de abril; 6 y 7 de mayo; y 13 y 14 de mayo.<\/p>\n<p>Pronto detalles de participantes seleccionados. Para m\u00e1s informaci\u00f3n de la <strong>Caravana del Arte<\/strong> consulta su <a href=\"http:\/\/www.caravanadelarte.com\/\" target=\"_blank\">sitio oficial<\/a>.<\/p>\n<p>&nbsp;<\/p>\n<p>&nbsp;<\/p>\n","protected":false},"excerpt":{"rendered":"<p>En este asunto del \u00abconsume mexicano\u00bb, en Reconoce MX nos sumamos a la convocatoria que hacen nuestros amigos del Bazar Creativo de la Caravana del Arte, \u00abMes de Emprendedores\u00bb.<\/p>\n","protected":false},"author":2,"featured_media":59767,"comment_status":"open","ping_status":"open","sticky":false,"template":"","format":"standard","meta":{"footnotes":""},"categories":[3,49,17],"tags":[],"class_list":["post-59765","post","type-post","status-publish","format-standard","has-post-thumbnail","hentry","category-ciudad","category-gastronomia","category-principal"],"yoast_head":"<!-- This site is optimized with the Yoast SEO plugin v24.7 - https:\/\/yoast.com\/wordpress\/plugins\/seo\/ -->\n<title>\u00a1Participa en el &quot;Mes de Emprendedores&quot; de Bazar Creativo! &#171; Reconoce MX<\/title>\n<meta name=\"robots\" content=\"index, follow, max-snippet:-1, max-image-preview:large, max-video-preview:-1\" \/>\n<link rel=\"canonical\" href=\"https:\/\/www.reconoce.mx\/?p=59765\" \/>\n<meta property=\"og:locale\" content=\"es_ES\" \/>\n<meta property=\"og:type\" content=\"article\" \/>\n<meta property=\"og:title\" content=\"\u00a1Participa en el &quot;Mes de Emprendedores&quot; de Bazar Creativo! &#171; Reconoce MX\" \/>\n<meta property=\"og:description\" content=\"En este asunto del &quot;consume mexicano&quot;, en Reconoce MX nos sumamos a la convocatoria que hacen nuestros amigos del Bazar Creativo de la Caravana del Arte, &quot;Mes de Emprendedores&quot;.\" \/>\n<meta property=\"og:url\" content=\"https:\/\/www.reconoce.mx\/?p=59765\" \/>\n<meta property=\"og:site_name\" content=\"Reconoce MX\" \/>\n<meta property=\"article:publisher\" content=\"https:\/\/es-la.facebook.com\/ReconoceMX\/\" \/>\n<meta property=\"article:published_time\" content=\"2017-04-03T05:03:14+00:00\" \/>\n<meta property=\"article:modified_time\" content=\"2017-04-04T06:33:28+00:00\" \/>\n<meta property=\"og:image\" content=\"https:\/\/www.reconoce.mx\/wp-content\/uploads\/2017\/04\/mesemprendedores-covere.png\" \/>\n\t<meta property=\"og:image:width\" content=\"590\" \/>\n\t<meta property=\"og:image:height\" content=\"380\" \/>\n\t<meta property=\"og:image:type\" content=\"image\/png\" \/>\n<meta name=\"author\" content=\"Reconoce MX\" \/>\n<meta name=\"twitter:card\" content=\"summary_large_image\" \/>\n<meta name=\"twitter:creator\" content=\"@reconocemx\" \/>\n<meta name=\"twitter:site\" content=\"@reconocemx\" \/>\n<meta name=\"twitter:label1\" content=\"Escrito por\" \/>\n\t<meta name=\"twitter:data1\" content=\"Reconoce MX\" \/>\n\t<meta name=\"twitter:label2\" content=\"Tiempo de lectura\" \/>\n\t<meta name=\"twitter:data2\" content=\"1 minuto\" \/>\n<script type=\"application\/ld+json\" class=\"yoast-schema-graph\">{\"@context\":\"https:\/\/schema.org\",\"@graph\":[{\"@type\":\"Article\",\"@id\":\"https:\/\/www.reconoce.mx\/?p=59765#article\",\"isPartOf\":{\"@id\":\"https:\/\/www.reconoce.mx\/?p=59765\"},\"author\":{\"name\":\"Reconoce MX\",\"@id\":\"http:\/\/www.reconoce.mx\/#\/schema\/person\/2117e997d7051dc15d6880eaf9bca0b2\"},\"headline\":\"\u00a1Participa en el \u00abMes de Emprendedores\u00bb de Bazar Creativo!\",\"datePublished\":\"2017-04-03T05:03:14+00:00\",\"dateModified\":\"2017-04-04T06:33:28+00:00\",\"mainEntityOfPage\":{\"@id\":\"https:\/\/www.reconoce.mx\/?p=59765\"},\"wordCount\":304,\"commentCount\":0,\"publisher\":{\"@id\":\"http:\/\/www.reconoce.mx\/#organization\"},\"image\":{\"@id\":\"https:\/\/www.reconoce.mx\/?p=59765#primaryimage\"},\"thumbnailUrl\":\"http:\/\/www.reconoce.mx\/wp-content\/uploads\/2017\/04\/mesemprendedores-covere.png\",\"articleSection\":[\"Ciudad\",\"Gastronom\u00eda\",\"Principal\"],\"inLanguage\":\"es\",\"potentialAction\":[{\"@type\":\"CommentAction\",\"name\":\"Comment\",\"target\":[\"https:\/\/www.reconoce.mx\/?p=59765#respond\"]}]},{\"@type\":\"WebPage\",\"@id\":\"https:\/\/www.reconoce.mx\/?p=59765\",\"url\":\"https:\/\/www.reconoce.mx\/?p=59765\",\"name\":\"\u00a1Participa en el \\\"Mes de Emprendedores\\\" de Bazar Creativo! &#171; Reconoce MX\",\"isPartOf\":{\"@id\":\"http:\/\/www.reconoce.mx\/#website\"},\"primaryImageOfPage\":{\"@id\":\"https:\/\/www.reconoce.mx\/?p=59765#primaryimage\"},\"image\":{\"@id\":\"https:\/\/www.reconoce.mx\/?p=59765#primaryimage\"},\"thumbnailUrl\":\"http:\/\/www.reconoce.mx\/wp-content\/uploads\/2017\/04\/mesemprendedores-covere.png\",\"datePublished\":\"2017-04-03T05:03:14+00:00\",\"dateModified\":\"2017-04-04T06:33:28+00:00\",\"breadcrumb\":{\"@id\":\"https:\/\/www.reconoce.mx\/?p=59765#breadcrumb\"},\"inLanguage\":\"es\",\"potentialAction\":[{\"@type\":\"ReadAction\",\"target\":[\"https:\/\/www.reconoce.mx\/?p=59765\"]}]},{\"@type\":\"ImageObject\",\"inLanguage\":\"es\",\"@id\":\"https:\/\/www.reconoce.mx\/?p=59765#primaryimage\",\"url\":\"http:\/\/www.reconoce.mx\/wp-content\/uploads\/2017\/04\/mesemprendedores-covere.png\",\"contentUrl\":\"http:\/\/www.reconoce.mx\/wp-content\/uploads\/2017\/04\/mesemprendedores-covere.png\",\"width\":590,\"height\":380},{\"@type\":\"BreadcrumbList\",\"@id\":\"https:\/\/www.reconoce.mx\/?p=59765#breadcrumb\",\"itemListElement\":[{\"@type\":\"ListItem\",\"position\":1,\"name\":\"Portada\",\"item\":\"http:\/\/www.reconoce.mx\/\"},{\"@type\":\"ListItem\",\"position\":2,\"name\":\"\u00a1Participa en el \u00abMes de Emprendedores\u00bb de Bazar Creativo!\"}]},{\"@type\":\"WebSite\",\"@id\":\"http:\/\/www.reconoce.mx\/#website\",\"url\":\"http:\/\/www.reconoce.mx\/\",\"name\":\"Reconoce MX\",\"description\":\"En Reconoce MX difundimos arte, cultura y conciencia social en M\u00e9xico. Tu ciudad en otra perspectiva.\",\"publisher\":{\"@id\":\"http:\/\/www.reconoce.mx\/#organization\"},\"potentialAction\":[{\"@type\":\"SearchAction\",\"target\":{\"@type\":\"EntryPoint\",\"urlTemplate\":\"http:\/\/www.reconoce.mx\/?s={search_term_string}\"},\"query-input\":{\"@type\":\"PropertyValueSpecification\",\"valueRequired\":true,\"valueName\":\"search_term_string\"}}],\"inLanguage\":\"es\"},{\"@type\":\"Organization\",\"@id\":\"http:\/\/www.reconoce.mx\/#organization\",\"name\":\"Reconoce MX\",\"url\":\"http:\/\/www.reconoce.mx\/\",\"logo\":{\"@type\":\"ImageObject\",\"inLanguage\":\"es\",\"@id\":\"http:\/\/www.reconoce.mx\/#\/schema\/logo\/image\/\",\"url\":\"https:\/\/www.reconoce.mx\/wp-content\/uploads\/2019\/03\/logorcmx-good-1.png\",\"contentUrl\":\"https:\/\/www.reconoce.mx\/wp-content\/uploads\/2019\/03\/logorcmx-good-1.png\",\"width\":280,\"height\":90,\"caption\":\"Reconoce MX\"},\"image\":{\"@id\":\"http:\/\/www.reconoce.mx\/#\/schema\/logo\/image\/\"},\"sameAs\":[\"https:\/\/es-la.facebook.com\/ReconoceMX\/\",\"https:\/\/x.com\/reconocemx\",\"http:\/\/@reconocemx\"]},{\"@type\":\"Person\",\"@id\":\"http:\/\/www.reconoce.mx\/#\/schema\/person\/2117e997d7051dc15d6880eaf9bca0b2\",\"name\":\"Reconoce MX\",\"image\":{\"@type\":\"ImageObject\",\"inLanguage\":\"es\",\"@id\":\"http:\/\/www.reconoce.mx\/#\/schema\/person\/image\/\",\"url\":\"https:\/\/secure.gravatar.com\/avatar\/6c8d4dc7569ca1c90c5fdcc349f839d5ddef6fe1e70b4337ead2ef1a4c43fc3a?s=96&d=identicon&r=g\",\"contentUrl\":\"https:\/\/secure.gravatar.com\/avatar\/6c8d4dc7569ca1c90c5fdcc349f839d5ddef6fe1e70b4337ead2ef1a4c43fc3a?s=96&d=identicon&r=g\",\"caption\":\"Reconoce MX\"},\"description\":\"Reconoce MX es un proyecto de difusi\u00f3n art\u00edstica, cultural y de conciencia social que est\u00e1 enfocado a difundir y fomentar el entretenimiento alternativo de calidad para todo el p\u00fablico que comparta el mismo entusiasmo.\",\"sameAs\":[\"http:\/\/www.reconoce.mx\"],\"url\":\"http:\/\/www.reconoce.mx\/?author=2\"}]}<\/script>\n<!-- \/ Yoast SEO plugin. -->","yoast_head_json":{"title":"\u00a1Participa en el \"Mes de Emprendedores\" de Bazar Creativo! &#171; Reconoce MX","robots":{"index":"index","follow":"follow","max-snippet":"max-snippet:-1","max-image-preview":"max-image-preview:large","max-video-preview":"max-video-preview:-1"},"canonical":"https:\/\/www.reconoce.mx\/?p=59765","og_locale":"es_ES","og_type":"article","og_title":"\u00a1Participa en el \"Mes de Emprendedores\" de Bazar Creativo! &#171; Reconoce MX","og_description":"En este asunto del \"consume mexicano\", en Reconoce MX nos sumamos a la convocatoria que hacen nuestros amigos del Bazar Creativo de la Caravana del Arte, \"Mes de Emprendedores\".","og_url":"https:\/\/www.reconoce.mx\/?p=59765","og_site_name":"Reconoce MX","article_publisher":"https:\/\/es-la.facebook.com\/ReconoceMX\/","article_published_time":"2017-04-03T05:03:14+00:00","article_modified_time":"2017-04-04T06:33:28+00:00","og_image":[{"width":590,"height":380,"url":"https:\/\/www.reconoce.mx\/wp-content\/uploads\/2017\/04\/mesemprendedores-covere.png","type":"image\/png"}],"author":"Reconoce MX","twitter_card":"summary_large_image","twitter_creator":"@reconocemx","twitter_site":"@reconocemx","twitter_misc":{"Escrito por":"Reconoce MX","Tiempo de lectura":"1 minuto"},"schema":{"@context":"https:\/\/schema.org","@graph":[{"@type":"Article","@id":"https:\/\/www.reconoce.mx\/?p=59765#article","isPartOf":{"@id":"https:\/\/www.reconoce.mx\/?p=59765"},"author":{"name":"Reconoce MX","@id":"http:\/\/www.reconoce.mx\/#\/schema\/person\/2117e997d7051dc15d6880eaf9bca0b2"},"headline":"\u00a1Participa en el \u00abMes de Emprendedores\u00bb de Bazar Creativo!","datePublished":"2017-04-03T05:03:14+00:00","dateModified":"2017-04-04T06:33:28+00:00","mainEntityOfPage":{"@id":"https:\/\/www.reconoce.mx\/?p=59765"},"wordCount":304,"commentCount":0,"publisher":{"@id":"http:\/\/www.reconoce.mx\/#organization"},"image":{"@id":"https:\/\/www.reconoce.mx\/?p=59765#primaryimage"},"thumbnailUrl":"http:\/\/www.reconoce.mx\/wp-content\/uploads\/2017\/04\/mesemprendedores-covere.png","articleSection":["Ciudad","Gastronom\u00eda","Principal"],"inLanguage":"es","potentialAction":[{"@type":"CommentAction","name":"Comment","target":["https:\/\/www.reconoce.mx\/?p=59765#respond"]}]},{"@type":"WebPage","@id":"https:\/\/www.reconoce.mx\/?p=59765","url":"https:\/\/www.reconoce.mx\/?p=59765","name":"\u00a1Participa en el \"Mes de Emprendedores\" de Bazar Creativo! &#171; Reconoce MX","isPartOf":{"@id":"http:\/\/www.reconoce.mx\/#website"},"primaryImageOfPage":{"@id":"https:\/\/www.reconoce.mx\/?p=59765#primaryimage"},"image":{"@id":"https:\/\/www.reconoce.mx\/?p=59765#primaryimage"},"thumbnailUrl":"http:\/\/www.reconoce.mx\/wp-content\/uploads\/2017\/04\/mesemprendedores-covere.png","datePublished":"2017-04-03T05:03:14+00:00","dateModified":"2017-04-04T06:33:28+00:00","breadcrumb":{"@id":"https:\/\/www.reconoce.mx\/?p=59765#breadcrumb"},"inLanguage":"es","potentialAction":[{"@type":"ReadAction","target":["https:\/\/www.reconoce.mx\/?p=59765"]}]},{"@type":"ImageObject","inLanguage":"es","@id":"https:\/\/www.reconoce.mx\/?p=59765#primaryimage","url":"http:\/\/www.reconoce.mx\/wp-content\/uploads\/2017\/04\/mesemprendedores-covere.png","contentUrl":"http:\/\/www.reconoce.mx\/wp-content\/uploads\/2017\/04\/mesemprendedores-covere.png","width":590,"height":380},{"@type":"BreadcrumbList","@id":"https:\/\/www.reconoce.mx\/?p=59765#breadcrumb","itemListElement":[{"@type":"ListItem","position":1,"name":"Portada","item":"http:\/\/www.reconoce.mx\/"},{"@type":"ListItem","position":2,"name":"\u00a1Participa en el \u00abMes de Emprendedores\u00bb de Bazar Creativo!"}]},{"@type":"WebSite","@id":"http:\/\/www.reconoce.mx\/#website","url":"http:\/\/www.reconoce.mx\/","name":"Reconoce MX","description":"En Reconoce MX difundimos arte, cultura y conciencia social en M\u00e9xico. Tu ciudad en otra perspectiva.","publisher":{"@id":"http:\/\/www.reconoce.mx\/#organization"},"potentialAction":[{"@type":"SearchAction","target":{"@type":"EntryPoint","urlTemplate":"http:\/\/www.reconoce.mx\/?s={search_term_string}"},"query-input":{"@type":"PropertyValueSpecification","valueRequired":true,"valueName":"search_term_string"}}],"inLanguage":"es"},{"@type":"Organization","@id":"http:\/\/www.reconoce.mx\/#organization","name":"Reconoce MX","url":"http:\/\/www.reconoce.mx\/","logo":{"@type":"ImageObject","inLanguage":"es","@id":"http:\/\/www.reconoce.mx\/#\/schema\/logo\/image\/","url":"https:\/\/www.reconoce.mx\/wp-content\/uploads\/2019\/03\/logorcmx-good-1.png","contentUrl":"https:\/\/www.reconoce.mx\/wp-content\/uploads\/2019\/03\/logorcmx-good-1.png","width":280,"height":90,"caption":"Reconoce MX"},"image":{"@id":"http:\/\/www.reconoce.mx\/#\/schema\/logo\/image\/"},"sameAs":["https:\/\/es-la.facebook.com\/ReconoceMX\/","https:\/\/x.com\/reconocemx","http:\/\/@reconocemx"]},{"@type":"Person","@id":"http:\/\/www.reconoce.mx\/#\/schema\/person\/2117e997d7051dc15d6880eaf9bca0b2","name":"Reconoce MX","image":{"@type":"ImageObject","inLanguage":"es","@id":"http:\/\/www.reconoce.mx\/#\/schema\/person\/image\/","url":"https:\/\/secure.gravatar.com\/avatar\/6c8d4dc7569ca1c90c5fdcc349f839d5ddef6fe1e70b4337ead2ef1a4c43fc3a?s=96&d=identicon&r=g","contentUrl":"https:\/\/secure.gravatar.com\/avatar\/6c8d4dc7569ca1c90c5fdcc349f839d5ddef6fe1e70b4337ead2ef1a4c43fc3a?s=96&d=identicon&r=g","caption":"Reconoce MX"},"description":"Reconoce MX es un proyecto de difusi\u00f3n art\u00edstica, cultural y de conciencia social que est\u00e1 enfocado a difundir y fomentar el entretenimiento alternativo de calidad para todo el p\u00fablico que comparta el mismo entusiasmo.","sameAs":["http:\/\/www.reconoce.mx"],"url":"http:\/\/www.reconoce.mx\/?author=2"}]}},"_links":{"self":[{"href":"http:\/\/www.reconoce.mx\/index.php?rest_route=\/wp\/v2\/posts\/59765","targetHints":{"allow":["GET"]}}],"collection":[{"href":"http:\/\/www.reconoce.mx\/index.php?rest_route=\/wp\/v2\/posts"}],"about":[{"href":"http:\/\/www.reconoce.mx\/index.php?rest_route=\/wp\/v2\/types\/post"}],"author":[{"embeddable":true,"href":"http:\/\/www.reconoce.mx\/index.php?rest_route=\/wp\/v2\/users\/2"}],"replies":[{"embeddable":true,"href":"http:\/\/www.reconoce.mx\/index.php?rest_route=%2Fwp%2Fv2%2Fcomments&post=59765"}],"version-history":[{"count":5,"href":"http:\/\/www.reconoce.mx\/index.php?rest_route=\/wp\/v2\/posts\/59765\/revisions"}],"predecessor-version":[{"id":59801,"href":"http:\/\/www.reconoce.mx\/index.php?rest_route=\/wp\/v2\/posts\/59765\/revisions\/59801"}],"wp:featuredmedia":[{"embeddable":true,"href":"http:\/\/www.reconoce.mx\/index.php?rest_route=\/wp\/v2\/media\/59767"}],"wp:attachment":[{"href":"http:\/\/www.reconoce.mx\/index.php?rest_route=%2Fwp%2Fv2%2Fmedia&parent=59765"}],"wp:term":[{"taxonomy":"category","embeddable":true,"href":"http:\/\/www.reconoce.mx\/index.php?rest_route=%2Fwp%2Fv2%2Fcategories&post=59765"},{"taxonomy":"post_tag","embeddable":true,"href":"http:\/\/www.reconoce.mx\/index.php?rest_route=%2Fwp%2Fv2%2Ftags&post=59765"}],"curies":[{"name":"wp","href":"https:\/\/api.w.org\/{rel}","templated":true}]}}