{"id":59825,"date":"2017-04-05T00:06:33","date_gmt":"2017-04-05T05:06:33","guid":{"rendered":"http:\/\/www.reconoce.mx\/?p=59825"},"modified":"2017-04-05T12:10:17","modified_gmt":"2017-04-05T17:10:17","slug":"la-posesion-de-altair-terror-envolvente-en-8-mm","status":"publish","type":"post","link":"http:\/\/www.reconoce.mx\/?p=59825","title":{"rendered":"\u00abLa posesi\u00f3n de Altair\u00bb, terror envolvente en 8 mm"},"content":{"rendered":"<p><strong> Por <a title=\"@AsfaltosTweets\" href=\"http:\/\/twitter.com\/AsfaltosTweets\" target=\"_blank\">Asfaltos<\/a><\/strong>.<\/p>\n<p>La verdad es que soy muy malo con las cintas de terror. Primero porque soy un verdadero coy\u00f3n, y segundo porque es un g\u00e9nero que por lo mismo me llama poco la atenci\u00f3n. Sin embargo, como buen obrero de la informaci\u00f3n, me lanc\u00e9 a ver la pel\u00edcula \u00abLa posesi\u00f3n de Altair\u00bb de <strong>V\u00edctor Dryere<\/strong>, misma que ma\u00f1ana llega a cines mexicanos cortes\u00eda de <strong>Cin\u00e9polis Distribuci\u00f3n<\/strong>.<\/p>\n<p><a href=\"http:\/\/www.reconoce.mx\/wp-content\/uploads\/2016\/11\/laposesiondealtair-cover.png\"><img loading=\"lazy\" decoding=\"async\" class=\"aligncenter size-full wp-image-59802\" src=\"http:\/\/www.reconoce.mx\/wp-content\/uploads\/2016\/11\/laposesiondealtair-cover.png\" alt=\"\" width=\"662\" height=\"944\" srcset=\"http:\/\/www.reconoce.mx\/wp-content\/uploads\/2016\/11\/laposesiondealtair-cover.png 662w, http:\/\/www.reconoce.mx\/wp-content\/uploads\/2016\/11\/laposesiondealtair-cover-210x300.png 210w, http:\/\/www.reconoce.mx\/wp-content\/uploads\/2016\/11\/laposesiondealtair-cover-150x214.png 150w, http:\/\/www.reconoce.mx\/wp-content\/uploads\/2016\/11\/laposesiondealtair-cover-658x938.png 658w, http:\/\/www.reconoce.mx\/wp-content\/uploads\/2016\/11\/laposesiondealtair-cover-300x428.png 300w\" sizes=\"auto, (max-width: 662px) 100vw, 662px\" \/><\/a><\/p>\n<p>V\u00edctor, cuya carrera ya es amplia desde 1999 con una serie de cortos donde ha plasmado su inclinaci\u00f3n por el cine de g\u00e9nero, estrena con \u00abLa posesi\u00f3n de Altair\u00bb su primer largometraje que le ha entregado al momento satisfacciones como el premio a \u00abMejor pel\u00edcula Blood Window\u00bb en el prestigiado<strong> Festival de Cine de Sitges 2016<\/strong>. Ahora, a partir de ma\u00f1ana, \u00abLa posesi\u00f3n de Altair\u00bb se enfrentar\u00e1 a su verdadera prueba: el p\u00fablico.<\/p>\n<p>En la mejor tradici\u00f3n del cl\u00e1sico noventero \u00abThe Blair Witch Project\u00bb (1999), y como tambi\u00e9n lo ha explorado en el cine nacional la a\u00fan popular <a href=\"http:\/\/www.reconoce.mx\/archivo-253\/\" target=\"_blank\">\u00abArchivo 253\u00bb<\/a> (2005) distribuida por la misma <strong>Cin\u00e9polis Distribuci\u00f3n<\/strong>, \u00abLa posesi\u00f3n de Altair\u00bb apuesta por un terror de corte psicol\u00f3gico que envuelve al espectador de modo tal que es imposible no involucrarse con la pel\u00edcula.<\/p>\n<p><a href=\"http:\/\/www.reconoce.mx\/wp-content\/uploads\/2017\/04\/laposesiondealtair-1.png\"><img loading=\"lazy\" decoding=\"async\" class=\"aligncenter size-full wp-image-59826\" src=\"http:\/\/www.reconoce.mx\/wp-content\/uploads\/2017\/04\/laposesiondealtair-1.png\" alt=\"\" width=\"590\" height=\"380\" srcset=\"http:\/\/www.reconoce.mx\/wp-content\/uploads\/2017\/04\/laposesiondealtair-1.png 590w, http:\/\/www.reconoce.mx\/wp-content\/uploads\/2017\/04\/laposesiondealtair-1-300x193.png 300w, http:\/\/www.reconoce.mx\/wp-content\/uploads\/2017\/04\/laposesiondealtair-1-150x97.png 150w\" sizes=\"auto, (max-width: 590px) 100vw, 590px\" \/><\/a><\/p>\n<p>Un joven Manuel (<strong>Rolando Breme<\/strong>), en el a\u00f1o de 1974, filma en 8 mm algunos de sus momentos junto a su esposa Altair (<strong>Diana Bovio<\/strong>). Mientras trabaja en una producci\u00f3n de cine, en una pl\u00e1cida casa en el bosque, Manuel filma lo que en apariencia son momentos cotidianos que simplemente quedar\u00e1n como memoria de un tiempo vivido; sin embargo, sin esperarlo, Manuel guardar\u00e1 parte de una historia que posteriormente ser\u00e1 encontrada: la de una pareja de reci\u00e9n casados que desapareci\u00f3 en el M\u00e9xico de los setenta.<\/p>\n<p>Filmada en 8 mm, convirti\u00e9ndonos a nosotros en los expectadores de los \u00abhechos reales\u00bb sucedidos hace poco m\u00e1s de 40 a\u00f1os, \u00abLa posesi\u00f3n de Altair\u00bb funciona en el sentido de mantenernos inmersos en la historia gracias a la intimidad de su filmaci\u00f3n. Nos volvemos c\u00f3mplices de lo que sucede en la apacible casa de los j\u00f3venes reci\u00e9n casados, y descubrimos con ellos los ins\u00f3litos sucesos que llevan precisamente a \u00abLa posesi\u00f3n de Altair\u00bb.<\/p>\n<p><a href=\"http:\/\/www.reconoce.mx\/wp-content\/uploads\/2016\/11\/laposesiondealtair-1.png\"><img loading=\"lazy\" decoding=\"async\" class=\"aligncenter size-full wp-image-59803\" src=\"http:\/\/www.reconoce.mx\/wp-content\/uploads\/2016\/11\/laposesiondealtair-1.png\" alt=\"\" width=\"590\" height=\"380\" srcset=\"http:\/\/www.reconoce.mx\/wp-content\/uploads\/2016\/11\/laposesiondealtair-1.png 590w, http:\/\/www.reconoce.mx\/wp-content\/uploads\/2016\/11\/laposesiondealtair-1-300x193.png 300w, http:\/\/www.reconoce.mx\/wp-content\/uploads\/2016\/11\/laposesiondealtair-1-150x97.png 150w\" sizes=\"auto, (max-width: 590px) 100vw, 590px\" \/><\/a><\/p>\n<p>Y es que si bien el mismo t\u00edtulo nos da a entender hacia d\u00f3nde nos moveremos, creo yo que la forma en la que se logra el cometido funciona de modo tal que nos interesa saber la forma en la que realmente se fueron dando los hechos antes de llegar a tan terrible situaci\u00f3n.<\/p>\n<p>La decisi\u00f3n de hacerlo en 8 mm, adem\u00e1s de formar parte de la historia, funciona de gran manera, ya que debido a las limitaciones visuales de \u00e9ste, nos involucramos de m\u00e1s en querer ver a lo largo y ancho de la pantalla alguna pista que nos explique el resultado final de la situaci\u00f3n.<\/p>\n<p><a href=\"http:\/\/www.reconoce.mx\/wp-content\/uploads\/2017\/04\/laposesiondealtair-3.png\"><img loading=\"lazy\" decoding=\"async\" class=\"aligncenter size-full wp-image-59828\" src=\"http:\/\/www.reconoce.mx\/wp-content\/uploads\/2017\/04\/laposesiondealtair-3.png\" alt=\"\" width=\"590\" height=\"380\" srcset=\"http:\/\/www.reconoce.mx\/wp-content\/uploads\/2017\/04\/laposesiondealtair-3.png 590w, http:\/\/www.reconoce.mx\/wp-content\/uploads\/2017\/04\/laposesiondealtair-3-300x193.png 300w, http:\/\/www.reconoce.mx\/wp-content\/uploads\/2017\/04\/laposesiondealtair-3-150x97.png 150w\" sizes=\"auto, (max-width: 590px) 100vw, 590px\" \/><\/a><\/p>\n<p>Quiz\u00e1, si he de poner un pero, la decisi\u00f3n de realizar el final en la forma en la que termina llev\u00e1ndose a cabo, no siento que haya sido la m\u00e1s afortunada; creo que de haber mantenido esa m\u00edstica de casi toda la cinta, \u00abLa posesi\u00f3n de Altair\u00bb podr\u00eda haber sido una cinta m\u00e1s redonda, sin embargo tambi\u00e9n creo que al final \u00e9ste cumple con su cometido.<\/p>\n<p>S\u00ed, \u00abLa posesi\u00f3n de Altair\u00bb es una buena propuesta para este fin de semana, sobre todo para aquellos que gustan sacarse un buen susto, o agarrar un buen susto como pretexto para abrazar a quien les acompa\u00f1e en el cine.<\/p>\n<style>.embed-container { position: relative; padding-bottom: 56.25%; height: 0; overflow: hidden; max-width: 100%; } .embed-container iframe, .embed-container object, .embed-container embed { position: absolute; top: 0; left: 0; width: 100%; height: 100%; }<\/style>\n<div class=\"embed-container\"><iframe loading=\"lazy\" src=\"https:\/\/www.youtube.com\/embed\/Y-iQud5_GKU\" width=\"300\" height=\"150\" frameborder=\"0\" allowfullscreen=\"allowfullscreen\"><\/iframe><\/div>\n<p>&nbsp;<\/p>\n<p>\u00abLa posesi\u00f3n de Altair\u00bb se estrena ma\u00f1ana jueves 6 de abril en cines nacionales. Ya saben, al ser un estreno nacional, la recomendaci\u00f3n es irla a ver el primer fin de semana para localizarla en la mayor cantidad de cines posibles. De cualquier modo, para seguirle el rastro, est\u00e9n atentos a <a href=\"https:\/\/twitter.com\/posesionaltair\" target=\"_blank\">Twitter<\/a> y <a href=\"https:\/\/www.facebook.com\/PosesionAltair\/?fref=ts\" target=\"_blank\">Facebook<\/a> oficiales de la pel\u00edcula.<\/p>\n<p style=\"text-align: right;\">Con im\u00e1genes cortes\u00eda de <strong>Cin\u00e9polis Distribuci\u00f3n<\/strong>.<\/p>\n<p>&nbsp;<\/p>\n<p>&nbsp;<\/p>\n","protected":false},"excerpt":{"rendered":"<p>La verdad es que soy muy malo con las cintas de terror. Primero porque soy un verdadero coy\u00f3n, y segundo porque es un g\u00e9nero que por lo mismo me llama poco la atenci\u00f3n. Sin embargo, como buen obrero de la informaci\u00f3n, me lanc\u00e9 a ver la pel\u00edcula \u00abLa posesi\u00f3n de Altair\u00bb de V\u00edctor Dryere, y que ma\u00f1ana llega a cines mexicanos cortes\u00eda de Cin\u00e9polis Distribuci\u00f3n. <\/p>\n","protected":false},"author":2,"featured_media":59827,"comment_status":"open","ping_status":"open","sticky":false,"template":"","format":"standard","meta":{"footnotes":""},"categories":[24,1,17],"tags":[],"class_list":["post-59825","post","type-post","status-publish","format-standard","has-post-thumbnail","hentry","category-cine","category-cultura","category-principal"],"yoast_head":"<!-- This site is optimized with the Yoast SEO plugin v24.7 - https:\/\/yoast.com\/wordpress\/plugins\/seo\/ -->\n<title>&quot;La posesi\u00f3n de Altair&quot;, terror envolvente en 8 mm &#171; Reconoce MX<\/title>\n<meta name=\"robots\" content=\"index, follow, max-snippet:-1, max-image-preview:large, max-video-preview:-1\" \/>\n<link rel=\"canonical\" href=\"http:\/\/www.reconoce.mx\/?p=59825\" \/>\n<meta property=\"og:locale\" content=\"es_ES\" \/>\n<meta property=\"og:type\" content=\"article\" \/>\n<meta property=\"og:title\" content=\"&quot;La posesi\u00f3n de Altair&quot;, terror envolvente en 8 mm &#171; Reconoce MX\" \/>\n<meta property=\"og:description\" content=\"La verdad es que soy muy malo con las cintas de terror. Primero porque soy un verdadero coy\u00f3n, y segundo porque es un g\u00e9nero que por lo mismo me llama poco la atenci\u00f3n. Sin embargo, como buen obrero de la informaci\u00f3n, me lanc\u00e9 a ver la pel\u00edcula &quot;La posesi\u00f3n de Altair&quot; de V\u00edctor Dryere, y que ma\u00f1ana llega a cines mexicanos cortes\u00eda de Cin\u00e9polis Distribuci\u00f3n.\" \/>\n<meta property=\"og:url\" content=\"http:\/\/www.reconoce.mx\/?p=59825\" \/>\n<meta property=\"og:site_name\" content=\"Reconoce MX\" \/>\n<meta property=\"article:publisher\" content=\"https:\/\/es-la.facebook.com\/ReconoceMX\/\" \/>\n<meta property=\"article:published_time\" content=\"2017-04-05T05:06:33+00:00\" \/>\n<meta property=\"article:modified_time\" content=\"2017-04-05T17:10:17+00:00\" \/>\n<meta property=\"og:image\" content=\"http:\/\/www.reconoce.mx\/wp-content\/uploads\/2017\/04\/laposesiondealtair-2.png\" \/>\n\t<meta property=\"og:image:width\" content=\"590\" \/>\n\t<meta property=\"og:image:height\" content=\"380\" \/>\n\t<meta property=\"og:image:type\" content=\"image\/png\" \/>\n<meta name=\"author\" content=\"Reconoce MX\" \/>\n<meta name=\"twitter:card\" content=\"summary_large_image\" \/>\n<meta name=\"twitter:creator\" content=\"@reconocemx\" \/>\n<meta name=\"twitter:site\" content=\"@reconocemx\" \/>\n<meta name=\"twitter:label1\" content=\"Escrito por\" \/>\n\t<meta name=\"twitter:data1\" content=\"Reconoce MX\" \/>\n\t<meta name=\"twitter:label2\" content=\"Tiempo de lectura\" \/>\n\t<meta name=\"twitter:data2\" content=\"3 minutos\" \/>\n<script type=\"application\/ld+json\" class=\"yoast-schema-graph\">{\"@context\":\"https:\/\/schema.org\",\"@graph\":[{\"@type\":\"Article\",\"@id\":\"http:\/\/www.reconoce.mx\/?p=59825#article\",\"isPartOf\":{\"@id\":\"http:\/\/www.reconoce.mx\/?p=59825\"},\"author\":{\"name\":\"Reconoce MX\",\"@id\":\"http:\/\/www.reconoce.mx\/#\/schema\/person\/2117e997d7051dc15d6880eaf9bca0b2\"},\"headline\":\"\u00abLa posesi\u00f3n de Altair\u00bb, terror envolvente en 8 mm\",\"datePublished\":\"2017-04-05T05:06:33+00:00\",\"dateModified\":\"2017-04-05T17:10:17+00:00\",\"mainEntityOfPage\":{\"@id\":\"http:\/\/www.reconoce.mx\/?p=59825\"},\"wordCount\":707,\"commentCount\":0,\"publisher\":{\"@id\":\"http:\/\/www.reconoce.mx\/#organization\"},\"image\":{\"@id\":\"http:\/\/www.reconoce.mx\/?p=59825#primaryimage\"},\"thumbnailUrl\":\"http:\/\/www.reconoce.mx\/wp-content\/uploads\/2017\/04\/laposesiondealtair-2.png\",\"articleSection\":[\"Cine\",\"Cultura\",\"Principal\"],\"inLanguage\":\"es\",\"potentialAction\":[{\"@type\":\"CommentAction\",\"name\":\"Comment\",\"target\":[\"http:\/\/www.reconoce.mx\/?p=59825#respond\"]}]},{\"@type\":\"WebPage\",\"@id\":\"http:\/\/www.reconoce.mx\/?p=59825\",\"url\":\"http:\/\/www.reconoce.mx\/?p=59825\",\"name\":\"\\\"La posesi\u00f3n de Altair\\\", terror envolvente en 8 mm &#171; Reconoce MX\",\"isPartOf\":{\"@id\":\"http:\/\/www.reconoce.mx\/#website\"},\"primaryImageOfPage\":{\"@id\":\"http:\/\/www.reconoce.mx\/?p=59825#primaryimage\"},\"image\":{\"@id\":\"http:\/\/www.reconoce.mx\/?p=59825#primaryimage\"},\"thumbnailUrl\":\"http:\/\/www.reconoce.mx\/wp-content\/uploads\/2017\/04\/laposesiondealtair-2.png\",\"datePublished\":\"2017-04-05T05:06:33+00:00\",\"dateModified\":\"2017-04-05T17:10:17+00:00\",\"breadcrumb\":{\"@id\":\"http:\/\/www.reconoce.mx\/?p=59825#breadcrumb\"},\"inLanguage\":\"es\",\"potentialAction\":[{\"@type\":\"ReadAction\",\"target\":[\"http:\/\/www.reconoce.mx\/?p=59825\"]}]},{\"@type\":\"ImageObject\",\"inLanguage\":\"es\",\"@id\":\"http:\/\/www.reconoce.mx\/?p=59825#primaryimage\",\"url\":\"http:\/\/www.reconoce.mx\/wp-content\/uploads\/2017\/04\/laposesiondealtair-2.png\",\"contentUrl\":\"http:\/\/www.reconoce.mx\/wp-content\/uploads\/2017\/04\/laposesiondealtair-2.png\",\"width\":590,\"height\":380},{\"@type\":\"BreadcrumbList\",\"@id\":\"http:\/\/www.reconoce.mx\/?p=59825#breadcrumb\",\"itemListElement\":[{\"@type\":\"ListItem\",\"position\":1,\"name\":\"Portada\",\"item\":\"http:\/\/www.reconoce.mx\/\"},{\"@type\":\"ListItem\",\"position\":2,\"name\":\"\u00abLa posesi\u00f3n de Altair\u00bb, terror envolvente en 8 mm\"}]},{\"@type\":\"WebSite\",\"@id\":\"http:\/\/www.reconoce.mx\/#website\",\"url\":\"http:\/\/www.reconoce.mx\/\",\"name\":\"Reconoce MX\",\"description\":\"En Reconoce MX difundimos arte, cultura y conciencia social en M\u00e9xico. Tu ciudad en otra perspectiva.\",\"publisher\":{\"@id\":\"http:\/\/www.reconoce.mx\/#organization\"},\"potentialAction\":[{\"@type\":\"SearchAction\",\"target\":{\"@type\":\"EntryPoint\",\"urlTemplate\":\"http:\/\/www.reconoce.mx\/?s={search_term_string}\"},\"query-input\":{\"@type\":\"PropertyValueSpecification\",\"valueRequired\":true,\"valueName\":\"search_term_string\"}}],\"inLanguage\":\"es\"},{\"@type\":\"Organization\",\"@id\":\"http:\/\/www.reconoce.mx\/#organization\",\"name\":\"Reconoce MX\",\"url\":\"http:\/\/www.reconoce.mx\/\",\"logo\":{\"@type\":\"ImageObject\",\"inLanguage\":\"es\",\"@id\":\"http:\/\/www.reconoce.mx\/#\/schema\/logo\/image\/\",\"url\":\"https:\/\/www.reconoce.mx\/wp-content\/uploads\/2019\/03\/logorcmx-good-1.png\",\"contentUrl\":\"https:\/\/www.reconoce.mx\/wp-content\/uploads\/2019\/03\/logorcmx-good-1.png\",\"width\":280,\"height\":90,\"caption\":\"Reconoce MX\"},\"image\":{\"@id\":\"http:\/\/www.reconoce.mx\/#\/schema\/logo\/image\/\"},\"sameAs\":[\"https:\/\/es-la.facebook.com\/ReconoceMX\/\",\"https:\/\/x.com\/reconocemx\",\"http:\/\/@reconocemx\"]},{\"@type\":\"Person\",\"@id\":\"http:\/\/www.reconoce.mx\/#\/schema\/person\/2117e997d7051dc15d6880eaf9bca0b2\",\"name\":\"Reconoce MX\",\"image\":{\"@type\":\"ImageObject\",\"inLanguage\":\"es\",\"@id\":\"http:\/\/www.reconoce.mx\/#\/schema\/person\/image\/\",\"url\":\"https:\/\/secure.gravatar.com\/avatar\/6c8d4dc7569ca1c90c5fdcc349f839d5ddef6fe1e70b4337ead2ef1a4c43fc3a?s=96&d=identicon&r=g\",\"contentUrl\":\"https:\/\/secure.gravatar.com\/avatar\/6c8d4dc7569ca1c90c5fdcc349f839d5ddef6fe1e70b4337ead2ef1a4c43fc3a?s=96&d=identicon&r=g\",\"caption\":\"Reconoce MX\"},\"description\":\"Reconoce MX es un proyecto de difusi\u00f3n art\u00edstica, cultural y de conciencia social que est\u00e1 enfocado a difundir y fomentar el entretenimiento alternativo de calidad para todo el p\u00fablico que comparta el mismo entusiasmo.\",\"sameAs\":[\"http:\/\/www.reconoce.mx\"],\"url\":\"http:\/\/www.reconoce.mx\/?author=2\"}]}<\/script>\n<!-- \/ Yoast SEO plugin. -->","yoast_head_json":{"title":"\"La posesi\u00f3n de Altair\", terror envolvente en 8 mm &#171; Reconoce MX","robots":{"index":"index","follow":"follow","max-snippet":"max-snippet:-1","max-image-preview":"max-image-preview:large","max-video-preview":"max-video-preview:-1"},"canonical":"http:\/\/www.reconoce.mx\/?p=59825","og_locale":"es_ES","og_type":"article","og_title":"\"La posesi\u00f3n de Altair\", terror envolvente en 8 mm &#171; Reconoce MX","og_description":"La verdad es que soy muy malo con las cintas de terror. Primero porque soy un verdadero coy\u00f3n, y segundo porque es un g\u00e9nero que por lo mismo me llama poco la atenci\u00f3n. Sin embargo, como buen obrero de la informaci\u00f3n, me lanc\u00e9 a ver la pel\u00edcula \"La posesi\u00f3n de Altair\" de V\u00edctor Dryere, y que ma\u00f1ana llega a cines mexicanos cortes\u00eda de Cin\u00e9polis Distribuci\u00f3n.","og_url":"http:\/\/www.reconoce.mx\/?p=59825","og_site_name":"Reconoce MX","article_publisher":"https:\/\/es-la.facebook.com\/ReconoceMX\/","article_published_time":"2017-04-05T05:06:33+00:00","article_modified_time":"2017-04-05T17:10:17+00:00","og_image":[{"width":590,"height":380,"url":"http:\/\/www.reconoce.mx\/wp-content\/uploads\/2017\/04\/laposesiondealtair-2.png","type":"image\/png"}],"author":"Reconoce MX","twitter_card":"summary_large_image","twitter_creator":"@reconocemx","twitter_site":"@reconocemx","twitter_misc":{"Escrito por":"Reconoce MX","Tiempo de lectura":"3 minutos"},"schema":{"@context":"https:\/\/schema.org","@graph":[{"@type":"Article","@id":"http:\/\/www.reconoce.mx\/?p=59825#article","isPartOf":{"@id":"http:\/\/www.reconoce.mx\/?p=59825"},"author":{"name":"Reconoce MX","@id":"http:\/\/www.reconoce.mx\/#\/schema\/person\/2117e997d7051dc15d6880eaf9bca0b2"},"headline":"\u00abLa posesi\u00f3n de Altair\u00bb, terror envolvente en 8 mm","datePublished":"2017-04-05T05:06:33+00:00","dateModified":"2017-04-05T17:10:17+00:00","mainEntityOfPage":{"@id":"http:\/\/www.reconoce.mx\/?p=59825"},"wordCount":707,"commentCount":0,"publisher":{"@id":"http:\/\/www.reconoce.mx\/#organization"},"image":{"@id":"http:\/\/www.reconoce.mx\/?p=59825#primaryimage"},"thumbnailUrl":"http:\/\/www.reconoce.mx\/wp-content\/uploads\/2017\/04\/laposesiondealtair-2.png","articleSection":["Cine","Cultura","Principal"],"inLanguage":"es","potentialAction":[{"@type":"CommentAction","name":"Comment","target":["http:\/\/www.reconoce.mx\/?p=59825#respond"]}]},{"@type":"WebPage","@id":"http:\/\/www.reconoce.mx\/?p=59825","url":"http:\/\/www.reconoce.mx\/?p=59825","name":"\"La posesi\u00f3n de Altair\", terror envolvente en 8 mm &#171; Reconoce MX","isPartOf":{"@id":"http:\/\/www.reconoce.mx\/#website"},"primaryImageOfPage":{"@id":"http:\/\/www.reconoce.mx\/?p=59825#primaryimage"},"image":{"@id":"http:\/\/www.reconoce.mx\/?p=59825#primaryimage"},"thumbnailUrl":"http:\/\/www.reconoce.mx\/wp-content\/uploads\/2017\/04\/laposesiondealtair-2.png","datePublished":"2017-04-05T05:06:33+00:00","dateModified":"2017-04-05T17:10:17+00:00","breadcrumb":{"@id":"http:\/\/www.reconoce.mx\/?p=59825#breadcrumb"},"inLanguage":"es","potentialAction":[{"@type":"ReadAction","target":["http:\/\/www.reconoce.mx\/?p=59825"]}]},{"@type":"ImageObject","inLanguage":"es","@id":"http:\/\/www.reconoce.mx\/?p=59825#primaryimage","url":"http:\/\/www.reconoce.mx\/wp-content\/uploads\/2017\/04\/laposesiondealtair-2.png","contentUrl":"http:\/\/www.reconoce.mx\/wp-content\/uploads\/2017\/04\/laposesiondealtair-2.png","width":590,"height":380},{"@type":"BreadcrumbList","@id":"http:\/\/www.reconoce.mx\/?p=59825#breadcrumb","itemListElement":[{"@type":"ListItem","position":1,"name":"Portada","item":"http:\/\/www.reconoce.mx\/"},{"@type":"ListItem","position":2,"name":"\u00abLa posesi\u00f3n de Altair\u00bb, terror envolvente en 8 mm"}]},{"@type":"WebSite","@id":"http:\/\/www.reconoce.mx\/#website","url":"http:\/\/www.reconoce.mx\/","name":"Reconoce MX","description":"En Reconoce MX difundimos arte, cultura y conciencia social en M\u00e9xico. Tu ciudad en otra perspectiva.","publisher":{"@id":"http:\/\/www.reconoce.mx\/#organization"},"potentialAction":[{"@type":"SearchAction","target":{"@type":"EntryPoint","urlTemplate":"http:\/\/www.reconoce.mx\/?s={search_term_string}"},"query-input":{"@type":"PropertyValueSpecification","valueRequired":true,"valueName":"search_term_string"}}],"inLanguage":"es"},{"@type":"Organization","@id":"http:\/\/www.reconoce.mx\/#organization","name":"Reconoce MX","url":"http:\/\/www.reconoce.mx\/","logo":{"@type":"ImageObject","inLanguage":"es","@id":"http:\/\/www.reconoce.mx\/#\/schema\/logo\/image\/","url":"https:\/\/www.reconoce.mx\/wp-content\/uploads\/2019\/03\/logorcmx-good-1.png","contentUrl":"https:\/\/www.reconoce.mx\/wp-content\/uploads\/2019\/03\/logorcmx-good-1.png","width":280,"height":90,"caption":"Reconoce MX"},"image":{"@id":"http:\/\/www.reconoce.mx\/#\/schema\/logo\/image\/"},"sameAs":["https:\/\/es-la.facebook.com\/ReconoceMX\/","https:\/\/x.com\/reconocemx","http:\/\/@reconocemx"]},{"@type":"Person","@id":"http:\/\/www.reconoce.mx\/#\/schema\/person\/2117e997d7051dc15d6880eaf9bca0b2","name":"Reconoce MX","image":{"@type":"ImageObject","inLanguage":"es","@id":"http:\/\/www.reconoce.mx\/#\/schema\/person\/image\/","url":"https:\/\/secure.gravatar.com\/avatar\/6c8d4dc7569ca1c90c5fdcc349f839d5ddef6fe1e70b4337ead2ef1a4c43fc3a?s=96&d=identicon&r=g","contentUrl":"https:\/\/secure.gravatar.com\/avatar\/6c8d4dc7569ca1c90c5fdcc349f839d5ddef6fe1e70b4337ead2ef1a4c43fc3a?s=96&d=identicon&r=g","caption":"Reconoce MX"},"description":"Reconoce MX es un proyecto de difusi\u00f3n art\u00edstica, cultural y de conciencia social que est\u00e1 enfocado a difundir y fomentar el entretenimiento alternativo de calidad para todo el p\u00fablico que comparta el mismo entusiasmo.","sameAs":["http:\/\/www.reconoce.mx"],"url":"http:\/\/www.reconoce.mx\/?author=2"}]}},"_links":{"self":[{"href":"http:\/\/www.reconoce.mx\/index.php?rest_route=\/wp\/v2\/posts\/59825","targetHints":{"allow":["GET"]}}],"collection":[{"href":"http:\/\/www.reconoce.mx\/index.php?rest_route=\/wp\/v2\/posts"}],"about":[{"href":"http:\/\/www.reconoce.mx\/index.php?rest_route=\/wp\/v2\/types\/post"}],"author":[{"embeddable":true,"href":"http:\/\/www.reconoce.mx\/index.php?rest_route=\/wp\/v2\/users\/2"}],"replies":[{"embeddable":true,"href":"http:\/\/www.reconoce.mx\/index.php?rest_route=%2Fwp%2Fv2%2Fcomments&post=59825"}],"version-history":[{"count":1,"href":"http:\/\/www.reconoce.mx\/index.php?rest_route=\/wp\/v2\/posts\/59825\/revisions"}],"predecessor-version":[{"id":59829,"href":"http:\/\/www.reconoce.mx\/index.php?rest_route=\/wp\/v2\/posts\/59825\/revisions\/59829"}],"wp:featuredmedia":[{"embeddable":true,"href":"http:\/\/www.reconoce.mx\/index.php?rest_route=\/wp\/v2\/media\/59827"}],"wp:attachment":[{"href":"http:\/\/www.reconoce.mx\/index.php?rest_route=%2Fwp%2Fv2%2Fmedia&parent=59825"}],"wp:term":[{"taxonomy":"category","embeddable":true,"href":"http:\/\/www.reconoce.mx\/index.php?rest_route=%2Fwp%2Fv2%2Fcategories&post=59825"},{"taxonomy":"post_tag","embeddable":true,"href":"http:\/\/www.reconoce.mx\/index.php?rest_route=%2Fwp%2Fv2%2Ftags&post=59825"}],"curies":[{"name":"wp","href":"https:\/\/api.w.org\/{rel}","templated":true}]}}