{"id":59842,"date":"2017-04-06T00:03:34","date_gmt":"2017-04-06T05:03:34","guid":{"rendered":"http:\/\/www.reconoce.mx\/?p=59842"},"modified":"2017-04-05T22:31:02","modified_gmt":"2017-04-06T03:31:02","slug":"la-cabana-un-reencuentro-personal-con-la-fe","status":"publish","type":"post","link":"http:\/\/www.reconoce.mx\/?p=59842","title":{"rendered":"\u00abLa caba\u00f1a\u00bb, un reencuentro personal con la fe"},"content":{"rendered":"<p><strong> Por <a title=\"@AsfaltosTweets\" href=\"http:\/\/twitter.com\/AsfaltosTweets\" target=\"_blank\">Asfaltos<\/a><\/strong>.<\/p>\n<p>Uno no es el p\u00fablico de todas las pel\u00edculas, y todas las pel\u00edculas ciertamente tienen su p\u00fablico. La anterior frase es mi mantra frente a cada pel\u00edcula que me toca revisar en este humilde ejercicio de periodismo cinematogr\u00e1fico. Esa frase fue la que se me apareci\u00f3 cuando vi la pel\u00edcula \u00abLa caba\u00f1a\u00bb que estrena hoy jueves 6 de abril en cines mexicanos.<\/p>\n<p><a href=\"http:\/\/www.reconoce.mx\/wp-content\/uploads\/2017\/04\/lacaba\u00f1a-poster.png\"><img loading=\"lazy\" decoding=\"async\" class=\"aligncenter size-full wp-image-59846\" src=\"http:\/\/www.reconoce.mx\/wp-content\/uploads\/2017\/04\/lacaba\u00f1a-poster.png\" alt=\"\" width=\"727\" height=\"1020\" srcset=\"http:\/\/www.reconoce.mx\/wp-content\/uploads\/2017\/04\/lacaba\u00f1a-poster.png 727w, http:\/\/www.reconoce.mx\/wp-content\/uploads\/2017\/04\/lacaba\u00f1a-poster-214x300.png 214w, http:\/\/www.reconoce.mx\/wp-content\/uploads\/2017\/04\/lacaba\u00f1a-poster-150x210.png 150w, http:\/\/www.reconoce.mx\/wp-content\/uploads\/2017\/04\/lacaba\u00f1a-poster-700x982.png 700w, http:\/\/www.reconoce.mx\/wp-content\/uploads\/2017\/04\/lacaba\u00f1a-poster-658x923.png 658w, http:\/\/www.reconoce.mx\/wp-content\/uploads\/2017\/04\/lacaba\u00f1a-poster-300x421.png 300w\" sizes=\"auto, (max-width: 727px) 100vw, 727px\" \/><\/a><\/p>\n<p>\u00abLa caba\u00f1a\u00bb est\u00e1 basada en la novela de \u00e9xito de ventas del mismo nombre de <strong>William Paul Young<\/strong>, en la que se cuenta c\u00f3mo Mackenzie Allen Phillips (<strong>Sam Worthington<\/strong>) es puesto a prueba en su fe, y sobre todo c\u00f3mo da respuesta a varios cuestionamientos duros que se hace a s\u00ed mismo.<\/p>\n<p>Todo comienza tras un viaje de campo en el que acompa\u00f1ado de sus hijos las cosas no terminan por realizarse de la manera en las que se ten\u00edan planeadas. Mack, tras una serie de eventos desafortunados, termina bajoneado y sin esperanza alguna por seguir. Si bien su familia es sumamente devota, en este caso cristiana, para Mack todas sus creencias empiezan a ser dudas.<\/p>\n<p><a href=\"http:\/\/www.reconoce.mx\/wp-content\/uploads\/2017\/04\/lacaba\u00f1a-2.png\"><img loading=\"lazy\" decoding=\"async\" class=\"aligncenter size-full wp-image-59844\" src=\"http:\/\/www.reconoce.mx\/wp-content\/uploads\/2017\/04\/lacaba\u00f1a-2.png\" alt=\"\" width=\"590\" height=\"380\" srcset=\"http:\/\/www.reconoce.mx\/wp-content\/uploads\/2017\/04\/lacaba\u00f1a-2.png 590w, http:\/\/www.reconoce.mx\/wp-content\/uploads\/2017\/04\/lacaba\u00f1a-2-300x193.png 300w, http:\/\/www.reconoce.mx\/wp-content\/uploads\/2017\/04\/lacaba\u00f1a-2-150x97.png 150w\" sizes=\"auto, (max-width: 590px) 100vw, 590px\" \/><\/a><\/p>\n<p>Para entender el porqu\u00e9 de la pel\u00edcula, y por lo tanto muy seguramente de la novela tambi\u00e9n, no hace falta inferir que el autor es en efecto un cristiano devoto que pas\u00f3 por una serie de dif\u00edciles eventos que le pusieron en duda su fe. Revisando su biograf\u00eda las sospechas se vuelven ciertas, pues en efecto, en su juventud, Young fue v\u00edctima en una misi\u00f3n y tambi\u00e9n en un internado cristianos, de quiz\u00e1 uno de los delitos m\u00e1s deleznables: el abuso sexual.<\/p>\n<p>Con ese antecedente es en efecto comprensible la historia que se nos relata en \u00abLa caba\u00f1a\u00bb, donde las cosas se dicen claras, y de ninguna manera se esconde el eminente sentido cristiano de la cinta. Definitivamente para Young funcion\u00f3 como un catarsis primero para explicarse el horror vivido; y segundo para reconciliarse con su fe.<\/p>\n<p><a href=\"http:\/\/www.reconoce.mx\/wp-content\/uploads\/2017\/04\/lacaba\u00f1a-3.png\"><img loading=\"lazy\" decoding=\"async\" class=\"aligncenter size-full wp-image-59845\" src=\"http:\/\/www.reconoce.mx\/wp-content\/uploads\/2017\/04\/lacaba\u00f1a-3.png\" alt=\"\" width=\"590\" height=\"380\" srcset=\"http:\/\/www.reconoce.mx\/wp-content\/uploads\/2017\/04\/lacaba\u00f1a-3.png 590w, http:\/\/www.reconoce.mx\/wp-content\/uploads\/2017\/04\/lacaba\u00f1a-3-300x193.png 300w, http:\/\/www.reconoce.mx\/wp-content\/uploads\/2017\/04\/lacaba\u00f1a-3-150x97.png 150w\" sizes=\"auto, (max-width: 590px) 100vw, 590px\" \/><\/a><\/p>\n<p>Ojo, que no se confunda la gimnasia con la magnesia, no se trata de ninguna afrenta contra elcristianismo ni cualquier otra creencia similar, ni nada por el estilo; sin embargo la poco sutileza de los elementos presentados en la cinta no hacen mas que reafirmar el hecho de que \u00e9sta va dirigida a un p\u00fablico muy claro, y hasta ah\u00ed.<\/p>\n<p>Probablemente uno de los personajes centrales intenta ofrecer un equilibrio frente al sentido eminentemente cristiano de la cinta; sin embargo, si \u00e9ste resultaba en realidad un esfuerzo para abrir el espectro de la fe, hacia el final se desvanece frente a visos m\u00e1s claro de que el mensaje no es otro mas que el ya presentado de manera reiterada, una tras otra.<\/p>\n<style>.embed-container { position: relative; padding-bottom: 56.25%; height: 0; overflow: hidden; max-width: 100%; } .embed-container iframe, .embed-container object, .embed-container embed { position: absolute; top: 0; left: 0; width: 100%; height: 100%; }<\/style>\n<div class=\"embed-container\"><iframe loading=\"lazy\" src=\"https:\/\/www.youtube.com\/embed\/xFU5Lm_QQqs\" width=\"300\" height=\"150\" frameborder=\"0\" allowfullscreen=\"allowfullscreen\"><\/iframe><\/div>\n<p>&nbsp;<\/p>\n<p>La construcci\u00f3n de los personajes est\u00e1 bien. Las actuaciones tambi\u00e9n. La m\u00fasica, los escenarios, y quiz\u00e1 hasta el ritmo, aunque en este punto un par\u00e9ntesis, pues si de entrada uno no profesa pr\u00e1cticamente la religi\u00f3n que se nos presenta, podr\u00eda terminar result\u00e1ndonos una pel\u00edcula un tanto cansada y hasta tediosa. Probablemente haya quienes ajenos a lo anterior puedan conectar con la pel\u00edcula, pero siendo todo tan poco sutil, podr\u00edan ser los menos.<\/p>\n<p>Hasta ac\u00e1 este breve comentario de \u00abLa caba\u00f1a\u00bb que llega a cines a partir de hoy jueves 6 de abril bajo la distribuci\u00f3n de <strong>Coraz\u00f3n Films<\/strong>. Como ya he mencionado yo al inicio de mi rese\u00f1a: claramente no soy yo el p\u00fablico de esta cinta; pero quiz\u00e1 usted, que me lee, s\u00ed lo sea.<\/p>\n<p style=\"text-align: right;\">Con im\u00e1genes cortes\u00eda de <strong>Coraz\u00f3n Films<\/strong>.<\/p>\n<p>&nbsp;<\/p>\n<p>&nbsp;<\/p>\n","protected":false},"excerpt":{"rendered":"<p>Uno no es el p\u00fablico de todas las pel\u00edculas, y todas las pel\u00edculas ciertamente tienen su p\u00fablico. La anterior frase es mi mantra frente a cada pel\u00edcula que me toca revisar en este humilde ejercicio de periodismo cinematogr\u00e1fico.<\/p>\n","protected":false},"author":2,"featured_media":59843,"comment_status":"open","ping_status":"open","sticky":false,"template":"","format":"standard","meta":{"footnotes":""},"categories":[24,1,17],"tags":[],"class_list":["post-59842","post","type-post","status-publish","format-standard","has-post-thumbnail","hentry","category-cine","category-cultura","category-principal"],"yoast_head":"<!-- This site is optimized with the Yoast SEO plugin v24.7 - https:\/\/yoast.com\/wordpress\/plugins\/seo\/ -->\n<title>&quot;La caba\u00f1a&quot;, un reencuentro personal con la fe &#171; Reconoce MX<\/title>\n<meta name=\"robots\" content=\"index, follow, max-snippet:-1, max-image-preview:large, max-video-preview:-1\" \/>\n<link rel=\"canonical\" href=\"http:\/\/www.reconoce.mx\/?p=59842\" \/>\n<meta property=\"og:locale\" content=\"es_ES\" \/>\n<meta property=\"og:type\" content=\"article\" \/>\n<meta property=\"og:title\" content=\"&quot;La caba\u00f1a&quot;, un reencuentro personal con la fe &#171; Reconoce MX\" \/>\n<meta property=\"og:description\" content=\"Uno no es el p\u00fablico de todas las pel\u00edculas, y todas las pel\u00edculas ciertamente tienen su p\u00fablico. La anterior frase es mi mantra frente a cada pel\u00edcula que me toca revisar en este humilde ejercicio de periodismo cinematogr\u00e1fico.\" \/>\n<meta property=\"og:url\" content=\"http:\/\/www.reconoce.mx\/?p=59842\" \/>\n<meta property=\"og:site_name\" content=\"Reconoce MX\" \/>\n<meta property=\"article:publisher\" content=\"https:\/\/es-la.facebook.com\/ReconoceMX\/\" \/>\n<meta property=\"article:published_time\" content=\"2017-04-06T05:03:34+00:00\" \/>\n<meta property=\"og:image\" content=\"http:\/\/www.reconoce.mx\/wp-content\/uploads\/2017\/04\/lacaba\u00f1a-1.png\" \/>\n\t<meta property=\"og:image:width\" content=\"590\" \/>\n\t<meta property=\"og:image:height\" content=\"380\" \/>\n\t<meta property=\"og:image:type\" content=\"image\/png\" \/>\n<meta name=\"author\" content=\"Reconoce MX\" \/>\n<meta name=\"twitter:card\" content=\"summary_large_image\" \/>\n<meta name=\"twitter:creator\" content=\"@reconocemx\" \/>\n<meta name=\"twitter:site\" content=\"@reconocemx\" \/>\n<meta name=\"twitter:label1\" content=\"Escrito por\" \/>\n\t<meta name=\"twitter:data1\" content=\"Reconoce MX\" \/>\n\t<meta name=\"twitter:label2\" content=\"Tiempo de lectura\" \/>\n\t<meta name=\"twitter:data2\" content=\"3 minutos\" \/>\n<script type=\"application\/ld+json\" class=\"yoast-schema-graph\">{\"@context\":\"https:\/\/schema.org\",\"@graph\":[{\"@type\":\"Article\",\"@id\":\"http:\/\/www.reconoce.mx\/?p=59842#article\",\"isPartOf\":{\"@id\":\"http:\/\/www.reconoce.mx\/?p=59842\"},\"author\":{\"name\":\"Reconoce MX\",\"@id\":\"http:\/\/www.reconoce.mx\/#\/schema\/person\/2117e997d7051dc15d6880eaf9bca0b2\"},\"headline\":\"\u00abLa caba\u00f1a\u00bb, un reencuentro personal con la fe\",\"datePublished\":\"2017-04-06T05:03:34+00:00\",\"mainEntityOfPage\":{\"@id\":\"http:\/\/www.reconoce.mx\/?p=59842\"},\"wordCount\":624,\"commentCount\":0,\"publisher\":{\"@id\":\"http:\/\/www.reconoce.mx\/#organization\"},\"image\":{\"@id\":\"http:\/\/www.reconoce.mx\/?p=59842#primaryimage\"},\"thumbnailUrl\":\"http:\/\/www.reconoce.mx\/wp-content\/uploads\/2017\/04\/lacaba\u00f1a-1.png\",\"articleSection\":[\"Cine\",\"Cultura\",\"Principal\"],\"inLanguage\":\"es\",\"potentialAction\":[{\"@type\":\"CommentAction\",\"name\":\"Comment\",\"target\":[\"http:\/\/www.reconoce.mx\/?p=59842#respond\"]}]},{\"@type\":\"WebPage\",\"@id\":\"http:\/\/www.reconoce.mx\/?p=59842\",\"url\":\"http:\/\/www.reconoce.mx\/?p=59842\",\"name\":\"\\\"La caba\u00f1a\\\", un reencuentro personal con la fe &#171; Reconoce MX\",\"isPartOf\":{\"@id\":\"http:\/\/www.reconoce.mx\/#website\"},\"primaryImageOfPage\":{\"@id\":\"http:\/\/www.reconoce.mx\/?p=59842#primaryimage\"},\"image\":{\"@id\":\"http:\/\/www.reconoce.mx\/?p=59842#primaryimage\"},\"thumbnailUrl\":\"http:\/\/www.reconoce.mx\/wp-content\/uploads\/2017\/04\/lacaba\u00f1a-1.png\",\"datePublished\":\"2017-04-06T05:03:34+00:00\",\"breadcrumb\":{\"@id\":\"http:\/\/www.reconoce.mx\/?p=59842#breadcrumb\"},\"inLanguage\":\"es\",\"potentialAction\":[{\"@type\":\"ReadAction\",\"target\":[\"http:\/\/www.reconoce.mx\/?p=59842\"]}]},{\"@type\":\"ImageObject\",\"inLanguage\":\"es\",\"@id\":\"http:\/\/www.reconoce.mx\/?p=59842#primaryimage\",\"url\":\"http:\/\/www.reconoce.mx\/wp-content\/uploads\/2017\/04\/lacaba\u00f1a-1.png\",\"contentUrl\":\"http:\/\/www.reconoce.mx\/wp-content\/uploads\/2017\/04\/lacaba\u00f1a-1.png\",\"width\":590,\"height\":380},{\"@type\":\"BreadcrumbList\",\"@id\":\"http:\/\/www.reconoce.mx\/?p=59842#breadcrumb\",\"itemListElement\":[{\"@type\":\"ListItem\",\"position\":1,\"name\":\"Portada\",\"item\":\"http:\/\/www.reconoce.mx\/\"},{\"@type\":\"ListItem\",\"position\":2,\"name\":\"\u00abLa caba\u00f1a\u00bb, un reencuentro personal con la fe\"}]},{\"@type\":\"WebSite\",\"@id\":\"http:\/\/www.reconoce.mx\/#website\",\"url\":\"http:\/\/www.reconoce.mx\/\",\"name\":\"Reconoce MX\",\"description\":\"En Reconoce MX difundimos arte, cultura y conciencia social en M\u00e9xico. Tu ciudad en otra perspectiva.\",\"publisher\":{\"@id\":\"http:\/\/www.reconoce.mx\/#organization\"},\"potentialAction\":[{\"@type\":\"SearchAction\",\"target\":{\"@type\":\"EntryPoint\",\"urlTemplate\":\"http:\/\/www.reconoce.mx\/?s={search_term_string}\"},\"query-input\":{\"@type\":\"PropertyValueSpecification\",\"valueRequired\":true,\"valueName\":\"search_term_string\"}}],\"inLanguage\":\"es\"},{\"@type\":\"Organization\",\"@id\":\"http:\/\/www.reconoce.mx\/#organization\",\"name\":\"Reconoce MX\",\"url\":\"http:\/\/www.reconoce.mx\/\",\"logo\":{\"@type\":\"ImageObject\",\"inLanguage\":\"es\",\"@id\":\"http:\/\/www.reconoce.mx\/#\/schema\/logo\/image\/\",\"url\":\"https:\/\/www.reconoce.mx\/wp-content\/uploads\/2019\/03\/logorcmx-good-1.png\",\"contentUrl\":\"https:\/\/www.reconoce.mx\/wp-content\/uploads\/2019\/03\/logorcmx-good-1.png\",\"width\":280,\"height\":90,\"caption\":\"Reconoce MX\"},\"image\":{\"@id\":\"http:\/\/www.reconoce.mx\/#\/schema\/logo\/image\/\"},\"sameAs\":[\"https:\/\/es-la.facebook.com\/ReconoceMX\/\",\"https:\/\/x.com\/reconocemx\",\"http:\/\/@reconocemx\"]},{\"@type\":\"Person\",\"@id\":\"http:\/\/www.reconoce.mx\/#\/schema\/person\/2117e997d7051dc15d6880eaf9bca0b2\",\"name\":\"Reconoce MX\",\"image\":{\"@type\":\"ImageObject\",\"inLanguage\":\"es\",\"@id\":\"http:\/\/www.reconoce.mx\/#\/schema\/person\/image\/\",\"url\":\"https:\/\/secure.gravatar.com\/avatar\/6c8d4dc7569ca1c90c5fdcc349f839d5ddef6fe1e70b4337ead2ef1a4c43fc3a?s=96&d=identicon&r=g\",\"contentUrl\":\"https:\/\/secure.gravatar.com\/avatar\/6c8d4dc7569ca1c90c5fdcc349f839d5ddef6fe1e70b4337ead2ef1a4c43fc3a?s=96&d=identicon&r=g\",\"caption\":\"Reconoce MX\"},\"description\":\"Reconoce MX es un proyecto de difusi\u00f3n art\u00edstica, cultural y de conciencia social que est\u00e1 enfocado a difundir y fomentar el entretenimiento alternativo de calidad para todo el p\u00fablico que comparta el mismo entusiasmo.\",\"sameAs\":[\"http:\/\/www.reconoce.mx\"],\"url\":\"http:\/\/www.reconoce.mx\/?author=2\"}]}<\/script>\n<!-- \/ Yoast SEO plugin. -->","yoast_head_json":{"title":"\"La caba\u00f1a\", un reencuentro personal con la fe &#171; Reconoce MX","robots":{"index":"index","follow":"follow","max-snippet":"max-snippet:-1","max-image-preview":"max-image-preview:large","max-video-preview":"max-video-preview:-1"},"canonical":"http:\/\/www.reconoce.mx\/?p=59842","og_locale":"es_ES","og_type":"article","og_title":"\"La caba\u00f1a\", un reencuentro personal con la fe &#171; Reconoce MX","og_description":"Uno no es el p\u00fablico de todas las pel\u00edculas, y todas las pel\u00edculas ciertamente tienen su p\u00fablico. La anterior frase es mi mantra frente a cada pel\u00edcula que me toca revisar en este humilde ejercicio de periodismo cinematogr\u00e1fico.","og_url":"http:\/\/www.reconoce.mx\/?p=59842","og_site_name":"Reconoce MX","article_publisher":"https:\/\/es-la.facebook.com\/ReconoceMX\/","article_published_time":"2017-04-06T05:03:34+00:00","og_image":[{"width":590,"height":380,"url":"http:\/\/www.reconoce.mx\/wp-content\/uploads\/2017\/04\/lacaba\u00f1a-1.png","type":"image\/png"}],"author":"Reconoce MX","twitter_card":"summary_large_image","twitter_creator":"@reconocemx","twitter_site":"@reconocemx","twitter_misc":{"Escrito por":"Reconoce MX","Tiempo de lectura":"3 minutos"},"schema":{"@context":"https:\/\/schema.org","@graph":[{"@type":"Article","@id":"http:\/\/www.reconoce.mx\/?p=59842#article","isPartOf":{"@id":"http:\/\/www.reconoce.mx\/?p=59842"},"author":{"name":"Reconoce MX","@id":"http:\/\/www.reconoce.mx\/#\/schema\/person\/2117e997d7051dc15d6880eaf9bca0b2"},"headline":"\u00abLa caba\u00f1a\u00bb, un reencuentro personal con la fe","datePublished":"2017-04-06T05:03:34+00:00","mainEntityOfPage":{"@id":"http:\/\/www.reconoce.mx\/?p=59842"},"wordCount":624,"commentCount":0,"publisher":{"@id":"http:\/\/www.reconoce.mx\/#organization"},"image":{"@id":"http:\/\/www.reconoce.mx\/?p=59842#primaryimage"},"thumbnailUrl":"http:\/\/www.reconoce.mx\/wp-content\/uploads\/2017\/04\/lacaba\u00f1a-1.png","articleSection":["Cine","Cultura","Principal"],"inLanguage":"es","potentialAction":[{"@type":"CommentAction","name":"Comment","target":["http:\/\/www.reconoce.mx\/?p=59842#respond"]}]},{"@type":"WebPage","@id":"http:\/\/www.reconoce.mx\/?p=59842","url":"http:\/\/www.reconoce.mx\/?p=59842","name":"\"La caba\u00f1a\", un reencuentro personal con la fe &#171; Reconoce MX","isPartOf":{"@id":"http:\/\/www.reconoce.mx\/#website"},"primaryImageOfPage":{"@id":"http:\/\/www.reconoce.mx\/?p=59842#primaryimage"},"image":{"@id":"http:\/\/www.reconoce.mx\/?p=59842#primaryimage"},"thumbnailUrl":"http:\/\/www.reconoce.mx\/wp-content\/uploads\/2017\/04\/lacaba\u00f1a-1.png","datePublished":"2017-04-06T05:03:34+00:00","breadcrumb":{"@id":"http:\/\/www.reconoce.mx\/?p=59842#breadcrumb"},"inLanguage":"es","potentialAction":[{"@type":"ReadAction","target":["http:\/\/www.reconoce.mx\/?p=59842"]}]},{"@type":"ImageObject","inLanguage":"es","@id":"http:\/\/www.reconoce.mx\/?p=59842#primaryimage","url":"http:\/\/www.reconoce.mx\/wp-content\/uploads\/2017\/04\/lacaba\u00f1a-1.png","contentUrl":"http:\/\/www.reconoce.mx\/wp-content\/uploads\/2017\/04\/lacaba\u00f1a-1.png","width":590,"height":380},{"@type":"BreadcrumbList","@id":"http:\/\/www.reconoce.mx\/?p=59842#breadcrumb","itemListElement":[{"@type":"ListItem","position":1,"name":"Portada","item":"http:\/\/www.reconoce.mx\/"},{"@type":"ListItem","position":2,"name":"\u00abLa caba\u00f1a\u00bb, un reencuentro personal con la fe"}]},{"@type":"WebSite","@id":"http:\/\/www.reconoce.mx\/#website","url":"http:\/\/www.reconoce.mx\/","name":"Reconoce MX","description":"En Reconoce MX difundimos arte, cultura y conciencia social en M\u00e9xico. Tu ciudad en otra perspectiva.","publisher":{"@id":"http:\/\/www.reconoce.mx\/#organization"},"potentialAction":[{"@type":"SearchAction","target":{"@type":"EntryPoint","urlTemplate":"http:\/\/www.reconoce.mx\/?s={search_term_string}"},"query-input":{"@type":"PropertyValueSpecification","valueRequired":true,"valueName":"search_term_string"}}],"inLanguage":"es"},{"@type":"Organization","@id":"http:\/\/www.reconoce.mx\/#organization","name":"Reconoce MX","url":"http:\/\/www.reconoce.mx\/","logo":{"@type":"ImageObject","inLanguage":"es","@id":"http:\/\/www.reconoce.mx\/#\/schema\/logo\/image\/","url":"https:\/\/www.reconoce.mx\/wp-content\/uploads\/2019\/03\/logorcmx-good-1.png","contentUrl":"https:\/\/www.reconoce.mx\/wp-content\/uploads\/2019\/03\/logorcmx-good-1.png","width":280,"height":90,"caption":"Reconoce MX"},"image":{"@id":"http:\/\/www.reconoce.mx\/#\/schema\/logo\/image\/"},"sameAs":["https:\/\/es-la.facebook.com\/ReconoceMX\/","https:\/\/x.com\/reconocemx","http:\/\/@reconocemx"]},{"@type":"Person","@id":"http:\/\/www.reconoce.mx\/#\/schema\/person\/2117e997d7051dc15d6880eaf9bca0b2","name":"Reconoce MX","image":{"@type":"ImageObject","inLanguage":"es","@id":"http:\/\/www.reconoce.mx\/#\/schema\/person\/image\/","url":"https:\/\/secure.gravatar.com\/avatar\/6c8d4dc7569ca1c90c5fdcc349f839d5ddef6fe1e70b4337ead2ef1a4c43fc3a?s=96&d=identicon&r=g","contentUrl":"https:\/\/secure.gravatar.com\/avatar\/6c8d4dc7569ca1c90c5fdcc349f839d5ddef6fe1e70b4337ead2ef1a4c43fc3a?s=96&d=identicon&r=g","caption":"Reconoce MX"},"description":"Reconoce MX es un proyecto de difusi\u00f3n art\u00edstica, cultural y de conciencia social que est\u00e1 enfocado a difundir y fomentar el entretenimiento alternativo de calidad para todo el p\u00fablico que comparta el mismo entusiasmo.","sameAs":["http:\/\/www.reconoce.mx"],"url":"http:\/\/www.reconoce.mx\/?author=2"}]}},"_links":{"self":[{"href":"http:\/\/www.reconoce.mx\/index.php?rest_route=\/wp\/v2\/posts\/59842","targetHints":{"allow":["GET"]}}],"collection":[{"href":"http:\/\/www.reconoce.mx\/index.php?rest_route=\/wp\/v2\/posts"}],"about":[{"href":"http:\/\/www.reconoce.mx\/index.php?rest_route=\/wp\/v2\/types\/post"}],"author":[{"embeddable":true,"href":"http:\/\/www.reconoce.mx\/index.php?rest_route=\/wp\/v2\/users\/2"}],"replies":[{"embeddable":true,"href":"http:\/\/www.reconoce.mx\/index.php?rest_route=%2Fwp%2Fv2%2Fcomments&post=59842"}],"version-history":[{"count":2,"href":"http:\/\/www.reconoce.mx\/index.php?rest_route=\/wp\/v2\/posts\/59842\/revisions"}],"predecessor-version":[{"id":59848,"href":"http:\/\/www.reconoce.mx\/index.php?rest_route=\/wp\/v2\/posts\/59842\/revisions\/59848"}],"wp:featuredmedia":[{"embeddable":true,"href":"http:\/\/www.reconoce.mx\/index.php?rest_route=\/wp\/v2\/media\/59843"}],"wp:attachment":[{"href":"http:\/\/www.reconoce.mx\/index.php?rest_route=%2Fwp%2Fv2%2Fmedia&parent=59842"}],"wp:term":[{"taxonomy":"category","embeddable":true,"href":"http:\/\/www.reconoce.mx\/index.php?rest_route=%2Fwp%2Fv2%2Fcategories&post=59842"},{"taxonomy":"post_tag","embeddable":true,"href":"http:\/\/www.reconoce.mx\/index.php?rest_route=%2Fwp%2Fv2%2Ftags&post=59842"}],"curies":[{"name":"wp","href":"https:\/\/api.w.org\/{rel}","templated":true}]}}