{"id":59849,"date":"2017-04-06T00:06:09","date_gmt":"2017-04-06T05:06:09","guid":{"rendered":"http:\/\/www.reconoce.mx\/?p=59849"},"modified":"2017-04-05T22:29:56","modified_gmt":"2017-04-06T03:29:56","slug":"animal-vertical-o-viaje-a-la-deriva-por-la-vida-misma","status":"publish","type":"post","link":"http:\/\/www.reconoce.mx\/?p=59849","title":{"rendered":"\u00abAnimal vertical\u00bb, o viaje a la deriva por la vida misma"},"content":{"rendered":"<p><strong>Por <a title=\"@AsfaltosTweets\" href=\"http:\/\/twitter.com\/AsfaltosTweets\" target=\"_blank\">Asfaltos<\/a><\/strong>.<\/p>\n<p>Llega a cines el d\u00eda de hoy \u00abAnimal vertical\u00bb, la m\u00e1s reciente cinta del franc\u00e9s <strong>Alain Guiraudie<\/strong>, director tambi\u00e9n de la reconocida \u00abExtra\u00f1o en el lago\u00bb. La pel\u00edcula, definitivamente el trabajo m\u00e1s \u00edntimo de los estrenos de este fin de semana, es un interesante ejercicio para aquellos que desean ver un cine diferente en la pantalla grande. Su apuesta, por cierto, resulta de buena manufactura, y seguramente provocar\u00e1 una serie de charlas posteriores.<\/p>\n<p><a href=\"http:\/\/www.reconoce.mx\/wp-content\/uploads\/2017\/04\/animalvertical-poster.png\"><img loading=\"lazy\" decoding=\"async\" class=\"aligncenter size-full wp-image-59853\" src=\"http:\/\/www.reconoce.mx\/wp-content\/uploads\/2017\/04\/animalvertical-poster.png\" alt=\"\" width=\"720\" height=\"1028\" srcset=\"http:\/\/www.reconoce.mx\/wp-content\/uploads\/2017\/04\/animalvertical-poster.png 720w, http:\/\/www.reconoce.mx\/wp-content\/uploads\/2017\/04\/animalvertical-poster-210x300.png 210w, http:\/\/www.reconoce.mx\/wp-content\/uploads\/2017\/04\/animalvertical-poster-717x1024.png 717w, http:\/\/www.reconoce.mx\/wp-content\/uploads\/2017\/04\/animalvertical-poster-150x214.png 150w, http:\/\/www.reconoce.mx\/wp-content\/uploads\/2017\/04\/animalvertical-poster-700x999.png 700w, http:\/\/www.reconoce.mx\/wp-content\/uploads\/2017\/04\/animalvertical-poster-658x939.png 658w, http:\/\/www.reconoce.mx\/wp-content\/uploads\/2017\/04\/animalvertical-poster-300x428.png 300w\" sizes=\"auto, (max-width: 720px) 100vw, 720px\" \/><\/a><\/p>\n<p>Todo empieza en una carretera, desde el punto de vista de Leo (<strong>Damien Bonnard<\/strong>), quien en apariencia va en b\u00fasqueda de algo que no tiene cierto qu\u00e9 es. Sabemos poco de \u00e9l. Que es un guionista, que vive al d\u00eda, que se siente solitario. Al poco tiempo de su viaje se topa con un joven; le pregunta si se quiere dedicar al cine, que tiene una linda cara, y se va. S\u00ed, Leo est\u00e1 en b\u00fasqueda de algo, pero al igual que nosotros, no sabe qu\u00e9 es.<\/p>\n<p>La pel\u00edcula transcurre de manera pausada, sin prisas, pero no con pocas sorpresas. Leo llega as\u00ed a una planicie, un campo abierto donde se encuentra con Marie (<strong>India Hair<\/strong>), quien ejerce de pastora; cuida a las ovejas, las protege de los lobos, algo que tambi\u00e9n, al parecer, el propio Leo tambi\u00e9n busca. A los pocos minutos ambos se encuentran en pleno morreo, y despu\u00e9s, Leo es presentado en la casa de ella.<\/p>\n<p><a href=\"http:\/\/www.reconoce.mx\/wp-content\/uploads\/2017\/04\/animalvertical-2.png\"><img loading=\"lazy\" decoding=\"async\" class=\"aligncenter size-full wp-image-59851\" src=\"http:\/\/www.reconoce.mx\/wp-content\/uploads\/2017\/04\/animalvertical-2.png\" alt=\"\" width=\"590\" height=\"380\" srcset=\"http:\/\/www.reconoce.mx\/wp-content\/uploads\/2017\/04\/animalvertical-2.png 590w, http:\/\/www.reconoce.mx\/wp-content\/uploads\/2017\/04\/animalvertical-2-300x193.png 300w, http:\/\/www.reconoce.mx\/wp-content\/uploads\/2017\/04\/animalvertical-2-150x97.png 150w\" sizes=\"auto, (max-width: 590px) 100vw, 590px\" \/><\/a><\/p>\n<p>La historia pareciera moverse en una especie de realismo m\u00e1gico, en donde no hay claridad, ni tampoco resulta necesaria. Los hechos se van sucediendo unos a otros, y si bien al final se van conectando, tampoco es necesario romperse la cabeza busc\u00e1ndoles una explicaci\u00f3n. Para un servidor todo se remite a algo muy sencillo: la complejidad misma de la vida que se va sucediendo.<\/p>\n<p><strong>Damien Bonnard<\/strong> en su papel de Leo resulta cr\u00edptico, misterioso y real. Es dif\u00edcil no conectarse con \u00e9l, pues todos, en alg\u00fan momento, nos hemos sentido un poco a la deriva como \u00e9l. Para Leo, sin embargo, la deriva no termina mas que por llevarle hacia una tormenta que \u00e9l mismo tendr\u00e1 que superar, o no. El resultado en realidad poco importa, es mas bien la traves\u00eda la que terminar\u00e1 por adentrarnos en una cinta donde las reflexiones e interpretaciones son muchas.<\/p>\n<p><a href=\"http:\/\/www.reconoce.mx\/wp-content\/uploads\/2017\/04\/animalvertical-3.png\"><img loading=\"lazy\" decoding=\"async\" class=\"aligncenter size-full wp-image-59852\" src=\"http:\/\/www.reconoce.mx\/wp-content\/uploads\/2017\/04\/animalvertical-3.png\" alt=\"\" width=\"590\" height=\"380\" srcset=\"http:\/\/www.reconoce.mx\/wp-content\/uploads\/2017\/04\/animalvertical-3.png 590w, http:\/\/www.reconoce.mx\/wp-content\/uploads\/2017\/04\/animalvertical-3-300x193.png 300w, http:\/\/www.reconoce.mx\/wp-content\/uploads\/2017\/04\/animalvertical-3-150x97.png 150w\" sizes=\"auto, (max-width: 590px) 100vw, 590px\" \/><\/a><\/p>\n<p>Entre los temas est\u00e1 evidentemente ese sentimiento de poca certeza sobre el futuro que tan bien ejemplifica Leo, pero tambi\u00e9n, y como es ya un sello en el cine de Guiraudie, el asunto de la sexualidad. La depresi\u00f3n, el abandono, las dudas de la juventud y los miedos de la vejez, hasta la propia muerte asistida, son temas que se van entrelazando en una cinta que a su modo nos va acumulando un mont\u00f3n de historias y de detalles que como ya coment\u00e9, no hacen mas que provocar una charla posterior de verdadero lujo.<\/p>\n<p>Acostumbrados normalmente a un cine que nos lleva pr\u00e1cticamente de la mano para indicarnos el camino del punto A al punto B, siendo \u00e9sto el camino de c\u00f3mo nos tenemos que sentir sobre lo visto, \u00abAnimal vertical\u00bb resulta un trabajo refrescante e \u00edntimo de una serie de pensamientos que <strong>Alain Guiraudie<\/strong> logra plasmar con elegancia y a su manera. Al final no es mas que la mirada muy particular del director que con esta pel\u00edcula logra sacarnos de nuestra zona de confort para plantearnos algo tan sencillo y complejo como la vida misma.<\/p>\n<style>.embed-container { position: relative; padding-bottom: 56.25%; height: 0; overflow: hidden; max-width: 100%; } .embed-container iframe, .embed-container object, .embed-container embed { position: absolute; top: 0; left: 0; width: 100%; height: 100%; }<\/style>\n<div class=\"embed-container\"><iframe loading=\"lazy\" src=\"https:\/\/www.youtube.com\/embed\/5pl_aFBTt1w\" width=\"300\" height=\"150\" frameborder=\"0\" allowfullscreen=\"allowfullscreen\"><\/iframe><\/div>\n<p>\u00abAnimal vertical\u00bb de <strong>Alain Guiraudie<\/strong> estrena hoy jueves 6 de abril bajo el sello de <strong>:ND Mantarraya<\/strong>. Si a m\u00ed me preguntan, la recomendaci\u00f3n cin\u00e9fila del fin de semana.<\/p>\n<p style=\"text-align: right;\">Con im\u00e1genes cortes\u00eda de <strong>:ND Mantarraya<\/strong>.<\/p>\n<p>&nbsp;<\/p>\n<p>&nbsp;<\/p>\n","protected":false},"excerpt":{"rendered":"<p>Llega a cines el d\u00eda de hoy \u00abAnimal vertical\u00bb, la m\u00e1s reciente cinta del franc\u00e9s Alain Guiraudie, director tambi\u00e9n de la reconocida \u00abExtra\u00f1o en el lago\u00bb. <\/p>\n","protected":false},"author":2,"featured_media":59850,"comment_status":"open","ping_status":"open","sticky":false,"template":"","format":"standard","meta":{"footnotes":""},"categories":[24,1,17],"tags":[],"class_list":["post-59849","post","type-post","status-publish","format-standard","has-post-thumbnail","hentry","category-cine","category-cultura","category-principal"],"yoast_head":"<!-- This site is optimized with the Yoast SEO plugin v24.7 - https:\/\/yoast.com\/wordpress\/plugins\/seo\/ -->\n<title>&quot;Animal vertical&quot;, o viaje a la deriva por la vida misma &#171; Reconoce MX<\/title>\n<meta name=\"robots\" content=\"index, follow, max-snippet:-1, max-image-preview:large, max-video-preview:-1\" \/>\n<link rel=\"canonical\" href=\"http:\/\/www.reconoce.mx\/?p=59849\" \/>\n<meta property=\"og:locale\" content=\"es_ES\" \/>\n<meta property=\"og:type\" content=\"article\" \/>\n<meta property=\"og:title\" content=\"&quot;Animal vertical&quot;, o viaje a la deriva por la vida misma &#171; Reconoce MX\" \/>\n<meta property=\"og:description\" content=\"Llega a cines el d\u00eda de hoy &quot;Animal vertical&quot;, la m\u00e1s reciente cinta del franc\u00e9s Alain Guiraudie, director tambi\u00e9n de la reconocida &quot;Extra\u00f1o en el lago&quot;.\" \/>\n<meta property=\"og:url\" content=\"http:\/\/www.reconoce.mx\/?p=59849\" \/>\n<meta property=\"og:site_name\" content=\"Reconoce MX\" \/>\n<meta property=\"article:publisher\" content=\"https:\/\/es-la.facebook.com\/ReconoceMX\/\" \/>\n<meta property=\"article:published_time\" content=\"2017-04-06T05:06:09+00:00\" \/>\n<meta property=\"og:image\" content=\"http:\/\/www.reconoce.mx\/wp-content\/uploads\/2017\/04\/animalvertical-1.png\" \/>\n\t<meta property=\"og:image:width\" content=\"590\" \/>\n\t<meta property=\"og:image:height\" content=\"380\" \/>\n\t<meta property=\"og:image:type\" content=\"image\/png\" \/>\n<meta name=\"author\" content=\"Reconoce MX\" \/>\n<meta name=\"twitter:card\" content=\"summary_large_image\" \/>\n<meta name=\"twitter:creator\" content=\"@reconocemx\" \/>\n<meta name=\"twitter:site\" content=\"@reconocemx\" \/>\n<meta name=\"twitter:label1\" content=\"Escrito por\" \/>\n\t<meta name=\"twitter:data1\" content=\"Reconoce MX\" \/>\n\t<meta name=\"twitter:label2\" content=\"Tiempo de lectura\" \/>\n\t<meta name=\"twitter:data2\" content=\"3 minutos\" \/>\n<script type=\"application\/ld+json\" class=\"yoast-schema-graph\">{\"@context\":\"https:\/\/schema.org\",\"@graph\":[{\"@type\":\"Article\",\"@id\":\"http:\/\/www.reconoce.mx\/?p=59849#article\",\"isPartOf\":{\"@id\":\"http:\/\/www.reconoce.mx\/?p=59849\"},\"author\":{\"name\":\"Reconoce MX\",\"@id\":\"http:\/\/www.reconoce.mx\/#\/schema\/person\/2117e997d7051dc15d6880eaf9bca0b2\"},\"headline\":\"\u00abAnimal vertical\u00bb, o viaje a la deriva por la vida misma\",\"datePublished\":\"2017-04-06T05:06:09+00:00\",\"mainEntityOfPage\":{\"@id\":\"http:\/\/www.reconoce.mx\/?p=59849\"},\"wordCount\":645,\"commentCount\":0,\"publisher\":{\"@id\":\"http:\/\/www.reconoce.mx\/#organization\"},\"image\":{\"@id\":\"http:\/\/www.reconoce.mx\/?p=59849#primaryimage\"},\"thumbnailUrl\":\"http:\/\/www.reconoce.mx\/wp-content\/uploads\/2017\/04\/animalvertical-1.png\",\"articleSection\":[\"Cine\",\"Cultura\",\"Principal\"],\"inLanguage\":\"es\",\"potentialAction\":[{\"@type\":\"CommentAction\",\"name\":\"Comment\",\"target\":[\"http:\/\/www.reconoce.mx\/?p=59849#respond\"]}]},{\"@type\":\"WebPage\",\"@id\":\"http:\/\/www.reconoce.mx\/?p=59849\",\"url\":\"http:\/\/www.reconoce.mx\/?p=59849\",\"name\":\"\\\"Animal vertical\\\", o viaje a la deriva por la vida misma &#171; Reconoce MX\",\"isPartOf\":{\"@id\":\"http:\/\/www.reconoce.mx\/#website\"},\"primaryImageOfPage\":{\"@id\":\"http:\/\/www.reconoce.mx\/?p=59849#primaryimage\"},\"image\":{\"@id\":\"http:\/\/www.reconoce.mx\/?p=59849#primaryimage\"},\"thumbnailUrl\":\"http:\/\/www.reconoce.mx\/wp-content\/uploads\/2017\/04\/animalvertical-1.png\",\"datePublished\":\"2017-04-06T05:06:09+00:00\",\"breadcrumb\":{\"@id\":\"http:\/\/www.reconoce.mx\/?p=59849#breadcrumb\"},\"inLanguage\":\"es\",\"potentialAction\":[{\"@type\":\"ReadAction\",\"target\":[\"http:\/\/www.reconoce.mx\/?p=59849\"]}]},{\"@type\":\"ImageObject\",\"inLanguage\":\"es\",\"@id\":\"http:\/\/www.reconoce.mx\/?p=59849#primaryimage\",\"url\":\"http:\/\/www.reconoce.mx\/wp-content\/uploads\/2017\/04\/animalvertical-1.png\",\"contentUrl\":\"http:\/\/www.reconoce.mx\/wp-content\/uploads\/2017\/04\/animalvertical-1.png\",\"width\":590,\"height\":380},{\"@type\":\"BreadcrumbList\",\"@id\":\"http:\/\/www.reconoce.mx\/?p=59849#breadcrumb\",\"itemListElement\":[{\"@type\":\"ListItem\",\"position\":1,\"name\":\"Portada\",\"item\":\"http:\/\/www.reconoce.mx\/\"},{\"@type\":\"ListItem\",\"position\":2,\"name\":\"\u00abAnimal vertical\u00bb, o viaje a la deriva por la vida misma\"}]},{\"@type\":\"WebSite\",\"@id\":\"http:\/\/www.reconoce.mx\/#website\",\"url\":\"http:\/\/www.reconoce.mx\/\",\"name\":\"Reconoce MX\",\"description\":\"En Reconoce MX difundimos arte, cultura y conciencia social en M\u00e9xico. Tu ciudad en otra perspectiva.\",\"publisher\":{\"@id\":\"http:\/\/www.reconoce.mx\/#organization\"},\"potentialAction\":[{\"@type\":\"SearchAction\",\"target\":{\"@type\":\"EntryPoint\",\"urlTemplate\":\"http:\/\/www.reconoce.mx\/?s={search_term_string}\"},\"query-input\":{\"@type\":\"PropertyValueSpecification\",\"valueRequired\":true,\"valueName\":\"search_term_string\"}}],\"inLanguage\":\"es\"},{\"@type\":\"Organization\",\"@id\":\"http:\/\/www.reconoce.mx\/#organization\",\"name\":\"Reconoce MX\",\"url\":\"http:\/\/www.reconoce.mx\/\",\"logo\":{\"@type\":\"ImageObject\",\"inLanguage\":\"es\",\"@id\":\"http:\/\/www.reconoce.mx\/#\/schema\/logo\/image\/\",\"url\":\"https:\/\/www.reconoce.mx\/wp-content\/uploads\/2019\/03\/logorcmx-good-1.png\",\"contentUrl\":\"https:\/\/www.reconoce.mx\/wp-content\/uploads\/2019\/03\/logorcmx-good-1.png\",\"width\":280,\"height\":90,\"caption\":\"Reconoce MX\"},\"image\":{\"@id\":\"http:\/\/www.reconoce.mx\/#\/schema\/logo\/image\/\"},\"sameAs\":[\"https:\/\/es-la.facebook.com\/ReconoceMX\/\",\"https:\/\/x.com\/reconocemx\",\"http:\/\/@reconocemx\"]},{\"@type\":\"Person\",\"@id\":\"http:\/\/www.reconoce.mx\/#\/schema\/person\/2117e997d7051dc15d6880eaf9bca0b2\",\"name\":\"Reconoce MX\",\"image\":{\"@type\":\"ImageObject\",\"inLanguage\":\"es\",\"@id\":\"http:\/\/www.reconoce.mx\/#\/schema\/person\/image\/\",\"url\":\"https:\/\/secure.gravatar.com\/avatar\/6c8d4dc7569ca1c90c5fdcc349f839d5ddef6fe1e70b4337ead2ef1a4c43fc3a?s=96&d=identicon&r=g\",\"contentUrl\":\"https:\/\/secure.gravatar.com\/avatar\/6c8d4dc7569ca1c90c5fdcc349f839d5ddef6fe1e70b4337ead2ef1a4c43fc3a?s=96&d=identicon&r=g\",\"caption\":\"Reconoce MX\"},\"description\":\"Reconoce MX es un proyecto de difusi\u00f3n art\u00edstica, cultural y de conciencia social que est\u00e1 enfocado a difundir y fomentar el entretenimiento alternativo de calidad para todo el p\u00fablico que comparta el mismo entusiasmo.\",\"sameAs\":[\"http:\/\/www.reconoce.mx\"],\"url\":\"http:\/\/www.reconoce.mx\/?author=2\"}]}<\/script>\n<!-- \/ Yoast SEO plugin. -->","yoast_head_json":{"title":"\"Animal vertical\", o viaje a la deriva por la vida misma &#171; Reconoce MX","robots":{"index":"index","follow":"follow","max-snippet":"max-snippet:-1","max-image-preview":"max-image-preview:large","max-video-preview":"max-video-preview:-1"},"canonical":"http:\/\/www.reconoce.mx\/?p=59849","og_locale":"es_ES","og_type":"article","og_title":"\"Animal vertical\", o viaje a la deriva por la vida misma &#171; Reconoce MX","og_description":"Llega a cines el d\u00eda de hoy \"Animal vertical\", la m\u00e1s reciente cinta del franc\u00e9s Alain Guiraudie, director tambi\u00e9n de la reconocida \"Extra\u00f1o en el lago\".","og_url":"http:\/\/www.reconoce.mx\/?p=59849","og_site_name":"Reconoce MX","article_publisher":"https:\/\/es-la.facebook.com\/ReconoceMX\/","article_published_time":"2017-04-06T05:06:09+00:00","og_image":[{"width":590,"height":380,"url":"http:\/\/www.reconoce.mx\/wp-content\/uploads\/2017\/04\/animalvertical-1.png","type":"image\/png"}],"author":"Reconoce MX","twitter_card":"summary_large_image","twitter_creator":"@reconocemx","twitter_site":"@reconocemx","twitter_misc":{"Escrito por":"Reconoce MX","Tiempo de lectura":"3 minutos"},"schema":{"@context":"https:\/\/schema.org","@graph":[{"@type":"Article","@id":"http:\/\/www.reconoce.mx\/?p=59849#article","isPartOf":{"@id":"http:\/\/www.reconoce.mx\/?p=59849"},"author":{"name":"Reconoce MX","@id":"http:\/\/www.reconoce.mx\/#\/schema\/person\/2117e997d7051dc15d6880eaf9bca0b2"},"headline":"\u00abAnimal vertical\u00bb, o viaje a la deriva por la vida misma","datePublished":"2017-04-06T05:06:09+00:00","mainEntityOfPage":{"@id":"http:\/\/www.reconoce.mx\/?p=59849"},"wordCount":645,"commentCount":0,"publisher":{"@id":"http:\/\/www.reconoce.mx\/#organization"},"image":{"@id":"http:\/\/www.reconoce.mx\/?p=59849#primaryimage"},"thumbnailUrl":"http:\/\/www.reconoce.mx\/wp-content\/uploads\/2017\/04\/animalvertical-1.png","articleSection":["Cine","Cultura","Principal"],"inLanguage":"es","potentialAction":[{"@type":"CommentAction","name":"Comment","target":["http:\/\/www.reconoce.mx\/?p=59849#respond"]}]},{"@type":"WebPage","@id":"http:\/\/www.reconoce.mx\/?p=59849","url":"http:\/\/www.reconoce.mx\/?p=59849","name":"\"Animal vertical\", o viaje a la deriva por la vida misma &#171; Reconoce MX","isPartOf":{"@id":"http:\/\/www.reconoce.mx\/#website"},"primaryImageOfPage":{"@id":"http:\/\/www.reconoce.mx\/?p=59849#primaryimage"},"image":{"@id":"http:\/\/www.reconoce.mx\/?p=59849#primaryimage"},"thumbnailUrl":"http:\/\/www.reconoce.mx\/wp-content\/uploads\/2017\/04\/animalvertical-1.png","datePublished":"2017-04-06T05:06:09+00:00","breadcrumb":{"@id":"http:\/\/www.reconoce.mx\/?p=59849#breadcrumb"},"inLanguage":"es","potentialAction":[{"@type":"ReadAction","target":["http:\/\/www.reconoce.mx\/?p=59849"]}]},{"@type":"ImageObject","inLanguage":"es","@id":"http:\/\/www.reconoce.mx\/?p=59849#primaryimage","url":"http:\/\/www.reconoce.mx\/wp-content\/uploads\/2017\/04\/animalvertical-1.png","contentUrl":"http:\/\/www.reconoce.mx\/wp-content\/uploads\/2017\/04\/animalvertical-1.png","width":590,"height":380},{"@type":"BreadcrumbList","@id":"http:\/\/www.reconoce.mx\/?p=59849#breadcrumb","itemListElement":[{"@type":"ListItem","position":1,"name":"Portada","item":"http:\/\/www.reconoce.mx\/"},{"@type":"ListItem","position":2,"name":"\u00abAnimal vertical\u00bb, o viaje a la deriva por la vida misma"}]},{"@type":"WebSite","@id":"http:\/\/www.reconoce.mx\/#website","url":"http:\/\/www.reconoce.mx\/","name":"Reconoce MX","description":"En Reconoce MX difundimos arte, cultura y conciencia social en M\u00e9xico. Tu ciudad en otra perspectiva.","publisher":{"@id":"http:\/\/www.reconoce.mx\/#organization"},"potentialAction":[{"@type":"SearchAction","target":{"@type":"EntryPoint","urlTemplate":"http:\/\/www.reconoce.mx\/?s={search_term_string}"},"query-input":{"@type":"PropertyValueSpecification","valueRequired":true,"valueName":"search_term_string"}}],"inLanguage":"es"},{"@type":"Organization","@id":"http:\/\/www.reconoce.mx\/#organization","name":"Reconoce MX","url":"http:\/\/www.reconoce.mx\/","logo":{"@type":"ImageObject","inLanguage":"es","@id":"http:\/\/www.reconoce.mx\/#\/schema\/logo\/image\/","url":"https:\/\/www.reconoce.mx\/wp-content\/uploads\/2019\/03\/logorcmx-good-1.png","contentUrl":"https:\/\/www.reconoce.mx\/wp-content\/uploads\/2019\/03\/logorcmx-good-1.png","width":280,"height":90,"caption":"Reconoce MX"},"image":{"@id":"http:\/\/www.reconoce.mx\/#\/schema\/logo\/image\/"},"sameAs":["https:\/\/es-la.facebook.com\/ReconoceMX\/","https:\/\/x.com\/reconocemx","http:\/\/@reconocemx"]},{"@type":"Person","@id":"http:\/\/www.reconoce.mx\/#\/schema\/person\/2117e997d7051dc15d6880eaf9bca0b2","name":"Reconoce MX","image":{"@type":"ImageObject","inLanguage":"es","@id":"http:\/\/www.reconoce.mx\/#\/schema\/person\/image\/","url":"https:\/\/secure.gravatar.com\/avatar\/6c8d4dc7569ca1c90c5fdcc349f839d5ddef6fe1e70b4337ead2ef1a4c43fc3a?s=96&d=identicon&r=g","contentUrl":"https:\/\/secure.gravatar.com\/avatar\/6c8d4dc7569ca1c90c5fdcc349f839d5ddef6fe1e70b4337ead2ef1a4c43fc3a?s=96&d=identicon&r=g","caption":"Reconoce MX"},"description":"Reconoce MX es un proyecto de difusi\u00f3n art\u00edstica, cultural y de conciencia social que est\u00e1 enfocado a difundir y fomentar el entretenimiento alternativo de calidad para todo el p\u00fablico que comparta el mismo entusiasmo.","sameAs":["http:\/\/www.reconoce.mx"],"url":"http:\/\/www.reconoce.mx\/?author=2"}]}},"_links":{"self":[{"href":"http:\/\/www.reconoce.mx\/index.php?rest_route=\/wp\/v2\/posts\/59849","targetHints":{"allow":["GET"]}}],"collection":[{"href":"http:\/\/www.reconoce.mx\/index.php?rest_route=\/wp\/v2\/posts"}],"about":[{"href":"http:\/\/www.reconoce.mx\/index.php?rest_route=\/wp\/v2\/types\/post"}],"author":[{"embeddable":true,"href":"http:\/\/www.reconoce.mx\/index.php?rest_route=\/wp\/v2\/users\/2"}],"replies":[{"embeddable":true,"href":"http:\/\/www.reconoce.mx\/index.php?rest_route=%2Fwp%2Fv2%2Fcomments&post=59849"}],"version-history":[{"count":2,"href":"http:\/\/www.reconoce.mx\/index.php?rest_route=\/wp\/v2\/posts\/59849\/revisions"}],"predecessor-version":[{"id":59855,"href":"http:\/\/www.reconoce.mx\/index.php?rest_route=\/wp\/v2\/posts\/59849\/revisions\/59855"}],"wp:featuredmedia":[{"embeddable":true,"href":"http:\/\/www.reconoce.mx\/index.php?rest_route=\/wp\/v2\/media\/59850"}],"wp:attachment":[{"href":"http:\/\/www.reconoce.mx\/index.php?rest_route=%2Fwp%2Fv2%2Fmedia&parent=59849"}],"wp:term":[{"taxonomy":"category","embeddable":true,"href":"http:\/\/www.reconoce.mx\/index.php?rest_route=%2Fwp%2Fv2%2Fcategories&post=59849"},{"taxonomy":"post_tag","embeddable":true,"href":"http:\/\/www.reconoce.mx\/index.php?rest_route=%2Fwp%2Fv2%2Ftags&post=59849"}],"curies":[{"name":"wp","href":"https:\/\/api.w.org\/{rel}","templated":true}]}}