{"id":59856,"date":"2017-04-07T00:06:15","date_gmt":"2017-04-07T05:06:15","guid":{"rendered":"http:\/\/www.reconoce.mx\/?p=59856"},"modified":"2017-04-06T23:03:34","modified_gmt":"2017-04-07T04:03:34","slug":"la-realidad-del-periodismo-en-mexico","status":"publish","type":"post","link":"http:\/\/www.reconoce.mx\/?p=59856","title":{"rendered":"La realidad del periodismo en M\u00e9xico"},"content":{"rendered":"<p><strong>Por <a title=\"@danielhiga_al\" href=\"https:\/\/twitter.com\/danielhiga_al\" target=\"_blank\">Daniel Higa Alquicira<\/a><\/strong>.<\/p>\n<p>Marzo fue un mes sangriento para el periodismo mexicano: con los casos de <strong>Cecilio Pineda Birto<\/strong>, periodista asesinado en Guerrero el 2 de marzo; <strong>Ricardo Monlui<\/strong>, periodista asesinado en Veracruz el 5 de marzo; y <strong>Miroslava Breach<\/strong>, periodista asesinada en Chihuahua el 23 de marzo.<\/p>\n<p>A esto hay que sumarle los ataques de <strong>Julio Omar G\u00f3mez<\/strong>, reportero de la p\u00e1gina web <strong>911 Noticias<\/strong>, en Baja California; y de <strong>Armando Arrieta Granados<\/strong>, jefe de redacci\u00f3n del diario <strong>La Opini\u00f3n<\/strong>, editado en Poza Rica, y catedr\u00e1tico de la Universidad Veracruzana.<\/p>\n<p>A estos hechos sangrientos, hay que agregarles un ataque a la conciencia y a la labor que realizan miles de hombres y mujeres que a diario se juegan la vida por dar a conocer los hechos, con salarios de miseria pero con una dignidad que admiro.<\/p>\n<p>Me refiero al <strong>Premio Nacional de Periodismo<\/strong>, otorgado por el <strong>Club de Periodistas<\/strong> a <strong>Esteban Arce<\/strong>, en la categor\u00eda de \u201cPrograma Especializado\u201d en contenido de \u201corientaci\u00f3n familiar\u201d por la emisi\u00f3n de su programa \u201cMatutino Express\u201d.<\/p>\n<p>Y retom\u00f3 la pregunta que se hace la periodista <strong>Sanjuana Mart\u00ednez<\/strong>: \u00bfDe verdad ustedes creen que <strong>Esteban Arce<\/strong> es periodista? Y agrego: \u00bfVale m\u00e1s su \u201csistemas y valores familiares\u201d \u2013como \u00e9l define su labor\u2013 que la vida de cientos de periodistas \u2013ellos s\u00ed, periodistas\u2013 muertos en M\u00e9xico?<\/p>\n<p>Seg\u00fan cifras de la organizaci\u00f3n <strong>Art\u00edculo 19<\/strong>, en 2016 se registraron 426 agresiones contra la prensa en M\u00e9xico, 7% m\u00e1s que el a\u00f1o anterior, incluidos 11 asesinatos.<\/p>\n<p>Para la <strong>Sociedad Interamericana de Prensa<\/strong> (SIP), M\u00e9xico es el pa\u00eds con m\u00e1s periodistas muertos en Am\u00e9rica Latina en los \u00faltimos cinco meses con 13 asesinatos, y existe una injerencia directa del narcotr\u00e1fico y el crimen organizado en \u201clos contenidos editoriales de los diarios y los medios\u201d, se\u00f1ala esta organizaci\u00f3n.<\/p>\n<p>Adem\u00e1s, la autocensura originada por los ataques directos en contra de los medios de comunicaci\u00f3n ha provocado \u201cfrentes noticiosos abandonados, pese a su inter\u00e9s p\u00fablico\u201d, dice la <strong>SIP<\/strong>.<\/p>\n<p>Apenas el pasado 3 de abril, el peri\u00f3dico <strong>El Norte<\/strong> de Ciudad Ju\u00e1rez anunci\u00f3 su cierre definitivo debido a que \u2018\u2018no existen las garant\u00edas ni la seguridad para ejercer el periodismo cr\u00edtico, de contrapeso\u2019\u2019, asegur\u00f3 su fundador, <strong>\u00d3scar Cant\u00fa Murgu\u00eda<\/strong>.<\/p>\n<p>\u00bfY con este escenario tan oscuro para el periodismo y los periodistas, el <strong>Club de Periodistas<\/strong> le otorga un premio nacional \u2013y en este caso lo escribo con min\u00fasculas porque no se merece las may\u00fasculas\u2013 a <strong>Esteban Arce<\/strong>? \u00bfDe verdad cree que educa a las familias?<\/p>\n<p>Tal vez las palabras de <strong>Sanjuana Mart\u00ednez<\/strong> rayen en los extremos, pero defini\u00f3 la labor de este tipo de \u201cperiodistas\u201d como \u201ctodo aquel que reporta un hecho noticioso, aunque sea un c\u00f3mico, un payaso, un buf\u00f3n o un hom\u00f3fono declarado\u201d.<\/p>\n<p>Pero la numeraria roja contin\u00faa, no crean que esto es todo. Seg\u00fan la<strong> Fiscal\u00eda para la Atenci\u00f3n de Delitos Cometidos contra la Libertad de Expresi\u00f3n<\/strong> (FEADLE), de julio de 2010 al 31 de diciembre de 2016 se registraron 798 denuncias por agresiones contra periodistas.<\/p>\n<p>De \u00e9stas, 47 fueron por asesinatos y solo se tiene registro de tres sentencias condenatorias: una, en el a\u00f1o 2012; y otras dos en 2016, lo que representa que el 99.7% de los casos han quedado impunes, tal como lo se\u00f1ala <strong>Animal Pol\u00edtico<\/strong>.<\/p>\n<p>Bajo este escenario, sin duda la labor de <strong>Estaban Arce<\/strong> y la honorable evaluaci\u00f3n que hicieron de \u00e9l los jueces del <strong>Club de Periodistas<\/strong>, nos da un respiro ante tanta oscuridad.<\/p>\n<p>Es una manera de sentirse tranquilos y seguros y es una esperanza para todos aquellos que quieran realizar un trabajo de trascendencia social, de que lo pueden hacer y aparte ser\u00e1n premiados si siguen ese \u201csistema y valores familiares\u201d.<\/p>\n<p>As\u00ed las cosas con la labor y la importancia del trabajo del periodista en M\u00e9xico.<\/p>\n<p style=\"text-align: right;\">Foto: <strong>Cruz Ruiz<\/strong>.<\/p>\n<p>&nbsp;<\/p>\n<p>&nbsp;<\/p>\n","protected":false},"excerpt":{"rendered":"<p>Marzo fue un mes sangriento para el periodismo mexicano: con los casos de Cecilio Pineda Birto, periodista asesinado en Guerrero el 2 de marzo; Ricardo Monlui, periodista asesinado en Veracruz el 5 de marzo; y Miroslava Breach, periodista asesinada en Chihuahua el 23 de marzo.<\/p>\n","protected":false},"author":2,"featured_media":59859,"comment_status":"open","ping_status":"open","sticky":false,"template":"","format":"standard","meta":{"footnotes":""},"categories":[43,275,17],"tags":[],"class_list":["post-59856","post","type-post","status-publish","format-standard","has-post-thumbnail","hentry","category-conciencia","category-derechos-humanos","category-principal"],"yoast_head":"<!-- This site is optimized with the Yoast SEO plugin v24.7 - https:\/\/yoast.com\/wordpress\/plugins\/seo\/ -->\n<title>La realidad del periodismo en M\u00e9xico &#171; Reconoce MX<\/title>\n<meta name=\"robots\" content=\"index, follow, max-snippet:-1, max-image-preview:large, max-video-preview:-1\" \/>\n<link rel=\"canonical\" href=\"http:\/\/www.reconoce.mx\/?p=59856\" \/>\n<meta property=\"og:locale\" content=\"es_ES\" \/>\n<meta property=\"og:type\" content=\"article\" \/>\n<meta property=\"og:title\" content=\"La realidad del periodismo en M\u00e9xico &#171; Reconoce MX\" \/>\n<meta property=\"og:description\" content=\"Marzo fue un mes sangriento para el periodismo mexicano: con los casos de Cecilio Pineda Birto, periodista asesinado en Guerrero el 2 de marzo; Ricardo Monlui, periodista asesinado en Veracruz el 5 de marzo; y Miroslava Breach, periodista asesinada en Chihuahua el 23 de marzo.\" \/>\n<meta property=\"og:url\" content=\"http:\/\/www.reconoce.mx\/?p=59856\" \/>\n<meta property=\"og:site_name\" content=\"Reconoce MX\" \/>\n<meta property=\"article:publisher\" content=\"https:\/\/es-la.facebook.com\/ReconoceMX\/\" \/>\n<meta property=\"article:published_time\" content=\"2017-04-07T05:06:15+00:00\" \/>\n<meta property=\"og:image\" content=\"http:\/\/www.reconoce.mx\/wp-content\/uploads\/2017\/04\/panteon.png\" \/>\n\t<meta property=\"og:image:width\" content=\"590\" \/>\n\t<meta property=\"og:image:height\" content=\"380\" \/>\n\t<meta property=\"og:image:type\" content=\"image\/png\" \/>\n<meta name=\"author\" content=\"Reconoce MX\" \/>\n<meta name=\"twitter:card\" content=\"summary_large_image\" \/>\n<meta name=\"twitter:creator\" content=\"@reconocemx\" \/>\n<meta name=\"twitter:site\" content=\"@reconocemx\" \/>\n<meta name=\"twitter:label1\" content=\"Escrito por\" \/>\n\t<meta name=\"twitter:data1\" content=\"Reconoce MX\" \/>\n\t<meta name=\"twitter:label2\" content=\"Tiempo de lectura\" \/>\n\t<meta name=\"twitter:data2\" content=\"3 minutos\" \/>\n<script type=\"application\/ld+json\" class=\"yoast-schema-graph\">{\"@context\":\"https:\/\/schema.org\",\"@graph\":[{\"@type\":\"Article\",\"@id\":\"http:\/\/www.reconoce.mx\/?p=59856#article\",\"isPartOf\":{\"@id\":\"http:\/\/www.reconoce.mx\/?p=59856\"},\"author\":{\"name\":\"Reconoce MX\",\"@id\":\"http:\/\/www.reconoce.mx\/#\/schema\/person\/2117e997d7051dc15d6880eaf9bca0b2\"},\"headline\":\"La realidad del periodismo en M\u00e9xico\",\"datePublished\":\"2017-04-07T05:06:15+00:00\",\"mainEntityOfPage\":{\"@id\":\"http:\/\/www.reconoce.mx\/?p=59856\"},\"wordCount\":666,\"commentCount\":0,\"publisher\":{\"@id\":\"http:\/\/www.reconoce.mx\/#organization\"},\"image\":{\"@id\":\"http:\/\/www.reconoce.mx\/?p=59856#primaryimage\"},\"thumbnailUrl\":\"http:\/\/www.reconoce.mx\/wp-content\/uploads\/2017\/04\/panteon.png\",\"articleSection\":[\"Conciencia\",\"Derechos Humanos\",\"Principal\"],\"inLanguage\":\"es\",\"potentialAction\":[{\"@type\":\"CommentAction\",\"name\":\"Comment\",\"target\":[\"http:\/\/www.reconoce.mx\/?p=59856#respond\"]}]},{\"@type\":\"WebPage\",\"@id\":\"http:\/\/www.reconoce.mx\/?p=59856\",\"url\":\"http:\/\/www.reconoce.mx\/?p=59856\",\"name\":\"La realidad del periodismo en M\u00e9xico &#171; Reconoce MX\",\"isPartOf\":{\"@id\":\"http:\/\/www.reconoce.mx\/#website\"},\"primaryImageOfPage\":{\"@id\":\"http:\/\/www.reconoce.mx\/?p=59856#primaryimage\"},\"image\":{\"@id\":\"http:\/\/www.reconoce.mx\/?p=59856#primaryimage\"},\"thumbnailUrl\":\"http:\/\/www.reconoce.mx\/wp-content\/uploads\/2017\/04\/panteon.png\",\"datePublished\":\"2017-04-07T05:06:15+00:00\",\"breadcrumb\":{\"@id\":\"http:\/\/www.reconoce.mx\/?p=59856#breadcrumb\"},\"inLanguage\":\"es\",\"potentialAction\":[{\"@type\":\"ReadAction\",\"target\":[\"http:\/\/www.reconoce.mx\/?p=59856\"]}]},{\"@type\":\"ImageObject\",\"inLanguage\":\"es\",\"@id\":\"http:\/\/www.reconoce.mx\/?p=59856#primaryimage\",\"url\":\"http:\/\/www.reconoce.mx\/wp-content\/uploads\/2017\/04\/panteon.png\",\"contentUrl\":\"http:\/\/www.reconoce.mx\/wp-content\/uploads\/2017\/04\/panteon.png\",\"width\":590,\"height\":380},{\"@type\":\"BreadcrumbList\",\"@id\":\"http:\/\/www.reconoce.mx\/?p=59856#breadcrumb\",\"itemListElement\":[{\"@type\":\"ListItem\",\"position\":1,\"name\":\"Portada\",\"item\":\"http:\/\/www.reconoce.mx\/\"},{\"@type\":\"ListItem\",\"position\":2,\"name\":\"La realidad del periodismo en M\u00e9xico\"}]},{\"@type\":\"WebSite\",\"@id\":\"http:\/\/www.reconoce.mx\/#website\",\"url\":\"http:\/\/www.reconoce.mx\/\",\"name\":\"Reconoce MX\",\"description\":\"En Reconoce MX difundimos arte, cultura y conciencia social en M\u00e9xico. Tu ciudad en otra perspectiva.\",\"publisher\":{\"@id\":\"http:\/\/www.reconoce.mx\/#organization\"},\"potentialAction\":[{\"@type\":\"SearchAction\",\"target\":{\"@type\":\"EntryPoint\",\"urlTemplate\":\"http:\/\/www.reconoce.mx\/?s={search_term_string}\"},\"query-input\":{\"@type\":\"PropertyValueSpecification\",\"valueRequired\":true,\"valueName\":\"search_term_string\"}}],\"inLanguage\":\"es\"},{\"@type\":\"Organization\",\"@id\":\"http:\/\/www.reconoce.mx\/#organization\",\"name\":\"Reconoce MX\",\"url\":\"http:\/\/www.reconoce.mx\/\",\"logo\":{\"@type\":\"ImageObject\",\"inLanguage\":\"es\",\"@id\":\"http:\/\/www.reconoce.mx\/#\/schema\/logo\/image\/\",\"url\":\"https:\/\/www.reconoce.mx\/wp-content\/uploads\/2019\/03\/logorcmx-good-1.png\",\"contentUrl\":\"https:\/\/www.reconoce.mx\/wp-content\/uploads\/2019\/03\/logorcmx-good-1.png\",\"width\":280,\"height\":90,\"caption\":\"Reconoce MX\"},\"image\":{\"@id\":\"http:\/\/www.reconoce.mx\/#\/schema\/logo\/image\/\"},\"sameAs\":[\"https:\/\/es-la.facebook.com\/ReconoceMX\/\",\"https:\/\/x.com\/reconocemx\",\"http:\/\/@reconocemx\"]},{\"@type\":\"Person\",\"@id\":\"http:\/\/www.reconoce.mx\/#\/schema\/person\/2117e997d7051dc15d6880eaf9bca0b2\",\"name\":\"Reconoce MX\",\"image\":{\"@type\":\"ImageObject\",\"inLanguage\":\"es\",\"@id\":\"http:\/\/www.reconoce.mx\/#\/schema\/person\/image\/\",\"url\":\"https:\/\/secure.gravatar.com\/avatar\/6c8d4dc7569ca1c90c5fdcc349f839d5ddef6fe1e70b4337ead2ef1a4c43fc3a?s=96&d=identicon&r=g\",\"contentUrl\":\"https:\/\/secure.gravatar.com\/avatar\/6c8d4dc7569ca1c90c5fdcc349f839d5ddef6fe1e70b4337ead2ef1a4c43fc3a?s=96&d=identicon&r=g\",\"caption\":\"Reconoce MX\"},\"description\":\"Reconoce MX es un proyecto de difusi\u00f3n art\u00edstica, cultural y de conciencia social que est\u00e1 enfocado a difundir y fomentar el entretenimiento alternativo de calidad para todo el p\u00fablico que comparta el mismo entusiasmo.\",\"sameAs\":[\"http:\/\/www.reconoce.mx\"],\"url\":\"http:\/\/www.reconoce.mx\/?author=2\"}]}<\/script>\n<!-- \/ Yoast SEO plugin. -->","yoast_head_json":{"title":"La realidad del periodismo en M\u00e9xico &#171; Reconoce MX","robots":{"index":"index","follow":"follow","max-snippet":"max-snippet:-1","max-image-preview":"max-image-preview:large","max-video-preview":"max-video-preview:-1"},"canonical":"http:\/\/www.reconoce.mx\/?p=59856","og_locale":"es_ES","og_type":"article","og_title":"La realidad del periodismo en M\u00e9xico &#171; Reconoce MX","og_description":"Marzo fue un mes sangriento para el periodismo mexicano: con los casos de Cecilio Pineda Birto, periodista asesinado en Guerrero el 2 de marzo; Ricardo Monlui, periodista asesinado en Veracruz el 5 de marzo; y Miroslava Breach, periodista asesinada en Chihuahua el 23 de marzo.","og_url":"http:\/\/www.reconoce.mx\/?p=59856","og_site_name":"Reconoce MX","article_publisher":"https:\/\/es-la.facebook.com\/ReconoceMX\/","article_published_time":"2017-04-07T05:06:15+00:00","og_image":[{"width":590,"height":380,"url":"http:\/\/www.reconoce.mx\/wp-content\/uploads\/2017\/04\/panteon.png","type":"image\/png"}],"author":"Reconoce MX","twitter_card":"summary_large_image","twitter_creator":"@reconocemx","twitter_site":"@reconocemx","twitter_misc":{"Escrito por":"Reconoce MX","Tiempo de lectura":"3 minutos"},"schema":{"@context":"https:\/\/schema.org","@graph":[{"@type":"Article","@id":"http:\/\/www.reconoce.mx\/?p=59856#article","isPartOf":{"@id":"http:\/\/www.reconoce.mx\/?p=59856"},"author":{"name":"Reconoce MX","@id":"http:\/\/www.reconoce.mx\/#\/schema\/person\/2117e997d7051dc15d6880eaf9bca0b2"},"headline":"La realidad del periodismo en M\u00e9xico","datePublished":"2017-04-07T05:06:15+00:00","mainEntityOfPage":{"@id":"http:\/\/www.reconoce.mx\/?p=59856"},"wordCount":666,"commentCount":0,"publisher":{"@id":"http:\/\/www.reconoce.mx\/#organization"},"image":{"@id":"http:\/\/www.reconoce.mx\/?p=59856#primaryimage"},"thumbnailUrl":"http:\/\/www.reconoce.mx\/wp-content\/uploads\/2017\/04\/panteon.png","articleSection":["Conciencia","Derechos Humanos","Principal"],"inLanguage":"es","potentialAction":[{"@type":"CommentAction","name":"Comment","target":["http:\/\/www.reconoce.mx\/?p=59856#respond"]}]},{"@type":"WebPage","@id":"http:\/\/www.reconoce.mx\/?p=59856","url":"http:\/\/www.reconoce.mx\/?p=59856","name":"La realidad del periodismo en M\u00e9xico &#171; Reconoce MX","isPartOf":{"@id":"http:\/\/www.reconoce.mx\/#website"},"primaryImageOfPage":{"@id":"http:\/\/www.reconoce.mx\/?p=59856#primaryimage"},"image":{"@id":"http:\/\/www.reconoce.mx\/?p=59856#primaryimage"},"thumbnailUrl":"http:\/\/www.reconoce.mx\/wp-content\/uploads\/2017\/04\/panteon.png","datePublished":"2017-04-07T05:06:15+00:00","breadcrumb":{"@id":"http:\/\/www.reconoce.mx\/?p=59856#breadcrumb"},"inLanguage":"es","potentialAction":[{"@type":"ReadAction","target":["http:\/\/www.reconoce.mx\/?p=59856"]}]},{"@type":"ImageObject","inLanguage":"es","@id":"http:\/\/www.reconoce.mx\/?p=59856#primaryimage","url":"http:\/\/www.reconoce.mx\/wp-content\/uploads\/2017\/04\/panteon.png","contentUrl":"http:\/\/www.reconoce.mx\/wp-content\/uploads\/2017\/04\/panteon.png","width":590,"height":380},{"@type":"BreadcrumbList","@id":"http:\/\/www.reconoce.mx\/?p=59856#breadcrumb","itemListElement":[{"@type":"ListItem","position":1,"name":"Portada","item":"http:\/\/www.reconoce.mx\/"},{"@type":"ListItem","position":2,"name":"La realidad del periodismo en M\u00e9xico"}]},{"@type":"WebSite","@id":"http:\/\/www.reconoce.mx\/#website","url":"http:\/\/www.reconoce.mx\/","name":"Reconoce MX","description":"En Reconoce MX difundimos arte, cultura y conciencia social en M\u00e9xico. Tu ciudad en otra perspectiva.","publisher":{"@id":"http:\/\/www.reconoce.mx\/#organization"},"potentialAction":[{"@type":"SearchAction","target":{"@type":"EntryPoint","urlTemplate":"http:\/\/www.reconoce.mx\/?s={search_term_string}"},"query-input":{"@type":"PropertyValueSpecification","valueRequired":true,"valueName":"search_term_string"}}],"inLanguage":"es"},{"@type":"Organization","@id":"http:\/\/www.reconoce.mx\/#organization","name":"Reconoce MX","url":"http:\/\/www.reconoce.mx\/","logo":{"@type":"ImageObject","inLanguage":"es","@id":"http:\/\/www.reconoce.mx\/#\/schema\/logo\/image\/","url":"https:\/\/www.reconoce.mx\/wp-content\/uploads\/2019\/03\/logorcmx-good-1.png","contentUrl":"https:\/\/www.reconoce.mx\/wp-content\/uploads\/2019\/03\/logorcmx-good-1.png","width":280,"height":90,"caption":"Reconoce MX"},"image":{"@id":"http:\/\/www.reconoce.mx\/#\/schema\/logo\/image\/"},"sameAs":["https:\/\/es-la.facebook.com\/ReconoceMX\/","https:\/\/x.com\/reconocemx","http:\/\/@reconocemx"]},{"@type":"Person","@id":"http:\/\/www.reconoce.mx\/#\/schema\/person\/2117e997d7051dc15d6880eaf9bca0b2","name":"Reconoce MX","image":{"@type":"ImageObject","inLanguage":"es","@id":"http:\/\/www.reconoce.mx\/#\/schema\/person\/image\/","url":"https:\/\/secure.gravatar.com\/avatar\/6c8d4dc7569ca1c90c5fdcc349f839d5ddef6fe1e70b4337ead2ef1a4c43fc3a?s=96&d=identicon&r=g","contentUrl":"https:\/\/secure.gravatar.com\/avatar\/6c8d4dc7569ca1c90c5fdcc349f839d5ddef6fe1e70b4337ead2ef1a4c43fc3a?s=96&d=identicon&r=g","caption":"Reconoce MX"},"description":"Reconoce MX es un proyecto de difusi\u00f3n art\u00edstica, cultural y de conciencia social que est\u00e1 enfocado a difundir y fomentar el entretenimiento alternativo de calidad para todo el p\u00fablico que comparta el mismo entusiasmo.","sameAs":["http:\/\/www.reconoce.mx"],"url":"http:\/\/www.reconoce.mx\/?author=2"}]}},"_links":{"self":[{"href":"http:\/\/www.reconoce.mx\/index.php?rest_route=\/wp\/v2\/posts\/59856","targetHints":{"allow":["GET"]}}],"collection":[{"href":"http:\/\/www.reconoce.mx\/index.php?rest_route=\/wp\/v2\/posts"}],"about":[{"href":"http:\/\/www.reconoce.mx\/index.php?rest_route=\/wp\/v2\/types\/post"}],"author":[{"embeddable":true,"href":"http:\/\/www.reconoce.mx\/index.php?rest_route=\/wp\/v2\/users\/2"}],"replies":[{"embeddable":true,"href":"http:\/\/www.reconoce.mx\/index.php?rest_route=%2Fwp%2Fv2%2Fcomments&post=59856"}],"version-history":[{"count":2,"href":"http:\/\/www.reconoce.mx\/index.php?rest_route=\/wp\/v2\/posts\/59856\/revisions"}],"predecessor-version":[{"id":59858,"href":"http:\/\/www.reconoce.mx\/index.php?rest_route=\/wp\/v2\/posts\/59856\/revisions\/59858"}],"wp:featuredmedia":[{"embeddable":true,"href":"http:\/\/www.reconoce.mx\/index.php?rest_route=\/wp\/v2\/media\/59859"}],"wp:attachment":[{"href":"http:\/\/www.reconoce.mx\/index.php?rest_route=%2Fwp%2Fv2%2Fmedia&parent=59856"}],"wp:term":[{"taxonomy":"category","embeddable":true,"href":"http:\/\/www.reconoce.mx\/index.php?rest_route=%2Fwp%2Fv2%2Fcategories&post=59856"},{"taxonomy":"post_tag","embeddable":true,"href":"http:\/\/www.reconoce.mx\/index.php?rest_route=%2Fwp%2Fv2%2Ftags&post=59856"}],"curies":[{"name":"wp","href":"https:\/\/api.w.org\/{rel}","templated":true}]}}