{"id":59872,"date":"2017-04-08T00:02:54","date_gmt":"2017-04-08T05:02:54","guid":{"rendered":"http:\/\/www.reconoce.mx\/?p=59872"},"modified":"2017-04-07T23:30:54","modified_gmt":"2017-04-08T04:30:54","slug":"y-al-final-si-sucedio-ceremoniaendomingo","status":"publish","type":"post","link":"http:\/\/www.reconoce.mx\/?p=59872","title":{"rendered":"Y al final s\u00ed sucedi\u00f3: #CeremoniaEnDomingo"},"content":{"rendered":"<p><strong>Por <a href=\"https:\/\/twitter.com\/alice_freckles\" target=\"_blank\">Alicia \u00c1vila<\/a><\/strong>.<\/p>\n<p>Lo que parec\u00eda perdido logr\u00f3 rebasar expectativas. A una semana de la realizaci\u00f3n del <strong>Festival Ceremonia<\/strong>, ese que en primera instancia se hab\u00eda cancelado, y que posteriormente se realiz\u00f3 un d\u00eda despu\u00e9s del previsto, me gustar\u00eda revisar lo que viv\u00ed de manera personal durante <a href=\"https:\/\/twitter.com\/search?q=%23Ceremonia17&amp;src=typd\" target=\"_blank\">#Ceremonia17<\/a>, o como tambi\u00e9n se le conoci\u00f3, <a href=\"https:\/\/twitter.com\/search?q=%23CeremoniaEnDomingo&amp;src=typd\">#CeremoniaEnDomingo<\/a>.<\/p>\n<p><a href=\"http:\/\/www.reconoce.mx\/wp-content\/uploads\/2017\/04\/ceremonia-1.png\"><img loading=\"lazy\" decoding=\"async\" class=\"aligncenter size-full wp-image-59873\" src=\"http:\/\/www.reconoce.mx\/wp-content\/uploads\/2017\/04\/ceremonia-1.png\" alt=\"\" width=\"590\" height=\"380\" srcset=\"http:\/\/www.reconoce.mx\/wp-content\/uploads\/2017\/04\/ceremonia-1.png 590w, http:\/\/www.reconoce.mx\/wp-content\/uploads\/2017\/04\/ceremonia-1-300x193.png 300w, http:\/\/www.reconoce.mx\/wp-content\/uploads\/2017\/04\/ceremonia-1-150x97.png 150w\" sizes=\"auto, (max-width: 590px) 100vw, 590px\" \/><\/a><\/p>\n<p>Uno de los temas principales para el <a href=\"https:\/\/twitter.com\/search?q=%23Ceremonia17&amp;src=typd\" target=\"_blank\">#Ceremonia17<\/a>, fue como en los a\u00f1os anteriores, el del transporte. Medios y agencias organizaron este tema tanto para otros medios, como para los asistentes al festival con sede en Toluca el d\u00eda 1 de abril.<\/p>\n<p>Mi grupo lleg\u00f3 al <strong>Centro Din\u00e1mico Pegaso<\/strong> cerca de las 13:00 horas de ese d\u00eda s\u00e1bado. Comenzamos a tomar posici\u00f3n: prender computadoras, cargar pilas, salir a buscar posiciones para buenas fotos&#8230; En fin, todos est\u00e1bamos muy metidos en planear lo que har\u00edamos ese d\u00eda para realizar nuestras respectivas notas, hasta que en cuesti\u00f3n de segundos comenz\u00f3 un aire que movi\u00f3 y tir\u00f3 cosas -s\u00ed, entre ellas, parte de un escenario-.<\/p>\n<p>Fue as\u00ed, que en medio de una situaci\u00f3n an\u00f3mala,<strong> Andr\u00e9s M\u00e9ndez<\/strong> (director de <strong>Ceremonia<\/strong>) nos junt\u00f3 a los medios presentes para darnos el aviso: \u00abEl Festival se retrasar\u00e1 dos horas por inclemencias del tiempo\u00bb. Preocupados por lo que esto implicaba para los asistentes, nos dimos a la tarea de cumplir con nuestro trabajo: dar aviso a nuestros lectores y seguidores a trav\u00e9s de nuestras redes sociales.<\/p>\n<p>Finalmente, al ver que realmente no hab\u00eda soluci\u00f3n para ese d\u00eda debido a que realmente suced\u00eda algo y la gente de afuera se comunicaba con nosotros para preguntar si era cierto que artistas -al igual que el festival- ya estaban cancelando, <strong>Andr\u00e9s M\u00e9ndez<\/strong> volvi\u00f3 a juntarnos para ahora s\u00ed en una m\u00e1s dif\u00edcil situaci\u00f3n, anunciar que el <a href=\"https:\/\/twitter.com\/search?q=%23Ceremonia17&amp;src=typd\" target=\"_blank\">#Ceremonia17<\/a> ten\u00eda que cancelarse. Varios medios, entre ellos <span style=\"color: #a81f25;\"><strong>Reconoce MX<\/strong><\/span>, permanecimos en la sede mexiquense por un momento m\u00e1s esperando alguna novedad, hasta que finalmente nos tuvieron que llevar a otro lado debido a que se nos hab\u00eda anunciado un portazo. Ac\u00e1 una reflexi\u00f3n personal.<\/p>\n<blockquote class=\"twitter-video\" data-lang=\"es\">\n<p dir=\"ltr\" lang=\"es\">As\u00ed el viento en la carpa de medios de <a href=\"https:\/\/twitter.com\/CeremoniaXXX\">@CeremoniaXXX<\/a>. Estamos pendientes del anuncio de acceso al p\u00fablico. <a href=\"https:\/\/twitter.com\/hashtag\/CoberturaRCMX?src=hash\">#CoberturaRCMX<\/a> <a href=\"https:\/\/twitter.com\/hashtag\/Ceremonia17?src=hash\">#Ceremonia17<\/a> <a href=\"https:\/\/t.co\/fUOPO59XTS\">pic.twitter.com\/fUOPO59XTS<\/a><\/p>\n<p>\u2014 Reconoce MX (@reconocemx) <a href=\"https:\/\/twitter.com\/reconocemx\/status\/848277255478530049\">1 de abril de 2017<\/a><\/p><\/blockquote>\n<p><script async src=\"\/\/platform.twitter.com\/widgets.js\" charset=\"utf-8\"><\/script><\/p>\n<p>\u00bfQu\u00e9 nos pasa? S\u00ed, yo fui una de las personas que tambi\u00e9n hizo unas dos horas aproximadamente en llegar al <strong>Centro Din\u00e1mico Pegaso<\/strong>; tambi\u00e9n me bajone\u00f3 la noticia (al igual que los presentes), tambi\u00e9n ten\u00eda calor y ganas de ver a las bandas&#8230; \u00bfQu\u00e9 nos pasa? \u00bfPor qu\u00e9 creer\u00edamos que un portazo ser\u00eda la soluci\u00f3n? Nos quejamos de situaciones que nos pasan y nos hacen sentir impotentes, pero cuando \u00abs\u00ed podemos hacer algo\u00bb, \u00bfdecidimos en este caso entrar a la fuerza? \u00bfPor qu\u00e9 no nos ponemos a pensar m\u00e1s all\u00e1 de una euf\u00f3rica reacci\u00f3n? \u00bfPor qu\u00e9 no pensar en la gente que arma todo esto y que por alguna raz\u00f3n (de fuerza mayor y pensada en nosotros) tienen que tomar esta decisi\u00f3n? \u00bfEn verdad creen que el dinero fue lo \u00fanico importante en esta ocasi\u00f3n?<\/p>\n<p>En fin, gracias a que muchas de esas personas (a\u00fan despu\u00e9s de la respuesta enojada e imprudente) se quedaron hasta tarde el s\u00e1bado en el <strong>Centro Din\u00e1mico Pegaso<\/strong> negociando con las bandas e involucradas, comenz\u00f3 a haber rumores y posteriormente una confirmaci\u00f3n que de que s\u00ed, habr\u00eda <a href=\"https:\/\/twitter.com\/search?q=%23Ceremonia17&amp;src=typd\" target=\"_blank\">#Ceremonia17<\/a>, o mas bien \u00a1<a href=\"https:\/\/twitter.com\/search?q=%23CeremoniaEnDomingo&amp;src=typd\">#CeremoniaEnDomingo<\/a>!<\/p>\n<p>A pesar de medios que se encontraban molestos, al igual que asistentes que no pudieron entender lo que hab\u00eda sucedido, o tambi\u00e9n, v\u00e1lido, se les complic\u00f3 ir ese d\u00eda, \u00a1asistimos al\u00a0<a href=\"https:\/\/twitter.com\/search?q=%23CeremoniaEnDomingo&amp;src=typd\">#CeremoniaEnDomingo<\/a> m\u00e1s de 15,000 personas!<\/p>\n<p>S\u00ed, muchos tuvimos que poner un poco m\u00e1s de lo pensado que sali\u00f3 de nuestros bolsillos, pero era tal el fanatismo y complicidad, que hicimos hasta lo imposible por repetir el viaje, y s\u00ed, vaya que vali\u00f3 la pena.<\/p>\n<blockquote class=\"twitter-tweet\" data-lang=\"es\">\n<p dir=\"ltr\" lang=\"es\">\u00a1Habr\u00e1 <a href=\"https:\/\/twitter.com\/hashtag\/CeremoniaEnDomingo?src=hash\">#CeremoniaEnDomingo<\/a>! <a href=\"https:\/\/twitter.com\/hashtag\/Ceremonia17?src=hash\">#Ceremonia17<\/a> <a href=\"https:\/\/twitter.com\/CeremoniaXXX\">@CeremoniaXXX<\/a> <a href=\"https:\/\/t.co\/fQXLnxq9GY\">pic.twitter.com\/fQXLnxq9GY<\/a><\/p>\n<p>\u2014 Reconoce MX (@reconocemx) <a href=\"https:\/\/twitter.com\/reconocemx\/status\/848385183648800768\">2 de abril de 2017<\/a><\/p><\/blockquote>\n<p><script async src=\"\/\/platform.twitter.com\/widgets.js\" charset=\"utf-8\"><\/script><\/p>\n<p>Ya en <a href=\"https:\/\/twitter.com\/search?q=%23CeremoniaEnDomingo&amp;src=typd\">#CeremoniaEnDomingo<\/a> los productores Pato y Jopa se encargaron de dar inicio al festival en el \u00abEscenario Vans\u00bb. Originarios de Ciudad de M\u00e9xico, la m\u00fasica de <strong>Mylko <\/strong>comenz\u00f3 a endulzar los o\u00eddos de quienes iban llegando al festival.<\/p>\n<p>Antes de continuar tuvimos tiempo de darnos una vuelta por el <em>venue<\/em>, donde nos encontramos con unas sillas voladoras que ayudaron a encender mucho m\u00e1s el d\u00eda; y nos acercamos a \u00abAldea Ceremonia\u00bb, en donde todo cobr\u00f3 sentido con la esencia de lo medieval: bailes, vikingos, disfraces y m\u00fasica que hizo que se acercaran poco a poco los asistentes y formaran parte de la \u00e9poca.<\/p>\n<p>Tuvimos oportunidad de presenciar el show de <strong>James Blake<\/strong>, quien abri\u00f3 el \u00abEscenario Corona\u00bb. El brit\u00e1nico interpret\u00f3 temas como \u00abTimeless\u00bb y \u00abLimit to your love\u00bb.<\/p>\n<p>Despu\u00e9s de unos minutos, comenz\u00f3 a sonar en el mismo escenario <strong>Sotomayor<\/strong> (de quienes por alguna \u00abextra\u00f1a raz\u00f3n\u00bb en <span style=\"color: #a81f25;\"><strong>Reconoce MX <\/strong><\/span>somos muy fans, \u00bfverdad <strong>Asfaltos<\/strong>?). Vestida de azul con tintes color rosa y brillantina alrededor de los ojos, Paulina Sotomayor interpret\u00f3 junto a su hermano Ra\u00fal su m\u00e1s reconocido sencillo \u00abCielo\u00bb, tema con el que cerraron su presentaci\u00f3n.<\/p>\n<p><a href=\"http:\/\/www.reconoce.mx\/wp-content\/uploads\/2017\/04\/ceremonia-2.png\"><img loading=\"lazy\" decoding=\"async\" class=\"aligncenter size-full wp-image-59874\" src=\"http:\/\/www.reconoce.mx\/wp-content\/uploads\/2017\/04\/ceremonia-2.png\" alt=\"\" width=\"590\" height=\"380\" srcset=\"http:\/\/www.reconoce.mx\/wp-content\/uploads\/2017\/04\/ceremonia-2.png 590w, http:\/\/www.reconoce.mx\/wp-content\/uploads\/2017\/04\/ceremonia-2-300x193.png 300w, http:\/\/www.reconoce.mx\/wp-content\/uploads\/2017\/04\/ceremonia-2-150x97.png 150w\" sizes=\"auto, (max-width: 590px) 100vw, 590px\" \/><\/a><\/p>\n<p>Minutos m\u00e1s tarde, en el mismo escenario liderado por Diego Sol\u00f3rzano, se present\u00f3 <strong>Rey Pila<\/strong>. Los mexicanos estrenaron su m\u00e1s reciente sencillo \u00abNinjas\u00bb, adem\u00e1s de interpretar un setlist inclinado hacia su \u00faltimo disco \u00abThe future sugar\u00bb. Canciones como \u00abFire away\u00bb, \u00abNo longer fun\u00bb y \u00abSurveillance camera\u00bb -temas que se han convertido en las favoritas de sus fans-, no faltaron en el show.<\/p>\n<p>Despu\u00e9s de dejarlo todo en el \u00abEscenario Corona\u00bb (nuestro favorito, por lo visto), nos dimos la tarea de conocer un poco m\u00e1s de lo que hab\u00eda en el festival. Encontramos activaciones de <strong>Vans<\/strong>, juegos mec\u00e1nicos, maquillaje para chicos y grandes, coronas hechas de cart\u00f3n que pod\u00edas armar con detalles que ah\u00ed mismo te daban los colaboradores, \u00a1y hasta un corte de cabello en cuesti\u00f3n de minutos!<\/p>\n<p>El aire hab\u00eda disminuido bastante a comparaci\u00f3n del d\u00eda anterior; pero aunque hab\u00eda bastante gente, era tan solo el 80% de la que se esperaba que llegara al festival. Durante el d\u00eda encontramos un clima lleno de luz, color y sol&#8230; Apenas comenz\u00f3 a anochecer y las nubes comenzaron a aparecer junto con un aire mucho menor al del s\u00e1bado durante el d\u00eda; nada que <strong>Nicolas Jaar<\/strong>, <strong>Underworld<\/strong> o <strong>Bj\u00f6rk<\/strong> no pudieran hacernos olvidar con los \u00faltimos temas de la noche. Por cierto, alguna vez tuve la oportunidad de ver a <strong>Nicolas Jaar<\/strong> cerrando el 2014 en la fiesta de fin de a\u00f1o en Tul\u00fam junto a Meketrefe y Clubz, y debo decirles que es una experiencia que realmente te deja con un muy buen sabor de boca. Es de los shows que no puedes dejar pasar por alto. Una vez m\u00e1s, el m\u00fasico y productor chileno-americano de Nueva York de m\u00fasica <em>house<\/em>, termin\u00f3 de encender a los asistentes y prepararlos para los \u00faltimos -y m\u00e1s esperados- actos.<\/p>\n<p>La islandesa <strong>Bj\u00f6rk<\/strong> se caracteriza por trabajar una carrera s\u00f3lida que ha podido traspasar la barrera del tiempo convirti\u00e9ndose en un referente obligado de la cultura pop e influencia musical para varias generaciones. El setlist de la artista incluy\u00f3 varios de sus poderosos temas con los que nos ha enamorado a lo largo de su carrera como \u00abJ\u00f3ga\u00bb, \u00abIsobel\u00bb, y la infaltable \u00abHyperballad\u00bb, demostrando as\u00ed el peso y experiencia que m\u00e1s de 30 a\u00f1os de carrera profesional le otorgan a esta compositora, productora, actriz y cantante.<\/p>\n<blockquote class=\"twitter-video\" data-lang=\"es\">\n<p dir=\"ltr\" lang=\"es\">Palabras de <a href=\"https:\/\/twitter.com\/mendezcomprende\">@mendezcomprende<\/a>, director de <a href=\"https:\/\/twitter.com\/CeremoniaXXX\">@CeremoniaXXX<\/a>, quien agradece al p\u00fablico por hacer posible <a href=\"https:\/\/twitter.com\/hashtag\/CeremoniaEnDomingo?src=hash\">#CeremoniaEnDomingo<\/a>. <a href=\"https:\/\/twitter.com\/hashtag\/CoberturaRCMX?src=hash\">#CoberturaRCMX<\/a> <a href=\"https:\/\/t.co\/Dqpw1wcFSQ\">pic.twitter.com\/Dqpw1wcFSQ<\/a><\/p>\n<p>\u2014 Reconoce MX (@reconocemx) <a href=\"https:\/\/twitter.com\/reconocemx\/status\/848705806287724544\">3 de abril de 2017<\/a><\/p><\/blockquote>\n<p><script async src=\"\/\/platform.twitter.com\/widgets.js\" charset=\"utf-8\"><\/script><\/p>\n<p>En fin, as\u00ed, para nosotros, se termin\u00f3 <a href=\"https:\/\/twitter.com\/search?q=%23CeremoniaEnDomingo&amp;src=typd\">#CeremoniaEnDomingo<\/a>. <strong>Ceremonia<\/strong>: \u00a1muchas gracias por una edici\u00f3n m\u00e1s! Nos vemos el pr\u00f3ximo a\u00f1o.<\/p>\n<p style=\"text-align: right;\">Im\u00e1genes tomadas del Facebook de <strong>Ceremonia<\/strong>.<\/p>\n<p>&nbsp;<\/p>\n<p>&nbsp;<\/p>\n","protected":false},"excerpt":{"rendered":"<p>Lo que parec\u00eda perdido logr\u00f3 rebasar expectativas. A una semana de la realizaci\u00f3n del Festival Ceremonia, ese que en primera instancia se hab\u00eda cancelado, y que posteriormente se realiz\u00f3 un d\u00eda despu\u00e9s del previsto, me gustar\u00eda revisar lo que viv\u00ed de manera personal durante #Ceremonia17.<\/p>\n","protected":false},"author":2,"featured_media":59875,"comment_status":"open","ping_status":"open","sticky":false,"template":"","format":"standard","meta":{"footnotes":""},"categories":[1,18,17],"tags":[],"class_list":["post-59872","post","type-post","status-publish","format-standard","has-post-thumbnail","hentry","category-cultura","category-musica","category-principal"],"yoast_head":"<!-- This site is optimized with the Yoast SEO plugin v24.7 - https:\/\/yoast.com\/wordpress\/plugins\/seo\/ -->\n<title>Y al final s\u00ed sucedi\u00f3: #CeremoniaEnDomingo &#171; Reconoce MX<\/title>\n<meta name=\"robots\" content=\"index, follow, max-snippet:-1, max-image-preview:large, max-video-preview:-1\" \/>\n<link rel=\"canonical\" href=\"http:\/\/www.reconoce.mx\/?p=59872\" \/>\n<meta property=\"og:locale\" content=\"es_ES\" \/>\n<meta property=\"og:type\" content=\"article\" \/>\n<meta property=\"og:title\" content=\"Y al final s\u00ed sucedi\u00f3: #CeremoniaEnDomingo &#171; Reconoce MX\" \/>\n<meta property=\"og:description\" content=\"Lo que parec\u00eda perdido logr\u00f3 rebasar expectativas. A una semana de la realizaci\u00f3n del Festival Ceremonia, ese que en primera instancia se hab\u00eda cancelado, y que posteriormente se realiz\u00f3 un d\u00eda despu\u00e9s del previsto, me gustar\u00eda revisar lo que viv\u00ed de manera personal durante #Ceremonia17.\" \/>\n<meta property=\"og:url\" content=\"http:\/\/www.reconoce.mx\/?p=59872\" \/>\n<meta property=\"og:site_name\" content=\"Reconoce MX\" \/>\n<meta property=\"article:publisher\" content=\"https:\/\/es-la.facebook.com\/ReconoceMX\/\" \/>\n<meta property=\"article:published_time\" content=\"2017-04-08T05:02:54+00:00\" \/>\n<meta property=\"og:image\" content=\"http:\/\/www.reconoce.mx\/wp-content\/uploads\/2017\/04\/ceremonia-cover.png\" \/>\n\t<meta property=\"og:image:width\" content=\"590\" \/>\n\t<meta property=\"og:image:height\" content=\"380\" \/>\n\t<meta property=\"og:image:type\" content=\"image\/png\" \/>\n<meta name=\"author\" content=\"Reconoce MX\" \/>\n<meta name=\"twitter:card\" content=\"summary_large_image\" \/>\n<meta name=\"twitter:creator\" content=\"@reconocemx\" \/>\n<meta name=\"twitter:site\" content=\"@reconocemx\" \/>\n<meta name=\"twitter:label1\" content=\"Escrito por\" \/>\n\t<meta name=\"twitter:data1\" content=\"Reconoce MX\" \/>\n\t<meta name=\"twitter:label2\" content=\"Tiempo de lectura\" \/>\n\t<meta name=\"twitter:data2\" content=\"7 minutos\" \/>\n<script type=\"application\/ld+json\" class=\"yoast-schema-graph\">{\"@context\":\"https:\/\/schema.org\",\"@graph\":[{\"@type\":\"Article\",\"@id\":\"http:\/\/www.reconoce.mx\/?p=59872#article\",\"isPartOf\":{\"@id\":\"http:\/\/www.reconoce.mx\/?p=59872\"},\"author\":{\"name\":\"Reconoce MX\",\"@id\":\"http:\/\/www.reconoce.mx\/#\/schema\/person\/2117e997d7051dc15d6880eaf9bca0b2\"},\"headline\":\"Y al final s\u00ed sucedi\u00f3: #CeremoniaEnDomingo\",\"datePublished\":\"2017-04-08T05:02:54+00:00\",\"mainEntityOfPage\":{\"@id\":\"http:\/\/www.reconoce.mx\/?p=59872\"},\"wordCount\":1379,\"commentCount\":0,\"publisher\":{\"@id\":\"http:\/\/www.reconoce.mx\/#organization\"},\"image\":{\"@id\":\"http:\/\/www.reconoce.mx\/?p=59872#primaryimage\"},\"thumbnailUrl\":\"http:\/\/www.reconoce.mx\/wp-content\/uploads\/2017\/04\/ceremonia-cover.png\",\"articleSection\":[\"Cultura\",\"M\u00fasica\",\"Principal\"],\"inLanguage\":\"es\",\"potentialAction\":[{\"@type\":\"CommentAction\",\"name\":\"Comment\",\"target\":[\"http:\/\/www.reconoce.mx\/?p=59872#respond\"]}]},{\"@type\":\"WebPage\",\"@id\":\"http:\/\/www.reconoce.mx\/?p=59872\",\"url\":\"http:\/\/www.reconoce.mx\/?p=59872\",\"name\":\"Y al final s\u00ed sucedi\u00f3: #CeremoniaEnDomingo &#171; Reconoce MX\",\"isPartOf\":{\"@id\":\"http:\/\/www.reconoce.mx\/#website\"},\"primaryImageOfPage\":{\"@id\":\"http:\/\/www.reconoce.mx\/?p=59872#primaryimage\"},\"image\":{\"@id\":\"http:\/\/www.reconoce.mx\/?p=59872#primaryimage\"},\"thumbnailUrl\":\"http:\/\/www.reconoce.mx\/wp-content\/uploads\/2017\/04\/ceremonia-cover.png\",\"datePublished\":\"2017-04-08T05:02:54+00:00\",\"breadcrumb\":{\"@id\":\"http:\/\/www.reconoce.mx\/?p=59872#breadcrumb\"},\"inLanguage\":\"es\",\"potentialAction\":[{\"@type\":\"ReadAction\",\"target\":[\"http:\/\/www.reconoce.mx\/?p=59872\"]}]},{\"@type\":\"ImageObject\",\"inLanguage\":\"es\",\"@id\":\"http:\/\/www.reconoce.mx\/?p=59872#primaryimage\",\"url\":\"http:\/\/www.reconoce.mx\/wp-content\/uploads\/2017\/04\/ceremonia-cover.png\",\"contentUrl\":\"http:\/\/www.reconoce.mx\/wp-content\/uploads\/2017\/04\/ceremonia-cover.png\",\"width\":590,\"height\":380},{\"@type\":\"BreadcrumbList\",\"@id\":\"http:\/\/www.reconoce.mx\/?p=59872#breadcrumb\",\"itemListElement\":[{\"@type\":\"ListItem\",\"position\":1,\"name\":\"Portada\",\"item\":\"http:\/\/www.reconoce.mx\/\"},{\"@type\":\"ListItem\",\"position\":2,\"name\":\"Y al final s\u00ed sucedi\u00f3: #CeremoniaEnDomingo\"}]},{\"@type\":\"WebSite\",\"@id\":\"http:\/\/www.reconoce.mx\/#website\",\"url\":\"http:\/\/www.reconoce.mx\/\",\"name\":\"Reconoce MX\",\"description\":\"En Reconoce MX difundimos arte, cultura y conciencia social en M\u00e9xico. Tu ciudad en otra perspectiva.\",\"publisher\":{\"@id\":\"http:\/\/www.reconoce.mx\/#organization\"},\"potentialAction\":[{\"@type\":\"SearchAction\",\"target\":{\"@type\":\"EntryPoint\",\"urlTemplate\":\"http:\/\/www.reconoce.mx\/?s={search_term_string}\"},\"query-input\":{\"@type\":\"PropertyValueSpecification\",\"valueRequired\":true,\"valueName\":\"search_term_string\"}}],\"inLanguage\":\"es\"},{\"@type\":\"Organization\",\"@id\":\"http:\/\/www.reconoce.mx\/#organization\",\"name\":\"Reconoce MX\",\"url\":\"http:\/\/www.reconoce.mx\/\",\"logo\":{\"@type\":\"ImageObject\",\"inLanguage\":\"es\",\"@id\":\"http:\/\/www.reconoce.mx\/#\/schema\/logo\/image\/\",\"url\":\"https:\/\/www.reconoce.mx\/wp-content\/uploads\/2019\/03\/logorcmx-good-1.png\",\"contentUrl\":\"https:\/\/www.reconoce.mx\/wp-content\/uploads\/2019\/03\/logorcmx-good-1.png\",\"width\":280,\"height\":90,\"caption\":\"Reconoce MX\"},\"image\":{\"@id\":\"http:\/\/www.reconoce.mx\/#\/schema\/logo\/image\/\"},\"sameAs\":[\"https:\/\/es-la.facebook.com\/ReconoceMX\/\",\"https:\/\/x.com\/reconocemx\",\"http:\/\/@reconocemx\"]},{\"@type\":\"Person\",\"@id\":\"http:\/\/www.reconoce.mx\/#\/schema\/person\/2117e997d7051dc15d6880eaf9bca0b2\",\"name\":\"Reconoce MX\",\"image\":{\"@type\":\"ImageObject\",\"inLanguage\":\"es\",\"@id\":\"http:\/\/www.reconoce.mx\/#\/schema\/person\/image\/\",\"url\":\"https:\/\/secure.gravatar.com\/avatar\/6c8d4dc7569ca1c90c5fdcc349f839d5ddef6fe1e70b4337ead2ef1a4c43fc3a?s=96&d=identicon&r=g\",\"contentUrl\":\"https:\/\/secure.gravatar.com\/avatar\/6c8d4dc7569ca1c90c5fdcc349f839d5ddef6fe1e70b4337ead2ef1a4c43fc3a?s=96&d=identicon&r=g\",\"caption\":\"Reconoce MX\"},\"description\":\"Reconoce MX es un proyecto de difusi\u00f3n art\u00edstica, cultural y de conciencia social que est\u00e1 enfocado a difundir y fomentar el entretenimiento alternativo de calidad para todo el p\u00fablico que comparta el mismo entusiasmo.\",\"sameAs\":[\"http:\/\/www.reconoce.mx\"],\"url\":\"http:\/\/www.reconoce.mx\/?author=2\"}]}<\/script>\n<!-- \/ Yoast SEO plugin. -->","yoast_head_json":{"title":"Y al final s\u00ed sucedi\u00f3: #CeremoniaEnDomingo &#171; Reconoce MX","robots":{"index":"index","follow":"follow","max-snippet":"max-snippet:-1","max-image-preview":"max-image-preview:large","max-video-preview":"max-video-preview:-1"},"canonical":"http:\/\/www.reconoce.mx\/?p=59872","og_locale":"es_ES","og_type":"article","og_title":"Y al final s\u00ed sucedi\u00f3: #CeremoniaEnDomingo &#171; Reconoce MX","og_description":"Lo que parec\u00eda perdido logr\u00f3 rebasar expectativas. A una semana de la realizaci\u00f3n del Festival Ceremonia, ese que en primera instancia se hab\u00eda cancelado, y que posteriormente se realiz\u00f3 un d\u00eda despu\u00e9s del previsto, me gustar\u00eda revisar lo que viv\u00ed de manera personal durante #Ceremonia17.","og_url":"http:\/\/www.reconoce.mx\/?p=59872","og_site_name":"Reconoce MX","article_publisher":"https:\/\/es-la.facebook.com\/ReconoceMX\/","article_published_time":"2017-04-08T05:02:54+00:00","og_image":[{"width":590,"height":380,"url":"http:\/\/www.reconoce.mx\/wp-content\/uploads\/2017\/04\/ceremonia-cover.png","type":"image\/png"}],"author":"Reconoce MX","twitter_card":"summary_large_image","twitter_creator":"@reconocemx","twitter_site":"@reconocemx","twitter_misc":{"Escrito por":"Reconoce MX","Tiempo de lectura":"7 minutos"},"schema":{"@context":"https:\/\/schema.org","@graph":[{"@type":"Article","@id":"http:\/\/www.reconoce.mx\/?p=59872#article","isPartOf":{"@id":"http:\/\/www.reconoce.mx\/?p=59872"},"author":{"name":"Reconoce MX","@id":"http:\/\/www.reconoce.mx\/#\/schema\/person\/2117e997d7051dc15d6880eaf9bca0b2"},"headline":"Y al final s\u00ed sucedi\u00f3: #CeremoniaEnDomingo","datePublished":"2017-04-08T05:02:54+00:00","mainEntityOfPage":{"@id":"http:\/\/www.reconoce.mx\/?p=59872"},"wordCount":1379,"commentCount":0,"publisher":{"@id":"http:\/\/www.reconoce.mx\/#organization"},"image":{"@id":"http:\/\/www.reconoce.mx\/?p=59872#primaryimage"},"thumbnailUrl":"http:\/\/www.reconoce.mx\/wp-content\/uploads\/2017\/04\/ceremonia-cover.png","articleSection":["Cultura","M\u00fasica","Principal"],"inLanguage":"es","potentialAction":[{"@type":"CommentAction","name":"Comment","target":["http:\/\/www.reconoce.mx\/?p=59872#respond"]}]},{"@type":"WebPage","@id":"http:\/\/www.reconoce.mx\/?p=59872","url":"http:\/\/www.reconoce.mx\/?p=59872","name":"Y al final s\u00ed sucedi\u00f3: #CeremoniaEnDomingo &#171; Reconoce MX","isPartOf":{"@id":"http:\/\/www.reconoce.mx\/#website"},"primaryImageOfPage":{"@id":"http:\/\/www.reconoce.mx\/?p=59872#primaryimage"},"image":{"@id":"http:\/\/www.reconoce.mx\/?p=59872#primaryimage"},"thumbnailUrl":"http:\/\/www.reconoce.mx\/wp-content\/uploads\/2017\/04\/ceremonia-cover.png","datePublished":"2017-04-08T05:02:54+00:00","breadcrumb":{"@id":"http:\/\/www.reconoce.mx\/?p=59872#breadcrumb"},"inLanguage":"es","potentialAction":[{"@type":"ReadAction","target":["http:\/\/www.reconoce.mx\/?p=59872"]}]},{"@type":"ImageObject","inLanguage":"es","@id":"http:\/\/www.reconoce.mx\/?p=59872#primaryimage","url":"http:\/\/www.reconoce.mx\/wp-content\/uploads\/2017\/04\/ceremonia-cover.png","contentUrl":"http:\/\/www.reconoce.mx\/wp-content\/uploads\/2017\/04\/ceremonia-cover.png","width":590,"height":380},{"@type":"BreadcrumbList","@id":"http:\/\/www.reconoce.mx\/?p=59872#breadcrumb","itemListElement":[{"@type":"ListItem","position":1,"name":"Portada","item":"http:\/\/www.reconoce.mx\/"},{"@type":"ListItem","position":2,"name":"Y al final s\u00ed sucedi\u00f3: #CeremoniaEnDomingo"}]},{"@type":"WebSite","@id":"http:\/\/www.reconoce.mx\/#website","url":"http:\/\/www.reconoce.mx\/","name":"Reconoce MX","description":"En Reconoce MX difundimos arte, cultura y conciencia social en M\u00e9xico. Tu ciudad en otra perspectiva.","publisher":{"@id":"http:\/\/www.reconoce.mx\/#organization"},"potentialAction":[{"@type":"SearchAction","target":{"@type":"EntryPoint","urlTemplate":"http:\/\/www.reconoce.mx\/?s={search_term_string}"},"query-input":{"@type":"PropertyValueSpecification","valueRequired":true,"valueName":"search_term_string"}}],"inLanguage":"es"},{"@type":"Organization","@id":"http:\/\/www.reconoce.mx\/#organization","name":"Reconoce MX","url":"http:\/\/www.reconoce.mx\/","logo":{"@type":"ImageObject","inLanguage":"es","@id":"http:\/\/www.reconoce.mx\/#\/schema\/logo\/image\/","url":"https:\/\/www.reconoce.mx\/wp-content\/uploads\/2019\/03\/logorcmx-good-1.png","contentUrl":"https:\/\/www.reconoce.mx\/wp-content\/uploads\/2019\/03\/logorcmx-good-1.png","width":280,"height":90,"caption":"Reconoce MX"},"image":{"@id":"http:\/\/www.reconoce.mx\/#\/schema\/logo\/image\/"},"sameAs":["https:\/\/es-la.facebook.com\/ReconoceMX\/","https:\/\/x.com\/reconocemx","http:\/\/@reconocemx"]},{"@type":"Person","@id":"http:\/\/www.reconoce.mx\/#\/schema\/person\/2117e997d7051dc15d6880eaf9bca0b2","name":"Reconoce MX","image":{"@type":"ImageObject","inLanguage":"es","@id":"http:\/\/www.reconoce.mx\/#\/schema\/person\/image\/","url":"https:\/\/secure.gravatar.com\/avatar\/6c8d4dc7569ca1c90c5fdcc349f839d5ddef6fe1e70b4337ead2ef1a4c43fc3a?s=96&d=identicon&r=g","contentUrl":"https:\/\/secure.gravatar.com\/avatar\/6c8d4dc7569ca1c90c5fdcc349f839d5ddef6fe1e70b4337ead2ef1a4c43fc3a?s=96&d=identicon&r=g","caption":"Reconoce MX"},"description":"Reconoce MX es un proyecto de difusi\u00f3n art\u00edstica, cultural y de conciencia social que est\u00e1 enfocado a difundir y fomentar el entretenimiento alternativo de calidad para todo el p\u00fablico que comparta el mismo entusiasmo.","sameAs":["http:\/\/www.reconoce.mx"],"url":"http:\/\/www.reconoce.mx\/?author=2"}]}},"_links":{"self":[{"href":"http:\/\/www.reconoce.mx\/index.php?rest_route=\/wp\/v2\/posts\/59872","targetHints":{"allow":["GET"]}}],"collection":[{"href":"http:\/\/www.reconoce.mx\/index.php?rest_route=\/wp\/v2\/posts"}],"about":[{"href":"http:\/\/www.reconoce.mx\/index.php?rest_route=\/wp\/v2\/types\/post"}],"author":[{"embeddable":true,"href":"http:\/\/www.reconoce.mx\/index.php?rest_route=\/wp\/v2\/users\/2"}],"replies":[{"embeddable":true,"href":"http:\/\/www.reconoce.mx\/index.php?rest_route=%2Fwp%2Fv2%2Fcomments&post=59872"}],"version-history":[{"count":3,"href":"http:\/\/www.reconoce.mx\/index.php?rest_route=\/wp\/v2\/posts\/59872\/revisions"}],"predecessor-version":[{"id":59878,"href":"http:\/\/www.reconoce.mx\/index.php?rest_route=\/wp\/v2\/posts\/59872\/revisions\/59878"}],"wp:featuredmedia":[{"embeddable":true,"href":"http:\/\/www.reconoce.mx\/index.php?rest_route=\/wp\/v2\/media\/59875"}],"wp:attachment":[{"href":"http:\/\/www.reconoce.mx\/index.php?rest_route=%2Fwp%2Fv2%2Fmedia&parent=59872"}],"wp:term":[{"taxonomy":"category","embeddable":true,"href":"http:\/\/www.reconoce.mx\/index.php?rest_route=%2Fwp%2Fv2%2Fcategories&post=59872"},{"taxonomy":"post_tag","embeddable":true,"href":"http:\/\/www.reconoce.mx\/index.php?rest_route=%2Fwp%2Fv2%2Ftags&post=59872"}],"curies":[{"name":"wp","href":"https:\/\/api.w.org\/{rel}","templated":true}]}}