{"id":59912,"date":"2017-04-10T00:01:06","date_gmt":"2017-04-10T05:01:06","guid":{"rendered":"http:\/\/www.reconoce.mx\/?p=59912"},"modified":"2017-04-09T23:35:38","modified_gmt":"2017-04-10T04:35:38","slug":"kase-o-ofrece-show-para-el-recuerdo-en-pabellon-cuervo","status":"publish","type":"post","link":"http:\/\/www.reconoce.mx\/?p=59912","title":{"rendered":"Kase.O ofrece show para el recuerdo en Pabell\u00f3n Cuervo"},"content":{"rendered":"<p><strong>Texto por\u00a0<span class=\"st\"><a href=\"https:\/\/twitter.com\/Amauryshow\" target=\"_blank\">Amaury Berdejo<\/a><\/span>.<br \/>\nFotos por <a href=\"https:\/\/twitter.com\/alice_freckles\" target=\"_blank\">Alicia \u00c1vila<\/a>.<br \/>\n<\/strong><\/p>\n<p>Con un <strong>Pabell\u00f3n Cuervo<\/strong> lleno de fans, el rapero espa\u00f1ol\u00a0<strong>Kase.O<\/strong> ofreci\u00f3 un show para el recuerdo el pasado viernes 7 de abril.<\/p>\n<p><a href=\"http:\/\/www.reconoce.mx\/wp-content\/uploads\/2017\/04\/kase.o-2.jpg\"><img loading=\"lazy\" decoding=\"async\" class=\"aligncenter size-full wp-image-59915\" src=\"http:\/\/www.reconoce.mx\/wp-content\/uploads\/2017\/04\/kase.o-2.jpg\" alt=\"\" width=\"800\" height=\"904\" srcset=\"http:\/\/www.reconoce.mx\/wp-content\/uploads\/2017\/04\/kase.o-2.jpg 800w, http:\/\/www.reconoce.mx\/wp-content\/uploads\/2017\/04\/kase.o-2-265x300.jpg 265w, http:\/\/www.reconoce.mx\/wp-content\/uploads\/2017\/04\/kase.o-2-768x868.jpg 768w, http:\/\/www.reconoce.mx\/wp-content\/uploads\/2017\/04\/kase.o-2-150x170.jpg 150w, http:\/\/www.reconoce.mx\/wp-content\/uploads\/2017\/04\/kase.o-2-700x791.jpg 700w, http:\/\/www.reconoce.mx\/wp-content\/uploads\/2017\/04\/kase.o-2-658x744.jpg 658w, http:\/\/www.reconoce.mx\/wp-content\/uploads\/2017\/04\/kase.o-2-300x339.jpg 300w\" sizes=\"auto, (max-width: 800px) 100vw, 800px\" \/><\/a><\/p>\n<p>La emoci\u00f3n de su p\u00fablico se hizo presente desde la entrada de <strong>Kase.O<\/strong> al escenario, quien con los temas \u00abNo s\u00e9 qu\u00e9 voy a hacer\u00bb y \u00abMitad y mitad\u00bb provoc\u00f3 los aplausos y gritos de casi 4 mil personas congregadas en el recinto.<\/p>\n<p>\u00abKase\u00bb comparti\u00f3 experiencias de su vida entre canciones, narr\u00f3 c\u00f3mo compon\u00eda la mayor\u00eda de sus letras en su natal Zaragoza, e incluso envi\u00f3 un mensaje de paz al mundo, posiblemente haciendo referencia a los enfrentamientos actuales en medio oriente.<\/p>\n<p><a href=\"http:\/\/www.reconoce.mx\/wp-content\/uploads\/2017\/04\/elmomo-2.png\"><img loading=\"lazy\" decoding=\"async\" class=\"aligncenter size-full wp-image-59913\" src=\"http:\/\/www.reconoce.mx\/wp-content\/uploads\/2017\/04\/elmomo-2.png\" alt=\"\" width=\"590\" height=\"380\" srcset=\"http:\/\/www.reconoce.mx\/wp-content\/uploads\/2017\/04\/elmomo-2.png 590w, http:\/\/www.reconoce.mx\/wp-content\/uploads\/2017\/04\/elmomo-2-300x193.png 300w, http:\/\/www.reconoce.mx\/wp-content\/uploads\/2017\/04\/elmomo-2-150x97.png 150w\" sizes=\"auto, (max-width: 590px) 100vw, 590px\" \/><\/a><\/p>\n<p>Dominando el escenario y demostrando su experiencia, el rapero continu\u00f3 con el material de su \u00e1lbum debut \u00abEl c\u00edrculo\u00bb, donde da continuidad a un trabajo l\u00edrico que inici\u00f3 desde peque\u00f1o (a los 13 a\u00f1os public\u00f3 sus primeras maquetas) y que lo hizo alcanzar la fama con la agrupaci\u00f3n <strong>Violadores del Verso<\/strong>, tambi\u00e9n conocidos como Doble V.<\/p>\n<p>La audiencia se distingui\u00f3 por una excepcional entrega, coreando a las letras del rapero as\u00ed como interactuando en varias de las l\u00edneas del espa\u00f1ol; sin duda el tipo de p\u00fablico que es el sue\u00f1o de todo artista. Entre los asistentes, la ropa tambi\u00e9n jug\u00f3 un papel importante, portando atuendos propios de un fan de rap y haciendo gala de sus mejores pasos.<\/p>\n<p><a href=\"http:\/\/www.reconoce.mx\/wp-content\/uploads\/2017\/04\/mcklopedia.png\"><img loading=\"lazy\" decoding=\"async\" class=\"aligncenter size-full wp-image-59917\" src=\"http:\/\/www.reconoce.mx\/wp-content\/uploads\/2017\/04\/mcklopedia.png\" alt=\"\" width=\"590\" height=\"380\" srcset=\"http:\/\/www.reconoce.mx\/wp-content\/uploads\/2017\/04\/mcklopedia.png 590w, http:\/\/www.reconoce.mx\/wp-content\/uploads\/2017\/04\/mcklopedia-300x193.png 300w, http:\/\/www.reconoce.mx\/wp-content\/uploads\/2017\/04\/mcklopedia-150x97.png 150w\" sizes=\"auto, (max-width: 590px) 100vw, 590px\" \/><\/a><\/p>\n<p>La noche sigui\u00f3 con temas como \u00abEsto no para\u00bb, \u00abGuapo tarde\u00bb y \u00abViejos ciegos\u00bb, donde el rapero hizo gala de todas sus habilidades y fluidez al conducir a su audiencia a trav\u00e9s de sus ritmos.<\/p>\n<p>Fue as\u00ed como la visita de <strong>Kase.O<\/strong> a nuestra ciudad dej\u00f3 ver el porqu\u00e9 de la consagraci\u00f3n del espa\u00f1ol en el p\u00fablico de rap internacional; as\u00ed como el nivel de energ\u00eda y presencia que mantiene a este g\u00e9nero musical con gran vigencia e inter\u00e9s por parte del p\u00fablico mexicano.<\/p>\n<p>&nbsp;<\/p>\n<p>&nbsp;<\/p>\n","protected":false},"excerpt":{"rendered":"<p>Con un Pabell\u00f3n Cuervo lleno de fans, el rapero espa\u00f1ol KASE.O ofreci\u00f3 un show para el recuerdo el pasado viernes 7 de abril.<\/p>\n","protected":false},"author":2,"featured_media":59914,"comment_status":"open","ping_status":"open","sticky":false,"template":"","format":"standard","meta":{"footnotes":""},"categories":[1,18,17],"tags":[],"class_list":["post-59912","post","type-post","status-publish","format-standard","has-post-thumbnail","hentry","category-cultura","category-musica","category-principal"],"yoast_head":"<!-- This site is optimized with the Yoast SEO plugin v24.7 - https:\/\/yoast.com\/wordpress\/plugins\/seo\/ -->\n<title>Kase.O ofrece show para el recuerdo en Pabell\u00f3n Cuervo &#171; Reconoce MX<\/title>\n<meta name=\"robots\" content=\"index, follow, max-snippet:-1, max-image-preview:large, max-video-preview:-1\" \/>\n<link rel=\"canonical\" href=\"http:\/\/www.reconoce.mx\/?p=59912\" \/>\n<meta property=\"og:locale\" content=\"es_ES\" \/>\n<meta property=\"og:type\" content=\"article\" \/>\n<meta property=\"og:title\" content=\"Kase.O ofrece show para el recuerdo en Pabell\u00f3n Cuervo &#171; Reconoce MX\" \/>\n<meta property=\"og:description\" content=\"Con un Pabell\u00f3n Cuervo lleno de fans, el rapero espa\u00f1ol KASE.O ofreci\u00f3 un show para el recuerdo el pasado viernes 7 de abril.\" \/>\n<meta property=\"og:url\" content=\"http:\/\/www.reconoce.mx\/?p=59912\" \/>\n<meta property=\"og:site_name\" content=\"Reconoce MX\" \/>\n<meta property=\"article:publisher\" content=\"https:\/\/es-la.facebook.com\/ReconoceMX\/\" \/>\n<meta property=\"article:published_time\" content=\"2017-04-10T05:01:06+00:00\" \/>\n<meta property=\"og:image\" content=\"http:\/\/www.reconoce.mx\/wp-content\/uploads\/2017\/04\/kase.o-1.png\" \/>\n\t<meta property=\"og:image:width\" content=\"590\" \/>\n\t<meta property=\"og:image:height\" content=\"380\" \/>\n\t<meta property=\"og:image:type\" content=\"image\/png\" \/>\n<meta name=\"author\" content=\"Reconoce MX\" \/>\n<meta name=\"twitter:card\" content=\"summary_large_image\" \/>\n<meta name=\"twitter:creator\" content=\"@reconocemx\" \/>\n<meta name=\"twitter:site\" content=\"@reconocemx\" \/>\n<meta name=\"twitter:label1\" content=\"Escrito por\" \/>\n\t<meta name=\"twitter:data1\" content=\"Reconoce MX\" \/>\n\t<meta name=\"twitter:label2\" content=\"Tiempo de lectura\" \/>\n\t<meta name=\"twitter:data2\" content=\"2 minutos\" \/>\n<script type=\"application\/ld+json\" class=\"yoast-schema-graph\">{\"@context\":\"https:\/\/schema.org\",\"@graph\":[{\"@type\":\"Article\",\"@id\":\"http:\/\/www.reconoce.mx\/?p=59912#article\",\"isPartOf\":{\"@id\":\"http:\/\/www.reconoce.mx\/?p=59912\"},\"author\":{\"name\":\"Reconoce MX\",\"@id\":\"http:\/\/www.reconoce.mx\/#\/schema\/person\/2117e997d7051dc15d6880eaf9bca0b2\"},\"headline\":\"Kase.O ofrece show para el recuerdo en Pabell\u00f3n Cuervo\",\"datePublished\":\"2017-04-10T05:01:06+00:00\",\"mainEntityOfPage\":{\"@id\":\"http:\/\/www.reconoce.mx\/?p=59912\"},\"wordCount\":354,\"commentCount\":0,\"publisher\":{\"@id\":\"http:\/\/www.reconoce.mx\/#organization\"},\"image\":{\"@id\":\"http:\/\/www.reconoce.mx\/?p=59912#primaryimage\"},\"thumbnailUrl\":\"http:\/\/www.reconoce.mx\/wp-content\/uploads\/2017\/04\/kase.o-1.png\",\"articleSection\":[\"Cultura\",\"M\u00fasica\",\"Principal\"],\"inLanguage\":\"es\",\"potentialAction\":[{\"@type\":\"CommentAction\",\"name\":\"Comment\",\"target\":[\"http:\/\/www.reconoce.mx\/?p=59912#respond\"]}]},{\"@type\":\"WebPage\",\"@id\":\"http:\/\/www.reconoce.mx\/?p=59912\",\"url\":\"http:\/\/www.reconoce.mx\/?p=59912\",\"name\":\"Kase.O ofrece show para el recuerdo en Pabell\u00f3n Cuervo &#171; Reconoce MX\",\"isPartOf\":{\"@id\":\"http:\/\/www.reconoce.mx\/#website\"},\"primaryImageOfPage\":{\"@id\":\"http:\/\/www.reconoce.mx\/?p=59912#primaryimage\"},\"image\":{\"@id\":\"http:\/\/www.reconoce.mx\/?p=59912#primaryimage\"},\"thumbnailUrl\":\"http:\/\/www.reconoce.mx\/wp-content\/uploads\/2017\/04\/kase.o-1.png\",\"datePublished\":\"2017-04-10T05:01:06+00:00\",\"breadcrumb\":{\"@id\":\"http:\/\/www.reconoce.mx\/?p=59912#breadcrumb\"},\"inLanguage\":\"es\",\"potentialAction\":[{\"@type\":\"ReadAction\",\"target\":[\"http:\/\/www.reconoce.mx\/?p=59912\"]}]},{\"@type\":\"ImageObject\",\"inLanguage\":\"es\",\"@id\":\"http:\/\/www.reconoce.mx\/?p=59912#primaryimage\",\"url\":\"http:\/\/www.reconoce.mx\/wp-content\/uploads\/2017\/04\/kase.o-1.png\",\"contentUrl\":\"http:\/\/www.reconoce.mx\/wp-content\/uploads\/2017\/04\/kase.o-1.png\",\"width\":590,\"height\":380},{\"@type\":\"BreadcrumbList\",\"@id\":\"http:\/\/www.reconoce.mx\/?p=59912#breadcrumb\",\"itemListElement\":[{\"@type\":\"ListItem\",\"position\":1,\"name\":\"Portada\",\"item\":\"http:\/\/www.reconoce.mx\/\"},{\"@type\":\"ListItem\",\"position\":2,\"name\":\"Kase.O ofrece show para el recuerdo en Pabell\u00f3n Cuervo\"}]},{\"@type\":\"WebSite\",\"@id\":\"http:\/\/www.reconoce.mx\/#website\",\"url\":\"http:\/\/www.reconoce.mx\/\",\"name\":\"Reconoce MX\",\"description\":\"En Reconoce MX difundimos arte, cultura y conciencia social en M\u00e9xico. Tu ciudad en otra perspectiva.\",\"publisher\":{\"@id\":\"http:\/\/www.reconoce.mx\/#organization\"},\"potentialAction\":[{\"@type\":\"SearchAction\",\"target\":{\"@type\":\"EntryPoint\",\"urlTemplate\":\"http:\/\/www.reconoce.mx\/?s={search_term_string}\"},\"query-input\":{\"@type\":\"PropertyValueSpecification\",\"valueRequired\":true,\"valueName\":\"search_term_string\"}}],\"inLanguage\":\"es\"},{\"@type\":\"Organization\",\"@id\":\"http:\/\/www.reconoce.mx\/#organization\",\"name\":\"Reconoce MX\",\"url\":\"http:\/\/www.reconoce.mx\/\",\"logo\":{\"@type\":\"ImageObject\",\"inLanguage\":\"es\",\"@id\":\"http:\/\/www.reconoce.mx\/#\/schema\/logo\/image\/\",\"url\":\"https:\/\/www.reconoce.mx\/wp-content\/uploads\/2019\/03\/logorcmx-good-1.png\",\"contentUrl\":\"https:\/\/www.reconoce.mx\/wp-content\/uploads\/2019\/03\/logorcmx-good-1.png\",\"width\":280,\"height\":90,\"caption\":\"Reconoce MX\"},\"image\":{\"@id\":\"http:\/\/www.reconoce.mx\/#\/schema\/logo\/image\/\"},\"sameAs\":[\"https:\/\/es-la.facebook.com\/ReconoceMX\/\",\"https:\/\/x.com\/reconocemx\",\"http:\/\/@reconocemx\"]},{\"@type\":\"Person\",\"@id\":\"http:\/\/www.reconoce.mx\/#\/schema\/person\/2117e997d7051dc15d6880eaf9bca0b2\",\"name\":\"Reconoce MX\",\"image\":{\"@type\":\"ImageObject\",\"inLanguage\":\"es\",\"@id\":\"http:\/\/www.reconoce.mx\/#\/schema\/person\/image\/\",\"url\":\"https:\/\/secure.gravatar.com\/avatar\/6c8d4dc7569ca1c90c5fdcc349f839d5ddef6fe1e70b4337ead2ef1a4c43fc3a?s=96&d=identicon&r=g\",\"contentUrl\":\"https:\/\/secure.gravatar.com\/avatar\/6c8d4dc7569ca1c90c5fdcc349f839d5ddef6fe1e70b4337ead2ef1a4c43fc3a?s=96&d=identicon&r=g\",\"caption\":\"Reconoce MX\"},\"description\":\"Reconoce MX es un proyecto de difusi\u00f3n art\u00edstica, cultural y de conciencia social que est\u00e1 enfocado a difundir y fomentar el entretenimiento alternativo de calidad para todo el p\u00fablico que comparta el mismo entusiasmo.\",\"sameAs\":[\"http:\/\/www.reconoce.mx\"],\"url\":\"http:\/\/www.reconoce.mx\/?author=2\"}]}<\/script>\n<!-- \/ Yoast SEO plugin. -->","yoast_head_json":{"title":"Kase.O ofrece show para el recuerdo en Pabell\u00f3n Cuervo &#171; Reconoce MX","robots":{"index":"index","follow":"follow","max-snippet":"max-snippet:-1","max-image-preview":"max-image-preview:large","max-video-preview":"max-video-preview:-1"},"canonical":"http:\/\/www.reconoce.mx\/?p=59912","og_locale":"es_ES","og_type":"article","og_title":"Kase.O ofrece show para el recuerdo en Pabell\u00f3n Cuervo &#171; Reconoce MX","og_description":"Con un Pabell\u00f3n Cuervo lleno de fans, el rapero espa\u00f1ol KASE.O ofreci\u00f3 un show para el recuerdo el pasado viernes 7 de abril.","og_url":"http:\/\/www.reconoce.mx\/?p=59912","og_site_name":"Reconoce MX","article_publisher":"https:\/\/es-la.facebook.com\/ReconoceMX\/","article_published_time":"2017-04-10T05:01:06+00:00","og_image":[{"width":590,"height":380,"url":"http:\/\/www.reconoce.mx\/wp-content\/uploads\/2017\/04\/kase.o-1.png","type":"image\/png"}],"author":"Reconoce MX","twitter_card":"summary_large_image","twitter_creator":"@reconocemx","twitter_site":"@reconocemx","twitter_misc":{"Escrito por":"Reconoce MX","Tiempo de lectura":"2 minutos"},"schema":{"@context":"https:\/\/schema.org","@graph":[{"@type":"Article","@id":"http:\/\/www.reconoce.mx\/?p=59912#article","isPartOf":{"@id":"http:\/\/www.reconoce.mx\/?p=59912"},"author":{"name":"Reconoce MX","@id":"http:\/\/www.reconoce.mx\/#\/schema\/person\/2117e997d7051dc15d6880eaf9bca0b2"},"headline":"Kase.O ofrece show para el recuerdo en Pabell\u00f3n Cuervo","datePublished":"2017-04-10T05:01:06+00:00","mainEntityOfPage":{"@id":"http:\/\/www.reconoce.mx\/?p=59912"},"wordCount":354,"commentCount":0,"publisher":{"@id":"http:\/\/www.reconoce.mx\/#organization"},"image":{"@id":"http:\/\/www.reconoce.mx\/?p=59912#primaryimage"},"thumbnailUrl":"http:\/\/www.reconoce.mx\/wp-content\/uploads\/2017\/04\/kase.o-1.png","articleSection":["Cultura","M\u00fasica","Principal"],"inLanguage":"es","potentialAction":[{"@type":"CommentAction","name":"Comment","target":["http:\/\/www.reconoce.mx\/?p=59912#respond"]}]},{"@type":"WebPage","@id":"http:\/\/www.reconoce.mx\/?p=59912","url":"http:\/\/www.reconoce.mx\/?p=59912","name":"Kase.O ofrece show para el recuerdo en Pabell\u00f3n Cuervo &#171; Reconoce MX","isPartOf":{"@id":"http:\/\/www.reconoce.mx\/#website"},"primaryImageOfPage":{"@id":"http:\/\/www.reconoce.mx\/?p=59912#primaryimage"},"image":{"@id":"http:\/\/www.reconoce.mx\/?p=59912#primaryimage"},"thumbnailUrl":"http:\/\/www.reconoce.mx\/wp-content\/uploads\/2017\/04\/kase.o-1.png","datePublished":"2017-04-10T05:01:06+00:00","breadcrumb":{"@id":"http:\/\/www.reconoce.mx\/?p=59912#breadcrumb"},"inLanguage":"es","potentialAction":[{"@type":"ReadAction","target":["http:\/\/www.reconoce.mx\/?p=59912"]}]},{"@type":"ImageObject","inLanguage":"es","@id":"http:\/\/www.reconoce.mx\/?p=59912#primaryimage","url":"http:\/\/www.reconoce.mx\/wp-content\/uploads\/2017\/04\/kase.o-1.png","contentUrl":"http:\/\/www.reconoce.mx\/wp-content\/uploads\/2017\/04\/kase.o-1.png","width":590,"height":380},{"@type":"BreadcrumbList","@id":"http:\/\/www.reconoce.mx\/?p=59912#breadcrumb","itemListElement":[{"@type":"ListItem","position":1,"name":"Portada","item":"http:\/\/www.reconoce.mx\/"},{"@type":"ListItem","position":2,"name":"Kase.O ofrece show para el recuerdo en Pabell\u00f3n Cuervo"}]},{"@type":"WebSite","@id":"http:\/\/www.reconoce.mx\/#website","url":"http:\/\/www.reconoce.mx\/","name":"Reconoce MX","description":"En Reconoce MX difundimos arte, cultura y conciencia social en M\u00e9xico. Tu ciudad en otra perspectiva.","publisher":{"@id":"http:\/\/www.reconoce.mx\/#organization"},"potentialAction":[{"@type":"SearchAction","target":{"@type":"EntryPoint","urlTemplate":"http:\/\/www.reconoce.mx\/?s={search_term_string}"},"query-input":{"@type":"PropertyValueSpecification","valueRequired":true,"valueName":"search_term_string"}}],"inLanguage":"es"},{"@type":"Organization","@id":"http:\/\/www.reconoce.mx\/#organization","name":"Reconoce MX","url":"http:\/\/www.reconoce.mx\/","logo":{"@type":"ImageObject","inLanguage":"es","@id":"http:\/\/www.reconoce.mx\/#\/schema\/logo\/image\/","url":"https:\/\/www.reconoce.mx\/wp-content\/uploads\/2019\/03\/logorcmx-good-1.png","contentUrl":"https:\/\/www.reconoce.mx\/wp-content\/uploads\/2019\/03\/logorcmx-good-1.png","width":280,"height":90,"caption":"Reconoce MX"},"image":{"@id":"http:\/\/www.reconoce.mx\/#\/schema\/logo\/image\/"},"sameAs":["https:\/\/es-la.facebook.com\/ReconoceMX\/","https:\/\/x.com\/reconocemx","http:\/\/@reconocemx"]},{"@type":"Person","@id":"http:\/\/www.reconoce.mx\/#\/schema\/person\/2117e997d7051dc15d6880eaf9bca0b2","name":"Reconoce MX","image":{"@type":"ImageObject","inLanguage":"es","@id":"http:\/\/www.reconoce.mx\/#\/schema\/person\/image\/","url":"https:\/\/secure.gravatar.com\/avatar\/6c8d4dc7569ca1c90c5fdcc349f839d5ddef6fe1e70b4337ead2ef1a4c43fc3a?s=96&d=identicon&r=g","contentUrl":"https:\/\/secure.gravatar.com\/avatar\/6c8d4dc7569ca1c90c5fdcc349f839d5ddef6fe1e70b4337ead2ef1a4c43fc3a?s=96&d=identicon&r=g","caption":"Reconoce MX"},"description":"Reconoce MX es un proyecto de difusi\u00f3n art\u00edstica, cultural y de conciencia social que est\u00e1 enfocado a difundir y fomentar el entretenimiento alternativo de calidad para todo el p\u00fablico que comparta el mismo entusiasmo.","sameAs":["http:\/\/www.reconoce.mx"],"url":"http:\/\/www.reconoce.mx\/?author=2"}]}},"_links":{"self":[{"href":"http:\/\/www.reconoce.mx\/index.php?rest_route=\/wp\/v2\/posts\/59912","targetHints":{"allow":["GET"]}}],"collection":[{"href":"http:\/\/www.reconoce.mx\/index.php?rest_route=\/wp\/v2\/posts"}],"about":[{"href":"http:\/\/www.reconoce.mx\/index.php?rest_route=\/wp\/v2\/types\/post"}],"author":[{"embeddable":true,"href":"http:\/\/www.reconoce.mx\/index.php?rest_route=\/wp\/v2\/users\/2"}],"replies":[{"embeddable":true,"href":"http:\/\/www.reconoce.mx\/index.php?rest_route=%2Fwp%2Fv2%2Fcomments&post=59912"}],"version-history":[{"count":1,"href":"http:\/\/www.reconoce.mx\/index.php?rest_route=\/wp\/v2\/posts\/59912\/revisions"}],"predecessor-version":[{"id":59918,"href":"http:\/\/www.reconoce.mx\/index.php?rest_route=\/wp\/v2\/posts\/59912\/revisions\/59918"}],"wp:featuredmedia":[{"embeddable":true,"href":"http:\/\/www.reconoce.mx\/index.php?rest_route=\/wp\/v2\/media\/59914"}],"wp:attachment":[{"href":"http:\/\/www.reconoce.mx\/index.php?rest_route=%2Fwp%2Fv2%2Fmedia&parent=59912"}],"wp:term":[{"taxonomy":"category","embeddable":true,"href":"http:\/\/www.reconoce.mx\/index.php?rest_route=%2Fwp%2Fv2%2Fcategories&post=59912"},{"taxonomy":"post_tag","embeddable":true,"href":"http:\/\/www.reconoce.mx\/index.php?rest_route=%2Fwp%2Fv2%2Ftags&post=59912"}],"curies":[{"name":"wp","href":"https:\/\/api.w.org\/{rel}","templated":true}]}}