{"id":60366,"date":"2017-04-28T00:02:48","date_gmt":"2017-04-28T05:02:48","guid":{"rendered":"http:\/\/www.reconoce.mx\/?p=60366"},"modified":"2017-04-28T01:01:15","modified_gmt":"2017-04-28T06:01:15","slug":"lunario-cartelera-del-28-de-abril-al-04-de-mayo","status":"publish","type":"post","link":"http:\/\/www.reconoce.mx\/?p=60366","title":{"rendered":"Lunario: Cartelera del 28 de abril al 04 de mayo"},"content":{"rendered":"<p><strong>Por <a title=\"@AsfaltosTweets\" href=\"http:\/\/twitter.com\/AsfaltosTweets\" target=\"_blank\" rel=\"noopener noreferrer\">Asfaltos<\/a><\/strong>.<\/p>\n<p>Al caer la noche, en una ubicaci\u00f3n inmejorable como es Paseo de la Reforma, en el coraz\u00f3n del Bosque de Chapultepec, el foro alternativo del <strong>Auditorio Nacional<\/strong>, el <strong>Lunario<\/strong>, se convierte en un espacio \u00edntimo y confortable donde innumerables artistas, grupos, solistas, ensambles y compa\u00f1\u00edas de prestigio nacional e internacional, deleitan a los muy diversos p\u00fablicos que se permiten disfrutar de sus noches.<\/p>\n<p>Disfruta de la variopinta cartelera del <strong>Lunario del Auditorio Nacional<\/strong>, un sitio donde lo sentidos son atendidos sin reserva y s\u00ed con mucha calidez.<\/p>\n<h1>Susana Zabaleta <em>Lo que viene&#8230;<\/em><\/h1>\n<p>\/\/ abril 28; viernes; 21:00h<br \/>\n\/\/ precios: de $750.00 a $2,000.00<\/p>\n<p><a href=\"http:\/\/www.reconoce.mx\/wp-content\/uploads\/2017\/04\/17103698_10155087484644595_3357873839158120339_n.jpg\"><img loading=\"lazy\" decoding=\"async\" class=\"aligncenter size-full wp-image-60368\" src=\"http:\/\/www.reconoce.mx\/wp-content\/uploads\/2017\/04\/17103698_10155087484644595_3357873839158120339_n.jpg\" alt=\"\" width=\"630\" height=\"945\" srcset=\"http:\/\/www.reconoce.mx\/wp-content\/uploads\/2017\/04\/17103698_10155087484644595_3357873839158120339_n.jpg 630w, http:\/\/www.reconoce.mx\/wp-content\/uploads\/2017\/04\/17103698_10155087484644595_3357873839158120339_n-200x300.jpg 200w, http:\/\/www.reconoce.mx\/wp-content\/uploads\/2017\/04\/17103698_10155087484644595_3357873839158120339_n-150x225.jpg 150w, http:\/\/www.reconoce.mx\/wp-content\/uploads\/2017\/04\/17103698_10155087484644595_3357873839158120339_n-300x450.jpg 300w\" sizes=\"auto, (max-width: 630px) 100vw, 630px\" \/><\/a><\/p>\n<p>Luego de celebrar 30 a\u00f1os de trayectoria en este mismo escenario, <strong>Susana Zabaleta<\/strong> ofrecer\u00e1 un nuevo concierto, donde adelantar\u00e1 material del d\u00e9cimo tercer \u00e1lbum de su carrera, \u00abLo que viene&#8230;\u00bb. La int\u00e9rprete originaria de Monclova, Coahuila, se ha posicionado como una de las voces m\u00e1s vers\u00e1tiles y privilegiadas en M\u00e9xico, por su capacidad para interpretar diversos g\u00e9neros como \u00f3pera y balada, entre otros. Su m\u00e1s reciente producci\u00f3n es \u00abSZ30 &#8211; En vivo y a color\u00bb, en el que recopila su trayectoria en CD+DVD doble grabado en vivo. Adem\u00e1s de su faceta como cantante, Zabaleta se ha destacado como actriz en cine y televisi\u00f3n, y conjuntado ambas facetas en sus participaciones en comedias musicales como \u00abLos locos Adams\u00bb.<\/p>\n<h1><em>Mi abuela flamenca<\/em><\/h1>\n<p>\/\/ abril 29; s\u00e1bado; 18:00<br \/>\n\/\/ precios: $250.00<\/p>\n<p><a href=\"http:\/\/www.reconoce.mx\/wp-content\/uploads\/2017\/04\/C8mAKyTXYAABbvy.png-large.png\"><img loading=\"lazy\" decoding=\"async\" class=\"aligncenter size-full wp-image-60369\" src=\"http:\/\/www.reconoce.mx\/wp-content\/uploads\/2017\/04\/C8mAKyTXYAABbvy.png-large.png\" alt=\"\" width=\"1263\" height=\"2048\" srcset=\"http:\/\/www.reconoce.mx\/wp-content\/uploads\/2017\/04\/C8mAKyTXYAABbvy.png-large.png 1263w, http:\/\/www.reconoce.mx\/wp-content\/uploads\/2017\/04\/C8mAKyTXYAABbvy.png-large-185x300.png 185w, http:\/\/www.reconoce.mx\/wp-content\/uploads\/2017\/04\/C8mAKyTXYAABbvy.png-large-768x1245.png 768w, http:\/\/www.reconoce.mx\/wp-content\/uploads\/2017\/04\/C8mAKyTXYAABbvy.png-large-632x1024.png 632w, http:\/\/www.reconoce.mx\/wp-content\/uploads\/2017\/04\/C8mAKyTXYAABbvy.png-large-150x243.png 150w, http:\/\/www.reconoce.mx\/wp-content\/uploads\/2017\/04\/C8mAKyTXYAABbvy.png-large-700x1135.png 700w, http:\/\/www.reconoce.mx\/wp-content\/uploads\/2017\/04\/C8mAKyTXYAABbvy.png-large-658x1067.png 658w, http:\/\/www.reconoce.mx\/wp-content\/uploads\/2017\/04\/C8mAKyTXYAABbvy.png-large-300x486.png 300w\" sizes=\"auto, (max-width: 1263px) 100vw, 1263px\" \/><\/a><\/p>\n<p>\u00abMi abuela flamenca\u00bb es un espect\u00e1culo familiar de danza que presenta la compa\u00f1\u00eda <strong>Ca\u00f1a y Candela Pura<\/strong>, bajo la direcci\u00f3n de la maestra<strong> Lourdes Lecona<\/strong>. Con m\u00fasica y danzas tradicionales de Espa\u00f1a se narra la historia de Marianela, una ni\u00f1a que vive en una provincia de Espa\u00f1a y al igual que muchos otros ni\u00f1os y ni\u00f1as de su edad, vive inmersa en el mundo de la tecnolog\u00eda. Un d\u00eda, a trav\u00e9s de su abuela que es muy alegre, la ni\u00f1a descubre la vocaci\u00f3n de la danza.<\/p>\n<h1>Daniel Wong &amp; Friends IV<\/h1>\n<p>\/\/ abril 30; domingo; 18:00h<br \/>\n\/\/ precios: de $350.00 a $600.00<\/p>\n<p><a href=\"http:\/\/www.reconoce.mx\/wp-content\/uploads\/2017\/04\/Daniel-Wong-Friends-IV_el_lunario_2017-1.jpg\"><img loading=\"lazy\" decoding=\"async\" class=\"aligncenter size-full wp-image-60370\" src=\"http:\/\/www.reconoce.mx\/wp-content\/uploads\/2017\/04\/Daniel-Wong-Friends-IV_el_lunario_2017-1.jpg\" alt=\"\" width=\"812\" height=\"1136\" srcset=\"http:\/\/www.reconoce.mx\/wp-content\/uploads\/2017\/04\/Daniel-Wong-Friends-IV_el_lunario_2017-1.jpg 812w, http:\/\/www.reconoce.mx\/wp-content\/uploads\/2017\/04\/Daniel-Wong-Friends-IV_el_lunario_2017-1-214x300.jpg 214w, http:\/\/www.reconoce.mx\/wp-content\/uploads\/2017\/04\/Daniel-Wong-Friends-IV_el_lunario_2017-1-768x1074.jpg 768w, http:\/\/www.reconoce.mx\/wp-content\/uploads\/2017\/04\/Daniel-Wong-Friends-IV_el_lunario_2017-1-732x1024.jpg 732w, http:\/\/www.reconoce.mx\/wp-content\/uploads\/2017\/04\/Daniel-Wong-Friends-IV_el_lunario_2017-1-150x210.jpg 150w, http:\/\/www.reconoce.mx\/wp-content\/uploads\/2017\/04\/Daniel-Wong-Friends-IV_el_lunario_2017-1-700x979.jpg 700w, http:\/\/www.reconoce.mx\/wp-content\/uploads\/2017\/04\/Daniel-Wong-Friends-IV_el_lunario_2017-1-658x921.jpg 658w, http:\/\/www.reconoce.mx\/wp-content\/uploads\/2017\/04\/Daniel-Wong-Friends-IV_el_lunario_2017-1-300x420.jpg 300w\" sizes=\"auto, (max-width: 812px) 100vw, 812px\" \/><\/a><\/p>\n<p>Por cuarto a\u00f1o consecutivo, el pianista <strong>Daniel Wong<\/strong> llegar\u00e1 con invitados especiales al <strong>Lunario<\/strong> para celebrar el <strong>D\u00eda Internacional del Jazz<\/strong>. En esta ocasi\u00f3n encabeza el <strong>MAD Tr\u00edo<\/strong>, integrado tambi\u00e9n por Mario Garc\u00eda en la bater\u00eda y Arturo B\u00e1ez en el contrabajo, con quienes ha lanzado cuatro \u00e1lbumes. El m\u00fasico es considerado uno de los m\u00e1s destacados jazzistas del pa\u00eds. En su trayectoria destacan sus exitosas presentaciones en salas de concierto y en festivales de M\u00e9xico y de otros pa\u00edses, entre ellos el <strong>Blu Jazz Club<\/strong> de Singapur, y el <strong>Stara Zagora Jazz Festival<\/strong>. Como int\u00e9rprete, arreglista y productor, cuenta con una amplia producci\u00f3n discogr\u00e1fica en versiones de piano solo; con el <strong>Daniel Wong Tr\u00edo<\/strong>, acompa\u00f1ado en el contrabajo, por el estadounidense Eddie G\u00f3mez, y en otros formatos que incluyen a la <strong>Wong Gang<\/strong>, la <strong>Big Band Jazz de M\u00e9xico<\/strong> y la cantante <strong>Ingrid Beaujean<\/strong>.<\/p>\n<h1>Vicente Garc\u00eda<\/h1>\n<p>\/\/ mayo 4; jueves; 21:00h<br \/>\n\/\/ precios: preventa $400.00; d\u00eda del evento $450.00<\/p>\n<p><a href=\"http:\/\/www.reconoce.mx\/wp-content\/uploads\/2017\/04\/C99GS01UMAAex-7.jpg-large.jpg\"><img loading=\"lazy\" decoding=\"async\" class=\"aligncenter size-full wp-image-60371\" src=\"http:\/\/www.reconoce.mx\/wp-content\/uploads\/2017\/04\/C99GS01UMAAex-7.jpg-large.jpg\" alt=\"\" width=\"414\" height=\"640\" srcset=\"http:\/\/www.reconoce.mx\/wp-content\/uploads\/2017\/04\/C99GS01UMAAex-7.jpg-large.jpg 414w, http:\/\/www.reconoce.mx\/wp-content\/uploads\/2017\/04\/C99GS01UMAAex-7.jpg-large-194x300.jpg 194w, http:\/\/www.reconoce.mx\/wp-content\/uploads\/2017\/04\/C99GS01UMAAex-7.jpg-large-150x232.jpg 150w, http:\/\/www.reconoce.mx\/wp-content\/uploads\/2017\/04\/C99GS01UMAAex-7.jpg-large-300x464.jpg 300w\" sizes=\"auto, (max-width: 414px) 100vw, 414px\" \/><\/a><\/p>\n<p>A lo largo de su carrera musical el compositor, m\u00fasico y cantante dominicano, <strong>Vicente Garc\u00eda<\/strong>, ha explorado diversos g\u00e9neros musicales, entre ellos rock, funk, soul y jazz, ahora llegar\u00e1 al <strong>Lunario<\/strong> para presentar su propuesta de pop fusionada con ritmos caribe\u00f1os como la bachata. \u00c9sta f\u00f3rmula lo llev\u00f3 en 2011 a grabar su disco debut \u00abMelodrama\u00bb, con el que demostr\u00f3 su capacidad y talento al llevar al g\u00e9nero de la bachata a otro plano. Para su primer concierto en este foro, adem\u00e1s de cantar sus primeros \u00e9xitos, Garc\u00eda presentar\u00e1 su segundo disco \u00abA la mar\u00bb (2016), del que se desprende el sencillo \u00abCarmes\u00ed\u00bb, cuyo video rebasa los dos millones de reproducciones en YouTube.<\/p>\n<p>Boletos a la venta en taquilla y a trav\u00e9s del <a href=\"http:\/\/www.ticketmaster.com.mx\/Lunario-Del-Auditorio-Nacional-boletos-Mexico\/venue\/164051\" target=\"_blank\" rel=\"noopener noreferrer\">Sistema Ticketmaster<\/a>. <strong>Lunario<\/strong> se encuentra ubicado en Paseo de la Reforma #50, Polanco V Secc, Miguel Hidalgo, Ciudad de M\u00e9xico.<\/p>\n<p>&nbsp;<\/p>\n<p>&nbsp;<\/p>\n","protected":false},"excerpt":{"rendered":"<p>Disfruta de la variopinta cartelera del Lunario del Auditorio Nacional, un sitio donde lo sentidos son atendidos sin reserva y s\u00ed con mucha calidez.<\/p>\n","protected":false},"author":2,"featured_media":53154,"comment_status":"open","ping_status":"open","sticky":false,"template":"","format":"standard","meta":{"footnotes":""},"categories":[1,18,17],"tags":[],"class_list":["post-60366","post","type-post","status-publish","format-standard","has-post-thumbnail","hentry","category-cultura","category-musica","category-principal"],"yoast_head":"<!-- This site is optimized with the Yoast SEO plugin v24.7 - https:\/\/yoast.com\/wordpress\/plugins\/seo\/ -->\n<title>Lunario: Cartelera del 28 de abril al 04 de mayo &#171; Reconoce MX<\/title>\n<meta name=\"robots\" content=\"index, follow, max-snippet:-1, max-image-preview:large, max-video-preview:-1\" \/>\n<link rel=\"canonical\" href=\"http:\/\/www.reconoce.mx\/?p=60366\" \/>\n<meta property=\"og:locale\" content=\"es_ES\" \/>\n<meta property=\"og:type\" content=\"article\" \/>\n<meta property=\"og:title\" content=\"Lunario: Cartelera del 28 de abril al 04 de mayo &#171; Reconoce MX\" \/>\n<meta property=\"og:description\" content=\"Disfruta de la variopinta cartelera del Lunario del Auditorio Nacional, un sitio donde lo sentidos son atendidos sin reserva y s\u00ed con mucha calidez.\" \/>\n<meta property=\"og:url\" content=\"http:\/\/www.reconoce.mx\/?p=60366\" \/>\n<meta property=\"og:site_name\" content=\"Reconoce MX\" \/>\n<meta property=\"article:publisher\" content=\"https:\/\/es-la.facebook.com\/ReconoceMX\/\" \/>\n<meta property=\"article:published_time\" content=\"2017-04-28T05:02:48+00:00\" \/>\n<meta property=\"article:modified_time\" content=\"2017-04-28T06:01:15+00:00\" \/>\n<meta property=\"og:image\" content=\"http:\/\/www.reconoce.mx\/wp-content\/uploads\/2016\/10\/lunario.cover2_.png\" \/>\n\t<meta property=\"og:image:width\" content=\"590\" \/>\n\t<meta property=\"og:image:height\" content=\"380\" \/>\n\t<meta property=\"og:image:type\" content=\"image\/png\" \/>\n<meta name=\"author\" content=\"Reconoce MX\" \/>\n<meta name=\"twitter:card\" content=\"summary_large_image\" \/>\n<meta name=\"twitter:creator\" content=\"@reconocemx\" \/>\n<meta name=\"twitter:site\" content=\"@reconocemx\" \/>\n<meta name=\"twitter:label1\" content=\"Escrito por\" \/>\n\t<meta name=\"twitter:data1\" content=\"Reconoce MX\" \/>\n\t<meta name=\"twitter:label2\" content=\"Tiempo de lectura\" \/>\n\t<meta name=\"twitter:data2\" content=\"3 minutos\" \/>\n<script type=\"application\/ld+json\" class=\"yoast-schema-graph\">{\"@context\":\"https:\/\/schema.org\",\"@graph\":[{\"@type\":\"Article\",\"@id\":\"http:\/\/www.reconoce.mx\/?p=60366#article\",\"isPartOf\":{\"@id\":\"http:\/\/www.reconoce.mx\/?p=60366\"},\"author\":{\"name\":\"Reconoce MX\",\"@id\":\"http:\/\/www.reconoce.mx\/#\/schema\/person\/2117e997d7051dc15d6880eaf9bca0b2\"},\"headline\":\"Lunario: Cartelera del 28 de abril al 04 de mayo\",\"datePublished\":\"2017-04-28T05:02:48+00:00\",\"dateModified\":\"2017-04-28T06:01:15+00:00\",\"mainEntityOfPage\":{\"@id\":\"http:\/\/www.reconoce.mx\/?p=60366\"},\"wordCount\":688,\"commentCount\":0,\"publisher\":{\"@id\":\"http:\/\/www.reconoce.mx\/#organization\"},\"image\":{\"@id\":\"http:\/\/www.reconoce.mx\/?p=60366#primaryimage\"},\"thumbnailUrl\":\"http:\/\/www.reconoce.mx\/wp-content\/uploads\/2016\/10\/lunario.cover2_.png\",\"articleSection\":[\"Cultura\",\"M\u00fasica\",\"Principal\"],\"inLanguage\":\"es\",\"potentialAction\":[{\"@type\":\"CommentAction\",\"name\":\"Comment\",\"target\":[\"http:\/\/www.reconoce.mx\/?p=60366#respond\"]}]},{\"@type\":\"WebPage\",\"@id\":\"http:\/\/www.reconoce.mx\/?p=60366\",\"url\":\"http:\/\/www.reconoce.mx\/?p=60366\",\"name\":\"Lunario: Cartelera del 28 de abril al 04 de mayo &#171; Reconoce MX\",\"isPartOf\":{\"@id\":\"http:\/\/www.reconoce.mx\/#website\"},\"primaryImageOfPage\":{\"@id\":\"http:\/\/www.reconoce.mx\/?p=60366#primaryimage\"},\"image\":{\"@id\":\"http:\/\/www.reconoce.mx\/?p=60366#primaryimage\"},\"thumbnailUrl\":\"http:\/\/www.reconoce.mx\/wp-content\/uploads\/2016\/10\/lunario.cover2_.png\",\"datePublished\":\"2017-04-28T05:02:48+00:00\",\"dateModified\":\"2017-04-28T06:01:15+00:00\",\"breadcrumb\":{\"@id\":\"http:\/\/www.reconoce.mx\/?p=60366#breadcrumb\"},\"inLanguage\":\"es\",\"potentialAction\":[{\"@type\":\"ReadAction\",\"target\":[\"http:\/\/www.reconoce.mx\/?p=60366\"]}]},{\"@type\":\"ImageObject\",\"inLanguage\":\"es\",\"@id\":\"http:\/\/www.reconoce.mx\/?p=60366#primaryimage\",\"url\":\"http:\/\/www.reconoce.mx\/wp-content\/uploads\/2016\/10\/lunario.cover2_.png\",\"contentUrl\":\"http:\/\/www.reconoce.mx\/wp-content\/uploads\/2016\/10\/lunario.cover2_.png\",\"width\":590,\"height\":380},{\"@type\":\"BreadcrumbList\",\"@id\":\"http:\/\/www.reconoce.mx\/?p=60366#breadcrumb\",\"itemListElement\":[{\"@type\":\"ListItem\",\"position\":1,\"name\":\"Portada\",\"item\":\"http:\/\/www.reconoce.mx\/\"},{\"@type\":\"ListItem\",\"position\":2,\"name\":\"Lunario: Cartelera del 28 de abril al 04 de mayo\"}]},{\"@type\":\"WebSite\",\"@id\":\"http:\/\/www.reconoce.mx\/#website\",\"url\":\"http:\/\/www.reconoce.mx\/\",\"name\":\"Reconoce MX\",\"description\":\"En Reconoce MX difundimos arte, cultura y conciencia social en M\u00e9xico. Tu ciudad en otra perspectiva.\",\"publisher\":{\"@id\":\"http:\/\/www.reconoce.mx\/#organization\"},\"potentialAction\":[{\"@type\":\"SearchAction\",\"target\":{\"@type\":\"EntryPoint\",\"urlTemplate\":\"http:\/\/www.reconoce.mx\/?s={search_term_string}\"},\"query-input\":{\"@type\":\"PropertyValueSpecification\",\"valueRequired\":true,\"valueName\":\"search_term_string\"}}],\"inLanguage\":\"es\"},{\"@type\":\"Organization\",\"@id\":\"http:\/\/www.reconoce.mx\/#organization\",\"name\":\"Reconoce MX\",\"url\":\"http:\/\/www.reconoce.mx\/\",\"logo\":{\"@type\":\"ImageObject\",\"inLanguage\":\"es\",\"@id\":\"http:\/\/www.reconoce.mx\/#\/schema\/logo\/image\/\",\"url\":\"https:\/\/www.reconoce.mx\/wp-content\/uploads\/2019\/03\/logorcmx-good-1.png\",\"contentUrl\":\"https:\/\/www.reconoce.mx\/wp-content\/uploads\/2019\/03\/logorcmx-good-1.png\",\"width\":280,\"height\":90,\"caption\":\"Reconoce MX\"},\"image\":{\"@id\":\"http:\/\/www.reconoce.mx\/#\/schema\/logo\/image\/\"},\"sameAs\":[\"https:\/\/es-la.facebook.com\/ReconoceMX\/\",\"https:\/\/x.com\/reconocemx\",\"http:\/\/@reconocemx\"]},{\"@type\":\"Person\",\"@id\":\"http:\/\/www.reconoce.mx\/#\/schema\/person\/2117e997d7051dc15d6880eaf9bca0b2\",\"name\":\"Reconoce MX\",\"image\":{\"@type\":\"ImageObject\",\"inLanguage\":\"es\",\"@id\":\"http:\/\/www.reconoce.mx\/#\/schema\/person\/image\/\",\"url\":\"https:\/\/secure.gravatar.com\/avatar\/6c8d4dc7569ca1c90c5fdcc349f839d5ddef6fe1e70b4337ead2ef1a4c43fc3a?s=96&d=identicon&r=g\",\"contentUrl\":\"https:\/\/secure.gravatar.com\/avatar\/6c8d4dc7569ca1c90c5fdcc349f839d5ddef6fe1e70b4337ead2ef1a4c43fc3a?s=96&d=identicon&r=g\",\"caption\":\"Reconoce MX\"},\"description\":\"Reconoce MX es un proyecto de difusi\u00f3n art\u00edstica, cultural y de conciencia social que est\u00e1 enfocado a difundir y fomentar el entretenimiento alternativo de calidad para todo el p\u00fablico que comparta el mismo entusiasmo.\",\"sameAs\":[\"http:\/\/www.reconoce.mx\"],\"url\":\"http:\/\/www.reconoce.mx\/?author=2\"}]}<\/script>\n<!-- \/ Yoast SEO plugin. -->","yoast_head_json":{"title":"Lunario: Cartelera del 28 de abril al 04 de mayo &#171; Reconoce MX","robots":{"index":"index","follow":"follow","max-snippet":"max-snippet:-1","max-image-preview":"max-image-preview:large","max-video-preview":"max-video-preview:-1"},"canonical":"http:\/\/www.reconoce.mx\/?p=60366","og_locale":"es_ES","og_type":"article","og_title":"Lunario: Cartelera del 28 de abril al 04 de mayo &#171; Reconoce MX","og_description":"Disfruta de la variopinta cartelera del Lunario del Auditorio Nacional, un sitio donde lo sentidos son atendidos sin reserva y s\u00ed con mucha calidez.","og_url":"http:\/\/www.reconoce.mx\/?p=60366","og_site_name":"Reconoce MX","article_publisher":"https:\/\/es-la.facebook.com\/ReconoceMX\/","article_published_time":"2017-04-28T05:02:48+00:00","article_modified_time":"2017-04-28T06:01:15+00:00","og_image":[{"width":590,"height":380,"url":"http:\/\/www.reconoce.mx\/wp-content\/uploads\/2016\/10\/lunario.cover2_.png","type":"image\/png"}],"author":"Reconoce MX","twitter_card":"summary_large_image","twitter_creator":"@reconocemx","twitter_site":"@reconocemx","twitter_misc":{"Escrito por":"Reconoce MX","Tiempo de lectura":"3 minutos"},"schema":{"@context":"https:\/\/schema.org","@graph":[{"@type":"Article","@id":"http:\/\/www.reconoce.mx\/?p=60366#article","isPartOf":{"@id":"http:\/\/www.reconoce.mx\/?p=60366"},"author":{"name":"Reconoce MX","@id":"http:\/\/www.reconoce.mx\/#\/schema\/person\/2117e997d7051dc15d6880eaf9bca0b2"},"headline":"Lunario: Cartelera del 28 de abril al 04 de mayo","datePublished":"2017-04-28T05:02:48+00:00","dateModified":"2017-04-28T06:01:15+00:00","mainEntityOfPage":{"@id":"http:\/\/www.reconoce.mx\/?p=60366"},"wordCount":688,"commentCount":0,"publisher":{"@id":"http:\/\/www.reconoce.mx\/#organization"},"image":{"@id":"http:\/\/www.reconoce.mx\/?p=60366#primaryimage"},"thumbnailUrl":"http:\/\/www.reconoce.mx\/wp-content\/uploads\/2016\/10\/lunario.cover2_.png","articleSection":["Cultura","M\u00fasica","Principal"],"inLanguage":"es","potentialAction":[{"@type":"CommentAction","name":"Comment","target":["http:\/\/www.reconoce.mx\/?p=60366#respond"]}]},{"@type":"WebPage","@id":"http:\/\/www.reconoce.mx\/?p=60366","url":"http:\/\/www.reconoce.mx\/?p=60366","name":"Lunario: Cartelera del 28 de abril al 04 de mayo &#171; Reconoce MX","isPartOf":{"@id":"http:\/\/www.reconoce.mx\/#website"},"primaryImageOfPage":{"@id":"http:\/\/www.reconoce.mx\/?p=60366#primaryimage"},"image":{"@id":"http:\/\/www.reconoce.mx\/?p=60366#primaryimage"},"thumbnailUrl":"http:\/\/www.reconoce.mx\/wp-content\/uploads\/2016\/10\/lunario.cover2_.png","datePublished":"2017-04-28T05:02:48+00:00","dateModified":"2017-04-28T06:01:15+00:00","breadcrumb":{"@id":"http:\/\/www.reconoce.mx\/?p=60366#breadcrumb"},"inLanguage":"es","potentialAction":[{"@type":"ReadAction","target":["http:\/\/www.reconoce.mx\/?p=60366"]}]},{"@type":"ImageObject","inLanguage":"es","@id":"http:\/\/www.reconoce.mx\/?p=60366#primaryimage","url":"http:\/\/www.reconoce.mx\/wp-content\/uploads\/2016\/10\/lunario.cover2_.png","contentUrl":"http:\/\/www.reconoce.mx\/wp-content\/uploads\/2016\/10\/lunario.cover2_.png","width":590,"height":380},{"@type":"BreadcrumbList","@id":"http:\/\/www.reconoce.mx\/?p=60366#breadcrumb","itemListElement":[{"@type":"ListItem","position":1,"name":"Portada","item":"http:\/\/www.reconoce.mx\/"},{"@type":"ListItem","position":2,"name":"Lunario: Cartelera del 28 de abril al 04 de mayo"}]},{"@type":"WebSite","@id":"http:\/\/www.reconoce.mx\/#website","url":"http:\/\/www.reconoce.mx\/","name":"Reconoce MX","description":"En Reconoce MX difundimos arte, cultura y conciencia social en M\u00e9xico. Tu ciudad en otra perspectiva.","publisher":{"@id":"http:\/\/www.reconoce.mx\/#organization"},"potentialAction":[{"@type":"SearchAction","target":{"@type":"EntryPoint","urlTemplate":"http:\/\/www.reconoce.mx\/?s={search_term_string}"},"query-input":{"@type":"PropertyValueSpecification","valueRequired":true,"valueName":"search_term_string"}}],"inLanguage":"es"},{"@type":"Organization","@id":"http:\/\/www.reconoce.mx\/#organization","name":"Reconoce MX","url":"http:\/\/www.reconoce.mx\/","logo":{"@type":"ImageObject","inLanguage":"es","@id":"http:\/\/www.reconoce.mx\/#\/schema\/logo\/image\/","url":"https:\/\/www.reconoce.mx\/wp-content\/uploads\/2019\/03\/logorcmx-good-1.png","contentUrl":"https:\/\/www.reconoce.mx\/wp-content\/uploads\/2019\/03\/logorcmx-good-1.png","width":280,"height":90,"caption":"Reconoce MX"},"image":{"@id":"http:\/\/www.reconoce.mx\/#\/schema\/logo\/image\/"},"sameAs":["https:\/\/es-la.facebook.com\/ReconoceMX\/","https:\/\/x.com\/reconocemx","http:\/\/@reconocemx"]},{"@type":"Person","@id":"http:\/\/www.reconoce.mx\/#\/schema\/person\/2117e997d7051dc15d6880eaf9bca0b2","name":"Reconoce MX","image":{"@type":"ImageObject","inLanguage":"es","@id":"http:\/\/www.reconoce.mx\/#\/schema\/person\/image\/","url":"https:\/\/secure.gravatar.com\/avatar\/6c8d4dc7569ca1c90c5fdcc349f839d5ddef6fe1e70b4337ead2ef1a4c43fc3a?s=96&d=identicon&r=g","contentUrl":"https:\/\/secure.gravatar.com\/avatar\/6c8d4dc7569ca1c90c5fdcc349f839d5ddef6fe1e70b4337ead2ef1a4c43fc3a?s=96&d=identicon&r=g","caption":"Reconoce MX"},"description":"Reconoce MX es un proyecto de difusi\u00f3n art\u00edstica, cultural y de conciencia social que est\u00e1 enfocado a difundir y fomentar el entretenimiento alternativo de calidad para todo el p\u00fablico que comparta el mismo entusiasmo.","sameAs":["http:\/\/www.reconoce.mx"],"url":"http:\/\/www.reconoce.mx\/?author=2"}]}},"_links":{"self":[{"href":"http:\/\/www.reconoce.mx\/index.php?rest_route=\/wp\/v2\/posts\/60366","targetHints":{"allow":["GET"]}}],"collection":[{"href":"http:\/\/www.reconoce.mx\/index.php?rest_route=\/wp\/v2\/posts"}],"about":[{"href":"http:\/\/www.reconoce.mx\/index.php?rest_route=\/wp\/v2\/types\/post"}],"author":[{"embeddable":true,"href":"http:\/\/www.reconoce.mx\/index.php?rest_route=\/wp\/v2\/users\/2"}],"replies":[{"embeddable":true,"href":"http:\/\/www.reconoce.mx\/index.php?rest_route=%2Fwp%2Fv2%2Fcomments&post=60366"}],"version-history":[{"count":3,"href":"http:\/\/www.reconoce.mx\/index.php?rest_route=\/wp\/v2\/posts\/60366\/revisions"}],"predecessor-version":[{"id":60373,"href":"http:\/\/www.reconoce.mx\/index.php?rest_route=\/wp\/v2\/posts\/60366\/revisions\/60373"}],"wp:featuredmedia":[{"embeddable":true,"href":"http:\/\/www.reconoce.mx\/index.php?rest_route=\/wp\/v2\/media\/53154"}],"wp:attachment":[{"href":"http:\/\/www.reconoce.mx\/index.php?rest_route=%2Fwp%2Fv2%2Fmedia&parent=60366"}],"wp:term":[{"taxonomy":"category","embeddable":true,"href":"http:\/\/www.reconoce.mx\/index.php?rest_route=%2Fwp%2Fv2%2Fcategories&post=60366"},{"taxonomy":"post_tag","embeddable":true,"href":"http:\/\/www.reconoce.mx\/index.php?rest_route=%2Fwp%2Fv2%2Ftags&post=60366"}],"curies":[{"name":"wp","href":"https:\/\/api.w.org\/{rel}","templated":true}]}}