{"id":60374,"date":"2017-04-28T00:03:41","date_gmt":"2017-04-28T05:03:41","guid":{"rendered":"http:\/\/www.reconoce.mx\/?p=60374"},"modified":"2017-04-28T01:01:09","modified_gmt":"2017-04-28T06:01:09","slug":"el-plaza-condesa-cartelera-del-28-de-abril-al-04-de-mayo","status":"publish","type":"post","link":"http:\/\/www.reconoce.mx\/?p=60374","title":{"rendered":"El Plaza Condesa: Cartelera del 28 de abril al 04 de mayo"},"content":{"rendered":"<p><strong>Por <a title=\"@AsfaltosTweets\" href=\"http:\/\/twitter.com\/AsfaltosTweets\" target=\"_blank\" rel=\"noopener noreferrer\">Asfaltos<\/a><\/strong>.<\/p>\n<p>Construido entre 1952 y 1973,<strong> El Plaza Condesa<\/strong> es hoy uno de los foros musicales m\u00e1s importantes de nuestro pa\u00eds y la capital. Ubicado en un sitio privilegiado, en la colonia Condesa rodeado de los parques Espa\u00f1a y M\u00e9xico, as\u00ed como rodeado de librer\u00edas, restaurantes y galer\u00edas de arte, la historia de <strong>El Plaza<\/strong> como foro musical inici\u00f3 el 14 de septiembre de 2011, d\u00eda en el que fue reinaugurado tras una importante remodelaci\u00f3n.<\/p>\n<p>En el mejor \u00e1nimo de que pasen un gran momento, ustedes amantes de la m\u00fasica, les comaprtimos de manera semanal la cartelera de <strong>El Plaza Condesa<\/strong>.<\/p>\n<h1><strong>Morat<br \/>\n<\/strong><\/h1>\n<p>\/\/ abril 28, viernes, 21:00h; abril 29, s\u00e1bado, 20:00h<br \/>\n\/\/ precios: balc\u00f3n y palco $1,000.00; pista $550.00<\/p>\n<p><a href=\"http:\/\/www.reconoce.mx\/wp-content\/uploads\/2017\/04\/Arte-Morat-Sold-Out.jpg\"><img loading=\"lazy\" decoding=\"async\" class=\"aligncenter size-full wp-image-60376\" src=\"http:\/\/www.reconoce.mx\/wp-content\/uploads\/2017\/04\/Arte-Morat-Sold-Out.jpg\" alt=\"\" width=\"998\" height=\"1533\" srcset=\"http:\/\/www.reconoce.mx\/wp-content\/uploads\/2017\/04\/Arte-Morat-Sold-Out.jpg 998w, http:\/\/www.reconoce.mx\/wp-content\/uploads\/2017\/04\/Arte-Morat-Sold-Out-195x300.jpg 195w, http:\/\/www.reconoce.mx\/wp-content\/uploads\/2017\/04\/Arte-Morat-Sold-Out-768x1180.jpg 768w, http:\/\/www.reconoce.mx\/wp-content\/uploads\/2017\/04\/Arte-Morat-Sold-Out-667x1024.jpg 667w, http:\/\/www.reconoce.mx\/wp-content\/uploads\/2017\/04\/Arte-Morat-Sold-Out-150x230.jpg 150w, http:\/\/www.reconoce.mx\/wp-content\/uploads\/2017\/04\/Arte-Morat-Sold-Out-700x1075.jpg 700w, http:\/\/www.reconoce.mx\/wp-content\/uploads\/2017\/04\/Arte-Morat-Sold-Out-658x1011.jpg 658w, http:\/\/www.reconoce.mx\/wp-content\/uploads\/2017\/04\/Arte-Morat-Sold-Out-300x461.jpg 300w\" sizes=\"auto, (max-width: 998px) 100vw, 998px\" \/><\/a><br \/>\n<strong>Morat<\/strong>, el fen\u00f3meno musical de Espa\u00f1a y Latinoam\u00e9rica llegar\u00e1 por primera vez a Ciudad de M\u00e9xico este 29 de abril para cantar en vivo sus grandes \u00e9xitos en <strong>El Plaza Condesa<\/strong>. En esta velada podr\u00e1n cantar temas como \u00abC\u00f3mo te atreves\u00bb, \u00abMi nuevo vicio\u00bb y \u00abCu\u00e1nto me duele\u00bb.<\/p>\n<p>Los boletos -lamentablemente- ya est\u00e1n agotados.<\/p>\n<h1><strong>Phantogram<br \/>\n<\/strong><\/h1>\n<p>\/\/ mayo 02, martes, 21:00h<br \/>\n\/\/ precios: balc\u00f3n $720.00; palco $680.00; pista $490.00<\/p>\n<p><a href=\"http:\/\/www.reconoce.mx\/wp-content\/uploads\/2017\/04\/Phantogram-Arte-baja.jpg\"><img loading=\"lazy\" decoding=\"async\" class=\"aligncenter size-full wp-image-60377\" src=\"http:\/\/www.reconoce.mx\/wp-content\/uploads\/2017\/04\/Phantogram-Arte-baja.jpg\" alt=\"\" width=\"2588\" height=\"4000\" srcset=\"http:\/\/www.reconoce.mx\/wp-content\/uploads\/2017\/04\/Phantogram-Arte-baja.jpg 2588w, http:\/\/www.reconoce.mx\/wp-content\/uploads\/2017\/04\/Phantogram-Arte-baja-194x300.jpg 194w, http:\/\/www.reconoce.mx\/wp-content\/uploads\/2017\/04\/Phantogram-Arte-baja-768x1187.jpg 768w, http:\/\/www.reconoce.mx\/wp-content\/uploads\/2017\/04\/Phantogram-Arte-baja-663x1024.jpg 663w, http:\/\/www.reconoce.mx\/wp-content\/uploads\/2017\/04\/Phantogram-Arte-baja-150x232.jpg 150w, http:\/\/www.reconoce.mx\/wp-content\/uploads\/2017\/04\/Phantogram-Arte-baja-700x1082.jpg 700w, http:\/\/www.reconoce.mx\/wp-content\/uploads\/2017\/04\/Phantogram-Arte-baja-658x1017.jpg 658w, http:\/\/www.reconoce.mx\/wp-content\/uploads\/2017\/04\/Phantogram-Arte-baja-300x464.jpg 300w\" sizes=\"auto, (max-width: 2588px) 100vw, 2588px\" \/><\/a><br \/>\n<strong>Phantogram<\/strong>, el dueto neoyorkino integrado por Sarah Barthel y Josh Carterl, regresar\u00e1 a Ciudad de M\u00e9xico este 2 de mayo como parte de la gira promocional de su m\u00e1s reciente \u00e1lbum titulado \u00abThree\u00bb. <strong>El Plaza Condesa<\/strong> ser\u00e1 el punto de encuentro con su nutrida base de seguidores quienes podr\u00e1n corear temas como \u00abWhen I&#8217;m small\u00bb y \u00abFall in love\u00bb, por mencionar algunos.<\/p>\n<p>Con \u00abThree\u00bb, tercer \u00e1lbum de estudio de <strong>Phantogram<\/strong>, el d\u00fao emprende una direcci\u00f3n creativa muy distinta a sus discos anteriores, retomando elementos del afrobeat y r&amp;b de los a\u00f1os 60 al crear los ritmos constantes que forman la base del \u00e1lbum. Esta vez regresan con un sonido m\u00e1s obscuro, revestido de texturas nuevas y experimentales sin perder el sonido caracter\u00edstico que ha puesto a la agrupaci\u00f3n en el gusto del p\u00fablico.<\/p>\n<p><strong>Phantogram<\/strong> es el resultado de la amistad entre Sarah y Josh. Su estilo es una mezcla de g\u00e9neros que van desde el trip-hop, electro rock, dream pop, la electr\u00f3nica y la m\u00fasica experimental.<\/p>\n<p>La banda tiene sus or\u00edgenes en el 2009 con el lanzamiento de su \u00e1lbum debut \u00abEyelid movies\u00bb (2009), el cual fue recibido con cr\u00edticas muy positivas tanto en Estados Unidos como en Canad\u00e1. De entonces a la fecha han lanzado dos discos m\u00e1s, \u00abVoices\u00bb (2014) y \u00abThree\u00bb (2016).<\/p>\n<p>Los boletos para descubrir en vivo los nuevos temas de <strong>Phantogram<\/strong> est\u00e1n disponibles en taquillas y la red <a href=\"http:\/\/www.ticketmaster.com.mx\/phantogram-mexico-distrito-federal-02-05-2017\/event\/14005263AF98F8AC?artistid=1384147&amp;majorcatid=10001&amp;minorcatid=826\" target=\"_blank\" rel=\"noopener noreferrer\">Ticketmaster<\/a>.<\/p>\n<p><strong>El Plaza Condesa<\/strong> se encuentra ubicado en Juan Escutia #4, Condesa, Cuauht\u00e9moc, Ciudad de M\u00e9xico.<\/p>\n<p>&nbsp;<\/p>\n<p>&nbsp;<\/p>\n","protected":false},"excerpt":{"rendered":"<p>En el mejor \u00e1nimo de que pasen un gran momento, ustedes amantes de la m\u00fasica, les compartimos de manera semanal la cartelera de El Plaza Condesa.<\/p>\n","protected":false},"author":2,"featured_media":43737,"comment_status":"open","ping_status":"open","sticky":false,"template":"","format":"standard","meta":{"footnotes":""},"categories":[1,18,17],"tags":[],"class_list":["post-60374","post","type-post","status-publish","format-standard","has-post-thumbnail","hentry","category-cultura","category-musica","category-principal"],"yoast_head":"<!-- This site is optimized with the Yoast SEO plugin v24.7 - https:\/\/yoast.com\/wordpress\/plugins\/seo\/ -->\n<title>El Plaza Condesa: Cartelera del 28 de abril al 04 de mayo &#171; Reconoce MX<\/title>\n<meta name=\"robots\" content=\"index, follow, max-snippet:-1, max-image-preview:large, max-video-preview:-1\" \/>\n<link rel=\"canonical\" href=\"https:\/\/www.reconoce.mx\/?p=60374\" \/>\n<meta property=\"og:locale\" content=\"es_ES\" \/>\n<meta property=\"og:type\" content=\"article\" \/>\n<meta property=\"og:title\" content=\"El Plaza Condesa: Cartelera del 28 de abril al 04 de mayo &#171; Reconoce MX\" \/>\n<meta property=\"og:description\" content=\"En el mejor \u00e1nimo de que pasen un gran momento, ustedes amantes de la m\u00fasica, les compartimos de manera semanal la cartelera de El Plaza Condesa.\" \/>\n<meta property=\"og:url\" content=\"https:\/\/www.reconoce.mx\/?p=60374\" \/>\n<meta property=\"og:site_name\" content=\"Reconoce MX\" \/>\n<meta property=\"article:publisher\" content=\"https:\/\/es-la.facebook.com\/ReconoceMX\/\" \/>\n<meta property=\"article:published_time\" content=\"2017-04-28T05:03:41+00:00\" \/>\n<meta property=\"article:modified_time\" content=\"2017-04-28T06:01:09+00:00\" \/>\n<meta property=\"og:image\" content=\"https:\/\/www.reconoce.mx\/wp-content\/uploads\/2016\/01\/elplaza-condesa.png\" \/>\n\t<meta property=\"og:image:width\" content=\"570\" \/>\n\t<meta property=\"og:image:height\" content=\"360\" \/>\n\t<meta property=\"og:image:type\" content=\"image\/png\" \/>\n<meta name=\"author\" content=\"Reconoce MX\" \/>\n<meta name=\"twitter:card\" content=\"summary_large_image\" \/>\n<meta name=\"twitter:creator\" content=\"@reconocemx\" \/>\n<meta name=\"twitter:site\" content=\"@reconocemx\" \/>\n<meta name=\"twitter:label1\" content=\"Escrito por\" \/>\n\t<meta name=\"twitter:data1\" content=\"Reconoce MX\" \/>\n\t<meta name=\"twitter:label2\" content=\"Tiempo de lectura\" \/>\n\t<meta name=\"twitter:data2\" content=\"2 minutos\" \/>\n<script type=\"application\/ld+json\" class=\"yoast-schema-graph\">{\"@context\":\"https:\/\/schema.org\",\"@graph\":[{\"@type\":\"Article\",\"@id\":\"https:\/\/www.reconoce.mx\/?p=60374#article\",\"isPartOf\":{\"@id\":\"https:\/\/www.reconoce.mx\/?p=60374\"},\"author\":{\"name\":\"Reconoce MX\",\"@id\":\"http:\/\/www.reconoce.mx\/#\/schema\/person\/2117e997d7051dc15d6880eaf9bca0b2\"},\"headline\":\"El Plaza Condesa: Cartelera del 28 de abril al 04 de mayo\",\"datePublished\":\"2017-04-28T05:03:41+00:00\",\"dateModified\":\"2017-04-28T06:01:09+00:00\",\"mainEntityOfPage\":{\"@id\":\"https:\/\/www.reconoce.mx\/?p=60374\"},\"wordCount\":465,\"commentCount\":0,\"publisher\":{\"@id\":\"http:\/\/www.reconoce.mx\/#organization\"},\"image\":{\"@id\":\"https:\/\/www.reconoce.mx\/?p=60374#primaryimage\"},\"thumbnailUrl\":\"http:\/\/www.reconoce.mx\/wp-content\/uploads\/2016\/01\/elplaza-condesa.png\",\"articleSection\":[\"Cultura\",\"M\u00fasica\",\"Principal\"],\"inLanguage\":\"es\",\"potentialAction\":[{\"@type\":\"CommentAction\",\"name\":\"Comment\",\"target\":[\"https:\/\/www.reconoce.mx\/?p=60374#respond\"]}]},{\"@type\":\"WebPage\",\"@id\":\"https:\/\/www.reconoce.mx\/?p=60374\",\"url\":\"https:\/\/www.reconoce.mx\/?p=60374\",\"name\":\"El Plaza Condesa: Cartelera del 28 de abril al 04 de mayo &#171; Reconoce MX\",\"isPartOf\":{\"@id\":\"http:\/\/www.reconoce.mx\/#website\"},\"primaryImageOfPage\":{\"@id\":\"https:\/\/www.reconoce.mx\/?p=60374#primaryimage\"},\"image\":{\"@id\":\"https:\/\/www.reconoce.mx\/?p=60374#primaryimage\"},\"thumbnailUrl\":\"http:\/\/www.reconoce.mx\/wp-content\/uploads\/2016\/01\/elplaza-condesa.png\",\"datePublished\":\"2017-04-28T05:03:41+00:00\",\"dateModified\":\"2017-04-28T06:01:09+00:00\",\"breadcrumb\":{\"@id\":\"https:\/\/www.reconoce.mx\/?p=60374#breadcrumb\"},\"inLanguage\":\"es\",\"potentialAction\":[{\"@type\":\"ReadAction\",\"target\":[\"https:\/\/www.reconoce.mx\/?p=60374\"]}]},{\"@type\":\"ImageObject\",\"inLanguage\":\"es\",\"@id\":\"https:\/\/www.reconoce.mx\/?p=60374#primaryimage\",\"url\":\"http:\/\/www.reconoce.mx\/wp-content\/uploads\/2016\/01\/elplaza-condesa.png\",\"contentUrl\":\"http:\/\/www.reconoce.mx\/wp-content\/uploads\/2016\/01\/elplaza-condesa.png\",\"width\":570,\"height\":360},{\"@type\":\"BreadcrumbList\",\"@id\":\"https:\/\/www.reconoce.mx\/?p=60374#breadcrumb\",\"itemListElement\":[{\"@type\":\"ListItem\",\"position\":1,\"name\":\"Portada\",\"item\":\"http:\/\/www.reconoce.mx\/\"},{\"@type\":\"ListItem\",\"position\":2,\"name\":\"El Plaza Condesa: Cartelera del 28 de abril al 04 de mayo\"}]},{\"@type\":\"WebSite\",\"@id\":\"http:\/\/www.reconoce.mx\/#website\",\"url\":\"http:\/\/www.reconoce.mx\/\",\"name\":\"Reconoce MX\",\"description\":\"En Reconoce MX difundimos arte, cultura y conciencia social en M\u00e9xico. Tu ciudad en otra perspectiva.\",\"publisher\":{\"@id\":\"http:\/\/www.reconoce.mx\/#organization\"},\"potentialAction\":[{\"@type\":\"SearchAction\",\"target\":{\"@type\":\"EntryPoint\",\"urlTemplate\":\"http:\/\/www.reconoce.mx\/?s={search_term_string}\"},\"query-input\":{\"@type\":\"PropertyValueSpecification\",\"valueRequired\":true,\"valueName\":\"search_term_string\"}}],\"inLanguage\":\"es\"},{\"@type\":\"Organization\",\"@id\":\"http:\/\/www.reconoce.mx\/#organization\",\"name\":\"Reconoce MX\",\"url\":\"http:\/\/www.reconoce.mx\/\",\"logo\":{\"@type\":\"ImageObject\",\"inLanguage\":\"es\",\"@id\":\"http:\/\/www.reconoce.mx\/#\/schema\/logo\/image\/\",\"url\":\"https:\/\/www.reconoce.mx\/wp-content\/uploads\/2019\/03\/logorcmx-good-1.png\",\"contentUrl\":\"https:\/\/www.reconoce.mx\/wp-content\/uploads\/2019\/03\/logorcmx-good-1.png\",\"width\":280,\"height\":90,\"caption\":\"Reconoce MX\"},\"image\":{\"@id\":\"http:\/\/www.reconoce.mx\/#\/schema\/logo\/image\/\"},\"sameAs\":[\"https:\/\/es-la.facebook.com\/ReconoceMX\/\",\"https:\/\/x.com\/reconocemx\",\"http:\/\/@reconocemx\"]},{\"@type\":\"Person\",\"@id\":\"http:\/\/www.reconoce.mx\/#\/schema\/person\/2117e997d7051dc15d6880eaf9bca0b2\",\"name\":\"Reconoce MX\",\"image\":{\"@type\":\"ImageObject\",\"inLanguage\":\"es\",\"@id\":\"http:\/\/www.reconoce.mx\/#\/schema\/person\/image\/\",\"url\":\"https:\/\/secure.gravatar.com\/avatar\/6c8d4dc7569ca1c90c5fdcc349f839d5ddef6fe1e70b4337ead2ef1a4c43fc3a?s=96&d=identicon&r=g\",\"contentUrl\":\"https:\/\/secure.gravatar.com\/avatar\/6c8d4dc7569ca1c90c5fdcc349f839d5ddef6fe1e70b4337ead2ef1a4c43fc3a?s=96&d=identicon&r=g\",\"caption\":\"Reconoce MX\"},\"description\":\"Reconoce MX es un proyecto de difusi\u00f3n art\u00edstica, cultural y de conciencia social que est\u00e1 enfocado a difundir y fomentar el entretenimiento alternativo de calidad para todo el p\u00fablico que comparta el mismo entusiasmo.\",\"sameAs\":[\"http:\/\/www.reconoce.mx\"],\"url\":\"http:\/\/www.reconoce.mx\/?author=2\"}]}<\/script>\n<!-- \/ Yoast SEO plugin. -->","yoast_head_json":{"title":"El Plaza Condesa: Cartelera del 28 de abril al 04 de mayo &#171; Reconoce MX","robots":{"index":"index","follow":"follow","max-snippet":"max-snippet:-1","max-image-preview":"max-image-preview:large","max-video-preview":"max-video-preview:-1"},"canonical":"https:\/\/www.reconoce.mx\/?p=60374","og_locale":"es_ES","og_type":"article","og_title":"El Plaza Condesa: Cartelera del 28 de abril al 04 de mayo &#171; Reconoce MX","og_description":"En el mejor \u00e1nimo de que pasen un gran momento, ustedes amantes de la m\u00fasica, les compartimos de manera semanal la cartelera de El Plaza Condesa.","og_url":"https:\/\/www.reconoce.mx\/?p=60374","og_site_name":"Reconoce MX","article_publisher":"https:\/\/es-la.facebook.com\/ReconoceMX\/","article_published_time":"2017-04-28T05:03:41+00:00","article_modified_time":"2017-04-28T06:01:09+00:00","og_image":[{"width":570,"height":360,"url":"https:\/\/www.reconoce.mx\/wp-content\/uploads\/2016\/01\/elplaza-condesa.png","type":"image\/png"}],"author":"Reconoce MX","twitter_card":"summary_large_image","twitter_creator":"@reconocemx","twitter_site":"@reconocemx","twitter_misc":{"Escrito por":"Reconoce MX","Tiempo de lectura":"2 minutos"},"schema":{"@context":"https:\/\/schema.org","@graph":[{"@type":"Article","@id":"https:\/\/www.reconoce.mx\/?p=60374#article","isPartOf":{"@id":"https:\/\/www.reconoce.mx\/?p=60374"},"author":{"name":"Reconoce MX","@id":"http:\/\/www.reconoce.mx\/#\/schema\/person\/2117e997d7051dc15d6880eaf9bca0b2"},"headline":"El Plaza Condesa: Cartelera del 28 de abril al 04 de mayo","datePublished":"2017-04-28T05:03:41+00:00","dateModified":"2017-04-28T06:01:09+00:00","mainEntityOfPage":{"@id":"https:\/\/www.reconoce.mx\/?p=60374"},"wordCount":465,"commentCount":0,"publisher":{"@id":"http:\/\/www.reconoce.mx\/#organization"},"image":{"@id":"https:\/\/www.reconoce.mx\/?p=60374#primaryimage"},"thumbnailUrl":"http:\/\/www.reconoce.mx\/wp-content\/uploads\/2016\/01\/elplaza-condesa.png","articleSection":["Cultura","M\u00fasica","Principal"],"inLanguage":"es","potentialAction":[{"@type":"CommentAction","name":"Comment","target":["https:\/\/www.reconoce.mx\/?p=60374#respond"]}]},{"@type":"WebPage","@id":"https:\/\/www.reconoce.mx\/?p=60374","url":"https:\/\/www.reconoce.mx\/?p=60374","name":"El Plaza Condesa: Cartelera del 28 de abril al 04 de mayo &#171; Reconoce MX","isPartOf":{"@id":"http:\/\/www.reconoce.mx\/#website"},"primaryImageOfPage":{"@id":"https:\/\/www.reconoce.mx\/?p=60374#primaryimage"},"image":{"@id":"https:\/\/www.reconoce.mx\/?p=60374#primaryimage"},"thumbnailUrl":"http:\/\/www.reconoce.mx\/wp-content\/uploads\/2016\/01\/elplaza-condesa.png","datePublished":"2017-04-28T05:03:41+00:00","dateModified":"2017-04-28T06:01:09+00:00","breadcrumb":{"@id":"https:\/\/www.reconoce.mx\/?p=60374#breadcrumb"},"inLanguage":"es","potentialAction":[{"@type":"ReadAction","target":["https:\/\/www.reconoce.mx\/?p=60374"]}]},{"@type":"ImageObject","inLanguage":"es","@id":"https:\/\/www.reconoce.mx\/?p=60374#primaryimage","url":"http:\/\/www.reconoce.mx\/wp-content\/uploads\/2016\/01\/elplaza-condesa.png","contentUrl":"http:\/\/www.reconoce.mx\/wp-content\/uploads\/2016\/01\/elplaza-condesa.png","width":570,"height":360},{"@type":"BreadcrumbList","@id":"https:\/\/www.reconoce.mx\/?p=60374#breadcrumb","itemListElement":[{"@type":"ListItem","position":1,"name":"Portada","item":"http:\/\/www.reconoce.mx\/"},{"@type":"ListItem","position":2,"name":"El Plaza Condesa: Cartelera del 28 de abril al 04 de mayo"}]},{"@type":"WebSite","@id":"http:\/\/www.reconoce.mx\/#website","url":"http:\/\/www.reconoce.mx\/","name":"Reconoce MX","description":"En Reconoce MX difundimos arte, cultura y conciencia social en M\u00e9xico. Tu ciudad en otra perspectiva.","publisher":{"@id":"http:\/\/www.reconoce.mx\/#organization"},"potentialAction":[{"@type":"SearchAction","target":{"@type":"EntryPoint","urlTemplate":"http:\/\/www.reconoce.mx\/?s={search_term_string}"},"query-input":{"@type":"PropertyValueSpecification","valueRequired":true,"valueName":"search_term_string"}}],"inLanguage":"es"},{"@type":"Organization","@id":"http:\/\/www.reconoce.mx\/#organization","name":"Reconoce MX","url":"http:\/\/www.reconoce.mx\/","logo":{"@type":"ImageObject","inLanguage":"es","@id":"http:\/\/www.reconoce.mx\/#\/schema\/logo\/image\/","url":"https:\/\/www.reconoce.mx\/wp-content\/uploads\/2019\/03\/logorcmx-good-1.png","contentUrl":"https:\/\/www.reconoce.mx\/wp-content\/uploads\/2019\/03\/logorcmx-good-1.png","width":280,"height":90,"caption":"Reconoce MX"},"image":{"@id":"http:\/\/www.reconoce.mx\/#\/schema\/logo\/image\/"},"sameAs":["https:\/\/es-la.facebook.com\/ReconoceMX\/","https:\/\/x.com\/reconocemx","http:\/\/@reconocemx"]},{"@type":"Person","@id":"http:\/\/www.reconoce.mx\/#\/schema\/person\/2117e997d7051dc15d6880eaf9bca0b2","name":"Reconoce MX","image":{"@type":"ImageObject","inLanguage":"es","@id":"http:\/\/www.reconoce.mx\/#\/schema\/person\/image\/","url":"https:\/\/secure.gravatar.com\/avatar\/6c8d4dc7569ca1c90c5fdcc349f839d5ddef6fe1e70b4337ead2ef1a4c43fc3a?s=96&d=identicon&r=g","contentUrl":"https:\/\/secure.gravatar.com\/avatar\/6c8d4dc7569ca1c90c5fdcc349f839d5ddef6fe1e70b4337ead2ef1a4c43fc3a?s=96&d=identicon&r=g","caption":"Reconoce MX"},"description":"Reconoce MX es un proyecto de difusi\u00f3n art\u00edstica, cultural y de conciencia social que est\u00e1 enfocado a difundir y fomentar el entretenimiento alternativo de calidad para todo el p\u00fablico que comparta el mismo entusiasmo.","sameAs":["http:\/\/www.reconoce.mx"],"url":"http:\/\/www.reconoce.mx\/?author=2"}]}},"_links":{"self":[{"href":"http:\/\/www.reconoce.mx\/index.php?rest_route=\/wp\/v2\/posts\/60374","targetHints":{"allow":["GET"]}}],"collection":[{"href":"http:\/\/www.reconoce.mx\/index.php?rest_route=\/wp\/v2\/posts"}],"about":[{"href":"http:\/\/www.reconoce.mx\/index.php?rest_route=\/wp\/v2\/types\/post"}],"author":[{"embeddable":true,"href":"http:\/\/www.reconoce.mx\/index.php?rest_route=\/wp\/v2\/users\/2"}],"replies":[{"embeddable":true,"href":"http:\/\/www.reconoce.mx\/index.php?rest_route=%2Fwp%2Fv2%2Fcomments&post=60374"}],"version-history":[{"count":2,"href":"http:\/\/www.reconoce.mx\/index.php?rest_route=\/wp\/v2\/posts\/60374\/revisions"}],"predecessor-version":[{"id":60378,"href":"http:\/\/www.reconoce.mx\/index.php?rest_route=\/wp\/v2\/posts\/60374\/revisions\/60378"}],"wp:featuredmedia":[{"embeddable":true,"href":"http:\/\/www.reconoce.mx\/index.php?rest_route=\/wp\/v2\/media\/43737"}],"wp:attachment":[{"href":"http:\/\/www.reconoce.mx\/index.php?rest_route=%2Fwp%2Fv2%2Fmedia&parent=60374"}],"wp:term":[{"taxonomy":"category","embeddable":true,"href":"http:\/\/www.reconoce.mx\/index.php?rest_route=%2Fwp%2Fv2%2Fcategories&post=60374"},{"taxonomy":"post_tag","embeddable":true,"href":"http:\/\/www.reconoce.mx\/index.php?rest_route=%2Fwp%2Fv2%2Ftags&post=60374"}],"curies":[{"name":"wp","href":"https:\/\/api.w.org\/{rel}","templated":true}]}}