{"id":60552,"date":"2017-04-27T00:07:10","date_gmt":"2017-04-27T05:07:10","guid":{"rendered":"http:\/\/www.reconoce.mx\/?p=60552"},"modified":"2017-04-27T14:35:39","modified_gmt":"2017-04-27T19:35:39","slug":"breakbot-fiesta-al-estilo-frances-en-el-plaza","status":"publish","type":"post","link":"http:\/\/www.reconoce.mx\/?p=60552","title":{"rendered":"Breakbot: fiesta al estilo franc\u00e9s en El Plaza"},"content":{"rendered":"<p><strong>Texto por <a href=\"https:\/\/twitter.com\/llamamepollo\" target=\"_blank\" rel=\"noopener noreferrer\">Elizabeth Gonz\u00e1lez Pazar\u00e1n<\/a>.<\/strong><strong><br \/>\n<\/strong> <strong>Fotos por <a href=\"https:\/\/twitter.com\/monceymrh\" target=\"_blank\" rel=\"noopener noreferrer\">Yamileth Moncerrat Ram\u00edrez Hern\u00e1ndez<\/a><\/strong>.<\/p>\n<p>\u00a1Por fin lleg\u00f3 el d\u00eda de ver a al DJ franc\u00e9s <strong>Breakbot<\/strong> de nuevo en Ciudad de M\u00e9xico! Tras su exitosa presentaci\u00f3n en Coachella, <strong>Breakbot<\/strong> lleg\u00f3 a M\u00e9xico con toda la actitud para ser el anfitri\u00f3n de una de las mejores fiestas de la capital, poniendo a bailar a todos los presentes en <strong>El Plaza Condesa<\/strong>.<\/p>\n<p><a href=\"http:\/\/www.reconoce.mx\/wp-content\/uploads\/2017\/04\/wet-baes-1.png\"><img loading=\"lazy\" decoding=\"async\" class=\"aligncenter size-full wp-image-60558\" src=\"http:\/\/www.reconoce.mx\/wp-content\/uploads\/2017\/04\/wet-baes-1.png\" alt=\"\" width=\"590\" height=\"380\" srcset=\"http:\/\/www.reconoce.mx\/wp-content\/uploads\/2017\/04\/wet-baes-1.png 590w, http:\/\/www.reconoce.mx\/wp-content\/uploads\/2017\/04\/wet-baes-1-300x193.png 300w, http:\/\/www.reconoce.mx\/wp-content\/uploads\/2017\/04\/wet-baes-1-150x97.png 150w\" sizes=\"auto, (max-width: 590px) 100vw, 590px\" \/><\/a><\/p>\n<p><em><strong>&gt;&gt;<a href=\"https:\/\/www.flickr.com\/photos\/reconocemx\/albums\/72157679885924684\" target=\"_blank\" rel=\"noopener noreferrer\">Disfruta nuestras fotos de Wet Baes en El Plaza Condesa<\/a>&lt;&lt;<\/strong><\/em><\/p>\n<p>La cita estaba pactada en punto de las 21:00 horas, aunque muchos comenzaron a llegar desde las 19:00 horas para agarrar buen lugar para bailar. Mientras la m\u00fasica sonaba en el foro, algunos cantaban y otros platicaban, pero al filo de las 20:30 horas las luces se apagaron y entonces se dio lugar a la primera banda de la noche: <strong>Wet Baes<\/strong>.<\/p>\n<p><strong>Wet Baes<\/strong> es una banda nacional que fue muy bien recibida por su estilo; la energ\u00eda de su l\u00edder calent\u00f3 los motores para el estelar de la noche.<\/p>\n<p><a href=\"http:\/\/www.reconoce.mx\/wp-content\/uploads\/2017\/04\/breakbot-3.png\"><img loading=\"lazy\" decoding=\"async\" class=\"aligncenter size-full wp-image-60556\" src=\"http:\/\/www.reconoce.mx\/wp-content\/uploads\/2017\/04\/breakbot-3.png\" alt=\"\" width=\"590\" height=\"380\" srcset=\"http:\/\/www.reconoce.mx\/wp-content\/uploads\/2017\/04\/breakbot-3.png 590w, http:\/\/www.reconoce.mx\/wp-content\/uploads\/2017\/04\/breakbot-3-300x193.png 300w, http:\/\/www.reconoce.mx\/wp-content\/uploads\/2017\/04\/breakbot-3-150x97.png 150w\" sizes=\"auto, (max-width: 590px) 100vw, 590px\" \/><\/a><\/p>\n<p><em><strong>&gt;&gt;<a href=\"https:\/\/www.flickr.com\/photos\/reconocemx\/albums\/72157679885924684\" target=\"_blank\" rel=\"noopener noreferrer\">Disfruta nuestras fotos de Breakbot en El Plaza Condesa<\/a>&lt;&lt;<\/strong><\/em><\/p>\n<p>Despu\u00e9s de la participaci\u00f3n de los teloneros pasaron algunos minutos y en un instante <strong>El Plaza<\/strong> ya estaba lleno, cientos de almas estaban listas para poder bailar con <strong>Breakbot<\/strong>; muchos a\u00fan con el recuerdo vivo de su participaci\u00f3n en el <strong>Corona Capital<\/strong>, por lo que estaban ansiosos y expectantes sobre el show que estaban a punto de vivir.<\/p>\n<p>Con los preparativos listos, las luces se apagaron y toc\u00f3 el momento de recibir entre aplausos y gritos euf\u00f3ricos a <strong>Thibaut Berland<\/strong>, quien tom\u00f3 su lugar detr\u00e1s de los sitentizadores para comenzar la fiesta que todos hab\u00edan estado esperando.<\/p>\n<p><a href=\"http:\/\/www.reconoce.mx\/wp-content\/uploads\/2017\/04\/breakbot-2.png\"><img loading=\"lazy\" decoding=\"async\" class=\"aligncenter size-full wp-image-60555\" src=\"http:\/\/www.reconoce.mx\/wp-content\/uploads\/2017\/04\/breakbot-2.png\" alt=\"\" width=\"590\" height=\"380\" srcset=\"http:\/\/www.reconoce.mx\/wp-content\/uploads\/2017\/04\/breakbot-2.png 590w, http:\/\/www.reconoce.mx\/wp-content\/uploads\/2017\/04\/breakbot-2-300x193.png 300w, http:\/\/www.reconoce.mx\/wp-content\/uploads\/2017\/04\/breakbot-2-150x97.png 150w\" sizes=\"auto, (max-width: 590px) 100vw, 590px\" \/><\/a><\/p>\n<p><em><strong>&gt;&gt;<a href=\"https:\/\/www.flickr.com\/photos\/reconocemx\/albums\/72157679885924684\" target=\"_blank\" rel=\"noopener noreferrer\">Disfruta nuestras fotos de Breakbot en El Plaza Condesa<\/a>&lt;&lt;<\/strong><\/em><\/p>\n<p>Enseguida aparecieron los dem\u00e1s miembros de la banda y entre el ritmo y la buena vibra que se respiraba en el ambiente, todos bailaban, se dejaban llevar por la m\u00fasica y mov\u00edan sus cuerpos bailando pese al poco espacio.<\/p>\n<p>Cada canci\u00f3n era un pretexto para bailar y cantar, sus mejores \u00e9xitos aparecieron. Sonaron \u00abOne out of two\u00bb, \u00abGet lost\u00bb y por supuesto \u00abBaby I&#8217;m yours\u00bb que dio pie paso a un <em>encore<\/em>. Cuando lo anterior sucedi\u00f3, y las luces se apagaron, la gente pidi\u00f3 m\u00e1s m\u00fasica, y unos minutos m\u00e1s tarde <strong>Breakbot<\/strong> regres\u00f3 para complacer a sus fan\u00e1ticos.<\/p>\n<p><a href=\"http:\/\/www.reconoce.mx\/wp-content\/uploads\/2017\/04\/breakbot-4.png\"><img loading=\"lazy\" decoding=\"async\" class=\"aligncenter size-full wp-image-60559\" src=\"http:\/\/www.reconoce.mx\/wp-content\/uploads\/2017\/04\/breakbot-4.png\" alt=\"\" width=\"590\" height=\"380\" srcset=\"http:\/\/www.reconoce.mx\/wp-content\/uploads\/2017\/04\/breakbot-4.png 590w, http:\/\/www.reconoce.mx\/wp-content\/uploads\/2017\/04\/breakbot-4-300x193.png 300w, http:\/\/www.reconoce.mx\/wp-content\/uploads\/2017\/04\/breakbot-4-150x97.png 150w\" sizes=\"auto, (max-width: 590px) 100vw, 590px\" \/><\/a><\/p>\n<p><em><strong>&gt;&gt;<a href=\"https:\/\/www.flickr.com\/photos\/reconocemx\/albums\/72157679885924684\" target=\"_blank\" rel=\"noopener noreferrer\">Disfruta nuestras fotos de Breakbot en El Plaza Condesa<\/a>&lt;&lt;<\/strong><\/em><\/p>\n<p>Llena de baile, m\u00fasica y canciones con el cl\u00e1sico estilo <em>french electro music<\/em> de <strong>Breakbot<\/strong>, as\u00ed estuvo su presentaci\u00f3n en Ciudad de M\u00e9xico. Ahora, una vez m\u00e1s que parti\u00f3, solo pedimos que regrese de nuevo y nos ofrezca un show que nos ponga a bailar como anoche lo hizo.<\/p>\n<p>&nbsp;<\/p>\n<p>&nbsp;<\/p>\n","protected":false},"excerpt":{"rendered":"<p>\u00a1Por fin lleg\u00f3 el d\u00eda de ver a al DJ franc\u00e9s Breakbot de nuevo en Ciudad de M\u00e9xico! Tras su exitosa presentaci\u00f3n en Coachella, Breakbot lleg\u00f3 a M\u00e9xico con toda la actitud para ser el anfitri\u00f3n de una de las mejores fiestas de la capital, poniendo a bailar a todos los presentes en El Plaza Condesa.<\/p>\n","protected":false},"author":2,"featured_media":60562,"comment_status":"open","ping_status":"open","sticky":false,"template":"","format":"standard","meta":{"footnotes":""},"categories":[1,18,17],"tags":[],"class_list":["post-60552","post","type-post","status-publish","format-standard","has-post-thumbnail","hentry","category-cultura","category-musica","category-principal"],"yoast_head":"<!-- This site is optimized with the Yoast SEO plugin v24.7 - https:\/\/yoast.com\/wordpress\/plugins\/seo\/ -->\n<title>Breakbot: fiesta al estilo franc\u00e9s en El Plaza &#171; Reconoce MX<\/title>\n<meta name=\"robots\" content=\"index, follow, max-snippet:-1, max-image-preview:large, max-video-preview:-1\" \/>\n<link rel=\"canonical\" href=\"http:\/\/www.reconoce.mx\/?p=60552\" \/>\n<meta property=\"og:locale\" content=\"es_ES\" \/>\n<meta property=\"og:type\" content=\"article\" \/>\n<meta property=\"og:title\" content=\"Breakbot: fiesta al estilo franc\u00e9s en El Plaza &#171; Reconoce MX\" \/>\n<meta property=\"og:description\" content=\"\u00a1Por fin lleg\u00f3 el d\u00eda de ver a al DJ franc\u00e9s Breakbot de nuevo en Ciudad de M\u00e9xico! Tras su exitosa presentaci\u00f3n en Coachella, Breakbot lleg\u00f3 a M\u00e9xico con toda la actitud para ser el anfitri\u00f3n de una de las mejores fiestas de la capital, poniendo a bailar a todos los presentes en El Plaza Condesa.\" \/>\n<meta property=\"og:url\" content=\"http:\/\/www.reconoce.mx\/?p=60552\" \/>\n<meta property=\"og:site_name\" content=\"Reconoce MX\" \/>\n<meta property=\"article:publisher\" content=\"https:\/\/es-la.facebook.com\/ReconoceMX\/\" \/>\n<meta property=\"article:published_time\" content=\"2017-04-27T05:07:10+00:00\" \/>\n<meta property=\"article:modified_time\" content=\"2017-04-27T19:35:39+00:00\" \/>\n<meta property=\"og:image\" content=\"http:\/\/www.reconoce.mx\/wp-content\/uploads\/2017\/04\/breakbot-1-1.png\" \/>\n\t<meta property=\"og:image:width\" content=\"590\" \/>\n\t<meta property=\"og:image:height\" content=\"380\" \/>\n\t<meta property=\"og:image:type\" content=\"image\/png\" \/>\n<meta name=\"author\" content=\"Reconoce MX\" \/>\n<meta name=\"twitter:card\" content=\"summary_large_image\" \/>\n<meta name=\"twitter:creator\" content=\"@reconocemx\" \/>\n<meta name=\"twitter:site\" content=\"@reconocemx\" \/>\n<meta name=\"twitter:label1\" content=\"Escrito por\" \/>\n\t<meta name=\"twitter:data1\" content=\"Reconoce MX\" \/>\n\t<meta name=\"twitter:label2\" content=\"Tiempo de lectura\" \/>\n\t<meta name=\"twitter:data2\" content=\"2 minutos\" \/>\n<script type=\"application\/ld+json\" class=\"yoast-schema-graph\">{\"@context\":\"https:\/\/schema.org\",\"@graph\":[{\"@type\":\"Article\",\"@id\":\"http:\/\/www.reconoce.mx\/?p=60552#article\",\"isPartOf\":{\"@id\":\"http:\/\/www.reconoce.mx\/?p=60552\"},\"author\":{\"name\":\"Reconoce MX\",\"@id\":\"http:\/\/www.reconoce.mx\/#\/schema\/person\/2117e997d7051dc15d6880eaf9bca0b2\"},\"headline\":\"Breakbot: fiesta al estilo franc\u00e9s en El Plaza\",\"datePublished\":\"2017-04-27T05:07:10+00:00\",\"dateModified\":\"2017-04-27T19:35:39+00:00\",\"mainEntityOfPage\":{\"@id\":\"http:\/\/www.reconoce.mx\/?p=60552\"},\"wordCount\":495,\"commentCount\":0,\"publisher\":{\"@id\":\"http:\/\/www.reconoce.mx\/#organization\"},\"image\":{\"@id\":\"http:\/\/www.reconoce.mx\/?p=60552#primaryimage\"},\"thumbnailUrl\":\"http:\/\/www.reconoce.mx\/wp-content\/uploads\/2017\/04\/breakbot-1-1.png\",\"articleSection\":[\"Cultura\",\"M\u00fasica\",\"Principal\"],\"inLanguage\":\"es\",\"potentialAction\":[{\"@type\":\"CommentAction\",\"name\":\"Comment\",\"target\":[\"http:\/\/www.reconoce.mx\/?p=60552#respond\"]}]},{\"@type\":\"WebPage\",\"@id\":\"http:\/\/www.reconoce.mx\/?p=60552\",\"url\":\"http:\/\/www.reconoce.mx\/?p=60552\",\"name\":\"Breakbot: fiesta al estilo franc\u00e9s en El Plaza &#171; Reconoce MX\",\"isPartOf\":{\"@id\":\"http:\/\/www.reconoce.mx\/#website\"},\"primaryImageOfPage\":{\"@id\":\"http:\/\/www.reconoce.mx\/?p=60552#primaryimage\"},\"image\":{\"@id\":\"http:\/\/www.reconoce.mx\/?p=60552#primaryimage\"},\"thumbnailUrl\":\"http:\/\/www.reconoce.mx\/wp-content\/uploads\/2017\/04\/breakbot-1-1.png\",\"datePublished\":\"2017-04-27T05:07:10+00:00\",\"dateModified\":\"2017-04-27T19:35:39+00:00\",\"breadcrumb\":{\"@id\":\"http:\/\/www.reconoce.mx\/?p=60552#breadcrumb\"},\"inLanguage\":\"es\",\"potentialAction\":[{\"@type\":\"ReadAction\",\"target\":[\"http:\/\/www.reconoce.mx\/?p=60552\"]}]},{\"@type\":\"ImageObject\",\"inLanguage\":\"es\",\"@id\":\"http:\/\/www.reconoce.mx\/?p=60552#primaryimage\",\"url\":\"http:\/\/www.reconoce.mx\/wp-content\/uploads\/2017\/04\/breakbot-1-1.png\",\"contentUrl\":\"http:\/\/www.reconoce.mx\/wp-content\/uploads\/2017\/04\/breakbot-1-1.png\",\"width\":590,\"height\":380},{\"@type\":\"BreadcrumbList\",\"@id\":\"http:\/\/www.reconoce.mx\/?p=60552#breadcrumb\",\"itemListElement\":[{\"@type\":\"ListItem\",\"position\":1,\"name\":\"Portada\",\"item\":\"http:\/\/www.reconoce.mx\/\"},{\"@type\":\"ListItem\",\"position\":2,\"name\":\"Breakbot: fiesta al estilo franc\u00e9s en El Plaza\"}]},{\"@type\":\"WebSite\",\"@id\":\"http:\/\/www.reconoce.mx\/#website\",\"url\":\"http:\/\/www.reconoce.mx\/\",\"name\":\"Reconoce MX\",\"description\":\"En Reconoce MX difundimos arte, cultura y conciencia social en M\u00e9xico. Tu ciudad en otra perspectiva.\",\"publisher\":{\"@id\":\"http:\/\/www.reconoce.mx\/#organization\"},\"potentialAction\":[{\"@type\":\"SearchAction\",\"target\":{\"@type\":\"EntryPoint\",\"urlTemplate\":\"http:\/\/www.reconoce.mx\/?s={search_term_string}\"},\"query-input\":{\"@type\":\"PropertyValueSpecification\",\"valueRequired\":true,\"valueName\":\"search_term_string\"}}],\"inLanguage\":\"es\"},{\"@type\":\"Organization\",\"@id\":\"http:\/\/www.reconoce.mx\/#organization\",\"name\":\"Reconoce MX\",\"url\":\"http:\/\/www.reconoce.mx\/\",\"logo\":{\"@type\":\"ImageObject\",\"inLanguage\":\"es\",\"@id\":\"http:\/\/www.reconoce.mx\/#\/schema\/logo\/image\/\",\"url\":\"https:\/\/www.reconoce.mx\/wp-content\/uploads\/2019\/03\/logorcmx-good-1.png\",\"contentUrl\":\"https:\/\/www.reconoce.mx\/wp-content\/uploads\/2019\/03\/logorcmx-good-1.png\",\"width\":280,\"height\":90,\"caption\":\"Reconoce MX\"},\"image\":{\"@id\":\"http:\/\/www.reconoce.mx\/#\/schema\/logo\/image\/\"},\"sameAs\":[\"https:\/\/es-la.facebook.com\/ReconoceMX\/\",\"https:\/\/x.com\/reconocemx\",\"http:\/\/@reconocemx\"]},{\"@type\":\"Person\",\"@id\":\"http:\/\/www.reconoce.mx\/#\/schema\/person\/2117e997d7051dc15d6880eaf9bca0b2\",\"name\":\"Reconoce MX\",\"image\":{\"@type\":\"ImageObject\",\"inLanguage\":\"es\",\"@id\":\"http:\/\/www.reconoce.mx\/#\/schema\/person\/image\/\",\"url\":\"https:\/\/secure.gravatar.com\/avatar\/6c8d4dc7569ca1c90c5fdcc349f839d5ddef6fe1e70b4337ead2ef1a4c43fc3a?s=96&d=identicon&r=g\",\"contentUrl\":\"https:\/\/secure.gravatar.com\/avatar\/6c8d4dc7569ca1c90c5fdcc349f839d5ddef6fe1e70b4337ead2ef1a4c43fc3a?s=96&d=identicon&r=g\",\"caption\":\"Reconoce MX\"},\"description\":\"Reconoce MX es un proyecto de difusi\u00f3n art\u00edstica, cultural y de conciencia social que est\u00e1 enfocado a difundir y fomentar el entretenimiento alternativo de calidad para todo el p\u00fablico que comparta el mismo entusiasmo.\",\"sameAs\":[\"http:\/\/www.reconoce.mx\"],\"url\":\"http:\/\/www.reconoce.mx\/?author=2\"}]}<\/script>\n<!-- \/ Yoast SEO plugin. -->","yoast_head_json":{"title":"Breakbot: fiesta al estilo franc\u00e9s en El Plaza &#171; Reconoce MX","robots":{"index":"index","follow":"follow","max-snippet":"max-snippet:-1","max-image-preview":"max-image-preview:large","max-video-preview":"max-video-preview:-1"},"canonical":"http:\/\/www.reconoce.mx\/?p=60552","og_locale":"es_ES","og_type":"article","og_title":"Breakbot: fiesta al estilo franc\u00e9s en El Plaza &#171; Reconoce MX","og_description":"\u00a1Por fin lleg\u00f3 el d\u00eda de ver a al DJ franc\u00e9s Breakbot de nuevo en Ciudad de M\u00e9xico! Tras su exitosa presentaci\u00f3n en Coachella, Breakbot lleg\u00f3 a M\u00e9xico con toda la actitud para ser el anfitri\u00f3n de una de las mejores fiestas de la capital, poniendo a bailar a todos los presentes en El Plaza Condesa.","og_url":"http:\/\/www.reconoce.mx\/?p=60552","og_site_name":"Reconoce MX","article_publisher":"https:\/\/es-la.facebook.com\/ReconoceMX\/","article_published_time":"2017-04-27T05:07:10+00:00","article_modified_time":"2017-04-27T19:35:39+00:00","og_image":[{"width":590,"height":380,"url":"http:\/\/www.reconoce.mx\/wp-content\/uploads\/2017\/04\/breakbot-1-1.png","type":"image\/png"}],"author":"Reconoce MX","twitter_card":"summary_large_image","twitter_creator":"@reconocemx","twitter_site":"@reconocemx","twitter_misc":{"Escrito por":"Reconoce MX","Tiempo de lectura":"2 minutos"},"schema":{"@context":"https:\/\/schema.org","@graph":[{"@type":"Article","@id":"http:\/\/www.reconoce.mx\/?p=60552#article","isPartOf":{"@id":"http:\/\/www.reconoce.mx\/?p=60552"},"author":{"name":"Reconoce MX","@id":"http:\/\/www.reconoce.mx\/#\/schema\/person\/2117e997d7051dc15d6880eaf9bca0b2"},"headline":"Breakbot: fiesta al estilo franc\u00e9s en El Plaza","datePublished":"2017-04-27T05:07:10+00:00","dateModified":"2017-04-27T19:35:39+00:00","mainEntityOfPage":{"@id":"http:\/\/www.reconoce.mx\/?p=60552"},"wordCount":495,"commentCount":0,"publisher":{"@id":"http:\/\/www.reconoce.mx\/#organization"},"image":{"@id":"http:\/\/www.reconoce.mx\/?p=60552#primaryimage"},"thumbnailUrl":"http:\/\/www.reconoce.mx\/wp-content\/uploads\/2017\/04\/breakbot-1-1.png","articleSection":["Cultura","M\u00fasica","Principal"],"inLanguage":"es","potentialAction":[{"@type":"CommentAction","name":"Comment","target":["http:\/\/www.reconoce.mx\/?p=60552#respond"]}]},{"@type":"WebPage","@id":"http:\/\/www.reconoce.mx\/?p=60552","url":"http:\/\/www.reconoce.mx\/?p=60552","name":"Breakbot: fiesta al estilo franc\u00e9s en El Plaza &#171; Reconoce MX","isPartOf":{"@id":"http:\/\/www.reconoce.mx\/#website"},"primaryImageOfPage":{"@id":"http:\/\/www.reconoce.mx\/?p=60552#primaryimage"},"image":{"@id":"http:\/\/www.reconoce.mx\/?p=60552#primaryimage"},"thumbnailUrl":"http:\/\/www.reconoce.mx\/wp-content\/uploads\/2017\/04\/breakbot-1-1.png","datePublished":"2017-04-27T05:07:10+00:00","dateModified":"2017-04-27T19:35:39+00:00","breadcrumb":{"@id":"http:\/\/www.reconoce.mx\/?p=60552#breadcrumb"},"inLanguage":"es","potentialAction":[{"@type":"ReadAction","target":["http:\/\/www.reconoce.mx\/?p=60552"]}]},{"@type":"ImageObject","inLanguage":"es","@id":"http:\/\/www.reconoce.mx\/?p=60552#primaryimage","url":"http:\/\/www.reconoce.mx\/wp-content\/uploads\/2017\/04\/breakbot-1-1.png","contentUrl":"http:\/\/www.reconoce.mx\/wp-content\/uploads\/2017\/04\/breakbot-1-1.png","width":590,"height":380},{"@type":"BreadcrumbList","@id":"http:\/\/www.reconoce.mx\/?p=60552#breadcrumb","itemListElement":[{"@type":"ListItem","position":1,"name":"Portada","item":"http:\/\/www.reconoce.mx\/"},{"@type":"ListItem","position":2,"name":"Breakbot: fiesta al estilo franc\u00e9s en El Plaza"}]},{"@type":"WebSite","@id":"http:\/\/www.reconoce.mx\/#website","url":"http:\/\/www.reconoce.mx\/","name":"Reconoce MX","description":"En Reconoce MX difundimos arte, cultura y conciencia social en M\u00e9xico. Tu ciudad en otra perspectiva.","publisher":{"@id":"http:\/\/www.reconoce.mx\/#organization"},"potentialAction":[{"@type":"SearchAction","target":{"@type":"EntryPoint","urlTemplate":"http:\/\/www.reconoce.mx\/?s={search_term_string}"},"query-input":{"@type":"PropertyValueSpecification","valueRequired":true,"valueName":"search_term_string"}}],"inLanguage":"es"},{"@type":"Organization","@id":"http:\/\/www.reconoce.mx\/#organization","name":"Reconoce MX","url":"http:\/\/www.reconoce.mx\/","logo":{"@type":"ImageObject","inLanguage":"es","@id":"http:\/\/www.reconoce.mx\/#\/schema\/logo\/image\/","url":"https:\/\/www.reconoce.mx\/wp-content\/uploads\/2019\/03\/logorcmx-good-1.png","contentUrl":"https:\/\/www.reconoce.mx\/wp-content\/uploads\/2019\/03\/logorcmx-good-1.png","width":280,"height":90,"caption":"Reconoce MX"},"image":{"@id":"http:\/\/www.reconoce.mx\/#\/schema\/logo\/image\/"},"sameAs":["https:\/\/es-la.facebook.com\/ReconoceMX\/","https:\/\/x.com\/reconocemx","http:\/\/@reconocemx"]},{"@type":"Person","@id":"http:\/\/www.reconoce.mx\/#\/schema\/person\/2117e997d7051dc15d6880eaf9bca0b2","name":"Reconoce MX","image":{"@type":"ImageObject","inLanguage":"es","@id":"http:\/\/www.reconoce.mx\/#\/schema\/person\/image\/","url":"https:\/\/secure.gravatar.com\/avatar\/6c8d4dc7569ca1c90c5fdcc349f839d5ddef6fe1e70b4337ead2ef1a4c43fc3a?s=96&d=identicon&r=g","contentUrl":"https:\/\/secure.gravatar.com\/avatar\/6c8d4dc7569ca1c90c5fdcc349f839d5ddef6fe1e70b4337ead2ef1a4c43fc3a?s=96&d=identicon&r=g","caption":"Reconoce MX"},"description":"Reconoce MX es un proyecto de difusi\u00f3n art\u00edstica, cultural y de conciencia social que est\u00e1 enfocado a difundir y fomentar el entretenimiento alternativo de calidad para todo el p\u00fablico que comparta el mismo entusiasmo.","sameAs":["http:\/\/www.reconoce.mx"],"url":"http:\/\/www.reconoce.mx\/?author=2"}]}},"_links":{"self":[{"href":"http:\/\/www.reconoce.mx\/index.php?rest_route=\/wp\/v2\/posts\/60552","targetHints":{"allow":["GET"]}}],"collection":[{"href":"http:\/\/www.reconoce.mx\/index.php?rest_route=\/wp\/v2\/posts"}],"about":[{"href":"http:\/\/www.reconoce.mx\/index.php?rest_route=\/wp\/v2\/types\/post"}],"author":[{"embeddable":true,"href":"http:\/\/www.reconoce.mx\/index.php?rest_route=\/wp\/v2\/users\/2"}],"replies":[{"embeddable":true,"href":"http:\/\/www.reconoce.mx\/index.php?rest_route=%2Fwp%2Fv2%2Fcomments&post=60552"}],"version-history":[{"count":5,"href":"http:\/\/www.reconoce.mx\/index.php?rest_route=\/wp\/v2\/posts\/60552\/revisions"}],"predecessor-version":[{"id":60565,"href":"http:\/\/www.reconoce.mx\/index.php?rest_route=\/wp\/v2\/posts\/60552\/revisions\/60565"}],"wp:featuredmedia":[{"embeddable":true,"href":"http:\/\/www.reconoce.mx\/index.php?rest_route=\/wp\/v2\/media\/60562"}],"wp:attachment":[{"href":"http:\/\/www.reconoce.mx\/index.php?rest_route=%2Fwp%2Fv2%2Fmedia&parent=60552"}],"wp:term":[{"taxonomy":"category","embeddable":true,"href":"http:\/\/www.reconoce.mx\/index.php?rest_route=%2Fwp%2Fv2%2Fcategories&post=60552"},{"taxonomy":"post_tag","embeddable":true,"href":"http:\/\/www.reconoce.mx\/index.php?rest_route=%2Fwp%2Fv2%2Ftags&post=60552"}],"curies":[{"name":"wp","href":"https:\/\/api.w.org\/{rel}","templated":true}]}}