{"id":60566,"date":"2017-04-28T00:07:51","date_gmt":"2017-04-28T05:07:51","guid":{"rendered":"http:\/\/www.reconoce.mx\/?p=60566"},"modified":"2017-04-28T22:52:25","modified_gmt":"2017-04-29T03:52:25","slug":"sep7imodia-soda-stereo-con-cirque-du-soleil-en-mexico","status":"publish","type":"post","link":"http:\/\/www.reconoce.mx\/?p=60566","title":{"rendered":"#S\u00e9p7imoD\u00eda: Soda Stereo con Cirque du Soleil en M\u00e9xico"},"content":{"rendered":"<p><strong>Por <a href=\"https:\/\/twitter.com\/ryntrah\" target=\"_blank\" rel=\"noopener noreferrer\">Elch\u00edn Balboa<\/a><\/strong>.<\/p>\n<p>En una nutrida conferencia de prensa que tuvo lugar el pasado martes en el <strong>Palacio de los Deportes<\/strong>, se anunci\u00f3 con gran entusiasmo la llegada a M\u00e9xico de \u00abS\u00e9p7imo D\u00eda \u2013 No Descansar\u00e9\u00bb, el espect\u00e1culo homenaje con que el <strong>Cirque du Soleil<\/strong> festeja la historia musical de Soda Stereo, la legendaria banda de rock argentina.<\/p>\n<p><a href=\"http:\/\/www.reconoce.mx\/wp-content\/uploads\/2017\/04\/C-QgwCFXcAAcbUI.jpg\"><img loading=\"lazy\" decoding=\"async\" class=\"aligncenter size-full wp-image-60571\" src=\"http:\/\/www.reconoce.mx\/wp-content\/uploads\/2017\/04\/C-QgwCFXcAAcbUI.jpg\" alt=\"\" width=\"1200\" height=\"900\" srcset=\"http:\/\/www.reconoce.mx\/wp-content\/uploads\/2017\/04\/C-QgwCFXcAAcbUI.jpg 1200w, http:\/\/www.reconoce.mx\/wp-content\/uploads\/2017\/04\/C-QgwCFXcAAcbUI-300x225.jpg 300w, http:\/\/www.reconoce.mx\/wp-content\/uploads\/2017\/04\/C-QgwCFXcAAcbUI-768x576.jpg 768w, http:\/\/www.reconoce.mx\/wp-content\/uploads\/2017\/04\/C-QgwCFXcAAcbUI-1024x768.jpg 1024w, http:\/\/www.reconoce.mx\/wp-content\/uploads\/2017\/04\/C-QgwCFXcAAcbUI-150x113.jpg 150w, http:\/\/www.reconoce.mx\/wp-content\/uploads\/2017\/04\/C-QgwCFXcAAcbUI-700x525.jpg 700w, http:\/\/www.reconoce.mx\/wp-content\/uploads\/2017\/04\/C-QgwCFXcAAcbUI-658x494.jpg 658w\" sizes=\"auto, (max-width: 1200px) 100vw, 1200px\" \/><\/a><\/p>\n<p>El proyecto que fundir\u00e1 lo m\u00e1s creativo del arte circense con la energ\u00eda de un concierto masivo, est\u00e1 basado en producciones similares de la compa\u00f1\u00eda canadiense como \u00abOne\u00bb de <strong>Michael Jackson<\/strong> o \u00abLove\u00bb de <strong>The Beatles<\/strong>. Bajo la direcci\u00f3n de <strong>Michel Laprise<\/strong> y <strong>Chantal Tremblay<\/strong>, en una coproducci\u00f3n del <strong>Cirque du Soleil<\/strong> con <strong>PopArt Music<\/strong>, \u00abS\u00e9p7imo D\u00eda \u2013 No Descansar\u00e9\u00bb se trata de un espect\u00e1culo que remover\u00e1 las poderosas fibras de la herencia musical de <strong>Soda Stereo<\/strong>, al fundir el dinamismo y el color de la obra circense con el ritmo de emblem\u00e1ticos temas como \u00abLuna roja\u00bb, \u00abZoom\u00bb o \u00abElla us\u00f3 mi cabeza como un rev\u00f3lver\u00bb.<\/p>\n<p>\u00abS\u00e9p7imo D\u00eda \u2013 No Descansar\u00e9\u00bb tambi\u00e9n representa una oportunidad m\u00e1s para revivir el hechizo musical de la banda liderada por el ahora m\u00edtico <strong>Gustavo Cerati<\/strong>. Seg\u00fan palabras de <strong>Charly Alberti<\/strong> y <strong>Zeta Bosio<\/strong>, sobrevivientes de <strong>Soda Stereo<\/strong> y quienes estuvieron presentes en la conferencia, durante el tiempo en que se ha desarrollado el proyecto han \u201crevivido instantes m\u00e1gicos de su vida\u201d. Tras la muerte de Gustavo, la labor conjunta con el <strong>Cirque du Soleil<\/strong> ha sido \u201cun trabajo de introspecci\u00f3n y sanador\u201d, como dijo Alberti, al momento de retomar las canciones de la banda con vistas al espect\u00e1culo.<\/p>\n<p><a href=\"http:\/\/www.reconoce.mx\/wp-content\/uploads\/2017\/04\/C-cRnlYXgAEcd0-.jpg\"><img loading=\"lazy\" decoding=\"async\" class=\"aligncenter size-full wp-image-60567\" src=\"http:\/\/www.reconoce.mx\/wp-content\/uploads\/2017\/04\/C-cRnlYXgAEcd0-.jpg\" alt=\"\" width=\"1200\" height=\"800\" srcset=\"http:\/\/www.reconoce.mx\/wp-content\/uploads\/2017\/04\/C-cRnlYXgAEcd0-.jpg 1200w, http:\/\/www.reconoce.mx\/wp-content\/uploads\/2017\/04\/C-cRnlYXgAEcd0--300x200.jpg 300w, http:\/\/www.reconoce.mx\/wp-content\/uploads\/2017\/04\/C-cRnlYXgAEcd0--768x512.jpg 768w, http:\/\/www.reconoce.mx\/wp-content\/uploads\/2017\/04\/C-cRnlYXgAEcd0--1024x683.jpg 1024w, http:\/\/www.reconoce.mx\/wp-content\/uploads\/2017\/04\/C-cRnlYXgAEcd0--150x100.jpg 150w, http:\/\/www.reconoce.mx\/wp-content\/uploads\/2017\/04\/C-cRnlYXgAEcd0--700x467.jpg 700w, http:\/\/www.reconoce.mx\/wp-content\/uploads\/2017\/04\/C-cRnlYXgAEcd0--658x439.jpg 658w\" sizes=\"auto, (max-width: 1200px) 100vw, 1200px\" \/><\/a><\/p>\n<p>Por su parte, <strong>Zeta Bosio<\/strong>, ante la potencial comparaci\u00f3n de este nuevo show con las producciones anteriores de la banda a lado de Ceratti, se\u00f1al\u00f3 que \u201cla perfecci\u00f3n ya la alcanz\u00f3 <strong>Soda Stereo<\/strong>\u201d; ahora es tiempo de revivir y de celebrar con el p\u00fablico el legado musical de una de las bandas m\u00e1s queridas en Latinoam\u00e9rica. Es por ello que se trata m\u00e1s del <strong>Cirque de Soleil<\/strong> interpretando a <strong>Soda Stereo<\/strong> como una especie de cover circense y de homenaje, que de<strong> Soda Stereo<\/strong> musicalizando una funci\u00f3n del <strong>Cirque du Soleil<\/strong>.<\/p>\n<p>Con estas prerrogativas, \u00abS\u00e9p7imo D\u00eda \u2013 No Descansar\u00e9\u00bb llegar\u00e1 a M\u00e9xico el 19 de octubre del a\u00f1o en curso. Se presentar\u00e1 de inicio en la ciudad de Monterrey para luego arribar a Guadalajara el 8 de noviembre, y as\u00ed llegar finalmente al <strong>Palacio de los Deportes<\/strong> en Ciudad de M\u00e9xico el d\u00eda 28 del mismo mes.<\/p>\n<p><a href=\"http:\/\/www.reconoce.mx\/wp-content\/uploads\/2017\/04\/C-cRtagWAAQxJpg.jpg\"><img loading=\"lazy\" decoding=\"async\" class=\"aligncenter size-full wp-image-60569\" src=\"http:\/\/www.reconoce.mx\/wp-content\/uploads\/2017\/04\/C-cRtagWAAQxJpg.jpg\" alt=\"\" width=\"1199\" height=\"800\" srcset=\"http:\/\/www.reconoce.mx\/wp-content\/uploads\/2017\/04\/C-cRtagWAAQxJpg.jpg 1199w, http:\/\/www.reconoce.mx\/wp-content\/uploads\/2017\/04\/C-cRtagWAAQxJpg-300x200.jpg 300w, http:\/\/www.reconoce.mx\/wp-content\/uploads\/2017\/04\/C-cRtagWAAQxJpg-768x512.jpg 768w, http:\/\/www.reconoce.mx\/wp-content\/uploads\/2017\/04\/C-cRtagWAAQxJpg-1024x683.jpg 1024w, http:\/\/www.reconoce.mx\/wp-content\/uploads\/2017\/04\/C-cRtagWAAQxJpg-150x100.jpg 150w, http:\/\/www.reconoce.mx\/wp-content\/uploads\/2017\/04\/C-cRtagWAAQxJpg-700x467.jpg 700w, http:\/\/www.reconoce.mx\/wp-content\/uploads\/2017\/04\/C-cRtagWAAQxJpg-658x439.jpg 658w\" sizes=\"auto, (max-width: 1199px) 100vw, 1199px\" \/><\/a><\/p>\n<p>La preventa para las tres ciudades ser\u00e1 los d\u00edas 2, 3 y 4 de mayo, mientras que la venta al p\u00fablico en general comenzar\u00e1 el pr\u00f3ximo 5 de mayo en taquillas y centros autorizados.<\/p>\n<p>Costo de boletos:<\/p>\n<h2><strong>Arena Monterrey (MTY) \/\/ A partir del 19 de octubre<\/strong><\/h2>\n<p>Zoom Zone- $800.00<br \/>\nBarrera- $2,250.00<br \/>\nButaca Platino- $1,850.00<br \/>\nButacara Oro- $1,550.00<br \/>\nLuneta Especial- $1,150.00<br \/>\nLuneta- $850.00<\/p>\n<h2><strong>Arena VFG (GDL) \/\/ A partir del 8 de noviembre<\/strong><\/h2>\n<p>Zoom Zone- $850.00<br \/>\nSecci\u00f3n A- $2,300.00<br \/>\nSecci\u00f3n B- $1,880.00<br \/>\nSecci\u00f3n C- $1,450.00<br \/>\nSecci\u00f3n D- $1,250.00<br \/>\nSecci\u00f3n E- $900.00<\/p>\n<h2><strong>Palacio de los Deportes (CDMX) \/\/ A partir del 28 de noviembre<\/strong><\/h2>\n<p>Zoom Zone &#8211; $890.00<br \/>\nSecci\u00f3n A &#8211; $2,350.00<br \/>\nSecci\u00f3n B &#8211; $1,950.00<br \/>\nSecci\u00f3n C &#8211; $1,400.00<br \/>\nSecci\u00f3n D &#8211; $930.00<\/p>\n<p style=\"text-align: right;\">Im\u00e1genes tomadas del Twitter oficial del espect\u00e1culo.<\/p>\n<p>&nbsp;<\/p>\n<p>&nbsp;<\/p>\n","protected":false},"excerpt":{"rendered":"<p>En una nutrida conferencia de prensa que tuvo lugar el pasado martes en el Palacio de los Deportes, se anunci\u00f3 con gran entusiasmo la llegada a M\u00e9xico de \u00abS\u00e9p7imo D\u00eda \u2013 No Descansar\u00e9\u00bb, el espect\u00e1culo homenaje con que el Cirque du Soleil festeja la historia musical de Soda Stereo, la legendaria banda de rock argentina.<\/p>\n","protected":false},"author":2,"featured_media":60572,"comment_status":"open","ping_status":"open","sticky":false,"template":"","format":"standard","meta":{"footnotes":""},"categories":[1,18,17],"tags":[],"class_list":["post-60566","post","type-post","status-publish","format-standard","has-post-thumbnail","hentry","category-cultura","category-musica","category-principal"],"yoast_head":"<!-- This site is optimized with the Yoast SEO plugin v24.7 - https:\/\/yoast.com\/wordpress\/plugins\/seo\/ -->\n<title>#S\u00e9p7imoD\u00eda: Soda Stereo con Cirque du Soleil en M\u00e9xico &#171; Reconoce MX<\/title>\n<meta name=\"robots\" content=\"index, follow, max-snippet:-1, max-image-preview:large, max-video-preview:-1\" \/>\n<link rel=\"canonical\" href=\"http:\/\/www.reconoce.mx\/?p=60566\" \/>\n<meta property=\"og:locale\" content=\"es_ES\" \/>\n<meta property=\"og:type\" content=\"article\" \/>\n<meta property=\"og:title\" content=\"#S\u00e9p7imoD\u00eda: Soda Stereo con Cirque du Soleil en M\u00e9xico &#171; Reconoce MX\" \/>\n<meta property=\"og:description\" content=\"En una nutrida conferencia de prensa que tuvo lugar el pasado martes en el Palacio de los Deportes, se anunci\u00f3 con gran entusiasmo la llegada a M\u00e9xico de &quot;S\u00e9p7imo D\u00eda \u2013 No Descansar\u00e9&quot;, el espect\u00e1culo homenaje con que el Cirque du Soleil festeja la historia musical de Soda Stereo, la legendaria banda de rock argentina.\" \/>\n<meta property=\"og:url\" content=\"http:\/\/www.reconoce.mx\/?p=60566\" \/>\n<meta property=\"og:site_name\" content=\"Reconoce MX\" \/>\n<meta property=\"article:publisher\" content=\"https:\/\/es-la.facebook.com\/ReconoceMX\/\" \/>\n<meta property=\"article:published_time\" content=\"2017-04-28T05:07:51+00:00\" \/>\n<meta property=\"article:modified_time\" content=\"2017-04-29T03:52:25+00:00\" \/>\n<meta property=\"og:image\" content=\"http:\/\/www.reconoce.mx\/wp-content\/uploads\/2017\/04\/septimo-dia-cover-2.png\" \/>\n\t<meta property=\"og:image:width\" content=\"590\" \/>\n\t<meta property=\"og:image:height\" content=\"380\" \/>\n\t<meta property=\"og:image:type\" content=\"image\/png\" \/>\n<meta name=\"author\" content=\"Reconoce MX\" \/>\n<meta name=\"twitter:card\" content=\"summary_large_image\" \/>\n<meta name=\"twitter:creator\" content=\"@reconocemx\" \/>\n<meta name=\"twitter:site\" content=\"@reconocemx\" \/>\n<meta name=\"twitter:label1\" content=\"Escrito por\" \/>\n\t<meta name=\"twitter:data1\" content=\"Reconoce MX\" \/>\n\t<meta name=\"twitter:label2\" content=\"Tiempo de lectura\" \/>\n\t<meta name=\"twitter:data2\" content=\"3 minutos\" \/>\n<script type=\"application\/ld+json\" class=\"yoast-schema-graph\">{\"@context\":\"https:\/\/schema.org\",\"@graph\":[{\"@type\":\"Article\",\"@id\":\"http:\/\/www.reconoce.mx\/?p=60566#article\",\"isPartOf\":{\"@id\":\"http:\/\/www.reconoce.mx\/?p=60566\"},\"author\":{\"name\":\"Reconoce MX\",\"@id\":\"http:\/\/www.reconoce.mx\/#\/schema\/person\/2117e997d7051dc15d6880eaf9bca0b2\"},\"headline\":\"#S\u00e9p7imoD\u00eda: Soda Stereo con Cirque du Soleil en M\u00e9xico\",\"datePublished\":\"2017-04-28T05:07:51+00:00\",\"dateModified\":\"2017-04-29T03:52:25+00:00\",\"mainEntityOfPage\":{\"@id\":\"http:\/\/www.reconoce.mx\/?p=60566\"},\"wordCount\":576,\"commentCount\":0,\"publisher\":{\"@id\":\"http:\/\/www.reconoce.mx\/#organization\"},\"image\":{\"@id\":\"http:\/\/www.reconoce.mx\/?p=60566#primaryimage\"},\"thumbnailUrl\":\"http:\/\/www.reconoce.mx\/wp-content\/uploads\/2017\/04\/septimo-dia-cover-2.png\",\"articleSection\":[\"Cultura\",\"M\u00fasica\",\"Principal\"],\"inLanguage\":\"es\",\"potentialAction\":[{\"@type\":\"CommentAction\",\"name\":\"Comment\",\"target\":[\"http:\/\/www.reconoce.mx\/?p=60566#respond\"]}]},{\"@type\":\"WebPage\",\"@id\":\"http:\/\/www.reconoce.mx\/?p=60566\",\"url\":\"http:\/\/www.reconoce.mx\/?p=60566\",\"name\":\"#S\u00e9p7imoD\u00eda: Soda Stereo con Cirque du Soleil en M\u00e9xico &#171; Reconoce MX\",\"isPartOf\":{\"@id\":\"http:\/\/www.reconoce.mx\/#website\"},\"primaryImageOfPage\":{\"@id\":\"http:\/\/www.reconoce.mx\/?p=60566#primaryimage\"},\"image\":{\"@id\":\"http:\/\/www.reconoce.mx\/?p=60566#primaryimage\"},\"thumbnailUrl\":\"http:\/\/www.reconoce.mx\/wp-content\/uploads\/2017\/04\/septimo-dia-cover-2.png\",\"datePublished\":\"2017-04-28T05:07:51+00:00\",\"dateModified\":\"2017-04-29T03:52:25+00:00\",\"breadcrumb\":{\"@id\":\"http:\/\/www.reconoce.mx\/?p=60566#breadcrumb\"},\"inLanguage\":\"es\",\"potentialAction\":[{\"@type\":\"ReadAction\",\"target\":[\"http:\/\/www.reconoce.mx\/?p=60566\"]}]},{\"@type\":\"ImageObject\",\"inLanguage\":\"es\",\"@id\":\"http:\/\/www.reconoce.mx\/?p=60566#primaryimage\",\"url\":\"http:\/\/www.reconoce.mx\/wp-content\/uploads\/2017\/04\/septimo-dia-cover-2.png\",\"contentUrl\":\"http:\/\/www.reconoce.mx\/wp-content\/uploads\/2017\/04\/septimo-dia-cover-2.png\",\"width\":590,\"height\":380},{\"@type\":\"BreadcrumbList\",\"@id\":\"http:\/\/www.reconoce.mx\/?p=60566#breadcrumb\",\"itemListElement\":[{\"@type\":\"ListItem\",\"position\":1,\"name\":\"Portada\",\"item\":\"http:\/\/www.reconoce.mx\/\"},{\"@type\":\"ListItem\",\"position\":2,\"name\":\"#S\u00e9p7imoD\u00eda: Soda Stereo con Cirque du Soleil en M\u00e9xico\"}]},{\"@type\":\"WebSite\",\"@id\":\"http:\/\/www.reconoce.mx\/#website\",\"url\":\"http:\/\/www.reconoce.mx\/\",\"name\":\"Reconoce MX\",\"description\":\"En Reconoce MX difundimos arte, cultura y conciencia social en M\u00e9xico. Tu ciudad en otra perspectiva.\",\"publisher\":{\"@id\":\"http:\/\/www.reconoce.mx\/#organization\"},\"potentialAction\":[{\"@type\":\"SearchAction\",\"target\":{\"@type\":\"EntryPoint\",\"urlTemplate\":\"http:\/\/www.reconoce.mx\/?s={search_term_string}\"},\"query-input\":{\"@type\":\"PropertyValueSpecification\",\"valueRequired\":true,\"valueName\":\"search_term_string\"}}],\"inLanguage\":\"es\"},{\"@type\":\"Organization\",\"@id\":\"http:\/\/www.reconoce.mx\/#organization\",\"name\":\"Reconoce MX\",\"url\":\"http:\/\/www.reconoce.mx\/\",\"logo\":{\"@type\":\"ImageObject\",\"inLanguage\":\"es\",\"@id\":\"http:\/\/www.reconoce.mx\/#\/schema\/logo\/image\/\",\"url\":\"https:\/\/www.reconoce.mx\/wp-content\/uploads\/2019\/03\/logorcmx-good-1.png\",\"contentUrl\":\"https:\/\/www.reconoce.mx\/wp-content\/uploads\/2019\/03\/logorcmx-good-1.png\",\"width\":280,\"height\":90,\"caption\":\"Reconoce MX\"},\"image\":{\"@id\":\"http:\/\/www.reconoce.mx\/#\/schema\/logo\/image\/\"},\"sameAs\":[\"https:\/\/es-la.facebook.com\/ReconoceMX\/\",\"https:\/\/x.com\/reconocemx\",\"http:\/\/@reconocemx\"]},{\"@type\":\"Person\",\"@id\":\"http:\/\/www.reconoce.mx\/#\/schema\/person\/2117e997d7051dc15d6880eaf9bca0b2\",\"name\":\"Reconoce MX\",\"image\":{\"@type\":\"ImageObject\",\"inLanguage\":\"es\",\"@id\":\"http:\/\/www.reconoce.mx\/#\/schema\/person\/image\/\",\"url\":\"https:\/\/secure.gravatar.com\/avatar\/6c8d4dc7569ca1c90c5fdcc349f839d5ddef6fe1e70b4337ead2ef1a4c43fc3a?s=96&d=identicon&r=g\",\"contentUrl\":\"https:\/\/secure.gravatar.com\/avatar\/6c8d4dc7569ca1c90c5fdcc349f839d5ddef6fe1e70b4337ead2ef1a4c43fc3a?s=96&d=identicon&r=g\",\"caption\":\"Reconoce MX\"},\"description\":\"Reconoce MX es un proyecto de difusi\u00f3n art\u00edstica, cultural y de conciencia social que est\u00e1 enfocado a difundir y fomentar el entretenimiento alternativo de calidad para todo el p\u00fablico que comparta el mismo entusiasmo.\",\"sameAs\":[\"http:\/\/www.reconoce.mx\"],\"url\":\"http:\/\/www.reconoce.mx\/?author=2\"}]}<\/script>\n<!-- \/ Yoast SEO plugin. -->","yoast_head_json":{"title":"#S\u00e9p7imoD\u00eda: Soda Stereo con Cirque du Soleil en M\u00e9xico &#171; Reconoce MX","robots":{"index":"index","follow":"follow","max-snippet":"max-snippet:-1","max-image-preview":"max-image-preview:large","max-video-preview":"max-video-preview:-1"},"canonical":"http:\/\/www.reconoce.mx\/?p=60566","og_locale":"es_ES","og_type":"article","og_title":"#S\u00e9p7imoD\u00eda: Soda Stereo con Cirque du Soleil en M\u00e9xico &#171; Reconoce MX","og_description":"En una nutrida conferencia de prensa que tuvo lugar el pasado martes en el Palacio de los Deportes, se anunci\u00f3 con gran entusiasmo la llegada a M\u00e9xico de \"S\u00e9p7imo D\u00eda \u2013 No Descansar\u00e9\", el espect\u00e1culo homenaje con que el Cirque du Soleil festeja la historia musical de Soda Stereo, la legendaria banda de rock argentina.","og_url":"http:\/\/www.reconoce.mx\/?p=60566","og_site_name":"Reconoce MX","article_publisher":"https:\/\/es-la.facebook.com\/ReconoceMX\/","article_published_time":"2017-04-28T05:07:51+00:00","article_modified_time":"2017-04-29T03:52:25+00:00","og_image":[{"width":590,"height":380,"url":"http:\/\/www.reconoce.mx\/wp-content\/uploads\/2017\/04\/septimo-dia-cover-2.png","type":"image\/png"}],"author":"Reconoce MX","twitter_card":"summary_large_image","twitter_creator":"@reconocemx","twitter_site":"@reconocemx","twitter_misc":{"Escrito por":"Reconoce MX","Tiempo de lectura":"3 minutos"},"schema":{"@context":"https:\/\/schema.org","@graph":[{"@type":"Article","@id":"http:\/\/www.reconoce.mx\/?p=60566#article","isPartOf":{"@id":"http:\/\/www.reconoce.mx\/?p=60566"},"author":{"name":"Reconoce MX","@id":"http:\/\/www.reconoce.mx\/#\/schema\/person\/2117e997d7051dc15d6880eaf9bca0b2"},"headline":"#S\u00e9p7imoD\u00eda: Soda Stereo con Cirque du Soleil en M\u00e9xico","datePublished":"2017-04-28T05:07:51+00:00","dateModified":"2017-04-29T03:52:25+00:00","mainEntityOfPage":{"@id":"http:\/\/www.reconoce.mx\/?p=60566"},"wordCount":576,"commentCount":0,"publisher":{"@id":"http:\/\/www.reconoce.mx\/#organization"},"image":{"@id":"http:\/\/www.reconoce.mx\/?p=60566#primaryimage"},"thumbnailUrl":"http:\/\/www.reconoce.mx\/wp-content\/uploads\/2017\/04\/septimo-dia-cover-2.png","articleSection":["Cultura","M\u00fasica","Principal"],"inLanguage":"es","potentialAction":[{"@type":"CommentAction","name":"Comment","target":["http:\/\/www.reconoce.mx\/?p=60566#respond"]}]},{"@type":"WebPage","@id":"http:\/\/www.reconoce.mx\/?p=60566","url":"http:\/\/www.reconoce.mx\/?p=60566","name":"#S\u00e9p7imoD\u00eda: Soda Stereo con Cirque du Soleil en M\u00e9xico &#171; Reconoce MX","isPartOf":{"@id":"http:\/\/www.reconoce.mx\/#website"},"primaryImageOfPage":{"@id":"http:\/\/www.reconoce.mx\/?p=60566#primaryimage"},"image":{"@id":"http:\/\/www.reconoce.mx\/?p=60566#primaryimage"},"thumbnailUrl":"http:\/\/www.reconoce.mx\/wp-content\/uploads\/2017\/04\/septimo-dia-cover-2.png","datePublished":"2017-04-28T05:07:51+00:00","dateModified":"2017-04-29T03:52:25+00:00","breadcrumb":{"@id":"http:\/\/www.reconoce.mx\/?p=60566#breadcrumb"},"inLanguage":"es","potentialAction":[{"@type":"ReadAction","target":["http:\/\/www.reconoce.mx\/?p=60566"]}]},{"@type":"ImageObject","inLanguage":"es","@id":"http:\/\/www.reconoce.mx\/?p=60566#primaryimage","url":"http:\/\/www.reconoce.mx\/wp-content\/uploads\/2017\/04\/septimo-dia-cover-2.png","contentUrl":"http:\/\/www.reconoce.mx\/wp-content\/uploads\/2017\/04\/septimo-dia-cover-2.png","width":590,"height":380},{"@type":"BreadcrumbList","@id":"http:\/\/www.reconoce.mx\/?p=60566#breadcrumb","itemListElement":[{"@type":"ListItem","position":1,"name":"Portada","item":"http:\/\/www.reconoce.mx\/"},{"@type":"ListItem","position":2,"name":"#S\u00e9p7imoD\u00eda: Soda Stereo con Cirque du Soleil en M\u00e9xico"}]},{"@type":"WebSite","@id":"http:\/\/www.reconoce.mx\/#website","url":"http:\/\/www.reconoce.mx\/","name":"Reconoce MX","description":"En Reconoce MX difundimos arte, cultura y conciencia social en M\u00e9xico. Tu ciudad en otra perspectiva.","publisher":{"@id":"http:\/\/www.reconoce.mx\/#organization"},"potentialAction":[{"@type":"SearchAction","target":{"@type":"EntryPoint","urlTemplate":"http:\/\/www.reconoce.mx\/?s={search_term_string}"},"query-input":{"@type":"PropertyValueSpecification","valueRequired":true,"valueName":"search_term_string"}}],"inLanguage":"es"},{"@type":"Organization","@id":"http:\/\/www.reconoce.mx\/#organization","name":"Reconoce MX","url":"http:\/\/www.reconoce.mx\/","logo":{"@type":"ImageObject","inLanguage":"es","@id":"http:\/\/www.reconoce.mx\/#\/schema\/logo\/image\/","url":"https:\/\/www.reconoce.mx\/wp-content\/uploads\/2019\/03\/logorcmx-good-1.png","contentUrl":"https:\/\/www.reconoce.mx\/wp-content\/uploads\/2019\/03\/logorcmx-good-1.png","width":280,"height":90,"caption":"Reconoce MX"},"image":{"@id":"http:\/\/www.reconoce.mx\/#\/schema\/logo\/image\/"},"sameAs":["https:\/\/es-la.facebook.com\/ReconoceMX\/","https:\/\/x.com\/reconocemx","http:\/\/@reconocemx"]},{"@type":"Person","@id":"http:\/\/www.reconoce.mx\/#\/schema\/person\/2117e997d7051dc15d6880eaf9bca0b2","name":"Reconoce MX","image":{"@type":"ImageObject","inLanguage":"es","@id":"http:\/\/www.reconoce.mx\/#\/schema\/person\/image\/","url":"https:\/\/secure.gravatar.com\/avatar\/6c8d4dc7569ca1c90c5fdcc349f839d5ddef6fe1e70b4337ead2ef1a4c43fc3a?s=96&d=identicon&r=g","contentUrl":"https:\/\/secure.gravatar.com\/avatar\/6c8d4dc7569ca1c90c5fdcc349f839d5ddef6fe1e70b4337ead2ef1a4c43fc3a?s=96&d=identicon&r=g","caption":"Reconoce MX"},"description":"Reconoce MX es un proyecto de difusi\u00f3n art\u00edstica, cultural y de conciencia social que est\u00e1 enfocado a difundir y fomentar el entretenimiento alternativo de calidad para todo el p\u00fablico que comparta el mismo entusiasmo.","sameAs":["http:\/\/www.reconoce.mx"],"url":"http:\/\/www.reconoce.mx\/?author=2"}]}},"_links":{"self":[{"href":"http:\/\/www.reconoce.mx\/index.php?rest_route=\/wp\/v2\/posts\/60566","targetHints":{"allow":["GET"]}}],"collection":[{"href":"http:\/\/www.reconoce.mx\/index.php?rest_route=\/wp\/v2\/posts"}],"about":[{"href":"http:\/\/www.reconoce.mx\/index.php?rest_route=\/wp\/v2\/types\/post"}],"author":[{"embeddable":true,"href":"http:\/\/www.reconoce.mx\/index.php?rest_route=\/wp\/v2\/users\/2"}],"replies":[{"embeddable":true,"href":"http:\/\/www.reconoce.mx\/index.php?rest_route=%2Fwp%2Fv2%2Fcomments&post=60566"}],"version-history":[{"count":2,"href":"http:\/\/www.reconoce.mx\/index.php?rest_route=\/wp\/v2\/posts\/60566\/revisions"}],"predecessor-version":[{"id":60574,"href":"http:\/\/www.reconoce.mx\/index.php?rest_route=\/wp\/v2\/posts\/60566\/revisions\/60574"}],"wp:featuredmedia":[{"embeddable":true,"href":"http:\/\/www.reconoce.mx\/index.php?rest_route=\/wp\/v2\/media\/60572"}],"wp:attachment":[{"href":"http:\/\/www.reconoce.mx\/index.php?rest_route=%2Fwp%2Fv2%2Fmedia&parent=60566"}],"wp:term":[{"taxonomy":"category","embeddable":true,"href":"http:\/\/www.reconoce.mx\/index.php?rest_route=%2Fwp%2Fv2%2Fcategories&post=60566"},{"taxonomy":"post_tag","embeddable":true,"href":"http:\/\/www.reconoce.mx\/index.php?rest_route=%2Fwp%2Fv2%2Ftags&post=60566"}],"curies":[{"name":"wp","href":"https:\/\/api.w.org\/{rel}","templated":true}]}}