{"id":60580,"date":"2017-04-28T00:06:45","date_gmt":"2017-04-28T05:06:45","guid":{"rendered":"http:\/\/www.reconoce.mx\/?p=60580"},"modified":"2017-04-28T23:01:05","modified_gmt":"2017-04-29T04:01:05","slug":"y-tuve-que-decirle-que-no-dicen-los-cafe-tacvba","status":"publish","type":"post","link":"http:\/\/www.reconoce.mx\/?p=60580","title":{"rendered":"\u00abY tuve que decirle &#8216;Que no'\u00bb, dicen los Caf\u00e9 Tacvba"},"content":{"rendered":"<p><strong>Por <a href=\"https:\/\/twitter.com\/llamamepollo\" target=\"_blank\" rel=\"noopener noreferrer\">Elizabeth Gonz\u00e1lez Pazar\u00e1n<\/a>.<\/strong><strong><br \/>\n<\/strong><\/p>\n<p>Nada mejor para empezar el puente que una canci\u00f3n arm\u00f3nica, estremecedora y con una l\u00edrica que habla del desamor en la voz de una de las bandas m\u00e1s representativas del rock mexicano. Hoy <strong>Caf\u00e9 Tacuba<\/strong> lanza \u00abQue no\u00bb, cuarto adelanto de su nuevo material discogr\u00e1fico de estudio titulado \u00abJei Beibi\u00bb.<\/p>\n<style>.embed-container { position: relative; padding-bottom: 56.25%; height: 0; overflow: hidden; max-width: 100%; } .embed-container iframe, .embed-container object, .embed-container embed { position: absolute; top: 0; left: 0; width: 100%; height: 100%; }<\/style>\n<div class='embed-container'><iframe src='https:\/\/www.youtube.com\/embed\/FVmsNjXCH_Q' frameborder='0' allowfullscreen><\/iframe><\/div>\n<p>&nbsp;<\/p>\n<p>A tan solo unos d\u00edas del lanzamiento del disco completo, nos regalan esta canci\u00f3n escrita por<strong> Quique Rangel<\/strong>, armonizada por <strong>Emanuel del Real<\/strong> y acompa\u00f1ada de un video dirigido por el venezolano <strong>Carl Zitelmann<\/strong> y <strong>Rub\u00e9n Albarr\u00e1n<\/strong>, con un concepto creado a partir de la letra de la canci\u00f3n y un toque de rock de los 70 que adem\u00e1s tendr\u00e1 una versi\u00f3n normal y otra alternativa.<\/p>\n<p>Despu\u00e9s de 5 a\u00f1os sin material nuevo de estudio, los tacvbos de la mano de su entra\u00f1able amigo <strong>Gustavo Santaolalla<\/strong>, por fin nos traen un disco que promete hacer historia en su trayectoria musical, por eso no podemos dejar de escuchar \u00abQue no\u00bb y esperar a escuchar el disco completo.<\/p>\n<p><a href=\"http:\/\/www.reconoce.mx\/wp-content\/uploads\/2017\/04\/Arte-CT-Agotado.jpg\"><img loading=\"lazy\" decoding=\"async\" src=\"http:\/\/www.reconoce.mx\/wp-content\/uploads\/2017\/04\/Arte-CT-Agotado.jpg\" alt=\"\" width=\"3300\" height=\"5100\" class=\"aligncenter size-full wp-image-60587\" srcset=\"http:\/\/www.reconoce.mx\/wp-content\/uploads\/2017\/04\/Arte-CT-Agotado.jpg 3300w, http:\/\/www.reconoce.mx\/wp-content\/uploads\/2017\/04\/Arte-CT-Agotado-194x300.jpg 194w, http:\/\/www.reconoce.mx\/wp-content\/uploads\/2017\/04\/Arte-CT-Agotado-768x1187.jpg 768w, http:\/\/www.reconoce.mx\/wp-content\/uploads\/2017\/04\/Arte-CT-Agotado-663x1024.jpg 663w, http:\/\/www.reconoce.mx\/wp-content\/uploads\/2017\/04\/Arte-CT-Agotado-150x232.jpg 150w, http:\/\/www.reconoce.mx\/wp-content\/uploads\/2017\/04\/Arte-CT-Agotado-700x1082.jpg 700w, http:\/\/www.reconoce.mx\/wp-content\/uploads\/2017\/04\/Arte-CT-Agotado-658x1017.jpg 658w, http:\/\/www.reconoce.mx\/wp-content\/uploads\/2017\/04\/Arte-CT-Agotado-300x464.jpg 300w\" sizes=\"auto, (max-width: 3300px) 100vw, 3300px\" \/><\/a><\/p>\n<p>Este \u00faltimo sencillo es la primera parada para el lanzamiento oficial de \u00abJei Beibi\u00bb el pr\u00f3ximo 5 de mayo, acompa\u00f1ado por una gira internacional que comenzar\u00e1 con dos presentaciones en <strong>El Plaza Condesa<\/strong> los d\u00edas 6 y 7 de mayo.<\/p>\n<p>As\u00ed que si t\u00fa eres tacvbito de coraz\u00f3n, seguro ya tienes tus entradas para <strong>El Plaza Condesa<\/strong>, si no&#8230; ni modo, que se agotaron ambas fechas. \u00a1Nos vemos en el rock!<\/p>\n<p>&nbsp;<\/p>\n<p>&nbsp;<\/p>\n","protected":false},"excerpt":{"rendered":"<p>Nada mejor para empezar el puente que una canci\u00f3n arm\u00f3nica, estremecedora y con una l\u00edrica que habla del desamor en la voz de una de las bandas m\u00e1s representativas del rock mexicano.<\/p>\n","protected":false},"author":2,"featured_media":60581,"comment_status":"open","ping_status":"open","sticky":false,"template":"","format":"standard","meta":{"footnotes":""},"categories":[1,18,17],"tags":[],"class_list":["post-60580","post","type-post","status-publish","format-standard","has-post-thumbnail","hentry","category-cultura","category-musica","category-principal"],"yoast_head":"<!-- This site is optimized with the Yoast SEO plugin v24.7 - https:\/\/yoast.com\/wordpress\/plugins\/seo\/ -->\n<title>&quot;Y tuve que decirle &#039;Que no&#039;&quot;, dicen los Caf\u00e9 Tacvba &#171; Reconoce MX<\/title>\n<meta name=\"robots\" content=\"index, follow, max-snippet:-1, max-image-preview:large, max-video-preview:-1\" \/>\n<link rel=\"canonical\" href=\"http:\/\/www.reconoce.mx\/?p=60580\" \/>\n<meta property=\"og:locale\" content=\"es_ES\" \/>\n<meta property=\"og:type\" content=\"article\" \/>\n<meta property=\"og:title\" content=\"&quot;Y tuve que decirle &#039;Que no&#039;&quot;, dicen los Caf\u00e9 Tacvba &#171; Reconoce MX\" \/>\n<meta property=\"og:description\" content=\"Nada mejor para empezar el puente que una canci\u00f3n arm\u00f3nica, estremecedora y con una l\u00edrica que habla del desamor en la voz de una de las bandas m\u00e1s representativas del rock mexicano.\" \/>\n<meta property=\"og:url\" content=\"http:\/\/www.reconoce.mx\/?p=60580\" \/>\n<meta property=\"og:site_name\" content=\"Reconoce MX\" \/>\n<meta property=\"article:publisher\" content=\"https:\/\/es-la.facebook.com\/ReconoceMX\/\" \/>\n<meta property=\"article:published_time\" content=\"2017-04-28T05:06:45+00:00\" \/>\n<meta property=\"article:modified_time\" content=\"2017-04-29T04:01:05+00:00\" \/>\n<meta property=\"og:image\" content=\"http:\/\/www.reconoce.mx\/wp-content\/uploads\/2017\/04\/queno-cover.png\" \/>\n\t<meta property=\"og:image:width\" content=\"590\" \/>\n\t<meta property=\"og:image:height\" content=\"380\" \/>\n\t<meta property=\"og:image:type\" content=\"image\/png\" \/>\n<meta name=\"author\" content=\"Reconoce MX\" \/>\n<meta name=\"twitter:card\" content=\"summary_large_image\" \/>\n<meta name=\"twitter:creator\" content=\"@reconocemx\" \/>\n<meta name=\"twitter:site\" content=\"@reconocemx\" \/>\n<meta name=\"twitter:label1\" content=\"Escrito por\" \/>\n\t<meta name=\"twitter:data1\" content=\"Reconoce MX\" \/>\n\t<meta name=\"twitter:label2\" content=\"Tiempo de lectura\" \/>\n\t<meta name=\"twitter:data2\" content=\"1 minuto\" \/>\n<script type=\"application\/ld+json\" class=\"yoast-schema-graph\">{\"@context\":\"https:\/\/schema.org\",\"@graph\":[{\"@type\":\"Article\",\"@id\":\"http:\/\/www.reconoce.mx\/?p=60580#article\",\"isPartOf\":{\"@id\":\"http:\/\/www.reconoce.mx\/?p=60580\"},\"author\":{\"name\":\"Reconoce MX\",\"@id\":\"http:\/\/www.reconoce.mx\/#\/schema\/person\/2117e997d7051dc15d6880eaf9bca0b2\"},\"headline\":\"\u00abY tuve que decirle &#8216;Que no'\u00bb, dicen los Caf\u00e9 Tacvba\",\"datePublished\":\"2017-04-28T05:06:45+00:00\",\"dateModified\":\"2017-04-29T04:01:05+00:00\",\"mainEntityOfPage\":{\"@id\":\"http:\/\/www.reconoce.mx\/?p=60580\"},\"wordCount\":271,\"commentCount\":0,\"publisher\":{\"@id\":\"http:\/\/www.reconoce.mx\/#organization\"},\"image\":{\"@id\":\"http:\/\/www.reconoce.mx\/?p=60580#primaryimage\"},\"thumbnailUrl\":\"http:\/\/www.reconoce.mx\/wp-content\/uploads\/2017\/04\/queno-cover.png\",\"articleSection\":[\"Cultura\",\"M\u00fasica\",\"Principal\"],\"inLanguage\":\"es\",\"potentialAction\":[{\"@type\":\"CommentAction\",\"name\":\"Comment\",\"target\":[\"http:\/\/www.reconoce.mx\/?p=60580#respond\"]}]},{\"@type\":\"WebPage\",\"@id\":\"http:\/\/www.reconoce.mx\/?p=60580\",\"url\":\"http:\/\/www.reconoce.mx\/?p=60580\",\"name\":\"\\\"Y tuve que decirle 'Que no'\\\", dicen los Caf\u00e9 Tacvba &#171; Reconoce MX\",\"isPartOf\":{\"@id\":\"http:\/\/www.reconoce.mx\/#website\"},\"primaryImageOfPage\":{\"@id\":\"http:\/\/www.reconoce.mx\/?p=60580#primaryimage\"},\"image\":{\"@id\":\"http:\/\/www.reconoce.mx\/?p=60580#primaryimage\"},\"thumbnailUrl\":\"http:\/\/www.reconoce.mx\/wp-content\/uploads\/2017\/04\/queno-cover.png\",\"datePublished\":\"2017-04-28T05:06:45+00:00\",\"dateModified\":\"2017-04-29T04:01:05+00:00\",\"breadcrumb\":{\"@id\":\"http:\/\/www.reconoce.mx\/?p=60580#breadcrumb\"},\"inLanguage\":\"es\",\"potentialAction\":[{\"@type\":\"ReadAction\",\"target\":[\"http:\/\/www.reconoce.mx\/?p=60580\"]}]},{\"@type\":\"ImageObject\",\"inLanguage\":\"es\",\"@id\":\"http:\/\/www.reconoce.mx\/?p=60580#primaryimage\",\"url\":\"http:\/\/www.reconoce.mx\/wp-content\/uploads\/2017\/04\/queno-cover.png\",\"contentUrl\":\"http:\/\/www.reconoce.mx\/wp-content\/uploads\/2017\/04\/queno-cover.png\",\"width\":590,\"height\":380},{\"@type\":\"BreadcrumbList\",\"@id\":\"http:\/\/www.reconoce.mx\/?p=60580#breadcrumb\",\"itemListElement\":[{\"@type\":\"ListItem\",\"position\":1,\"name\":\"Portada\",\"item\":\"http:\/\/www.reconoce.mx\/\"},{\"@type\":\"ListItem\",\"position\":2,\"name\":\"\u00abY tuve que decirle &#8216;Que no'\u00bb, dicen los Caf\u00e9 Tacvba\"}]},{\"@type\":\"WebSite\",\"@id\":\"http:\/\/www.reconoce.mx\/#website\",\"url\":\"http:\/\/www.reconoce.mx\/\",\"name\":\"Reconoce MX\",\"description\":\"En Reconoce MX difundimos arte, cultura y conciencia social en M\u00e9xico. Tu ciudad en otra perspectiva.\",\"publisher\":{\"@id\":\"http:\/\/www.reconoce.mx\/#organization\"},\"potentialAction\":[{\"@type\":\"SearchAction\",\"target\":{\"@type\":\"EntryPoint\",\"urlTemplate\":\"http:\/\/www.reconoce.mx\/?s={search_term_string}\"},\"query-input\":{\"@type\":\"PropertyValueSpecification\",\"valueRequired\":true,\"valueName\":\"search_term_string\"}}],\"inLanguage\":\"es\"},{\"@type\":\"Organization\",\"@id\":\"http:\/\/www.reconoce.mx\/#organization\",\"name\":\"Reconoce MX\",\"url\":\"http:\/\/www.reconoce.mx\/\",\"logo\":{\"@type\":\"ImageObject\",\"inLanguage\":\"es\",\"@id\":\"http:\/\/www.reconoce.mx\/#\/schema\/logo\/image\/\",\"url\":\"https:\/\/www.reconoce.mx\/wp-content\/uploads\/2019\/03\/logorcmx-good-1.png\",\"contentUrl\":\"https:\/\/www.reconoce.mx\/wp-content\/uploads\/2019\/03\/logorcmx-good-1.png\",\"width\":280,\"height\":90,\"caption\":\"Reconoce MX\"},\"image\":{\"@id\":\"http:\/\/www.reconoce.mx\/#\/schema\/logo\/image\/\"},\"sameAs\":[\"https:\/\/es-la.facebook.com\/ReconoceMX\/\",\"https:\/\/x.com\/reconocemx\",\"http:\/\/@reconocemx\"]},{\"@type\":\"Person\",\"@id\":\"http:\/\/www.reconoce.mx\/#\/schema\/person\/2117e997d7051dc15d6880eaf9bca0b2\",\"name\":\"Reconoce MX\",\"image\":{\"@type\":\"ImageObject\",\"inLanguage\":\"es\",\"@id\":\"http:\/\/www.reconoce.mx\/#\/schema\/person\/image\/\",\"url\":\"https:\/\/secure.gravatar.com\/avatar\/6c8d4dc7569ca1c90c5fdcc349f839d5ddef6fe1e70b4337ead2ef1a4c43fc3a?s=96&d=identicon&r=g\",\"contentUrl\":\"https:\/\/secure.gravatar.com\/avatar\/6c8d4dc7569ca1c90c5fdcc349f839d5ddef6fe1e70b4337ead2ef1a4c43fc3a?s=96&d=identicon&r=g\",\"caption\":\"Reconoce MX\"},\"description\":\"Reconoce MX es un proyecto de difusi\u00f3n art\u00edstica, cultural y de conciencia social que est\u00e1 enfocado a difundir y fomentar el entretenimiento alternativo de calidad para todo el p\u00fablico que comparta el mismo entusiasmo.\",\"sameAs\":[\"http:\/\/www.reconoce.mx\"],\"url\":\"http:\/\/www.reconoce.mx\/?author=2\"}]}<\/script>\n<!-- \/ Yoast SEO plugin. -->","yoast_head_json":{"title":"\"Y tuve que decirle 'Que no'\", dicen los Caf\u00e9 Tacvba &#171; Reconoce MX","robots":{"index":"index","follow":"follow","max-snippet":"max-snippet:-1","max-image-preview":"max-image-preview:large","max-video-preview":"max-video-preview:-1"},"canonical":"http:\/\/www.reconoce.mx\/?p=60580","og_locale":"es_ES","og_type":"article","og_title":"\"Y tuve que decirle 'Que no'\", dicen los Caf\u00e9 Tacvba &#171; Reconoce MX","og_description":"Nada mejor para empezar el puente que una canci\u00f3n arm\u00f3nica, estremecedora y con una l\u00edrica que habla del desamor en la voz de una de las bandas m\u00e1s representativas del rock mexicano.","og_url":"http:\/\/www.reconoce.mx\/?p=60580","og_site_name":"Reconoce MX","article_publisher":"https:\/\/es-la.facebook.com\/ReconoceMX\/","article_published_time":"2017-04-28T05:06:45+00:00","article_modified_time":"2017-04-29T04:01:05+00:00","og_image":[{"width":590,"height":380,"url":"http:\/\/www.reconoce.mx\/wp-content\/uploads\/2017\/04\/queno-cover.png","type":"image\/png"}],"author":"Reconoce MX","twitter_card":"summary_large_image","twitter_creator":"@reconocemx","twitter_site":"@reconocemx","twitter_misc":{"Escrito por":"Reconoce MX","Tiempo de lectura":"1 minuto"},"schema":{"@context":"https:\/\/schema.org","@graph":[{"@type":"Article","@id":"http:\/\/www.reconoce.mx\/?p=60580#article","isPartOf":{"@id":"http:\/\/www.reconoce.mx\/?p=60580"},"author":{"name":"Reconoce MX","@id":"http:\/\/www.reconoce.mx\/#\/schema\/person\/2117e997d7051dc15d6880eaf9bca0b2"},"headline":"\u00abY tuve que decirle &#8216;Que no'\u00bb, dicen los Caf\u00e9 Tacvba","datePublished":"2017-04-28T05:06:45+00:00","dateModified":"2017-04-29T04:01:05+00:00","mainEntityOfPage":{"@id":"http:\/\/www.reconoce.mx\/?p=60580"},"wordCount":271,"commentCount":0,"publisher":{"@id":"http:\/\/www.reconoce.mx\/#organization"},"image":{"@id":"http:\/\/www.reconoce.mx\/?p=60580#primaryimage"},"thumbnailUrl":"http:\/\/www.reconoce.mx\/wp-content\/uploads\/2017\/04\/queno-cover.png","articleSection":["Cultura","M\u00fasica","Principal"],"inLanguage":"es","potentialAction":[{"@type":"CommentAction","name":"Comment","target":["http:\/\/www.reconoce.mx\/?p=60580#respond"]}]},{"@type":"WebPage","@id":"http:\/\/www.reconoce.mx\/?p=60580","url":"http:\/\/www.reconoce.mx\/?p=60580","name":"\"Y tuve que decirle 'Que no'\", dicen los Caf\u00e9 Tacvba &#171; Reconoce MX","isPartOf":{"@id":"http:\/\/www.reconoce.mx\/#website"},"primaryImageOfPage":{"@id":"http:\/\/www.reconoce.mx\/?p=60580#primaryimage"},"image":{"@id":"http:\/\/www.reconoce.mx\/?p=60580#primaryimage"},"thumbnailUrl":"http:\/\/www.reconoce.mx\/wp-content\/uploads\/2017\/04\/queno-cover.png","datePublished":"2017-04-28T05:06:45+00:00","dateModified":"2017-04-29T04:01:05+00:00","breadcrumb":{"@id":"http:\/\/www.reconoce.mx\/?p=60580#breadcrumb"},"inLanguage":"es","potentialAction":[{"@type":"ReadAction","target":["http:\/\/www.reconoce.mx\/?p=60580"]}]},{"@type":"ImageObject","inLanguage":"es","@id":"http:\/\/www.reconoce.mx\/?p=60580#primaryimage","url":"http:\/\/www.reconoce.mx\/wp-content\/uploads\/2017\/04\/queno-cover.png","contentUrl":"http:\/\/www.reconoce.mx\/wp-content\/uploads\/2017\/04\/queno-cover.png","width":590,"height":380},{"@type":"BreadcrumbList","@id":"http:\/\/www.reconoce.mx\/?p=60580#breadcrumb","itemListElement":[{"@type":"ListItem","position":1,"name":"Portada","item":"http:\/\/www.reconoce.mx\/"},{"@type":"ListItem","position":2,"name":"\u00abY tuve que decirle &#8216;Que no'\u00bb, dicen los Caf\u00e9 Tacvba"}]},{"@type":"WebSite","@id":"http:\/\/www.reconoce.mx\/#website","url":"http:\/\/www.reconoce.mx\/","name":"Reconoce MX","description":"En Reconoce MX difundimos arte, cultura y conciencia social en M\u00e9xico. Tu ciudad en otra perspectiva.","publisher":{"@id":"http:\/\/www.reconoce.mx\/#organization"},"potentialAction":[{"@type":"SearchAction","target":{"@type":"EntryPoint","urlTemplate":"http:\/\/www.reconoce.mx\/?s={search_term_string}"},"query-input":{"@type":"PropertyValueSpecification","valueRequired":true,"valueName":"search_term_string"}}],"inLanguage":"es"},{"@type":"Organization","@id":"http:\/\/www.reconoce.mx\/#organization","name":"Reconoce MX","url":"http:\/\/www.reconoce.mx\/","logo":{"@type":"ImageObject","inLanguage":"es","@id":"http:\/\/www.reconoce.mx\/#\/schema\/logo\/image\/","url":"https:\/\/www.reconoce.mx\/wp-content\/uploads\/2019\/03\/logorcmx-good-1.png","contentUrl":"https:\/\/www.reconoce.mx\/wp-content\/uploads\/2019\/03\/logorcmx-good-1.png","width":280,"height":90,"caption":"Reconoce MX"},"image":{"@id":"http:\/\/www.reconoce.mx\/#\/schema\/logo\/image\/"},"sameAs":["https:\/\/es-la.facebook.com\/ReconoceMX\/","https:\/\/x.com\/reconocemx","http:\/\/@reconocemx"]},{"@type":"Person","@id":"http:\/\/www.reconoce.mx\/#\/schema\/person\/2117e997d7051dc15d6880eaf9bca0b2","name":"Reconoce MX","image":{"@type":"ImageObject","inLanguage":"es","@id":"http:\/\/www.reconoce.mx\/#\/schema\/person\/image\/","url":"https:\/\/secure.gravatar.com\/avatar\/6c8d4dc7569ca1c90c5fdcc349f839d5ddef6fe1e70b4337ead2ef1a4c43fc3a?s=96&d=identicon&r=g","contentUrl":"https:\/\/secure.gravatar.com\/avatar\/6c8d4dc7569ca1c90c5fdcc349f839d5ddef6fe1e70b4337ead2ef1a4c43fc3a?s=96&d=identicon&r=g","caption":"Reconoce MX"},"description":"Reconoce MX es un proyecto de difusi\u00f3n art\u00edstica, cultural y de conciencia social que est\u00e1 enfocado a difundir y fomentar el entretenimiento alternativo de calidad para todo el p\u00fablico que comparta el mismo entusiasmo.","sameAs":["http:\/\/www.reconoce.mx"],"url":"http:\/\/www.reconoce.mx\/?author=2"}]}},"_links":{"self":[{"href":"http:\/\/www.reconoce.mx\/index.php?rest_route=\/wp\/v2\/posts\/60580","targetHints":{"allow":["GET"]}}],"collection":[{"href":"http:\/\/www.reconoce.mx\/index.php?rest_route=\/wp\/v2\/posts"}],"about":[{"href":"http:\/\/www.reconoce.mx\/index.php?rest_route=\/wp\/v2\/types\/post"}],"author":[{"embeddable":true,"href":"http:\/\/www.reconoce.mx\/index.php?rest_route=\/wp\/v2\/users\/2"}],"replies":[{"embeddable":true,"href":"http:\/\/www.reconoce.mx\/index.php?rest_route=%2Fwp%2Fv2%2Fcomments&post=60580"}],"version-history":[{"count":7,"href":"http:\/\/www.reconoce.mx\/index.php?rest_route=\/wp\/v2\/posts\/60580\/revisions"}],"predecessor-version":[{"id":60590,"href":"http:\/\/www.reconoce.mx\/index.php?rest_route=\/wp\/v2\/posts\/60580\/revisions\/60590"}],"wp:featuredmedia":[{"embeddable":true,"href":"http:\/\/www.reconoce.mx\/index.php?rest_route=\/wp\/v2\/media\/60581"}],"wp:attachment":[{"href":"http:\/\/www.reconoce.mx\/index.php?rest_route=%2Fwp%2Fv2%2Fmedia&parent=60580"}],"wp:term":[{"taxonomy":"category","embeddable":true,"href":"http:\/\/www.reconoce.mx\/index.php?rest_route=%2Fwp%2Fv2%2Fcategories&post=60580"},{"taxonomy":"post_tag","embeddable":true,"href":"http:\/\/www.reconoce.mx\/index.php?rest_route=%2Fwp%2Fv2%2Ftags&post=60580"}],"curies":[{"name":"wp","href":"https:\/\/api.w.org\/{rel}","templated":true}]}}