{"id":60606,"date":"2017-05-03T00:04:53","date_gmt":"2017-05-03T05:04:53","guid":{"rendered":"http:\/\/www.reconoce.mx\/?p=60606"},"modified":"2017-05-02T23:19:25","modified_gmt":"2017-05-03T04:19:25","slug":"tagcdmx-2017-abre-convocatoria-para-creativos-de-america","status":"publish","type":"post","link":"http:\/\/www.reconoce.mx\/?p=60606","title":{"rendered":"#TagCDMX 2017 abre convocatoria para creativos de Am\u00e9rica"},"content":{"rendered":"<p><strong>Por\u00a0<a title=\"@enriquefa86\" href=\"https:\/\/twitter.com\/enriquefa86\" target=\"_blank\" rel=\"noopener noreferrer\">Enrique Figueroa Anaya<\/a>.<\/strong><\/p>\n<p>El encuentro de creativos m\u00e1s importante de la capital ya tiene fecha para su esperada quinta edici\u00f3n. <strong>TagCDMX<\/strong> volver\u00e1 el 15 y 16 de agosto de 2017 en el <strong>Centro Cultural de Bosque<\/strong> en Ciudad de M\u00e9xico. Ahora, para esta nueva edic\u00f3n, abre una convocatoria para que gente de todo el continente americano exhiba su trabajo frente a profesionales de las industrias y desde luego los asistentes. Ciudad de M\u00e9xico ser\u00e1 entonces un punto de encuentro para los creativos de todo el continente americano.<\/p>\n<p><a href=\"http:\/\/www.reconoce.mx\/wp-content\/uploads\/2017\/04\/tagcdmx-save-the-date.png\"><img loading=\"lazy\" decoding=\"async\" class=\"aligncenter size-full wp-image-60608\" src=\"http:\/\/www.reconoce.mx\/wp-content\/uploads\/2017\/04\/tagcdmx-save-the-date.png\" alt=\"\" width=\"590\" height=\"380\" srcset=\"http:\/\/www.reconoce.mx\/wp-content\/uploads\/2017\/04\/tagcdmx-save-the-date.png 590w, http:\/\/www.reconoce.mx\/wp-content\/uploads\/2017\/04\/tagcdmx-save-the-date-300x193.png 300w, http:\/\/www.reconoce.mx\/wp-content\/uploads\/2017\/04\/tagcdmx-save-the-date-150x97.png 150w\" sizes=\"auto, (max-width: 590px) 100vw, 590px\" \/><\/a><\/p>\n<p>En constante reinvenci\u00f3n, siempre con la idea de generar nuevos formatos que atrapen a los espectadores y fomenten a la creatividad, <strong>TagCDMX<\/strong> se enfoca en conocer lo que sucede a lo largo y ancho de Am\u00e9rica. Por ello lanz\u00f3 la semana pasada una convocatoria para invitar artistas y creativos independientes, colectivos de arte, productoras, agencias o instituciones americanas o de cualquier nacionalidad que trabajen en el continente americano, para postular proyectos que sean parte de su cartel los d\u00edas 15 y 16 de agosto en Ciudad de M\u00e9xico.<\/p>\n<p>Durante los cuatro a\u00f1os de <strong>TagCDMX<\/strong> han desfilado personajes como <strong>Brian Eno<\/strong>, <strong>James Cameron<\/strong>, <strong>The Flaming Lips<\/strong>, <strong>Alfonso Cuar\u00f3n<\/strong>, <strong>Jim Jarmusch<\/strong>, <strong>Mark Ronson<\/strong>, <strong>Darren Aronofsky<\/strong>, <strong>Spike Lee<\/strong>, <strong>Steve Wozniak<\/strong>, <strong>Spike Jonze<\/strong>, <strong>Girltalk<\/strong>, <strong>Gaspar No\u00e9<\/strong>, <strong>Enrique Olvera<\/strong> y muchos otros m\u00e1s.<\/p>\n<p>Para participar hay que hacerlo antes del 24 de mayo del presente a\u00f1o. Los seleccionados podr\u00e1n presentar pitches, showcases, conferencias o talleres de sus proyectos que caigan dentro de alguna de las diez industrias creativas de <strong>TagCDMX<\/strong>: Audiovisual (cine, tv, radio, fotograf\u00eda), Arquitectura, Dise\u00f1o e ilustraci\u00f3n (moda, gr\u00e1fico, industrial, textil), Artes (visuales, esc\u00e9nicas, museograf\u00eda y artesan\u00edas), Editorial y literatura, Desarrollo de software (videojuegos, tecnolog\u00edas de la informaci\u00f3n), M\u00fasica, Publicidad y marketing, Gastronom\u00eda y I&amp;D (investigaci\u00f3n, desarrollo y gesti\u00f3n de la creatividad). Al ser pensada como una edici\u00f3n continental, <strong>TagCDMX<\/strong> cubrir\u00e1 los gatos de traslado y hospedaje de hasta 25 creativos. Para m\u00e1s informaci\u00f3n y criterios de participaci\u00f3n, consulen las bases en el <a href=\"http:\/\/tagfestival.com\/\" target=\"_blank\" rel=\"noopener noreferrer\">sitio oficial de <strong>TagCDMX<\/strong><\/a>.<\/p>\n<p style=\"text-align: right;\">Con informaci\u00f3n cortes\u00eda de <strong>TagCDMX<\/strong>.<\/p>\n<p>&nbsp;<\/p>\n<p>&nbsp;<\/p>\n","protected":false},"excerpt":{"rendered":"<p>El encuentro de creativos m\u00e1s importante de la capital ya tiene fecha para su esperada quinta edici\u00f3n. TagCDMX volver\u00e1 el 15 y 16 de agosto de 2017 en el Centro Cultural de Bosque en Ciudad de M\u00e9xico. <\/p>\n","protected":false},"author":2,"featured_media":60607,"comment_status":"open","ping_status":"open","sticky":false,"template":"","format":"standard","meta":{"footnotes":""},"categories":[3,17,125],"tags":[],"class_list":["post-60606","post","type-post","status-publish","format-standard","has-post-thumbnail","hentry","category-ciudad","category-principal","category-universitarios"],"yoast_head":"<!-- This site is optimized with the Yoast SEO plugin v24.7 - https:\/\/yoast.com\/wordpress\/plugins\/seo\/ -->\n<title>#TagCDMX 2017 abre convocatoria para creativos de Am\u00e9rica &#171; Reconoce MX<\/title>\n<meta name=\"robots\" content=\"index, follow, max-snippet:-1, max-image-preview:large, max-video-preview:-1\" \/>\n<link rel=\"canonical\" href=\"https:\/\/www.reconoce.mx\/?p=60606\" \/>\n<meta property=\"og:locale\" content=\"es_ES\" \/>\n<meta property=\"og:type\" content=\"article\" \/>\n<meta property=\"og:title\" content=\"#TagCDMX 2017 abre convocatoria para creativos de Am\u00e9rica &#171; Reconoce MX\" \/>\n<meta property=\"og:description\" content=\"El encuentro de creativos m\u00e1s importante de la capital ya tiene fecha para su esperada quinta edici\u00f3n. TagCDMX volver\u00e1 el 15 y 16 de agosto de 2017 en el Centro Cultural de Bosque en Ciudad de M\u00e9xico.\" \/>\n<meta property=\"og:url\" content=\"https:\/\/www.reconoce.mx\/?p=60606\" \/>\n<meta property=\"og:site_name\" content=\"Reconoce MX\" \/>\n<meta property=\"article:publisher\" content=\"https:\/\/es-la.facebook.com\/ReconoceMX\/\" \/>\n<meta property=\"article:published_time\" content=\"2017-05-03T05:04:53+00:00\" \/>\n<meta property=\"og:image\" content=\"https:\/\/www.reconoce.mx\/wp-content\/uploads\/2017\/04\/tagcdmx-cover.png\" \/>\n\t<meta property=\"og:image:width\" content=\"590\" \/>\n\t<meta property=\"og:image:height\" content=\"380\" \/>\n\t<meta property=\"og:image:type\" content=\"image\/png\" \/>\n<meta name=\"author\" content=\"Reconoce MX\" \/>\n<meta name=\"twitter:card\" content=\"summary_large_image\" \/>\n<meta name=\"twitter:creator\" content=\"@reconocemx\" \/>\n<meta name=\"twitter:site\" content=\"@reconocemx\" \/>\n<meta name=\"twitter:label1\" content=\"Escrito por\" \/>\n\t<meta name=\"twitter:data1\" content=\"Reconoce MX\" \/>\n\t<meta name=\"twitter:label2\" content=\"Tiempo de lectura\" \/>\n\t<meta name=\"twitter:data2\" content=\"2 minutos\" \/>\n<script type=\"application\/ld+json\" class=\"yoast-schema-graph\">{\"@context\":\"https:\/\/schema.org\",\"@graph\":[{\"@type\":\"Article\",\"@id\":\"https:\/\/www.reconoce.mx\/?p=60606#article\",\"isPartOf\":{\"@id\":\"https:\/\/www.reconoce.mx\/?p=60606\"},\"author\":{\"name\":\"Reconoce MX\",\"@id\":\"http:\/\/www.reconoce.mx\/#\/schema\/person\/2117e997d7051dc15d6880eaf9bca0b2\"},\"headline\":\"#TagCDMX 2017 abre convocatoria para creativos de Am\u00e9rica\",\"datePublished\":\"2017-05-03T05:04:53+00:00\",\"mainEntityOfPage\":{\"@id\":\"https:\/\/www.reconoce.mx\/?p=60606\"},\"wordCount\":375,\"commentCount\":0,\"publisher\":{\"@id\":\"http:\/\/www.reconoce.mx\/#organization\"},\"image\":{\"@id\":\"https:\/\/www.reconoce.mx\/?p=60606#primaryimage\"},\"thumbnailUrl\":\"http:\/\/www.reconoce.mx\/wp-content\/uploads\/2017\/04\/tagcdmx-cover.png\",\"articleSection\":[\"Ciudad\",\"Principal\",\"Universitarios\"],\"inLanguage\":\"es\",\"potentialAction\":[{\"@type\":\"CommentAction\",\"name\":\"Comment\",\"target\":[\"https:\/\/www.reconoce.mx\/?p=60606#respond\"]}]},{\"@type\":\"WebPage\",\"@id\":\"https:\/\/www.reconoce.mx\/?p=60606\",\"url\":\"https:\/\/www.reconoce.mx\/?p=60606\",\"name\":\"#TagCDMX 2017 abre convocatoria para creativos de Am\u00e9rica &#171; Reconoce MX\",\"isPartOf\":{\"@id\":\"http:\/\/www.reconoce.mx\/#website\"},\"primaryImageOfPage\":{\"@id\":\"https:\/\/www.reconoce.mx\/?p=60606#primaryimage\"},\"image\":{\"@id\":\"https:\/\/www.reconoce.mx\/?p=60606#primaryimage\"},\"thumbnailUrl\":\"http:\/\/www.reconoce.mx\/wp-content\/uploads\/2017\/04\/tagcdmx-cover.png\",\"datePublished\":\"2017-05-03T05:04:53+00:00\",\"breadcrumb\":{\"@id\":\"https:\/\/www.reconoce.mx\/?p=60606#breadcrumb\"},\"inLanguage\":\"es\",\"potentialAction\":[{\"@type\":\"ReadAction\",\"target\":[\"https:\/\/www.reconoce.mx\/?p=60606\"]}]},{\"@type\":\"ImageObject\",\"inLanguage\":\"es\",\"@id\":\"https:\/\/www.reconoce.mx\/?p=60606#primaryimage\",\"url\":\"http:\/\/www.reconoce.mx\/wp-content\/uploads\/2017\/04\/tagcdmx-cover.png\",\"contentUrl\":\"http:\/\/www.reconoce.mx\/wp-content\/uploads\/2017\/04\/tagcdmx-cover.png\",\"width\":590,\"height\":380},{\"@type\":\"BreadcrumbList\",\"@id\":\"https:\/\/www.reconoce.mx\/?p=60606#breadcrumb\",\"itemListElement\":[{\"@type\":\"ListItem\",\"position\":1,\"name\":\"Portada\",\"item\":\"http:\/\/www.reconoce.mx\/\"},{\"@type\":\"ListItem\",\"position\":2,\"name\":\"#TagCDMX 2017 abre convocatoria para creativos de Am\u00e9rica\"}]},{\"@type\":\"WebSite\",\"@id\":\"http:\/\/www.reconoce.mx\/#website\",\"url\":\"http:\/\/www.reconoce.mx\/\",\"name\":\"Reconoce MX\",\"description\":\"En Reconoce MX difundimos arte, cultura y conciencia social en M\u00e9xico. Tu ciudad en otra perspectiva.\",\"publisher\":{\"@id\":\"http:\/\/www.reconoce.mx\/#organization\"},\"potentialAction\":[{\"@type\":\"SearchAction\",\"target\":{\"@type\":\"EntryPoint\",\"urlTemplate\":\"http:\/\/www.reconoce.mx\/?s={search_term_string}\"},\"query-input\":{\"@type\":\"PropertyValueSpecification\",\"valueRequired\":true,\"valueName\":\"search_term_string\"}}],\"inLanguage\":\"es\"},{\"@type\":\"Organization\",\"@id\":\"http:\/\/www.reconoce.mx\/#organization\",\"name\":\"Reconoce MX\",\"url\":\"http:\/\/www.reconoce.mx\/\",\"logo\":{\"@type\":\"ImageObject\",\"inLanguage\":\"es\",\"@id\":\"http:\/\/www.reconoce.mx\/#\/schema\/logo\/image\/\",\"url\":\"https:\/\/www.reconoce.mx\/wp-content\/uploads\/2019\/03\/logorcmx-good-1.png\",\"contentUrl\":\"https:\/\/www.reconoce.mx\/wp-content\/uploads\/2019\/03\/logorcmx-good-1.png\",\"width\":280,\"height\":90,\"caption\":\"Reconoce MX\"},\"image\":{\"@id\":\"http:\/\/www.reconoce.mx\/#\/schema\/logo\/image\/\"},\"sameAs\":[\"https:\/\/es-la.facebook.com\/ReconoceMX\/\",\"https:\/\/x.com\/reconocemx\",\"http:\/\/@reconocemx\"]},{\"@type\":\"Person\",\"@id\":\"http:\/\/www.reconoce.mx\/#\/schema\/person\/2117e997d7051dc15d6880eaf9bca0b2\",\"name\":\"Reconoce MX\",\"image\":{\"@type\":\"ImageObject\",\"inLanguage\":\"es\",\"@id\":\"http:\/\/www.reconoce.mx\/#\/schema\/person\/image\/\",\"url\":\"https:\/\/secure.gravatar.com\/avatar\/6c8d4dc7569ca1c90c5fdcc349f839d5ddef6fe1e70b4337ead2ef1a4c43fc3a?s=96&d=identicon&r=g\",\"contentUrl\":\"https:\/\/secure.gravatar.com\/avatar\/6c8d4dc7569ca1c90c5fdcc349f839d5ddef6fe1e70b4337ead2ef1a4c43fc3a?s=96&d=identicon&r=g\",\"caption\":\"Reconoce MX\"},\"description\":\"Reconoce MX es un proyecto de difusi\u00f3n art\u00edstica, cultural y de conciencia social que est\u00e1 enfocado a difundir y fomentar el entretenimiento alternativo de calidad para todo el p\u00fablico que comparta el mismo entusiasmo.\",\"sameAs\":[\"http:\/\/www.reconoce.mx\"],\"url\":\"http:\/\/www.reconoce.mx\/?author=2\"}]}<\/script>\n<!-- \/ Yoast SEO plugin. -->","yoast_head_json":{"title":"#TagCDMX 2017 abre convocatoria para creativos de Am\u00e9rica &#171; Reconoce MX","robots":{"index":"index","follow":"follow","max-snippet":"max-snippet:-1","max-image-preview":"max-image-preview:large","max-video-preview":"max-video-preview:-1"},"canonical":"https:\/\/www.reconoce.mx\/?p=60606","og_locale":"es_ES","og_type":"article","og_title":"#TagCDMX 2017 abre convocatoria para creativos de Am\u00e9rica &#171; Reconoce MX","og_description":"El encuentro de creativos m\u00e1s importante de la capital ya tiene fecha para su esperada quinta edici\u00f3n. TagCDMX volver\u00e1 el 15 y 16 de agosto de 2017 en el Centro Cultural de Bosque en Ciudad de M\u00e9xico.","og_url":"https:\/\/www.reconoce.mx\/?p=60606","og_site_name":"Reconoce MX","article_publisher":"https:\/\/es-la.facebook.com\/ReconoceMX\/","article_published_time":"2017-05-03T05:04:53+00:00","og_image":[{"width":590,"height":380,"url":"https:\/\/www.reconoce.mx\/wp-content\/uploads\/2017\/04\/tagcdmx-cover.png","type":"image\/png"}],"author":"Reconoce MX","twitter_card":"summary_large_image","twitter_creator":"@reconocemx","twitter_site":"@reconocemx","twitter_misc":{"Escrito por":"Reconoce MX","Tiempo de lectura":"2 minutos"},"schema":{"@context":"https:\/\/schema.org","@graph":[{"@type":"Article","@id":"https:\/\/www.reconoce.mx\/?p=60606#article","isPartOf":{"@id":"https:\/\/www.reconoce.mx\/?p=60606"},"author":{"name":"Reconoce MX","@id":"http:\/\/www.reconoce.mx\/#\/schema\/person\/2117e997d7051dc15d6880eaf9bca0b2"},"headline":"#TagCDMX 2017 abre convocatoria para creativos de Am\u00e9rica","datePublished":"2017-05-03T05:04:53+00:00","mainEntityOfPage":{"@id":"https:\/\/www.reconoce.mx\/?p=60606"},"wordCount":375,"commentCount":0,"publisher":{"@id":"http:\/\/www.reconoce.mx\/#organization"},"image":{"@id":"https:\/\/www.reconoce.mx\/?p=60606#primaryimage"},"thumbnailUrl":"http:\/\/www.reconoce.mx\/wp-content\/uploads\/2017\/04\/tagcdmx-cover.png","articleSection":["Ciudad","Principal","Universitarios"],"inLanguage":"es","potentialAction":[{"@type":"CommentAction","name":"Comment","target":["https:\/\/www.reconoce.mx\/?p=60606#respond"]}]},{"@type":"WebPage","@id":"https:\/\/www.reconoce.mx\/?p=60606","url":"https:\/\/www.reconoce.mx\/?p=60606","name":"#TagCDMX 2017 abre convocatoria para creativos de Am\u00e9rica &#171; Reconoce MX","isPartOf":{"@id":"http:\/\/www.reconoce.mx\/#website"},"primaryImageOfPage":{"@id":"https:\/\/www.reconoce.mx\/?p=60606#primaryimage"},"image":{"@id":"https:\/\/www.reconoce.mx\/?p=60606#primaryimage"},"thumbnailUrl":"http:\/\/www.reconoce.mx\/wp-content\/uploads\/2017\/04\/tagcdmx-cover.png","datePublished":"2017-05-03T05:04:53+00:00","breadcrumb":{"@id":"https:\/\/www.reconoce.mx\/?p=60606#breadcrumb"},"inLanguage":"es","potentialAction":[{"@type":"ReadAction","target":["https:\/\/www.reconoce.mx\/?p=60606"]}]},{"@type":"ImageObject","inLanguage":"es","@id":"https:\/\/www.reconoce.mx\/?p=60606#primaryimage","url":"http:\/\/www.reconoce.mx\/wp-content\/uploads\/2017\/04\/tagcdmx-cover.png","contentUrl":"http:\/\/www.reconoce.mx\/wp-content\/uploads\/2017\/04\/tagcdmx-cover.png","width":590,"height":380},{"@type":"BreadcrumbList","@id":"https:\/\/www.reconoce.mx\/?p=60606#breadcrumb","itemListElement":[{"@type":"ListItem","position":1,"name":"Portada","item":"http:\/\/www.reconoce.mx\/"},{"@type":"ListItem","position":2,"name":"#TagCDMX 2017 abre convocatoria para creativos de Am\u00e9rica"}]},{"@type":"WebSite","@id":"http:\/\/www.reconoce.mx\/#website","url":"http:\/\/www.reconoce.mx\/","name":"Reconoce MX","description":"En Reconoce MX difundimos arte, cultura y conciencia social en M\u00e9xico. Tu ciudad en otra perspectiva.","publisher":{"@id":"http:\/\/www.reconoce.mx\/#organization"},"potentialAction":[{"@type":"SearchAction","target":{"@type":"EntryPoint","urlTemplate":"http:\/\/www.reconoce.mx\/?s={search_term_string}"},"query-input":{"@type":"PropertyValueSpecification","valueRequired":true,"valueName":"search_term_string"}}],"inLanguage":"es"},{"@type":"Organization","@id":"http:\/\/www.reconoce.mx\/#organization","name":"Reconoce MX","url":"http:\/\/www.reconoce.mx\/","logo":{"@type":"ImageObject","inLanguage":"es","@id":"http:\/\/www.reconoce.mx\/#\/schema\/logo\/image\/","url":"https:\/\/www.reconoce.mx\/wp-content\/uploads\/2019\/03\/logorcmx-good-1.png","contentUrl":"https:\/\/www.reconoce.mx\/wp-content\/uploads\/2019\/03\/logorcmx-good-1.png","width":280,"height":90,"caption":"Reconoce MX"},"image":{"@id":"http:\/\/www.reconoce.mx\/#\/schema\/logo\/image\/"},"sameAs":["https:\/\/es-la.facebook.com\/ReconoceMX\/","https:\/\/x.com\/reconocemx","http:\/\/@reconocemx"]},{"@type":"Person","@id":"http:\/\/www.reconoce.mx\/#\/schema\/person\/2117e997d7051dc15d6880eaf9bca0b2","name":"Reconoce MX","image":{"@type":"ImageObject","inLanguage":"es","@id":"http:\/\/www.reconoce.mx\/#\/schema\/person\/image\/","url":"https:\/\/secure.gravatar.com\/avatar\/6c8d4dc7569ca1c90c5fdcc349f839d5ddef6fe1e70b4337ead2ef1a4c43fc3a?s=96&d=identicon&r=g","contentUrl":"https:\/\/secure.gravatar.com\/avatar\/6c8d4dc7569ca1c90c5fdcc349f839d5ddef6fe1e70b4337ead2ef1a4c43fc3a?s=96&d=identicon&r=g","caption":"Reconoce MX"},"description":"Reconoce MX es un proyecto de difusi\u00f3n art\u00edstica, cultural y de conciencia social que est\u00e1 enfocado a difundir y fomentar el entretenimiento alternativo de calidad para todo el p\u00fablico que comparta el mismo entusiasmo.","sameAs":["http:\/\/www.reconoce.mx"],"url":"http:\/\/www.reconoce.mx\/?author=2"}]}},"_links":{"self":[{"href":"http:\/\/www.reconoce.mx\/index.php?rest_route=\/wp\/v2\/posts\/60606","targetHints":{"allow":["GET"]}}],"collection":[{"href":"http:\/\/www.reconoce.mx\/index.php?rest_route=\/wp\/v2\/posts"}],"about":[{"href":"http:\/\/www.reconoce.mx\/index.php?rest_route=\/wp\/v2\/types\/post"}],"author":[{"embeddable":true,"href":"http:\/\/www.reconoce.mx\/index.php?rest_route=\/wp\/v2\/users\/2"}],"replies":[{"embeddable":true,"href":"http:\/\/www.reconoce.mx\/index.php?rest_route=%2Fwp%2Fv2%2Fcomments&post=60606"}],"version-history":[{"count":3,"href":"http:\/\/www.reconoce.mx\/index.php?rest_route=\/wp\/v2\/posts\/60606\/revisions"}],"predecessor-version":[{"id":60611,"href":"http:\/\/www.reconoce.mx\/index.php?rest_route=\/wp\/v2\/posts\/60606\/revisions\/60611"}],"wp:featuredmedia":[{"embeddable":true,"href":"http:\/\/www.reconoce.mx\/index.php?rest_route=\/wp\/v2\/media\/60607"}],"wp:attachment":[{"href":"http:\/\/www.reconoce.mx\/index.php?rest_route=%2Fwp%2Fv2%2Fmedia&parent=60606"}],"wp:term":[{"taxonomy":"category","embeddable":true,"href":"http:\/\/www.reconoce.mx\/index.php?rest_route=%2Fwp%2Fv2%2Fcategories&post=60606"},{"taxonomy":"post_tag","embeddable":true,"href":"http:\/\/www.reconoce.mx\/index.php?rest_route=%2Fwp%2Fv2%2Ftags&post=60606"}],"curies":[{"name":"wp","href":"https:\/\/api.w.org\/{rel}","templated":true}]}}