{"id":60652,"date":"2017-05-05T00:02:06","date_gmt":"2017-05-05T05:02:06","guid":{"rendered":"http:\/\/www.reconoce.mx\/?p=60652"},"modified":"2017-05-05T01:52:26","modified_gmt":"2017-05-05T06:52:26","slug":"lunario-cartelera-del-05-al-11-de-mayo","status":"publish","type":"post","link":"http:\/\/www.reconoce.mx\/?p=60652","title":{"rendered":"Lunario: Cartelera del 05 al 11 de mayo"},"content":{"rendered":"<p><strong>Por <a title=\"@AsfaltosTweets\" href=\"http:\/\/twitter.com\/AsfaltosTweets\" target=\"_blank\" rel=\"noopener noreferrer\">Asfaltos<\/a><\/strong>.<\/p>\n<p>Al caer la noche, en una ubicaci\u00f3n inmejorable como es Paseo de la Reforma, en el coraz\u00f3n del Bosque de Chapultepec, el foro alternativo del <strong>Auditorio Nacional<\/strong>, el <strong>Lunario<\/strong>, se convierte en un espacio \u00edntimo y confortable donde innumerables artistas, grupos, solistas, ensambles y compa\u00f1\u00edas de prestigio nacional e internacional, deleitan a los muy diversos p\u00fablicos que se permiten disfrutar de sus noches.<\/p>\n<p>Disfruta de la variopinta cartelera del <strong>Lunario del Auditorio Nacional<\/strong>, un sitio donde lo sentidos son atendidos sin reserva y s\u00ed con mucha calidez.<\/p>\n<h1>Diego Amador <em>Soy de las 3000<\/em><\/h1>\n<p>\/\/ mayo 05; viernes; 21:00h<br \/>\n\/\/ precios: de $300.00 a $600.00<\/p>\n<p><a href=\"http:\/\/www.reconoce.mx\/wp-content\/uploads\/2017\/04\/C9K7wabWsAUmNte.jpg\"><img loading=\"lazy\" decoding=\"async\" class=\"aligncenter size-full wp-image-60653\" src=\"http:\/\/www.reconoce.mx\/wp-content\/uploads\/2017\/04\/C9K7wabWsAUmNte.jpg\" alt=\"\" width=\"1200\" height=\"1200\" srcset=\"http:\/\/www.reconoce.mx\/wp-content\/uploads\/2017\/04\/C9K7wabWsAUmNte.jpg 1200w, http:\/\/www.reconoce.mx\/wp-content\/uploads\/2017\/04\/C9K7wabWsAUmNte-150x150.jpg 150w, http:\/\/www.reconoce.mx\/wp-content\/uploads\/2017\/04\/C9K7wabWsAUmNte-300x300.jpg 300w, http:\/\/www.reconoce.mx\/wp-content\/uploads\/2017\/04\/C9K7wabWsAUmNte-768x768.jpg 768w, http:\/\/www.reconoce.mx\/wp-content\/uploads\/2017\/04\/C9K7wabWsAUmNte-1024x1024.jpg 1024w, http:\/\/www.reconoce.mx\/wp-content\/uploads\/2017\/04\/C9K7wabWsAUmNte-65x65.jpg 65w, http:\/\/www.reconoce.mx\/wp-content\/uploads\/2017\/04\/C9K7wabWsAUmNte-700x700.jpg 700w, http:\/\/www.reconoce.mx\/wp-content\/uploads\/2017\/04\/C9K7wabWsAUmNte-658x658.jpg 658w\" sizes=\"auto, (max-width: 1200px) 100vw, 1200px\" \/><\/a><\/p>\n<p>Considerado uno de los artistas m\u00e1s destacados del arte flamenco, <strong>Diego Amador<\/strong> iniciar\u00e1 su tour mundial \u00abSoy de las 3000\u00bb, con su debut en el <strong>Lunario<\/strong> donde presentar\u00e1 los temas del disco que da nombre a la gira y que \u00e9l mismo considera como el m\u00e1s biogr\u00e1fico de su carrera, pues es un homenaje a su familia y a sus vivencias de la infancia. En este espect\u00e1culo, el artista se har\u00e1 acompa\u00f1ar por su guitarra y piano para dar muestra de su propuesta de fusi\u00f3n de jazz, ritmos flamencos y salsa. Con m\u00e1s de 20 a\u00f1os de carrera art\u00edstica el cantaor, nacido en Sevilla, Espa\u00f1a, ha editado siete \u00e1lbumes de estudio y ha colaborado con figuras de la m\u00fasica como <strong>Tomatito<\/strong>, <strong>\u00d3scar D&#8217; Le\u00f3n<\/strong>, <strong>Diego El Cigala<\/strong>, <strong>Omara Portuondo<\/strong> y <strong>Alejandro Sanz<\/strong>.<\/p>\n<h1>Mariana Mallol presenta <em>Ag\u00fcita de lim\u00f3n con ch\u00eda<\/em><\/h1>\n<p>\/\/ mayo 07; domingo; 11:00 y 13:00h<br \/>\n\/\/ precios: $300.00 y $350.00<\/p>\n<p><a href=\"http:\/\/www.reconoce.mx\/wp-content\/uploads\/2017\/04\/noticias_20170426115122_35.jpg\"><img loading=\"lazy\" decoding=\"async\" class=\"aligncenter size-full wp-image-60654\" src=\"http:\/\/www.reconoce.mx\/wp-content\/uploads\/2017\/04\/noticias_20170426115122_35.jpg\" alt=\"\" width=\"1024\" height=\"683\" srcset=\"http:\/\/www.reconoce.mx\/wp-content\/uploads\/2017\/04\/noticias_20170426115122_35.jpg 1024w, http:\/\/www.reconoce.mx\/wp-content\/uploads\/2017\/04\/noticias_20170426115122_35-300x200.jpg 300w, http:\/\/www.reconoce.mx\/wp-content\/uploads\/2017\/04\/noticias_20170426115122_35-768x512.jpg 768w, http:\/\/www.reconoce.mx\/wp-content\/uploads\/2017\/04\/noticias_20170426115122_35-150x100.jpg 150w, http:\/\/www.reconoce.mx\/wp-content\/uploads\/2017\/04\/noticias_20170426115122_35-700x467.jpg 700w, http:\/\/www.reconoce.mx\/wp-content\/uploads\/2017\/04\/noticias_20170426115122_35-658x439.jpg 658w\" sizes=\"auto, (max-width: 1024px) 100vw, 1024px\" \/><\/a><\/p>\n<p>Por tercera ocasi\u00f3n regresa <strong>Mariana Mallol<\/strong> al <strong>Lunario<\/strong>, acompa\u00f1ada de su tradicional banda formada por reconocidos m\u00fasicos invitados, para estrenar su m\u00e1s reciente disco \u00abAg\u00fcita de lim\u00f3n con ch\u00eda\u00bb, con un nuevo espect\u00e1culo y un nuevo personaje: <strong>L\u00fao<\/strong>. En esta producci\u00f3n re\u00fane en 13 temas fusiones de ritmos como bossa nova, samba, soul, balada, fox trot, aires celtas, chacarera, m\u00fasica afroperuana, blues-swing y charleston, y reitera su compromiso por una apuesta musical de calidad dirigida a las ni\u00f1as y los ni\u00f1os, donde cada canci\u00f3n es un cuento, un juego y un espacio \u00edntimo para el acercamiento y la reflexi\u00f3n. <strong>Mariana Mallol<\/strong> cuenta con 11 discos en su carrera, ha participado en diversos programas y festivales dedicados al p\u00fablico infantil y forma parte del \u00abMovimiento de la Canci\u00f3n Infantil Latinoanericana y Caribe\u00f1a\u00bb.<\/p>\n<h1><em>NT Live<\/em> presenta <em>Hedda Gabler<\/em><\/h1>\n<p>\/\/ mayo 07; domingo; 18:00h<br \/>\n\/\/ precios: preventa $150.00; d\u00eda del evento $180.00<\/p>\n<p><a href=\"http:\/\/www.reconoce.mx\/wp-content\/uploads\/2017\/04\/1.-Hedda.jpg\"><img loading=\"lazy\" decoding=\"async\" class=\"aligncenter size-full wp-image-60655\" src=\"http:\/\/www.reconoce.mx\/wp-content\/uploads\/2017\/04\/1.-Hedda.jpg\" alt=\"\" width=\"695\" height=\"490\" srcset=\"http:\/\/www.reconoce.mx\/wp-content\/uploads\/2017\/04\/1.-Hedda.jpg 695w, http:\/\/www.reconoce.mx\/wp-content\/uploads\/2017\/04\/1.-Hedda-300x212.jpg 300w, http:\/\/www.reconoce.mx\/wp-content\/uploads\/2017\/04\/1.-Hedda-150x106.jpg 150w, http:\/\/www.reconoce.mx\/wp-content\/uploads\/2017\/04\/1.-Hedda-658x464.jpg 658w\" sizes=\"auto, (max-width: 695px) 100vw, 695px\" \/><\/a><\/p>\n<p>El director ganador del premio <strong>Tony<\/strong>, <strong>Ivo van Hove<\/strong> (\u00abA View from the Bridge\u00bb), regresa a las pantallas del <strong>National Theatre Live<\/strong> con una moderna producci\u00f3n de una de las obras maestras de <strong>Henry Ibsen<\/strong>. La vida de Hedda y Tesman, quienes retornan de su reciente luna de miel, ya se encuentra en problemas. Atrapada pero decidida, Hedda intenta controlar a quienes la rodean, s\u00f3lo para observar su propio mundo desenredado. La actriz <strong>Ruth Wilson<\/strong> interpreta el papel principal en esta nueva versi\u00f3n a cargo de <strong>Patrick Marber<\/strong>.<\/p>\n<h1>Carlos Cuevas <em>Un bolero para mam\u00e1<\/em><\/h1>\n<p>\/\/ mayo 10; mi\u00e9rcoles; 16:00 y 21:00h<br \/>\n\/\/ precios: de $800.00 a $1,300.00<\/p>\n<p><a href=\"http:\/\/www.reconoce.mx\/wp-content\/uploads\/2017\/04\/Carlos_Cuevas_el-lunario_2017.jpg\"><img loading=\"lazy\" decoding=\"async\" class=\"aligncenter size-full wp-image-60656\" src=\"http:\/\/www.reconoce.mx\/wp-content\/uploads\/2017\/04\/Carlos_Cuevas_el-lunario_2017.jpg\" alt=\"\" width=\"800\" height=\"1136\" srcset=\"http:\/\/www.reconoce.mx\/wp-content\/uploads\/2017\/04\/Carlos_Cuevas_el-lunario_2017.jpg 800w, http:\/\/www.reconoce.mx\/wp-content\/uploads\/2017\/04\/Carlos_Cuevas_el-lunario_2017-211x300.jpg 211w, http:\/\/www.reconoce.mx\/wp-content\/uploads\/2017\/04\/Carlos_Cuevas_el-lunario_2017-768x1091.jpg 768w, http:\/\/www.reconoce.mx\/wp-content\/uploads\/2017\/04\/Carlos_Cuevas_el-lunario_2017-721x1024.jpg 721w, http:\/\/www.reconoce.mx\/wp-content\/uploads\/2017\/04\/Carlos_Cuevas_el-lunario_2017-150x213.jpg 150w, http:\/\/www.reconoce.mx\/wp-content\/uploads\/2017\/04\/Carlos_Cuevas_el-lunario_2017-700x994.jpg 700w, http:\/\/www.reconoce.mx\/wp-content\/uploads\/2017\/04\/Carlos_Cuevas_el-lunario_2017-658x934.jpg 658w, http:\/\/www.reconoce.mx\/wp-content\/uploads\/2017\/04\/Carlos_Cuevas_el-lunario_2017-300x426.jpg 300w\" sizes=\"auto, (max-width: 800px) 100vw, 800px\" \/><\/a><\/p>\n<p>Luego de celebrar el D\u00eda del Amor y la Amistad, <strong>Carlos Cuevas<\/strong> regresa al <strong>Lunario<\/strong> para cantar \u00abUn bolero para mam\u00e1 y festejar\u00bb este d\u00eda especial con dos conciertos en un mismo d\u00eda. El int\u00e9rprete, tambi\u00e9n conocido como \u00abEl Rey del Bolero\u00bb, ha difundido este g\u00e9nero musical desde hace m\u00e1s de 20 a\u00f1os, con la firme idea de que para \u00e9l, el bolero no es solamente una manera de cantar, sino un ritmo latino especial y la expresi\u00f3n misma del sentimiento rom\u00e1ntico hispanoamericano, que sabe hablar del amor y el desamor con la veneraci\u00f3n y el respeto a la mujer, al hombre y a la vida misma. Adem\u00e1s, en este concierto no faltar\u00e1n temas de sus recientes discos: \u00abLa voz del bolero\u00bb (2015) y \u00abTrilog\u00eda\u00bb (2016).<\/p>\n<h1>Lunario presenta Jos\u00e9 James<\/h1>\n<p>\/\/ mayo 11; jueves; 21:00h<br \/>\n\/\/ precios: de $850.00 a $1,200.00<\/p>\n<p><a href=\"http:\/\/www.reconoce.mx\/wp-content\/uploads\/2017\/04\/event-poster-7363752.jpg\"><img loading=\"lazy\" decoding=\"async\" class=\"aligncenter size-full wp-image-60657\" src=\"http:\/\/www.reconoce.mx\/wp-content\/uploads\/2017\/04\/event-poster-7363752.jpg\" alt=\"\" width=\"800\" height=\"1237\" srcset=\"http:\/\/www.reconoce.mx\/wp-content\/uploads\/2017\/04\/event-poster-7363752.jpg 800w, http:\/\/www.reconoce.mx\/wp-content\/uploads\/2017\/04\/event-poster-7363752-194x300.jpg 194w, http:\/\/www.reconoce.mx\/wp-content\/uploads\/2017\/04\/event-poster-7363752-768x1188.jpg 768w, http:\/\/www.reconoce.mx\/wp-content\/uploads\/2017\/04\/event-poster-7363752-662x1024.jpg 662w, http:\/\/www.reconoce.mx\/wp-content\/uploads\/2017\/04\/event-poster-7363752-150x232.jpg 150w, http:\/\/www.reconoce.mx\/wp-content\/uploads\/2017\/04\/event-poster-7363752-700x1082.jpg 700w, http:\/\/www.reconoce.mx\/wp-content\/uploads\/2017\/04\/event-poster-7363752-658x1017.jpg 658w, http:\/\/www.reconoce.mx\/wp-content\/uploads\/2017\/04\/event-poster-7363752-300x464.jpg 300w\" sizes=\"auto, (max-width: 800px) 100vw, 800px\" \/><\/a><\/p>\n<p>Calificado como \u00abun cantante de jazz para la generaci\u00f3n del hip hop\u00bb, el estadounidense <strong>Jos\u00e9 James<\/strong> se presentar\u00e1 por primera vez en M\u00e9xico y lo har\u00e1 con un show \u00edntimo en el <strong>Lunario<\/strong>, donde sonar\u00e1 su singular y aclamada propuesta vocal en la que se conjugan jazz, hip hop, R&amp;B, soul, drum&#8217;n&#8217;bass, pop y m\u00fasica electr\u00f3nica. El int\u00e9rprete presentar\u00e1 su nuevo \u00e1lbum, \u00abLove in a Time of Madness\u00bb, que da nombre a su actual gira de conciertos y es su cuarta producci\u00f3n con el emblem\u00e1tico sello discogr\u00e1fico <strong>Blue Note Records<\/strong>. El cantante estadounidense, hijo de un instrumentista y productor musical paname\u00f1o, debut\u00f3 en 2008 con el disco \u00abThe Dreamer\u00bb, que tuvo excelentes cr\u00edticas. Gracias a este material pudo tocar en prestigiosos escenarios alrededor del mundo y presentarse en reconocidos festivales de jazz.<\/p>\n<p>Boletos a la venta en taquilla y a trav\u00e9s del <a href=\"http:\/\/www.ticketmaster.com.mx\/Lunario-Del-Auditorio-Nacional-boletos-Mexico\/venue\/164051\" target=\"_blank\" rel=\"noopener noreferrer\">Sistema Ticketmaster<\/a>. <strong>Lunario<\/strong> se encuentra ubicado en Paseo de la Reforma #50, Polanco V Secc, Miguel Hidalgo, Ciudad de M\u00e9xico.<\/p>\n<p>&nbsp;<\/p>\n<p>&nbsp;<\/p>\n","protected":false},"excerpt":{"rendered":"<p>Disfruta de la variopinta cartelera del Lunario del Auditorio Nacional, un sitio donde lo sentidos son atendidos sin reserva y s\u00ed con mucha calidez.<\/p>\n","protected":false},"author":2,"featured_media":53154,"comment_status":"open","ping_status":"open","sticky":false,"template":"","format":"standard","meta":{"footnotes":""},"categories":[1,18,17],"tags":[],"class_list":["post-60652","post","type-post","status-publish","format-standard","has-post-thumbnail","hentry","category-cultura","category-musica","category-principal"],"yoast_head":"<!-- This site is optimized with the Yoast SEO plugin v24.7 - https:\/\/yoast.com\/wordpress\/plugins\/seo\/ -->\n<title>Lunario: Cartelera del 05 al 11 de mayo &#171; Reconoce MX<\/title>\n<meta name=\"robots\" content=\"index, follow, max-snippet:-1, max-image-preview:large, max-video-preview:-1\" \/>\n<link rel=\"canonical\" href=\"https:\/\/www.reconoce.mx\/?p=60652\" \/>\n<meta property=\"og:locale\" content=\"es_ES\" \/>\n<meta property=\"og:type\" content=\"article\" \/>\n<meta property=\"og:title\" content=\"Lunario: Cartelera del 05 al 11 de mayo &#171; Reconoce MX\" \/>\n<meta property=\"og:description\" content=\"Disfruta de la variopinta cartelera del Lunario del Auditorio Nacional, un sitio donde lo sentidos son atendidos sin reserva y s\u00ed con mucha calidez.\" \/>\n<meta property=\"og:url\" content=\"https:\/\/www.reconoce.mx\/?p=60652\" \/>\n<meta property=\"og:site_name\" content=\"Reconoce MX\" \/>\n<meta property=\"article:publisher\" content=\"https:\/\/es-la.facebook.com\/ReconoceMX\/\" \/>\n<meta property=\"article:published_time\" content=\"2017-05-05T05:02:06+00:00\" \/>\n<meta property=\"article:modified_time\" content=\"2017-05-05T06:52:26+00:00\" \/>\n<meta property=\"og:image\" content=\"https:\/\/www.reconoce.mx\/wp-content\/uploads\/2016\/10\/lunario.cover2_.png\" \/>\n\t<meta property=\"og:image:width\" content=\"590\" \/>\n\t<meta property=\"og:image:height\" content=\"380\" \/>\n\t<meta property=\"og:image:type\" content=\"image\/png\" \/>\n<meta name=\"author\" content=\"Reconoce MX\" \/>\n<meta name=\"twitter:card\" content=\"summary_large_image\" \/>\n<meta name=\"twitter:creator\" content=\"@reconocemx\" \/>\n<meta name=\"twitter:site\" content=\"@reconocemx\" \/>\n<meta name=\"twitter:label1\" content=\"Escrito por\" \/>\n\t<meta name=\"twitter:data1\" content=\"Reconoce MX\" \/>\n\t<meta name=\"twitter:label2\" content=\"Tiempo de lectura\" \/>\n\t<meta name=\"twitter:data2\" content=\"4 minutos\" \/>\n<script type=\"application\/ld+json\" class=\"yoast-schema-graph\">{\"@context\":\"https:\/\/schema.org\",\"@graph\":[{\"@type\":\"Article\",\"@id\":\"https:\/\/www.reconoce.mx\/?p=60652#article\",\"isPartOf\":{\"@id\":\"https:\/\/www.reconoce.mx\/?p=60652\"},\"author\":{\"name\":\"Reconoce MX\",\"@id\":\"http:\/\/www.reconoce.mx\/#\/schema\/person\/2117e997d7051dc15d6880eaf9bca0b2\"},\"headline\":\"Lunario: Cartelera del 05 al 11 de mayo\",\"datePublished\":\"2017-05-05T05:02:06+00:00\",\"dateModified\":\"2017-05-05T06:52:26+00:00\",\"mainEntityOfPage\":{\"@id\":\"https:\/\/www.reconoce.mx\/?p=60652\"},\"wordCount\":859,\"commentCount\":0,\"publisher\":{\"@id\":\"http:\/\/www.reconoce.mx\/#organization\"},\"image\":{\"@id\":\"https:\/\/www.reconoce.mx\/?p=60652#primaryimage\"},\"thumbnailUrl\":\"http:\/\/www.reconoce.mx\/wp-content\/uploads\/2016\/10\/lunario.cover2_.png\",\"articleSection\":[\"Cultura\",\"M\u00fasica\",\"Principal\"],\"inLanguage\":\"es\",\"potentialAction\":[{\"@type\":\"CommentAction\",\"name\":\"Comment\",\"target\":[\"https:\/\/www.reconoce.mx\/?p=60652#respond\"]}]},{\"@type\":\"WebPage\",\"@id\":\"https:\/\/www.reconoce.mx\/?p=60652\",\"url\":\"https:\/\/www.reconoce.mx\/?p=60652\",\"name\":\"Lunario: Cartelera del 05 al 11 de mayo &#171; Reconoce MX\",\"isPartOf\":{\"@id\":\"http:\/\/www.reconoce.mx\/#website\"},\"primaryImageOfPage\":{\"@id\":\"https:\/\/www.reconoce.mx\/?p=60652#primaryimage\"},\"image\":{\"@id\":\"https:\/\/www.reconoce.mx\/?p=60652#primaryimage\"},\"thumbnailUrl\":\"http:\/\/www.reconoce.mx\/wp-content\/uploads\/2016\/10\/lunario.cover2_.png\",\"datePublished\":\"2017-05-05T05:02:06+00:00\",\"dateModified\":\"2017-05-05T06:52:26+00:00\",\"breadcrumb\":{\"@id\":\"https:\/\/www.reconoce.mx\/?p=60652#breadcrumb\"},\"inLanguage\":\"es\",\"potentialAction\":[{\"@type\":\"ReadAction\",\"target\":[\"https:\/\/www.reconoce.mx\/?p=60652\"]}]},{\"@type\":\"ImageObject\",\"inLanguage\":\"es\",\"@id\":\"https:\/\/www.reconoce.mx\/?p=60652#primaryimage\",\"url\":\"http:\/\/www.reconoce.mx\/wp-content\/uploads\/2016\/10\/lunario.cover2_.png\",\"contentUrl\":\"http:\/\/www.reconoce.mx\/wp-content\/uploads\/2016\/10\/lunario.cover2_.png\",\"width\":590,\"height\":380},{\"@type\":\"BreadcrumbList\",\"@id\":\"https:\/\/www.reconoce.mx\/?p=60652#breadcrumb\",\"itemListElement\":[{\"@type\":\"ListItem\",\"position\":1,\"name\":\"Portada\",\"item\":\"http:\/\/www.reconoce.mx\/\"},{\"@type\":\"ListItem\",\"position\":2,\"name\":\"Lunario: Cartelera del 05 al 11 de mayo\"}]},{\"@type\":\"WebSite\",\"@id\":\"http:\/\/www.reconoce.mx\/#website\",\"url\":\"http:\/\/www.reconoce.mx\/\",\"name\":\"Reconoce MX\",\"description\":\"En Reconoce MX difundimos arte, cultura y conciencia social en M\u00e9xico. Tu ciudad en otra perspectiva.\",\"publisher\":{\"@id\":\"http:\/\/www.reconoce.mx\/#organization\"},\"potentialAction\":[{\"@type\":\"SearchAction\",\"target\":{\"@type\":\"EntryPoint\",\"urlTemplate\":\"http:\/\/www.reconoce.mx\/?s={search_term_string}\"},\"query-input\":{\"@type\":\"PropertyValueSpecification\",\"valueRequired\":true,\"valueName\":\"search_term_string\"}}],\"inLanguage\":\"es\"},{\"@type\":\"Organization\",\"@id\":\"http:\/\/www.reconoce.mx\/#organization\",\"name\":\"Reconoce MX\",\"url\":\"http:\/\/www.reconoce.mx\/\",\"logo\":{\"@type\":\"ImageObject\",\"inLanguage\":\"es\",\"@id\":\"http:\/\/www.reconoce.mx\/#\/schema\/logo\/image\/\",\"url\":\"https:\/\/www.reconoce.mx\/wp-content\/uploads\/2019\/03\/logorcmx-good-1.png\",\"contentUrl\":\"https:\/\/www.reconoce.mx\/wp-content\/uploads\/2019\/03\/logorcmx-good-1.png\",\"width\":280,\"height\":90,\"caption\":\"Reconoce MX\"},\"image\":{\"@id\":\"http:\/\/www.reconoce.mx\/#\/schema\/logo\/image\/\"},\"sameAs\":[\"https:\/\/es-la.facebook.com\/ReconoceMX\/\",\"https:\/\/x.com\/reconocemx\",\"http:\/\/@reconocemx\"]},{\"@type\":\"Person\",\"@id\":\"http:\/\/www.reconoce.mx\/#\/schema\/person\/2117e997d7051dc15d6880eaf9bca0b2\",\"name\":\"Reconoce MX\",\"image\":{\"@type\":\"ImageObject\",\"inLanguage\":\"es\",\"@id\":\"http:\/\/www.reconoce.mx\/#\/schema\/person\/image\/\",\"url\":\"https:\/\/secure.gravatar.com\/avatar\/6c8d4dc7569ca1c90c5fdcc349f839d5ddef6fe1e70b4337ead2ef1a4c43fc3a?s=96&d=identicon&r=g\",\"contentUrl\":\"https:\/\/secure.gravatar.com\/avatar\/6c8d4dc7569ca1c90c5fdcc349f839d5ddef6fe1e70b4337ead2ef1a4c43fc3a?s=96&d=identicon&r=g\",\"caption\":\"Reconoce MX\"},\"description\":\"Reconoce MX es un proyecto de difusi\u00f3n art\u00edstica, cultural y de conciencia social que est\u00e1 enfocado a difundir y fomentar el entretenimiento alternativo de calidad para todo el p\u00fablico que comparta el mismo entusiasmo.\",\"sameAs\":[\"http:\/\/www.reconoce.mx\"],\"url\":\"http:\/\/www.reconoce.mx\/?author=2\"}]}<\/script>\n<!-- \/ Yoast SEO plugin. -->","yoast_head_json":{"title":"Lunario: Cartelera del 05 al 11 de mayo &#171; Reconoce MX","robots":{"index":"index","follow":"follow","max-snippet":"max-snippet:-1","max-image-preview":"max-image-preview:large","max-video-preview":"max-video-preview:-1"},"canonical":"https:\/\/www.reconoce.mx\/?p=60652","og_locale":"es_ES","og_type":"article","og_title":"Lunario: Cartelera del 05 al 11 de mayo &#171; Reconoce MX","og_description":"Disfruta de la variopinta cartelera del Lunario del Auditorio Nacional, un sitio donde lo sentidos son atendidos sin reserva y s\u00ed con mucha calidez.","og_url":"https:\/\/www.reconoce.mx\/?p=60652","og_site_name":"Reconoce MX","article_publisher":"https:\/\/es-la.facebook.com\/ReconoceMX\/","article_published_time":"2017-05-05T05:02:06+00:00","article_modified_time":"2017-05-05T06:52:26+00:00","og_image":[{"width":590,"height":380,"url":"https:\/\/www.reconoce.mx\/wp-content\/uploads\/2016\/10\/lunario.cover2_.png","type":"image\/png"}],"author":"Reconoce MX","twitter_card":"summary_large_image","twitter_creator":"@reconocemx","twitter_site":"@reconocemx","twitter_misc":{"Escrito por":"Reconoce MX","Tiempo de lectura":"4 minutos"},"schema":{"@context":"https:\/\/schema.org","@graph":[{"@type":"Article","@id":"https:\/\/www.reconoce.mx\/?p=60652#article","isPartOf":{"@id":"https:\/\/www.reconoce.mx\/?p=60652"},"author":{"name":"Reconoce MX","@id":"http:\/\/www.reconoce.mx\/#\/schema\/person\/2117e997d7051dc15d6880eaf9bca0b2"},"headline":"Lunario: Cartelera del 05 al 11 de mayo","datePublished":"2017-05-05T05:02:06+00:00","dateModified":"2017-05-05T06:52:26+00:00","mainEntityOfPage":{"@id":"https:\/\/www.reconoce.mx\/?p=60652"},"wordCount":859,"commentCount":0,"publisher":{"@id":"http:\/\/www.reconoce.mx\/#organization"},"image":{"@id":"https:\/\/www.reconoce.mx\/?p=60652#primaryimage"},"thumbnailUrl":"http:\/\/www.reconoce.mx\/wp-content\/uploads\/2016\/10\/lunario.cover2_.png","articleSection":["Cultura","M\u00fasica","Principal"],"inLanguage":"es","potentialAction":[{"@type":"CommentAction","name":"Comment","target":["https:\/\/www.reconoce.mx\/?p=60652#respond"]}]},{"@type":"WebPage","@id":"https:\/\/www.reconoce.mx\/?p=60652","url":"https:\/\/www.reconoce.mx\/?p=60652","name":"Lunario: Cartelera del 05 al 11 de mayo &#171; Reconoce MX","isPartOf":{"@id":"http:\/\/www.reconoce.mx\/#website"},"primaryImageOfPage":{"@id":"https:\/\/www.reconoce.mx\/?p=60652#primaryimage"},"image":{"@id":"https:\/\/www.reconoce.mx\/?p=60652#primaryimage"},"thumbnailUrl":"http:\/\/www.reconoce.mx\/wp-content\/uploads\/2016\/10\/lunario.cover2_.png","datePublished":"2017-05-05T05:02:06+00:00","dateModified":"2017-05-05T06:52:26+00:00","breadcrumb":{"@id":"https:\/\/www.reconoce.mx\/?p=60652#breadcrumb"},"inLanguage":"es","potentialAction":[{"@type":"ReadAction","target":["https:\/\/www.reconoce.mx\/?p=60652"]}]},{"@type":"ImageObject","inLanguage":"es","@id":"https:\/\/www.reconoce.mx\/?p=60652#primaryimage","url":"http:\/\/www.reconoce.mx\/wp-content\/uploads\/2016\/10\/lunario.cover2_.png","contentUrl":"http:\/\/www.reconoce.mx\/wp-content\/uploads\/2016\/10\/lunario.cover2_.png","width":590,"height":380},{"@type":"BreadcrumbList","@id":"https:\/\/www.reconoce.mx\/?p=60652#breadcrumb","itemListElement":[{"@type":"ListItem","position":1,"name":"Portada","item":"http:\/\/www.reconoce.mx\/"},{"@type":"ListItem","position":2,"name":"Lunario: Cartelera del 05 al 11 de mayo"}]},{"@type":"WebSite","@id":"http:\/\/www.reconoce.mx\/#website","url":"http:\/\/www.reconoce.mx\/","name":"Reconoce MX","description":"En Reconoce MX difundimos arte, cultura y conciencia social en M\u00e9xico. Tu ciudad en otra perspectiva.","publisher":{"@id":"http:\/\/www.reconoce.mx\/#organization"},"potentialAction":[{"@type":"SearchAction","target":{"@type":"EntryPoint","urlTemplate":"http:\/\/www.reconoce.mx\/?s={search_term_string}"},"query-input":{"@type":"PropertyValueSpecification","valueRequired":true,"valueName":"search_term_string"}}],"inLanguage":"es"},{"@type":"Organization","@id":"http:\/\/www.reconoce.mx\/#organization","name":"Reconoce MX","url":"http:\/\/www.reconoce.mx\/","logo":{"@type":"ImageObject","inLanguage":"es","@id":"http:\/\/www.reconoce.mx\/#\/schema\/logo\/image\/","url":"https:\/\/www.reconoce.mx\/wp-content\/uploads\/2019\/03\/logorcmx-good-1.png","contentUrl":"https:\/\/www.reconoce.mx\/wp-content\/uploads\/2019\/03\/logorcmx-good-1.png","width":280,"height":90,"caption":"Reconoce MX"},"image":{"@id":"http:\/\/www.reconoce.mx\/#\/schema\/logo\/image\/"},"sameAs":["https:\/\/es-la.facebook.com\/ReconoceMX\/","https:\/\/x.com\/reconocemx","http:\/\/@reconocemx"]},{"@type":"Person","@id":"http:\/\/www.reconoce.mx\/#\/schema\/person\/2117e997d7051dc15d6880eaf9bca0b2","name":"Reconoce MX","image":{"@type":"ImageObject","inLanguage":"es","@id":"http:\/\/www.reconoce.mx\/#\/schema\/person\/image\/","url":"https:\/\/secure.gravatar.com\/avatar\/6c8d4dc7569ca1c90c5fdcc349f839d5ddef6fe1e70b4337ead2ef1a4c43fc3a?s=96&d=identicon&r=g","contentUrl":"https:\/\/secure.gravatar.com\/avatar\/6c8d4dc7569ca1c90c5fdcc349f839d5ddef6fe1e70b4337ead2ef1a4c43fc3a?s=96&d=identicon&r=g","caption":"Reconoce MX"},"description":"Reconoce MX es un proyecto de difusi\u00f3n art\u00edstica, cultural y de conciencia social que est\u00e1 enfocado a difundir y fomentar el entretenimiento alternativo de calidad para todo el p\u00fablico que comparta el mismo entusiasmo.","sameAs":["http:\/\/www.reconoce.mx"],"url":"http:\/\/www.reconoce.mx\/?author=2"}]}},"_links":{"self":[{"href":"http:\/\/www.reconoce.mx\/index.php?rest_route=\/wp\/v2\/posts\/60652","targetHints":{"allow":["GET"]}}],"collection":[{"href":"http:\/\/www.reconoce.mx\/index.php?rest_route=\/wp\/v2\/posts"}],"about":[{"href":"http:\/\/www.reconoce.mx\/index.php?rest_route=\/wp\/v2\/types\/post"}],"author":[{"embeddable":true,"href":"http:\/\/www.reconoce.mx\/index.php?rest_route=\/wp\/v2\/users\/2"}],"replies":[{"embeddable":true,"href":"http:\/\/www.reconoce.mx\/index.php?rest_route=%2Fwp%2Fv2%2Fcomments&post=60652"}],"version-history":[{"count":1,"href":"http:\/\/www.reconoce.mx\/index.php?rest_route=\/wp\/v2\/posts\/60652\/revisions"}],"predecessor-version":[{"id":60658,"href":"http:\/\/www.reconoce.mx\/index.php?rest_route=\/wp\/v2\/posts\/60652\/revisions\/60658"}],"wp:featuredmedia":[{"embeddable":true,"href":"http:\/\/www.reconoce.mx\/index.php?rest_route=\/wp\/v2\/media\/53154"}],"wp:attachment":[{"href":"http:\/\/www.reconoce.mx\/index.php?rest_route=%2Fwp%2Fv2%2Fmedia&parent=60652"}],"wp:term":[{"taxonomy":"category","embeddable":true,"href":"http:\/\/www.reconoce.mx\/index.php?rest_route=%2Fwp%2Fv2%2Fcategories&post=60652"},{"taxonomy":"post_tag","embeddable":true,"href":"http:\/\/www.reconoce.mx\/index.php?rest_route=%2Fwp%2Fv2%2Ftags&post=60652"}],"curies":[{"name":"wp","href":"https:\/\/api.w.org\/{rel}","templated":true}]}}