{"id":60659,"date":"2017-05-01T00:05:36","date_gmt":"2017-05-01T05:05:36","guid":{"rendered":"http:\/\/www.reconoce.mx\/?p=60659"},"modified":"2017-04-30T22:13:45","modified_gmt":"2017-05-01T03:13:45","slug":"5rolasparalasemana-del-01-al-05-de-mayo","status":"publish","type":"post","link":"http:\/\/www.reconoce.mx\/?p=60659","title":{"rendered":"#5RolasParaLaSemana del 01 al 05 de mayo"},"content":{"rendered":"<p><strong>Por <a title=\"@AsfaltosTweets\" href=\"http:\/\/twitter.com\/AsfaltosTweets\" target=\"_blank\" rel=\"noopener noreferrer\">Asfaltos<\/a><\/strong>.<\/p>\n<p>Lunes, lunes de las <a href=\"http:\/\/www.reconoce.mx\/category\/cultura\/musica\/5rolasparalasemana\/\" target=\"_blank\" rel=\"noopener noreferrer\">#5RolasParaLaSemana<\/a>. Ya lo saben, las <a href=\"http:\/\/www.reconoce.mx\/category\/cultura\/musica\/5rolasparalasemana\/\" target=\"_blank\" rel=\"noopener noreferrer\">#5RolasParaLaSemana<\/a> son este breve y conciso <em>tracklist<\/em> en el que me permito compartir con ustedes las novedades musicales de la escena nacional que semanalmente se dan a conocer. S\u00ed, como ya lo he advertido tambi\u00e9n, se encontrar\u00e1n con alguna que otra canci\u00f3n de fuera de nuestras fronteras; eso s\u00ed, de todas las rolas elegidas les aseguro que se encontrar\u00e1n con alguna que se insertar\u00e1 en su imaginario sonoro. Sin m\u00e1s, \u00a1qu\u00e9 vengan las <a href=\"http:\/\/www.reconoce.mx\/category\/cultura\/musica\/5rolasparalasemana\/\" target=\"_blank\" rel=\"noopener noreferrer\">#5RolasParaLaSemana<\/a> de la primera semana de mayo de 2017!<\/p>\n<p><iframe loading=\"lazy\" src=\"http:\/\/www.deezer.com\/plugins\/player?format=square&amp;autoplay=false&amp;playlist=false&amp;width=300&amp;height=300&amp;color=007FEB&amp;layout=dark&amp;size=medium&amp;type=playlist&amp;id=3073716706&amp;app_id=1\" width=\"300\" height=\"300\" frameborder=\"0\" scrolling=\"no\"><\/iframe><\/p>\n<h2><strong>\u00abFantas\u00edas\u00bb, de Karol Tapia<\/strong><\/h2>\n<p><a href=\"http:\/\/www.reconoce.mx\/wp-content\/uploads\/2017\/04\/C6ALDVbU4AELpNW.jpg\"><img loading=\"lazy\" decoding=\"async\" class=\"aligncenter size-full wp-image-60663\" src=\"http:\/\/www.reconoce.mx\/wp-content\/uploads\/2017\/04\/C6ALDVbU4AELpNW.jpg\" alt=\"\" width=\"1200\" height=\"1200\" srcset=\"http:\/\/www.reconoce.mx\/wp-content\/uploads\/2017\/04\/C6ALDVbU4AELpNW.jpg 1200w, http:\/\/www.reconoce.mx\/wp-content\/uploads\/2017\/04\/C6ALDVbU4AELpNW-150x150.jpg 150w, http:\/\/www.reconoce.mx\/wp-content\/uploads\/2017\/04\/C6ALDVbU4AELpNW-300x300.jpg 300w, http:\/\/www.reconoce.mx\/wp-content\/uploads\/2017\/04\/C6ALDVbU4AELpNW-768x768.jpg 768w, http:\/\/www.reconoce.mx\/wp-content\/uploads\/2017\/04\/C6ALDVbU4AELpNW-1024x1024.jpg 1024w, http:\/\/www.reconoce.mx\/wp-content\/uploads\/2017\/04\/C6ALDVbU4AELpNW-65x65.jpg 65w, http:\/\/www.reconoce.mx\/wp-content\/uploads\/2017\/04\/C6ALDVbU4AELpNW-700x700.jpg 700w, http:\/\/www.reconoce.mx\/wp-content\/uploads\/2017\/04\/C6ALDVbU4AELpNW-658x658.jpg 658w\" sizes=\"auto, (max-width: 1200px) 100vw, 1200px\" \/><\/a><\/p>\n<p>Para empezar el listado de la presente semana, toca presentarles a una cantante de Ciudad de M\u00e9xico nacida en 1990. Su nombre es <strong>Karol Tapia<\/strong> y estudi\u00f3 la Licenciatura en Ejecuci\u00f3n de M\u00fasica Popular Contempor\u00e1nea. Desde entonces, y a paso firme, la cantautora se ha dedicado a presentarse de la mejor manera frente a un p\u00fablico siempre \u00e1vido de nuevas melod\u00edas con las cuales identificarse. Ella, desde la independencia, lo va haciendo de manera correcta y s\u00f3lida. Bajo el nombre de \u00ab\u00bfFantas\u00eda o realidad\u00bb (2017), Karol present\u00f3 recientemente el que es ya su primera producci\u00f3n: una dulce colecci\u00f3n de 9 canciones en las que encontramos la sensibilidad de una artista que hace lo que m\u00e1s le gusta, y lo hace bien. Sonido pop fresco que bien vale la pena escuchar para quienes gustan del g\u00e9nero y se saturan de las propuestas de siempre, en general fabricadas y menos naturales. De Karol les dejo yo con su canci\u00f3n \u00abFantas\u00edas\u00bb, en la que deja patente el universo en el que nos sumerge con el sello particular de su creatividad.<\/p>\n<h2><strong>\u00abTu Dios\u00bb, de Gran Sur<\/strong><\/h2>\n<p><a href=\"http:\/\/www.reconoce.mx\/wp-content\/uploads\/2017\/04\/18119412_1815664668752669_906110472333726921_n.jpg\"><img loading=\"lazy\" decoding=\"async\" class=\"aligncenter size-full wp-image-60662\" src=\"http:\/\/www.reconoce.mx\/wp-content\/uploads\/2017\/04\/18119412_1815664668752669_906110472333726921_n.jpg\" alt=\"\" width=\"504\" height=\"510\" srcset=\"http:\/\/www.reconoce.mx\/wp-content\/uploads\/2017\/04\/18119412_1815664668752669_906110472333726921_n.jpg 504w, http:\/\/www.reconoce.mx\/wp-content\/uploads\/2017\/04\/18119412_1815664668752669_906110472333726921_n-296x300.jpg 296w, http:\/\/www.reconoce.mx\/wp-content\/uploads\/2017\/04\/18119412_1815664668752669_906110472333726921_n-65x65.jpg 65w, http:\/\/www.reconoce.mx\/wp-content\/uploads\/2017\/04\/18119412_1815664668752669_906110472333726921_n-150x152.jpg 150w, http:\/\/www.reconoce.mx\/wp-content\/uploads\/2017\/04\/18119412_1815664668752669_906110472333726921_n-300x304.jpg 300w\" sizes=\"auto, (max-width: 504px) 100vw, 504px\" \/><\/a><\/p>\n<p>Sin haber puesto atenci\u00f3n a los nombres de sus integrantes -lo cual habla de su valor intr\u00ednseco como propuesta semanal-, toca el turno de presentarles a los <strong>Gran Sur<\/strong> y su primer sencillo \u00abTu Dios\u00bb. S\u00ed, la int\u00e9rprete y compositora de Zacatecas <strong>Sofi Mayen<\/strong>, as\u00ed como <strong>Elohim Corona<\/strong>, <strong>I\u00f1aki V\u00e1zquez<\/strong> y Javier Ram\u00edrez G\u00f3mez \u00abCha!\u00bb de Moderatto, se juntaron para darle vida a un proyecto curioso denominado precisamente <strong>Gran Sur<\/strong>. En tiempos donde el nacionalismo surge como respuesta a los \u00abataques\u00bb del mandam\u00e1s del vecino del norte, <strong>Gran Sur<\/strong> llega con una propuesta que combina trompetas, charangos, jaranas, guitarras el\u00e9ctricas y sintetizadores, entre otros. Para darle vida a su mexican\u00edsima propuesta, los <strong>Gran Sur<\/strong> han lanzado su primer sencillo titulado \u00abTu Dios\u00bb, una emocionante melod\u00eda en la que de entrada la voz de la gran <strong>Sofi Mayen<\/strong> brilla con luz propia, dulcemente arropada por instrumentos que remiten de gran manera a la tradici\u00f3n mexicana. Vamos, una aut\u00e9ntica delicia que como el arte de su sencillo, sana y apapacha corazones. A los <strong>Gran Sur<\/strong> podr\u00e1n disfrutarlos el pr\u00f3ximo 12 de mayo en la celebraci\u00f3n de 20 a\u00f1os de carrera de <strong>Chetes<\/strong> en el <strong>Teatro Metrop\u00f3litan<\/strong>&#8230; \u00bfA poco no se enamoraron desde el primer acorde?<\/p>\n<h2><strong>\u00abBien\u00bb, de Los Rom\u00e1nticos de Zacatecas<\/strong><\/h2>\n<p><a href=\"http:\/\/www.reconoce.mx\/wp-content\/uploads\/2017\/04\/C-hD6BdUMAAKEzG.jpg\"><img loading=\"lazy\" decoding=\"async\" class=\"aligncenter size-full wp-image-60664\" src=\"http:\/\/www.reconoce.mx\/wp-content\/uploads\/2017\/04\/C-hD6BdUMAAKEzG.jpg\" alt=\"\" width=\"1200\" height=\"1200\" srcset=\"http:\/\/www.reconoce.mx\/wp-content\/uploads\/2017\/04\/C-hD6BdUMAAKEzG.jpg 1200w, http:\/\/www.reconoce.mx\/wp-content\/uploads\/2017\/04\/C-hD6BdUMAAKEzG-150x150.jpg 150w, http:\/\/www.reconoce.mx\/wp-content\/uploads\/2017\/04\/C-hD6BdUMAAKEzG-300x300.jpg 300w, http:\/\/www.reconoce.mx\/wp-content\/uploads\/2017\/04\/C-hD6BdUMAAKEzG-768x768.jpg 768w, http:\/\/www.reconoce.mx\/wp-content\/uploads\/2017\/04\/C-hD6BdUMAAKEzG-1024x1024.jpg 1024w, http:\/\/www.reconoce.mx\/wp-content\/uploads\/2017\/04\/C-hD6BdUMAAKEzG-65x65.jpg 65w, http:\/\/www.reconoce.mx\/wp-content\/uploads\/2017\/04\/C-hD6BdUMAAKEzG-700x700.jpg 700w, http:\/\/www.reconoce.mx\/wp-content\/uploads\/2017\/04\/C-hD6BdUMAAKEzG-658x658.jpg 658w\" sizes=\"auto, (max-width: 1200px) 100vw, 1200px\" \/><\/a><\/p>\n<p>Ya que and\u00e1bamos en Zacatecas (por aquello de la Mayen), toca el turno de una banda que sali\u00f3 de aquellas tierras para pronto ir conquistando el territorio nacional. Se trata de <strong>Los Rom\u00e1nticos de Zacatecas<\/strong> integrados por Manzanas, G\u00fcicho, To\u00f1o y Gerber, quienes desde 2008 han demostrado su talento que a fuerza de trabajo se ha ido forjando. Pues bien, como lo hab\u00edan anticipado ya a trav\u00e9s de redes sociales, el pasado 26 de abril sorprendieron a propios y extra\u00f1os con el lanzamiento de un nuevo EP llamado \u00abParques Pt. 1\u00bb. Aplacando nuestras ansias por m\u00fasica nueva de la banda, misma que no escuch\u00e1bamos desde 2014 con su \u00abCorazonada\u00bb, <strong>Los Rom\u00e1nticos de Zacatecas<\/strong> brillan con un \u00abParques, Pt. 1\u00bb que guarda la esencia de su proyecto, pero que se aventura con pasajes marcados por sus instrumentos que muy seguramente har\u00e1n las delicias de seguidores y curiosos que por vez primera se les acerquen. \u00abParques, Pt. 1\u00bb fue grabado de forma an\u00e1loga en los T<strong>esta Estudios<\/strong> de Le\u00f3n, Guanajuato. Atentos que <strong>Los Rom\u00e1nticos de Zacatecas<\/strong> andar\u00e1n de gira por el pa\u00eds.<\/p>\n<h2><strong>\u00abCisne negro\u00bb, de La Gusana Ciega<\/strong><\/h2>\n<p><a href=\"http:\/\/www.reconoce.mx\/wp-content\/uploads\/2017\/04\/17973915_1794283410585545_1710663747033211126_o.jpg\"><img loading=\"lazy\" decoding=\"async\" class=\"aligncenter size-full wp-image-60661\" src=\"http:\/\/www.reconoce.mx\/wp-content\/uploads\/2017\/04\/17973915_1794283410585545_1710663747033211126_o.jpg\" alt=\"\" width=\"1600\" height=\"1600\" srcset=\"http:\/\/www.reconoce.mx\/wp-content\/uploads\/2017\/04\/17973915_1794283410585545_1710663747033211126_o.jpg 1600w, http:\/\/www.reconoce.mx\/wp-content\/uploads\/2017\/04\/17973915_1794283410585545_1710663747033211126_o-150x150.jpg 150w, http:\/\/www.reconoce.mx\/wp-content\/uploads\/2017\/04\/17973915_1794283410585545_1710663747033211126_o-300x300.jpg 300w, http:\/\/www.reconoce.mx\/wp-content\/uploads\/2017\/04\/17973915_1794283410585545_1710663747033211126_o-768x768.jpg 768w, http:\/\/www.reconoce.mx\/wp-content\/uploads\/2017\/04\/17973915_1794283410585545_1710663747033211126_o-1024x1024.jpg 1024w, http:\/\/www.reconoce.mx\/wp-content\/uploads\/2017\/04\/17973915_1794283410585545_1710663747033211126_o-65x65.jpg 65w, http:\/\/www.reconoce.mx\/wp-content\/uploads\/2017\/04\/17973915_1794283410585545_1710663747033211126_o-700x700.jpg 700w, http:\/\/www.reconoce.mx\/wp-content\/uploads\/2017\/04\/17973915_1794283410585545_1710663747033211126_o-658x658.jpg 658w\" sizes=\"auto, (max-width: 1600px) 100vw, 1600px\" \/><\/a><\/p>\n<p>Poco menos de un mes falta para el regreso en vivo de unos de los consentidos de la escena musical nacional: <strong>La Gusana Ciega<\/strong>. Con casi 25 a\u00f1os de carrera -con una pausa incluida-, <strong>La Gusana Ciega<\/strong> es uno de los grupos m\u00e1s populares de nuestro pa\u00eds, pero tambi\u00e9n -y a pesar de su largo recorrido- uno de los m\u00e1s interesantes por su capacidad de renovarse. Uno supondr\u00eda que con m\u00e1s de 10 materiales lanzados -entre los de estudio y los en vivo- <strong>La Gusana Ciega<\/strong> se habr\u00eda estancado creativamente desde hace tiempo; sin embargo, a partir de su pasado \u00abConejo en el sombrero\u00bb (2011) que nos permiti\u00f3 tener un <em>revival<\/em> de la banda capitalina, lo anterior queda en absoluto descartado. Por ello las ganas de conocer lo nuevo de un grupo que se presentar\u00e1 una vez m\u00e1s en el <strong>Teatro Metrop\u00f3litan<\/strong> el pr\u00f3ximo 26 de mayo del presente. El material, el EP \u00abBorregos en la niebla\u00bb, ser\u00e1 estrenado a manera de adelanto en el concierto ya mencionado. \u00abCisne negro\u00bb es entonces el track inicial que conocemos de la banda, misma melod\u00eda que se escuch\u00f3 en vivo ya en el pasado <strong>Pa&#8217;l Norte<\/strong>, misma rola que seguro retumbar\u00e1 en el Metrop\u00f3litan. Con un sonido distinto a lo que hab\u00edamos escuchado en el pasado \u00abMonarca\u00bb, <strong>La Gusana Ciega<\/strong> vuelve con una canci\u00f3n country que -para variar- vuelve a hablar de relaciones amorosas intensas y peligrosas. Por cierto, el \u00abBorregos en la niebla\u00bb servir\u00e1 como presentaci\u00f3n del nuevo guitarrista <strong>Roger D\u00e1vila<\/strong>.<\/p>\n<h2><strong>\u00abExpectativas\u00bb, de The Plastics Revolution<\/strong><\/h2>\n<p><a href=\"http:\/\/www.reconoce.mx\/wp-content\/uploads\/2017\/04\/17634316_10154664236096693_624147416833127036_n.jpg\"><img loading=\"lazy\" decoding=\"async\" class=\"aligncenter size-full wp-image-60660\" src=\"http:\/\/www.reconoce.mx\/wp-content\/uploads\/2017\/04\/17634316_10154664236096693_624147416833127036_n.jpg\" alt=\"\" width=\"960\" height=\"960\" srcset=\"http:\/\/www.reconoce.mx\/wp-content\/uploads\/2017\/04\/17634316_10154664236096693_624147416833127036_n.jpg 960w, http:\/\/www.reconoce.mx\/wp-content\/uploads\/2017\/04\/17634316_10154664236096693_624147416833127036_n-150x150.jpg 150w, http:\/\/www.reconoce.mx\/wp-content\/uploads\/2017\/04\/17634316_10154664236096693_624147416833127036_n-300x300.jpg 300w, http:\/\/www.reconoce.mx\/wp-content\/uploads\/2017\/04\/17634316_10154664236096693_624147416833127036_n-768x768.jpg 768w, http:\/\/www.reconoce.mx\/wp-content\/uploads\/2017\/04\/17634316_10154664236096693_624147416833127036_n-65x65.jpg 65w, http:\/\/www.reconoce.mx\/wp-content\/uploads\/2017\/04\/17634316_10154664236096693_624147416833127036_n-700x700.jpg 700w, http:\/\/www.reconoce.mx\/wp-content\/uploads\/2017\/04\/17634316_10154664236096693_624147416833127036_n-658x658.jpg 658w\" sizes=\"auto, (max-width: 960px) 100vw, 960px\" \/><\/a><\/p>\n<p>Si ponen atenci\u00f3n en nuestra barra lateral principal la semana en la que se publica este listado, <strong>The Plastics Revolution<\/strong> son en efecto no solo los protagonistas de este playlist, sino en realidad de nuestro sitio. No es para menos, son tan pocas pero satisfactorias las dosis musicales que nos dejan los capitalinos, que hay que aprovecharlas. Ese es el caso de \u00abExpectativas\u00bb, el m\u00e1s reciente sencillo de la banda que les acompa\u00f1a en el que ya fue el pasado lanzamiento del \u00abSeres extraordinarios\u00bb (2017) que ya podemos disfrutar. Con cierta d\u00f3sis de nostalgia <em>vintage<\/em> en su sonido; rom\u00e1ntica y sencilla, \u00abExpectativas\u00bb es de inmediato una de las melod\u00edas favoritas del nuevo EP de The Plastics. Con una sensaci\u00f3n que nos hace pensar que los capitalinos grabaron su canci\u00f3n en nuestra mism\u00edsima habitaci\u00f3n; sin aspavientos, \u00abExpectativas\u00bb queda perfecta para estos d\u00edas de sol en Ciudad de M\u00e9xico. \u00abSeres extraordinarios\u00bb ya lo pueden escuchar completo; y s\u00ed, vale much\u00edsimo la pena, ya me lo confirmar\u00e1n.<\/p>\n<p style=\"text-align: right;\">Foto: <strong>Holger Prothmann<\/strong>.<\/p>\n<p>&nbsp;<\/p>\n<p>&nbsp;<\/p>\n","protected":false},"excerpt":{"rendered":"<p>Lunes, lunes de las #5RolasParaLaSemana. Ya lo saben, las #5RolasParaLaSemana son este breve y conciso tracklist en el que me permito compartir con ustedes las novedades musicales de la escena nacional que semanalmente se dan a conocer.<\/p>\n","protected":false},"author":2,"featured_media":52739,"comment_status":"open","ping_status":"open","sticky":false,"template":"","format":"standard","meta":{"footnotes":""},"categories":[2652,1,18,17],"tags":[],"class_list":["post-60659","post","type-post","status-publish","format-standard","has-post-thumbnail","hentry","category-5rolasparalasemana","category-cultura","category-musica","category-principal"],"yoast_head":"<!-- This site is optimized with the Yoast SEO plugin v24.7 - https:\/\/yoast.com\/wordpress\/plugins\/seo\/ -->\n<title>#5RolasParaLaSemana del 01 al 05 de mayo &#171; Reconoce MX<\/title>\n<meta name=\"robots\" content=\"index, follow, max-snippet:-1, max-image-preview:large, max-video-preview:-1\" \/>\n<link rel=\"canonical\" href=\"http:\/\/www.reconoce.mx\/?p=60659\" \/>\n<meta property=\"og:locale\" content=\"es_ES\" \/>\n<meta property=\"og:type\" content=\"article\" \/>\n<meta property=\"og:title\" content=\"#5RolasParaLaSemana del 01 al 05 de mayo &#171; Reconoce MX\" \/>\n<meta property=\"og:description\" content=\"Lunes, lunes de las #5RolasParaLaSemana. Ya lo saben, las #5RolasParaLaSemana son este breve y conciso tracklist en el que me permito compartir con ustedes las novedades musicales de la escena nacional que semanalmente se dan a conocer.\" \/>\n<meta property=\"og:url\" content=\"http:\/\/www.reconoce.mx\/?p=60659\" \/>\n<meta property=\"og:site_name\" content=\"Reconoce MX\" \/>\n<meta property=\"article:publisher\" content=\"https:\/\/es-la.facebook.com\/ReconoceMX\/\" \/>\n<meta property=\"article:published_time\" content=\"2017-05-01T05:05:36+00:00\" \/>\n<meta property=\"og:image\" content=\"http:\/\/www.reconoce.mx\/wp-content\/uploads\/2016\/09\/5RolasParaLaSemana-cover.png\" \/>\n\t<meta property=\"og:image:width\" content=\"590\" \/>\n\t<meta property=\"og:image:height\" content=\"380\" \/>\n\t<meta property=\"og:image:type\" content=\"image\/png\" \/>\n<meta name=\"author\" content=\"Reconoce MX\" \/>\n<meta name=\"twitter:card\" content=\"summary_large_image\" \/>\n<meta name=\"twitter:creator\" content=\"@reconocemx\" \/>\n<meta name=\"twitter:site\" content=\"@reconocemx\" \/>\n<meta name=\"twitter:label1\" content=\"Escrito por\" \/>\n\t<meta name=\"twitter:data1\" content=\"Reconoce MX\" \/>\n\t<meta name=\"twitter:label2\" content=\"Tiempo de lectura\" \/>\n\t<meta name=\"twitter:data2\" content=\"6 minutos\" \/>\n<script type=\"application\/ld+json\" class=\"yoast-schema-graph\">{\"@context\":\"https:\/\/schema.org\",\"@graph\":[{\"@type\":\"Article\",\"@id\":\"http:\/\/www.reconoce.mx\/?p=60659#article\",\"isPartOf\":{\"@id\":\"http:\/\/www.reconoce.mx\/?p=60659\"},\"author\":{\"name\":\"Reconoce MX\",\"@id\":\"http:\/\/www.reconoce.mx\/#\/schema\/person\/2117e997d7051dc15d6880eaf9bca0b2\"},\"headline\":\"#5RolasParaLaSemana del 01 al 05 de mayo\",\"datePublished\":\"2017-05-01T05:05:36+00:00\",\"mainEntityOfPage\":{\"@id\":\"http:\/\/www.reconoce.mx\/?p=60659\"},\"wordCount\":1171,\"commentCount\":0,\"publisher\":{\"@id\":\"http:\/\/www.reconoce.mx\/#organization\"},\"image\":{\"@id\":\"http:\/\/www.reconoce.mx\/?p=60659#primaryimage\"},\"thumbnailUrl\":\"http:\/\/www.reconoce.mx\/wp-content\/uploads\/2016\/09\/5RolasParaLaSemana-cover.png\",\"articleSection\":[\"#5RolasParaLaSemana\",\"Cultura\",\"M\u00fasica\",\"Principal\"],\"inLanguage\":\"es\",\"potentialAction\":[{\"@type\":\"CommentAction\",\"name\":\"Comment\",\"target\":[\"http:\/\/www.reconoce.mx\/?p=60659#respond\"]}]},{\"@type\":\"WebPage\",\"@id\":\"http:\/\/www.reconoce.mx\/?p=60659\",\"url\":\"http:\/\/www.reconoce.mx\/?p=60659\",\"name\":\"#5RolasParaLaSemana del 01 al 05 de mayo &#171; Reconoce MX\",\"isPartOf\":{\"@id\":\"http:\/\/www.reconoce.mx\/#website\"},\"primaryImageOfPage\":{\"@id\":\"http:\/\/www.reconoce.mx\/?p=60659#primaryimage\"},\"image\":{\"@id\":\"http:\/\/www.reconoce.mx\/?p=60659#primaryimage\"},\"thumbnailUrl\":\"http:\/\/www.reconoce.mx\/wp-content\/uploads\/2016\/09\/5RolasParaLaSemana-cover.png\",\"datePublished\":\"2017-05-01T05:05:36+00:00\",\"breadcrumb\":{\"@id\":\"http:\/\/www.reconoce.mx\/?p=60659#breadcrumb\"},\"inLanguage\":\"es\",\"potentialAction\":[{\"@type\":\"ReadAction\",\"target\":[\"http:\/\/www.reconoce.mx\/?p=60659\"]}]},{\"@type\":\"ImageObject\",\"inLanguage\":\"es\",\"@id\":\"http:\/\/www.reconoce.mx\/?p=60659#primaryimage\",\"url\":\"http:\/\/www.reconoce.mx\/wp-content\/uploads\/2016\/09\/5RolasParaLaSemana-cover.png\",\"contentUrl\":\"http:\/\/www.reconoce.mx\/wp-content\/uploads\/2016\/09\/5RolasParaLaSemana-cover.png\",\"width\":590,\"height\":380},{\"@type\":\"BreadcrumbList\",\"@id\":\"http:\/\/www.reconoce.mx\/?p=60659#breadcrumb\",\"itemListElement\":[{\"@type\":\"ListItem\",\"position\":1,\"name\":\"Portada\",\"item\":\"http:\/\/www.reconoce.mx\/\"},{\"@type\":\"ListItem\",\"position\":2,\"name\":\"#5RolasParaLaSemana del 01 al 05 de mayo\"}]},{\"@type\":\"WebSite\",\"@id\":\"http:\/\/www.reconoce.mx\/#website\",\"url\":\"http:\/\/www.reconoce.mx\/\",\"name\":\"Reconoce MX\",\"description\":\"En Reconoce MX difundimos arte, cultura y conciencia social en M\u00e9xico. Tu ciudad en otra perspectiva.\",\"publisher\":{\"@id\":\"http:\/\/www.reconoce.mx\/#organization\"},\"potentialAction\":[{\"@type\":\"SearchAction\",\"target\":{\"@type\":\"EntryPoint\",\"urlTemplate\":\"http:\/\/www.reconoce.mx\/?s={search_term_string}\"},\"query-input\":{\"@type\":\"PropertyValueSpecification\",\"valueRequired\":true,\"valueName\":\"search_term_string\"}}],\"inLanguage\":\"es\"},{\"@type\":\"Organization\",\"@id\":\"http:\/\/www.reconoce.mx\/#organization\",\"name\":\"Reconoce MX\",\"url\":\"http:\/\/www.reconoce.mx\/\",\"logo\":{\"@type\":\"ImageObject\",\"inLanguage\":\"es\",\"@id\":\"http:\/\/www.reconoce.mx\/#\/schema\/logo\/image\/\",\"url\":\"https:\/\/www.reconoce.mx\/wp-content\/uploads\/2019\/03\/logorcmx-good-1.png\",\"contentUrl\":\"https:\/\/www.reconoce.mx\/wp-content\/uploads\/2019\/03\/logorcmx-good-1.png\",\"width\":280,\"height\":90,\"caption\":\"Reconoce MX\"},\"image\":{\"@id\":\"http:\/\/www.reconoce.mx\/#\/schema\/logo\/image\/\"},\"sameAs\":[\"https:\/\/es-la.facebook.com\/ReconoceMX\/\",\"https:\/\/x.com\/reconocemx\",\"http:\/\/@reconocemx\"]},{\"@type\":\"Person\",\"@id\":\"http:\/\/www.reconoce.mx\/#\/schema\/person\/2117e997d7051dc15d6880eaf9bca0b2\",\"name\":\"Reconoce MX\",\"image\":{\"@type\":\"ImageObject\",\"inLanguage\":\"es\",\"@id\":\"http:\/\/www.reconoce.mx\/#\/schema\/person\/image\/\",\"url\":\"https:\/\/secure.gravatar.com\/avatar\/6c8d4dc7569ca1c90c5fdcc349f839d5ddef6fe1e70b4337ead2ef1a4c43fc3a?s=96&d=identicon&r=g\",\"contentUrl\":\"https:\/\/secure.gravatar.com\/avatar\/6c8d4dc7569ca1c90c5fdcc349f839d5ddef6fe1e70b4337ead2ef1a4c43fc3a?s=96&d=identicon&r=g\",\"caption\":\"Reconoce MX\"},\"description\":\"Reconoce MX es un proyecto de difusi\u00f3n art\u00edstica, cultural y de conciencia social que est\u00e1 enfocado a difundir y fomentar el entretenimiento alternativo de calidad para todo el p\u00fablico que comparta el mismo entusiasmo.\",\"sameAs\":[\"http:\/\/www.reconoce.mx\"],\"url\":\"http:\/\/www.reconoce.mx\/?author=2\"}]}<\/script>\n<!-- \/ Yoast SEO plugin. -->","yoast_head_json":{"title":"#5RolasParaLaSemana del 01 al 05 de mayo &#171; Reconoce MX","robots":{"index":"index","follow":"follow","max-snippet":"max-snippet:-1","max-image-preview":"max-image-preview:large","max-video-preview":"max-video-preview:-1"},"canonical":"http:\/\/www.reconoce.mx\/?p=60659","og_locale":"es_ES","og_type":"article","og_title":"#5RolasParaLaSemana del 01 al 05 de mayo &#171; Reconoce MX","og_description":"Lunes, lunes de las #5RolasParaLaSemana. Ya lo saben, las #5RolasParaLaSemana son este breve y conciso tracklist en el que me permito compartir con ustedes las novedades musicales de la escena nacional que semanalmente se dan a conocer.","og_url":"http:\/\/www.reconoce.mx\/?p=60659","og_site_name":"Reconoce MX","article_publisher":"https:\/\/es-la.facebook.com\/ReconoceMX\/","article_published_time":"2017-05-01T05:05:36+00:00","og_image":[{"width":590,"height":380,"url":"http:\/\/www.reconoce.mx\/wp-content\/uploads\/2016\/09\/5RolasParaLaSemana-cover.png","type":"image\/png"}],"author":"Reconoce MX","twitter_card":"summary_large_image","twitter_creator":"@reconocemx","twitter_site":"@reconocemx","twitter_misc":{"Escrito por":"Reconoce MX","Tiempo de lectura":"6 minutos"},"schema":{"@context":"https:\/\/schema.org","@graph":[{"@type":"Article","@id":"http:\/\/www.reconoce.mx\/?p=60659#article","isPartOf":{"@id":"http:\/\/www.reconoce.mx\/?p=60659"},"author":{"name":"Reconoce MX","@id":"http:\/\/www.reconoce.mx\/#\/schema\/person\/2117e997d7051dc15d6880eaf9bca0b2"},"headline":"#5RolasParaLaSemana del 01 al 05 de mayo","datePublished":"2017-05-01T05:05:36+00:00","mainEntityOfPage":{"@id":"http:\/\/www.reconoce.mx\/?p=60659"},"wordCount":1171,"commentCount":0,"publisher":{"@id":"http:\/\/www.reconoce.mx\/#organization"},"image":{"@id":"http:\/\/www.reconoce.mx\/?p=60659#primaryimage"},"thumbnailUrl":"http:\/\/www.reconoce.mx\/wp-content\/uploads\/2016\/09\/5RolasParaLaSemana-cover.png","articleSection":["#5RolasParaLaSemana","Cultura","M\u00fasica","Principal"],"inLanguage":"es","potentialAction":[{"@type":"CommentAction","name":"Comment","target":["http:\/\/www.reconoce.mx\/?p=60659#respond"]}]},{"@type":"WebPage","@id":"http:\/\/www.reconoce.mx\/?p=60659","url":"http:\/\/www.reconoce.mx\/?p=60659","name":"#5RolasParaLaSemana del 01 al 05 de mayo &#171; Reconoce MX","isPartOf":{"@id":"http:\/\/www.reconoce.mx\/#website"},"primaryImageOfPage":{"@id":"http:\/\/www.reconoce.mx\/?p=60659#primaryimage"},"image":{"@id":"http:\/\/www.reconoce.mx\/?p=60659#primaryimage"},"thumbnailUrl":"http:\/\/www.reconoce.mx\/wp-content\/uploads\/2016\/09\/5RolasParaLaSemana-cover.png","datePublished":"2017-05-01T05:05:36+00:00","breadcrumb":{"@id":"http:\/\/www.reconoce.mx\/?p=60659#breadcrumb"},"inLanguage":"es","potentialAction":[{"@type":"ReadAction","target":["http:\/\/www.reconoce.mx\/?p=60659"]}]},{"@type":"ImageObject","inLanguage":"es","@id":"http:\/\/www.reconoce.mx\/?p=60659#primaryimage","url":"http:\/\/www.reconoce.mx\/wp-content\/uploads\/2016\/09\/5RolasParaLaSemana-cover.png","contentUrl":"http:\/\/www.reconoce.mx\/wp-content\/uploads\/2016\/09\/5RolasParaLaSemana-cover.png","width":590,"height":380},{"@type":"BreadcrumbList","@id":"http:\/\/www.reconoce.mx\/?p=60659#breadcrumb","itemListElement":[{"@type":"ListItem","position":1,"name":"Portada","item":"http:\/\/www.reconoce.mx\/"},{"@type":"ListItem","position":2,"name":"#5RolasParaLaSemana del 01 al 05 de mayo"}]},{"@type":"WebSite","@id":"http:\/\/www.reconoce.mx\/#website","url":"http:\/\/www.reconoce.mx\/","name":"Reconoce MX","description":"En Reconoce MX difundimos arte, cultura y conciencia social en M\u00e9xico. Tu ciudad en otra perspectiva.","publisher":{"@id":"http:\/\/www.reconoce.mx\/#organization"},"potentialAction":[{"@type":"SearchAction","target":{"@type":"EntryPoint","urlTemplate":"http:\/\/www.reconoce.mx\/?s={search_term_string}"},"query-input":{"@type":"PropertyValueSpecification","valueRequired":true,"valueName":"search_term_string"}}],"inLanguage":"es"},{"@type":"Organization","@id":"http:\/\/www.reconoce.mx\/#organization","name":"Reconoce MX","url":"http:\/\/www.reconoce.mx\/","logo":{"@type":"ImageObject","inLanguage":"es","@id":"http:\/\/www.reconoce.mx\/#\/schema\/logo\/image\/","url":"https:\/\/www.reconoce.mx\/wp-content\/uploads\/2019\/03\/logorcmx-good-1.png","contentUrl":"https:\/\/www.reconoce.mx\/wp-content\/uploads\/2019\/03\/logorcmx-good-1.png","width":280,"height":90,"caption":"Reconoce MX"},"image":{"@id":"http:\/\/www.reconoce.mx\/#\/schema\/logo\/image\/"},"sameAs":["https:\/\/es-la.facebook.com\/ReconoceMX\/","https:\/\/x.com\/reconocemx","http:\/\/@reconocemx"]},{"@type":"Person","@id":"http:\/\/www.reconoce.mx\/#\/schema\/person\/2117e997d7051dc15d6880eaf9bca0b2","name":"Reconoce MX","image":{"@type":"ImageObject","inLanguage":"es","@id":"http:\/\/www.reconoce.mx\/#\/schema\/person\/image\/","url":"https:\/\/secure.gravatar.com\/avatar\/6c8d4dc7569ca1c90c5fdcc349f839d5ddef6fe1e70b4337ead2ef1a4c43fc3a?s=96&d=identicon&r=g","contentUrl":"https:\/\/secure.gravatar.com\/avatar\/6c8d4dc7569ca1c90c5fdcc349f839d5ddef6fe1e70b4337ead2ef1a4c43fc3a?s=96&d=identicon&r=g","caption":"Reconoce MX"},"description":"Reconoce MX es un proyecto de difusi\u00f3n art\u00edstica, cultural y de conciencia social que est\u00e1 enfocado a difundir y fomentar el entretenimiento alternativo de calidad para todo el p\u00fablico que comparta el mismo entusiasmo.","sameAs":["http:\/\/www.reconoce.mx"],"url":"http:\/\/www.reconoce.mx\/?author=2"}]}},"_links":{"self":[{"href":"http:\/\/www.reconoce.mx\/index.php?rest_route=\/wp\/v2\/posts\/60659","targetHints":{"allow":["GET"]}}],"collection":[{"href":"http:\/\/www.reconoce.mx\/index.php?rest_route=\/wp\/v2\/posts"}],"about":[{"href":"http:\/\/www.reconoce.mx\/index.php?rest_route=\/wp\/v2\/types\/post"}],"author":[{"embeddable":true,"href":"http:\/\/www.reconoce.mx\/index.php?rest_route=\/wp\/v2\/users\/2"}],"replies":[{"embeddable":true,"href":"http:\/\/www.reconoce.mx\/index.php?rest_route=%2Fwp%2Fv2%2Fcomments&post=60659"}],"version-history":[{"count":7,"href":"http:\/\/www.reconoce.mx\/index.php?rest_route=\/wp\/v2\/posts\/60659\/revisions"}],"predecessor-version":[{"id":60706,"href":"http:\/\/www.reconoce.mx\/index.php?rest_route=\/wp\/v2\/posts\/60659\/revisions\/60706"}],"wp:featuredmedia":[{"embeddable":true,"href":"http:\/\/www.reconoce.mx\/index.php?rest_route=\/wp\/v2\/media\/52739"}],"wp:attachment":[{"href":"http:\/\/www.reconoce.mx\/index.php?rest_route=%2Fwp%2Fv2%2Fmedia&parent=60659"}],"wp:term":[{"taxonomy":"category","embeddable":true,"href":"http:\/\/www.reconoce.mx\/index.php?rest_route=%2Fwp%2Fv2%2Fcategories&post=60659"},{"taxonomy":"post_tag","embeddable":true,"href":"http:\/\/www.reconoce.mx\/index.php?rest_route=%2Fwp%2Fv2%2Ftags&post=60659"}],"curies":[{"name":"wp","href":"https:\/\/api.w.org\/{rel}","templated":true}]}}