{"id":60674,"date":"2017-05-02T00:03:16","date_gmt":"2017-05-02T05:03:16","guid":{"rendered":"http:\/\/www.reconoce.mx\/?p=60674"},"modified":"2017-05-02T23:03:29","modified_gmt":"2017-05-03T04:03:29","slug":"las-rejas-de-chapultepec-del-tio-herminio","status":"publish","type":"post","link":"http:\/\/www.reconoce.mx\/?p=60674","title":{"rendered":"&#8216;Las rejas de Chapultepec&#8217;, del T\u00edo Herminio"},"content":{"rendered":"<p><a href=\"http:\/\/www.reconoce.mx\/category\/cultura\/musica\/martes-asfaltoso\/\"><img loading=\"lazy\" decoding=\"async\" class=\"aligncenter size-full wp-image-38360\" src=\"http:\/\/www.reconoce.mx\/wp-content\/uploads\/2015\/06\/Martes.png\" alt=\"Martes\" width=\"550\" height=\"70\" \/><\/a><strong><br \/>\nPor <a title=\"@AsfaltosTweets\" href=\"http:\/\/twitter.com\/AsfaltosTweets\" target=\"_blank\" rel=\"noopener noreferrer\">Asfaltos<\/a><\/strong>.<\/p>\n<p>Muy descansados hemos andado en esta \u00ab<a href=\"https:\/\/www.facebook.com\/sintoniacapital\/?fref=ts\" target=\"_blank\" rel=\"noopener noreferrer\">Sinton\u00eda Capital<\/a>\u00ab&#8230; pero ojo, solo en \u00ab<a href=\"https:\/\/www.facebook.com\/sintoniacapital\/?fref=ts\" target=\"_blank\" rel=\"noopener noreferrer\">Sinton\u00eda Capital<\/a>\u00ab, porque en realidad hemos andado tan ocupados como siempre. Sin embargo, aprovechando el reciente puente con motivo del D\u00eda del Trabajo, antecedido del D\u00eda del Ni\u00f1o para los m\u00e1s peque\u00f1os, su servidor se fue a pasear nada mas y nada menos que a Chapultepec, para ser m\u00e1s preciso: a \u00abLas rejas de Chapultepec\u00bb.<\/p>\n<style>.embed-container { position: relative; padding-bottom: 56.25%; height: 0; overflow: hidden; max-width: 100%; } .embed-container iframe, .embed-container object, .embed-container embed { position: absolute; top: 0; left: 0; width: 100%; height: 100%; }<\/style>\n<div class=\"embed-container\"><iframe loading=\"lazy\" src=\"https:\/\/www.youtube.com\/embed\/94FpK9mD9sc\" width=\"300\" height=\"150\" frameborder=\"0\" allowfullscreen=\"allowfullscreen\"><\/iframe><\/div>\n<p>&nbsp;<\/p>\n<p>Nacido en 1919, en San Luis Potos\u00ed, <strong>Herminio \u00c1lvarez Rodr\u00edguez<\/strong> fue uno de los m\u00e1s importantes pianistas, compositores y m\u00fasicos que hemos tenido en nuestro pa\u00eds. De car\u00e1cter exc\u00e9ntrico, dotado de un gran talento art\u00edstico, ingenio picante y un don de la imitaci\u00f3n (era nada mas y nada menos que el imitador oficial de Agust\u00edn Lara), a <strong>Herminio \u00c1lvarez Rodr\u00edguez<\/strong> es probable lo ubiquen mejor por su apodo: <strong>T\u00edo Herminio<\/strong>.<\/p>\n<p>Pionero en la televisi\u00f3n infantil, primer \u00abt\u00edo de la televisi\u00f3n\u00bb -s\u00ed, much\u00edsimo antes del <strong>T\u00edo Gambo\u00edn<\/strong>-, el <strong>T\u00edo Herminio<\/strong> era un dotado que pod\u00eda ir de g\u00e9nero en g\u00e9nero, desde la guaracha y la rumba, hasta el bolero, la polka y el swing. A eso s\u00famenle un gran ingenio para las letras, donde de manera juguetona manten\u00eda a los m\u00e1s chicos atentos de sus muy particulares historias; como quienes le ve\u00edan sin falta a trav\u00e9s del <strong>Canal 5<\/strong> en su muy observado show.<\/p>\n<p>Precisamente con la r\u00fabrica de aquel show en el <strong>Canal 5<\/strong>, quiz\u00e1 su melod\u00eda m\u00e1s famosa, recordamos al <strong>T\u00edo Herminio<\/strong> con su rimbombante \u00abLas rejas de Chapultepec\u00bb; misma que si no ubicaban de nombre, seguro al empezar a sonar sus notas ubican ya por haberla escuchado en alg\u00fan momento de su historial sonoro.<\/p>\n<p>En fin, que el pasado fin de semana ah\u00ed me ten\u00edan, al ritmo de \u00abLas rejas de Chapultepec\u00bb del <strong>T\u00edo Herminio<\/strong>, pase\u00e9 que pase\u00e9 en uno de los m\u00e1s de los m\u00e1s bellos rincones de esta s\u00ed, muy ajetreada capital mexicana&#8230;<\/p>\n<p>Escucha la versi\u00f3n en audio del <a href=\"http:\/\/www.reconoce.mx\/category\/cultura\/musica\/martes-asfaltoso\/\" target=\"_blank\" rel=\"noopener noreferrer\">Martes asfaltoso<\/a> todos los martes entre 17:00 a 18:00 horas en \u201c<a href=\"https:\/\/www.facebook.com\/sintoniacapital\/?fref=ts\" target=\"_blank\" rel=\"noopener noreferrer\">Sinton\u00eda Capital<\/a>\u201d, programa de <strong>Concepto Radial<\/strong>, radio del<strong> Tec de Monterrey Campus Ciudad de M\u00e9xico<\/strong>. \u00a1Ah\u00ed nos escuchamos con mis queridas <strong>Ver\u00f3nica Orihuela<\/strong> y <strong>Dalia L\u00f3pez<\/strong>!<\/p>\n<p style=\"text-align: right;\">Foto: <strong>vladimix<\/strong>.<\/p>\n<p>&nbsp;<\/p>\n<p>&nbsp;<\/p>\n","protected":false},"excerpt":{"rendered":"<p>Muy descansados hemos andado en esta \u00abSinton\u00eda Capital\u00bb&#8230; pero ojo, solo en \u00abSinton\u00eda Capital\u00bb, porque en realidad hemos andado tan ocupados como siempre. <\/p>\n","protected":false},"author":2,"featured_media":60679,"comment_status":"open","ping_status":"open","sticky":false,"template":"","format":"standard","meta":{"footnotes":""},"categories":[1,2592,18,17],"tags":[],"class_list":["post-60674","post","type-post","status-publish","format-standard","has-post-thumbnail","hentry","category-cultura","category-martes-asfaltoso","category-musica","category-principal"],"yoast_head":"<!-- This site is optimized with the Yoast SEO plugin v24.7 - https:\/\/yoast.com\/wordpress\/plugins\/seo\/ -->\n<title>&#039;Las rejas de Chapultepec&#039;, del T\u00edo Herminio &#171; Reconoce MX<\/title>\n<meta name=\"robots\" content=\"index, follow, max-snippet:-1, max-image-preview:large, max-video-preview:-1\" \/>\n<link rel=\"canonical\" href=\"https:\/\/www.reconoce.mx\/?p=60674\" \/>\n<meta property=\"og:locale\" content=\"es_ES\" \/>\n<meta property=\"og:type\" content=\"article\" \/>\n<meta property=\"og:title\" content=\"&#039;Las rejas de Chapultepec&#039;, del T\u00edo Herminio &#171; Reconoce MX\" \/>\n<meta property=\"og:description\" content=\"Muy descansados hemos andado en esta &quot;Sinton\u00eda Capital&quot;... pero ojo, solo en &quot;Sinton\u00eda Capital&quot;, porque en realidad hemos andado tan ocupados como siempre.\" \/>\n<meta property=\"og:url\" content=\"https:\/\/www.reconoce.mx\/?p=60674\" \/>\n<meta property=\"og:site_name\" content=\"Reconoce MX\" \/>\n<meta property=\"article:publisher\" content=\"https:\/\/es-la.facebook.com\/ReconoceMX\/\" \/>\n<meta property=\"article:published_time\" content=\"2017-05-02T05:03:16+00:00\" \/>\n<meta property=\"article:modified_time\" content=\"2017-05-03T04:03:29+00:00\" \/>\n<meta property=\"og:image\" content=\"https:\/\/www.reconoce.mx\/wp-content\/uploads\/2017\/04\/rejas-de-chapultepec.png\" \/>\n\t<meta property=\"og:image:width\" content=\"590\" \/>\n\t<meta property=\"og:image:height\" content=\"380\" \/>\n\t<meta property=\"og:image:type\" content=\"image\/png\" \/>\n<meta name=\"author\" content=\"Reconoce MX\" \/>\n<meta name=\"twitter:card\" content=\"summary_large_image\" \/>\n<meta name=\"twitter:creator\" content=\"@reconocemx\" \/>\n<meta name=\"twitter:site\" content=\"@reconocemx\" \/>\n<meta name=\"twitter:label1\" content=\"Escrito por\" \/>\n\t<meta name=\"twitter:data1\" content=\"Reconoce MX\" \/>\n\t<meta name=\"twitter:label2\" content=\"Tiempo de lectura\" \/>\n\t<meta name=\"twitter:data2\" content=\"2 minutos\" \/>\n<script type=\"application\/ld+json\" class=\"yoast-schema-graph\">{\"@context\":\"https:\/\/schema.org\",\"@graph\":[{\"@type\":\"Article\",\"@id\":\"https:\/\/www.reconoce.mx\/?p=60674#article\",\"isPartOf\":{\"@id\":\"https:\/\/www.reconoce.mx\/?p=60674\"},\"author\":{\"name\":\"Reconoce MX\",\"@id\":\"http:\/\/www.reconoce.mx\/#\/schema\/person\/2117e997d7051dc15d6880eaf9bca0b2\"},\"headline\":\"&#8216;Las rejas de Chapultepec&#8217;, del T\u00edo Herminio\",\"datePublished\":\"2017-05-02T05:03:16+00:00\",\"dateModified\":\"2017-05-03T04:03:29+00:00\",\"mainEntityOfPage\":{\"@id\":\"https:\/\/www.reconoce.mx\/?p=60674\"},\"wordCount\":415,\"commentCount\":0,\"publisher\":{\"@id\":\"http:\/\/www.reconoce.mx\/#organization\"},\"image\":{\"@id\":\"https:\/\/www.reconoce.mx\/?p=60674#primaryimage\"},\"thumbnailUrl\":\"http:\/\/www.reconoce.mx\/wp-content\/uploads\/2017\/04\/rejas-de-chapultepec.png\",\"articleSection\":[\"Cultura\",\"Martes asfaltoso\",\"M\u00fasica\",\"Principal\"],\"inLanguage\":\"es\",\"potentialAction\":[{\"@type\":\"CommentAction\",\"name\":\"Comment\",\"target\":[\"https:\/\/www.reconoce.mx\/?p=60674#respond\"]}]},{\"@type\":\"WebPage\",\"@id\":\"https:\/\/www.reconoce.mx\/?p=60674\",\"url\":\"https:\/\/www.reconoce.mx\/?p=60674\",\"name\":\"'Las rejas de Chapultepec', del T\u00edo Herminio &#171; Reconoce MX\",\"isPartOf\":{\"@id\":\"http:\/\/www.reconoce.mx\/#website\"},\"primaryImageOfPage\":{\"@id\":\"https:\/\/www.reconoce.mx\/?p=60674#primaryimage\"},\"image\":{\"@id\":\"https:\/\/www.reconoce.mx\/?p=60674#primaryimage\"},\"thumbnailUrl\":\"http:\/\/www.reconoce.mx\/wp-content\/uploads\/2017\/04\/rejas-de-chapultepec.png\",\"datePublished\":\"2017-05-02T05:03:16+00:00\",\"dateModified\":\"2017-05-03T04:03:29+00:00\",\"breadcrumb\":{\"@id\":\"https:\/\/www.reconoce.mx\/?p=60674#breadcrumb\"},\"inLanguage\":\"es\",\"potentialAction\":[{\"@type\":\"ReadAction\",\"target\":[\"https:\/\/www.reconoce.mx\/?p=60674\"]}]},{\"@type\":\"ImageObject\",\"inLanguage\":\"es\",\"@id\":\"https:\/\/www.reconoce.mx\/?p=60674#primaryimage\",\"url\":\"http:\/\/www.reconoce.mx\/wp-content\/uploads\/2017\/04\/rejas-de-chapultepec.png\",\"contentUrl\":\"http:\/\/www.reconoce.mx\/wp-content\/uploads\/2017\/04\/rejas-de-chapultepec.png\",\"width\":590,\"height\":380},{\"@type\":\"BreadcrumbList\",\"@id\":\"https:\/\/www.reconoce.mx\/?p=60674#breadcrumb\",\"itemListElement\":[{\"@type\":\"ListItem\",\"position\":1,\"name\":\"Portada\",\"item\":\"http:\/\/www.reconoce.mx\/\"},{\"@type\":\"ListItem\",\"position\":2,\"name\":\"&#8216;Las rejas de Chapultepec&#8217;, del T\u00edo Herminio\"}]},{\"@type\":\"WebSite\",\"@id\":\"http:\/\/www.reconoce.mx\/#website\",\"url\":\"http:\/\/www.reconoce.mx\/\",\"name\":\"Reconoce MX\",\"description\":\"En Reconoce MX difundimos arte, cultura y conciencia social en M\u00e9xico. Tu ciudad en otra perspectiva.\",\"publisher\":{\"@id\":\"http:\/\/www.reconoce.mx\/#organization\"},\"potentialAction\":[{\"@type\":\"SearchAction\",\"target\":{\"@type\":\"EntryPoint\",\"urlTemplate\":\"http:\/\/www.reconoce.mx\/?s={search_term_string}\"},\"query-input\":{\"@type\":\"PropertyValueSpecification\",\"valueRequired\":true,\"valueName\":\"search_term_string\"}}],\"inLanguage\":\"es\"},{\"@type\":\"Organization\",\"@id\":\"http:\/\/www.reconoce.mx\/#organization\",\"name\":\"Reconoce MX\",\"url\":\"http:\/\/www.reconoce.mx\/\",\"logo\":{\"@type\":\"ImageObject\",\"inLanguage\":\"es\",\"@id\":\"http:\/\/www.reconoce.mx\/#\/schema\/logo\/image\/\",\"url\":\"https:\/\/www.reconoce.mx\/wp-content\/uploads\/2019\/03\/logorcmx-good-1.png\",\"contentUrl\":\"https:\/\/www.reconoce.mx\/wp-content\/uploads\/2019\/03\/logorcmx-good-1.png\",\"width\":280,\"height\":90,\"caption\":\"Reconoce MX\"},\"image\":{\"@id\":\"http:\/\/www.reconoce.mx\/#\/schema\/logo\/image\/\"},\"sameAs\":[\"https:\/\/es-la.facebook.com\/ReconoceMX\/\",\"https:\/\/x.com\/reconocemx\",\"http:\/\/@reconocemx\"]},{\"@type\":\"Person\",\"@id\":\"http:\/\/www.reconoce.mx\/#\/schema\/person\/2117e997d7051dc15d6880eaf9bca0b2\",\"name\":\"Reconoce MX\",\"image\":{\"@type\":\"ImageObject\",\"inLanguage\":\"es\",\"@id\":\"http:\/\/www.reconoce.mx\/#\/schema\/person\/image\/\",\"url\":\"https:\/\/secure.gravatar.com\/avatar\/6c8d4dc7569ca1c90c5fdcc349f839d5ddef6fe1e70b4337ead2ef1a4c43fc3a?s=96&d=identicon&r=g\",\"contentUrl\":\"https:\/\/secure.gravatar.com\/avatar\/6c8d4dc7569ca1c90c5fdcc349f839d5ddef6fe1e70b4337ead2ef1a4c43fc3a?s=96&d=identicon&r=g\",\"caption\":\"Reconoce MX\"},\"description\":\"Reconoce MX es un proyecto de difusi\u00f3n art\u00edstica, cultural y de conciencia social que est\u00e1 enfocado a difundir y fomentar el entretenimiento alternativo de calidad para todo el p\u00fablico que comparta el mismo entusiasmo.\",\"sameAs\":[\"http:\/\/www.reconoce.mx\"],\"url\":\"http:\/\/www.reconoce.mx\/?author=2\"}]}<\/script>\n<!-- \/ Yoast SEO plugin. -->","yoast_head_json":{"title":"'Las rejas de Chapultepec', del T\u00edo Herminio &#171; Reconoce MX","robots":{"index":"index","follow":"follow","max-snippet":"max-snippet:-1","max-image-preview":"max-image-preview:large","max-video-preview":"max-video-preview:-1"},"canonical":"https:\/\/www.reconoce.mx\/?p=60674","og_locale":"es_ES","og_type":"article","og_title":"'Las rejas de Chapultepec', del T\u00edo Herminio &#171; Reconoce MX","og_description":"Muy descansados hemos andado en esta \"Sinton\u00eda Capital\"... pero ojo, solo en \"Sinton\u00eda Capital\", porque en realidad hemos andado tan ocupados como siempre.","og_url":"https:\/\/www.reconoce.mx\/?p=60674","og_site_name":"Reconoce MX","article_publisher":"https:\/\/es-la.facebook.com\/ReconoceMX\/","article_published_time":"2017-05-02T05:03:16+00:00","article_modified_time":"2017-05-03T04:03:29+00:00","og_image":[{"width":590,"height":380,"url":"https:\/\/www.reconoce.mx\/wp-content\/uploads\/2017\/04\/rejas-de-chapultepec.png","type":"image\/png"}],"author":"Reconoce MX","twitter_card":"summary_large_image","twitter_creator":"@reconocemx","twitter_site":"@reconocemx","twitter_misc":{"Escrito por":"Reconoce MX","Tiempo de lectura":"2 minutos"},"schema":{"@context":"https:\/\/schema.org","@graph":[{"@type":"Article","@id":"https:\/\/www.reconoce.mx\/?p=60674#article","isPartOf":{"@id":"https:\/\/www.reconoce.mx\/?p=60674"},"author":{"name":"Reconoce MX","@id":"http:\/\/www.reconoce.mx\/#\/schema\/person\/2117e997d7051dc15d6880eaf9bca0b2"},"headline":"&#8216;Las rejas de Chapultepec&#8217;, del T\u00edo Herminio","datePublished":"2017-05-02T05:03:16+00:00","dateModified":"2017-05-03T04:03:29+00:00","mainEntityOfPage":{"@id":"https:\/\/www.reconoce.mx\/?p=60674"},"wordCount":415,"commentCount":0,"publisher":{"@id":"http:\/\/www.reconoce.mx\/#organization"},"image":{"@id":"https:\/\/www.reconoce.mx\/?p=60674#primaryimage"},"thumbnailUrl":"http:\/\/www.reconoce.mx\/wp-content\/uploads\/2017\/04\/rejas-de-chapultepec.png","articleSection":["Cultura","Martes asfaltoso","M\u00fasica","Principal"],"inLanguage":"es","potentialAction":[{"@type":"CommentAction","name":"Comment","target":["https:\/\/www.reconoce.mx\/?p=60674#respond"]}]},{"@type":"WebPage","@id":"https:\/\/www.reconoce.mx\/?p=60674","url":"https:\/\/www.reconoce.mx\/?p=60674","name":"'Las rejas de Chapultepec', del T\u00edo Herminio &#171; Reconoce MX","isPartOf":{"@id":"http:\/\/www.reconoce.mx\/#website"},"primaryImageOfPage":{"@id":"https:\/\/www.reconoce.mx\/?p=60674#primaryimage"},"image":{"@id":"https:\/\/www.reconoce.mx\/?p=60674#primaryimage"},"thumbnailUrl":"http:\/\/www.reconoce.mx\/wp-content\/uploads\/2017\/04\/rejas-de-chapultepec.png","datePublished":"2017-05-02T05:03:16+00:00","dateModified":"2017-05-03T04:03:29+00:00","breadcrumb":{"@id":"https:\/\/www.reconoce.mx\/?p=60674#breadcrumb"},"inLanguage":"es","potentialAction":[{"@type":"ReadAction","target":["https:\/\/www.reconoce.mx\/?p=60674"]}]},{"@type":"ImageObject","inLanguage":"es","@id":"https:\/\/www.reconoce.mx\/?p=60674#primaryimage","url":"http:\/\/www.reconoce.mx\/wp-content\/uploads\/2017\/04\/rejas-de-chapultepec.png","contentUrl":"http:\/\/www.reconoce.mx\/wp-content\/uploads\/2017\/04\/rejas-de-chapultepec.png","width":590,"height":380},{"@type":"BreadcrumbList","@id":"https:\/\/www.reconoce.mx\/?p=60674#breadcrumb","itemListElement":[{"@type":"ListItem","position":1,"name":"Portada","item":"http:\/\/www.reconoce.mx\/"},{"@type":"ListItem","position":2,"name":"&#8216;Las rejas de Chapultepec&#8217;, del T\u00edo Herminio"}]},{"@type":"WebSite","@id":"http:\/\/www.reconoce.mx\/#website","url":"http:\/\/www.reconoce.mx\/","name":"Reconoce MX","description":"En Reconoce MX difundimos arte, cultura y conciencia social en M\u00e9xico. Tu ciudad en otra perspectiva.","publisher":{"@id":"http:\/\/www.reconoce.mx\/#organization"},"potentialAction":[{"@type":"SearchAction","target":{"@type":"EntryPoint","urlTemplate":"http:\/\/www.reconoce.mx\/?s={search_term_string}"},"query-input":{"@type":"PropertyValueSpecification","valueRequired":true,"valueName":"search_term_string"}}],"inLanguage":"es"},{"@type":"Organization","@id":"http:\/\/www.reconoce.mx\/#organization","name":"Reconoce MX","url":"http:\/\/www.reconoce.mx\/","logo":{"@type":"ImageObject","inLanguage":"es","@id":"http:\/\/www.reconoce.mx\/#\/schema\/logo\/image\/","url":"https:\/\/www.reconoce.mx\/wp-content\/uploads\/2019\/03\/logorcmx-good-1.png","contentUrl":"https:\/\/www.reconoce.mx\/wp-content\/uploads\/2019\/03\/logorcmx-good-1.png","width":280,"height":90,"caption":"Reconoce MX"},"image":{"@id":"http:\/\/www.reconoce.mx\/#\/schema\/logo\/image\/"},"sameAs":["https:\/\/es-la.facebook.com\/ReconoceMX\/","https:\/\/x.com\/reconocemx","http:\/\/@reconocemx"]},{"@type":"Person","@id":"http:\/\/www.reconoce.mx\/#\/schema\/person\/2117e997d7051dc15d6880eaf9bca0b2","name":"Reconoce MX","image":{"@type":"ImageObject","inLanguage":"es","@id":"http:\/\/www.reconoce.mx\/#\/schema\/person\/image\/","url":"https:\/\/secure.gravatar.com\/avatar\/6c8d4dc7569ca1c90c5fdcc349f839d5ddef6fe1e70b4337ead2ef1a4c43fc3a?s=96&d=identicon&r=g","contentUrl":"https:\/\/secure.gravatar.com\/avatar\/6c8d4dc7569ca1c90c5fdcc349f839d5ddef6fe1e70b4337ead2ef1a4c43fc3a?s=96&d=identicon&r=g","caption":"Reconoce MX"},"description":"Reconoce MX es un proyecto de difusi\u00f3n art\u00edstica, cultural y de conciencia social que est\u00e1 enfocado a difundir y fomentar el entretenimiento alternativo de calidad para todo el p\u00fablico que comparta el mismo entusiasmo.","sameAs":["http:\/\/www.reconoce.mx"],"url":"http:\/\/www.reconoce.mx\/?author=2"}]}},"_links":{"self":[{"href":"http:\/\/www.reconoce.mx\/index.php?rest_route=\/wp\/v2\/posts\/60674","targetHints":{"allow":["GET"]}}],"collection":[{"href":"http:\/\/www.reconoce.mx\/index.php?rest_route=\/wp\/v2\/posts"}],"about":[{"href":"http:\/\/www.reconoce.mx\/index.php?rest_route=\/wp\/v2\/types\/post"}],"author":[{"embeddable":true,"href":"http:\/\/www.reconoce.mx\/index.php?rest_route=\/wp\/v2\/users\/2"}],"replies":[{"embeddable":true,"href":"http:\/\/www.reconoce.mx\/index.php?rest_route=%2Fwp%2Fv2%2Fcomments&post=60674"}],"version-history":[{"count":5,"href":"http:\/\/www.reconoce.mx\/index.php?rest_route=\/wp\/v2\/posts\/60674\/revisions"}],"predecessor-version":[{"id":60680,"href":"http:\/\/www.reconoce.mx\/index.php?rest_route=\/wp\/v2\/posts\/60674\/revisions\/60680"}],"wp:featuredmedia":[{"embeddable":true,"href":"http:\/\/www.reconoce.mx\/index.php?rest_route=\/wp\/v2\/media\/60679"}],"wp:attachment":[{"href":"http:\/\/www.reconoce.mx\/index.php?rest_route=%2Fwp%2Fv2%2Fmedia&parent=60674"}],"wp:term":[{"taxonomy":"category","embeddable":true,"href":"http:\/\/www.reconoce.mx\/index.php?rest_route=%2Fwp%2Fv2%2Fcategories&post=60674"},{"taxonomy":"post_tag","embeddable":true,"href":"http:\/\/www.reconoce.mx\/index.php?rest_route=%2Fwp%2Fv2%2Ftags&post=60674"}],"curies":[{"name":"wp","href":"https:\/\/api.w.org\/{rel}","templated":true}]}}