{"id":60745,"date":"2017-05-02T00:06:21","date_gmt":"2017-05-02T05:06:21","guid":{"rendered":"http:\/\/www.reconoce.mx\/?p=60745"},"modified":"2017-05-02T23:03:00","modified_gmt":"2017-05-03T04:03:00","slug":"xavier-dolan-cineasta-a-prueba-del-fracaso","status":"publish","type":"post","link":"http:\/\/www.reconoce.mx\/?p=60745","title":{"rendered":"Xavier Dolan, cineasta a prueba del fracaso"},"content":{"rendered":"<p><a href=\"http:\/\/yuca.squarespace.com\/\"><img loading=\"lazy\" decoding=\"async\" class=\"aligncenter size-full wp-image-40651\" src=\"http:\/\/www.reconoce.mx\/wp-content\/uploads\/2017\/02\/banner-sacmd-columna.jpg\" alt=\"Columnistainvitado\" width=\"570\" height=\"70\" \/><\/a><\/p>\n<p><strong>Por Maya Rodr\u00edguez<\/strong>.<\/p>\n<p><strong>Xavier Dolan<\/strong> nunca ha permitido que lo tomen por sentado. Ya sea por su corta edad (27 a\u00f1os), su estilo particular o su m\u00e1s reciente pel\u00edcula, \u00ab<a href=\"http:\/\/www.reconoce.mx\/no-es-mas-que-el-fin-del-mundo-el-dano-de-la-ausencia\/\" target=\"_blank\" rel=\"noopener noreferrer\">No es m\u00e1s que el fin del mundo<\/a>\u00bb (2016), el director canadiense nunca se ha dejado criticar.<\/p>\n<p><a href=\"http:\/\/www.reconoce.mx\/wp-content\/uploads\/2017\/05\/17076795_1213502005412287_8935044959514394624_n.jpg\"><img loading=\"lazy\" decoding=\"async\" class=\"aligncenter size-full wp-image-60746\" src=\"http:\/\/www.reconoce.mx\/wp-content\/uploads\/2017\/05\/17076795_1213502005412287_8935044959514394624_n.jpg\" alt=\"\" width=\"750\" height=\"937\" srcset=\"http:\/\/www.reconoce.mx\/wp-content\/uploads\/2017\/05\/17076795_1213502005412287_8935044959514394624_n.jpg 750w, http:\/\/www.reconoce.mx\/wp-content\/uploads\/2017\/05\/17076795_1213502005412287_8935044959514394624_n-240x300.jpg 240w, http:\/\/www.reconoce.mx\/wp-content\/uploads\/2017\/05\/17076795_1213502005412287_8935044959514394624_n-150x187.jpg 150w, http:\/\/www.reconoce.mx\/wp-content\/uploads\/2017\/05\/17076795_1213502005412287_8935044959514394624_n-700x875.jpg 700w, http:\/\/www.reconoce.mx\/wp-content\/uploads\/2017\/05\/17076795_1213502005412287_8935044959514394624_n-658x822.jpg 658w, http:\/\/www.reconoce.mx\/wp-content\/uploads\/2017\/05\/17076795_1213502005412287_8935044959514394624_n-300x375.jpg 300w\" sizes=\"auto, (max-width: 750px) 100vw, 750px\" \/><\/a><\/p>\n<p>Dolan comenz\u00f3 su carrera como actor a los cuatro a\u00f1os, apareciendo en peque\u00f1os papeles con comerciales y televisi\u00f3n. M\u00e1s tarde comenz\u00f3 a trabajar como actor de doblaje y fue durante ese periodo, a los 16 a\u00f1os, que comenz\u00f3 a escribir su primer gui\u00f3n. El actor ha expresado la frustraci\u00f3n que sent\u00eda a esa edad, pues la mayor\u00eda de sus amigos se encontraba trabajando en televisi\u00f3n o cine mientras que \u00e9l segu\u00eda sin encontrar un camino concreto que seguir.<\/p>\n<p>Es f\u00e1cil entender por qu\u00e9 Dolan es una de las personas m\u00e1s envidiadas dentro de la industria de cine hoy en d\u00eda. Su primera cinta, \u00abJ&#8217;ai tu\u00e9 ma m\u00e8re (I killed my mother)\u00bb (2009), se estren\u00f3 en <strong>Cannes<\/strong> en 2009, convirti\u00e9ndolo casi inmediatamente en el\u00a0<em>enfant terrible<\/em>\u00a0del cine independiente a sus 19 a\u00f1os de edad, un t\u00e9rmino que \u00e9l mismo desprecia.<\/p>\n<style>.embed-container { position: relative; padding-bottom: 56.25%; height: 0; overflow: hidden; max-width: 100%; } .embed-container iframe, .embed-container object, .embed-container embed { position: absolute; top: 0; left: 0; width: 100%; height: 100%; }<\/style>\n<div class='embed-container'><iframe src='https:\/\/www.youtube.com\/embed\/j_e3qlyOLGc' frameborder='0' allowfullscreen><\/iframe><\/div>\n<p>&nbsp;<\/p>\n<p>El <em>Wunderkind\u00a0<\/em>de la industria no solo es conocido por su gran talento detr\u00e1s de c\u00e1mara, pues ha protagonizado 3 de sus 6 pel\u00edculas. Adem\u00e1s, su gran atractivo le ha ganado un contrato como modelo y\u00a0<em>spokesman\u00a0<\/em>para <strong>Louis Vuitton<\/strong>. Adem\u00e1s, ha logrado hacerse amigo de actrices como <strong>Marion Cotilliard<\/strong> y <strong>L\u00e9a Seydoux,<\/strong> a quienes coloc\u00f3 en su \u00faltima pel\u00edcula.<\/p>\n<p>Desde entonces, cinco de sus seis pel\u00edculas se han estrenado en el <strong>Festival de Cannes<\/strong>. La otra, qued\u00e1ndose atr\u00e1s, fue estrenada como parte de la selecci\u00f3n oficial en el <strong>Festival Internacional de Cine de Venecia<\/strong>. No obstante, a pesar de todo este \u00e9xito, sus proyectos rara vez han logrado ganar mucho m\u00e1s que buenas cr\u00edticas, pues le ha resultado dif\u00edcil generar una audiencia comercial.<\/p>\n<p>Un tema com\u00fan en la mayor\u00eda de sus pel\u00edculas es el de la homosexualidad, a pesar de que afirma que no quiere que su cine sea identificado como parte de la corriente de cine gay. A pesar de esto, \u00abLaurence anyways\u00bb (2012), su tercera pel\u00edcula, fue presentada en la categor\u00eda de <strong>Un C\u00e9rtain Regard<\/strong> en <strong>Cannes<\/strong> y posteriormente gan\u00f3 la <strong>Queer Palm<\/strong>.<\/p>\n<style>.embed-container { position: relative; padding-bottom: 56.25%; height: 0; overflow: hidden; max-width: 100%; } .embed-container iframe, .embed-container object, .embed-container embed { position: absolute; top: 0; left: 0; width: 100%; height: 100%; }<\/style>\n<div class='embed-container'><iframe src='https:\/\/www.youtube.com\/embed\/nZV5uPM2Bls' frameborder='0' allowfullscreen><\/iframe><\/div>\n<p>&nbsp;<\/p>\n<p>Dolan afirma que su sexualidad nunca ha sido un problema para \u00e9l, pero parece que una gran porci\u00f3n de su obra ha sido dedicada a tratar con el rechazo de una manera u otra. \u00abNo soy un documentarista, quiero contar historias, y muchas veces esas historias tendr\u00e1n personajes homosexuales porque yo tambi\u00e9n lo soy, pero hasta ah\u00ed llega. Laurence fue una historia de amor desde el principio.\u00bb<\/p>\n<p>\u00abMommy\u00bb (2014), su quinta pel\u00edcula, y probablemente la m\u00e1s aclamada, arraz\u00f3 en <strong>Cannes<\/strong> y gan\u00f3 el premio del jurado, consolid\u00e1ndolo como uno de los directores m\u00e1s talentosos de la nueva generaci\u00f3n de cineastas j\u00f3venes. La historia de una familia gravemente disfuncional conformada \u00fanicamente por Die, una viuda devastada por la muerte de su esposo y Steve, un chico problem\u00e1tico con severos problemas de ira, se gan\u00f3 los corazones de toda su audiencia y le dio al director la seguridad que necesitaba para continuar con sus siguientes proyectos.<\/p>\n<style>.embed-container { position: relative; padding-bottom: 56.25%; height: 0; overflow: hidden; max-width: 100%; } .embed-container iframe, .embed-container object, .embed-container embed { position: absolute; top: 0; left: 0; width: 100%; height: 100%; }<\/style>\n<div class='embed-container'><iframe src='https:\/\/www.youtube.com\/embed\/Q9LVLCYvqSI' frameborder='0' allowfullscreen><\/iframe><\/div>\n<p>&nbsp;<\/p>\n<p>Podr\u00e1 no ser su caso, pero la familia del actor parece seguir siendo un tema sensible para \u00e9l. \u00abSi no hubiese encontrado una manera de canalizar mi enojo y expresar mi resentimiento a trav\u00e9s del cine, ser\u00eda un hombre muy, muy enojado.\u00bb Su padre, al igual que \u00e9l, es un actor cuyo auge fue en los a\u00f1os 80 mientras que su madre trabaja en el gobierno.<\/p>\n<p>El actor convertido en director sigue financiando sus proyectos en parte con su propio dinero y con trabajos como actor de doblaje. Algunos de los personajes que ha interpretado han sido <strong>Ron Weasley<\/strong> de \u00abHarry Potter\u00bb, lo cual quiz\u00e1 explique la pl\u00e9tora de tatuajes que tiene en tributo a la serie infantil de libros, tapizando casi por completo sus brazos y piernas; y <strong>Jacob Black<\/strong> de la serie \u00abTwilight\u00bb (aunque sin tatuajes suyos).<\/p>\n<p>\u00abThe death and life of John F. Donovan\u00bb (2018), cinta que se encuentra en producci\u00f3n y se proyecta para un estreno en 2018, podr\u00eda ser la excepci\u00f3n a las casi nulas ganancias de proyectos pasados.\u00a0Donovan es la historia de un actor deshonrado que intenta desesperadamente recuperar su fama y carrera. Tras ser sorprendido correspondiendo con un ni\u00f1o de 11 a\u00f1os, Donovan es exiliado de su exitosa vida como actor de Hollywood. En las palabras de Dolan, la cinta es un \u00aban\u00e1lisis privado sobre la vida diaria de un joven actor que quiere ser exitoso y recordado como un gran actor.\u00bb<\/p>\n<p>Este marca el primer proyecto en ingl\u00e9s de Dolan, con protagonistas de gran renombre, entre ellos <strong>Kit Harington<\/strong>, <strong>Natalie Portman<\/strong>, <strong>Jessica Chastain<\/strong> y <strong>Susan Sarandon<\/strong>. M\u00e1s de uno de ellos ha expresado su emoci\u00f3n por trabajar con el director, Harington y Chastain, en particular. \u00abEs nuevo trabajar con alguien que es definitivamente parte de mi generaci\u00f3n, tiene mi edad, es emocionante. Una parte importante de su proceso es que es un actor tanto como es un director. Vive sus historias\u00bb, expres\u00f3 Harington sobre \u00e9l.<\/p>\n<p>Dolan nunca ha sido necesariamente modesto, pero tras la p\u00e9sima recepci\u00f3n de su nueva pel\u00edcula y con todo el peso de la producci\u00f3n de su m\u00e1s reciente cinta, el director ha estado inusualmente callado en los \u00faltimos meses. \u00abCuando veo el video de la alfombra roja, veo que me sent\u00eda muerto por dentro. En verdad ni siquiera estaba ah\u00ed.\u00bb<\/p>\n<p>El actor y director podr\u00e1 estar sucumbiendo a las presiones de la industria cinematogr\u00e1fica, pero a sus 27 a\u00f1os y con 7 pel\u00edculas bajo la manga, describirlo como el fin del mundo ser\u00eda tal vez un tanto exagerado.<\/p>\n<p style=\"text-align: right;\">Fotos tomadas del <a href=\"https:\/\/www.instagram.com\/xavierdolan\/?hl=es\" target=\"_blank\" rel=\"noopener noreferrer\">Instagram de <strong>Xavier Dolan<\/strong><\/a>.<\/p>\n<p>&nbsp;<\/p>\n<p>&nbsp;<\/p>\n","protected":false},"excerpt":{"rendered":"<p>Xavier Dolan nunca ha permitido que lo tomen por sentado. Ya sea por su corta edad (27 a\u00f1os), su estilo particular o su m\u00e1s reciente pel\u00edcula, \u00abNo es m\u00e1s que el fin del mundo\u00bb (2016), el director canadiense nunca se ha dejado criticar.<\/p>\n","protected":false},"author":2,"featured_media":60747,"comment_status":"open","ping_status":"open","sticky":false,"template":"","format":"standard","meta":{"footnotes":""},"categories":[16,17,2656],"tags":[],"class_list":["post-60745","post","type-post","status-publish","format-standard","has-post-thumbnail","hentry","category-columnistas","category-principal","category-sacmd"],"yoast_head":"<!-- This site is optimized with the Yoast SEO plugin v24.7 - https:\/\/yoast.com\/wordpress\/plugins\/seo\/ -->\n<title>Xavier Dolan, cineasta a prueba del fracaso &#171; Reconoce MX<\/title>\n<meta name=\"robots\" content=\"index, follow, max-snippet:-1, max-image-preview:large, max-video-preview:-1\" \/>\n<link rel=\"canonical\" href=\"http:\/\/www.reconoce.mx\/?p=60745\" \/>\n<meta property=\"og:locale\" content=\"es_ES\" \/>\n<meta property=\"og:type\" content=\"article\" \/>\n<meta property=\"og:title\" content=\"Xavier Dolan, cineasta a prueba del fracaso &#171; Reconoce MX\" \/>\n<meta property=\"og:description\" content=\"Xavier Dolan nunca ha permitido que lo tomen por sentado. Ya sea por su corta edad (27 a\u00f1os), su estilo particular o su m\u00e1s reciente pel\u00edcula, &quot;No es m\u00e1s que el fin del mundo&quot; (2016), el director canadiense nunca se ha dejado criticar.\" \/>\n<meta property=\"og:url\" content=\"http:\/\/www.reconoce.mx\/?p=60745\" \/>\n<meta property=\"og:site_name\" content=\"Reconoce MX\" \/>\n<meta property=\"article:publisher\" content=\"https:\/\/es-la.facebook.com\/ReconoceMX\/\" \/>\n<meta property=\"article:published_time\" content=\"2017-05-02T05:06:21+00:00\" \/>\n<meta property=\"article:modified_time\" content=\"2017-05-03T04:03:00+00:00\" \/>\n<meta property=\"og:image\" content=\"http:\/\/www.reconoce.mx\/wp-content\/uploads\/2017\/05\/xavier-dolan-cover.png\" \/>\n\t<meta property=\"og:image:width\" content=\"590\" \/>\n\t<meta property=\"og:image:height\" content=\"380\" \/>\n\t<meta property=\"og:image:type\" content=\"image\/png\" \/>\n<meta name=\"author\" content=\"Reconoce MX\" \/>\n<meta name=\"twitter:card\" content=\"summary_large_image\" \/>\n<meta name=\"twitter:creator\" content=\"@reconocemx\" \/>\n<meta name=\"twitter:site\" content=\"@reconocemx\" \/>\n<meta name=\"twitter:label1\" content=\"Escrito por\" \/>\n\t<meta name=\"twitter:data1\" content=\"Reconoce MX\" \/>\n\t<meta name=\"twitter:label2\" content=\"Tiempo de lectura\" \/>\n\t<meta name=\"twitter:data2\" content=\"5 minutos\" \/>\n<script type=\"application\/ld+json\" class=\"yoast-schema-graph\">{\"@context\":\"https:\/\/schema.org\",\"@graph\":[{\"@type\":\"Article\",\"@id\":\"http:\/\/www.reconoce.mx\/?p=60745#article\",\"isPartOf\":{\"@id\":\"http:\/\/www.reconoce.mx\/?p=60745\"},\"author\":{\"name\":\"Reconoce MX\",\"@id\":\"http:\/\/www.reconoce.mx\/#\/schema\/person\/2117e997d7051dc15d6880eaf9bca0b2\"},\"headline\":\"Xavier Dolan, cineasta a prueba del fracaso\",\"datePublished\":\"2017-05-02T05:06:21+00:00\",\"dateModified\":\"2017-05-03T04:03:00+00:00\",\"mainEntityOfPage\":{\"@id\":\"http:\/\/www.reconoce.mx\/?p=60745\"},\"wordCount\":1027,\"commentCount\":0,\"publisher\":{\"@id\":\"http:\/\/www.reconoce.mx\/#organization\"},\"image\":{\"@id\":\"http:\/\/www.reconoce.mx\/?p=60745#primaryimage\"},\"thumbnailUrl\":\"http:\/\/www.reconoce.mx\/wp-content\/uploads\/2017\/05\/xavier-dolan-cover.png\",\"articleSection\":[\"Columnistas\",\"Principal\",\"SACMD\"],\"inLanguage\":\"es\",\"potentialAction\":[{\"@type\":\"CommentAction\",\"name\":\"Comment\",\"target\":[\"http:\/\/www.reconoce.mx\/?p=60745#respond\"]}]},{\"@type\":\"WebPage\",\"@id\":\"http:\/\/www.reconoce.mx\/?p=60745\",\"url\":\"http:\/\/www.reconoce.mx\/?p=60745\",\"name\":\"Xavier Dolan, cineasta a prueba del fracaso &#171; Reconoce MX\",\"isPartOf\":{\"@id\":\"http:\/\/www.reconoce.mx\/#website\"},\"primaryImageOfPage\":{\"@id\":\"http:\/\/www.reconoce.mx\/?p=60745#primaryimage\"},\"image\":{\"@id\":\"http:\/\/www.reconoce.mx\/?p=60745#primaryimage\"},\"thumbnailUrl\":\"http:\/\/www.reconoce.mx\/wp-content\/uploads\/2017\/05\/xavier-dolan-cover.png\",\"datePublished\":\"2017-05-02T05:06:21+00:00\",\"dateModified\":\"2017-05-03T04:03:00+00:00\",\"breadcrumb\":{\"@id\":\"http:\/\/www.reconoce.mx\/?p=60745#breadcrumb\"},\"inLanguage\":\"es\",\"potentialAction\":[{\"@type\":\"ReadAction\",\"target\":[\"http:\/\/www.reconoce.mx\/?p=60745\"]}]},{\"@type\":\"ImageObject\",\"inLanguage\":\"es\",\"@id\":\"http:\/\/www.reconoce.mx\/?p=60745#primaryimage\",\"url\":\"http:\/\/www.reconoce.mx\/wp-content\/uploads\/2017\/05\/xavier-dolan-cover.png\",\"contentUrl\":\"http:\/\/www.reconoce.mx\/wp-content\/uploads\/2017\/05\/xavier-dolan-cover.png\",\"width\":590,\"height\":380},{\"@type\":\"BreadcrumbList\",\"@id\":\"http:\/\/www.reconoce.mx\/?p=60745#breadcrumb\",\"itemListElement\":[{\"@type\":\"ListItem\",\"position\":1,\"name\":\"Portada\",\"item\":\"http:\/\/www.reconoce.mx\/\"},{\"@type\":\"ListItem\",\"position\":2,\"name\":\"Xavier Dolan, cineasta a prueba del fracaso\"}]},{\"@type\":\"WebSite\",\"@id\":\"http:\/\/www.reconoce.mx\/#website\",\"url\":\"http:\/\/www.reconoce.mx\/\",\"name\":\"Reconoce MX\",\"description\":\"En Reconoce MX difundimos arte, cultura y conciencia social en M\u00e9xico. Tu ciudad en otra perspectiva.\",\"publisher\":{\"@id\":\"http:\/\/www.reconoce.mx\/#organization\"},\"potentialAction\":[{\"@type\":\"SearchAction\",\"target\":{\"@type\":\"EntryPoint\",\"urlTemplate\":\"http:\/\/www.reconoce.mx\/?s={search_term_string}\"},\"query-input\":{\"@type\":\"PropertyValueSpecification\",\"valueRequired\":true,\"valueName\":\"search_term_string\"}}],\"inLanguage\":\"es\"},{\"@type\":\"Organization\",\"@id\":\"http:\/\/www.reconoce.mx\/#organization\",\"name\":\"Reconoce MX\",\"url\":\"http:\/\/www.reconoce.mx\/\",\"logo\":{\"@type\":\"ImageObject\",\"inLanguage\":\"es\",\"@id\":\"http:\/\/www.reconoce.mx\/#\/schema\/logo\/image\/\",\"url\":\"https:\/\/www.reconoce.mx\/wp-content\/uploads\/2019\/03\/logorcmx-good-1.png\",\"contentUrl\":\"https:\/\/www.reconoce.mx\/wp-content\/uploads\/2019\/03\/logorcmx-good-1.png\",\"width\":280,\"height\":90,\"caption\":\"Reconoce MX\"},\"image\":{\"@id\":\"http:\/\/www.reconoce.mx\/#\/schema\/logo\/image\/\"},\"sameAs\":[\"https:\/\/es-la.facebook.com\/ReconoceMX\/\",\"https:\/\/x.com\/reconocemx\",\"http:\/\/@reconocemx\"]},{\"@type\":\"Person\",\"@id\":\"http:\/\/www.reconoce.mx\/#\/schema\/person\/2117e997d7051dc15d6880eaf9bca0b2\",\"name\":\"Reconoce MX\",\"image\":{\"@type\":\"ImageObject\",\"inLanguage\":\"es\",\"@id\":\"http:\/\/www.reconoce.mx\/#\/schema\/person\/image\/\",\"url\":\"https:\/\/secure.gravatar.com\/avatar\/6c8d4dc7569ca1c90c5fdcc349f839d5ddef6fe1e70b4337ead2ef1a4c43fc3a?s=96&d=identicon&r=g\",\"contentUrl\":\"https:\/\/secure.gravatar.com\/avatar\/6c8d4dc7569ca1c90c5fdcc349f839d5ddef6fe1e70b4337ead2ef1a4c43fc3a?s=96&d=identicon&r=g\",\"caption\":\"Reconoce MX\"},\"description\":\"Reconoce MX es un proyecto de difusi\u00f3n art\u00edstica, cultural y de conciencia social que est\u00e1 enfocado a difundir y fomentar el entretenimiento alternativo de calidad para todo el p\u00fablico que comparta el mismo entusiasmo.\",\"sameAs\":[\"http:\/\/www.reconoce.mx\"],\"url\":\"http:\/\/www.reconoce.mx\/?author=2\"}]}<\/script>\n<!-- \/ Yoast SEO plugin. -->","yoast_head_json":{"title":"Xavier Dolan, cineasta a prueba del fracaso &#171; Reconoce MX","robots":{"index":"index","follow":"follow","max-snippet":"max-snippet:-1","max-image-preview":"max-image-preview:large","max-video-preview":"max-video-preview:-1"},"canonical":"http:\/\/www.reconoce.mx\/?p=60745","og_locale":"es_ES","og_type":"article","og_title":"Xavier Dolan, cineasta a prueba del fracaso &#171; Reconoce MX","og_description":"Xavier Dolan nunca ha permitido que lo tomen por sentado. Ya sea por su corta edad (27 a\u00f1os), su estilo particular o su m\u00e1s reciente pel\u00edcula, \"No es m\u00e1s que el fin del mundo\" (2016), el director canadiense nunca se ha dejado criticar.","og_url":"http:\/\/www.reconoce.mx\/?p=60745","og_site_name":"Reconoce MX","article_publisher":"https:\/\/es-la.facebook.com\/ReconoceMX\/","article_published_time":"2017-05-02T05:06:21+00:00","article_modified_time":"2017-05-03T04:03:00+00:00","og_image":[{"width":590,"height":380,"url":"http:\/\/www.reconoce.mx\/wp-content\/uploads\/2017\/05\/xavier-dolan-cover.png","type":"image\/png"}],"author":"Reconoce MX","twitter_card":"summary_large_image","twitter_creator":"@reconocemx","twitter_site":"@reconocemx","twitter_misc":{"Escrito por":"Reconoce MX","Tiempo de lectura":"5 minutos"},"schema":{"@context":"https:\/\/schema.org","@graph":[{"@type":"Article","@id":"http:\/\/www.reconoce.mx\/?p=60745#article","isPartOf":{"@id":"http:\/\/www.reconoce.mx\/?p=60745"},"author":{"name":"Reconoce MX","@id":"http:\/\/www.reconoce.mx\/#\/schema\/person\/2117e997d7051dc15d6880eaf9bca0b2"},"headline":"Xavier Dolan, cineasta a prueba del fracaso","datePublished":"2017-05-02T05:06:21+00:00","dateModified":"2017-05-03T04:03:00+00:00","mainEntityOfPage":{"@id":"http:\/\/www.reconoce.mx\/?p=60745"},"wordCount":1027,"commentCount":0,"publisher":{"@id":"http:\/\/www.reconoce.mx\/#organization"},"image":{"@id":"http:\/\/www.reconoce.mx\/?p=60745#primaryimage"},"thumbnailUrl":"http:\/\/www.reconoce.mx\/wp-content\/uploads\/2017\/05\/xavier-dolan-cover.png","articleSection":["Columnistas","Principal","SACMD"],"inLanguage":"es","potentialAction":[{"@type":"CommentAction","name":"Comment","target":["http:\/\/www.reconoce.mx\/?p=60745#respond"]}]},{"@type":"WebPage","@id":"http:\/\/www.reconoce.mx\/?p=60745","url":"http:\/\/www.reconoce.mx\/?p=60745","name":"Xavier Dolan, cineasta a prueba del fracaso &#171; Reconoce MX","isPartOf":{"@id":"http:\/\/www.reconoce.mx\/#website"},"primaryImageOfPage":{"@id":"http:\/\/www.reconoce.mx\/?p=60745#primaryimage"},"image":{"@id":"http:\/\/www.reconoce.mx\/?p=60745#primaryimage"},"thumbnailUrl":"http:\/\/www.reconoce.mx\/wp-content\/uploads\/2017\/05\/xavier-dolan-cover.png","datePublished":"2017-05-02T05:06:21+00:00","dateModified":"2017-05-03T04:03:00+00:00","breadcrumb":{"@id":"http:\/\/www.reconoce.mx\/?p=60745#breadcrumb"},"inLanguage":"es","potentialAction":[{"@type":"ReadAction","target":["http:\/\/www.reconoce.mx\/?p=60745"]}]},{"@type":"ImageObject","inLanguage":"es","@id":"http:\/\/www.reconoce.mx\/?p=60745#primaryimage","url":"http:\/\/www.reconoce.mx\/wp-content\/uploads\/2017\/05\/xavier-dolan-cover.png","contentUrl":"http:\/\/www.reconoce.mx\/wp-content\/uploads\/2017\/05\/xavier-dolan-cover.png","width":590,"height":380},{"@type":"BreadcrumbList","@id":"http:\/\/www.reconoce.mx\/?p=60745#breadcrumb","itemListElement":[{"@type":"ListItem","position":1,"name":"Portada","item":"http:\/\/www.reconoce.mx\/"},{"@type":"ListItem","position":2,"name":"Xavier Dolan, cineasta a prueba del fracaso"}]},{"@type":"WebSite","@id":"http:\/\/www.reconoce.mx\/#website","url":"http:\/\/www.reconoce.mx\/","name":"Reconoce MX","description":"En Reconoce MX difundimos arte, cultura y conciencia social en M\u00e9xico. Tu ciudad en otra perspectiva.","publisher":{"@id":"http:\/\/www.reconoce.mx\/#organization"},"potentialAction":[{"@type":"SearchAction","target":{"@type":"EntryPoint","urlTemplate":"http:\/\/www.reconoce.mx\/?s={search_term_string}"},"query-input":{"@type":"PropertyValueSpecification","valueRequired":true,"valueName":"search_term_string"}}],"inLanguage":"es"},{"@type":"Organization","@id":"http:\/\/www.reconoce.mx\/#organization","name":"Reconoce MX","url":"http:\/\/www.reconoce.mx\/","logo":{"@type":"ImageObject","inLanguage":"es","@id":"http:\/\/www.reconoce.mx\/#\/schema\/logo\/image\/","url":"https:\/\/www.reconoce.mx\/wp-content\/uploads\/2019\/03\/logorcmx-good-1.png","contentUrl":"https:\/\/www.reconoce.mx\/wp-content\/uploads\/2019\/03\/logorcmx-good-1.png","width":280,"height":90,"caption":"Reconoce MX"},"image":{"@id":"http:\/\/www.reconoce.mx\/#\/schema\/logo\/image\/"},"sameAs":["https:\/\/es-la.facebook.com\/ReconoceMX\/","https:\/\/x.com\/reconocemx","http:\/\/@reconocemx"]},{"@type":"Person","@id":"http:\/\/www.reconoce.mx\/#\/schema\/person\/2117e997d7051dc15d6880eaf9bca0b2","name":"Reconoce MX","image":{"@type":"ImageObject","inLanguage":"es","@id":"http:\/\/www.reconoce.mx\/#\/schema\/person\/image\/","url":"https:\/\/secure.gravatar.com\/avatar\/6c8d4dc7569ca1c90c5fdcc349f839d5ddef6fe1e70b4337ead2ef1a4c43fc3a?s=96&d=identicon&r=g","contentUrl":"https:\/\/secure.gravatar.com\/avatar\/6c8d4dc7569ca1c90c5fdcc349f839d5ddef6fe1e70b4337ead2ef1a4c43fc3a?s=96&d=identicon&r=g","caption":"Reconoce MX"},"description":"Reconoce MX es un proyecto de difusi\u00f3n art\u00edstica, cultural y de conciencia social que est\u00e1 enfocado a difundir y fomentar el entretenimiento alternativo de calidad para todo el p\u00fablico que comparta el mismo entusiasmo.","sameAs":["http:\/\/www.reconoce.mx"],"url":"http:\/\/www.reconoce.mx\/?author=2"}]}},"_links":{"self":[{"href":"http:\/\/www.reconoce.mx\/index.php?rest_route=\/wp\/v2\/posts\/60745","targetHints":{"allow":["GET"]}}],"collection":[{"href":"http:\/\/www.reconoce.mx\/index.php?rest_route=\/wp\/v2\/posts"}],"about":[{"href":"http:\/\/www.reconoce.mx\/index.php?rest_route=\/wp\/v2\/types\/post"}],"author":[{"embeddable":true,"href":"http:\/\/www.reconoce.mx\/index.php?rest_route=\/wp\/v2\/users\/2"}],"replies":[{"embeddable":true,"href":"http:\/\/www.reconoce.mx\/index.php?rest_route=%2Fwp%2Fv2%2Fcomments&post=60745"}],"version-history":[{"count":5,"href":"http:\/\/www.reconoce.mx\/index.php?rest_route=\/wp\/v2\/posts\/60745\/revisions"}],"predecessor-version":[{"id":60752,"href":"http:\/\/www.reconoce.mx\/index.php?rest_route=\/wp\/v2\/posts\/60745\/revisions\/60752"}],"wp:featuredmedia":[{"embeddable":true,"href":"http:\/\/www.reconoce.mx\/index.php?rest_route=\/wp\/v2\/media\/60747"}],"wp:attachment":[{"href":"http:\/\/www.reconoce.mx\/index.php?rest_route=%2Fwp%2Fv2%2Fmedia&parent=60745"}],"wp:term":[{"taxonomy":"category","embeddable":true,"href":"http:\/\/www.reconoce.mx\/index.php?rest_route=%2Fwp%2Fv2%2Fcategories&post=60745"},{"taxonomy":"post_tag","embeddable":true,"href":"http:\/\/www.reconoce.mx\/index.php?rest_route=%2Fwp%2Fv2%2Ftags&post=60745"}],"curies":[{"name":"wp","href":"https:\/\/api.w.org\/{rel}","templated":true}]}}