{"id":60765,"date":"2017-05-04T00:04:52","date_gmt":"2017-05-04T05:04:52","guid":{"rendered":"http:\/\/www.reconoce.mx\/?p=60765"},"modified":"2017-05-04T02:24:17","modified_gmt":"2017-05-04T07:24:17","slug":"aguita-de-limon-con-chia-con-mariana-mallol-en-el-lunario","status":"publish","type":"post","link":"http:\/\/www.reconoce.mx\/?p=60765","title":{"rendered":"\u00abAg\u00fcita de lim\u00f3n con ch\u00eda\u00bb con Mariana Mallol en el Lunario"},"content":{"rendered":"<p><strong> Por <a title=\"@AsfaltosTweets\" href=\"http:\/\/twitter.com\/AsfaltosTweets\" target=\"_blank\" rel=\"noopener noreferrer\">Asfaltos<\/a><\/strong>.<\/p>\n<p>Reci\u00e9n pas\u00f3 el D\u00eda del Ni\u00f1o, pero para los m\u00e1s chicos siempre hay actividades, y as\u00ed lo deja claro la pr\u00f3xima presentaci\u00f3n de la cantantautora argentina de m\u00fasica infantil, <strong>Mariana Mallol<\/strong>.<\/p>\n<style>.embed-container { position: relative; padding-bottom: 56.25%; height: 0; overflow: hidden; max-width: 100%; } .embed-container iframe, .embed-container object, .embed-container embed { position: absolute; top: 0; left: 0; width: 100%; height: 100%; }<\/style>\n<div class=\"embed-container\"><iframe loading=\"lazy\" src=\"https:\/\/www.youtube.com\/embed\/JprQzxh9hf0\" width=\"300\" height=\"150\" frameborder=\"0\" allowfullscreen=\"allowfullscreen\"><\/iframe><\/div>\n<p>&nbsp;<\/p>\n<p>Bajo el nombre de \u00abAg\u00fcita de lim\u00f3n con ch\u00eda\u00bb, Mariana presentar\u00e1 los pr\u00f3ximos domingos 7 y 14 de mayo un show, un \u00e1lbum y una canci\u00f3n del mismo nombre para los ni\u00f1os de 0 a 6 a\u00f1os. S\u00ed, el proyecto est\u00e1 pensado para los m\u00e1s peque\u00f1os, pero la verdad es que el talento de Mariana encantar\u00e1 tambi\u00e9n a los m\u00e1s grandes.<\/p>\n<p>Con m\u00fasica divertida, que pasa de g\u00e9neros tan diversos como la bossa nova, la samba, el son, la balada, el fox trot, la m\u00fasica afroperuana y el charleston, tan solo por mencionar algunos, <strong>Mariana Mallol<\/strong> ofrece un espect\u00e1culo donde cuentos, juegos e imaginaci\u00f3n se fusionan de gran manera.<\/p>\n<p>\u00bfAmantes de los animales? El b\u00faho L\u00fao -evidentemente un personaje- ser\u00e1 el compa\u00f1ero musical de Mariana, quien le acompa\u00f1ar\u00e1 en una propuesta gr\u00e1fica l\u00fadica y creativa entre otros elementos esc\u00e9nicos cuidadosamente colocados para hacer una ma\u00f1ana dif\u00edcil de olvidar.<\/p>\n<p>\u00bfD\u00f3nde, cu\u00e1ndo y de a c\u00f3mo? \u00abAg\u00fcita de lim\u00f3n con ch\u00eda\u00bb podr\u00e1n verlo en el <strong>Lunario del Auditorio Nacional<\/strong> los domingos 7 y 14 de mayo, con dos funciones por d\u00eda: 11:00 y 13:00hrs. Entradas disponibles en taquillas del evento y <a href=\"http:\/\/bit.ly\/MarianaMallolLunario2017\" target=\"_blank\" rel=\"noopener noreferrer\">Ticketmaster<\/a>. Para seguir a <strong>Mariana Mallol<\/strong>, s\u00edganla a trav\u00e9s de <a href=\"https:\/\/www.facebook.com\/marianamallolmusica\" target=\"_blank\" rel=\"noopener noreferrer\">Facebook<\/a> y <a href=\"https:\/\/twitter.com\/marianamusica\" target=\"_blank\" rel=\"noopener noreferrer\">Twitter<\/a>.<\/p>\n<p style=\"text-align: right;\">Con informaci\u00f3n e im\u00e1genes cortes\u00eda de <strong>Terr\u00edcolas Imb\u00e9ciles<\/strong>.<\/p>\n<p>&nbsp;<\/p>\n<p>&nbsp;<\/p>\n","protected":false},"excerpt":{"rendered":"<p>Reci\u00e9n pas\u00f3 el D\u00eda del Ni\u00f1o, pero para los m\u00e1s chicos siempre hay actividades, y as\u00ed lo deja claro la pr\u00f3xima presentaci\u00f3n de la cantantautora argentina de m\u00fasica infantil, Mariana Mallol.<\/p>\n","protected":false},"author":2,"featured_media":60767,"comment_status":"open","ping_status":"open","sticky":false,"template":"","format":"standard","meta":{"footnotes":""},"categories":[1,18,1453,17],"tags":[],"class_list":["post-60765","post","type-post","status-publish","format-standard","has-post-thumbnail","hentry","category-cultura","category-musica","category-ninos-cultura","category-principal"],"yoast_head":"<!-- This site is optimized with the Yoast SEO plugin v24.7 - https:\/\/yoast.com\/wordpress\/plugins\/seo\/ -->\n<title>&quot;Ag\u00fcita de lim\u00f3n con ch\u00eda&quot; con Mariana Mallol en el Lunario &#171; Reconoce MX<\/title>\n<meta name=\"robots\" content=\"index, follow, max-snippet:-1, max-image-preview:large, max-video-preview:-1\" \/>\n<link rel=\"canonical\" href=\"https:\/\/www.reconoce.mx\/?p=60765\" \/>\n<meta property=\"og:locale\" content=\"es_ES\" \/>\n<meta property=\"og:type\" content=\"article\" \/>\n<meta property=\"og:title\" content=\"&quot;Ag\u00fcita de lim\u00f3n con ch\u00eda&quot; con Mariana Mallol en el Lunario &#171; Reconoce MX\" \/>\n<meta property=\"og:description\" content=\"Reci\u00e9n pas\u00f3 el D\u00eda del Ni\u00f1o, pero para los m\u00e1s chicos siempre hay actividades, y as\u00ed lo deja claro la pr\u00f3xima presentaci\u00f3n de la cantantautora argentina de m\u00fasica infantil, Mariana Mallol.\" \/>\n<meta property=\"og:url\" content=\"https:\/\/www.reconoce.mx\/?p=60765\" \/>\n<meta property=\"og:site_name\" content=\"Reconoce MX\" \/>\n<meta property=\"article:publisher\" content=\"https:\/\/es-la.facebook.com\/ReconoceMX\/\" \/>\n<meta property=\"article:published_time\" content=\"2017-05-04T05:04:52+00:00\" \/>\n<meta property=\"article:modified_time\" content=\"2017-05-04T07:24:17+00:00\" \/>\n<meta property=\"og:image\" content=\"https:\/\/www.reconoce.mx\/wp-content\/uploads\/2017\/05\/mariana-mallol-cover.png\" \/>\n\t<meta property=\"og:image:width\" content=\"590\" \/>\n\t<meta property=\"og:image:height\" content=\"380\" \/>\n\t<meta property=\"og:image:type\" content=\"image\/png\" \/>\n<meta name=\"author\" content=\"Reconoce MX\" \/>\n<meta name=\"twitter:card\" content=\"summary_large_image\" \/>\n<meta name=\"twitter:creator\" content=\"@reconocemx\" \/>\n<meta name=\"twitter:site\" content=\"@reconocemx\" \/>\n<meta name=\"twitter:label1\" content=\"Escrito por\" \/>\n\t<meta name=\"twitter:data1\" content=\"Reconoce MX\" \/>\n\t<meta name=\"twitter:label2\" content=\"Tiempo de lectura\" \/>\n\t<meta name=\"twitter:data2\" content=\"1 minuto\" \/>\n<script type=\"application\/ld+json\" class=\"yoast-schema-graph\">{\"@context\":\"https:\/\/schema.org\",\"@graph\":[{\"@type\":\"Article\",\"@id\":\"https:\/\/www.reconoce.mx\/?p=60765#article\",\"isPartOf\":{\"@id\":\"https:\/\/www.reconoce.mx\/?p=60765\"},\"author\":{\"name\":\"Reconoce MX\",\"@id\":\"http:\/\/www.reconoce.mx\/#\/schema\/person\/2117e997d7051dc15d6880eaf9bca0b2\"},\"headline\":\"\u00abAg\u00fcita de lim\u00f3n con ch\u00eda\u00bb con Mariana Mallol en el Lunario\",\"datePublished\":\"2017-05-04T05:04:52+00:00\",\"dateModified\":\"2017-05-04T07:24:17+00:00\",\"mainEntityOfPage\":{\"@id\":\"https:\/\/www.reconoce.mx\/?p=60765\"},\"wordCount\":300,\"commentCount\":0,\"publisher\":{\"@id\":\"http:\/\/www.reconoce.mx\/#organization\"},\"image\":{\"@id\":\"https:\/\/www.reconoce.mx\/?p=60765#primaryimage\"},\"thumbnailUrl\":\"http:\/\/www.reconoce.mx\/wp-content\/uploads\/2017\/05\/mariana-mallol-cover.png\",\"articleSection\":[\"Cultura\",\"M\u00fasica\",\"Ni\u00f1os\",\"Principal\"],\"inLanguage\":\"es\",\"potentialAction\":[{\"@type\":\"CommentAction\",\"name\":\"Comment\",\"target\":[\"https:\/\/www.reconoce.mx\/?p=60765#respond\"]}]},{\"@type\":\"WebPage\",\"@id\":\"https:\/\/www.reconoce.mx\/?p=60765\",\"url\":\"https:\/\/www.reconoce.mx\/?p=60765\",\"name\":\"\\\"Ag\u00fcita de lim\u00f3n con ch\u00eda\\\" con Mariana Mallol en el Lunario &#171; Reconoce MX\",\"isPartOf\":{\"@id\":\"http:\/\/www.reconoce.mx\/#website\"},\"primaryImageOfPage\":{\"@id\":\"https:\/\/www.reconoce.mx\/?p=60765#primaryimage\"},\"image\":{\"@id\":\"https:\/\/www.reconoce.mx\/?p=60765#primaryimage\"},\"thumbnailUrl\":\"http:\/\/www.reconoce.mx\/wp-content\/uploads\/2017\/05\/mariana-mallol-cover.png\",\"datePublished\":\"2017-05-04T05:04:52+00:00\",\"dateModified\":\"2017-05-04T07:24:17+00:00\",\"breadcrumb\":{\"@id\":\"https:\/\/www.reconoce.mx\/?p=60765#breadcrumb\"},\"inLanguage\":\"es\",\"potentialAction\":[{\"@type\":\"ReadAction\",\"target\":[\"https:\/\/www.reconoce.mx\/?p=60765\"]}]},{\"@type\":\"ImageObject\",\"inLanguage\":\"es\",\"@id\":\"https:\/\/www.reconoce.mx\/?p=60765#primaryimage\",\"url\":\"http:\/\/www.reconoce.mx\/wp-content\/uploads\/2017\/05\/mariana-mallol-cover.png\",\"contentUrl\":\"http:\/\/www.reconoce.mx\/wp-content\/uploads\/2017\/05\/mariana-mallol-cover.png\",\"width\":590,\"height\":380},{\"@type\":\"BreadcrumbList\",\"@id\":\"https:\/\/www.reconoce.mx\/?p=60765#breadcrumb\",\"itemListElement\":[{\"@type\":\"ListItem\",\"position\":1,\"name\":\"Portada\",\"item\":\"http:\/\/www.reconoce.mx\/\"},{\"@type\":\"ListItem\",\"position\":2,\"name\":\"\u00abAg\u00fcita de lim\u00f3n con ch\u00eda\u00bb con Mariana Mallol en el Lunario\"}]},{\"@type\":\"WebSite\",\"@id\":\"http:\/\/www.reconoce.mx\/#website\",\"url\":\"http:\/\/www.reconoce.mx\/\",\"name\":\"Reconoce MX\",\"description\":\"En Reconoce MX difundimos arte, cultura y conciencia social en M\u00e9xico. Tu ciudad en otra perspectiva.\",\"publisher\":{\"@id\":\"http:\/\/www.reconoce.mx\/#organization\"},\"potentialAction\":[{\"@type\":\"SearchAction\",\"target\":{\"@type\":\"EntryPoint\",\"urlTemplate\":\"http:\/\/www.reconoce.mx\/?s={search_term_string}\"},\"query-input\":{\"@type\":\"PropertyValueSpecification\",\"valueRequired\":true,\"valueName\":\"search_term_string\"}}],\"inLanguage\":\"es\"},{\"@type\":\"Organization\",\"@id\":\"http:\/\/www.reconoce.mx\/#organization\",\"name\":\"Reconoce MX\",\"url\":\"http:\/\/www.reconoce.mx\/\",\"logo\":{\"@type\":\"ImageObject\",\"inLanguage\":\"es\",\"@id\":\"http:\/\/www.reconoce.mx\/#\/schema\/logo\/image\/\",\"url\":\"https:\/\/www.reconoce.mx\/wp-content\/uploads\/2019\/03\/logorcmx-good-1.png\",\"contentUrl\":\"https:\/\/www.reconoce.mx\/wp-content\/uploads\/2019\/03\/logorcmx-good-1.png\",\"width\":280,\"height\":90,\"caption\":\"Reconoce MX\"},\"image\":{\"@id\":\"http:\/\/www.reconoce.mx\/#\/schema\/logo\/image\/\"},\"sameAs\":[\"https:\/\/es-la.facebook.com\/ReconoceMX\/\",\"https:\/\/x.com\/reconocemx\",\"http:\/\/@reconocemx\"]},{\"@type\":\"Person\",\"@id\":\"http:\/\/www.reconoce.mx\/#\/schema\/person\/2117e997d7051dc15d6880eaf9bca0b2\",\"name\":\"Reconoce MX\",\"image\":{\"@type\":\"ImageObject\",\"inLanguage\":\"es\",\"@id\":\"http:\/\/www.reconoce.mx\/#\/schema\/person\/image\/\",\"url\":\"https:\/\/secure.gravatar.com\/avatar\/6c8d4dc7569ca1c90c5fdcc349f839d5ddef6fe1e70b4337ead2ef1a4c43fc3a?s=96&d=identicon&r=g\",\"contentUrl\":\"https:\/\/secure.gravatar.com\/avatar\/6c8d4dc7569ca1c90c5fdcc349f839d5ddef6fe1e70b4337ead2ef1a4c43fc3a?s=96&d=identicon&r=g\",\"caption\":\"Reconoce MX\"},\"description\":\"Reconoce MX es un proyecto de difusi\u00f3n art\u00edstica, cultural y de conciencia social que est\u00e1 enfocado a difundir y fomentar el entretenimiento alternativo de calidad para todo el p\u00fablico que comparta el mismo entusiasmo.\",\"sameAs\":[\"http:\/\/www.reconoce.mx\"],\"url\":\"http:\/\/www.reconoce.mx\/?author=2\"}]}<\/script>\n<!-- \/ Yoast SEO plugin. -->","yoast_head_json":{"title":"\"Ag\u00fcita de lim\u00f3n con ch\u00eda\" con Mariana Mallol en el Lunario &#171; Reconoce MX","robots":{"index":"index","follow":"follow","max-snippet":"max-snippet:-1","max-image-preview":"max-image-preview:large","max-video-preview":"max-video-preview:-1"},"canonical":"https:\/\/www.reconoce.mx\/?p=60765","og_locale":"es_ES","og_type":"article","og_title":"\"Ag\u00fcita de lim\u00f3n con ch\u00eda\" con Mariana Mallol en el Lunario &#171; Reconoce MX","og_description":"Reci\u00e9n pas\u00f3 el D\u00eda del Ni\u00f1o, pero para los m\u00e1s chicos siempre hay actividades, y as\u00ed lo deja claro la pr\u00f3xima presentaci\u00f3n de la cantantautora argentina de m\u00fasica infantil, Mariana Mallol.","og_url":"https:\/\/www.reconoce.mx\/?p=60765","og_site_name":"Reconoce MX","article_publisher":"https:\/\/es-la.facebook.com\/ReconoceMX\/","article_published_time":"2017-05-04T05:04:52+00:00","article_modified_time":"2017-05-04T07:24:17+00:00","og_image":[{"width":590,"height":380,"url":"https:\/\/www.reconoce.mx\/wp-content\/uploads\/2017\/05\/mariana-mallol-cover.png","type":"image\/png"}],"author":"Reconoce MX","twitter_card":"summary_large_image","twitter_creator":"@reconocemx","twitter_site":"@reconocemx","twitter_misc":{"Escrito por":"Reconoce MX","Tiempo de lectura":"1 minuto"},"schema":{"@context":"https:\/\/schema.org","@graph":[{"@type":"Article","@id":"https:\/\/www.reconoce.mx\/?p=60765#article","isPartOf":{"@id":"https:\/\/www.reconoce.mx\/?p=60765"},"author":{"name":"Reconoce MX","@id":"http:\/\/www.reconoce.mx\/#\/schema\/person\/2117e997d7051dc15d6880eaf9bca0b2"},"headline":"\u00abAg\u00fcita de lim\u00f3n con ch\u00eda\u00bb con Mariana Mallol en el Lunario","datePublished":"2017-05-04T05:04:52+00:00","dateModified":"2017-05-04T07:24:17+00:00","mainEntityOfPage":{"@id":"https:\/\/www.reconoce.mx\/?p=60765"},"wordCount":300,"commentCount":0,"publisher":{"@id":"http:\/\/www.reconoce.mx\/#organization"},"image":{"@id":"https:\/\/www.reconoce.mx\/?p=60765#primaryimage"},"thumbnailUrl":"http:\/\/www.reconoce.mx\/wp-content\/uploads\/2017\/05\/mariana-mallol-cover.png","articleSection":["Cultura","M\u00fasica","Ni\u00f1os","Principal"],"inLanguage":"es","potentialAction":[{"@type":"CommentAction","name":"Comment","target":["https:\/\/www.reconoce.mx\/?p=60765#respond"]}]},{"@type":"WebPage","@id":"https:\/\/www.reconoce.mx\/?p=60765","url":"https:\/\/www.reconoce.mx\/?p=60765","name":"\"Ag\u00fcita de lim\u00f3n con ch\u00eda\" con Mariana Mallol en el Lunario &#171; Reconoce MX","isPartOf":{"@id":"http:\/\/www.reconoce.mx\/#website"},"primaryImageOfPage":{"@id":"https:\/\/www.reconoce.mx\/?p=60765#primaryimage"},"image":{"@id":"https:\/\/www.reconoce.mx\/?p=60765#primaryimage"},"thumbnailUrl":"http:\/\/www.reconoce.mx\/wp-content\/uploads\/2017\/05\/mariana-mallol-cover.png","datePublished":"2017-05-04T05:04:52+00:00","dateModified":"2017-05-04T07:24:17+00:00","breadcrumb":{"@id":"https:\/\/www.reconoce.mx\/?p=60765#breadcrumb"},"inLanguage":"es","potentialAction":[{"@type":"ReadAction","target":["https:\/\/www.reconoce.mx\/?p=60765"]}]},{"@type":"ImageObject","inLanguage":"es","@id":"https:\/\/www.reconoce.mx\/?p=60765#primaryimage","url":"http:\/\/www.reconoce.mx\/wp-content\/uploads\/2017\/05\/mariana-mallol-cover.png","contentUrl":"http:\/\/www.reconoce.mx\/wp-content\/uploads\/2017\/05\/mariana-mallol-cover.png","width":590,"height":380},{"@type":"BreadcrumbList","@id":"https:\/\/www.reconoce.mx\/?p=60765#breadcrumb","itemListElement":[{"@type":"ListItem","position":1,"name":"Portada","item":"http:\/\/www.reconoce.mx\/"},{"@type":"ListItem","position":2,"name":"\u00abAg\u00fcita de lim\u00f3n con ch\u00eda\u00bb con Mariana Mallol en el Lunario"}]},{"@type":"WebSite","@id":"http:\/\/www.reconoce.mx\/#website","url":"http:\/\/www.reconoce.mx\/","name":"Reconoce MX","description":"En Reconoce MX difundimos arte, cultura y conciencia social en M\u00e9xico. Tu ciudad en otra perspectiva.","publisher":{"@id":"http:\/\/www.reconoce.mx\/#organization"},"potentialAction":[{"@type":"SearchAction","target":{"@type":"EntryPoint","urlTemplate":"http:\/\/www.reconoce.mx\/?s={search_term_string}"},"query-input":{"@type":"PropertyValueSpecification","valueRequired":true,"valueName":"search_term_string"}}],"inLanguage":"es"},{"@type":"Organization","@id":"http:\/\/www.reconoce.mx\/#organization","name":"Reconoce MX","url":"http:\/\/www.reconoce.mx\/","logo":{"@type":"ImageObject","inLanguage":"es","@id":"http:\/\/www.reconoce.mx\/#\/schema\/logo\/image\/","url":"https:\/\/www.reconoce.mx\/wp-content\/uploads\/2019\/03\/logorcmx-good-1.png","contentUrl":"https:\/\/www.reconoce.mx\/wp-content\/uploads\/2019\/03\/logorcmx-good-1.png","width":280,"height":90,"caption":"Reconoce MX"},"image":{"@id":"http:\/\/www.reconoce.mx\/#\/schema\/logo\/image\/"},"sameAs":["https:\/\/es-la.facebook.com\/ReconoceMX\/","https:\/\/x.com\/reconocemx","http:\/\/@reconocemx"]},{"@type":"Person","@id":"http:\/\/www.reconoce.mx\/#\/schema\/person\/2117e997d7051dc15d6880eaf9bca0b2","name":"Reconoce MX","image":{"@type":"ImageObject","inLanguage":"es","@id":"http:\/\/www.reconoce.mx\/#\/schema\/person\/image\/","url":"https:\/\/secure.gravatar.com\/avatar\/6c8d4dc7569ca1c90c5fdcc349f839d5ddef6fe1e70b4337ead2ef1a4c43fc3a?s=96&d=identicon&r=g","contentUrl":"https:\/\/secure.gravatar.com\/avatar\/6c8d4dc7569ca1c90c5fdcc349f839d5ddef6fe1e70b4337ead2ef1a4c43fc3a?s=96&d=identicon&r=g","caption":"Reconoce MX"},"description":"Reconoce MX es un proyecto de difusi\u00f3n art\u00edstica, cultural y de conciencia social que est\u00e1 enfocado a difundir y fomentar el entretenimiento alternativo de calidad para todo el p\u00fablico que comparta el mismo entusiasmo.","sameAs":["http:\/\/www.reconoce.mx"],"url":"http:\/\/www.reconoce.mx\/?author=2"}]}},"_links":{"self":[{"href":"http:\/\/www.reconoce.mx\/index.php?rest_route=\/wp\/v2\/posts\/60765","targetHints":{"allow":["GET"]}}],"collection":[{"href":"http:\/\/www.reconoce.mx\/index.php?rest_route=\/wp\/v2\/posts"}],"about":[{"href":"http:\/\/www.reconoce.mx\/index.php?rest_route=\/wp\/v2\/types\/post"}],"author":[{"embeddable":true,"href":"http:\/\/www.reconoce.mx\/index.php?rest_route=\/wp\/v2\/users\/2"}],"replies":[{"embeddable":true,"href":"http:\/\/www.reconoce.mx\/index.php?rest_route=%2Fwp%2Fv2%2Fcomments&post=60765"}],"version-history":[{"count":3,"href":"http:\/\/www.reconoce.mx\/index.php?rest_route=\/wp\/v2\/posts\/60765\/revisions"}],"predecessor-version":[{"id":60769,"href":"http:\/\/www.reconoce.mx\/index.php?rest_route=\/wp\/v2\/posts\/60765\/revisions\/60769"}],"wp:featuredmedia":[{"embeddable":true,"href":"http:\/\/www.reconoce.mx\/index.php?rest_route=\/wp\/v2\/media\/60767"}],"wp:attachment":[{"href":"http:\/\/www.reconoce.mx\/index.php?rest_route=%2Fwp%2Fv2%2Fmedia&parent=60765"}],"wp:term":[{"taxonomy":"category","embeddable":true,"href":"http:\/\/www.reconoce.mx\/index.php?rest_route=%2Fwp%2Fv2%2Fcategories&post=60765"},{"taxonomy":"post_tag","embeddable":true,"href":"http:\/\/www.reconoce.mx\/index.php?rest_route=%2Fwp%2Fv2%2Ftags&post=60765"}],"curies":[{"name":"wp","href":"https:\/\/api.w.org\/{rel}","templated":true}]}}