{"id":60818,"date":"2017-05-09T00:04:10","date_gmt":"2017-05-09T05:04:10","guid":{"rendered":"http:\/\/www.reconoce.mx\/?p=60818"},"modified":"2017-05-08T23:10:31","modified_gmt":"2017-05-09T04:10:31","slug":"festivalmarvincdmx-conoce-los-horarios-de-la-7-a-edicion","status":"publish","type":"post","link":"http:\/\/www.reconoce.mx\/?p=60818","title":{"rendered":"#FestivalMarvinCDMX: \u00a1Conoce los horarios de la 7.\u00aa edici\u00f3n!"},"content":{"rendered":"<p><strong>Por <a title=\"@AsfaltosTweets\" href=\"http:\/\/twitter.com\/AsfaltosTweets\" target=\"_blank\" rel=\"noopener noreferrer\">Asfaltos<\/a><\/strong>.<\/p>\n<p>Ahora s\u00ed estamos a semana y d\u00edas de la celebraci\u00f3n de una de nuestras citas favoritas, el\u00a0<a href=\"https:\/\/twitter.com\/search?q=%23FestivalMarvinCDMX&amp;src=tyah\" target=\"_blank\" rel=\"noopener noreferrer\">#FestivalMarvinCDMX<\/a> que llega en esta ocasi\u00f3n a su s\u00e9ptima edici\u00f3n, de nueva cuenta en el Circuito Condesa-Roma de Ciudad de M\u00e9xico.<\/p>\n<p>Los d\u00edas jueves 18 y viernes 19 de marzo se realizar\u00e1n conferencias y talleres en torno a la industria creativa, as\u00ed como las actividades de arte. Para el d\u00eda s\u00e1bado 20 de mayo, jornada principal del festival, se celebrar\u00e1n m\u00e1s de 60 conciertos, shows de <em>stand-up comedy<\/em> y cine al aire libre.<\/p>\n<p><iframe id='audio_18520090' frameborder='0' allowfullscreen='' scrolling='no' height='200' src='http:\/\/mx.ivoox.com\/es\/player_ej_18520090_4_1.html?c1=A81F25' style='border:1px solid #EEE; box-sizing:border-box; width:100%;'><\/iframe><\/p>\n<p>Los boletos para <a href=\"https:\/\/twitter.com\/search?q=%23FestivalMarvinCDMX&amp;src=tyah\" target=\"_blank\" rel=\"noopener noreferrer\">#FestivalMarvinCDMX<\/a> est\u00e1n a la venta a trav\u00e9s de <a href=\"http:\/\/festival.marvin.com.mx\/#\/boletos\" target=\"_blank\" rel=\"noopener noreferrer\">E-Ticket<\/a>. Visita el <a href=\"http:\/\/www.festival.marvin.com.mx\" target=\"_blank\" rel=\"noopener noreferrer\">sitio oficial<\/a> para m\u00e1s informaci\u00f3n.<\/p>\n<p>A continuaci\u00f3n los horarios de las actividades de m\u00fasica y <em>stand-up comedy<\/em> del 20 de mayo a continuaci\u00f3n:<\/p>\n<h1><strong>M\u00daSICA \/\/ Escenario Levi\u2019s \u2013 Covadonga Cantina<\/strong><\/h1>\n<p><a href=\"http:\/\/www.reconoce.mx\/wp-content\/uploads\/2017\/05\/2.jpg\"><img loading=\"lazy\" decoding=\"async\" class=\"aligncenter size-full wp-image-60829\" src=\"http:\/\/www.reconoce.mx\/wp-content\/uploads\/2017\/05\/2.jpg\" alt=\"\" width=\"800\" height=\"800\" srcset=\"http:\/\/www.reconoce.mx\/wp-content\/uploads\/2017\/05\/2.jpg 800w, http:\/\/www.reconoce.mx\/wp-content\/uploads\/2017\/05\/2-150x150.jpg 150w, http:\/\/www.reconoce.mx\/wp-content\/uploads\/2017\/05\/2-300x300.jpg 300w, http:\/\/www.reconoce.mx\/wp-content\/uploads\/2017\/05\/2-768x768.jpg 768w, http:\/\/www.reconoce.mx\/wp-content\/uploads\/2017\/05\/2-65x65.jpg 65w, http:\/\/www.reconoce.mx\/wp-content\/uploads\/2017\/05\/2-700x700.jpg 700w, http:\/\/www.reconoce.mx\/wp-content\/uploads\/2017\/05\/2-658x658.jpg 658w\" sizes=\"auto, (max-width: 800px) 100vw, 800px\" \/><\/a><\/p>\n<h1><strong>M\u00daSICA \/\/ Covadonga Sal\u00f3n<\/strong><\/h1>\n<p><a href=\"http:\/\/www.reconoce.mx\/wp-content\/uploads\/2017\/05\/3.jpg\"><img loading=\"lazy\" decoding=\"async\" class=\"aligncenter size-full wp-image-60830\" src=\"http:\/\/www.reconoce.mx\/wp-content\/uploads\/2017\/05\/3.jpg\" alt=\"\" width=\"800\" height=\"800\" srcset=\"http:\/\/www.reconoce.mx\/wp-content\/uploads\/2017\/05\/3.jpg 800w, http:\/\/www.reconoce.mx\/wp-content\/uploads\/2017\/05\/3-150x150.jpg 150w, http:\/\/www.reconoce.mx\/wp-content\/uploads\/2017\/05\/3-300x300.jpg 300w, http:\/\/www.reconoce.mx\/wp-content\/uploads\/2017\/05\/3-768x768.jpg 768w, http:\/\/www.reconoce.mx\/wp-content\/uploads\/2017\/05\/3-65x65.jpg 65w, http:\/\/www.reconoce.mx\/wp-content\/uploads\/2017\/05\/3-700x700.jpg 700w, http:\/\/www.reconoce.mx\/wp-content\/uploads\/2017\/05\/3-658x658.jpg 658w\" sizes=\"auto, (max-width: 800px) 100vw, 800px\" \/><\/a><\/p>\n<h1><strong>M\u00daSICA \/\/ Pata Negra<\/strong><\/h1>\n<p><a href=\"http:\/\/www.reconoce.mx\/wp-content\/uploads\/2017\/05\/5.jpg\"><img loading=\"lazy\" decoding=\"async\" class=\"aligncenter size-full wp-image-60831\" src=\"http:\/\/www.reconoce.mx\/wp-content\/uploads\/2017\/05\/5.jpg\" alt=\"\" width=\"800\" height=\"800\" srcset=\"http:\/\/www.reconoce.mx\/wp-content\/uploads\/2017\/05\/5.jpg 800w, http:\/\/www.reconoce.mx\/wp-content\/uploads\/2017\/05\/5-150x150.jpg 150w, http:\/\/www.reconoce.mx\/wp-content\/uploads\/2017\/05\/5-300x300.jpg 300w, http:\/\/www.reconoce.mx\/wp-content\/uploads\/2017\/05\/5-768x768.jpg 768w, http:\/\/www.reconoce.mx\/wp-content\/uploads\/2017\/05\/5-65x65.jpg 65w, http:\/\/www.reconoce.mx\/wp-content\/uploads\/2017\/05\/5-700x700.jpg 700w, http:\/\/www.reconoce.mx\/wp-content\/uploads\/2017\/05\/5-658x658.jpg 658w\" sizes=\"auto, (max-width: 800px) 100vw, 800px\" \/><\/a><\/p>\n<h1><strong>M\u00daSICA \/\/ Foro Bizarro Rock<\/strong><\/h1>\n<p><a href=\"http:\/\/www.reconoce.mx\/wp-content\/uploads\/2017\/05\/6.jpg\"><img loading=\"lazy\" decoding=\"async\" class=\"aligncenter size-full wp-image-60832\" src=\"http:\/\/www.reconoce.mx\/wp-content\/uploads\/2017\/05\/6.jpg\" alt=\"\" width=\"800\" height=\"800\" srcset=\"http:\/\/www.reconoce.mx\/wp-content\/uploads\/2017\/05\/6.jpg 800w, http:\/\/www.reconoce.mx\/wp-content\/uploads\/2017\/05\/6-150x150.jpg 150w, http:\/\/www.reconoce.mx\/wp-content\/uploads\/2017\/05\/6-300x300.jpg 300w, http:\/\/www.reconoce.mx\/wp-content\/uploads\/2017\/05\/6-768x768.jpg 768w, http:\/\/www.reconoce.mx\/wp-content\/uploads\/2017\/05\/6-65x65.jpg 65w, http:\/\/www.reconoce.mx\/wp-content\/uploads\/2017\/05\/6-700x700.jpg 700w, http:\/\/www.reconoce.mx\/wp-content\/uploads\/2017\/05\/6-658x658.jpg 658w\" sizes=\"auto, (max-width: 800px) 100vw, 800px\" \/><\/a><\/p>\n<h1><strong>M\u00daSICA \/\/ Escenario Heinz \u2013 Parque Espa\u00f1a<\/strong><\/h1>\n<p><a href=\"http:\/\/www.reconoce.mx\/wp-content\/uploads\/2017\/05\/7.jpg\"><img loading=\"lazy\" decoding=\"async\" class=\"aligncenter size-full wp-image-60833\" src=\"http:\/\/www.reconoce.mx\/wp-content\/uploads\/2017\/05\/7.jpg\" alt=\"\" width=\"800\" height=\"800\" srcset=\"http:\/\/www.reconoce.mx\/wp-content\/uploads\/2017\/05\/7.jpg 800w, http:\/\/www.reconoce.mx\/wp-content\/uploads\/2017\/05\/7-150x150.jpg 150w, http:\/\/www.reconoce.mx\/wp-content\/uploads\/2017\/05\/7-300x300.jpg 300w, http:\/\/www.reconoce.mx\/wp-content\/uploads\/2017\/05\/7-768x768.jpg 768w, http:\/\/www.reconoce.mx\/wp-content\/uploads\/2017\/05\/7-65x65.jpg 65w, http:\/\/www.reconoce.mx\/wp-content\/uploads\/2017\/05\/7-700x700.jpg 700w, http:\/\/www.reconoce.mx\/wp-content\/uploads\/2017\/05\/7-658x658.jpg 658w\" sizes=\"auto, (max-width: 800px) 100vw, 800px\" \/><\/a><\/p>\n<h1><strong>M\u00daSICA \/\/ Multiforo 246<\/strong><\/h1>\n<p><a href=\"http:\/\/www.reconoce.mx\/wp-content\/uploads\/2017\/05\/8.jpg\"><img loading=\"lazy\" decoding=\"async\" class=\"aligncenter size-full wp-image-60834\" src=\"http:\/\/www.reconoce.mx\/wp-content\/uploads\/2017\/05\/8.jpg\" alt=\"\" width=\"800\" height=\"800\" srcset=\"http:\/\/www.reconoce.mx\/wp-content\/uploads\/2017\/05\/8.jpg 800w, http:\/\/www.reconoce.mx\/wp-content\/uploads\/2017\/05\/8-150x150.jpg 150w, http:\/\/www.reconoce.mx\/wp-content\/uploads\/2017\/05\/8-300x300.jpg 300w, http:\/\/www.reconoce.mx\/wp-content\/uploads\/2017\/05\/8-768x768.jpg 768w, http:\/\/www.reconoce.mx\/wp-content\/uploads\/2017\/05\/8-65x65.jpg 65w, http:\/\/www.reconoce.mx\/wp-content\/uploads\/2017\/05\/8-700x700.jpg 700w, http:\/\/www.reconoce.mx\/wp-content\/uploads\/2017\/05\/8-658x658.jpg 658w\" sizes=\"auto, (max-width: 800px) 100vw, 800px\" \/><\/a><\/p>\n<h1><strong>M\u00daSICA \/\/ CinEspacio24<\/strong><\/h1>\n<p><a href=\"http:\/\/www.reconoce.mx\/wp-content\/uploads\/2017\/05\/10.jpg\"><img loading=\"lazy\" decoding=\"async\" class=\"aligncenter size-full wp-image-60835\" src=\"http:\/\/www.reconoce.mx\/wp-content\/uploads\/2017\/05\/10.jpg\" alt=\"\" width=\"800\" height=\"800\" srcset=\"http:\/\/www.reconoce.mx\/wp-content\/uploads\/2017\/05\/10.jpg 800w, http:\/\/www.reconoce.mx\/wp-content\/uploads\/2017\/05\/10-150x150.jpg 150w, http:\/\/www.reconoce.mx\/wp-content\/uploads\/2017\/05\/10-300x300.jpg 300w, http:\/\/www.reconoce.mx\/wp-content\/uploads\/2017\/05\/10-768x768.jpg 768w, http:\/\/www.reconoce.mx\/wp-content\/uploads\/2017\/05\/10-65x65.jpg 65w, http:\/\/www.reconoce.mx\/wp-content\/uploads\/2017\/05\/10-700x700.jpg 700w, http:\/\/www.reconoce.mx\/wp-content\/uploads\/2017\/05\/10-658x658.jpg 658w\" sizes=\"auto, (max-width: 800px) 100vw, 800px\" \/><\/a><\/p>\n<p>Adem\u00e1s de la m\u00fasica, no te puedes perder la selecci\u00f3n de stand-uperos en el <strong>Woko<\/strong>.<\/p>\n<h1><strong>STAND-UP \/\/ Woko<\/strong><\/h1>\n<p><a href=\"http:\/\/www.reconoce.mx\/wp-content\/uploads\/2017\/05\/11.jpg\"><img loading=\"lazy\" decoding=\"async\" class=\"aligncenter size-full wp-image-60836\" src=\"http:\/\/www.reconoce.mx\/wp-content\/uploads\/2017\/05\/11.jpg\" alt=\"\" width=\"800\" height=\"800\" srcset=\"http:\/\/www.reconoce.mx\/wp-content\/uploads\/2017\/05\/11.jpg 800w, http:\/\/www.reconoce.mx\/wp-content\/uploads\/2017\/05\/11-150x150.jpg 150w, http:\/\/www.reconoce.mx\/wp-content\/uploads\/2017\/05\/11-300x300.jpg 300w, http:\/\/www.reconoce.mx\/wp-content\/uploads\/2017\/05\/11-768x768.jpg 768w, http:\/\/www.reconoce.mx\/wp-content\/uploads\/2017\/05\/11-65x65.jpg 65w, http:\/\/www.reconoce.mx\/wp-content\/uploads\/2017\/05\/11-700x700.jpg 700w, http:\/\/www.reconoce.mx\/wp-content\/uploads\/2017\/05\/11-658x658.jpg 658w\" sizes=\"auto, (max-width: 800px) 100vw, 800px\" \/><\/a><\/p>\n<p>&nbsp;<\/p>\n<p>&nbsp;<\/p>\n","protected":false},"excerpt":{"rendered":"<p>Ahora s\u00ed estamos a semana y d\u00edas de la celebraci\u00f3n de una de nuestras citas favoritas, el #FestivalMarvinCDMX que llega en esta ocasi\u00f3n a su s\u00e9ptima edici\u00f3n, de nueva cuenta en el Circuito Condesa-Roma de Ciudad de M\u00e9xico.<\/p>\n","protected":false},"author":2,"featured_media":60827,"comment_status":"open","ping_status":"open","sticky":false,"template":"","format":"standard","meta":{"footnotes":""},"categories":[1,18,17],"tags":[],"class_list":["post-60818","post","type-post","status-publish","format-standard","has-post-thumbnail","hentry","category-cultura","category-musica","category-principal"],"yoast_head":"<!-- This site is optimized with the Yoast SEO plugin v24.7 - https:\/\/yoast.com\/wordpress\/plugins\/seo\/ -->\n<title>#FestivalMarvinCDMX: \u00a1Conoce los horarios de la 7.\u00aa edici\u00f3n! &#171; Reconoce MX<\/title>\n<meta name=\"robots\" content=\"index, follow, max-snippet:-1, max-image-preview:large, max-video-preview:-1\" \/>\n<link rel=\"canonical\" href=\"https:\/\/www.reconoce.mx\/?p=60818\" \/>\n<meta property=\"og:locale\" content=\"es_ES\" \/>\n<meta property=\"og:type\" content=\"article\" \/>\n<meta property=\"og:title\" content=\"#FestivalMarvinCDMX: \u00a1Conoce los horarios de la 7.\u00aa edici\u00f3n! &#171; Reconoce MX\" \/>\n<meta property=\"og:description\" content=\"Ahora s\u00ed estamos a semana y d\u00edas de la celebraci\u00f3n de una de nuestras citas favoritas, el #FestivalMarvinCDMX que llega en esta ocasi\u00f3n a su s\u00e9ptima edici\u00f3n, de nueva cuenta en el Circuito Condesa-Roma de Ciudad de M\u00e9xico.\" \/>\n<meta property=\"og:url\" content=\"https:\/\/www.reconoce.mx\/?p=60818\" \/>\n<meta property=\"og:site_name\" content=\"Reconoce MX\" \/>\n<meta property=\"article:publisher\" content=\"https:\/\/es-la.facebook.com\/ReconoceMX\/\" \/>\n<meta property=\"article:published_time\" content=\"2017-05-09T05:04:10+00:00\" \/>\n<meta property=\"og:image\" content=\"https:\/\/www.reconoce.mx\/wp-content\/uploads\/2017\/05\/horarios-marvin.png\" \/>\n\t<meta property=\"og:image:width\" content=\"590\" \/>\n\t<meta property=\"og:image:height\" content=\"380\" \/>\n\t<meta property=\"og:image:type\" content=\"image\/png\" \/>\n<meta name=\"author\" content=\"Reconoce MX\" \/>\n<meta name=\"twitter:card\" content=\"summary_large_image\" \/>\n<meta name=\"twitter:creator\" content=\"@reconocemx\" \/>\n<meta name=\"twitter:site\" content=\"@reconocemx\" \/>\n<meta name=\"twitter:label1\" content=\"Escrito por\" \/>\n\t<meta name=\"twitter:data1\" content=\"Reconoce MX\" \/>\n\t<meta name=\"twitter:label2\" content=\"Tiempo de lectura\" \/>\n\t<meta name=\"twitter:data2\" content=\"1 minuto\" \/>\n<script type=\"application\/ld+json\" class=\"yoast-schema-graph\">{\"@context\":\"https:\/\/schema.org\",\"@graph\":[{\"@type\":\"Article\",\"@id\":\"https:\/\/www.reconoce.mx\/?p=60818#article\",\"isPartOf\":{\"@id\":\"https:\/\/www.reconoce.mx\/?p=60818\"},\"author\":{\"name\":\"Reconoce MX\",\"@id\":\"http:\/\/www.reconoce.mx\/#\/schema\/person\/2117e997d7051dc15d6880eaf9bca0b2\"},\"headline\":\"#FestivalMarvinCDMX: \u00a1Conoce los horarios de la 7.\u00aa edici\u00f3n!\",\"datePublished\":\"2017-05-09T05:04:10+00:00\",\"mainEntityOfPage\":{\"@id\":\"https:\/\/www.reconoce.mx\/?p=60818\"},\"wordCount\":207,\"commentCount\":0,\"publisher\":{\"@id\":\"http:\/\/www.reconoce.mx\/#organization\"},\"image\":{\"@id\":\"https:\/\/www.reconoce.mx\/?p=60818#primaryimage\"},\"thumbnailUrl\":\"http:\/\/www.reconoce.mx\/wp-content\/uploads\/2017\/05\/horarios-marvin.png\",\"articleSection\":[\"Cultura\",\"M\u00fasica\",\"Principal\"],\"inLanguage\":\"es\",\"potentialAction\":[{\"@type\":\"CommentAction\",\"name\":\"Comment\",\"target\":[\"https:\/\/www.reconoce.mx\/?p=60818#respond\"]}]},{\"@type\":\"WebPage\",\"@id\":\"https:\/\/www.reconoce.mx\/?p=60818\",\"url\":\"https:\/\/www.reconoce.mx\/?p=60818\",\"name\":\"#FestivalMarvinCDMX: \u00a1Conoce los horarios de la 7.\u00aa edici\u00f3n! &#171; Reconoce MX\",\"isPartOf\":{\"@id\":\"http:\/\/www.reconoce.mx\/#website\"},\"primaryImageOfPage\":{\"@id\":\"https:\/\/www.reconoce.mx\/?p=60818#primaryimage\"},\"image\":{\"@id\":\"https:\/\/www.reconoce.mx\/?p=60818#primaryimage\"},\"thumbnailUrl\":\"http:\/\/www.reconoce.mx\/wp-content\/uploads\/2017\/05\/horarios-marvin.png\",\"datePublished\":\"2017-05-09T05:04:10+00:00\",\"breadcrumb\":{\"@id\":\"https:\/\/www.reconoce.mx\/?p=60818#breadcrumb\"},\"inLanguage\":\"es\",\"potentialAction\":[{\"@type\":\"ReadAction\",\"target\":[\"https:\/\/www.reconoce.mx\/?p=60818\"]}]},{\"@type\":\"ImageObject\",\"inLanguage\":\"es\",\"@id\":\"https:\/\/www.reconoce.mx\/?p=60818#primaryimage\",\"url\":\"http:\/\/www.reconoce.mx\/wp-content\/uploads\/2017\/05\/horarios-marvin.png\",\"contentUrl\":\"http:\/\/www.reconoce.mx\/wp-content\/uploads\/2017\/05\/horarios-marvin.png\",\"width\":590,\"height\":380},{\"@type\":\"BreadcrumbList\",\"@id\":\"https:\/\/www.reconoce.mx\/?p=60818#breadcrumb\",\"itemListElement\":[{\"@type\":\"ListItem\",\"position\":1,\"name\":\"Portada\",\"item\":\"http:\/\/www.reconoce.mx\/\"},{\"@type\":\"ListItem\",\"position\":2,\"name\":\"#FestivalMarvinCDMX: \u00a1Conoce los horarios de la 7.\u00aa edici\u00f3n!\"}]},{\"@type\":\"WebSite\",\"@id\":\"http:\/\/www.reconoce.mx\/#website\",\"url\":\"http:\/\/www.reconoce.mx\/\",\"name\":\"Reconoce MX\",\"description\":\"En Reconoce MX difundimos arte, cultura y conciencia social en M\u00e9xico. Tu ciudad en otra perspectiva.\",\"publisher\":{\"@id\":\"http:\/\/www.reconoce.mx\/#organization\"},\"potentialAction\":[{\"@type\":\"SearchAction\",\"target\":{\"@type\":\"EntryPoint\",\"urlTemplate\":\"http:\/\/www.reconoce.mx\/?s={search_term_string}\"},\"query-input\":{\"@type\":\"PropertyValueSpecification\",\"valueRequired\":true,\"valueName\":\"search_term_string\"}}],\"inLanguage\":\"es\"},{\"@type\":\"Organization\",\"@id\":\"http:\/\/www.reconoce.mx\/#organization\",\"name\":\"Reconoce MX\",\"url\":\"http:\/\/www.reconoce.mx\/\",\"logo\":{\"@type\":\"ImageObject\",\"inLanguage\":\"es\",\"@id\":\"http:\/\/www.reconoce.mx\/#\/schema\/logo\/image\/\",\"url\":\"https:\/\/www.reconoce.mx\/wp-content\/uploads\/2019\/03\/logorcmx-good-1.png\",\"contentUrl\":\"https:\/\/www.reconoce.mx\/wp-content\/uploads\/2019\/03\/logorcmx-good-1.png\",\"width\":280,\"height\":90,\"caption\":\"Reconoce MX\"},\"image\":{\"@id\":\"http:\/\/www.reconoce.mx\/#\/schema\/logo\/image\/\"},\"sameAs\":[\"https:\/\/es-la.facebook.com\/ReconoceMX\/\",\"https:\/\/x.com\/reconocemx\",\"http:\/\/@reconocemx\"]},{\"@type\":\"Person\",\"@id\":\"http:\/\/www.reconoce.mx\/#\/schema\/person\/2117e997d7051dc15d6880eaf9bca0b2\",\"name\":\"Reconoce MX\",\"image\":{\"@type\":\"ImageObject\",\"inLanguage\":\"es\",\"@id\":\"http:\/\/www.reconoce.mx\/#\/schema\/person\/image\/\",\"url\":\"https:\/\/secure.gravatar.com\/avatar\/6c8d4dc7569ca1c90c5fdcc349f839d5ddef6fe1e70b4337ead2ef1a4c43fc3a?s=96&d=identicon&r=g\",\"contentUrl\":\"https:\/\/secure.gravatar.com\/avatar\/6c8d4dc7569ca1c90c5fdcc349f839d5ddef6fe1e70b4337ead2ef1a4c43fc3a?s=96&d=identicon&r=g\",\"caption\":\"Reconoce MX\"},\"description\":\"Reconoce MX es un proyecto de difusi\u00f3n art\u00edstica, cultural y de conciencia social que est\u00e1 enfocado a difundir y fomentar el entretenimiento alternativo de calidad para todo el p\u00fablico que comparta el mismo entusiasmo.\",\"sameAs\":[\"http:\/\/www.reconoce.mx\"],\"url\":\"http:\/\/www.reconoce.mx\/?author=2\"}]}<\/script>\n<!-- \/ Yoast SEO plugin. -->","yoast_head_json":{"title":"#FestivalMarvinCDMX: \u00a1Conoce los horarios de la 7.\u00aa edici\u00f3n! &#171; Reconoce MX","robots":{"index":"index","follow":"follow","max-snippet":"max-snippet:-1","max-image-preview":"max-image-preview:large","max-video-preview":"max-video-preview:-1"},"canonical":"https:\/\/www.reconoce.mx\/?p=60818","og_locale":"es_ES","og_type":"article","og_title":"#FestivalMarvinCDMX: \u00a1Conoce los horarios de la 7.\u00aa edici\u00f3n! &#171; Reconoce MX","og_description":"Ahora s\u00ed estamos a semana y d\u00edas de la celebraci\u00f3n de una de nuestras citas favoritas, el #FestivalMarvinCDMX que llega en esta ocasi\u00f3n a su s\u00e9ptima edici\u00f3n, de nueva cuenta en el Circuito Condesa-Roma de Ciudad de M\u00e9xico.","og_url":"https:\/\/www.reconoce.mx\/?p=60818","og_site_name":"Reconoce MX","article_publisher":"https:\/\/es-la.facebook.com\/ReconoceMX\/","article_published_time":"2017-05-09T05:04:10+00:00","og_image":[{"width":590,"height":380,"url":"https:\/\/www.reconoce.mx\/wp-content\/uploads\/2017\/05\/horarios-marvin.png","type":"image\/png"}],"author":"Reconoce MX","twitter_card":"summary_large_image","twitter_creator":"@reconocemx","twitter_site":"@reconocemx","twitter_misc":{"Escrito por":"Reconoce MX","Tiempo de lectura":"1 minuto"},"schema":{"@context":"https:\/\/schema.org","@graph":[{"@type":"Article","@id":"https:\/\/www.reconoce.mx\/?p=60818#article","isPartOf":{"@id":"https:\/\/www.reconoce.mx\/?p=60818"},"author":{"name":"Reconoce MX","@id":"http:\/\/www.reconoce.mx\/#\/schema\/person\/2117e997d7051dc15d6880eaf9bca0b2"},"headline":"#FestivalMarvinCDMX: \u00a1Conoce los horarios de la 7.\u00aa edici\u00f3n!","datePublished":"2017-05-09T05:04:10+00:00","mainEntityOfPage":{"@id":"https:\/\/www.reconoce.mx\/?p=60818"},"wordCount":207,"commentCount":0,"publisher":{"@id":"http:\/\/www.reconoce.mx\/#organization"},"image":{"@id":"https:\/\/www.reconoce.mx\/?p=60818#primaryimage"},"thumbnailUrl":"http:\/\/www.reconoce.mx\/wp-content\/uploads\/2017\/05\/horarios-marvin.png","articleSection":["Cultura","M\u00fasica","Principal"],"inLanguage":"es","potentialAction":[{"@type":"CommentAction","name":"Comment","target":["https:\/\/www.reconoce.mx\/?p=60818#respond"]}]},{"@type":"WebPage","@id":"https:\/\/www.reconoce.mx\/?p=60818","url":"https:\/\/www.reconoce.mx\/?p=60818","name":"#FestivalMarvinCDMX: \u00a1Conoce los horarios de la 7.\u00aa edici\u00f3n! &#171; Reconoce MX","isPartOf":{"@id":"http:\/\/www.reconoce.mx\/#website"},"primaryImageOfPage":{"@id":"https:\/\/www.reconoce.mx\/?p=60818#primaryimage"},"image":{"@id":"https:\/\/www.reconoce.mx\/?p=60818#primaryimage"},"thumbnailUrl":"http:\/\/www.reconoce.mx\/wp-content\/uploads\/2017\/05\/horarios-marvin.png","datePublished":"2017-05-09T05:04:10+00:00","breadcrumb":{"@id":"https:\/\/www.reconoce.mx\/?p=60818#breadcrumb"},"inLanguage":"es","potentialAction":[{"@type":"ReadAction","target":["https:\/\/www.reconoce.mx\/?p=60818"]}]},{"@type":"ImageObject","inLanguage":"es","@id":"https:\/\/www.reconoce.mx\/?p=60818#primaryimage","url":"http:\/\/www.reconoce.mx\/wp-content\/uploads\/2017\/05\/horarios-marvin.png","contentUrl":"http:\/\/www.reconoce.mx\/wp-content\/uploads\/2017\/05\/horarios-marvin.png","width":590,"height":380},{"@type":"BreadcrumbList","@id":"https:\/\/www.reconoce.mx\/?p=60818#breadcrumb","itemListElement":[{"@type":"ListItem","position":1,"name":"Portada","item":"http:\/\/www.reconoce.mx\/"},{"@type":"ListItem","position":2,"name":"#FestivalMarvinCDMX: \u00a1Conoce los horarios de la 7.\u00aa edici\u00f3n!"}]},{"@type":"WebSite","@id":"http:\/\/www.reconoce.mx\/#website","url":"http:\/\/www.reconoce.mx\/","name":"Reconoce MX","description":"En Reconoce MX difundimos arte, cultura y conciencia social en M\u00e9xico. Tu ciudad en otra perspectiva.","publisher":{"@id":"http:\/\/www.reconoce.mx\/#organization"},"potentialAction":[{"@type":"SearchAction","target":{"@type":"EntryPoint","urlTemplate":"http:\/\/www.reconoce.mx\/?s={search_term_string}"},"query-input":{"@type":"PropertyValueSpecification","valueRequired":true,"valueName":"search_term_string"}}],"inLanguage":"es"},{"@type":"Organization","@id":"http:\/\/www.reconoce.mx\/#organization","name":"Reconoce MX","url":"http:\/\/www.reconoce.mx\/","logo":{"@type":"ImageObject","inLanguage":"es","@id":"http:\/\/www.reconoce.mx\/#\/schema\/logo\/image\/","url":"https:\/\/www.reconoce.mx\/wp-content\/uploads\/2019\/03\/logorcmx-good-1.png","contentUrl":"https:\/\/www.reconoce.mx\/wp-content\/uploads\/2019\/03\/logorcmx-good-1.png","width":280,"height":90,"caption":"Reconoce MX"},"image":{"@id":"http:\/\/www.reconoce.mx\/#\/schema\/logo\/image\/"},"sameAs":["https:\/\/es-la.facebook.com\/ReconoceMX\/","https:\/\/x.com\/reconocemx","http:\/\/@reconocemx"]},{"@type":"Person","@id":"http:\/\/www.reconoce.mx\/#\/schema\/person\/2117e997d7051dc15d6880eaf9bca0b2","name":"Reconoce MX","image":{"@type":"ImageObject","inLanguage":"es","@id":"http:\/\/www.reconoce.mx\/#\/schema\/person\/image\/","url":"https:\/\/secure.gravatar.com\/avatar\/6c8d4dc7569ca1c90c5fdcc349f839d5ddef6fe1e70b4337ead2ef1a4c43fc3a?s=96&d=identicon&r=g","contentUrl":"https:\/\/secure.gravatar.com\/avatar\/6c8d4dc7569ca1c90c5fdcc349f839d5ddef6fe1e70b4337ead2ef1a4c43fc3a?s=96&d=identicon&r=g","caption":"Reconoce MX"},"description":"Reconoce MX es un proyecto de difusi\u00f3n art\u00edstica, cultural y de conciencia social que est\u00e1 enfocado a difundir y fomentar el entretenimiento alternativo de calidad para todo el p\u00fablico que comparta el mismo entusiasmo.","sameAs":["http:\/\/www.reconoce.mx"],"url":"http:\/\/www.reconoce.mx\/?author=2"}]}},"_links":{"self":[{"href":"http:\/\/www.reconoce.mx\/index.php?rest_route=\/wp\/v2\/posts\/60818","targetHints":{"allow":["GET"]}}],"collection":[{"href":"http:\/\/www.reconoce.mx\/index.php?rest_route=\/wp\/v2\/posts"}],"about":[{"href":"http:\/\/www.reconoce.mx\/index.php?rest_route=\/wp\/v2\/types\/post"}],"author":[{"embeddable":true,"href":"http:\/\/www.reconoce.mx\/index.php?rest_route=\/wp\/v2\/users\/2"}],"replies":[{"embeddable":true,"href":"http:\/\/www.reconoce.mx\/index.php?rest_route=%2Fwp%2Fv2%2Fcomments&post=60818"}],"version-history":[{"count":6,"href":"http:\/\/www.reconoce.mx\/index.php?rest_route=\/wp\/v2\/posts\/60818\/revisions"}],"predecessor-version":[{"id":60855,"href":"http:\/\/www.reconoce.mx\/index.php?rest_route=\/wp\/v2\/posts\/60818\/revisions\/60855"}],"wp:featuredmedia":[{"embeddable":true,"href":"http:\/\/www.reconoce.mx\/index.php?rest_route=\/wp\/v2\/media\/60827"}],"wp:attachment":[{"href":"http:\/\/www.reconoce.mx\/index.php?rest_route=%2Fwp%2Fv2%2Fmedia&parent=60818"}],"wp:term":[{"taxonomy":"category","embeddable":true,"href":"http:\/\/www.reconoce.mx\/index.php?rest_route=%2Fwp%2Fv2%2Fcategories&post=60818"},{"taxonomy":"post_tag","embeddable":true,"href":"http:\/\/www.reconoce.mx\/index.php?rest_route=%2Fwp%2Fv2%2Ftags&post=60818"}],"curies":[{"name":"wp","href":"https:\/\/api.w.org\/{rel}","templated":true}]}}