{"id":60869,"date":"2017-05-08T00:03:11","date_gmt":"2017-05-08T05:03:11","guid":{"rendered":"http:\/\/www.reconoce.mx\/?p=60869"},"modified":"2017-05-08T09:30:53","modified_gmt":"2017-05-08T14:30:53","slug":"el-drama-de-las-familias-separadas-por-los-muros-fronterizos","status":"publish","type":"post","link":"http:\/\/www.reconoce.mx\/?p=60869","title":{"rendered":"El drama de las familias separadas por los muros fronterizos"},"content":{"rendered":"<p><strong>Por <a title=\"@danielhiga_al\" href=\"https:\/\/twitter.com\/danielhiga_al\" target=\"_blank\" rel=\"noopener noreferrer\">Daniel Higa Alquicira<\/a><\/strong>.<\/p>\n<p>Puede ser que para muchas familias, la separaci\u00f3n de sus miembros por el hecho de migrar de sus lugares de origen hacia los Estados Unidos sea una cultura tan arraigada, que represente la \u00fanica opci\u00f3n para lograr aquellos sue\u00f1os que tienen en mente.<\/p>\n<p>Transitar por la frontera, esperar el momento justo para cruzar las rejas met\u00e1licas y rogar que el \u00abpollero\u00bb sea honesto y nos los abandone en el desierto, es parte de las traves\u00edas de los migrantes mexicanos que persiguen incansablemente el <em>\u00abamerican way of life\u00bb<\/em>.<\/p>\n<p>Algunos logran llegar, otros son detenidos, algunos mueren en el intento. Pero el pasado domingo 30 de abril se vivieron momentos que combinan sentimientos como emoci\u00f3n, tristeza, impotencia y esperanza.<\/p>\n<p>En Tijuana, en un punto de la frontera entre M\u00e9xico y Estados Unidos, las rejas se abrieron durante 20 minutos para que 6 familias que han sido separadas por temas migratorias, pudieran reunirse, abrazarse y platicar, aunque solo fuera por tres minutos.<\/p>\n<p>\u00abEsos 180 segundos, para muchos tal vez son sin ning\u00fan significado, pero para estas familias que han tenido que vivir separadas por su estatus migratorio, que a algunos de ellos les cost\u00f3 la deportaci\u00f3n y con ello dejar trabajo, casa y familia, representan mucho\u00bb, se\u00f1al\u00f3 la agencia <strong>Notimex<\/strong>.<\/p>\n<p>Este evento fue organizado por la organizaci\u00f3n civil <strong>\u00c1ngeles de la Frontera<\/strong> (<strong>Border Angels<\/strong> en ingl\u00e9s), que cada a\u00f1o realiza estas reuniones entre familiares que no pueden estar juntas porque las separa una reja met\u00e1lica, muchos complejos y situaciones legales que obligaron su deportaci\u00f3n de los Estados Unidos.<\/p>\n<p><strong>Enrique Morones<\/strong>, fundador y director de <strong>\u00c1ngeles de la Frontera<\/strong>, comenz\u00f3 con esta actividad de reunir familias, luego que en 2013 presenci\u00f3 una escena inimaginable para algunos.<\/p>\n<p>Seg\u00fan cuenta este activista, en esa ocasi\u00f3n acompa\u00f1\u00f3 a la \u201c\u00bbni\u00f1a Jimena\u00bb que radica en Estados Unidos, a ver a trav\u00e9s de las rendijas met\u00e1licas a su padre Luis, un migrante deportado unos meses atr\u00e1s.<\/p>\n<p>Seg\u00fan el relato de <strong>Notimex<\/strong>, \u00abel hombre (Enrique Morones) era testigo del entra\u00f1able amor entre padre e hija, y obviamente su coraz\u00f3n doli\u00f3 y sus ojos se rasaron de l\u00e1grimas\u00bb, por lo que de manera inusitada, se acerc\u00f3 al guardia de la <strong>Patrulla Fronteriza<\/strong> para pedirle que abriera la puerta y permitiera al menos abrazarse.<\/p>\n<p>El guardia accedi\u00f3 y as\u00ed naci\u00f3 esta iniciativa que ha marcado la vida de muchas familias separadas.<\/p>\n<p>Esta es una de tantas historias que se pueden estudiar en algunas partes de la frontera norte y que son la representaci\u00f3n de la bipolaridad de las leyes, es decir, el dolor individual en pos de mantener el \u00aborden\u00bb y la \u00abseguridad\u00bb de las \u00abmayor\u00edas\u00bb.<\/p>\n<p>Pero lo cierto es que el impacto social que pueda tener la implementaci\u00f3n de medidas migratorias tal como las pretende el presidente de los Estados Unidos, <strong>Donald Trump<\/strong>, puede generar un drama humano que inevitablemente tendr\u00e1 un impacto social a mediano y largo plazo, pero sus efectos no son tan f\u00e1ciles de predecir.<\/p>\n<p>La migraci\u00f3n no se detendr\u00e1, las leyes tal vez se endurezcan, probablemente exista un muro m\u00e1s alto, ancho y fuerte en esa misma \u00e1rea donde esta vez se abrieron las rejas, y los argumentos pol\u00edticos y legales siempre dejar\u00e1n de lado el dolor humano.<\/p>\n<p>\u00bfQui\u00e9nes tienen la raz\u00f3n? \u00bfC\u00f3mo evitar que se sigan dando estos casos? \u00bfLas soluciones se deben buscar desde una perspectiva humana, legal o pol\u00edtica? \u00bfEs justo que suceda?<\/p>\n<p>Y no hablo solo de M\u00e9xico, sino de todos esos lugares en donde el sur siempre va hacia el norte.<\/p>\n<p style=\"text-align: right;\">Foto: <strong>Mario Ch\u00e1vez<\/strong>.<\/p>\n<p>&nbsp;<\/p>\n<p>&nbsp;<\/p>\n","protected":false},"excerpt":{"rendered":"<p>Puede ser que para muchas familias, la separaci\u00f3n de sus miembros por el hecho de migrar de sus lugares de origen hacia los Estados Unidos sea una cultura tan arraigada, que represente la \u00fanica opci\u00f3n para lograr aquellos sue\u00f1os que tienen en mente.<\/p>\n","protected":false},"author":2,"featured_media":60870,"comment_status":"open","ping_status":"open","sticky":false,"template":"","format":"standard","meta":{"footnotes":""},"categories":[43,275,17],"tags":[],"class_list":["post-60869","post","type-post","status-publish","format-standard","has-post-thumbnail","hentry","category-conciencia","category-derechos-humanos","category-principal"],"yoast_head":"<!-- This site is optimized with the Yoast SEO plugin v24.7 - https:\/\/yoast.com\/wordpress\/plugins\/seo\/ -->\n<title>El drama de las familias separadas por los muros fronterizos &#171; Reconoce MX<\/title>\n<meta name=\"robots\" content=\"index, follow, max-snippet:-1, max-image-preview:large, max-video-preview:-1\" \/>\n<link rel=\"canonical\" href=\"https:\/\/www.reconoce.mx\/?p=60869\" \/>\n<meta property=\"og:locale\" content=\"es_ES\" \/>\n<meta property=\"og:type\" content=\"article\" \/>\n<meta property=\"og:title\" content=\"El drama de las familias separadas por los muros fronterizos &#171; Reconoce MX\" \/>\n<meta property=\"og:description\" content=\"Puede ser que para muchas familias, la separaci\u00f3n de sus miembros por el hecho de migrar de sus lugares de origen hacia los Estados Unidos sea una cultura tan arraigada, que represente la \u00fanica opci\u00f3n para lograr aquellos sue\u00f1os que tienen en mente.\" \/>\n<meta property=\"og:url\" content=\"https:\/\/www.reconoce.mx\/?p=60869\" \/>\n<meta property=\"og:site_name\" content=\"Reconoce MX\" \/>\n<meta property=\"article:publisher\" content=\"https:\/\/es-la.facebook.com\/ReconoceMX\/\" \/>\n<meta property=\"article:published_time\" content=\"2017-05-08T05:03:11+00:00\" \/>\n<meta property=\"article:modified_time\" content=\"2017-05-08T14:30:53+00:00\" \/>\n<meta property=\"og:image\" content=\"https:\/\/www.reconoce.mx\/wp-content\/uploads\/2017\/05\/frontera-eeuu-mexico.png\" \/>\n\t<meta property=\"og:image:width\" content=\"590\" \/>\n\t<meta property=\"og:image:height\" content=\"380\" \/>\n\t<meta property=\"og:image:type\" content=\"image\/png\" \/>\n<meta name=\"author\" content=\"Reconoce MX\" \/>\n<meta name=\"twitter:card\" content=\"summary_large_image\" \/>\n<meta name=\"twitter:creator\" content=\"@reconocemx\" \/>\n<meta name=\"twitter:site\" content=\"@reconocemx\" \/>\n<meta name=\"twitter:label1\" content=\"Escrito por\" \/>\n\t<meta name=\"twitter:data1\" content=\"Reconoce MX\" \/>\n\t<meta name=\"twitter:label2\" content=\"Tiempo de lectura\" \/>\n\t<meta name=\"twitter:data2\" content=\"3 minutos\" \/>\n<script type=\"application\/ld+json\" class=\"yoast-schema-graph\">{\"@context\":\"https:\/\/schema.org\",\"@graph\":[{\"@type\":\"Article\",\"@id\":\"https:\/\/www.reconoce.mx\/?p=60869#article\",\"isPartOf\":{\"@id\":\"https:\/\/www.reconoce.mx\/?p=60869\"},\"author\":{\"name\":\"Reconoce MX\",\"@id\":\"http:\/\/www.reconoce.mx\/#\/schema\/person\/2117e997d7051dc15d6880eaf9bca0b2\"},\"headline\":\"El drama de las familias separadas por los muros fronterizos\",\"datePublished\":\"2017-05-08T05:03:11+00:00\",\"dateModified\":\"2017-05-08T14:30:53+00:00\",\"mainEntityOfPage\":{\"@id\":\"https:\/\/www.reconoce.mx\/?p=60869\"},\"wordCount\":632,\"commentCount\":0,\"publisher\":{\"@id\":\"http:\/\/www.reconoce.mx\/#organization\"},\"image\":{\"@id\":\"https:\/\/www.reconoce.mx\/?p=60869#primaryimage\"},\"thumbnailUrl\":\"http:\/\/www.reconoce.mx\/wp-content\/uploads\/2017\/05\/frontera-eeuu-mexico.png\",\"articleSection\":[\"Conciencia\",\"Derechos Humanos\",\"Principal\"],\"inLanguage\":\"es\",\"potentialAction\":[{\"@type\":\"CommentAction\",\"name\":\"Comment\",\"target\":[\"https:\/\/www.reconoce.mx\/?p=60869#respond\"]}]},{\"@type\":\"WebPage\",\"@id\":\"https:\/\/www.reconoce.mx\/?p=60869\",\"url\":\"https:\/\/www.reconoce.mx\/?p=60869\",\"name\":\"El drama de las familias separadas por los muros fronterizos &#171; Reconoce MX\",\"isPartOf\":{\"@id\":\"http:\/\/www.reconoce.mx\/#website\"},\"primaryImageOfPage\":{\"@id\":\"https:\/\/www.reconoce.mx\/?p=60869#primaryimage\"},\"image\":{\"@id\":\"https:\/\/www.reconoce.mx\/?p=60869#primaryimage\"},\"thumbnailUrl\":\"http:\/\/www.reconoce.mx\/wp-content\/uploads\/2017\/05\/frontera-eeuu-mexico.png\",\"datePublished\":\"2017-05-08T05:03:11+00:00\",\"dateModified\":\"2017-05-08T14:30:53+00:00\",\"breadcrumb\":{\"@id\":\"https:\/\/www.reconoce.mx\/?p=60869#breadcrumb\"},\"inLanguage\":\"es\",\"potentialAction\":[{\"@type\":\"ReadAction\",\"target\":[\"https:\/\/www.reconoce.mx\/?p=60869\"]}]},{\"@type\":\"ImageObject\",\"inLanguage\":\"es\",\"@id\":\"https:\/\/www.reconoce.mx\/?p=60869#primaryimage\",\"url\":\"http:\/\/www.reconoce.mx\/wp-content\/uploads\/2017\/05\/frontera-eeuu-mexico.png\",\"contentUrl\":\"http:\/\/www.reconoce.mx\/wp-content\/uploads\/2017\/05\/frontera-eeuu-mexico.png\",\"width\":590,\"height\":380},{\"@type\":\"BreadcrumbList\",\"@id\":\"https:\/\/www.reconoce.mx\/?p=60869#breadcrumb\",\"itemListElement\":[{\"@type\":\"ListItem\",\"position\":1,\"name\":\"Portada\",\"item\":\"http:\/\/www.reconoce.mx\/\"},{\"@type\":\"ListItem\",\"position\":2,\"name\":\"El drama de las familias separadas por los muros fronterizos\"}]},{\"@type\":\"WebSite\",\"@id\":\"http:\/\/www.reconoce.mx\/#website\",\"url\":\"http:\/\/www.reconoce.mx\/\",\"name\":\"Reconoce MX\",\"description\":\"En Reconoce MX difundimos arte, cultura y conciencia social en M\u00e9xico. Tu ciudad en otra perspectiva.\",\"publisher\":{\"@id\":\"http:\/\/www.reconoce.mx\/#organization\"},\"potentialAction\":[{\"@type\":\"SearchAction\",\"target\":{\"@type\":\"EntryPoint\",\"urlTemplate\":\"http:\/\/www.reconoce.mx\/?s={search_term_string}\"},\"query-input\":{\"@type\":\"PropertyValueSpecification\",\"valueRequired\":true,\"valueName\":\"search_term_string\"}}],\"inLanguage\":\"es\"},{\"@type\":\"Organization\",\"@id\":\"http:\/\/www.reconoce.mx\/#organization\",\"name\":\"Reconoce MX\",\"url\":\"http:\/\/www.reconoce.mx\/\",\"logo\":{\"@type\":\"ImageObject\",\"inLanguage\":\"es\",\"@id\":\"http:\/\/www.reconoce.mx\/#\/schema\/logo\/image\/\",\"url\":\"https:\/\/www.reconoce.mx\/wp-content\/uploads\/2019\/03\/logorcmx-good-1.png\",\"contentUrl\":\"https:\/\/www.reconoce.mx\/wp-content\/uploads\/2019\/03\/logorcmx-good-1.png\",\"width\":280,\"height\":90,\"caption\":\"Reconoce MX\"},\"image\":{\"@id\":\"http:\/\/www.reconoce.mx\/#\/schema\/logo\/image\/\"},\"sameAs\":[\"https:\/\/es-la.facebook.com\/ReconoceMX\/\",\"https:\/\/x.com\/reconocemx\",\"http:\/\/@reconocemx\"]},{\"@type\":\"Person\",\"@id\":\"http:\/\/www.reconoce.mx\/#\/schema\/person\/2117e997d7051dc15d6880eaf9bca0b2\",\"name\":\"Reconoce MX\",\"image\":{\"@type\":\"ImageObject\",\"inLanguage\":\"es\",\"@id\":\"http:\/\/www.reconoce.mx\/#\/schema\/person\/image\/\",\"url\":\"https:\/\/secure.gravatar.com\/avatar\/6c8d4dc7569ca1c90c5fdcc349f839d5ddef6fe1e70b4337ead2ef1a4c43fc3a?s=96&d=identicon&r=g\",\"contentUrl\":\"https:\/\/secure.gravatar.com\/avatar\/6c8d4dc7569ca1c90c5fdcc349f839d5ddef6fe1e70b4337ead2ef1a4c43fc3a?s=96&d=identicon&r=g\",\"caption\":\"Reconoce MX\"},\"description\":\"Reconoce MX es un proyecto de difusi\u00f3n art\u00edstica, cultural y de conciencia social que est\u00e1 enfocado a difundir y fomentar el entretenimiento alternativo de calidad para todo el p\u00fablico que comparta el mismo entusiasmo.\",\"sameAs\":[\"http:\/\/www.reconoce.mx\"],\"url\":\"http:\/\/www.reconoce.mx\/?author=2\"}]}<\/script>\n<!-- \/ Yoast SEO plugin. -->","yoast_head_json":{"title":"El drama de las familias separadas por los muros fronterizos &#171; Reconoce MX","robots":{"index":"index","follow":"follow","max-snippet":"max-snippet:-1","max-image-preview":"max-image-preview:large","max-video-preview":"max-video-preview:-1"},"canonical":"https:\/\/www.reconoce.mx\/?p=60869","og_locale":"es_ES","og_type":"article","og_title":"El drama de las familias separadas por los muros fronterizos &#171; Reconoce MX","og_description":"Puede ser que para muchas familias, la separaci\u00f3n de sus miembros por el hecho de migrar de sus lugares de origen hacia los Estados Unidos sea una cultura tan arraigada, que represente la \u00fanica opci\u00f3n para lograr aquellos sue\u00f1os que tienen en mente.","og_url":"https:\/\/www.reconoce.mx\/?p=60869","og_site_name":"Reconoce MX","article_publisher":"https:\/\/es-la.facebook.com\/ReconoceMX\/","article_published_time":"2017-05-08T05:03:11+00:00","article_modified_time":"2017-05-08T14:30:53+00:00","og_image":[{"width":590,"height":380,"url":"https:\/\/www.reconoce.mx\/wp-content\/uploads\/2017\/05\/frontera-eeuu-mexico.png","type":"image\/png"}],"author":"Reconoce MX","twitter_card":"summary_large_image","twitter_creator":"@reconocemx","twitter_site":"@reconocemx","twitter_misc":{"Escrito por":"Reconoce MX","Tiempo de lectura":"3 minutos"},"schema":{"@context":"https:\/\/schema.org","@graph":[{"@type":"Article","@id":"https:\/\/www.reconoce.mx\/?p=60869#article","isPartOf":{"@id":"https:\/\/www.reconoce.mx\/?p=60869"},"author":{"name":"Reconoce MX","@id":"http:\/\/www.reconoce.mx\/#\/schema\/person\/2117e997d7051dc15d6880eaf9bca0b2"},"headline":"El drama de las familias separadas por los muros fronterizos","datePublished":"2017-05-08T05:03:11+00:00","dateModified":"2017-05-08T14:30:53+00:00","mainEntityOfPage":{"@id":"https:\/\/www.reconoce.mx\/?p=60869"},"wordCount":632,"commentCount":0,"publisher":{"@id":"http:\/\/www.reconoce.mx\/#organization"},"image":{"@id":"https:\/\/www.reconoce.mx\/?p=60869#primaryimage"},"thumbnailUrl":"http:\/\/www.reconoce.mx\/wp-content\/uploads\/2017\/05\/frontera-eeuu-mexico.png","articleSection":["Conciencia","Derechos Humanos","Principal"],"inLanguage":"es","potentialAction":[{"@type":"CommentAction","name":"Comment","target":["https:\/\/www.reconoce.mx\/?p=60869#respond"]}]},{"@type":"WebPage","@id":"https:\/\/www.reconoce.mx\/?p=60869","url":"https:\/\/www.reconoce.mx\/?p=60869","name":"El drama de las familias separadas por los muros fronterizos &#171; Reconoce MX","isPartOf":{"@id":"http:\/\/www.reconoce.mx\/#website"},"primaryImageOfPage":{"@id":"https:\/\/www.reconoce.mx\/?p=60869#primaryimage"},"image":{"@id":"https:\/\/www.reconoce.mx\/?p=60869#primaryimage"},"thumbnailUrl":"http:\/\/www.reconoce.mx\/wp-content\/uploads\/2017\/05\/frontera-eeuu-mexico.png","datePublished":"2017-05-08T05:03:11+00:00","dateModified":"2017-05-08T14:30:53+00:00","breadcrumb":{"@id":"https:\/\/www.reconoce.mx\/?p=60869#breadcrumb"},"inLanguage":"es","potentialAction":[{"@type":"ReadAction","target":["https:\/\/www.reconoce.mx\/?p=60869"]}]},{"@type":"ImageObject","inLanguage":"es","@id":"https:\/\/www.reconoce.mx\/?p=60869#primaryimage","url":"http:\/\/www.reconoce.mx\/wp-content\/uploads\/2017\/05\/frontera-eeuu-mexico.png","contentUrl":"http:\/\/www.reconoce.mx\/wp-content\/uploads\/2017\/05\/frontera-eeuu-mexico.png","width":590,"height":380},{"@type":"BreadcrumbList","@id":"https:\/\/www.reconoce.mx\/?p=60869#breadcrumb","itemListElement":[{"@type":"ListItem","position":1,"name":"Portada","item":"http:\/\/www.reconoce.mx\/"},{"@type":"ListItem","position":2,"name":"El drama de las familias separadas por los muros fronterizos"}]},{"@type":"WebSite","@id":"http:\/\/www.reconoce.mx\/#website","url":"http:\/\/www.reconoce.mx\/","name":"Reconoce MX","description":"En Reconoce MX difundimos arte, cultura y conciencia social en M\u00e9xico. Tu ciudad en otra perspectiva.","publisher":{"@id":"http:\/\/www.reconoce.mx\/#organization"},"potentialAction":[{"@type":"SearchAction","target":{"@type":"EntryPoint","urlTemplate":"http:\/\/www.reconoce.mx\/?s={search_term_string}"},"query-input":{"@type":"PropertyValueSpecification","valueRequired":true,"valueName":"search_term_string"}}],"inLanguage":"es"},{"@type":"Organization","@id":"http:\/\/www.reconoce.mx\/#organization","name":"Reconoce MX","url":"http:\/\/www.reconoce.mx\/","logo":{"@type":"ImageObject","inLanguage":"es","@id":"http:\/\/www.reconoce.mx\/#\/schema\/logo\/image\/","url":"https:\/\/www.reconoce.mx\/wp-content\/uploads\/2019\/03\/logorcmx-good-1.png","contentUrl":"https:\/\/www.reconoce.mx\/wp-content\/uploads\/2019\/03\/logorcmx-good-1.png","width":280,"height":90,"caption":"Reconoce MX"},"image":{"@id":"http:\/\/www.reconoce.mx\/#\/schema\/logo\/image\/"},"sameAs":["https:\/\/es-la.facebook.com\/ReconoceMX\/","https:\/\/x.com\/reconocemx","http:\/\/@reconocemx"]},{"@type":"Person","@id":"http:\/\/www.reconoce.mx\/#\/schema\/person\/2117e997d7051dc15d6880eaf9bca0b2","name":"Reconoce MX","image":{"@type":"ImageObject","inLanguage":"es","@id":"http:\/\/www.reconoce.mx\/#\/schema\/person\/image\/","url":"https:\/\/secure.gravatar.com\/avatar\/6c8d4dc7569ca1c90c5fdcc349f839d5ddef6fe1e70b4337ead2ef1a4c43fc3a?s=96&d=identicon&r=g","contentUrl":"https:\/\/secure.gravatar.com\/avatar\/6c8d4dc7569ca1c90c5fdcc349f839d5ddef6fe1e70b4337ead2ef1a4c43fc3a?s=96&d=identicon&r=g","caption":"Reconoce MX"},"description":"Reconoce MX es un proyecto de difusi\u00f3n art\u00edstica, cultural y de conciencia social que est\u00e1 enfocado a difundir y fomentar el entretenimiento alternativo de calidad para todo el p\u00fablico que comparta el mismo entusiasmo.","sameAs":["http:\/\/www.reconoce.mx"],"url":"http:\/\/www.reconoce.mx\/?author=2"}]}},"_links":{"self":[{"href":"http:\/\/www.reconoce.mx\/index.php?rest_route=\/wp\/v2\/posts\/60869","targetHints":{"allow":["GET"]}}],"collection":[{"href":"http:\/\/www.reconoce.mx\/index.php?rest_route=\/wp\/v2\/posts"}],"about":[{"href":"http:\/\/www.reconoce.mx\/index.php?rest_route=\/wp\/v2\/types\/post"}],"author":[{"embeddable":true,"href":"http:\/\/www.reconoce.mx\/index.php?rest_route=\/wp\/v2\/users\/2"}],"replies":[{"embeddable":true,"href":"http:\/\/www.reconoce.mx\/index.php?rest_route=%2Fwp%2Fv2%2Fcomments&post=60869"}],"version-history":[{"count":1,"href":"http:\/\/www.reconoce.mx\/index.php?rest_route=\/wp\/v2\/posts\/60869\/revisions"}],"predecessor-version":[{"id":60871,"href":"http:\/\/www.reconoce.mx\/index.php?rest_route=\/wp\/v2\/posts\/60869\/revisions\/60871"}],"wp:featuredmedia":[{"embeddable":true,"href":"http:\/\/www.reconoce.mx\/index.php?rest_route=\/wp\/v2\/media\/60870"}],"wp:attachment":[{"href":"http:\/\/www.reconoce.mx\/index.php?rest_route=%2Fwp%2Fv2%2Fmedia&parent=60869"}],"wp:term":[{"taxonomy":"category","embeddable":true,"href":"http:\/\/www.reconoce.mx\/index.php?rest_route=%2Fwp%2Fv2%2Fcategories&post=60869"},{"taxonomy":"post_tag","embeddable":true,"href":"http:\/\/www.reconoce.mx\/index.php?rest_route=%2Fwp%2Fv2%2Ftags&post=60869"}],"curies":[{"name":"wp","href":"https:\/\/api.w.org\/{rel}","templated":true}]}}