{"id":60884,"date":"2017-05-08T00:02:03","date_gmt":"2017-05-08T05:02:03","guid":{"rendered":"http:\/\/www.reconoce.mx\/?p=60884"},"modified":"2017-05-08T09:30:40","modified_gmt":"2017-05-08T14:30:40","slug":"5rolasparalasemana-del-08-al-12-de-mayo","status":"publish","type":"post","link":"http:\/\/www.reconoce.mx\/?p=60884","title":{"rendered":"#5RolasParaLaSemana del 08 al 12 de mayo"},"content":{"rendered":"<p><strong>Por <a title=\"@AsfaltosTweets\" href=\"http:\/\/twitter.com\/AsfaltosTweets\" target=\"_blank\" rel=\"noopener noreferrer\">Asfaltos<\/a><\/strong>.<\/p>\n<p>Lunes, lunes de las <a href=\"http:\/\/www.reconoce.mx\/category\/cultura\/musica\/5rolasparalasemana\/\" target=\"_blank\" rel=\"noopener noreferrer\">#5RolasParaLaSemana<\/a>. Ya lo saben, las <a href=\"http:\/\/www.reconoce.mx\/category\/cultura\/musica\/5rolasparalasemana\/\" target=\"_blank\" rel=\"noopener noreferrer\">#5RolasParaLaSemana<\/a> son este breve y conciso <em>tracklist<\/em> en el que me permito compartir con ustedes las novedades musicales de la escena nacional que semanalmente se dan a conocer. S\u00ed, como ya lo he advertido tambi\u00e9n, se encontrar\u00e1n con alguna que otra canci\u00f3n de fuera de nuestras fronteras; eso s\u00ed, de todas las rolas elegidas les aseguro que se encontrar\u00e1n con alguna que se insertar\u00e1 en su imaginario sonoro. Sin m\u00e1s, \u00a1qu\u00e9 vengan las <a href=\"http:\/\/www.reconoce.mx\/category\/cultura\/musica\/5rolasparalasemana\/\" target=\"_blank\" rel=\"noopener noreferrer\">#5RolasParaLaSemana<\/a> de la segunda semana de mayo de 2017!<\/p>\n<p><iframe loading=\"lazy\" src=\"http:\/\/www.deezer.com\/plugins\/player?format=square&amp;autoplay=false&amp;playlist=false&amp;width=300&amp;height=300&amp;color=007FEB&amp;layout=dark&amp;size=medium&amp;type=playlist&amp;id=3096447986&amp;app_id=1\" width=\"300\" height=\"300\" frameborder=\"0\" scrolling=\"no\"><\/iframe><\/p>\n<h2><strong>\u00abAlqu\u00edmico\u00bb, de Genitallica<\/strong><\/h2>\n<p><a href=\"http:\/\/www.reconoce.mx\/wp-content\/uploads\/2017\/05\/Alqui\u0301mico-Genitallica.jpg\"><img loading=\"lazy\" decoding=\"async\" class=\"aligncenter size-full wp-image-60888\" src=\"http:\/\/www.reconoce.mx\/wp-content\/uploads\/2017\/05\/Alqui\u0301mico-Genitallica.jpg\" alt=\"\" width=\"1400\" height=\"1400\" srcset=\"http:\/\/www.reconoce.mx\/wp-content\/uploads\/2017\/05\/Alqui\u0301mico-Genitallica.jpg 1400w, http:\/\/www.reconoce.mx\/wp-content\/uploads\/2017\/05\/Alqui\u0301mico-Genitallica-150x150.jpg 150w, http:\/\/www.reconoce.mx\/wp-content\/uploads\/2017\/05\/Alqui\u0301mico-Genitallica-300x300.jpg 300w, http:\/\/www.reconoce.mx\/wp-content\/uploads\/2017\/05\/Alqui\u0301mico-Genitallica-768x768.jpg 768w, http:\/\/www.reconoce.mx\/wp-content\/uploads\/2017\/05\/Alqui\u0301mico-Genitallica-1024x1024.jpg 1024w, http:\/\/www.reconoce.mx\/wp-content\/uploads\/2017\/05\/Alqui\u0301mico-Genitallica-65x65.jpg 65w, http:\/\/www.reconoce.mx\/wp-content\/uploads\/2017\/05\/Alqui\u0301mico-Genitallica-700x700.jpg 700w, http:\/\/www.reconoce.mx\/wp-content\/uploads\/2017\/05\/Alqui\u0301mico-Genitallica-658x658.jpg 658w\" sizes=\"auto, (max-width: 1400px) 100vw, 1400px\" \/><\/a><\/p>\n<p>Empezamos este listado musical con una melod\u00eda que me produce much\u00edsima nostalgia; y es que s\u00ed, los <strong>Genitallica<\/strong> est\u00e1n de regreso con m\u00fasica nueva, y eso solo puede provocarme una serie de recuerdos. El grupo originario de Monterrey, Nuevo Le\u00f3n, caracterizado por su sonido funk, ska, punk, hip hop y reggae, entre otros, est\u00e1 de regreso en la escena musical para satisfacci\u00f3n de propios y extra\u00f1os. Con \u00abAlqu\u00edmico\u00bb <strong>Genitallica<\/strong> marca su regreso despu\u00e9s de su m\u00e1s reciente \u00abA la larga te acostumbras\u00bb (2014); y s\u00ed, lo hacen con toda la f\u00f3rmula que tanto gusta a sus seguidores. Eso s\u00ed, los a\u00f1os no han pasado en vano, y se percibe de entrada un sonido m\u00e1s s\u00f3lido y maduro que hace notar el trabajo de este grupo que no pierde su alegr\u00eda fiestera. Bajo el nombre de \u00abAlqu\u00edmico\u00bb, el nuevo sencillo -primero de su pr\u00f3ximo sexto \u00e1lbum de estudio, \u00abBien intenso\u00bb- podr\u00edamos denominarlo como una \u00abbalada pecaminosa\u00bb que se antoja para cantar entre amigos en plena borrachera. El adelanto del \u00abBien intenso\u00bb nos deja entonces con un buen primer sabor de boca, que adem\u00e1s -por si fuera poco- estar\u00e1 acompa\u00f1ado de una l\u00ednea de cerveza exclusiva que no servir\u00e1 mas que para terminar de ponernos a tono. <strong>Genitallica<\/strong> estar\u00e1n girando por M\u00e9xico, Centroam\u00e9rica y Estados Unidos.<\/p>\n<h2><strong>\u00abFract\u00fabela\u00bb, de Tino el Ping\u00fcino<\/strong><\/h2>\n<p><a href=\"http:\/\/www.reconoce.mx\/wp-content\/uploads\/2017\/05\/1492444840936-FRACTUBELA_1600x1600.png\"><img loading=\"lazy\" decoding=\"async\" class=\"aligncenter size-full wp-image-60887\" src=\"http:\/\/www.reconoce.mx\/wp-content\/uploads\/2017\/05\/1492444840936-FRACTUBELA_1600x1600.png\" alt=\"\" width=\"1600\" height=\"1600\" srcset=\"http:\/\/www.reconoce.mx\/wp-content\/uploads\/2017\/05\/1492444840936-FRACTUBELA_1600x1600.png 1600w, http:\/\/www.reconoce.mx\/wp-content\/uploads\/2017\/05\/1492444840936-FRACTUBELA_1600x1600-150x150.png 150w, http:\/\/www.reconoce.mx\/wp-content\/uploads\/2017\/05\/1492444840936-FRACTUBELA_1600x1600-300x300.png 300w, http:\/\/www.reconoce.mx\/wp-content\/uploads\/2017\/05\/1492444840936-FRACTUBELA_1600x1600-768x768.png 768w, http:\/\/www.reconoce.mx\/wp-content\/uploads\/2017\/05\/1492444840936-FRACTUBELA_1600x1600-1024x1024.png 1024w, http:\/\/www.reconoce.mx\/wp-content\/uploads\/2017\/05\/1492444840936-FRACTUBELA_1600x1600-65x65.png 65w, http:\/\/www.reconoce.mx\/wp-content\/uploads\/2017\/05\/1492444840936-FRACTUBELA_1600x1600-700x700.png 700w, http:\/\/www.reconoce.mx\/wp-content\/uploads\/2017\/05\/1492444840936-FRACTUBELA_1600x1600-658x658.png 658w\" sizes=\"auto, (max-width: 1600px) 100vw, 1600px\" \/><\/a><\/p>\n<p><strong>Franco Genel<\/strong>, conocido por la banda como <strong>Tino El Ping\u00fcino<\/strong>, es ya un nombre reconocido en el hip-hop nacional. Su participaci\u00f3n activa en el medio le ha dado nombre; y el cari\u00f1o de sus seguidores le ha ganado presentaciones. Su crecimiento, por lo mismo, es tambi\u00e9n evidente y aplaudible; para <strong>Tino El Ping\u00fcino<\/strong> no hay m\u00e1s que seguir creciendo. Por ello, a pesar de haber lanzado en septiembre del a\u00f1o pasado su m\u00e1s reciente \u00abDe vuelta en el lodo\u00bb, <strong>Tino El Ping\u00fcino<\/strong> ha lanzado recientemente una nueva canci\u00f3n titulada \u00abFract\u00fabela\u00bb. La propuesta a m\u00ed se me hizo refrescante por el hecho de meter elementos como un beat poco com\u00fan, una guitarra y sonidos electr\u00f3nicos, junto a los ya tradicionales versos y rimas del rapero que sabe c\u00f3mo utilizar las palabras para de inmediato encantar. Muy activo anda entonces Tino, al que habr\u00e1 que estarle siguiendo en los pr\u00f3ximas semanas para conocer si se viene algo m\u00e1s, o por lo pronto nuevas melod\u00edas. Eso s\u00ed, su inquietud musica se aplaude y agradece.<\/p>\n<h2><strong>\u00abCanci\u00f3n para ti\u00bb, de Adi\u00f3s Par\u00eds<\/strong><\/h2>\n<p><a href=\"http:\/\/www.reconoce.mx\/wp-content\/uploads\/2017\/05\/17951843_1418470668214245_7515948580826703453_n.jpg\"><img loading=\"lazy\" decoding=\"async\" class=\"aligncenter size-full wp-image-60885\" src=\"http:\/\/www.reconoce.mx\/wp-content\/uploads\/2017\/05\/17951843_1418470668214245_7515948580826703453_n.jpg\" alt=\"\" width=\"960\" height=\"960\" srcset=\"http:\/\/www.reconoce.mx\/wp-content\/uploads\/2017\/05\/17951843_1418470668214245_7515948580826703453_n.jpg 960w, http:\/\/www.reconoce.mx\/wp-content\/uploads\/2017\/05\/17951843_1418470668214245_7515948580826703453_n-150x150.jpg 150w, http:\/\/www.reconoce.mx\/wp-content\/uploads\/2017\/05\/17951843_1418470668214245_7515948580826703453_n-300x300.jpg 300w, http:\/\/www.reconoce.mx\/wp-content\/uploads\/2017\/05\/17951843_1418470668214245_7515948580826703453_n-768x768.jpg 768w, http:\/\/www.reconoce.mx\/wp-content\/uploads\/2017\/05\/17951843_1418470668214245_7515948580826703453_n-65x65.jpg 65w, http:\/\/www.reconoce.mx\/wp-content\/uploads\/2017\/05\/17951843_1418470668214245_7515948580826703453_n-700x700.jpg 700w, http:\/\/www.reconoce.mx\/wp-content\/uploads\/2017\/05\/17951843_1418470668214245_7515948580826703453_n-658x658.jpg 658w\" sizes=\"auto, (max-width: 960px) 100vw, 960px\" \/><\/a><\/p>\n<p>El proyecto de <strong>Ren\u00e9 Lugo<\/strong>, <strong>Adi\u00f3s Par\u00eds<\/strong>, est\u00e1 de regreso con m\u00fasica nueva que le hace romper algunos de los esquemas que como m\u00fasico \u00e9l mismo se hab\u00eda establecido. Con una melod\u00eda bailable, pero al mismo tiempo rom\u00e1ntica, digna de disfrutarse al calor de la playa, ahora que los calores andan en aumento, \u00abCanci\u00f3n para ti\u00bb es la nueva apuesta de <strong>Adi\u00f3s Par\u00eds<\/strong> que se antoja perfecta para la semana que apenas comienza. Ritmos latinos se logran apreciar en esta nueva apuesta de <strong>Adi\u00f3s Par\u00eds<\/strong>. Desde el inicio, con un ritmo agradable y divertido, \u00abCanci\u00f3n para t\u00ed\u00bb es una melod\u00eda sencilla que se antoja perfecta para dedicarle a alguien, al tiempo que se le invita a bailar en una tarde llena de sol, arena y mar.<\/p>\n<h2><strong>\u00abQuebrar las ventanas\u00bb, de Centavrvs<\/strong><\/h2>\n<p><a href=\"http:\/\/www.reconoce.mx\/wp-content\/uploads\/2017\/05\/18194973_1708260592533726_562977344024723769_n.jpg\"><img loading=\"lazy\" decoding=\"async\" class=\"aligncenter size-full wp-image-60886\" src=\"http:\/\/www.reconoce.mx\/wp-content\/uploads\/2017\/05\/18194973_1708260592533726_562977344024723769_n.jpg\" alt=\"\" width=\"960\" height=\"960\" srcset=\"http:\/\/www.reconoce.mx\/wp-content\/uploads\/2017\/05\/18194973_1708260592533726_562977344024723769_n.jpg 960w, http:\/\/www.reconoce.mx\/wp-content\/uploads\/2017\/05\/18194973_1708260592533726_562977344024723769_n-150x150.jpg 150w, http:\/\/www.reconoce.mx\/wp-content\/uploads\/2017\/05\/18194973_1708260592533726_562977344024723769_n-300x300.jpg 300w, http:\/\/www.reconoce.mx\/wp-content\/uploads\/2017\/05\/18194973_1708260592533726_562977344024723769_n-768x768.jpg 768w, http:\/\/www.reconoce.mx\/wp-content\/uploads\/2017\/05\/18194973_1708260592533726_562977344024723769_n-65x65.jpg 65w, http:\/\/www.reconoce.mx\/wp-content\/uploads\/2017\/05\/18194973_1708260592533726_562977344024723769_n-700x700.jpg 700w, http:\/\/www.reconoce.mx\/wp-content\/uploads\/2017\/05\/18194973_1708260592533726_562977344024723769_n-658x658.jpg 658w\" sizes=\"auto, (max-width: 960px) 100vw, 960px\" \/><\/a><\/p>\n<p>\u00a1Habemvs nvevo sencillo de los <strong>Centavrvs<\/strong>! Despu\u00e9s de habernos regalado su \u00abPunto final\u00bb hace ya algunos meses, los <strong>Centavrvs<\/strong> regresan a la escena con un nuevo sencillo que contin\u00faa d\u00e1ndonos algunas pistas de lo que nos espera con respecto a esta banda que gusta combinar sonidos de la m\u00fasica regional mexicana, con elementos actuales m\u00e1s modernos. El nuevo sencillo se llama \u00abQuebrar las ventanas\u00bb, y fue grabado en los estudios <strong>Panoram<\/strong> y <strong>Topetitud<\/strong> bajo la gu\u00eda del productor <strong>Tweety Gonz\u00e1lez<\/strong>. El estreno, que se dio una vez m\u00e1s a trav\u00e9s de <strong>Beats 1<\/strong> de <strong>Apple Music<\/strong>, es un nuevo adelanto del pr\u00f3ximo y muy esperado material de la banda. El arte del sencillo, realizado por <strong>Kraken<\/strong>, denota que si bien es una melod\u00eda alegre por su sonido, \u00abQuebrar las ventanas\u00bb tambi\u00e9n guarda un mensaje de esperanza para todos aquellos que han sufrido de la represi\u00f3n. Lamentablemente, como sucede con cada estreno musical -en este caso-, la canci\u00f3n vuelve a encajar en momentos dif\u00edciles que se viven por ejemplo en Ciudad de M\u00e9xico. \u00abQuebrar las ventanas\u00bb nos hace ya carcomernos las u\u00f1as por saber lo que se viene m\u00e1s adelante; en verdad lo esperamos mucho, pues la rola marca una tendencia favorable que nos da mucho que desear.<\/p>\n<h2><strong>\u00abOportunidad de oro\u00bb, de Quiero Club<\/strong><\/h2>\n<p><a href=\"http:\/\/www.reconoce.mx\/wp-content\/uploads\/2017\/05\/xquiero-club-oportunidad-de-oro.jpg.pagespeed.ic_.dSR3vSD9v6.jpg\"><img loading=\"lazy\" decoding=\"async\" class=\"aligncenter size-full wp-image-60889\" src=\"http:\/\/www.reconoce.mx\/wp-content\/uploads\/2017\/05\/xquiero-club-oportunidad-de-oro.jpg.pagespeed.ic_.dSR3vSD9v6.jpg\" alt=\"\" width=\"960\" height=\"960\" srcset=\"http:\/\/www.reconoce.mx\/wp-content\/uploads\/2017\/05\/xquiero-club-oportunidad-de-oro.jpg.pagespeed.ic_.dSR3vSD9v6.jpg 960w, http:\/\/www.reconoce.mx\/wp-content\/uploads\/2017\/05\/xquiero-club-oportunidad-de-oro.jpg.pagespeed.ic_.dSR3vSD9v6-150x150.jpg 150w, http:\/\/www.reconoce.mx\/wp-content\/uploads\/2017\/05\/xquiero-club-oportunidad-de-oro.jpg.pagespeed.ic_.dSR3vSD9v6-300x300.jpg 300w, http:\/\/www.reconoce.mx\/wp-content\/uploads\/2017\/05\/xquiero-club-oportunidad-de-oro.jpg.pagespeed.ic_.dSR3vSD9v6-768x768.jpg 768w, http:\/\/www.reconoce.mx\/wp-content\/uploads\/2017\/05\/xquiero-club-oportunidad-de-oro.jpg.pagespeed.ic_.dSR3vSD9v6-65x65.jpg 65w, http:\/\/www.reconoce.mx\/wp-content\/uploads\/2017\/05\/xquiero-club-oportunidad-de-oro.jpg.pagespeed.ic_.dSR3vSD9v6-700x700.jpg 700w, http:\/\/www.reconoce.mx\/wp-content\/uploads\/2017\/05\/xquiero-club-oportunidad-de-oro.jpg.pagespeed.ic_.dSR3vSD9v6-658x658.jpg 658w\" sizes=\"auto, (max-width: 960px) 100vw, 960px\" \/><\/a><\/p>\n<p>Hace algunas semanas nos enteramos a trav\u00e9s de redes sociales que una de los cuatro integrantes de <strong>Quiero Club<\/strong>, <strong>Marcela Viejo<\/strong>, se desped\u00eda de la banda para iniciar una aventura como solista. La noticia hizo a muchos lamentar el hecho, pero como bien se dice, el show debe de continuar. <strong>Boscop Benavente<\/strong>, <strong>Luis Ezequiel<\/strong> y <strong>Priscila Gonz\u00e1lez<\/strong> siguen y seguir\u00e1n con <strong>Quiero Club<\/strong>, y la verdad el futuro resulta brillante como el oro. Con un nuevo \u00e1lbum en camino -mismo con el que seguramente Marcela a\u00fan estuvo involucrada-,<strong> Quiero Club<\/strong> lanzaron su m\u00e1s reciente sencillo \u00abOportunidad de oro\u00bb que da continuidad al sonido que le conoc\u00edamos a la banda, sin arriesgar mucho en loq que se refiere a este primer adelanto; pero que eso no se malinterprete, a nosotros nos gusta el sonido de <strong>Quiero Club<\/strong> y el resultado es muy bueno para los o\u00eddos. En lo que respecta a la tem\u00e1tica de la melod\u00eda, nos encontramos con una canci\u00f3n melanc\u00f3lica con visos de alegr\u00eda hacia el final. Lo nuevo de <strong>Quiero Club<\/strong> ver\u00e1 la luz hacia mediados del presente a\u00f1o. S\u00ed, tambi\u00e9n esperamos con ansias escuchar el material completo de la banda regiomontan.<\/p>\n<p style=\"text-align: right;\">Foto: <strong>Holger Prothmann<\/strong>.<\/p>\n<p>&nbsp;<\/p>\n<p>&nbsp;<\/p>\n","protected":false},"excerpt":{"rendered":"<p>Lunes, lunes de las #5RolasParaLaSemana. Ya lo saben, las #5RolasParaLaSemana son este breve y conciso tracklist en el que me permito compartir con ustedes las novedades musicales de la escena nacional que semanalmente se dan a conocer. <\/p>\n","protected":false},"author":2,"featured_media":52739,"comment_status":"open","ping_status":"open","sticky":false,"template":"","format":"standard","meta":{"footnotes":""},"categories":[2652,1,18,17],"tags":[],"class_list":["post-60884","post","type-post","status-publish","format-standard","has-post-thumbnail","hentry","category-5rolasparalasemana","category-cultura","category-musica","category-principal"],"yoast_head":"<!-- This site is optimized with the Yoast SEO plugin v24.7 - https:\/\/yoast.com\/wordpress\/plugins\/seo\/ -->\n<title>#5RolasParaLaSemana del 08 al 12 de mayo &#171; Reconoce MX<\/title>\n<meta name=\"robots\" content=\"index, follow, max-snippet:-1, max-image-preview:large, max-video-preview:-1\" \/>\n<link rel=\"canonical\" href=\"https:\/\/www.reconoce.mx\/?p=60884\" \/>\n<meta property=\"og:locale\" content=\"es_ES\" \/>\n<meta property=\"og:type\" content=\"article\" \/>\n<meta property=\"og:title\" content=\"#5RolasParaLaSemana del 08 al 12 de mayo &#171; Reconoce MX\" \/>\n<meta property=\"og:description\" content=\"Lunes, lunes de las #5RolasParaLaSemana. Ya lo saben, las #5RolasParaLaSemana son este breve y conciso tracklist en el que me permito compartir con ustedes las novedades musicales de la escena nacional que semanalmente se dan a conocer.\" \/>\n<meta property=\"og:url\" content=\"https:\/\/www.reconoce.mx\/?p=60884\" \/>\n<meta property=\"og:site_name\" content=\"Reconoce MX\" \/>\n<meta property=\"article:publisher\" content=\"https:\/\/es-la.facebook.com\/ReconoceMX\/\" \/>\n<meta property=\"article:published_time\" content=\"2017-05-08T05:02:03+00:00\" \/>\n<meta property=\"article:modified_time\" content=\"2017-05-08T14:30:40+00:00\" \/>\n<meta property=\"og:image\" content=\"https:\/\/www.reconoce.mx\/wp-content\/uploads\/2016\/09\/5RolasParaLaSemana-cover.png\" \/>\n\t<meta property=\"og:image:width\" content=\"590\" \/>\n\t<meta property=\"og:image:height\" content=\"380\" \/>\n\t<meta property=\"og:image:type\" content=\"image\/png\" \/>\n<meta name=\"author\" content=\"Reconoce MX\" \/>\n<meta name=\"twitter:card\" content=\"summary_large_image\" \/>\n<meta name=\"twitter:creator\" content=\"@reconocemx\" \/>\n<meta name=\"twitter:site\" content=\"@reconocemx\" \/>\n<meta name=\"twitter:label1\" content=\"Escrito por\" \/>\n\t<meta name=\"twitter:data1\" content=\"Reconoce MX\" \/>\n\t<meta name=\"twitter:label2\" content=\"Tiempo de lectura\" \/>\n\t<meta name=\"twitter:data2\" content=\"6 minutos\" \/>\n<script type=\"application\/ld+json\" class=\"yoast-schema-graph\">{\"@context\":\"https:\/\/schema.org\",\"@graph\":[{\"@type\":\"Article\",\"@id\":\"https:\/\/www.reconoce.mx\/?p=60884#article\",\"isPartOf\":{\"@id\":\"https:\/\/www.reconoce.mx\/?p=60884\"},\"author\":{\"name\":\"Reconoce MX\",\"@id\":\"http:\/\/www.reconoce.mx\/#\/schema\/person\/2117e997d7051dc15d6880eaf9bca0b2\"},\"headline\":\"#5RolasParaLaSemana del 08 al 12 de mayo\",\"datePublished\":\"2017-05-08T05:02:03+00:00\",\"dateModified\":\"2017-05-08T14:30:40+00:00\",\"mainEntityOfPage\":{\"@id\":\"https:\/\/www.reconoce.mx\/?p=60884\"},\"wordCount\":1137,\"commentCount\":0,\"publisher\":{\"@id\":\"http:\/\/www.reconoce.mx\/#organization\"},\"image\":{\"@id\":\"https:\/\/www.reconoce.mx\/?p=60884#primaryimage\"},\"thumbnailUrl\":\"http:\/\/www.reconoce.mx\/wp-content\/uploads\/2016\/09\/5RolasParaLaSemana-cover.png\",\"articleSection\":[\"#5RolasParaLaSemana\",\"Cultura\",\"M\u00fasica\",\"Principal\"],\"inLanguage\":\"es\",\"potentialAction\":[{\"@type\":\"CommentAction\",\"name\":\"Comment\",\"target\":[\"https:\/\/www.reconoce.mx\/?p=60884#respond\"]}]},{\"@type\":\"WebPage\",\"@id\":\"https:\/\/www.reconoce.mx\/?p=60884\",\"url\":\"https:\/\/www.reconoce.mx\/?p=60884\",\"name\":\"#5RolasParaLaSemana del 08 al 12 de mayo &#171; Reconoce MX\",\"isPartOf\":{\"@id\":\"http:\/\/www.reconoce.mx\/#website\"},\"primaryImageOfPage\":{\"@id\":\"https:\/\/www.reconoce.mx\/?p=60884#primaryimage\"},\"image\":{\"@id\":\"https:\/\/www.reconoce.mx\/?p=60884#primaryimage\"},\"thumbnailUrl\":\"http:\/\/www.reconoce.mx\/wp-content\/uploads\/2016\/09\/5RolasParaLaSemana-cover.png\",\"datePublished\":\"2017-05-08T05:02:03+00:00\",\"dateModified\":\"2017-05-08T14:30:40+00:00\",\"breadcrumb\":{\"@id\":\"https:\/\/www.reconoce.mx\/?p=60884#breadcrumb\"},\"inLanguage\":\"es\",\"potentialAction\":[{\"@type\":\"ReadAction\",\"target\":[\"https:\/\/www.reconoce.mx\/?p=60884\"]}]},{\"@type\":\"ImageObject\",\"inLanguage\":\"es\",\"@id\":\"https:\/\/www.reconoce.mx\/?p=60884#primaryimage\",\"url\":\"http:\/\/www.reconoce.mx\/wp-content\/uploads\/2016\/09\/5RolasParaLaSemana-cover.png\",\"contentUrl\":\"http:\/\/www.reconoce.mx\/wp-content\/uploads\/2016\/09\/5RolasParaLaSemana-cover.png\",\"width\":590,\"height\":380},{\"@type\":\"BreadcrumbList\",\"@id\":\"https:\/\/www.reconoce.mx\/?p=60884#breadcrumb\",\"itemListElement\":[{\"@type\":\"ListItem\",\"position\":1,\"name\":\"Portada\",\"item\":\"http:\/\/www.reconoce.mx\/\"},{\"@type\":\"ListItem\",\"position\":2,\"name\":\"#5RolasParaLaSemana del 08 al 12 de mayo\"}]},{\"@type\":\"WebSite\",\"@id\":\"http:\/\/www.reconoce.mx\/#website\",\"url\":\"http:\/\/www.reconoce.mx\/\",\"name\":\"Reconoce MX\",\"description\":\"En Reconoce MX difundimos arte, cultura y conciencia social en M\u00e9xico. Tu ciudad en otra perspectiva.\",\"publisher\":{\"@id\":\"http:\/\/www.reconoce.mx\/#organization\"},\"potentialAction\":[{\"@type\":\"SearchAction\",\"target\":{\"@type\":\"EntryPoint\",\"urlTemplate\":\"http:\/\/www.reconoce.mx\/?s={search_term_string}\"},\"query-input\":{\"@type\":\"PropertyValueSpecification\",\"valueRequired\":true,\"valueName\":\"search_term_string\"}}],\"inLanguage\":\"es\"},{\"@type\":\"Organization\",\"@id\":\"http:\/\/www.reconoce.mx\/#organization\",\"name\":\"Reconoce MX\",\"url\":\"http:\/\/www.reconoce.mx\/\",\"logo\":{\"@type\":\"ImageObject\",\"inLanguage\":\"es\",\"@id\":\"http:\/\/www.reconoce.mx\/#\/schema\/logo\/image\/\",\"url\":\"https:\/\/www.reconoce.mx\/wp-content\/uploads\/2019\/03\/logorcmx-good-1.png\",\"contentUrl\":\"https:\/\/www.reconoce.mx\/wp-content\/uploads\/2019\/03\/logorcmx-good-1.png\",\"width\":280,\"height\":90,\"caption\":\"Reconoce MX\"},\"image\":{\"@id\":\"http:\/\/www.reconoce.mx\/#\/schema\/logo\/image\/\"},\"sameAs\":[\"https:\/\/es-la.facebook.com\/ReconoceMX\/\",\"https:\/\/x.com\/reconocemx\",\"http:\/\/@reconocemx\"]},{\"@type\":\"Person\",\"@id\":\"http:\/\/www.reconoce.mx\/#\/schema\/person\/2117e997d7051dc15d6880eaf9bca0b2\",\"name\":\"Reconoce MX\",\"image\":{\"@type\":\"ImageObject\",\"inLanguage\":\"es\",\"@id\":\"http:\/\/www.reconoce.mx\/#\/schema\/person\/image\/\",\"url\":\"https:\/\/secure.gravatar.com\/avatar\/6c8d4dc7569ca1c90c5fdcc349f839d5ddef6fe1e70b4337ead2ef1a4c43fc3a?s=96&d=identicon&r=g\",\"contentUrl\":\"https:\/\/secure.gravatar.com\/avatar\/6c8d4dc7569ca1c90c5fdcc349f839d5ddef6fe1e70b4337ead2ef1a4c43fc3a?s=96&d=identicon&r=g\",\"caption\":\"Reconoce MX\"},\"description\":\"Reconoce MX es un proyecto de difusi\u00f3n art\u00edstica, cultural y de conciencia social que est\u00e1 enfocado a difundir y fomentar el entretenimiento alternativo de calidad para todo el p\u00fablico que comparta el mismo entusiasmo.\",\"sameAs\":[\"http:\/\/www.reconoce.mx\"],\"url\":\"http:\/\/www.reconoce.mx\/?author=2\"}]}<\/script>\n<!-- \/ Yoast SEO plugin. -->","yoast_head_json":{"title":"#5RolasParaLaSemana del 08 al 12 de mayo &#171; Reconoce MX","robots":{"index":"index","follow":"follow","max-snippet":"max-snippet:-1","max-image-preview":"max-image-preview:large","max-video-preview":"max-video-preview:-1"},"canonical":"https:\/\/www.reconoce.mx\/?p=60884","og_locale":"es_ES","og_type":"article","og_title":"#5RolasParaLaSemana del 08 al 12 de mayo &#171; Reconoce MX","og_description":"Lunes, lunes de las #5RolasParaLaSemana. Ya lo saben, las #5RolasParaLaSemana son este breve y conciso tracklist en el que me permito compartir con ustedes las novedades musicales de la escena nacional que semanalmente se dan a conocer.","og_url":"https:\/\/www.reconoce.mx\/?p=60884","og_site_name":"Reconoce MX","article_publisher":"https:\/\/es-la.facebook.com\/ReconoceMX\/","article_published_time":"2017-05-08T05:02:03+00:00","article_modified_time":"2017-05-08T14:30:40+00:00","og_image":[{"width":590,"height":380,"url":"https:\/\/www.reconoce.mx\/wp-content\/uploads\/2016\/09\/5RolasParaLaSemana-cover.png","type":"image\/png"}],"author":"Reconoce MX","twitter_card":"summary_large_image","twitter_creator":"@reconocemx","twitter_site":"@reconocemx","twitter_misc":{"Escrito por":"Reconoce MX","Tiempo de lectura":"6 minutos"},"schema":{"@context":"https:\/\/schema.org","@graph":[{"@type":"Article","@id":"https:\/\/www.reconoce.mx\/?p=60884#article","isPartOf":{"@id":"https:\/\/www.reconoce.mx\/?p=60884"},"author":{"name":"Reconoce MX","@id":"http:\/\/www.reconoce.mx\/#\/schema\/person\/2117e997d7051dc15d6880eaf9bca0b2"},"headline":"#5RolasParaLaSemana del 08 al 12 de mayo","datePublished":"2017-05-08T05:02:03+00:00","dateModified":"2017-05-08T14:30:40+00:00","mainEntityOfPage":{"@id":"https:\/\/www.reconoce.mx\/?p=60884"},"wordCount":1137,"commentCount":0,"publisher":{"@id":"http:\/\/www.reconoce.mx\/#organization"},"image":{"@id":"https:\/\/www.reconoce.mx\/?p=60884#primaryimage"},"thumbnailUrl":"http:\/\/www.reconoce.mx\/wp-content\/uploads\/2016\/09\/5RolasParaLaSemana-cover.png","articleSection":["#5RolasParaLaSemana","Cultura","M\u00fasica","Principal"],"inLanguage":"es","potentialAction":[{"@type":"CommentAction","name":"Comment","target":["https:\/\/www.reconoce.mx\/?p=60884#respond"]}]},{"@type":"WebPage","@id":"https:\/\/www.reconoce.mx\/?p=60884","url":"https:\/\/www.reconoce.mx\/?p=60884","name":"#5RolasParaLaSemana del 08 al 12 de mayo &#171; Reconoce MX","isPartOf":{"@id":"http:\/\/www.reconoce.mx\/#website"},"primaryImageOfPage":{"@id":"https:\/\/www.reconoce.mx\/?p=60884#primaryimage"},"image":{"@id":"https:\/\/www.reconoce.mx\/?p=60884#primaryimage"},"thumbnailUrl":"http:\/\/www.reconoce.mx\/wp-content\/uploads\/2016\/09\/5RolasParaLaSemana-cover.png","datePublished":"2017-05-08T05:02:03+00:00","dateModified":"2017-05-08T14:30:40+00:00","breadcrumb":{"@id":"https:\/\/www.reconoce.mx\/?p=60884#breadcrumb"},"inLanguage":"es","potentialAction":[{"@type":"ReadAction","target":["https:\/\/www.reconoce.mx\/?p=60884"]}]},{"@type":"ImageObject","inLanguage":"es","@id":"https:\/\/www.reconoce.mx\/?p=60884#primaryimage","url":"http:\/\/www.reconoce.mx\/wp-content\/uploads\/2016\/09\/5RolasParaLaSemana-cover.png","contentUrl":"http:\/\/www.reconoce.mx\/wp-content\/uploads\/2016\/09\/5RolasParaLaSemana-cover.png","width":590,"height":380},{"@type":"BreadcrumbList","@id":"https:\/\/www.reconoce.mx\/?p=60884#breadcrumb","itemListElement":[{"@type":"ListItem","position":1,"name":"Portada","item":"http:\/\/www.reconoce.mx\/"},{"@type":"ListItem","position":2,"name":"#5RolasParaLaSemana del 08 al 12 de mayo"}]},{"@type":"WebSite","@id":"http:\/\/www.reconoce.mx\/#website","url":"http:\/\/www.reconoce.mx\/","name":"Reconoce MX","description":"En Reconoce MX difundimos arte, cultura y conciencia social en M\u00e9xico. Tu ciudad en otra perspectiva.","publisher":{"@id":"http:\/\/www.reconoce.mx\/#organization"},"potentialAction":[{"@type":"SearchAction","target":{"@type":"EntryPoint","urlTemplate":"http:\/\/www.reconoce.mx\/?s={search_term_string}"},"query-input":{"@type":"PropertyValueSpecification","valueRequired":true,"valueName":"search_term_string"}}],"inLanguage":"es"},{"@type":"Organization","@id":"http:\/\/www.reconoce.mx\/#organization","name":"Reconoce MX","url":"http:\/\/www.reconoce.mx\/","logo":{"@type":"ImageObject","inLanguage":"es","@id":"http:\/\/www.reconoce.mx\/#\/schema\/logo\/image\/","url":"https:\/\/www.reconoce.mx\/wp-content\/uploads\/2019\/03\/logorcmx-good-1.png","contentUrl":"https:\/\/www.reconoce.mx\/wp-content\/uploads\/2019\/03\/logorcmx-good-1.png","width":280,"height":90,"caption":"Reconoce MX"},"image":{"@id":"http:\/\/www.reconoce.mx\/#\/schema\/logo\/image\/"},"sameAs":["https:\/\/es-la.facebook.com\/ReconoceMX\/","https:\/\/x.com\/reconocemx","http:\/\/@reconocemx"]},{"@type":"Person","@id":"http:\/\/www.reconoce.mx\/#\/schema\/person\/2117e997d7051dc15d6880eaf9bca0b2","name":"Reconoce MX","image":{"@type":"ImageObject","inLanguage":"es","@id":"http:\/\/www.reconoce.mx\/#\/schema\/person\/image\/","url":"https:\/\/secure.gravatar.com\/avatar\/6c8d4dc7569ca1c90c5fdcc349f839d5ddef6fe1e70b4337ead2ef1a4c43fc3a?s=96&d=identicon&r=g","contentUrl":"https:\/\/secure.gravatar.com\/avatar\/6c8d4dc7569ca1c90c5fdcc349f839d5ddef6fe1e70b4337ead2ef1a4c43fc3a?s=96&d=identicon&r=g","caption":"Reconoce MX"},"description":"Reconoce MX es un proyecto de difusi\u00f3n art\u00edstica, cultural y de conciencia social que est\u00e1 enfocado a difundir y fomentar el entretenimiento alternativo de calidad para todo el p\u00fablico que comparta el mismo entusiasmo.","sameAs":["http:\/\/www.reconoce.mx"],"url":"http:\/\/www.reconoce.mx\/?author=2"}]}},"_links":{"self":[{"href":"http:\/\/www.reconoce.mx\/index.php?rest_route=\/wp\/v2\/posts\/60884","targetHints":{"allow":["GET"]}}],"collection":[{"href":"http:\/\/www.reconoce.mx\/index.php?rest_route=\/wp\/v2\/posts"}],"about":[{"href":"http:\/\/www.reconoce.mx\/index.php?rest_route=\/wp\/v2\/types\/post"}],"author":[{"embeddable":true,"href":"http:\/\/www.reconoce.mx\/index.php?rest_route=\/wp\/v2\/users\/2"}],"replies":[{"embeddable":true,"href":"http:\/\/www.reconoce.mx\/index.php?rest_route=%2Fwp%2Fv2%2Fcomments&post=60884"}],"version-history":[{"count":7,"href":"http:\/\/www.reconoce.mx\/index.php?rest_route=\/wp\/v2\/posts\/60884\/revisions"}],"predecessor-version":[{"id":60904,"href":"http:\/\/www.reconoce.mx\/index.php?rest_route=\/wp\/v2\/posts\/60884\/revisions\/60904"}],"wp:featuredmedia":[{"embeddable":true,"href":"http:\/\/www.reconoce.mx\/index.php?rest_route=\/wp\/v2\/media\/52739"}],"wp:attachment":[{"href":"http:\/\/www.reconoce.mx\/index.php?rest_route=%2Fwp%2Fv2%2Fmedia&parent=60884"}],"wp:term":[{"taxonomy":"category","embeddable":true,"href":"http:\/\/www.reconoce.mx\/index.php?rest_route=%2Fwp%2Fv2%2Fcategories&post=60884"},{"taxonomy":"post_tag","embeddable":true,"href":"http:\/\/www.reconoce.mx\/index.php?rest_route=%2Fwp%2Fv2%2Ftags&post=60884"}],"curies":[{"name":"wp","href":"https:\/\/api.w.org\/{rel}","templated":true}]}}