{"id":60894,"date":"2017-05-08T00:04:41","date_gmt":"2017-05-08T05:04:41","guid":{"rendered":"http:\/\/www.reconoce.mx\/?p=60894"},"modified":"2017-08-13T22:46:23","modified_gmt":"2017-08-14T03:46:23","slug":"vicente-garcia-noche-intima-en-el-lunario","status":"publish","type":"post","link":"http:\/\/www.reconoce.mx\/?p=60894","title":{"rendered":"Vicente Garc\u00eda, noche \u00edntima en el Lunario"},"content":{"rendered":"<p><strong>Texto por <a href=\"https:\/\/twitter.com\/jessifma\" target=\"_blank\" rel=\"noopener noreferrer\">Jessica Franco Mar\u00edn<\/a><\/strong>.<br \/>\n<strong>Fotos por <a href=\"https:\/\/www.instagram.com\/alexcfranco\/\" target=\"_blank\" rel=\"noopener noreferrer\">Alexandra Careaga Franco<\/a><\/strong>.<\/p>\n<p><strong>Vicente Garc\u00eda<\/strong>, el cantante y compositor de origen dominicano, se present\u00f3 por primera vez, el pasado 4 de mayo, en el <strong>Lunario del Auditorio Nacional<\/strong>, tocando los temas de su nuevo disco \u201cA la mar\u201d en un concierto que no dej\u00f3 nada que desear pero s\u00ed mucho de qu\u00e9 hablar.<\/p>\n<p><a href=\"http:\/\/www.reconoce.mx\/wp-content\/uploads\/2017\/05\/mareh-1.png\"><img loading=\"lazy\" decoding=\"async\" class=\"aligncenter size-full wp-image-60895\" src=\"http:\/\/www.reconoce.mx\/wp-content\/uploads\/2017\/05\/mareh-1.png\" alt=\"\" width=\"590\" height=\"380\" srcset=\"http:\/\/www.reconoce.mx\/wp-content\/uploads\/2017\/05\/mareh-1.png 590w, http:\/\/www.reconoce.mx\/wp-content\/uploads\/2017\/05\/mareh-1-300x193.png 300w, http:\/\/www.reconoce.mx\/wp-content\/uploads\/2017\/05\/mareh-1-150x97.png 150w\" sizes=\"auto, (max-width: 590px) 100vw, 590px\" \/><\/a><\/p>\n<p><em><strong>&gt;&gt;<a href=\"https:\/\/www.flickr.com\/photos\/reconocemx\/sets\/72157683442769626\" target=\"_blank\" rel=\"noopener noreferrer\">Disfruta nuestra galer\u00eda completa de Mar\u00e9h en El Plaza Condesa<\/a>&lt;&lt;<\/strong><\/em><\/p>\n<p>En punto de las 21:00 horas el escenario se llen\u00f3 de luces de colores, tiempo en el que se present\u00f3 <strong>Mar\u00e9h<\/strong>, cantante colombiano que inicio a la velada. <strong>Mar\u00e9h<\/strong> se dedic\u00f3 a deleitar a los asistentes con canciones como \u00abAmanecer\u00bb y \u00abDesierto\u00bb de su nuevo disco \u00abSilvestre\u00bb, d\u00e1ndole a la noche una apertura perfecta.<\/p>\n<p>Al terminar el <em>opening<\/em> y con el <strong>Lunario<\/strong> a su m\u00e1xima capacidad, salieron los m\u00fasicos que acompa\u00f1aron a <strong>Vicente Garc\u00eda<\/strong> durante todo el concierto. Con sus distintos instrumentos dieron paso a una mezcla de folk, bachata y reggae que pusieron a bailar a todo aqu\u00e9llos que pisaron el <strong>Lunario<\/strong>. Minutos despu\u00e9s apareci\u00f3 en el escenario el cantautor, quien emocion\u00f3 a los asistentes hasta los gritos. Al empezar a cantar, logr\u00f3 elevar a\u00fan m\u00e1s la emoci\u00f3n de los espectadores, poni\u00e9ndolos a cantar y a bailar con cada una de sus canciones.<\/p>\n<p><a href=\"http:\/\/www.reconoce.mx\/wp-content\/uploads\/2017\/05\/vicente-2.png\"><img loading=\"lazy\" decoding=\"async\" class=\"aligncenter size-full wp-image-60897\" src=\"http:\/\/www.reconoce.mx\/wp-content\/uploads\/2017\/05\/vicente-2.png\" alt=\"\" width=\"590\" height=\"380\" srcset=\"http:\/\/www.reconoce.mx\/wp-content\/uploads\/2017\/05\/vicente-2.png 590w, http:\/\/www.reconoce.mx\/wp-content\/uploads\/2017\/05\/vicente-2-300x193.png 300w, http:\/\/www.reconoce.mx\/wp-content\/uploads\/2017\/05\/vicente-2-150x97.png 150w\" sizes=\"auto, (max-width: 590px) 100vw, 590px\" \/><\/a><\/p>\n<p><em><strong>&gt;&gt;<a href=\"https:\/\/www.flickr.com\/photos\/reconocemx\/sets\/72157680348140984\" target=\"_blank\" rel=\"noopener noreferrer\">Disfruta nuestra galer\u00eda completa de Vicente Garc\u00eda en El Plaza Condesa<\/a>&lt;&lt;<\/strong><\/em><\/p>\n<p>Toc\u00f3 temas como: \u00abCarmes\u00ed\u00bb, \u00abBai bai bonita\u00bb, \u00abEspuma y arrecife\u00bb, \u00abEl yeyo\u00bb, \u00abMal de amores\u00bb y \u00abDulcito de coco\u00bb, entre muchas otras que el p\u00fablico jam\u00e1s dej\u00f3 de cantar junto con \u00e9l. Adem\u00e1s, es importante recalcar que la emoci\u00f3n era compartida entre el p\u00fablico y el cantante, quien lo demostraba no solo con palabras sino que tambi\u00e9n con las ganas con las que tocaba cada una de las notas en su guitarra.<\/p>\n<p>Durante todo el concierto jam\u00e1s falt\u00f3 esa carisma y calor caribe\u00f1o que tanto lo caracteriza. Las luces, los instrumentos, el ambiente y las letras acompa\u00f1adas de su voz fueron la combinaci\u00f3n perfecta para un jueves por la noche. <strong>Vicente Garc\u00eda<\/strong> cerr\u00f3 la velada con broche de oro, interpretando \u00abBachata en Kingston\u00bb, tema que llev\u00f3 a los espectadores a bailar y gozar el final de la noche.<\/p>\n<p><a href=\"http:\/\/www.reconoce.mx\/wp-content\/uploads\/2017\/05\/vicente-3.png\"><img loading=\"lazy\" decoding=\"async\" class=\"aligncenter size-full wp-image-60898\" src=\"http:\/\/www.reconoce.mx\/wp-content\/uploads\/2017\/05\/vicente-3.png\" alt=\"\" width=\"590\" height=\"380\" srcset=\"http:\/\/www.reconoce.mx\/wp-content\/uploads\/2017\/05\/vicente-3.png 590w, http:\/\/www.reconoce.mx\/wp-content\/uploads\/2017\/05\/vicente-3-300x193.png 300w, http:\/\/www.reconoce.mx\/wp-content\/uploads\/2017\/05\/vicente-3-150x97.png 150w\" sizes=\"auto, (max-width: 590px) 100vw, 590px\" \/><\/a><\/p>\n<p><em><strong>&gt;&gt;<a href=\"https:\/\/www.flickr.com\/photos\/reconocemx\/sets\/72157680348140984\" target=\"_blank\" rel=\"noopener noreferrer\">Disfruta nuestra galer\u00eda completa de Vicente Garc\u00eda en El Plaza Condesa<\/a>&lt;&lt;<\/strong><\/em><\/p>\n<p>No queda duda de que <strong>Vicente Garc\u00eda<\/strong> conquist\u00f3 el <strong>Lunario<\/strong> de Ciudad de M\u00e9xico con su m\u00fasica y talento \u00fanico, que mezcla perfectamente su cultura y su amor por el arte.<\/p>\n<p>&nbsp;<\/p>\n<p>&nbsp;<\/p>\n","protected":false},"excerpt":{"rendered":"<p>Vicente Garc\u00eda, el cantante y compositor de origen dominicano, se present\u00f3 por primera vez, el pasado 4 de mayo, en el Lunario del Auditorio Nacional, tocando los temas de su nuevo disco \u201cA la mar\u201d en un concierto que no dej\u00f3 nada que desear pero s\u00ed mucho de qu\u00e9 hablar.<\/p>\n","protected":false},"author":2,"featured_media":60896,"comment_status":"open","ping_status":"open","sticky":false,"template":"","format":"standard","meta":{"footnotes":""},"categories":[1,18,17],"tags":[],"class_list":["post-60894","post","type-post","status-publish","format-standard","has-post-thumbnail","hentry","category-cultura","category-musica","category-principal"],"yoast_head":"<!-- This site is optimized with the Yoast SEO plugin v24.7 - https:\/\/yoast.com\/wordpress\/plugins\/seo\/ -->\n<title>Vicente Garc\u00eda, noche \u00edntima en el Lunario &#171; Reconoce MX<\/title>\n<meta name=\"robots\" content=\"index, follow, max-snippet:-1, max-image-preview:large, max-video-preview:-1\" \/>\n<link rel=\"canonical\" href=\"https:\/\/www.reconoce.mx\/?p=60894\" \/>\n<meta property=\"og:locale\" content=\"es_ES\" \/>\n<meta property=\"og:type\" content=\"article\" \/>\n<meta property=\"og:title\" content=\"Vicente Garc\u00eda, noche \u00edntima en el Lunario &#171; Reconoce MX\" \/>\n<meta property=\"og:description\" content=\"Vicente Garc\u00eda, el cantante y compositor de origen dominicano, se present\u00f3 por primera vez, el pasado 4 de mayo, en el Lunario del Auditorio Nacional, tocando los temas de su nuevo disco \u201cA la mar\u201d en un concierto que no dej\u00f3 nada que desear pero s\u00ed mucho de qu\u00e9 hablar.\" \/>\n<meta property=\"og:url\" content=\"https:\/\/www.reconoce.mx\/?p=60894\" \/>\n<meta property=\"og:site_name\" content=\"Reconoce MX\" \/>\n<meta property=\"article:publisher\" content=\"https:\/\/es-la.facebook.com\/ReconoceMX\/\" \/>\n<meta property=\"article:published_time\" content=\"2017-05-08T05:04:41+00:00\" \/>\n<meta property=\"article:modified_time\" content=\"2017-08-14T03:46:23+00:00\" \/>\n<meta property=\"og:image\" content=\"https:\/\/www.reconoce.mx\/wp-content\/uploads\/2017\/05\/vicente-1.png\" \/>\n\t<meta property=\"og:image:width\" content=\"590\" \/>\n\t<meta property=\"og:image:height\" content=\"380\" \/>\n\t<meta property=\"og:image:type\" content=\"image\/png\" \/>\n<meta name=\"author\" content=\"Reconoce MX\" \/>\n<meta name=\"twitter:card\" content=\"summary_large_image\" \/>\n<meta name=\"twitter:creator\" content=\"@reconocemx\" \/>\n<meta name=\"twitter:site\" content=\"@reconocemx\" \/>\n<meta name=\"twitter:label1\" content=\"Escrito por\" \/>\n\t<meta name=\"twitter:data1\" content=\"Reconoce MX\" \/>\n\t<meta name=\"twitter:label2\" content=\"Tiempo de lectura\" \/>\n\t<meta name=\"twitter:data2\" content=\"2 minutos\" \/>\n<script type=\"application\/ld+json\" class=\"yoast-schema-graph\">{\"@context\":\"https:\/\/schema.org\",\"@graph\":[{\"@type\":\"Article\",\"@id\":\"https:\/\/www.reconoce.mx\/?p=60894#article\",\"isPartOf\":{\"@id\":\"https:\/\/www.reconoce.mx\/?p=60894\"},\"author\":{\"name\":\"Reconoce MX\",\"@id\":\"http:\/\/www.reconoce.mx\/#\/schema\/person\/2117e997d7051dc15d6880eaf9bca0b2\"},\"headline\":\"Vicente Garc\u00eda, noche \u00edntima en el Lunario\",\"datePublished\":\"2017-05-08T05:04:41+00:00\",\"dateModified\":\"2017-08-14T03:46:23+00:00\",\"mainEntityOfPage\":{\"@id\":\"https:\/\/www.reconoce.mx\/?p=60894\"},\"wordCount\":460,\"commentCount\":0,\"publisher\":{\"@id\":\"http:\/\/www.reconoce.mx\/#organization\"},\"image\":{\"@id\":\"https:\/\/www.reconoce.mx\/?p=60894#primaryimage\"},\"thumbnailUrl\":\"http:\/\/www.reconoce.mx\/wp-content\/uploads\/2017\/05\/vicente-1.png\",\"articleSection\":[\"Cultura\",\"M\u00fasica\",\"Principal\"],\"inLanguage\":\"es\",\"potentialAction\":[{\"@type\":\"CommentAction\",\"name\":\"Comment\",\"target\":[\"https:\/\/www.reconoce.mx\/?p=60894#respond\"]}]},{\"@type\":\"WebPage\",\"@id\":\"https:\/\/www.reconoce.mx\/?p=60894\",\"url\":\"https:\/\/www.reconoce.mx\/?p=60894\",\"name\":\"Vicente Garc\u00eda, noche \u00edntima en el Lunario &#171; Reconoce MX\",\"isPartOf\":{\"@id\":\"http:\/\/www.reconoce.mx\/#website\"},\"primaryImageOfPage\":{\"@id\":\"https:\/\/www.reconoce.mx\/?p=60894#primaryimage\"},\"image\":{\"@id\":\"https:\/\/www.reconoce.mx\/?p=60894#primaryimage\"},\"thumbnailUrl\":\"http:\/\/www.reconoce.mx\/wp-content\/uploads\/2017\/05\/vicente-1.png\",\"datePublished\":\"2017-05-08T05:04:41+00:00\",\"dateModified\":\"2017-08-14T03:46:23+00:00\",\"breadcrumb\":{\"@id\":\"https:\/\/www.reconoce.mx\/?p=60894#breadcrumb\"},\"inLanguage\":\"es\",\"potentialAction\":[{\"@type\":\"ReadAction\",\"target\":[\"https:\/\/www.reconoce.mx\/?p=60894\"]}]},{\"@type\":\"ImageObject\",\"inLanguage\":\"es\",\"@id\":\"https:\/\/www.reconoce.mx\/?p=60894#primaryimage\",\"url\":\"http:\/\/www.reconoce.mx\/wp-content\/uploads\/2017\/05\/vicente-1.png\",\"contentUrl\":\"http:\/\/www.reconoce.mx\/wp-content\/uploads\/2017\/05\/vicente-1.png\",\"width\":590,\"height\":380},{\"@type\":\"BreadcrumbList\",\"@id\":\"https:\/\/www.reconoce.mx\/?p=60894#breadcrumb\",\"itemListElement\":[{\"@type\":\"ListItem\",\"position\":1,\"name\":\"Portada\",\"item\":\"http:\/\/www.reconoce.mx\/\"},{\"@type\":\"ListItem\",\"position\":2,\"name\":\"Vicente Garc\u00eda, noche \u00edntima en el Lunario\"}]},{\"@type\":\"WebSite\",\"@id\":\"http:\/\/www.reconoce.mx\/#website\",\"url\":\"http:\/\/www.reconoce.mx\/\",\"name\":\"Reconoce MX\",\"description\":\"En Reconoce MX difundimos arte, cultura y conciencia social en M\u00e9xico. Tu ciudad en otra perspectiva.\",\"publisher\":{\"@id\":\"http:\/\/www.reconoce.mx\/#organization\"},\"potentialAction\":[{\"@type\":\"SearchAction\",\"target\":{\"@type\":\"EntryPoint\",\"urlTemplate\":\"http:\/\/www.reconoce.mx\/?s={search_term_string}\"},\"query-input\":{\"@type\":\"PropertyValueSpecification\",\"valueRequired\":true,\"valueName\":\"search_term_string\"}}],\"inLanguage\":\"es\"},{\"@type\":\"Organization\",\"@id\":\"http:\/\/www.reconoce.mx\/#organization\",\"name\":\"Reconoce MX\",\"url\":\"http:\/\/www.reconoce.mx\/\",\"logo\":{\"@type\":\"ImageObject\",\"inLanguage\":\"es\",\"@id\":\"http:\/\/www.reconoce.mx\/#\/schema\/logo\/image\/\",\"url\":\"https:\/\/www.reconoce.mx\/wp-content\/uploads\/2019\/03\/logorcmx-good-1.png\",\"contentUrl\":\"https:\/\/www.reconoce.mx\/wp-content\/uploads\/2019\/03\/logorcmx-good-1.png\",\"width\":280,\"height\":90,\"caption\":\"Reconoce MX\"},\"image\":{\"@id\":\"http:\/\/www.reconoce.mx\/#\/schema\/logo\/image\/\"},\"sameAs\":[\"https:\/\/es-la.facebook.com\/ReconoceMX\/\",\"https:\/\/x.com\/reconocemx\",\"http:\/\/@reconocemx\"]},{\"@type\":\"Person\",\"@id\":\"http:\/\/www.reconoce.mx\/#\/schema\/person\/2117e997d7051dc15d6880eaf9bca0b2\",\"name\":\"Reconoce MX\",\"image\":{\"@type\":\"ImageObject\",\"inLanguage\":\"es\",\"@id\":\"http:\/\/www.reconoce.mx\/#\/schema\/person\/image\/\",\"url\":\"https:\/\/secure.gravatar.com\/avatar\/6c8d4dc7569ca1c90c5fdcc349f839d5ddef6fe1e70b4337ead2ef1a4c43fc3a?s=96&d=identicon&r=g\",\"contentUrl\":\"https:\/\/secure.gravatar.com\/avatar\/6c8d4dc7569ca1c90c5fdcc349f839d5ddef6fe1e70b4337ead2ef1a4c43fc3a?s=96&d=identicon&r=g\",\"caption\":\"Reconoce MX\"},\"description\":\"Reconoce MX es un proyecto de difusi\u00f3n art\u00edstica, cultural y de conciencia social que est\u00e1 enfocado a difundir y fomentar el entretenimiento alternativo de calidad para todo el p\u00fablico que comparta el mismo entusiasmo.\",\"sameAs\":[\"http:\/\/www.reconoce.mx\"],\"url\":\"http:\/\/www.reconoce.mx\/?author=2\"}]}<\/script>\n<!-- \/ Yoast SEO plugin. -->","yoast_head_json":{"title":"Vicente Garc\u00eda, noche \u00edntima en el Lunario &#171; Reconoce MX","robots":{"index":"index","follow":"follow","max-snippet":"max-snippet:-1","max-image-preview":"max-image-preview:large","max-video-preview":"max-video-preview:-1"},"canonical":"https:\/\/www.reconoce.mx\/?p=60894","og_locale":"es_ES","og_type":"article","og_title":"Vicente Garc\u00eda, noche \u00edntima en el Lunario &#171; Reconoce MX","og_description":"Vicente Garc\u00eda, el cantante y compositor de origen dominicano, se present\u00f3 por primera vez, el pasado 4 de mayo, en el Lunario del Auditorio Nacional, tocando los temas de su nuevo disco \u201cA la mar\u201d en un concierto que no dej\u00f3 nada que desear pero s\u00ed mucho de qu\u00e9 hablar.","og_url":"https:\/\/www.reconoce.mx\/?p=60894","og_site_name":"Reconoce MX","article_publisher":"https:\/\/es-la.facebook.com\/ReconoceMX\/","article_published_time":"2017-05-08T05:04:41+00:00","article_modified_time":"2017-08-14T03:46:23+00:00","og_image":[{"width":590,"height":380,"url":"https:\/\/www.reconoce.mx\/wp-content\/uploads\/2017\/05\/vicente-1.png","type":"image\/png"}],"author":"Reconoce MX","twitter_card":"summary_large_image","twitter_creator":"@reconocemx","twitter_site":"@reconocemx","twitter_misc":{"Escrito por":"Reconoce MX","Tiempo de lectura":"2 minutos"},"schema":{"@context":"https:\/\/schema.org","@graph":[{"@type":"Article","@id":"https:\/\/www.reconoce.mx\/?p=60894#article","isPartOf":{"@id":"https:\/\/www.reconoce.mx\/?p=60894"},"author":{"name":"Reconoce MX","@id":"http:\/\/www.reconoce.mx\/#\/schema\/person\/2117e997d7051dc15d6880eaf9bca0b2"},"headline":"Vicente Garc\u00eda, noche \u00edntima en el Lunario","datePublished":"2017-05-08T05:04:41+00:00","dateModified":"2017-08-14T03:46:23+00:00","mainEntityOfPage":{"@id":"https:\/\/www.reconoce.mx\/?p=60894"},"wordCount":460,"commentCount":0,"publisher":{"@id":"http:\/\/www.reconoce.mx\/#organization"},"image":{"@id":"https:\/\/www.reconoce.mx\/?p=60894#primaryimage"},"thumbnailUrl":"http:\/\/www.reconoce.mx\/wp-content\/uploads\/2017\/05\/vicente-1.png","articleSection":["Cultura","M\u00fasica","Principal"],"inLanguage":"es","potentialAction":[{"@type":"CommentAction","name":"Comment","target":["https:\/\/www.reconoce.mx\/?p=60894#respond"]}]},{"@type":"WebPage","@id":"https:\/\/www.reconoce.mx\/?p=60894","url":"https:\/\/www.reconoce.mx\/?p=60894","name":"Vicente Garc\u00eda, noche \u00edntima en el Lunario &#171; Reconoce MX","isPartOf":{"@id":"http:\/\/www.reconoce.mx\/#website"},"primaryImageOfPage":{"@id":"https:\/\/www.reconoce.mx\/?p=60894#primaryimage"},"image":{"@id":"https:\/\/www.reconoce.mx\/?p=60894#primaryimage"},"thumbnailUrl":"http:\/\/www.reconoce.mx\/wp-content\/uploads\/2017\/05\/vicente-1.png","datePublished":"2017-05-08T05:04:41+00:00","dateModified":"2017-08-14T03:46:23+00:00","breadcrumb":{"@id":"https:\/\/www.reconoce.mx\/?p=60894#breadcrumb"},"inLanguage":"es","potentialAction":[{"@type":"ReadAction","target":["https:\/\/www.reconoce.mx\/?p=60894"]}]},{"@type":"ImageObject","inLanguage":"es","@id":"https:\/\/www.reconoce.mx\/?p=60894#primaryimage","url":"http:\/\/www.reconoce.mx\/wp-content\/uploads\/2017\/05\/vicente-1.png","contentUrl":"http:\/\/www.reconoce.mx\/wp-content\/uploads\/2017\/05\/vicente-1.png","width":590,"height":380},{"@type":"BreadcrumbList","@id":"https:\/\/www.reconoce.mx\/?p=60894#breadcrumb","itemListElement":[{"@type":"ListItem","position":1,"name":"Portada","item":"http:\/\/www.reconoce.mx\/"},{"@type":"ListItem","position":2,"name":"Vicente Garc\u00eda, noche \u00edntima en el Lunario"}]},{"@type":"WebSite","@id":"http:\/\/www.reconoce.mx\/#website","url":"http:\/\/www.reconoce.mx\/","name":"Reconoce MX","description":"En Reconoce MX difundimos arte, cultura y conciencia social en M\u00e9xico. Tu ciudad en otra perspectiva.","publisher":{"@id":"http:\/\/www.reconoce.mx\/#organization"},"potentialAction":[{"@type":"SearchAction","target":{"@type":"EntryPoint","urlTemplate":"http:\/\/www.reconoce.mx\/?s={search_term_string}"},"query-input":{"@type":"PropertyValueSpecification","valueRequired":true,"valueName":"search_term_string"}}],"inLanguage":"es"},{"@type":"Organization","@id":"http:\/\/www.reconoce.mx\/#organization","name":"Reconoce MX","url":"http:\/\/www.reconoce.mx\/","logo":{"@type":"ImageObject","inLanguage":"es","@id":"http:\/\/www.reconoce.mx\/#\/schema\/logo\/image\/","url":"https:\/\/www.reconoce.mx\/wp-content\/uploads\/2019\/03\/logorcmx-good-1.png","contentUrl":"https:\/\/www.reconoce.mx\/wp-content\/uploads\/2019\/03\/logorcmx-good-1.png","width":280,"height":90,"caption":"Reconoce MX"},"image":{"@id":"http:\/\/www.reconoce.mx\/#\/schema\/logo\/image\/"},"sameAs":["https:\/\/es-la.facebook.com\/ReconoceMX\/","https:\/\/x.com\/reconocemx","http:\/\/@reconocemx"]},{"@type":"Person","@id":"http:\/\/www.reconoce.mx\/#\/schema\/person\/2117e997d7051dc15d6880eaf9bca0b2","name":"Reconoce MX","image":{"@type":"ImageObject","inLanguage":"es","@id":"http:\/\/www.reconoce.mx\/#\/schema\/person\/image\/","url":"https:\/\/secure.gravatar.com\/avatar\/6c8d4dc7569ca1c90c5fdcc349f839d5ddef6fe1e70b4337ead2ef1a4c43fc3a?s=96&d=identicon&r=g","contentUrl":"https:\/\/secure.gravatar.com\/avatar\/6c8d4dc7569ca1c90c5fdcc349f839d5ddef6fe1e70b4337ead2ef1a4c43fc3a?s=96&d=identicon&r=g","caption":"Reconoce MX"},"description":"Reconoce MX es un proyecto de difusi\u00f3n art\u00edstica, cultural y de conciencia social que est\u00e1 enfocado a difundir y fomentar el entretenimiento alternativo de calidad para todo el p\u00fablico que comparta el mismo entusiasmo.","sameAs":["http:\/\/www.reconoce.mx"],"url":"http:\/\/www.reconoce.mx\/?author=2"}]}},"_links":{"self":[{"href":"http:\/\/www.reconoce.mx\/index.php?rest_route=\/wp\/v2\/posts\/60894","targetHints":{"allow":["GET"]}}],"collection":[{"href":"http:\/\/www.reconoce.mx\/index.php?rest_route=\/wp\/v2\/posts"}],"about":[{"href":"http:\/\/www.reconoce.mx\/index.php?rest_route=\/wp\/v2\/types\/post"}],"author":[{"embeddable":true,"href":"http:\/\/www.reconoce.mx\/index.php?rest_route=\/wp\/v2\/users\/2"}],"replies":[{"embeddable":true,"href":"http:\/\/www.reconoce.mx\/index.php?rest_route=%2Fwp%2Fv2%2Fcomments&post=60894"}],"version-history":[{"count":5,"href":"http:\/\/www.reconoce.mx\/index.php?rest_route=\/wp\/v2\/posts\/60894\/revisions"}],"predecessor-version":[{"id":64381,"href":"http:\/\/www.reconoce.mx\/index.php?rest_route=\/wp\/v2\/posts\/60894\/revisions\/64381"}],"wp:featuredmedia":[{"embeddable":true,"href":"http:\/\/www.reconoce.mx\/index.php?rest_route=\/wp\/v2\/media\/60896"}],"wp:attachment":[{"href":"http:\/\/www.reconoce.mx\/index.php?rest_route=%2Fwp%2Fv2%2Fmedia&parent=60894"}],"wp:term":[{"taxonomy":"category","embeddable":true,"href":"http:\/\/www.reconoce.mx\/index.php?rest_route=%2Fwp%2Fv2%2Fcategories&post=60894"},{"taxonomy":"post_tag","embeddable":true,"href":"http:\/\/www.reconoce.mx\/index.php?rest_route=%2Fwp%2Fv2%2Ftags&post=60894"}],"curies":[{"name":"wp","href":"https:\/\/api.w.org\/{rel}","templated":true}]}}