{"id":61062,"date":"2017-05-12T00:01:28","date_gmt":"2017-05-12T05:01:28","guid":{"rendered":"http:\/\/www.reconoce.mx\/?p=61062"},"modified":"2017-05-11T16:36:34","modified_gmt":"2017-05-11T21:36:34","slug":"le-cinema-ifal-cartelera-del-12-al-18-de-mayo","status":"publish","type":"post","link":"http:\/\/www.reconoce.mx\/?p=61062","title":{"rendered":"Le Cin\u00e9ma IFAL: Cartelera del 12 al 18 de mayo"},"content":{"rendered":"<p><strong>Por <a title=\"@AsfaltosTweets\" href=\"http:\/\/twitter.com\/AsfaltosTweets\" target=\"_blank\" rel=\"noopener noreferrer\">Asfaltos<\/a><\/strong>.<\/p>\n<p>Cine independiente, de culto y de autor, en un espacio ubicado en el <strong>Instituto Franc\u00e9s de Am\u00e9rica Latina<\/strong> llamado <strong>Le Cin\u00e9ma IFAL<\/strong>. <strong>Le Cin\u00e9ma IFAL<\/strong> cuenta con una sala de cine absolutamente acondicionada para que la experiencia sea agradable. Por si fuera poco adem\u00e1s cuenta con costos muy accesibles, por lo que la cita a <strong>Le Cin\u00e9ma IFAL<\/strong> es obligada.<\/p>\n<p>Siguen en cartelera \u00abNo soy tu negro\u00bb, \u00ab<a href=\"http:\/\/www.reconoce.mx\/plaza-de-la-soledad-anhelos-suenos-y-sonrisas\/\" target=\"_blank\" rel=\"noopener noreferrer\">Plaza de la soledad<\/a>\u00ab, \u00ab<a href=\"http:\/\/www.reconoce.mx\/ficm2016-raw-deliciosa-experiencia-filmica\/\" target=\"_blank\" rel=\"noopener noreferrer\">Voraz<\/a>\u00ab, \u00abLolo el hijo de mi novia\u00bb y \u00ab<a href=\"http:\/\/www.reconoce.mx\/la-odisea-el-regreso-del-capitan-planeta\/\" target=\"_blank\" rel=\"noopener noreferrer\">La Odisea<\/a>\u00ab.<\/p>\n<p>Esta semana inician las funciones de \u00ab<a href=\"http:\/\/www.reconoce.mx\/la-chica-desconocida-y-el-cargo-de-conciencia\/\" target=\"_blank\" rel=\"noopener noreferrer\">La chica desconocida<\/a>\u00ab, nueva pel\u00edcula de los hermanos Dardenne en competencia oficial Cannes 2016. Esta cinta protagonizada por la gran promesa <strong>Ad\u00e8le Haenel<\/strong> trata de romper la espiral de indiferencia que amenaza las sociedades europeas.<\/p>\n<p>En el marco de <strong>\u00bfY ma\u00f1ana la ciudad? Festival franco mexicano de utop\u00edas urbanas<\/strong> se tendr\u00e1n dos proyecciones \u00fanicas. \u00abRecorrido por Par\u00eds\u00bb (\u00abParis, Roman d&#8217;une ville\u00bb de <strong>Stan Neumann<\/strong>, 1991, 52 min) hoy viernes 12 a las 19:00 horas y \u00abAlphaville\u00bb (<strong>Jean-Luc Godard<\/strong>, 1965, 99 min). Las dos funciones son gratuitas, pasando por sus cortes\u00edas en la taquilla del cine. M\u00e1s informaci\u00f3n <a href=\"https:\/\/ifal.mx\/y-manana-la-ciudad-festival-franco-mexicano-de-utopias-urbanas\/\" target=\"_blank\" rel=\"noopener noreferrer\">aqu\u00ed<\/a>.<\/p>\n<p>El s\u00e1bado 13 de mayo a las 19.30 horas se vivir\u00e1 una nueva edici\u00f3n m\u00e1s del <a href=\"https:\/\/twitter.com\/search?q=13deterror&amp;src=typd\" target=\"_blank\" rel=\"noopener noreferrer\">#13deterror<\/a> en colaboraci\u00f3n con el festival <strong>Feratum<\/strong>. Funci\u00f3n especial de cortometrajes y presencia de los directores<strong> Gigi Saul Guerrero<\/strong> y <strong>Lex Ortega<\/strong>. Mezcal de cortes\u00eda. Boletos <a href=\"http:\/\/bit.ly\/2q8SXry\" target=\"_blank\" rel=\"noopener noreferrer\">aqu\u00ed<\/a>.<\/p>\n<p>Recuerden que pueden comprar sus boletos en taquilla o por internet a trav\u00e9s de la app <a href=\"http:\/\/cinemasapp.co\/\" target=\"_blank\" rel=\"noopener noreferrer\">Cine+<\/a> disponible para IOS y Android. <strong>Le Cin\u00e9ma IFAL<\/strong> acepta pagos con tarjeta en la taquilla.<\/p>\n<p>Para visitar <strong>Le Cin\u00e9ma IFAL<\/strong> deben llevar identificaci\u00f3n con foto. Indispensable.<\/p>\n<p><a href=\"http:\/\/www.reconoce.mx\/wp-content\/uploads\/2017\/05\/unnamed1.jpg\"><img loading=\"lazy\" decoding=\"async\" class=\"aligncenter size-full wp-image-61063\" src=\"http:\/\/www.reconoce.mx\/wp-content\/uploads\/2017\/05\/unnamed1.jpg\" alt=\"\" width=\"1342\" height=\"2048\" srcset=\"http:\/\/www.reconoce.mx\/wp-content\/uploads\/2017\/05\/unnamed1.jpg 1342w, http:\/\/www.reconoce.mx\/wp-content\/uploads\/2017\/05\/unnamed1-197x300.jpg 197w, http:\/\/www.reconoce.mx\/wp-content\/uploads\/2017\/05\/unnamed1-768x1172.jpg 768w, http:\/\/www.reconoce.mx\/wp-content\/uploads\/2017\/05\/unnamed1-671x1024.jpg 671w, http:\/\/www.reconoce.mx\/wp-content\/uploads\/2017\/05\/unnamed1-150x229.jpg 150w, http:\/\/www.reconoce.mx\/wp-content\/uploads\/2017\/05\/unnamed1-700x1068.jpg 700w, http:\/\/www.reconoce.mx\/wp-content\/uploads\/2017\/05\/unnamed1-658x1004.jpg 658w, http:\/\/www.reconoce.mx\/wp-content\/uploads\/2017\/05\/unnamed1-300x458.jpg 300w\" sizes=\"auto, (max-width: 1342px) 100vw, 1342px\" \/><\/a><br \/>\n<strong>Le Cin\u00e9ma IFAL<\/strong> se encuentra en R\u00edo Nazas 43, Col. Cuauht\u00e9moc, M\u00e9xico, Distrito Federal.<\/p>\n<p>&nbsp;<\/p>\n<p>&nbsp;<\/p>\n","protected":false},"excerpt":{"rendered":"<p>Cine independiente, de culto y de autor, en un espacio ubicado en el Instituto Franc\u00e9s de Am\u00e9rica Latina llamado Le Cin\u00e9ma IFAL.<\/p>\n","protected":false},"author":2,"featured_media":43732,"comment_status":"open","ping_status":"open","sticky":false,"template":"","format":"standard","meta":{"footnotes":""},"categories":[24,1,17],"tags":[],"class_list":["post-61062","post","type-post","status-publish","format-standard","has-post-thumbnail","hentry","category-cine","category-cultura","category-principal"],"yoast_head":"<!-- This site is optimized with the Yoast SEO plugin v24.7 - https:\/\/yoast.com\/wordpress\/plugins\/seo\/ -->\n<title>Le Cin\u00e9ma IFAL: Cartelera del 12 al 18 de mayo &#171; Reconoce MX<\/title>\n<meta name=\"robots\" content=\"index, follow, max-snippet:-1, max-image-preview:large, max-video-preview:-1\" \/>\n<link rel=\"canonical\" href=\"https:\/\/www.reconoce.mx\/?p=61062\" \/>\n<meta property=\"og:locale\" content=\"es_ES\" \/>\n<meta property=\"og:type\" content=\"article\" \/>\n<meta property=\"og:title\" content=\"Le Cin\u00e9ma IFAL: Cartelera del 12 al 18 de mayo &#171; Reconoce MX\" \/>\n<meta property=\"og:description\" content=\"Cine independiente, de culto y de autor, en un espacio ubicado en el Instituto Franc\u00e9s de Am\u00e9rica Latina llamado Le Cin\u00e9ma IFAL.\" \/>\n<meta property=\"og:url\" content=\"https:\/\/www.reconoce.mx\/?p=61062\" \/>\n<meta property=\"og:site_name\" content=\"Reconoce MX\" \/>\n<meta property=\"article:publisher\" content=\"https:\/\/es-la.facebook.com\/ReconoceMX\/\" \/>\n<meta property=\"article:published_time\" content=\"2017-05-12T05:01:28+00:00\" \/>\n<meta property=\"og:image\" content=\"https:\/\/www.reconoce.mx\/wp-content\/uploads\/2016\/01\/lecinemaifal-2015-2.png\" \/>\n\t<meta property=\"og:image:width\" content=\"570\" \/>\n\t<meta property=\"og:image:height\" content=\"360\" \/>\n\t<meta property=\"og:image:type\" content=\"image\/png\" \/>\n<meta name=\"author\" content=\"Reconoce MX\" \/>\n<meta name=\"twitter:card\" content=\"summary_large_image\" \/>\n<meta name=\"twitter:creator\" content=\"@reconocemx\" \/>\n<meta name=\"twitter:site\" content=\"@reconocemx\" \/>\n<meta name=\"twitter:label1\" content=\"Escrito por\" \/>\n\t<meta name=\"twitter:data1\" content=\"Reconoce MX\" \/>\n\t<meta name=\"twitter:label2\" content=\"Tiempo de lectura\" \/>\n\t<meta name=\"twitter:data2\" content=\"2 minutos\" \/>\n<script type=\"application\/ld+json\" class=\"yoast-schema-graph\">{\"@context\":\"https:\/\/schema.org\",\"@graph\":[{\"@type\":\"Article\",\"@id\":\"https:\/\/www.reconoce.mx\/?p=61062#article\",\"isPartOf\":{\"@id\":\"https:\/\/www.reconoce.mx\/?p=61062\"},\"author\":{\"name\":\"Reconoce MX\",\"@id\":\"http:\/\/www.reconoce.mx\/#\/schema\/person\/2117e997d7051dc15d6880eaf9bca0b2\"},\"headline\":\"Le Cin\u00e9ma IFAL: Cartelera del 12 al 18 de mayo\",\"datePublished\":\"2017-05-12T05:01:28+00:00\",\"mainEntityOfPage\":{\"@id\":\"https:\/\/www.reconoce.mx\/?p=61062\"},\"wordCount\":317,\"commentCount\":0,\"publisher\":{\"@id\":\"http:\/\/www.reconoce.mx\/#organization\"},\"image\":{\"@id\":\"https:\/\/www.reconoce.mx\/?p=61062#primaryimage\"},\"thumbnailUrl\":\"http:\/\/www.reconoce.mx\/wp-content\/uploads\/2016\/01\/lecinemaifal-2015-2.png\",\"articleSection\":[\"Cine\",\"Cultura\",\"Principal\"],\"inLanguage\":\"es\",\"potentialAction\":[{\"@type\":\"CommentAction\",\"name\":\"Comment\",\"target\":[\"https:\/\/www.reconoce.mx\/?p=61062#respond\"]}]},{\"@type\":\"WebPage\",\"@id\":\"https:\/\/www.reconoce.mx\/?p=61062\",\"url\":\"https:\/\/www.reconoce.mx\/?p=61062\",\"name\":\"Le Cin\u00e9ma IFAL: Cartelera del 12 al 18 de mayo &#171; Reconoce MX\",\"isPartOf\":{\"@id\":\"http:\/\/www.reconoce.mx\/#website\"},\"primaryImageOfPage\":{\"@id\":\"https:\/\/www.reconoce.mx\/?p=61062#primaryimage\"},\"image\":{\"@id\":\"https:\/\/www.reconoce.mx\/?p=61062#primaryimage\"},\"thumbnailUrl\":\"http:\/\/www.reconoce.mx\/wp-content\/uploads\/2016\/01\/lecinemaifal-2015-2.png\",\"datePublished\":\"2017-05-12T05:01:28+00:00\",\"breadcrumb\":{\"@id\":\"https:\/\/www.reconoce.mx\/?p=61062#breadcrumb\"},\"inLanguage\":\"es\",\"potentialAction\":[{\"@type\":\"ReadAction\",\"target\":[\"https:\/\/www.reconoce.mx\/?p=61062\"]}]},{\"@type\":\"ImageObject\",\"inLanguage\":\"es\",\"@id\":\"https:\/\/www.reconoce.mx\/?p=61062#primaryimage\",\"url\":\"http:\/\/www.reconoce.mx\/wp-content\/uploads\/2016\/01\/lecinemaifal-2015-2.png\",\"contentUrl\":\"http:\/\/www.reconoce.mx\/wp-content\/uploads\/2016\/01\/lecinemaifal-2015-2.png\",\"width\":570,\"height\":360},{\"@type\":\"BreadcrumbList\",\"@id\":\"https:\/\/www.reconoce.mx\/?p=61062#breadcrumb\",\"itemListElement\":[{\"@type\":\"ListItem\",\"position\":1,\"name\":\"Portada\",\"item\":\"http:\/\/www.reconoce.mx\/\"},{\"@type\":\"ListItem\",\"position\":2,\"name\":\"Le Cin\u00e9ma IFAL: Cartelera del 12 al 18 de mayo\"}]},{\"@type\":\"WebSite\",\"@id\":\"http:\/\/www.reconoce.mx\/#website\",\"url\":\"http:\/\/www.reconoce.mx\/\",\"name\":\"Reconoce MX\",\"description\":\"En Reconoce MX difundimos arte, cultura y conciencia social en M\u00e9xico. Tu ciudad en otra perspectiva.\",\"publisher\":{\"@id\":\"http:\/\/www.reconoce.mx\/#organization\"},\"potentialAction\":[{\"@type\":\"SearchAction\",\"target\":{\"@type\":\"EntryPoint\",\"urlTemplate\":\"http:\/\/www.reconoce.mx\/?s={search_term_string}\"},\"query-input\":{\"@type\":\"PropertyValueSpecification\",\"valueRequired\":true,\"valueName\":\"search_term_string\"}}],\"inLanguage\":\"es\"},{\"@type\":\"Organization\",\"@id\":\"http:\/\/www.reconoce.mx\/#organization\",\"name\":\"Reconoce MX\",\"url\":\"http:\/\/www.reconoce.mx\/\",\"logo\":{\"@type\":\"ImageObject\",\"inLanguage\":\"es\",\"@id\":\"http:\/\/www.reconoce.mx\/#\/schema\/logo\/image\/\",\"url\":\"https:\/\/www.reconoce.mx\/wp-content\/uploads\/2019\/03\/logorcmx-good-1.png\",\"contentUrl\":\"https:\/\/www.reconoce.mx\/wp-content\/uploads\/2019\/03\/logorcmx-good-1.png\",\"width\":280,\"height\":90,\"caption\":\"Reconoce MX\"},\"image\":{\"@id\":\"http:\/\/www.reconoce.mx\/#\/schema\/logo\/image\/\"},\"sameAs\":[\"https:\/\/es-la.facebook.com\/ReconoceMX\/\",\"https:\/\/x.com\/reconocemx\",\"http:\/\/@reconocemx\"]},{\"@type\":\"Person\",\"@id\":\"http:\/\/www.reconoce.mx\/#\/schema\/person\/2117e997d7051dc15d6880eaf9bca0b2\",\"name\":\"Reconoce MX\",\"image\":{\"@type\":\"ImageObject\",\"inLanguage\":\"es\",\"@id\":\"http:\/\/www.reconoce.mx\/#\/schema\/person\/image\/\",\"url\":\"https:\/\/secure.gravatar.com\/avatar\/6c8d4dc7569ca1c90c5fdcc349f839d5ddef6fe1e70b4337ead2ef1a4c43fc3a?s=96&d=identicon&r=g\",\"contentUrl\":\"https:\/\/secure.gravatar.com\/avatar\/6c8d4dc7569ca1c90c5fdcc349f839d5ddef6fe1e70b4337ead2ef1a4c43fc3a?s=96&d=identicon&r=g\",\"caption\":\"Reconoce MX\"},\"description\":\"Reconoce MX es un proyecto de difusi\u00f3n art\u00edstica, cultural y de conciencia social que est\u00e1 enfocado a difundir y fomentar el entretenimiento alternativo de calidad para todo el p\u00fablico que comparta el mismo entusiasmo.\",\"sameAs\":[\"http:\/\/www.reconoce.mx\"],\"url\":\"http:\/\/www.reconoce.mx\/?author=2\"}]}<\/script>\n<!-- \/ Yoast SEO plugin. -->","yoast_head_json":{"title":"Le Cin\u00e9ma IFAL: Cartelera del 12 al 18 de mayo &#171; Reconoce MX","robots":{"index":"index","follow":"follow","max-snippet":"max-snippet:-1","max-image-preview":"max-image-preview:large","max-video-preview":"max-video-preview:-1"},"canonical":"https:\/\/www.reconoce.mx\/?p=61062","og_locale":"es_ES","og_type":"article","og_title":"Le Cin\u00e9ma IFAL: Cartelera del 12 al 18 de mayo &#171; Reconoce MX","og_description":"Cine independiente, de culto y de autor, en un espacio ubicado en el Instituto Franc\u00e9s de Am\u00e9rica Latina llamado Le Cin\u00e9ma IFAL.","og_url":"https:\/\/www.reconoce.mx\/?p=61062","og_site_name":"Reconoce MX","article_publisher":"https:\/\/es-la.facebook.com\/ReconoceMX\/","article_published_time":"2017-05-12T05:01:28+00:00","og_image":[{"width":570,"height":360,"url":"https:\/\/www.reconoce.mx\/wp-content\/uploads\/2016\/01\/lecinemaifal-2015-2.png","type":"image\/png"}],"author":"Reconoce MX","twitter_card":"summary_large_image","twitter_creator":"@reconocemx","twitter_site":"@reconocemx","twitter_misc":{"Escrito por":"Reconoce MX","Tiempo de lectura":"2 minutos"},"schema":{"@context":"https:\/\/schema.org","@graph":[{"@type":"Article","@id":"https:\/\/www.reconoce.mx\/?p=61062#article","isPartOf":{"@id":"https:\/\/www.reconoce.mx\/?p=61062"},"author":{"name":"Reconoce MX","@id":"http:\/\/www.reconoce.mx\/#\/schema\/person\/2117e997d7051dc15d6880eaf9bca0b2"},"headline":"Le Cin\u00e9ma IFAL: Cartelera del 12 al 18 de mayo","datePublished":"2017-05-12T05:01:28+00:00","mainEntityOfPage":{"@id":"https:\/\/www.reconoce.mx\/?p=61062"},"wordCount":317,"commentCount":0,"publisher":{"@id":"http:\/\/www.reconoce.mx\/#organization"},"image":{"@id":"https:\/\/www.reconoce.mx\/?p=61062#primaryimage"},"thumbnailUrl":"http:\/\/www.reconoce.mx\/wp-content\/uploads\/2016\/01\/lecinemaifal-2015-2.png","articleSection":["Cine","Cultura","Principal"],"inLanguage":"es","potentialAction":[{"@type":"CommentAction","name":"Comment","target":["https:\/\/www.reconoce.mx\/?p=61062#respond"]}]},{"@type":"WebPage","@id":"https:\/\/www.reconoce.mx\/?p=61062","url":"https:\/\/www.reconoce.mx\/?p=61062","name":"Le Cin\u00e9ma IFAL: Cartelera del 12 al 18 de mayo &#171; Reconoce MX","isPartOf":{"@id":"http:\/\/www.reconoce.mx\/#website"},"primaryImageOfPage":{"@id":"https:\/\/www.reconoce.mx\/?p=61062#primaryimage"},"image":{"@id":"https:\/\/www.reconoce.mx\/?p=61062#primaryimage"},"thumbnailUrl":"http:\/\/www.reconoce.mx\/wp-content\/uploads\/2016\/01\/lecinemaifal-2015-2.png","datePublished":"2017-05-12T05:01:28+00:00","breadcrumb":{"@id":"https:\/\/www.reconoce.mx\/?p=61062#breadcrumb"},"inLanguage":"es","potentialAction":[{"@type":"ReadAction","target":["https:\/\/www.reconoce.mx\/?p=61062"]}]},{"@type":"ImageObject","inLanguage":"es","@id":"https:\/\/www.reconoce.mx\/?p=61062#primaryimage","url":"http:\/\/www.reconoce.mx\/wp-content\/uploads\/2016\/01\/lecinemaifal-2015-2.png","contentUrl":"http:\/\/www.reconoce.mx\/wp-content\/uploads\/2016\/01\/lecinemaifal-2015-2.png","width":570,"height":360},{"@type":"BreadcrumbList","@id":"https:\/\/www.reconoce.mx\/?p=61062#breadcrumb","itemListElement":[{"@type":"ListItem","position":1,"name":"Portada","item":"http:\/\/www.reconoce.mx\/"},{"@type":"ListItem","position":2,"name":"Le Cin\u00e9ma IFAL: Cartelera del 12 al 18 de mayo"}]},{"@type":"WebSite","@id":"http:\/\/www.reconoce.mx\/#website","url":"http:\/\/www.reconoce.mx\/","name":"Reconoce MX","description":"En Reconoce MX difundimos arte, cultura y conciencia social en M\u00e9xico. Tu ciudad en otra perspectiva.","publisher":{"@id":"http:\/\/www.reconoce.mx\/#organization"},"potentialAction":[{"@type":"SearchAction","target":{"@type":"EntryPoint","urlTemplate":"http:\/\/www.reconoce.mx\/?s={search_term_string}"},"query-input":{"@type":"PropertyValueSpecification","valueRequired":true,"valueName":"search_term_string"}}],"inLanguage":"es"},{"@type":"Organization","@id":"http:\/\/www.reconoce.mx\/#organization","name":"Reconoce MX","url":"http:\/\/www.reconoce.mx\/","logo":{"@type":"ImageObject","inLanguage":"es","@id":"http:\/\/www.reconoce.mx\/#\/schema\/logo\/image\/","url":"https:\/\/www.reconoce.mx\/wp-content\/uploads\/2019\/03\/logorcmx-good-1.png","contentUrl":"https:\/\/www.reconoce.mx\/wp-content\/uploads\/2019\/03\/logorcmx-good-1.png","width":280,"height":90,"caption":"Reconoce MX"},"image":{"@id":"http:\/\/www.reconoce.mx\/#\/schema\/logo\/image\/"},"sameAs":["https:\/\/es-la.facebook.com\/ReconoceMX\/","https:\/\/x.com\/reconocemx","http:\/\/@reconocemx"]},{"@type":"Person","@id":"http:\/\/www.reconoce.mx\/#\/schema\/person\/2117e997d7051dc15d6880eaf9bca0b2","name":"Reconoce MX","image":{"@type":"ImageObject","inLanguage":"es","@id":"http:\/\/www.reconoce.mx\/#\/schema\/person\/image\/","url":"https:\/\/secure.gravatar.com\/avatar\/6c8d4dc7569ca1c90c5fdcc349f839d5ddef6fe1e70b4337ead2ef1a4c43fc3a?s=96&d=identicon&r=g","contentUrl":"https:\/\/secure.gravatar.com\/avatar\/6c8d4dc7569ca1c90c5fdcc349f839d5ddef6fe1e70b4337ead2ef1a4c43fc3a?s=96&d=identicon&r=g","caption":"Reconoce MX"},"description":"Reconoce MX es un proyecto de difusi\u00f3n art\u00edstica, cultural y de conciencia social que est\u00e1 enfocado a difundir y fomentar el entretenimiento alternativo de calidad para todo el p\u00fablico que comparta el mismo entusiasmo.","sameAs":["http:\/\/www.reconoce.mx"],"url":"http:\/\/www.reconoce.mx\/?author=2"}]}},"_links":{"self":[{"href":"http:\/\/www.reconoce.mx\/index.php?rest_route=\/wp\/v2\/posts\/61062","targetHints":{"allow":["GET"]}}],"collection":[{"href":"http:\/\/www.reconoce.mx\/index.php?rest_route=\/wp\/v2\/posts"}],"about":[{"href":"http:\/\/www.reconoce.mx\/index.php?rest_route=\/wp\/v2\/types\/post"}],"author":[{"embeddable":true,"href":"http:\/\/www.reconoce.mx\/index.php?rest_route=\/wp\/v2\/users\/2"}],"replies":[{"embeddable":true,"href":"http:\/\/www.reconoce.mx\/index.php?rest_route=%2Fwp%2Fv2%2Fcomments&post=61062"}],"version-history":[{"count":1,"href":"http:\/\/www.reconoce.mx\/index.php?rest_route=\/wp\/v2\/posts\/61062\/revisions"}],"predecessor-version":[{"id":61064,"href":"http:\/\/www.reconoce.mx\/index.php?rest_route=\/wp\/v2\/posts\/61062\/revisions\/61064"}],"wp:featuredmedia":[{"embeddable":true,"href":"http:\/\/www.reconoce.mx\/index.php?rest_route=\/wp\/v2\/media\/43732"}],"wp:attachment":[{"href":"http:\/\/www.reconoce.mx\/index.php?rest_route=%2Fwp%2Fv2%2Fmedia&parent=61062"}],"wp:term":[{"taxonomy":"category","embeddable":true,"href":"http:\/\/www.reconoce.mx\/index.php?rest_route=%2Fwp%2Fv2%2Fcategories&post=61062"},{"taxonomy":"post_tag","embeddable":true,"href":"http:\/\/www.reconoce.mx\/index.php?rest_route=%2Fwp%2Fv2%2Ftags&post=61062"}],"curies":[{"name":"wp","href":"https:\/\/api.w.org\/{rel}","templated":true}]}}