{"id":6366,"date":"2012-03-24T02:00:53","date_gmt":"2012-03-24T02:00:53","guid":{"rendered":"http:\/\/www.reconoce.mx\/?p=6366"},"modified":"2012-04-03T03:51:59","modified_gmt":"2012-04-03T03:51:59","slug":"podran-negar-el-cambio-climatico-pero-no-el-temblor","status":"publish","type":"post","link":"http:\/\/www.reconoce.mx\/?p=6366","title":{"rendered":"\u00a1Podr\u00e1n negar el cambio clim\u00e1tico pero no el temblor!"},"content":{"rendered":"<ul id=\"botones-home\">\n<li><script type=\"text\/javascript\" src=\"https:\/\/apis.google.com\/js\/plusone.js\"><\/script><g:plusone width=\"55\" height=\"20\" href=\"http:\/\/www.reconoce.mx\/podran-negar-el-cambio-climatico-pero-no-el-temblor\/\"><\/g:plusone><\/li>\n<li><a href=\"http:\/\/twitter.com\/share\" class=\"twitter-share-button\" data-url=\"http:\/\/www.reconoce.mx\/podran-negar-el-cambio-climatico-pero-no-el-temblor\/\" data-count=\"horizontal\" data-via=\"reconocemx\" data-lang=\"es\">Tweet<\/a><script type=\"text\/javascript\" src=\"http:\/\/platform.twitter.com\/widgets.js\"><\/script><\/li>\n<li><iframe src=\"http:\/\/www.facebook.com\/plugins\/like.php?locale=es_ES&amp;href=http%3A%2F%2Freconoce.mx\/podran-negar-el-cambio-climatico-pero-no-el-temblor\/&amp;send=false&amp;layout=button_count &amp;width=110&amp;show_faces=false&amp;action=like&amp;colorscheme=light&amp;font=verdana&amp;height=21\" scrolling=\"no\" frameborder=\"0\" style=\"border:none; overflow:hidden; width:110px; height:21px;\" allowtransparency=\"true\"><\/iframe><\/li>\n<p><strong>Por\u00a0<a title=\"@Hgborja\" href=\"https:\/\/twitter.com\/#%21\/Hgborja\" target=\"_blank\">Andrea Garc\u00eda Borja<\/a><\/strong>.<\/p>\n<p>Siguiendo con el <em>treding topic<\/em> de la semana, hoy les voy a escribir acerca del temblor. En twitter le\u00edmos de todo, que si fueron los mayas ensayando para el fin del mundo, que si las #OfertasWalmart, que si nos sentimos como subidos en el BioShaker, que si Pe\u00f1a Nieto se qued\u00f3 sin teleprompter y una larga lista de etc\u00e9teras. Pues<strong> ahora toca adjudicarle el temblor al calentamiento global<\/strong>, con eso de que dicen que la conciencia ecol\u00f3gica es la nueva superstici\u00f3n.<\/p>\n<div id=\"attachment_6375\" style=\"width: 610px\" class=\"wp-caption aligncenter\"><a href=\"http:\/\/www.reconoce.mx\/wp-content\/uploads\/ecologiaviernes23.png\"><img loading=\"lazy\" decoding=\"async\" aria-describedby=\"caption-attachment-6375\" class=\"size-full wp-image-6375\" title=\"\u00a1Podr\u00e1n negar el cambio clim\u00e1tico pero no el temblor!\" src=\"http:\/\/www.reconoce.mx\/wp-content\/uploads\/ecologiaviernes23.png\" alt=\"\u00a1Podr\u00e1n negar el cambio clim\u00e1tico pero no el temblor!\" width=\"600\" height=\"275\" \/><\/a><p id=\"caption-attachment-6375\" class=\"wp-caption-text\">\u00a1Podr\u00e1n negar el cambio clim\u00e1tico pero no el temblor!<\/p><\/div>\n<p><!--more-->Me puse a investigar acerca del tema para que no me tachen de extremista ecol\u00f3gica loca. Encontr\u00e9 que <strong>en el \u00faltimo lustro, este tema se empez\u00f3 a discutir ampliamente<\/strong> debido a los m\u00faltiples terremotos y tsunamis que han azotado diversas partes del mundo. Existen dos corrientes marcadas: primero los que creen que estos desastres naturales son efectos directos del calentamiento global; segundo los que descalifican esta idea porque consideran que no hay suficientes pruebas cient\u00edficas que la apoyen. Sin embargo, tampoco hay pruebas cient\u00edficas de que los terremotos y tsunamis no sean causados por el cambio clim\u00e1tico.<\/p>\n<p>Algunos <strong>ge\u00f3logos han planteado que el calentamiento global puede causar que los desastres naturales de este tipo ocurran con mayor frecuencia y en lugares donde normalmente no suced\u00edan<\/strong>. El calentamiento global es el fen\u00f3meno de aumento de la temperatura media de la atmosfera y de los oc\u00e9anos, causado por la actividad industrial del hombre. Lo que sucede es que al elevarse la temperatura global, los glaciares se est\u00e1n derritiendo a una velocidad acelerada y esto provoca que la presi\u00f3n que ejercen sobre la superficie de la Tierra disminuya. Los glaciares ejercen mucha presi\u00f3n sobre la Tierra que sirve para suprimir los terremotos; cuando esta presi\u00f3n se disminuye se dan reacciones geol\u00f3gicas. De acuerdo a algunos ge\u00f3logos estas reacciones pueden ser terremotos, tsunamis y erupciones volc\u00e1nicas.<\/p>\n<p>Yo no encuentro estas teor\u00edas completamente descabelladas, aunque mis conocimientos de geolog\u00eda se reducen a los tipos de rocas que te ense\u00f1an en la primaria, es un hecho que no se han presentado pruebas claras de que esto es lo que est\u00e1 sucediendo ni se ha llegado a un consenso al respecto. Sin embargo, la historia de la humanidad est\u00e1 llena de ejemplos de aquellas \u201cverdades universales\u201d que estaban basadas en pruebas falsas y que resultaron ser err\u00f3neas. Lo que es innegable es que <strong>las acciones del hombre tienen repercusiones en el planeta<\/strong>; podremos desconocer cuales ser\u00e1n las consecuencias de nuestra actividad industrial y de la explotaci\u00f3n de los recursos naturales, pero no podemos pretender que no estamos da\u00f1ando la Tierra.<\/p>\n<p>Entonces, no sabemos si el temblor del pasado martes fue una consecuencia del calentamiento global, pero por si s\u00ed o por si no, yo seguir\u00e9 tratando de disminuir mi huella ecol\u00f3gica y cuidando de nuestro planeta. Espero que ustedes hagan lo mismo, sino por lo menos <strong>tomemos precauciones y repasemos los pasos a seguir en caso de sismo<\/strong>.<\/p>\n","protected":false},"excerpt":{"rendered":"<p>Siguiendo con el treding topic de la semana, hoy les voy a escribir acerca del temblor. En twitter le\u00edmos de todo, que si fueron los mayas ensayando para el fin del mundo&#8230;<\/p>\n","protected":false},"author":2,"featured_media":6375,"comment_status":"open","ping_status":"open","sticky":false,"template":"","format":"standard","meta":{"footnotes":""},"categories":[43,262],"tags":[36,563,562,565,564],"class_list":["post-6366","post","type-post","status-publish","format-standard","has-post-thumbnail","hentry","category-conciencia","category-ecologia","tag-ciudad-de-mexico","tag-sismo","tag-temblor","tag-trending-topic","tag-twitter"],"yoast_head":"<!-- This site is optimized with the Yoast SEO plugin v24.7 - https:\/\/yoast.com\/wordpress\/plugins\/seo\/ -->\n<title>\u00a1Podr\u00e1n negar el cambio clim\u00e1tico pero no el temblor! &#171; Reconoce MX<\/title>\n<meta name=\"robots\" content=\"index, follow, max-snippet:-1, max-image-preview:large, max-video-preview:-1\" \/>\n<link rel=\"canonical\" href=\"http:\/\/www.reconoce.mx\/?p=6366\" \/>\n<meta property=\"og:locale\" content=\"es_ES\" \/>\n<meta property=\"og:type\" content=\"article\" \/>\n<meta property=\"og:title\" content=\"\u00a1Podr\u00e1n negar el cambio clim\u00e1tico pero no el temblor! &#171; Reconoce MX\" \/>\n<meta property=\"og:description\" content=\"Siguiendo con el treding topic de la semana, hoy les voy a escribir acerca del temblor. En twitter le\u00edmos de todo, que si fueron los mayas ensayando para el fin del mundo...\" \/>\n<meta property=\"og:url\" content=\"http:\/\/www.reconoce.mx\/?p=6366\" \/>\n<meta property=\"og:site_name\" content=\"Reconoce MX\" \/>\n<meta property=\"article:publisher\" content=\"https:\/\/es-la.facebook.com\/ReconoceMX\/\" \/>\n<meta property=\"article:published_time\" content=\"2012-03-24T02:00:53+00:00\" \/>\n<meta property=\"article:modified_time\" content=\"2012-04-03T03:51:59+00:00\" \/>\n<meta property=\"og:image\" content=\"http:\/\/www.reconoce.mx\/wp-content\/uploads\/ecologiaviernes23.png\" \/>\n\t<meta property=\"og:image:width\" content=\"649\" \/>\n\t<meta property=\"og:image:height\" content=\"301\" \/>\n\t<meta property=\"og:image:type\" content=\"image\/png\" \/>\n<meta name=\"author\" content=\"Reconoce MX\" \/>\n<meta name=\"twitter:card\" content=\"summary_large_image\" \/>\n<meta name=\"twitter:creator\" content=\"@reconocemx\" \/>\n<meta name=\"twitter:site\" content=\"@reconocemx\" \/>\n<meta name=\"twitter:label1\" content=\"Escrito por\" \/>\n\t<meta name=\"twitter:data1\" content=\"Reconoce MX\" \/>\n\t<meta name=\"twitter:label2\" content=\"Tiempo de lectura\" \/>\n\t<meta name=\"twitter:data2\" content=\"3 minutos\" \/>\n<script type=\"application\/ld+json\" class=\"yoast-schema-graph\">{\"@context\":\"https:\/\/schema.org\",\"@graph\":[{\"@type\":\"Article\",\"@id\":\"http:\/\/www.reconoce.mx\/?p=6366#article\",\"isPartOf\":{\"@id\":\"http:\/\/www.reconoce.mx\/?p=6366\"},\"author\":{\"name\":\"Reconoce MX\",\"@id\":\"http:\/\/www.reconoce.mx\/#\/schema\/person\/2117e997d7051dc15d6880eaf9bca0b2\"},\"headline\":\"\u00a1Podr\u00e1n negar el cambio clim\u00e1tico pero no el temblor!\",\"datePublished\":\"2012-03-24T02:00:53+00:00\",\"dateModified\":\"2012-04-03T03:51:59+00:00\",\"mainEntityOfPage\":{\"@id\":\"http:\/\/www.reconoce.mx\/?p=6366\"},\"wordCount\":547,\"commentCount\":3,\"publisher\":{\"@id\":\"http:\/\/www.reconoce.mx\/#organization\"},\"image\":{\"@id\":\"http:\/\/www.reconoce.mx\/?p=6366#primaryimage\"},\"thumbnailUrl\":\"http:\/\/www.reconoce.mx\/wp-content\/uploads\/ecologiaviernes23.png\",\"keywords\":[\"ciudad de m\u00e9xico\",\"sismo\",\"Temblor\",\"trending topic\",\"Twitter\"],\"articleSection\":[\"Conciencia\",\"Ecolog\u00eda\"],\"inLanguage\":\"es\",\"potentialAction\":[{\"@type\":\"CommentAction\",\"name\":\"Comment\",\"target\":[\"http:\/\/www.reconoce.mx\/?p=6366#respond\"]}]},{\"@type\":\"WebPage\",\"@id\":\"http:\/\/www.reconoce.mx\/?p=6366\",\"url\":\"http:\/\/www.reconoce.mx\/?p=6366\",\"name\":\"\u00a1Podr\u00e1n negar el cambio clim\u00e1tico pero no el temblor! &#171; Reconoce MX\",\"isPartOf\":{\"@id\":\"http:\/\/www.reconoce.mx\/#website\"},\"primaryImageOfPage\":{\"@id\":\"http:\/\/www.reconoce.mx\/?p=6366#primaryimage\"},\"image\":{\"@id\":\"http:\/\/www.reconoce.mx\/?p=6366#primaryimage\"},\"thumbnailUrl\":\"http:\/\/www.reconoce.mx\/wp-content\/uploads\/ecologiaviernes23.png\",\"datePublished\":\"2012-03-24T02:00:53+00:00\",\"dateModified\":\"2012-04-03T03:51:59+00:00\",\"breadcrumb\":{\"@id\":\"http:\/\/www.reconoce.mx\/?p=6366#breadcrumb\"},\"inLanguage\":\"es\",\"potentialAction\":[{\"@type\":\"ReadAction\",\"target\":[\"http:\/\/www.reconoce.mx\/?p=6366\"]}]},{\"@type\":\"ImageObject\",\"inLanguage\":\"es\",\"@id\":\"http:\/\/www.reconoce.mx\/?p=6366#primaryimage\",\"url\":\"http:\/\/www.reconoce.mx\/wp-content\/uploads\/ecologiaviernes23.png\",\"contentUrl\":\"http:\/\/www.reconoce.mx\/wp-content\/uploads\/ecologiaviernes23.png\",\"width\":649,\"height\":301,\"caption\":\"\u00a1Podr\u00e1n negar el cambio clim\u00e1tico pero no el temblor!\"},{\"@type\":\"BreadcrumbList\",\"@id\":\"http:\/\/www.reconoce.mx\/?p=6366#breadcrumb\",\"itemListElement\":[{\"@type\":\"ListItem\",\"position\":1,\"name\":\"Portada\",\"item\":\"http:\/\/www.reconoce.mx\/\"},{\"@type\":\"ListItem\",\"position\":2,\"name\":\"\u00a1Podr\u00e1n negar el cambio clim\u00e1tico pero no el temblor!\"}]},{\"@type\":\"WebSite\",\"@id\":\"http:\/\/www.reconoce.mx\/#website\",\"url\":\"http:\/\/www.reconoce.mx\/\",\"name\":\"Reconoce MX\",\"description\":\"En Reconoce MX difundimos arte, cultura y conciencia social en M\u00e9xico. Tu ciudad en otra perspectiva.\",\"publisher\":{\"@id\":\"http:\/\/www.reconoce.mx\/#organization\"},\"potentialAction\":[{\"@type\":\"SearchAction\",\"target\":{\"@type\":\"EntryPoint\",\"urlTemplate\":\"http:\/\/www.reconoce.mx\/?s={search_term_string}\"},\"query-input\":{\"@type\":\"PropertyValueSpecification\",\"valueRequired\":true,\"valueName\":\"search_term_string\"}}],\"inLanguage\":\"es\"},{\"@type\":\"Organization\",\"@id\":\"http:\/\/www.reconoce.mx\/#organization\",\"name\":\"Reconoce MX\",\"url\":\"http:\/\/www.reconoce.mx\/\",\"logo\":{\"@type\":\"ImageObject\",\"inLanguage\":\"es\",\"@id\":\"http:\/\/www.reconoce.mx\/#\/schema\/logo\/image\/\",\"url\":\"https:\/\/www.reconoce.mx\/wp-content\/uploads\/2019\/03\/logorcmx-good-1.png\",\"contentUrl\":\"https:\/\/www.reconoce.mx\/wp-content\/uploads\/2019\/03\/logorcmx-good-1.png\",\"width\":280,\"height\":90,\"caption\":\"Reconoce MX\"},\"image\":{\"@id\":\"http:\/\/www.reconoce.mx\/#\/schema\/logo\/image\/\"},\"sameAs\":[\"https:\/\/es-la.facebook.com\/ReconoceMX\/\",\"https:\/\/x.com\/reconocemx\",\"http:\/\/@reconocemx\"]},{\"@type\":\"Person\",\"@id\":\"http:\/\/www.reconoce.mx\/#\/schema\/person\/2117e997d7051dc15d6880eaf9bca0b2\",\"name\":\"Reconoce MX\",\"image\":{\"@type\":\"ImageObject\",\"inLanguage\":\"es\",\"@id\":\"http:\/\/www.reconoce.mx\/#\/schema\/person\/image\/\",\"url\":\"https:\/\/secure.gravatar.com\/avatar\/6c8d4dc7569ca1c90c5fdcc349f839d5ddef6fe1e70b4337ead2ef1a4c43fc3a?s=96&d=identicon&r=g\",\"contentUrl\":\"https:\/\/secure.gravatar.com\/avatar\/6c8d4dc7569ca1c90c5fdcc349f839d5ddef6fe1e70b4337ead2ef1a4c43fc3a?s=96&d=identicon&r=g\",\"caption\":\"Reconoce MX\"},\"description\":\"Reconoce MX es un proyecto de difusi\u00f3n art\u00edstica, cultural y de conciencia social que est\u00e1 enfocado a difundir y fomentar el entretenimiento alternativo de calidad para todo el p\u00fablico que comparta el mismo entusiasmo.\",\"sameAs\":[\"http:\/\/www.reconoce.mx\"],\"url\":\"http:\/\/www.reconoce.mx\/?author=2\"}]}<\/script>\n<!-- \/ Yoast SEO plugin. -->","yoast_head_json":{"title":"\u00a1Podr\u00e1n negar el cambio clim\u00e1tico pero no el temblor! &#171; Reconoce MX","robots":{"index":"index","follow":"follow","max-snippet":"max-snippet:-1","max-image-preview":"max-image-preview:large","max-video-preview":"max-video-preview:-1"},"canonical":"http:\/\/www.reconoce.mx\/?p=6366","og_locale":"es_ES","og_type":"article","og_title":"\u00a1Podr\u00e1n negar el cambio clim\u00e1tico pero no el temblor! &#171; Reconoce MX","og_description":"Siguiendo con el treding topic de la semana, hoy les voy a escribir acerca del temblor. En twitter le\u00edmos de todo, que si fueron los mayas ensayando para el fin del mundo...","og_url":"http:\/\/www.reconoce.mx\/?p=6366","og_site_name":"Reconoce MX","article_publisher":"https:\/\/es-la.facebook.com\/ReconoceMX\/","article_published_time":"2012-03-24T02:00:53+00:00","article_modified_time":"2012-04-03T03:51:59+00:00","og_image":[{"width":649,"height":301,"url":"http:\/\/www.reconoce.mx\/wp-content\/uploads\/ecologiaviernes23.png","type":"image\/png"}],"author":"Reconoce MX","twitter_card":"summary_large_image","twitter_creator":"@reconocemx","twitter_site":"@reconocemx","twitter_misc":{"Escrito por":"Reconoce MX","Tiempo de lectura":"3 minutos"},"schema":{"@context":"https:\/\/schema.org","@graph":[{"@type":"Article","@id":"http:\/\/www.reconoce.mx\/?p=6366#article","isPartOf":{"@id":"http:\/\/www.reconoce.mx\/?p=6366"},"author":{"name":"Reconoce MX","@id":"http:\/\/www.reconoce.mx\/#\/schema\/person\/2117e997d7051dc15d6880eaf9bca0b2"},"headline":"\u00a1Podr\u00e1n negar el cambio clim\u00e1tico pero no el temblor!","datePublished":"2012-03-24T02:00:53+00:00","dateModified":"2012-04-03T03:51:59+00:00","mainEntityOfPage":{"@id":"http:\/\/www.reconoce.mx\/?p=6366"},"wordCount":547,"commentCount":3,"publisher":{"@id":"http:\/\/www.reconoce.mx\/#organization"},"image":{"@id":"http:\/\/www.reconoce.mx\/?p=6366#primaryimage"},"thumbnailUrl":"http:\/\/www.reconoce.mx\/wp-content\/uploads\/ecologiaviernes23.png","keywords":["ciudad de m\u00e9xico","sismo","Temblor","trending topic","Twitter"],"articleSection":["Conciencia","Ecolog\u00eda"],"inLanguage":"es","potentialAction":[{"@type":"CommentAction","name":"Comment","target":["http:\/\/www.reconoce.mx\/?p=6366#respond"]}]},{"@type":"WebPage","@id":"http:\/\/www.reconoce.mx\/?p=6366","url":"http:\/\/www.reconoce.mx\/?p=6366","name":"\u00a1Podr\u00e1n negar el cambio clim\u00e1tico pero no el temblor! &#171; Reconoce MX","isPartOf":{"@id":"http:\/\/www.reconoce.mx\/#website"},"primaryImageOfPage":{"@id":"http:\/\/www.reconoce.mx\/?p=6366#primaryimage"},"image":{"@id":"http:\/\/www.reconoce.mx\/?p=6366#primaryimage"},"thumbnailUrl":"http:\/\/www.reconoce.mx\/wp-content\/uploads\/ecologiaviernes23.png","datePublished":"2012-03-24T02:00:53+00:00","dateModified":"2012-04-03T03:51:59+00:00","breadcrumb":{"@id":"http:\/\/www.reconoce.mx\/?p=6366#breadcrumb"},"inLanguage":"es","potentialAction":[{"@type":"ReadAction","target":["http:\/\/www.reconoce.mx\/?p=6366"]}]},{"@type":"ImageObject","inLanguage":"es","@id":"http:\/\/www.reconoce.mx\/?p=6366#primaryimage","url":"http:\/\/www.reconoce.mx\/wp-content\/uploads\/ecologiaviernes23.png","contentUrl":"http:\/\/www.reconoce.mx\/wp-content\/uploads\/ecologiaviernes23.png","width":649,"height":301,"caption":"\u00a1Podr\u00e1n negar el cambio clim\u00e1tico pero no el temblor!"},{"@type":"BreadcrumbList","@id":"http:\/\/www.reconoce.mx\/?p=6366#breadcrumb","itemListElement":[{"@type":"ListItem","position":1,"name":"Portada","item":"http:\/\/www.reconoce.mx\/"},{"@type":"ListItem","position":2,"name":"\u00a1Podr\u00e1n negar el cambio clim\u00e1tico pero no el temblor!"}]},{"@type":"WebSite","@id":"http:\/\/www.reconoce.mx\/#website","url":"http:\/\/www.reconoce.mx\/","name":"Reconoce MX","description":"En Reconoce MX difundimos arte, cultura y conciencia social en M\u00e9xico. Tu ciudad en otra perspectiva.","publisher":{"@id":"http:\/\/www.reconoce.mx\/#organization"},"potentialAction":[{"@type":"SearchAction","target":{"@type":"EntryPoint","urlTemplate":"http:\/\/www.reconoce.mx\/?s={search_term_string}"},"query-input":{"@type":"PropertyValueSpecification","valueRequired":true,"valueName":"search_term_string"}}],"inLanguage":"es"},{"@type":"Organization","@id":"http:\/\/www.reconoce.mx\/#organization","name":"Reconoce MX","url":"http:\/\/www.reconoce.mx\/","logo":{"@type":"ImageObject","inLanguage":"es","@id":"http:\/\/www.reconoce.mx\/#\/schema\/logo\/image\/","url":"https:\/\/www.reconoce.mx\/wp-content\/uploads\/2019\/03\/logorcmx-good-1.png","contentUrl":"https:\/\/www.reconoce.mx\/wp-content\/uploads\/2019\/03\/logorcmx-good-1.png","width":280,"height":90,"caption":"Reconoce MX"},"image":{"@id":"http:\/\/www.reconoce.mx\/#\/schema\/logo\/image\/"},"sameAs":["https:\/\/es-la.facebook.com\/ReconoceMX\/","https:\/\/x.com\/reconocemx","http:\/\/@reconocemx"]},{"@type":"Person","@id":"http:\/\/www.reconoce.mx\/#\/schema\/person\/2117e997d7051dc15d6880eaf9bca0b2","name":"Reconoce MX","image":{"@type":"ImageObject","inLanguage":"es","@id":"http:\/\/www.reconoce.mx\/#\/schema\/person\/image\/","url":"https:\/\/secure.gravatar.com\/avatar\/6c8d4dc7569ca1c90c5fdcc349f839d5ddef6fe1e70b4337ead2ef1a4c43fc3a?s=96&d=identicon&r=g","contentUrl":"https:\/\/secure.gravatar.com\/avatar\/6c8d4dc7569ca1c90c5fdcc349f839d5ddef6fe1e70b4337ead2ef1a4c43fc3a?s=96&d=identicon&r=g","caption":"Reconoce MX"},"description":"Reconoce MX es un proyecto de difusi\u00f3n art\u00edstica, cultural y de conciencia social que est\u00e1 enfocado a difundir y fomentar el entretenimiento alternativo de calidad para todo el p\u00fablico que comparta el mismo entusiasmo.","sameAs":["http:\/\/www.reconoce.mx"],"url":"http:\/\/www.reconoce.mx\/?author=2"}]}},"_links":{"self":[{"href":"http:\/\/www.reconoce.mx\/index.php?rest_route=\/wp\/v2\/posts\/6366","targetHints":{"allow":["GET"]}}],"collection":[{"href":"http:\/\/www.reconoce.mx\/index.php?rest_route=\/wp\/v2\/posts"}],"about":[{"href":"http:\/\/www.reconoce.mx\/index.php?rest_route=\/wp\/v2\/types\/post"}],"author":[{"embeddable":true,"href":"http:\/\/www.reconoce.mx\/index.php?rest_route=\/wp\/v2\/users\/2"}],"replies":[{"embeddable":true,"href":"http:\/\/www.reconoce.mx\/index.php?rest_route=%2Fwp%2Fv2%2Fcomments&post=6366"}],"version-history":[{"count":9,"href":"http:\/\/www.reconoce.mx\/index.php?rest_route=\/wp\/v2\/posts\/6366\/revisions"}],"predecessor-version":[{"id":6756,"href":"http:\/\/www.reconoce.mx\/index.php?rest_route=\/wp\/v2\/posts\/6366\/revisions\/6756"}],"wp:featuredmedia":[{"embeddable":true,"href":"http:\/\/www.reconoce.mx\/index.php?rest_route=\/wp\/v2\/media\/6375"}],"wp:attachment":[{"href":"http:\/\/www.reconoce.mx\/index.php?rest_route=%2Fwp%2Fv2%2Fmedia&parent=6366"}],"wp:term":[{"taxonomy":"category","embeddable":true,"href":"http:\/\/www.reconoce.mx\/index.php?rest_route=%2Fwp%2Fv2%2Fcategories&post=6366"},{"taxonomy":"post_tag","embeddable":true,"href":"http:\/\/www.reconoce.mx\/index.php?rest_route=%2Fwp%2Fv2%2Ftags&post=6366"}],"curies":[{"name":"wp","href":"https:\/\/api.w.org\/{rel}","templated":true}]}}