{"id":6398,"date":"2012-03-27T01:00:53","date_gmt":"2012-03-27T01:00:53","guid":{"rendered":"http:\/\/www.reconoce.mx\/?p=6398"},"modified":"2019-03-17T15:03:28","modified_gmt":"2019-03-17T21:03:28","slug":"vive-latino-2012-dia-1","status":"publish","type":"post","link":"http:\/\/www.reconoce.mx\/?p=6398","title":{"rendered":"Vive Latino 2012: D\u00eda 1"},"content":{"rendered":"<p><strong>Por <a title=\"@AsfaltosTweets\" href=\"http:\/\/twitter.com\/#%21\/AsfaltosTweets\" target=\"_blank\" rel=\"noopener\">Asfaltos<\/a><\/strong>.<\/p>\n<h2 style=\"text-align: center;\"><strong>2012 | <a href=\"http:\/\/www.reconoce.mx\/vive-latino-2014-dia-1\/\">2014<\/a> | <a href=\"http:\/\/www.reconoce.mx\/vl15-viernes-13-de-marzo\/\">2015<\/a> | <a href=\"http:\/\/www.reconoce.mx\/vl16-sabado-23-de-abril-un-vive-autentico-y-nada-decadente\/\">2016 <\/a><\/strong><strong>| <a href=\"http:\/\/www.reconoce.mx\/vl17-sabado-18-de-marzo-festival-lleno-de-emociones\/\">2017 <\/a><\/strong><strong>| <a href=\"http:\/\/www.reconoce.mx\/vl18-sabado-17-de-marzo-20-anos-y-se-mantiene-firme\/\">2018<\/a> | <a href=\"http:\/\/reconoce.mx\/20anosvl19-sabado-16-de-marzo-gran-inicio-de-la-edicion-20\">2019<\/a><\/strong><\/h2>\n<h3 style=\"text-align: center;\"><strong>D \u00cd A 1<\/strong> | <strong><a href=\"http:\/\/www.reconoce.mx\/vive-latino-2012-dia-2\/\" rel=\"noopener\">D \u00cd A 2<\/a> | <a href=\"http:\/\/www.reconoce.mx\/vive-latino-2012-dia-3\/\" rel=\"noopener\">D \u00cd A 3<\/a><\/strong><\/h3>\n<p>Ha dado ya comienzo el Vive Latino en M\u00e9xico. Con la presencia de m\u00fasicos consagrados, a nivel\u00a0nacional e internacional, as\u00ed como de propuestas novedosas que buscan abrirse un espacio dentro de la cada vez m\u00e1s competida escena musical, aqu\u00ed <strong>te rese\u00f1amos lo que pudimos vivir en el primer d\u00eda del Vive Latino 2012<\/strong>.<\/p>\n<p>La primer banda que v\u00ed, y <a title=\"\u00bfQu\u00e9 ver en el Vive Latino 2012? D\u00eda 1.\" href=\"http:\/\/www.reconoce.mx\/que-ver-en-el-vive-latino-2012-dia-1\/\" target=\"_blank\" rel=\"noopener\">siguiendo el\u00a0itinerario marcado<\/a>, fueron los m\u00fasicos de <strong>Ritmo Peligroso <\/strong>que pusieron la dosis de sabor y movimiento que se esperaba de ellos en lo que fue una muy c\u00e1lida tarde en el Foro Sol. Quiz\u00e1 el momento culminante fue cuando interpretaron su cl\u00e1sica <em>D\u00e9jala tranquila<\/em> que puso a bailar a los presentes.<\/p>\n<p>Nuestra ruta nos marc\u00f3 el viaje a la Carpa Intolerante. Ah\u00ed pudimos ver a <strong>Los Meffisto<\/strong>, una banda que se sacudi\u00f3 la mala suerte al tener que interrumpir su presentaci\u00f3n por fallas en la planta de luz, para poner posteriormente a bailar a los presentes con su sonido rockero con tintes electr\u00f3nicos. Sin duda una propuesta a la que habr\u00e1 que echarle una oreja para poderles apreciar en su versi\u00f3n en estudio.<\/p>\n<p>En el mismo escenario nos quedamos para disfrutar de la m\u00fasica de <strong>Shokora<\/strong>, una banda que para serles sincero no conoc\u00eda en absoluto, pero que al momento de ponerles atenci\u00f3n y de verlos en vivo puedo decir que es una propuesta que derrocha energ\u00eda. Con un sonido plenamente rockero, algo raro en nuestros d\u00edas, Shokora dio muestras de que a pesar de su juventud derrochan actitud sobre un escenario que nunca les intimid\u00f3.<\/p>\n<p>Antes de irnos de la Carpa Intolerante nos quedamos a escuchar \u00a0a los guanajuatenses de <strong>GG Bross<\/strong>, otra de esas bandas que sab\u00eda que no deb\u00eda perderme. La verdad fue una agradable sorpresa encontrarme con el hecho de que a estos muchachos no les espant\u00f3 el escenario, y es m\u00e1s, fue a\u00fan m\u00e1s grato percatarme que ya hay una buena banda que les sigue y corea. Sin duda la Carpa Intolerante dio muestras de vida con la participaci\u00f3n de GG Bross.<\/p>\n<p>De ah\u00ed corr\u00ed hacia el Escenario Indio Verde en el que me mor\u00eda de ganas por ver a una de las realidades madrile\u00f1as m\u00e1s importantes del momento. Con su tercer Vive Latino a cuestas, <strong>Vetusta Morla <\/strong>dio c\u00e1tedra de su buen sonido y propuesta musical que nos hace recordar que en la Madre Patria la buena m\u00fasica sigue cre\u00e1ndose con proyectos como \u00e9ste. Si bien a\u00fan era un poco temprano para que el p\u00fablico presente reaccionara, los comentarios de la calidad musical de la agrupaci\u00f3n no se hicieron esperar.<\/p>\n<p>El cl\u00edmax del d\u00eda para un servidor (soy fan, qu\u00e9 le voy a hacer) fue con la presentaci\u00f3n de los regios de <strong>Jumbo<\/strong>. Probablemente fue la zona en la que me coloqu\u00e9, pero de las varias veces que los he visto en vivo (si no me equivoco unas cuatro o cinco ocasiones) creo que esta es la que m\u00e1s he disfrutado. El slam no se hizo esperar dentro de una zona que fue calentando motores para los pr\u00f3ximos shows que le esperaban. Jumbo contribuy\u00f3 tocando mayormente sus \u00e9xitos que fueron arropados por los seguidores de la banda.<\/p>\n<p>Terminando Jumbo me dirig\u00ed a la Carpa Danup, un escenario en el que pude observar finalmente en vivo a la gente de <strong>Mexican Dubwiser<\/strong>, que a los gritos de &#8216;viva M\u00e9xico&#8217; y &#8216;\u00f3rale cabrones&#8217;, pusieron a bailar a los presentes que se contagiaron por la calidad y energ\u00eda de los m\u00fasicos sobre el escenario. Sin haber visto todos los espect\u00e1culos, puedo afirmar que \u00e9ste fue de los favoritos para quienes asistieron.<\/p>\n<p>Las pr\u00f3ximas horas fueron una pausa para su servidor que se fue a aplastar a la <strong>Carpa Ambulante, <\/strong>donde pude ver (finalmente) el documental <em>U2: From the Sky Down,<\/em> que cuenta parte de las vivencias detr\u00e1s de la grabaci\u00f3n del exitoso y genial Achtung Baby de la banda irlandesa. Sin duda muy bueno que la carpa tenga habilitada unos respaldos de madera para poder tomar un descanso del ajetreo musical del festival.<\/p>\n<p>Despu\u00e9s de estar tiradote un rato, me fui a cerrar el d\u00eda con <strong>Zo\u00e9<\/strong>, que con un show en el que combinaron su material unplugged con su m\u00fasica \u00abconectada\u00bb, lograron sin duda saciar mi curiosidad por el reciente \u00e9xito que esta banda ha ido cosechando con una cada vez m\u00e1s grande fanaticada. Si alguien pod\u00eda apaciguar a la enorme masa de gente del festival con m\u00fasica \u00abdesconectada\u00bb, ese alguien era Zo\u00e9 en conjunto. Destacaron la presencia de Denise Guti\u00e9rrez y Enrique Bunbury como invitados especiales.<\/p>\n<p>Para cerrar con broche de oro me qued\u00e9 a \u00a0la que probablemente fue la participaci\u00f3n m\u00e1s esperada de la noche. Desde la ma\u00f1ana se hicieron presentes los fan\u00e1ticos de<strong>\u00a0Enrique Bunbury<\/strong>,\u00a0este ex l\u00edder de los H\u00e9roes del Silencio, que con sombreros y chalecos imitaban su forma de vestir para calentar el concierto que no decepcion\u00f3. \u00bfC\u00f3mo decepcionar con semejante voz?<\/p>\n<p><strong>\u00a1Hasta ma\u00f1ana Vive Latino! <\/strong>Esperamos ver a muchos de ustedes por all\u00e1.<\/p>\n<h3 style=\"text-align: center;\"><strong>D \u00cd A 1<\/strong> | <strong><a href=\"http:\/\/www.reconoce.mx\/vive-latino-2012-dia-2\/\" rel=\"noopener\">D \u00cd A 2<\/a> | <a href=\"http:\/\/www.reconoce.mx\/vive-latino-2012-dia-3\/\" rel=\"noopener\">D \u00cd A 3<\/a><\/strong><\/h3>\n<h2 style=\"text-align: center;\"><strong>2012 | <a href=\"http:\/\/www.reconoce.mx\/vive-latino-2014-dia-1\/\">2014<\/a> | <a href=\"http:\/\/www.reconoce.mx\/vl15-viernes-13-de-marzo\/\">2015<\/a> | <a href=\"http:\/\/www.reconoce.mx\/vl16-sabado-23-de-abril-un-vive-autentico-y-nada-decadente\/\">2016 <\/a><\/strong><strong>| <a href=\"http:\/\/www.reconoce.mx\/vl17-sabado-18-de-marzo-festival-lleno-de-emociones\/\">2017 <\/a><\/strong><strong>| <a href=\"http:\/\/www.reconoce.mx\/vl18-sabado-17-de-marzo-20-anos-y-se-mantiene-firme\/\">2018<\/a> | <a href=\"http:\/\/reconoce.mx\/20anosvl19-sabado-16-de-marzo-gran-inicio-de-la-edicion-20\">2019<\/a><\/strong><\/h2>\n<p>&nbsp;<\/p>\n<p>&nbsp;<\/p>\n","protected":false},"excerpt":{"rendered":"<p>Ha dado ya comienzo el Vive Latino en M\u00e9xico. Con la presencia de m\u00fasicos consagrados, a nivel nacional e internacional, as\u00ed como de propuestas novedosas que buscan abrirse un espacio.<\/p>\n","protected":false},"author":2,"featured_media":71383,"comment_status":"open","ping_status":"open","sticky":false,"template":"","format":"standard","meta":{"footnotes":""},"categories":[1,18],"tags":[532,531,36,104,536,306,537,534,492,2611,535,533],"class_list":["post-6398","post","type-post","status-publish","format-standard","has-post-thumbnail","hentry","category-cultura","category-musica","tag-cafe-tacuba","tag-cafe-tacvba","tag-ciudad-de-mexico","tag-conciertos","tag-fat-boy-slim","tag-festival","tag-foro-sol","tag-kinky","tag-molotov","tag-musica","tag-vive-latino","tag-zoe"],"yoast_head":"<!-- This site is optimized with the Yoast SEO plugin v24.7 - https:\/\/yoast.com\/wordpress\/plugins\/seo\/ -->\n<title>Vive Latino 2012: D\u00eda 1 &#171; Reconoce MX<\/title>\n<meta name=\"robots\" content=\"index, follow, max-snippet:-1, max-image-preview:large, max-video-preview:-1\" \/>\n<link rel=\"canonical\" href=\"http:\/\/www.reconoce.mx\/?p=6398\" \/>\n<meta property=\"og:locale\" content=\"es_ES\" \/>\n<meta property=\"og:type\" content=\"article\" \/>\n<meta property=\"og:title\" content=\"Vive Latino 2012: D\u00eda 1 &#171; Reconoce MX\" \/>\n<meta property=\"og:description\" content=\"Ha dado ya comienzo el Vive Latino en M\u00e9xico. Con la presencia de m\u00fasicos consagrados, a nivel nacional e internacional, as\u00ed como de propuestas novedosas que buscan abrirse un espacio.\" \/>\n<meta property=\"og:url\" content=\"http:\/\/www.reconoce.mx\/?p=6398\" \/>\n<meta property=\"og:site_name\" content=\"Reconoce MX\" \/>\n<meta property=\"article:publisher\" content=\"https:\/\/es-la.facebook.com\/ReconoceMX\/\" \/>\n<meta property=\"article:published_time\" content=\"2012-03-27T01:00:53+00:00\" \/>\n<meta property=\"article:modified_time\" content=\"2019-03-17T21:03:28+00:00\" \/>\n<meta property=\"og:image\" content=\"http:\/\/www.reconoce.mx\/wp-content\/uploads\/2012\/03\/vl23zoebunbury.png\" \/>\n\t<meta property=\"og:image:width\" content=\"649\" \/>\n\t<meta property=\"og:image:height\" content=\"301\" \/>\n\t<meta property=\"og:image:type\" content=\"image\/png\" \/>\n<meta name=\"author\" content=\"Reconoce MX\" \/>\n<meta name=\"twitter:card\" content=\"summary_large_image\" \/>\n<meta name=\"twitter:creator\" content=\"@reconocemx\" \/>\n<meta name=\"twitter:site\" content=\"@reconocemx\" \/>\n<meta name=\"twitter:label1\" content=\"Escrito por\" \/>\n\t<meta name=\"twitter:data1\" content=\"Reconoce MX\" \/>\n\t<meta name=\"twitter:label2\" content=\"Tiempo de lectura\" \/>\n\t<meta name=\"twitter:data2\" content=\"5 minutos\" \/>\n<script type=\"application\/ld+json\" class=\"yoast-schema-graph\">{\"@context\":\"https:\/\/schema.org\",\"@graph\":[{\"@type\":\"Article\",\"@id\":\"http:\/\/www.reconoce.mx\/?p=6398#article\",\"isPartOf\":{\"@id\":\"http:\/\/www.reconoce.mx\/?p=6398\"},\"author\":{\"name\":\"Reconoce MX\",\"@id\":\"http:\/\/www.reconoce.mx\/#\/schema\/person\/2117e997d7051dc15d6880eaf9bca0b2\"},\"headline\":\"Vive Latino 2012: D\u00eda 1\",\"datePublished\":\"2012-03-27T01:00:53+00:00\",\"dateModified\":\"2019-03-17T21:03:28+00:00\",\"mainEntityOfPage\":{\"@id\":\"http:\/\/www.reconoce.mx\/?p=6398\"},\"wordCount\":905,\"commentCount\":0,\"publisher\":{\"@id\":\"http:\/\/www.reconoce.mx\/#organization\"},\"image\":{\"@id\":\"http:\/\/www.reconoce.mx\/?p=6398#primaryimage\"},\"thumbnailUrl\":\"http:\/\/www.reconoce.mx\/wp-content\/uploads\/2012\/03\/vl23zoebunbury.png\",\"keywords\":[\"Caf\u00e9 Tacuba\",\"Caf\u00e9 Tacvba\",\"ciudad de m\u00e9xico\",\"Conciertos\",\"Fat Boy Slim\",\"Festival\",\"Foro Sol\",\"Kinky\",\"Molotov\",\"M\u00fasica\",\"Vive Latino\",\"Zo\u00e9\"],\"articleSection\":[\"Cultura\",\"M\u00fasica\"],\"inLanguage\":\"es\",\"potentialAction\":[{\"@type\":\"CommentAction\",\"name\":\"Comment\",\"target\":[\"http:\/\/www.reconoce.mx\/?p=6398#respond\"]}]},{\"@type\":\"WebPage\",\"@id\":\"http:\/\/www.reconoce.mx\/?p=6398\",\"url\":\"http:\/\/www.reconoce.mx\/?p=6398\",\"name\":\"Vive Latino 2012: D\u00eda 1 &#171; Reconoce MX\",\"isPartOf\":{\"@id\":\"http:\/\/www.reconoce.mx\/#website\"},\"primaryImageOfPage\":{\"@id\":\"http:\/\/www.reconoce.mx\/?p=6398#primaryimage\"},\"image\":{\"@id\":\"http:\/\/www.reconoce.mx\/?p=6398#primaryimage\"},\"thumbnailUrl\":\"http:\/\/www.reconoce.mx\/wp-content\/uploads\/2012\/03\/vl23zoebunbury.png\",\"datePublished\":\"2012-03-27T01:00:53+00:00\",\"dateModified\":\"2019-03-17T21:03:28+00:00\",\"breadcrumb\":{\"@id\":\"http:\/\/www.reconoce.mx\/?p=6398#breadcrumb\"},\"inLanguage\":\"es\",\"potentialAction\":[{\"@type\":\"ReadAction\",\"target\":[\"http:\/\/www.reconoce.mx\/?p=6398\"]}]},{\"@type\":\"ImageObject\",\"inLanguage\":\"es\",\"@id\":\"http:\/\/www.reconoce.mx\/?p=6398#primaryimage\",\"url\":\"http:\/\/www.reconoce.mx\/wp-content\/uploads\/2012\/03\/vl23zoebunbury.png\",\"contentUrl\":\"http:\/\/www.reconoce.mx\/wp-content\/uploads\/2012\/03\/vl23zoebunbury.png\",\"width\":649,\"height\":301},{\"@type\":\"BreadcrumbList\",\"@id\":\"http:\/\/www.reconoce.mx\/?p=6398#breadcrumb\",\"itemListElement\":[{\"@type\":\"ListItem\",\"position\":1,\"name\":\"Portada\",\"item\":\"http:\/\/www.reconoce.mx\/\"},{\"@type\":\"ListItem\",\"position\":2,\"name\":\"Vive Latino 2012: D\u00eda 1\"}]},{\"@type\":\"WebSite\",\"@id\":\"http:\/\/www.reconoce.mx\/#website\",\"url\":\"http:\/\/www.reconoce.mx\/\",\"name\":\"Reconoce MX\",\"description\":\"En Reconoce MX difundimos arte, cultura y conciencia social en M\u00e9xico. Tu ciudad en otra perspectiva.\",\"publisher\":{\"@id\":\"http:\/\/www.reconoce.mx\/#organization\"},\"potentialAction\":[{\"@type\":\"SearchAction\",\"target\":{\"@type\":\"EntryPoint\",\"urlTemplate\":\"http:\/\/www.reconoce.mx\/?s={search_term_string}\"},\"query-input\":{\"@type\":\"PropertyValueSpecification\",\"valueRequired\":true,\"valueName\":\"search_term_string\"}}],\"inLanguage\":\"es\"},{\"@type\":\"Organization\",\"@id\":\"http:\/\/www.reconoce.mx\/#organization\",\"name\":\"Reconoce MX\",\"url\":\"http:\/\/www.reconoce.mx\/\",\"logo\":{\"@type\":\"ImageObject\",\"inLanguage\":\"es\",\"@id\":\"http:\/\/www.reconoce.mx\/#\/schema\/logo\/image\/\",\"url\":\"https:\/\/www.reconoce.mx\/wp-content\/uploads\/2019\/03\/logorcmx-good-1.png\",\"contentUrl\":\"https:\/\/www.reconoce.mx\/wp-content\/uploads\/2019\/03\/logorcmx-good-1.png\",\"width\":280,\"height\":90,\"caption\":\"Reconoce MX\"},\"image\":{\"@id\":\"http:\/\/www.reconoce.mx\/#\/schema\/logo\/image\/\"},\"sameAs\":[\"https:\/\/es-la.facebook.com\/ReconoceMX\/\",\"https:\/\/x.com\/reconocemx\",\"http:\/\/@reconocemx\"]},{\"@type\":\"Person\",\"@id\":\"http:\/\/www.reconoce.mx\/#\/schema\/person\/2117e997d7051dc15d6880eaf9bca0b2\",\"name\":\"Reconoce MX\",\"image\":{\"@type\":\"ImageObject\",\"inLanguage\":\"es\",\"@id\":\"http:\/\/www.reconoce.mx\/#\/schema\/person\/image\/\",\"url\":\"https:\/\/secure.gravatar.com\/avatar\/6c8d4dc7569ca1c90c5fdcc349f839d5ddef6fe1e70b4337ead2ef1a4c43fc3a?s=96&d=identicon&r=g\",\"contentUrl\":\"https:\/\/secure.gravatar.com\/avatar\/6c8d4dc7569ca1c90c5fdcc349f839d5ddef6fe1e70b4337ead2ef1a4c43fc3a?s=96&d=identicon&r=g\",\"caption\":\"Reconoce MX\"},\"description\":\"Reconoce MX es un proyecto de difusi\u00f3n art\u00edstica, cultural y de conciencia social que est\u00e1 enfocado a difundir y fomentar el entretenimiento alternativo de calidad para todo el p\u00fablico que comparta el mismo entusiasmo.\",\"sameAs\":[\"http:\/\/www.reconoce.mx\"],\"url\":\"http:\/\/www.reconoce.mx\/?author=2\"}]}<\/script>\n<!-- \/ Yoast SEO plugin. -->","yoast_head_json":{"title":"Vive Latino 2012: D\u00eda 1 &#171; Reconoce MX","robots":{"index":"index","follow":"follow","max-snippet":"max-snippet:-1","max-image-preview":"max-image-preview:large","max-video-preview":"max-video-preview:-1"},"canonical":"http:\/\/www.reconoce.mx\/?p=6398","og_locale":"es_ES","og_type":"article","og_title":"Vive Latino 2012: D\u00eda 1 &#171; Reconoce MX","og_description":"Ha dado ya comienzo el Vive Latino en M\u00e9xico. Con la presencia de m\u00fasicos consagrados, a nivel nacional e internacional, as\u00ed como de propuestas novedosas que buscan abrirse un espacio.","og_url":"http:\/\/www.reconoce.mx\/?p=6398","og_site_name":"Reconoce MX","article_publisher":"https:\/\/es-la.facebook.com\/ReconoceMX\/","article_published_time":"2012-03-27T01:00:53+00:00","article_modified_time":"2019-03-17T21:03:28+00:00","og_image":[{"width":649,"height":301,"url":"http:\/\/www.reconoce.mx\/wp-content\/uploads\/2012\/03\/vl23zoebunbury.png","type":"image\/png"}],"author":"Reconoce MX","twitter_card":"summary_large_image","twitter_creator":"@reconocemx","twitter_site":"@reconocemx","twitter_misc":{"Escrito por":"Reconoce MX","Tiempo de lectura":"5 minutos"},"schema":{"@context":"https:\/\/schema.org","@graph":[{"@type":"Article","@id":"http:\/\/www.reconoce.mx\/?p=6398#article","isPartOf":{"@id":"http:\/\/www.reconoce.mx\/?p=6398"},"author":{"name":"Reconoce MX","@id":"http:\/\/www.reconoce.mx\/#\/schema\/person\/2117e997d7051dc15d6880eaf9bca0b2"},"headline":"Vive Latino 2012: D\u00eda 1","datePublished":"2012-03-27T01:00:53+00:00","dateModified":"2019-03-17T21:03:28+00:00","mainEntityOfPage":{"@id":"http:\/\/www.reconoce.mx\/?p=6398"},"wordCount":905,"commentCount":0,"publisher":{"@id":"http:\/\/www.reconoce.mx\/#organization"},"image":{"@id":"http:\/\/www.reconoce.mx\/?p=6398#primaryimage"},"thumbnailUrl":"http:\/\/www.reconoce.mx\/wp-content\/uploads\/2012\/03\/vl23zoebunbury.png","keywords":["Caf\u00e9 Tacuba","Caf\u00e9 Tacvba","ciudad de m\u00e9xico","Conciertos","Fat Boy Slim","Festival","Foro Sol","Kinky","Molotov","M\u00fasica","Vive Latino","Zo\u00e9"],"articleSection":["Cultura","M\u00fasica"],"inLanguage":"es","potentialAction":[{"@type":"CommentAction","name":"Comment","target":["http:\/\/www.reconoce.mx\/?p=6398#respond"]}]},{"@type":"WebPage","@id":"http:\/\/www.reconoce.mx\/?p=6398","url":"http:\/\/www.reconoce.mx\/?p=6398","name":"Vive Latino 2012: D\u00eda 1 &#171; Reconoce MX","isPartOf":{"@id":"http:\/\/www.reconoce.mx\/#website"},"primaryImageOfPage":{"@id":"http:\/\/www.reconoce.mx\/?p=6398#primaryimage"},"image":{"@id":"http:\/\/www.reconoce.mx\/?p=6398#primaryimage"},"thumbnailUrl":"http:\/\/www.reconoce.mx\/wp-content\/uploads\/2012\/03\/vl23zoebunbury.png","datePublished":"2012-03-27T01:00:53+00:00","dateModified":"2019-03-17T21:03:28+00:00","breadcrumb":{"@id":"http:\/\/www.reconoce.mx\/?p=6398#breadcrumb"},"inLanguage":"es","potentialAction":[{"@type":"ReadAction","target":["http:\/\/www.reconoce.mx\/?p=6398"]}]},{"@type":"ImageObject","inLanguage":"es","@id":"http:\/\/www.reconoce.mx\/?p=6398#primaryimage","url":"http:\/\/www.reconoce.mx\/wp-content\/uploads\/2012\/03\/vl23zoebunbury.png","contentUrl":"http:\/\/www.reconoce.mx\/wp-content\/uploads\/2012\/03\/vl23zoebunbury.png","width":649,"height":301},{"@type":"BreadcrumbList","@id":"http:\/\/www.reconoce.mx\/?p=6398#breadcrumb","itemListElement":[{"@type":"ListItem","position":1,"name":"Portada","item":"http:\/\/www.reconoce.mx\/"},{"@type":"ListItem","position":2,"name":"Vive Latino 2012: D\u00eda 1"}]},{"@type":"WebSite","@id":"http:\/\/www.reconoce.mx\/#website","url":"http:\/\/www.reconoce.mx\/","name":"Reconoce MX","description":"En Reconoce MX difundimos arte, cultura y conciencia social en M\u00e9xico. Tu ciudad en otra perspectiva.","publisher":{"@id":"http:\/\/www.reconoce.mx\/#organization"},"potentialAction":[{"@type":"SearchAction","target":{"@type":"EntryPoint","urlTemplate":"http:\/\/www.reconoce.mx\/?s={search_term_string}"},"query-input":{"@type":"PropertyValueSpecification","valueRequired":true,"valueName":"search_term_string"}}],"inLanguage":"es"},{"@type":"Organization","@id":"http:\/\/www.reconoce.mx\/#organization","name":"Reconoce MX","url":"http:\/\/www.reconoce.mx\/","logo":{"@type":"ImageObject","inLanguage":"es","@id":"http:\/\/www.reconoce.mx\/#\/schema\/logo\/image\/","url":"https:\/\/www.reconoce.mx\/wp-content\/uploads\/2019\/03\/logorcmx-good-1.png","contentUrl":"https:\/\/www.reconoce.mx\/wp-content\/uploads\/2019\/03\/logorcmx-good-1.png","width":280,"height":90,"caption":"Reconoce MX"},"image":{"@id":"http:\/\/www.reconoce.mx\/#\/schema\/logo\/image\/"},"sameAs":["https:\/\/es-la.facebook.com\/ReconoceMX\/","https:\/\/x.com\/reconocemx","http:\/\/@reconocemx"]},{"@type":"Person","@id":"http:\/\/www.reconoce.mx\/#\/schema\/person\/2117e997d7051dc15d6880eaf9bca0b2","name":"Reconoce MX","image":{"@type":"ImageObject","inLanguage":"es","@id":"http:\/\/www.reconoce.mx\/#\/schema\/person\/image\/","url":"https:\/\/secure.gravatar.com\/avatar\/6c8d4dc7569ca1c90c5fdcc349f839d5ddef6fe1e70b4337ead2ef1a4c43fc3a?s=96&d=identicon&r=g","contentUrl":"https:\/\/secure.gravatar.com\/avatar\/6c8d4dc7569ca1c90c5fdcc349f839d5ddef6fe1e70b4337ead2ef1a4c43fc3a?s=96&d=identicon&r=g","caption":"Reconoce MX"},"description":"Reconoce MX es un proyecto de difusi\u00f3n art\u00edstica, cultural y de conciencia social que est\u00e1 enfocado a difundir y fomentar el entretenimiento alternativo de calidad para todo el p\u00fablico que comparta el mismo entusiasmo.","sameAs":["http:\/\/www.reconoce.mx"],"url":"http:\/\/www.reconoce.mx\/?author=2"}]}},"_links":{"self":[{"href":"http:\/\/www.reconoce.mx\/index.php?rest_route=\/wp\/v2\/posts\/6398","targetHints":{"allow":["GET"]}}],"collection":[{"href":"http:\/\/www.reconoce.mx\/index.php?rest_route=\/wp\/v2\/posts"}],"about":[{"href":"http:\/\/www.reconoce.mx\/index.php?rest_route=\/wp\/v2\/types\/post"}],"author":[{"embeddable":true,"href":"http:\/\/www.reconoce.mx\/index.php?rest_route=\/wp\/v2\/users\/2"}],"replies":[{"embeddable":true,"href":"http:\/\/www.reconoce.mx\/index.php?rest_route=%2Fwp%2Fv2%2Fcomments&post=6398"}],"version-history":[{"count":23,"href":"http:\/\/www.reconoce.mx\/index.php?rest_route=\/wp\/v2\/posts\/6398\/revisions"}],"predecessor-version":[{"id":81862,"href":"http:\/\/www.reconoce.mx\/index.php?rest_route=\/wp\/v2\/posts\/6398\/revisions\/81862"}],"wp:featuredmedia":[{"embeddable":true,"href":"http:\/\/www.reconoce.mx\/index.php?rest_route=\/wp\/v2\/media\/71383"}],"wp:attachment":[{"href":"http:\/\/www.reconoce.mx\/index.php?rest_route=%2Fwp%2Fv2%2Fmedia&parent=6398"}],"wp:term":[{"taxonomy":"category","embeddable":true,"href":"http:\/\/www.reconoce.mx\/index.php?rest_route=%2Fwp%2Fv2%2Fcategories&post=6398"},{"taxonomy":"post_tag","embeddable":true,"href":"http:\/\/www.reconoce.mx\/index.php?rest_route=%2Fwp%2Fv2%2Ftags&post=6398"}],"curies":[{"name":"wp","href":"https:\/\/api.w.org\/{rel}","templated":true}]}}