{"id":6429,"date":"2012-03-27T02:00:15","date_gmt":"2012-03-27T02:00:15","guid":{"rendered":"http:\/\/www.reconoce.mx\/?p=6429"},"modified":"2019-03-17T15:02:44","modified_gmt":"2019-03-17T21:02:44","slug":"vive-latino-2012-dia-2","status":"publish","type":"post","link":"http:\/\/www.reconoce.mx\/?p=6429","title":{"rendered":"Vive Latino 2012: D\u00eda 2"},"content":{"rendered":"<p><strong>Por\u00a0<a title=\"@AsfaltosTweets\" href=\"http:\/\/twitter.com\/#%21\/AsfaltosTweets\" target=\"_blank\" rel=\"noopener\">Asfaltos<\/a><\/strong>.<\/p>\n<h2 style=\"text-align: center;\"><strong>2012 | <a href=\"http:\/\/www.reconoce.mx\/vive-latino-2014-dia-1\/\">2014<\/a> | <a href=\"http:\/\/www.reconoce.mx\/vl15-viernes-13-de-marzo\/\">2015<\/a> | <a href=\"http:\/\/www.reconoce.mx\/vl16-sabado-23-de-abril-un-vive-autentico-y-nada-decadente\/\">2016 <\/a><\/strong><strong>| <a href=\"http:\/\/www.reconoce.mx\/vl17-sabado-18-de-marzo-festival-lleno-de-emociones\/\">2017 <\/a><\/strong><strong>| <a href=\"http:\/\/www.reconoce.mx\/vl18-sabado-17-de-marzo-20-anos-y-se-mantiene-firme\/\">2018<\/a> | <a href=\"http:\/\/reconoce.mx\/20anosvl19-sabado-16-de-marzo-gran-inicio-de-la-edicion-20\">2019<\/a><\/strong><\/h2>\n<h3 style=\"text-align: center;\"><a href=\"http:\/\/www.reconoce.mx\/vive-latino-2012-dia-1\/\" rel=\"noopener\"><strong>D \u00cd A 1<\/strong><\/a> | <strong>D \u00cd A 2 | <a href=\"http:\/\/www.reconoce.mx\/vive-latino-2012-dia-3\/\" rel=\"noopener\">D \u00cd A 3<\/a><\/strong><\/h3>\n<p>Segundo d\u00eda de nuestra cobertura del Vive Latino 2012. Ahora iniciamos actividades en <strong>la Carpa Danup, sitio del que como compartimos ayer, no nos mover\u00edamos mucho<\/strong> por la intensa actividad en \u00e9l.<\/p>\n<p>El primer m\u00fasico que pudimos ver fue <strong>Siddhartha<\/strong>, a quien por cierto, ya entrevist\u00f3 Reconoce MX en su programa de radio. La m\u00fasica de este jaliciense me hizo evocar algo los mejores a\u00f1os de Chetes, a quien asemeja no s\u00f3lo en lo musical sino tambi\u00e9n en lo f\u00edsico. Dentro de su presentaci\u00f3n se tuvo escenario lleno de los fans que adem\u00e1s de escuchar sus canciones, cantaban ya sus canciones pues se las sab\u00edan en su mayor\u00eda.<\/p>\n<p>De ah\u00ed nos quedamos a ver la presentaci\u00f3nde <strong>Phito Torres<\/strong>, una propuesta con rock lleno de tintes er\u00f3ticos e irreverentes. Si bien hubo poca gente presente en el escenario, a Phito y a su banda eso poco les import\u00f3, pues imprimieron vibra y energ\u00eda en su participaci\u00f3n que dedic\u00f3 tambi\u00e9n algo de su m\u00fasica al Papa que actualmente visita M\u00e9xico.<\/p>\n<p>Nuestra primera visita por la Carpa Danup terminar\u00eda con la presentaci\u00f3n de <strong>Amandititita<\/strong>. La hija del famoso Rockdrigo Gonz\u00e1lez, si bien no es de mi total agrado, debo de concederle el t\u00edtulo de la Reina de la Carpa Danup por lo menos en las primeras horas. Con un marcado sabor latino y la siempre pol\u00e9mica irreverencia de esta cantante, Amandititita se adue\u00f1\u00f3 del escenario con disfraces, gritos, arengas y su m\u00fasica.<\/p>\n<p>De ah\u00ed hicimos una pausa para esperar la presentaci\u00f3n de los chilenos de <strong>Astro<\/strong>. Debo de decir que ten\u00eda muchas ganas de ver a esta agrupaci\u00f3n en vivo y no me he defraudado para nada de ello. Con un sonido muy tropical, por llamarle de alg\u00fan modo y aprovechando de fondo las palmeras de la propia Carpa Danup, Astro atrap\u00f3 a los presentes con su m\u00fasica atmosf\u00e9ricamente alucinante.<\/p>\n<p>Tras la presentaci\u00f3n de Astro nos quedamos a ver a los espa\u00f1oles de <strong>Napole\u00f3n Solo<\/strong>, grupo plenamente de rock que de inmediato supo conectar con la gente que a pesar de no conocerles, se dej\u00f3 enganchar por la calidad que ah\u00ed se derrochaba. Posterior a ello nos fuimos a pasear un rato a la Impro Lucha que luci\u00f3 plet\u00f3rica para quienes disfrutaron de la segunda de tres funciones que han armado de manera diaria en los dos d\u00edas de festival.<\/p>\n<p>El itinerario marc\u00f3 el primer cambio de escenario de la tarde, y qu\u00e9 mejor momento que para dirigirnos a ver a <strong>Los Infierno<\/strong>, en la Carpa Intolerante. Poco era lo que conoc\u00eda de esta banda con integrantes bastante experimentados. Ver a Los Infierno me hizo recordar que la juventud es para vivirla, no para sufrirla. El slam, los pu\u00f1os arriba, los gritos y la comuni\u00f3n entre m\u00fasicos y espectadores nos hizo recordar a todos que en efecto, \u00absomos unos pinches marihuanos\u00bb.<\/p>\n<p>Nuestro recorrido nos hizo regresar a la Carpa Danup para ver a la chilena <strong>Javiera Mena<\/strong> que se hizo acompa\u00f1ar por los mexicanos de Dapuntobeat como sus m\u00fasicos. La m\u00fasica de Javiera regres\u00f3 el tono popero a la Carpa Danup. Con sus melod\u00edas llenas de calidad y sabor para bailar, Javiera conect\u00f3 con el p\u00fablico que ya corea sus canciones, al mismo tiempo que mueve el cuerpo acompa\u00f1ando la m\u00fasica.<\/p>\n<p>Si bien el recorrido nos marcaba presenciar a Descartes a Kant y a Hocico, vamos, era inevitable no caer en las garras de ver a Kasabian. <strong>Kasabian<\/strong> de inmediato quiso atrapar al p\u00fablico cantando su reciente \u00e9xito <em>Days are forgotten<\/em>. Desde ah\u00ed todo fue una fiesta para los presentes en el Vive Latino que terminar\u00eda con broche de oro con la participaci\u00f3n de <strong>Caf\u00e9 Tacvba<\/strong>, que cruz\u00e1ndose a pie por toda la explanada del Foro Sol, record\u00f3 que no importa cu\u00e1ntas veces les vea uno en vivo, hay que hacerlo siempre que se pueda.<\/p>\n<p>As\u00ed la larga segunda cr\u00f3nica de un d\u00eda igualmente largo pero productivo. <strong>Ma\u00f1ana a regresar para cerrar con broche de oro al \u00faltimo d\u00eda de la cobertura de Reconoce MX al Vive Latino<\/strong>. \u00bfUstedes ir\u00e1n? \u00bfA qui\u00e9nes ver\u00e1n?<\/p>\n<h3 style=\"text-align: center;\"><a href=\"http:\/\/www.reconoce.mx\/vive-latino-2012-dia-1\/\" rel=\"noopener\"><strong>D \u00cd A 1<\/strong><\/a> | <strong>D \u00cd A 2 | <a href=\"http:\/\/www.reconoce.mx\/vive-latino-2012-dia-3\/\" rel=\"noopener\">D \u00cd A 3<\/a><\/strong><\/h3>\n<h2 style=\"text-align: center;\"><strong>2012 | <a href=\"http:\/\/www.reconoce.mx\/vive-latino-2014-dia-1\/\">2014<\/a> | <a href=\"http:\/\/www.reconoce.mx\/vl15-viernes-13-de-marzo\/\">2015<\/a> | <a href=\"http:\/\/www.reconoce.mx\/vl16-sabado-23-de-abril-un-vive-autentico-y-nada-decadente\/\">2016 <\/a><\/strong><strong>| <a href=\"http:\/\/www.reconoce.mx\/vl17-sabado-18-de-marzo-festival-lleno-de-emociones\/\">2017 <\/a><\/strong><strong>| <a href=\"http:\/\/www.reconoce.mx\/vl18-sabado-17-de-marzo-20-anos-y-se-mantiene-firme\/\">2018<\/a> | <a href=\"http:\/\/reconoce.mx\/20anosvl19-sabado-16-de-marzo-gran-inicio-de-la-edicion-20\">2019<\/a><br \/>\n<\/strong><\/h2>\n<p>&nbsp;<\/p>\n<p>&nbsp;<\/p>\n","protected":false},"excerpt":{"rendered":"<p>Segundo d\u00eda de nuestra cobertura del Vive Latino. Ahora iniciamos actividades en la Carpa Danup, sitio del que como compartimos ayer, no nos mover\u00edamos mucho por su intensa actividad.<\/p>\n","protected":false},"author":2,"featured_media":6405,"comment_status":"open","ping_status":"open","sticky":false,"template":"","format":"standard","meta":{"footnotes":""},"categories":[1,18],"tags":[532,531,36,104,536,306,537,534,492,2611,535,533],"class_list":["post-6429","post","type-post","status-publish","format-standard","has-post-thumbnail","hentry","category-cultura","category-musica","tag-cafe-tacuba","tag-cafe-tacvba","tag-ciudad-de-mexico","tag-conciertos","tag-fat-boy-slim","tag-festival","tag-foro-sol","tag-kinky","tag-molotov","tag-musica","tag-vive-latino","tag-zoe"],"yoast_head":"<!-- This site is optimized with the Yoast SEO plugin v24.7 - https:\/\/yoast.com\/wordpress\/plugins\/seo\/ -->\n<title>Vive Latino 2012: D\u00eda 2 &#171; Reconoce MX<\/title>\n<meta name=\"robots\" content=\"index, follow, max-snippet:-1, max-image-preview:large, max-video-preview:-1\" \/>\n<link rel=\"canonical\" href=\"http:\/\/www.reconoce.mx\/?p=6429\" \/>\n<meta property=\"og:locale\" content=\"es_ES\" \/>\n<meta property=\"og:type\" content=\"article\" \/>\n<meta property=\"og:title\" content=\"Vive Latino 2012: D\u00eda 2 &#171; Reconoce MX\" \/>\n<meta property=\"og:description\" content=\"Segundo d\u00eda de nuestra cobertura del Vive Latino. Ahora iniciamos actividades en la Carpa Danup, sitio del que como compartimos ayer, no nos mover\u00edamos mucho por su intensa actividad.\" \/>\n<meta property=\"og:url\" content=\"http:\/\/www.reconoce.mx\/?p=6429\" \/>\n<meta property=\"og:site_name\" content=\"Reconoce MX\" \/>\n<meta property=\"article:publisher\" content=\"https:\/\/es-la.facebook.com\/ReconoceMX\/\" \/>\n<meta property=\"article:published_time\" content=\"2012-03-27T02:00:15+00:00\" \/>\n<meta property=\"article:modified_time\" content=\"2019-03-17T21:02:44+00:00\" \/>\n<meta property=\"og:image\" content=\"http:\/\/www.reconoce.mx\/wp-content\/uploads\/vl23chavasn.png\" \/>\n\t<meta property=\"og:image:width\" content=\"649\" \/>\n\t<meta property=\"og:image:height\" content=\"301\" \/>\n\t<meta property=\"og:image:type\" content=\"image\/png\" \/>\n<meta name=\"author\" content=\"Reconoce MX\" \/>\n<meta name=\"twitter:card\" content=\"summary_large_image\" \/>\n<meta name=\"twitter:creator\" content=\"@reconocemx\" \/>\n<meta name=\"twitter:site\" content=\"@reconocemx\" \/>\n<meta name=\"twitter:label1\" content=\"Escrito por\" \/>\n\t<meta name=\"twitter:data1\" content=\"Reconoce MX\" \/>\n\t<meta name=\"twitter:label2\" content=\"Tiempo de lectura\" \/>\n\t<meta name=\"twitter:data2\" content=\"4 minutos\" \/>\n<script type=\"application\/ld+json\" class=\"yoast-schema-graph\">{\"@context\":\"https:\/\/schema.org\",\"@graph\":[{\"@type\":\"Article\",\"@id\":\"http:\/\/www.reconoce.mx\/?p=6429#article\",\"isPartOf\":{\"@id\":\"http:\/\/www.reconoce.mx\/?p=6429\"},\"author\":{\"name\":\"Reconoce MX\",\"@id\":\"http:\/\/www.reconoce.mx\/#\/schema\/person\/2117e997d7051dc15d6880eaf9bca0b2\"},\"headline\":\"Vive Latino 2012: D\u00eda 2\",\"datePublished\":\"2012-03-27T02:00:15+00:00\",\"dateModified\":\"2019-03-17T21:02:44+00:00\",\"mainEntityOfPage\":{\"@id\":\"http:\/\/www.reconoce.mx\/?p=6429\"},\"wordCount\":748,\"commentCount\":0,\"publisher\":{\"@id\":\"http:\/\/www.reconoce.mx\/#organization\"},\"image\":{\"@id\":\"http:\/\/www.reconoce.mx\/?p=6429#primaryimage\"},\"thumbnailUrl\":\"http:\/\/www.reconoce.mx\/wp-content\/uploads\/vl23chavasn.png\",\"keywords\":[\"Caf\u00e9 Tacuba\",\"Caf\u00e9 Tacvba\",\"ciudad de m\u00e9xico\",\"Conciertos\",\"Fat Boy Slim\",\"Festival\",\"Foro Sol\",\"Kinky\",\"Molotov\",\"M\u00fasica\",\"Vive Latino\",\"Zo\u00e9\"],\"articleSection\":[\"Cultura\",\"M\u00fasica\"],\"inLanguage\":\"es\",\"potentialAction\":[{\"@type\":\"CommentAction\",\"name\":\"Comment\",\"target\":[\"http:\/\/www.reconoce.mx\/?p=6429#respond\"]}]},{\"@type\":\"WebPage\",\"@id\":\"http:\/\/www.reconoce.mx\/?p=6429\",\"url\":\"http:\/\/www.reconoce.mx\/?p=6429\",\"name\":\"Vive Latino 2012: D\u00eda 2 &#171; Reconoce MX\",\"isPartOf\":{\"@id\":\"http:\/\/www.reconoce.mx\/#website\"},\"primaryImageOfPage\":{\"@id\":\"http:\/\/www.reconoce.mx\/?p=6429#primaryimage\"},\"image\":{\"@id\":\"http:\/\/www.reconoce.mx\/?p=6429#primaryimage\"},\"thumbnailUrl\":\"http:\/\/www.reconoce.mx\/wp-content\/uploads\/vl23chavasn.png\",\"datePublished\":\"2012-03-27T02:00:15+00:00\",\"dateModified\":\"2019-03-17T21:02:44+00:00\",\"breadcrumb\":{\"@id\":\"http:\/\/www.reconoce.mx\/?p=6429#breadcrumb\"},\"inLanguage\":\"es\",\"potentialAction\":[{\"@type\":\"ReadAction\",\"target\":[\"http:\/\/www.reconoce.mx\/?p=6429\"]}]},{\"@type\":\"ImageObject\",\"inLanguage\":\"es\",\"@id\":\"http:\/\/www.reconoce.mx\/?p=6429#primaryimage\",\"url\":\"http:\/\/www.reconoce.mx\/wp-content\/uploads\/vl23chavasn.png\",\"contentUrl\":\"http:\/\/www.reconoce.mx\/wp-content\/uploads\/vl23chavasn.png\",\"width\":649,\"height\":301},{\"@type\":\"BreadcrumbList\",\"@id\":\"http:\/\/www.reconoce.mx\/?p=6429#breadcrumb\",\"itemListElement\":[{\"@type\":\"ListItem\",\"position\":1,\"name\":\"Portada\",\"item\":\"http:\/\/www.reconoce.mx\/\"},{\"@type\":\"ListItem\",\"position\":2,\"name\":\"Vive Latino 2012: D\u00eda 2\"}]},{\"@type\":\"WebSite\",\"@id\":\"http:\/\/www.reconoce.mx\/#website\",\"url\":\"http:\/\/www.reconoce.mx\/\",\"name\":\"Reconoce MX\",\"description\":\"En Reconoce MX difundimos arte, cultura y conciencia social en M\u00e9xico. Tu ciudad en otra perspectiva.\",\"publisher\":{\"@id\":\"http:\/\/www.reconoce.mx\/#organization\"},\"potentialAction\":[{\"@type\":\"SearchAction\",\"target\":{\"@type\":\"EntryPoint\",\"urlTemplate\":\"http:\/\/www.reconoce.mx\/?s={search_term_string}\"},\"query-input\":{\"@type\":\"PropertyValueSpecification\",\"valueRequired\":true,\"valueName\":\"search_term_string\"}}],\"inLanguage\":\"es\"},{\"@type\":\"Organization\",\"@id\":\"http:\/\/www.reconoce.mx\/#organization\",\"name\":\"Reconoce MX\",\"url\":\"http:\/\/www.reconoce.mx\/\",\"logo\":{\"@type\":\"ImageObject\",\"inLanguage\":\"es\",\"@id\":\"http:\/\/www.reconoce.mx\/#\/schema\/logo\/image\/\",\"url\":\"https:\/\/www.reconoce.mx\/wp-content\/uploads\/2019\/03\/logorcmx-good-1.png\",\"contentUrl\":\"https:\/\/www.reconoce.mx\/wp-content\/uploads\/2019\/03\/logorcmx-good-1.png\",\"width\":280,\"height\":90,\"caption\":\"Reconoce MX\"},\"image\":{\"@id\":\"http:\/\/www.reconoce.mx\/#\/schema\/logo\/image\/\"},\"sameAs\":[\"https:\/\/es-la.facebook.com\/ReconoceMX\/\",\"https:\/\/x.com\/reconocemx\",\"http:\/\/@reconocemx\"]},{\"@type\":\"Person\",\"@id\":\"http:\/\/www.reconoce.mx\/#\/schema\/person\/2117e997d7051dc15d6880eaf9bca0b2\",\"name\":\"Reconoce MX\",\"image\":{\"@type\":\"ImageObject\",\"inLanguage\":\"es\",\"@id\":\"http:\/\/www.reconoce.mx\/#\/schema\/person\/image\/\",\"url\":\"https:\/\/secure.gravatar.com\/avatar\/6c8d4dc7569ca1c90c5fdcc349f839d5ddef6fe1e70b4337ead2ef1a4c43fc3a?s=96&d=identicon&r=g\",\"contentUrl\":\"https:\/\/secure.gravatar.com\/avatar\/6c8d4dc7569ca1c90c5fdcc349f839d5ddef6fe1e70b4337ead2ef1a4c43fc3a?s=96&d=identicon&r=g\",\"caption\":\"Reconoce MX\"},\"description\":\"Reconoce MX es un proyecto de difusi\u00f3n art\u00edstica, cultural y de conciencia social que est\u00e1 enfocado a difundir y fomentar el entretenimiento alternativo de calidad para todo el p\u00fablico que comparta el mismo entusiasmo.\",\"sameAs\":[\"http:\/\/www.reconoce.mx\"],\"url\":\"http:\/\/www.reconoce.mx\/?author=2\"}]}<\/script>\n<!-- \/ Yoast SEO plugin. -->","yoast_head_json":{"title":"Vive Latino 2012: D\u00eda 2 &#171; Reconoce MX","robots":{"index":"index","follow":"follow","max-snippet":"max-snippet:-1","max-image-preview":"max-image-preview:large","max-video-preview":"max-video-preview:-1"},"canonical":"http:\/\/www.reconoce.mx\/?p=6429","og_locale":"es_ES","og_type":"article","og_title":"Vive Latino 2012: D\u00eda 2 &#171; Reconoce MX","og_description":"Segundo d\u00eda de nuestra cobertura del Vive Latino. Ahora iniciamos actividades en la Carpa Danup, sitio del que como compartimos ayer, no nos mover\u00edamos mucho por su intensa actividad.","og_url":"http:\/\/www.reconoce.mx\/?p=6429","og_site_name":"Reconoce MX","article_publisher":"https:\/\/es-la.facebook.com\/ReconoceMX\/","article_published_time":"2012-03-27T02:00:15+00:00","article_modified_time":"2019-03-17T21:02:44+00:00","og_image":[{"width":649,"height":301,"url":"http:\/\/www.reconoce.mx\/wp-content\/uploads\/vl23chavasn.png","type":"image\/png"}],"author":"Reconoce MX","twitter_card":"summary_large_image","twitter_creator":"@reconocemx","twitter_site":"@reconocemx","twitter_misc":{"Escrito por":"Reconoce MX","Tiempo de lectura":"4 minutos"},"schema":{"@context":"https:\/\/schema.org","@graph":[{"@type":"Article","@id":"http:\/\/www.reconoce.mx\/?p=6429#article","isPartOf":{"@id":"http:\/\/www.reconoce.mx\/?p=6429"},"author":{"name":"Reconoce MX","@id":"http:\/\/www.reconoce.mx\/#\/schema\/person\/2117e997d7051dc15d6880eaf9bca0b2"},"headline":"Vive Latino 2012: D\u00eda 2","datePublished":"2012-03-27T02:00:15+00:00","dateModified":"2019-03-17T21:02:44+00:00","mainEntityOfPage":{"@id":"http:\/\/www.reconoce.mx\/?p=6429"},"wordCount":748,"commentCount":0,"publisher":{"@id":"http:\/\/www.reconoce.mx\/#organization"},"image":{"@id":"http:\/\/www.reconoce.mx\/?p=6429#primaryimage"},"thumbnailUrl":"http:\/\/www.reconoce.mx\/wp-content\/uploads\/vl23chavasn.png","keywords":["Caf\u00e9 Tacuba","Caf\u00e9 Tacvba","ciudad de m\u00e9xico","Conciertos","Fat Boy Slim","Festival","Foro Sol","Kinky","Molotov","M\u00fasica","Vive Latino","Zo\u00e9"],"articleSection":["Cultura","M\u00fasica"],"inLanguage":"es","potentialAction":[{"@type":"CommentAction","name":"Comment","target":["http:\/\/www.reconoce.mx\/?p=6429#respond"]}]},{"@type":"WebPage","@id":"http:\/\/www.reconoce.mx\/?p=6429","url":"http:\/\/www.reconoce.mx\/?p=6429","name":"Vive Latino 2012: D\u00eda 2 &#171; Reconoce MX","isPartOf":{"@id":"http:\/\/www.reconoce.mx\/#website"},"primaryImageOfPage":{"@id":"http:\/\/www.reconoce.mx\/?p=6429#primaryimage"},"image":{"@id":"http:\/\/www.reconoce.mx\/?p=6429#primaryimage"},"thumbnailUrl":"http:\/\/www.reconoce.mx\/wp-content\/uploads\/vl23chavasn.png","datePublished":"2012-03-27T02:00:15+00:00","dateModified":"2019-03-17T21:02:44+00:00","breadcrumb":{"@id":"http:\/\/www.reconoce.mx\/?p=6429#breadcrumb"},"inLanguage":"es","potentialAction":[{"@type":"ReadAction","target":["http:\/\/www.reconoce.mx\/?p=6429"]}]},{"@type":"ImageObject","inLanguage":"es","@id":"http:\/\/www.reconoce.mx\/?p=6429#primaryimage","url":"http:\/\/www.reconoce.mx\/wp-content\/uploads\/vl23chavasn.png","contentUrl":"http:\/\/www.reconoce.mx\/wp-content\/uploads\/vl23chavasn.png","width":649,"height":301},{"@type":"BreadcrumbList","@id":"http:\/\/www.reconoce.mx\/?p=6429#breadcrumb","itemListElement":[{"@type":"ListItem","position":1,"name":"Portada","item":"http:\/\/www.reconoce.mx\/"},{"@type":"ListItem","position":2,"name":"Vive Latino 2012: D\u00eda 2"}]},{"@type":"WebSite","@id":"http:\/\/www.reconoce.mx\/#website","url":"http:\/\/www.reconoce.mx\/","name":"Reconoce MX","description":"En Reconoce MX difundimos arte, cultura y conciencia social en M\u00e9xico. Tu ciudad en otra perspectiva.","publisher":{"@id":"http:\/\/www.reconoce.mx\/#organization"},"potentialAction":[{"@type":"SearchAction","target":{"@type":"EntryPoint","urlTemplate":"http:\/\/www.reconoce.mx\/?s={search_term_string}"},"query-input":{"@type":"PropertyValueSpecification","valueRequired":true,"valueName":"search_term_string"}}],"inLanguage":"es"},{"@type":"Organization","@id":"http:\/\/www.reconoce.mx\/#organization","name":"Reconoce MX","url":"http:\/\/www.reconoce.mx\/","logo":{"@type":"ImageObject","inLanguage":"es","@id":"http:\/\/www.reconoce.mx\/#\/schema\/logo\/image\/","url":"https:\/\/www.reconoce.mx\/wp-content\/uploads\/2019\/03\/logorcmx-good-1.png","contentUrl":"https:\/\/www.reconoce.mx\/wp-content\/uploads\/2019\/03\/logorcmx-good-1.png","width":280,"height":90,"caption":"Reconoce MX"},"image":{"@id":"http:\/\/www.reconoce.mx\/#\/schema\/logo\/image\/"},"sameAs":["https:\/\/es-la.facebook.com\/ReconoceMX\/","https:\/\/x.com\/reconocemx","http:\/\/@reconocemx"]},{"@type":"Person","@id":"http:\/\/www.reconoce.mx\/#\/schema\/person\/2117e997d7051dc15d6880eaf9bca0b2","name":"Reconoce MX","image":{"@type":"ImageObject","inLanguage":"es","@id":"http:\/\/www.reconoce.mx\/#\/schema\/person\/image\/","url":"https:\/\/secure.gravatar.com\/avatar\/6c8d4dc7569ca1c90c5fdcc349f839d5ddef6fe1e70b4337ead2ef1a4c43fc3a?s=96&d=identicon&r=g","contentUrl":"https:\/\/secure.gravatar.com\/avatar\/6c8d4dc7569ca1c90c5fdcc349f839d5ddef6fe1e70b4337ead2ef1a4c43fc3a?s=96&d=identicon&r=g","caption":"Reconoce MX"},"description":"Reconoce MX es un proyecto de difusi\u00f3n art\u00edstica, cultural y de conciencia social que est\u00e1 enfocado a difundir y fomentar el entretenimiento alternativo de calidad para todo el p\u00fablico que comparta el mismo entusiasmo.","sameAs":["http:\/\/www.reconoce.mx"],"url":"http:\/\/www.reconoce.mx\/?author=2"}]}},"_links":{"self":[{"href":"http:\/\/www.reconoce.mx\/index.php?rest_route=\/wp\/v2\/posts\/6429","targetHints":{"allow":["GET"]}}],"collection":[{"href":"http:\/\/www.reconoce.mx\/index.php?rest_route=\/wp\/v2\/posts"}],"about":[{"href":"http:\/\/www.reconoce.mx\/index.php?rest_route=\/wp\/v2\/types\/post"}],"author":[{"embeddable":true,"href":"http:\/\/www.reconoce.mx\/index.php?rest_route=\/wp\/v2\/users\/2"}],"replies":[{"embeddable":true,"href":"http:\/\/www.reconoce.mx\/index.php?rest_route=%2Fwp%2Fv2%2Fcomments&post=6429"}],"version-history":[{"count":20,"href":"http:\/\/www.reconoce.mx\/index.php?rest_route=\/wp\/v2\/posts\/6429\/revisions"}],"predecessor-version":[{"id":81861,"href":"http:\/\/www.reconoce.mx\/index.php?rest_route=\/wp\/v2\/posts\/6429\/revisions\/81861"}],"wp:featuredmedia":[{"embeddable":true,"href":"http:\/\/www.reconoce.mx\/index.php?rest_route=\/wp\/v2\/media\/6405"}],"wp:attachment":[{"href":"http:\/\/www.reconoce.mx\/index.php?rest_route=%2Fwp%2Fv2%2Fmedia&parent=6429"}],"wp:term":[{"taxonomy":"category","embeddable":true,"href":"http:\/\/www.reconoce.mx\/index.php?rest_route=%2Fwp%2Fv2%2Fcategories&post=6429"},{"taxonomy":"post_tag","embeddable":true,"href":"http:\/\/www.reconoce.mx\/index.php?rest_route=%2Fwp%2Fv2%2Ftags&post=6429"}],"curies":[{"name":"wp","href":"https:\/\/api.w.org\/{rel}","templated":true}]}}