{"id":6434,"date":"2012-03-25T03:00:44","date_gmt":"2012-03-25T03:00:44","guid":{"rendered":"http:\/\/www.reconoce.mx\/?p=6434"},"modified":"2018-03-12T20:57:46","modified_gmt":"2018-03-13T02:57:46","slug":"que-ver-en-el-vive-latino-2012-dia-3","status":"publish","type":"post","link":"http:\/\/www.reconoce.mx\/?p=6434","title":{"rendered":"\u00bfQu\u00e9 ver en el Vive Latino 2012? D\u00eda 3"},"content":{"rendered":"<p><strong>Por\u00a0<a title=\"@AsfaltosTweets\" href=\"http:\/\/twitter.com\/#%21\/AsfaltosTweets\" target=\"_blank\" rel=\"noopener\">Asfaltos<\/a><\/strong>.<\/p>\n<p>Lista la tercera fecha del Vive Latino, un festival que hay que destacar, ha sido perfectamente ejecutado. Respetando los horarios y cuidando los m\u00e1s m\u00ednimos detalles, si bien hay cosas que por el mismo tama\u00f1o del festival pueden suceder, creo que en general <strong>los organizadores se han sacado un 10 con esta presente edici\u00f3n<\/strong>. A continuaci\u00f3n las cuatro bandas que no deben perderse y el recorrido que haremos para nuestra cobertura.<\/p>\n<p><span style=\"text-decoration: underline;\"><strong>V for Volume<\/strong><\/span><\/p>\n<p>Desde Colombia viene a M\u00e9xico V for Volume, banda con toques de rock alternativo que tras el \u00e9xito en su tierra natal, viene a nuestro pa\u00eds a tentar terreno. S\u00ed, es una banda que canta en ingl\u00e9s, pero con el sabor del rock que tambi\u00e9n est\u00e1 generando en estos momentos la escena colombiana. Para muestra les dejo el video oficial de su m\u00e1s reciente sencillo <em>Bruce Lee<\/em>.<\/p>\n<style>.embed-container { position: relative; padding-bottom: 56.25%; height: 0; overflow: hidden; max-width: 100%; } .embed-container iframe, .embed-container object, .embed-container embed { position: absolute; top: 0; left: 0; width: 100%; height: 100%; }<\/style>\n<div class='embed-container'><iframe src='https:\/\/www.youtube.com\/embed\/NfTJUYK5fxg' frameborder='0' allowfullscreen><\/iframe><\/div>\n<p>&nbsp;<\/p>\n<p><span style=\"text-decoration: underline;\"><strong>Monocordio<\/strong><\/span><\/p>\n<p>Despu\u00e9s de tantas veces que he querido verlos sin \u00e9xito, esta vez podr\u00e9 decir que despu\u00e9s de que \u00absiempre les busqu\u00e9\u00bb, hoy podr\u00e9 toparme con la agrupaci\u00f3n del m\u00fasico y periodista Fernando Rivera Calder\u00f3n. En su m\u00fasica no se encontrar\u00e1n grandes genialidades, aunque creo que el hecho de plasmar de manera sincera su m\u00fasica de tal modo que se capta eso, podr\u00eda considerarse la m\u00e1s grande genialidad de todas. Imperdible <em>Siempre te busqu\u00e9<\/em>.<\/p>\n<style>.embed-container { position: relative; padding-bottom: 56.25%; height: 0; overflow: hidden; max-width: 100%; } .embed-container iframe, .embed-container object, .embed-container embed { position: absolute; top: 0; left: 0; width: 100%; height: 100%; }<\/style>\n<div class='embed-container'><iframe src='https:\/\/www.youtube.com\/embed\/YPj9uxIx13Y' frameborder='0' allowfullscreen><\/iframe><\/div>\n<p>&nbsp;<\/p>\n<p><span style=\"text-decoration: underline;\"><strong>Illya Kuriaky &amp; The Valderramas<\/strong><\/span><\/p>\n<p>Creo que sobran las razones para ver a estos argentinos padres del funk y del hip-hop en espa\u00f1ol. Con una larga carrera que les trae en la m\u00fasica desde 1990, y tras una pausa que apenas en 2011 nos los regres\u00f3, perderse a Illya Kuriaky &amp; The Valderramas es simplemente un lujo que no pueden darse.<\/p>\n<style>.embed-container { position: relative; padding-bottom: 56.25%; height: 0; overflow: hidden; max-width: 100%; } .embed-container iframe, .embed-container object, .embed-container embed { position: absolute; top: 0; left: 0; width: 100%; height: 100%; }<\/style>\n<div class='embed-container'><iframe src='https:\/\/www.youtube.com\/embed\/5Zdi2UaqIFE' frameborder='0' allowfullscreen><\/iframe><\/div>\n<p>&nbsp;<\/p>\n<p><span style=\"text-decoration: underline;\"><strong>Molotov<\/strong><\/span><\/p>\n<p>Probablemente muchos no hayan visto en vivo a Molotov, a ellos, y a quienes ya lo han hecho, la invitaci\u00f3n cordial a que asistan a verlos en el escenario principal. Molotov resume lo que es un Vive Latino. Energ\u00eda, saltos, desmadre, reclamos y mucha fiesta. El escuchar cl\u00e1sicos de la talla de <em>Gimme the power<\/em>, <em>Voto latino<\/em> y <em>Puto<\/em>, ser\u00e1 un deleite acompa\u00f1ado de miles de voces que les corear\u00e1n sin problema.<\/p>\n<style>.embed-container { position: relative; padding-bottom: 56.25%; height: 0; overflow: hidden; max-width: 100%; } .embed-container iframe, .embed-container object, .embed-container embed { position: absolute; top: 0; left: 0; width: 100%; height: 100%; }<\/style>\n<div class='embed-container'><iframe src='https:\/\/www.youtube.com\/embed\/hfmY9Wlxx0o' frameborder='0' allowfullscreen><\/iframe><\/div>\n<p>&nbsp;<\/p>\n<p>Y ahora s\u00ed, <strong>nuestro recorrido<\/strong>\u2026 \u00bflos veremos por ah\u00ed?<\/p>\n<p>14:00 a 14:35 \u2013<span style=\"color: #008080;\"> Pat\u00e9 de Fu\u00e1<\/span><br \/>\n14:40 a 15:05 \u2013<strong><span style=\"color: #008000;\"> V for Volume<\/span><\/strong><br \/>\n15:20 a 15:45 \u2013 <span style=\"color: #008000;\">Adhesivo<\/span><br \/>\n16:50 a 17:20 \u2013 <strong><span style=\"color: #008000;\">Monocordio<\/span><\/strong><br \/>\n17:25 a 17:55 \u2013 <span style=\"color: #ff6600;\">Robota<\/span><br \/>\n18:10 a 18:40 \u2013 <span style=\"color: #ff0000;\">Mamastr\u00f3ficos<\/span><br \/>\n18:30 a 19:30 \u2013<strong><span style=\"color: #008080;\"> Illya Kuriaky &amp; The Valderramas<\/span><\/strong><br \/>\n20:10 a 20:50 \u2013 <span style=\"color: #008000;\">The Horrors<\/span><br \/>\n21:20 a 22:20 \u2013 <span style=\"color: #008080;\"><strong>Molotov<\/strong><\/span><br \/>\n22:55 a 00:05 \u2013 <span style=\"color: #008080;\">Fatboy Slim <\/span><\/p>\n<p style=\"text-align: right;\"><em><span style=\"color: #008080;\">*Escenario Verde Indio<\/span><\/em><br \/>\n<span style=\"color: #ff0000;\"><em>*Carpa Danup<\/em><\/span><br \/>\n<span style=\"color: #ff6600;\"><em> *Carpa Intolerante<\/em><\/span><br \/>\n<span style=\"color: #008000;\"><em> *Escenario Indio Blanco <\/em><\/span><\/p>\n<p>&nbsp;<\/p>\n<p>&nbsp;<\/p>\n","protected":false},"excerpt":{"rendered":"<p>Lista la tercera fecha del Vive Latino, un festival que hay que destacar, ha sido perfectamente ejecutado. Respetando los horarios y cuidando los m\u00e1s m\u00ednimos detalles.<\/p>\n","protected":false},"author":2,"featured_media":71391,"comment_status":"open","ping_status":"open","sticky":false,"template":"","format":"standard","meta":{"footnotes":""},"categories":[1,18],"tags":[532,531,36,104,536,306,537,534,492,2611,535,533],"class_list":["post-6434","post","type-post","status-publish","format-standard","has-post-thumbnail","hentry","category-cultura","category-musica","tag-cafe-tacuba","tag-cafe-tacvba","tag-ciudad-de-mexico","tag-conciertos","tag-fat-boy-slim","tag-festival","tag-foro-sol","tag-kinky","tag-molotov","tag-musica","tag-vive-latino","tag-zoe"],"yoast_head":"<!-- This site is optimized with the Yoast SEO plugin v24.7 - https:\/\/yoast.com\/wordpress\/plugins\/seo\/ -->\n<title>\u00bfQu\u00e9 ver en el Vive Latino 2012? D\u00eda 3 &#171; Reconoce MX<\/title>\n<meta name=\"robots\" content=\"index, follow, max-snippet:-1, max-image-preview:large, max-video-preview:-1\" \/>\n<link rel=\"canonical\" href=\"https:\/\/www.reconoce.mx\/?p=6434\" \/>\n<meta property=\"og:locale\" content=\"es_ES\" \/>\n<meta property=\"og:type\" content=\"article\" \/>\n<meta property=\"og:title\" content=\"\u00bfQu\u00e9 ver en el Vive Latino 2012? D\u00eda 3 &#171; Reconoce MX\" \/>\n<meta property=\"og:description\" content=\"Lista la tercera fecha del Vive Latino, un festival que hay que destacar, ha sido perfectamente ejecutado. Respetando los horarios y cuidando los m\u00e1s m\u00ednimos detalles.\" \/>\n<meta property=\"og:url\" content=\"https:\/\/www.reconoce.mx\/?p=6434\" \/>\n<meta property=\"og:site_name\" content=\"Reconoce MX\" \/>\n<meta property=\"article:publisher\" content=\"https:\/\/es-la.facebook.com\/ReconoceMX\/\" \/>\n<meta property=\"article:published_time\" content=\"2012-03-25T03:00:44+00:00\" \/>\n<meta property=\"article:modified_time\" content=\"2018-03-13T02:57:46+00:00\" \/>\n<meta property=\"og:image\" content=\"https:\/\/www.reconoce.mx\/wp-content\/uploads\/2012\/03\/vl23jumbo.png\" \/>\n\t<meta property=\"og:image:width\" content=\"649\" \/>\n\t<meta property=\"og:image:height\" content=\"301\" \/>\n\t<meta property=\"og:image:type\" content=\"image\/png\" \/>\n<meta name=\"author\" content=\"Reconoce MX\" \/>\n<meta name=\"twitter:card\" content=\"summary_large_image\" \/>\n<meta name=\"twitter:creator\" content=\"@reconocemx\" \/>\n<meta name=\"twitter:site\" content=\"@reconocemx\" \/>\n<meta name=\"twitter:label1\" content=\"Escrito por\" \/>\n\t<meta name=\"twitter:data1\" content=\"Reconoce MX\" \/>\n\t<meta name=\"twitter:label2\" content=\"Tiempo de lectura\" \/>\n\t<meta name=\"twitter:data2\" content=\"2 minutos\" \/>\n<script type=\"application\/ld+json\" class=\"yoast-schema-graph\">{\"@context\":\"https:\/\/schema.org\",\"@graph\":[{\"@type\":\"Article\",\"@id\":\"https:\/\/www.reconoce.mx\/?p=6434#article\",\"isPartOf\":{\"@id\":\"https:\/\/www.reconoce.mx\/?p=6434\"},\"author\":{\"name\":\"Reconoce MX\",\"@id\":\"http:\/\/www.reconoce.mx\/#\/schema\/person\/2117e997d7051dc15d6880eaf9bca0b2\"},\"headline\":\"\u00bfQu\u00e9 ver en el Vive Latino 2012? D\u00eda 3\",\"datePublished\":\"2012-03-25T03:00:44+00:00\",\"dateModified\":\"2018-03-13T02:57:46+00:00\",\"mainEntityOfPage\":{\"@id\":\"https:\/\/www.reconoce.mx\/?p=6434\"},\"wordCount\":439,\"commentCount\":0,\"publisher\":{\"@id\":\"http:\/\/www.reconoce.mx\/#organization\"},\"image\":{\"@id\":\"https:\/\/www.reconoce.mx\/?p=6434#primaryimage\"},\"thumbnailUrl\":\"http:\/\/www.reconoce.mx\/wp-content\/uploads\/2012\/03\/vl23jumbo.png\",\"keywords\":[\"Caf\u00e9 Tacuba\",\"Caf\u00e9 Tacvba\",\"ciudad de m\u00e9xico\",\"Conciertos\",\"Fat Boy Slim\",\"Festival\",\"Foro Sol\",\"Kinky\",\"Molotov\",\"M\u00fasica\",\"Vive Latino\",\"Zo\u00e9\"],\"articleSection\":[\"Cultura\",\"M\u00fasica\"],\"inLanguage\":\"es\",\"potentialAction\":[{\"@type\":\"CommentAction\",\"name\":\"Comment\",\"target\":[\"https:\/\/www.reconoce.mx\/?p=6434#respond\"]}]},{\"@type\":\"WebPage\",\"@id\":\"https:\/\/www.reconoce.mx\/?p=6434\",\"url\":\"https:\/\/www.reconoce.mx\/?p=6434\",\"name\":\"\u00bfQu\u00e9 ver en el Vive Latino 2012? D\u00eda 3 &#171; Reconoce MX\",\"isPartOf\":{\"@id\":\"http:\/\/www.reconoce.mx\/#website\"},\"primaryImageOfPage\":{\"@id\":\"https:\/\/www.reconoce.mx\/?p=6434#primaryimage\"},\"image\":{\"@id\":\"https:\/\/www.reconoce.mx\/?p=6434#primaryimage\"},\"thumbnailUrl\":\"http:\/\/www.reconoce.mx\/wp-content\/uploads\/2012\/03\/vl23jumbo.png\",\"datePublished\":\"2012-03-25T03:00:44+00:00\",\"dateModified\":\"2018-03-13T02:57:46+00:00\",\"breadcrumb\":{\"@id\":\"https:\/\/www.reconoce.mx\/?p=6434#breadcrumb\"},\"inLanguage\":\"es\",\"potentialAction\":[{\"@type\":\"ReadAction\",\"target\":[\"https:\/\/www.reconoce.mx\/?p=6434\"]}]},{\"@type\":\"ImageObject\",\"inLanguage\":\"es\",\"@id\":\"https:\/\/www.reconoce.mx\/?p=6434#primaryimage\",\"url\":\"http:\/\/www.reconoce.mx\/wp-content\/uploads\/2012\/03\/vl23jumbo.png\",\"contentUrl\":\"http:\/\/www.reconoce.mx\/wp-content\/uploads\/2012\/03\/vl23jumbo.png\",\"width\":649,\"height\":301},{\"@type\":\"BreadcrumbList\",\"@id\":\"https:\/\/www.reconoce.mx\/?p=6434#breadcrumb\",\"itemListElement\":[{\"@type\":\"ListItem\",\"position\":1,\"name\":\"Portada\",\"item\":\"http:\/\/www.reconoce.mx\/\"},{\"@type\":\"ListItem\",\"position\":2,\"name\":\"\u00bfQu\u00e9 ver en el Vive Latino 2012? D\u00eda 3\"}]},{\"@type\":\"WebSite\",\"@id\":\"http:\/\/www.reconoce.mx\/#website\",\"url\":\"http:\/\/www.reconoce.mx\/\",\"name\":\"Reconoce MX\",\"description\":\"En Reconoce MX difundimos arte, cultura y conciencia social en M\u00e9xico. Tu ciudad en otra perspectiva.\",\"publisher\":{\"@id\":\"http:\/\/www.reconoce.mx\/#organization\"},\"potentialAction\":[{\"@type\":\"SearchAction\",\"target\":{\"@type\":\"EntryPoint\",\"urlTemplate\":\"http:\/\/www.reconoce.mx\/?s={search_term_string}\"},\"query-input\":{\"@type\":\"PropertyValueSpecification\",\"valueRequired\":true,\"valueName\":\"search_term_string\"}}],\"inLanguage\":\"es\"},{\"@type\":\"Organization\",\"@id\":\"http:\/\/www.reconoce.mx\/#organization\",\"name\":\"Reconoce MX\",\"url\":\"http:\/\/www.reconoce.mx\/\",\"logo\":{\"@type\":\"ImageObject\",\"inLanguage\":\"es\",\"@id\":\"http:\/\/www.reconoce.mx\/#\/schema\/logo\/image\/\",\"url\":\"https:\/\/www.reconoce.mx\/wp-content\/uploads\/2019\/03\/logorcmx-good-1.png\",\"contentUrl\":\"https:\/\/www.reconoce.mx\/wp-content\/uploads\/2019\/03\/logorcmx-good-1.png\",\"width\":280,\"height\":90,\"caption\":\"Reconoce MX\"},\"image\":{\"@id\":\"http:\/\/www.reconoce.mx\/#\/schema\/logo\/image\/\"},\"sameAs\":[\"https:\/\/es-la.facebook.com\/ReconoceMX\/\",\"https:\/\/x.com\/reconocemx\",\"http:\/\/@reconocemx\"]},{\"@type\":\"Person\",\"@id\":\"http:\/\/www.reconoce.mx\/#\/schema\/person\/2117e997d7051dc15d6880eaf9bca0b2\",\"name\":\"Reconoce MX\",\"image\":{\"@type\":\"ImageObject\",\"inLanguage\":\"es\",\"@id\":\"http:\/\/www.reconoce.mx\/#\/schema\/person\/image\/\",\"url\":\"https:\/\/secure.gravatar.com\/avatar\/6c8d4dc7569ca1c90c5fdcc349f839d5ddef6fe1e70b4337ead2ef1a4c43fc3a?s=96&d=identicon&r=g\",\"contentUrl\":\"https:\/\/secure.gravatar.com\/avatar\/6c8d4dc7569ca1c90c5fdcc349f839d5ddef6fe1e70b4337ead2ef1a4c43fc3a?s=96&d=identicon&r=g\",\"caption\":\"Reconoce MX\"},\"description\":\"Reconoce MX es un proyecto de difusi\u00f3n art\u00edstica, cultural y de conciencia social que est\u00e1 enfocado a difundir y fomentar el entretenimiento alternativo de calidad para todo el p\u00fablico que comparta el mismo entusiasmo.\",\"sameAs\":[\"http:\/\/www.reconoce.mx\"],\"url\":\"http:\/\/www.reconoce.mx\/?author=2\"}]}<\/script>\n<!-- \/ Yoast SEO plugin. -->","yoast_head_json":{"title":"\u00bfQu\u00e9 ver en el Vive Latino 2012? D\u00eda 3 &#171; Reconoce MX","robots":{"index":"index","follow":"follow","max-snippet":"max-snippet:-1","max-image-preview":"max-image-preview:large","max-video-preview":"max-video-preview:-1"},"canonical":"https:\/\/www.reconoce.mx\/?p=6434","og_locale":"es_ES","og_type":"article","og_title":"\u00bfQu\u00e9 ver en el Vive Latino 2012? D\u00eda 3 &#171; Reconoce MX","og_description":"Lista la tercera fecha del Vive Latino, un festival que hay que destacar, ha sido perfectamente ejecutado. Respetando los horarios y cuidando los m\u00e1s m\u00ednimos detalles.","og_url":"https:\/\/www.reconoce.mx\/?p=6434","og_site_name":"Reconoce MX","article_publisher":"https:\/\/es-la.facebook.com\/ReconoceMX\/","article_published_time":"2012-03-25T03:00:44+00:00","article_modified_time":"2018-03-13T02:57:46+00:00","og_image":[{"width":649,"height":301,"url":"https:\/\/www.reconoce.mx\/wp-content\/uploads\/2012\/03\/vl23jumbo.png","type":"image\/png"}],"author":"Reconoce MX","twitter_card":"summary_large_image","twitter_creator":"@reconocemx","twitter_site":"@reconocemx","twitter_misc":{"Escrito por":"Reconoce MX","Tiempo de lectura":"2 minutos"},"schema":{"@context":"https:\/\/schema.org","@graph":[{"@type":"Article","@id":"https:\/\/www.reconoce.mx\/?p=6434#article","isPartOf":{"@id":"https:\/\/www.reconoce.mx\/?p=6434"},"author":{"name":"Reconoce MX","@id":"http:\/\/www.reconoce.mx\/#\/schema\/person\/2117e997d7051dc15d6880eaf9bca0b2"},"headline":"\u00bfQu\u00e9 ver en el Vive Latino 2012? D\u00eda 3","datePublished":"2012-03-25T03:00:44+00:00","dateModified":"2018-03-13T02:57:46+00:00","mainEntityOfPage":{"@id":"https:\/\/www.reconoce.mx\/?p=6434"},"wordCount":439,"commentCount":0,"publisher":{"@id":"http:\/\/www.reconoce.mx\/#organization"},"image":{"@id":"https:\/\/www.reconoce.mx\/?p=6434#primaryimage"},"thumbnailUrl":"http:\/\/www.reconoce.mx\/wp-content\/uploads\/2012\/03\/vl23jumbo.png","keywords":["Caf\u00e9 Tacuba","Caf\u00e9 Tacvba","ciudad de m\u00e9xico","Conciertos","Fat Boy Slim","Festival","Foro Sol","Kinky","Molotov","M\u00fasica","Vive Latino","Zo\u00e9"],"articleSection":["Cultura","M\u00fasica"],"inLanguage":"es","potentialAction":[{"@type":"CommentAction","name":"Comment","target":["https:\/\/www.reconoce.mx\/?p=6434#respond"]}]},{"@type":"WebPage","@id":"https:\/\/www.reconoce.mx\/?p=6434","url":"https:\/\/www.reconoce.mx\/?p=6434","name":"\u00bfQu\u00e9 ver en el Vive Latino 2012? D\u00eda 3 &#171; Reconoce MX","isPartOf":{"@id":"http:\/\/www.reconoce.mx\/#website"},"primaryImageOfPage":{"@id":"https:\/\/www.reconoce.mx\/?p=6434#primaryimage"},"image":{"@id":"https:\/\/www.reconoce.mx\/?p=6434#primaryimage"},"thumbnailUrl":"http:\/\/www.reconoce.mx\/wp-content\/uploads\/2012\/03\/vl23jumbo.png","datePublished":"2012-03-25T03:00:44+00:00","dateModified":"2018-03-13T02:57:46+00:00","breadcrumb":{"@id":"https:\/\/www.reconoce.mx\/?p=6434#breadcrumb"},"inLanguage":"es","potentialAction":[{"@type":"ReadAction","target":["https:\/\/www.reconoce.mx\/?p=6434"]}]},{"@type":"ImageObject","inLanguage":"es","@id":"https:\/\/www.reconoce.mx\/?p=6434#primaryimage","url":"http:\/\/www.reconoce.mx\/wp-content\/uploads\/2012\/03\/vl23jumbo.png","contentUrl":"http:\/\/www.reconoce.mx\/wp-content\/uploads\/2012\/03\/vl23jumbo.png","width":649,"height":301},{"@type":"BreadcrumbList","@id":"https:\/\/www.reconoce.mx\/?p=6434#breadcrumb","itemListElement":[{"@type":"ListItem","position":1,"name":"Portada","item":"http:\/\/www.reconoce.mx\/"},{"@type":"ListItem","position":2,"name":"\u00bfQu\u00e9 ver en el Vive Latino 2012? D\u00eda 3"}]},{"@type":"WebSite","@id":"http:\/\/www.reconoce.mx\/#website","url":"http:\/\/www.reconoce.mx\/","name":"Reconoce MX","description":"En Reconoce MX difundimos arte, cultura y conciencia social en M\u00e9xico. Tu ciudad en otra perspectiva.","publisher":{"@id":"http:\/\/www.reconoce.mx\/#organization"},"potentialAction":[{"@type":"SearchAction","target":{"@type":"EntryPoint","urlTemplate":"http:\/\/www.reconoce.mx\/?s={search_term_string}"},"query-input":{"@type":"PropertyValueSpecification","valueRequired":true,"valueName":"search_term_string"}}],"inLanguage":"es"},{"@type":"Organization","@id":"http:\/\/www.reconoce.mx\/#organization","name":"Reconoce MX","url":"http:\/\/www.reconoce.mx\/","logo":{"@type":"ImageObject","inLanguage":"es","@id":"http:\/\/www.reconoce.mx\/#\/schema\/logo\/image\/","url":"https:\/\/www.reconoce.mx\/wp-content\/uploads\/2019\/03\/logorcmx-good-1.png","contentUrl":"https:\/\/www.reconoce.mx\/wp-content\/uploads\/2019\/03\/logorcmx-good-1.png","width":280,"height":90,"caption":"Reconoce MX"},"image":{"@id":"http:\/\/www.reconoce.mx\/#\/schema\/logo\/image\/"},"sameAs":["https:\/\/es-la.facebook.com\/ReconoceMX\/","https:\/\/x.com\/reconocemx","http:\/\/@reconocemx"]},{"@type":"Person","@id":"http:\/\/www.reconoce.mx\/#\/schema\/person\/2117e997d7051dc15d6880eaf9bca0b2","name":"Reconoce MX","image":{"@type":"ImageObject","inLanguage":"es","@id":"http:\/\/www.reconoce.mx\/#\/schema\/person\/image\/","url":"https:\/\/secure.gravatar.com\/avatar\/6c8d4dc7569ca1c90c5fdcc349f839d5ddef6fe1e70b4337ead2ef1a4c43fc3a?s=96&d=identicon&r=g","contentUrl":"https:\/\/secure.gravatar.com\/avatar\/6c8d4dc7569ca1c90c5fdcc349f839d5ddef6fe1e70b4337ead2ef1a4c43fc3a?s=96&d=identicon&r=g","caption":"Reconoce MX"},"description":"Reconoce MX es un proyecto de difusi\u00f3n art\u00edstica, cultural y de conciencia social que est\u00e1 enfocado a difundir y fomentar el entretenimiento alternativo de calidad para todo el p\u00fablico que comparta el mismo entusiasmo.","sameAs":["http:\/\/www.reconoce.mx"],"url":"http:\/\/www.reconoce.mx\/?author=2"}]}},"_links":{"self":[{"href":"http:\/\/www.reconoce.mx\/index.php?rest_route=\/wp\/v2\/posts\/6434","targetHints":{"allow":["GET"]}}],"collection":[{"href":"http:\/\/www.reconoce.mx\/index.php?rest_route=\/wp\/v2\/posts"}],"about":[{"href":"http:\/\/www.reconoce.mx\/index.php?rest_route=\/wp\/v2\/types\/post"}],"author":[{"embeddable":true,"href":"http:\/\/www.reconoce.mx\/index.php?rest_route=\/wp\/v2\/users\/2"}],"replies":[{"embeddable":true,"href":"http:\/\/www.reconoce.mx\/index.php?rest_route=%2Fwp%2Fv2%2Fcomments&post=6434"}],"version-history":[{"count":19,"href":"http:\/\/www.reconoce.mx\/index.php?rest_route=\/wp\/v2\/posts\/6434\/revisions"}],"predecessor-version":[{"id":71401,"href":"http:\/\/www.reconoce.mx\/index.php?rest_route=\/wp\/v2\/posts\/6434\/revisions\/71401"}],"wp:featuredmedia":[{"embeddable":true,"href":"http:\/\/www.reconoce.mx\/index.php?rest_route=\/wp\/v2\/media\/71391"}],"wp:attachment":[{"href":"http:\/\/www.reconoce.mx\/index.php?rest_route=%2Fwp%2Fv2%2Fmedia&parent=6434"}],"wp:term":[{"taxonomy":"category","embeddable":true,"href":"http:\/\/www.reconoce.mx\/index.php?rest_route=%2Fwp%2Fv2%2Fcategories&post=6434"},{"taxonomy":"post_tag","embeddable":true,"href":"http:\/\/www.reconoce.mx\/index.php?rest_route=%2Fwp%2Fv2%2Ftags&post=6434"}],"curies":[{"name":"wp","href":"https:\/\/api.w.org\/{rel}","templated":true}]}}