{"id":65657,"date":"2017-09-16T00:01:53","date_gmt":"2017-09-16T05:01:53","guid":{"rendered":"http:\/\/www.reconoce.mx\/?p=65657"},"modified":"2017-09-16T21:52:52","modified_gmt":"2017-09-17T02:52:52","slug":"timbiriche-emociona-en-la-primer-fecha-de-su-tour-juntos","status":"publish","type":"post","link":"http:\/\/www.reconoce.mx\/?p=65657","title":{"rendered":"Timbiriche emociona en la primer fecha de su tour \u00abJuntos\u00bb"},"content":{"rendered":"<p><strong>Texto y fotos por <a title=\"@remedi_bla\" href=\"https:\/\/twitter.com\/remedi_bla\" target=\"_blank\" rel=\"noopener\">Regina Medina<\/a><\/strong>.<\/p>\n<p>El concierto dio inicio a las 20:50 horas en Auditorio Nacioanl, donde Benny, Erik, Diego, Alix, Mariana y Sasha hicieron temblar y regresar el tiempo a sus inicios con la canci\u00f3n hom\u00f3nima \u00abTimbiriche\u00bb. Los atuendos de siempre con sus chamarras azules y doradas estaban de regreso.<\/p>\n<p><a href=\"http:\/\/www.reconoce.mx\/wp-content\/uploads\/2017\/09\/DJpvr-nUIAEmyTV.jpg\"><img loading=\"lazy\" decoding=\"async\" class=\"aligncenter size-full wp-image-65659\" src=\"http:\/\/www.reconoce.mx\/wp-content\/uploads\/2017\/09\/DJpvr-nUIAEmyTV.jpg\" alt=\"\" width=\"1280\" height=\"960\" srcset=\"http:\/\/www.reconoce.mx\/wp-content\/uploads\/2017\/09\/DJpvr-nUIAEmyTV.jpg 1280w, http:\/\/www.reconoce.mx\/wp-content\/uploads\/2017\/09\/DJpvr-nUIAEmyTV-300x225.jpg 300w, http:\/\/www.reconoce.mx\/wp-content\/uploads\/2017\/09\/DJpvr-nUIAEmyTV-768x576.jpg 768w, http:\/\/www.reconoce.mx\/wp-content\/uploads\/2017\/09\/DJpvr-nUIAEmyTV-1024x768.jpg 1024w, http:\/\/www.reconoce.mx\/wp-content\/uploads\/2017\/09\/DJpvr-nUIAEmyTV-150x113.jpg 150w, http:\/\/www.reconoce.mx\/wp-content\/uploads\/2017\/09\/DJpvr-nUIAEmyTV-700x525.jpg 700w, http:\/\/www.reconoce.mx\/wp-content\/uploads\/2017\/09\/DJpvr-nUIAEmyTV-658x494.jpg 658w\" sizes=\"auto, (max-width: 1280px) 100vw, 1280px\" \/><\/a><\/p>\n<p>Los <strong>Timbiriche<\/strong> cantaron m\u00e1s de 50 canciones a lo largo de la noche, regresando a sus fans varios a\u00f1os atr\u00e1s. Todos corearon y bailaron con ellos sus m\u00e1s grandes \u00e9xitos.<\/p>\n<p>Nos regresaron a la \u00e9poca de \u00abVaselina\u00bb, haciendo una peque\u00f1a representaci\u00f3n de la obra y las canciones haciendo felices as\u00ed a todos sus fans que los han acompa\u00f1ado por 35 a\u00f1os de carrera.<\/p>\n<p>Este reencuentro ha tenido mucho \u00e9xito, ya que todas sus fechas menos 1 est\u00e1n agostadas. Tambi\u00e9n ya sacaron sus fechas del tour \u00abJuntos\u00bb en toda Rep\u00fablica Mexicana. Mucho se dec\u00eda que <strong>Paulina Rubio <\/strong>iba a hacer una aparici\u00f3n, pero eso no sucedi\u00f3.<\/p>\n<p><a href=\"http:\/\/www.reconoce.mx\/wp-content\/uploads\/2017\/09\/DJpvr-nUIAA9zgr.jpg\"><img loading=\"lazy\" decoding=\"async\" class=\"aligncenter size-full wp-image-65658\" src=\"http:\/\/www.reconoce.mx\/wp-content\/uploads\/2017\/09\/DJpvr-nUIAA9zgr.jpg\" alt=\"\" width=\"1200\" height=\"900\" srcset=\"http:\/\/www.reconoce.mx\/wp-content\/uploads\/2017\/09\/DJpvr-nUIAA9zgr.jpg 1200w, http:\/\/www.reconoce.mx\/wp-content\/uploads\/2017\/09\/DJpvr-nUIAA9zgr-300x225.jpg 300w, http:\/\/www.reconoce.mx\/wp-content\/uploads\/2017\/09\/DJpvr-nUIAA9zgr-768x576.jpg 768w, http:\/\/www.reconoce.mx\/wp-content\/uploads\/2017\/09\/DJpvr-nUIAA9zgr-1024x768.jpg 1024w, http:\/\/www.reconoce.mx\/wp-content\/uploads\/2017\/09\/DJpvr-nUIAA9zgr-150x113.jpg 150w, http:\/\/www.reconoce.mx\/wp-content\/uploads\/2017\/09\/DJpvr-nUIAA9zgr-700x525.jpg 700w, http:\/\/www.reconoce.mx\/wp-content\/uploads\/2017\/09\/DJpvr-nUIAA9zgr-658x494.jpg 658w\" sizes=\"auto, (max-width: 1200px) 100vw, 1200px\" \/><\/a><\/p>\n<p>Los fans estuvieron felices, cantando y bailando hasta las 23:10 horas. Para celebrar el mes de la patria terminaron el gran concierto con la canci\u00f3n de \u00abM\u00e9xico\u00bb, lograndp as\u00ed un gran cierre. El pasado mi\u00e9rcoles fue una noche m\u00e1gica para todos los espectadores que regresaron a los 80.<\/p>\n<p>Recuerden que todav\u00eda si no tienen sus boletos para este reencuentro, \u00a1a\u00fan queda solo 1 fecha con boletos!<\/p>\n<p>&nbsp;<\/p>\n<p>&nbsp;<\/p>\n","protected":false},"excerpt":{"rendered":"<p>El concierto dio inicio a las 20:50 horas en Auditorio Nacioanl, donde Benny, Erik, Diego, Alix, Mariana y Sasha hicieron temblar y regresar el tiempo a sus inicios con la canci\u00f3n hom\u00f3nima \u201cTimbiriche\u201d.<\/p>\n","protected":false},"author":2,"featured_media":65661,"comment_status":"open","ping_status":"open","sticky":false,"template":"","format":"standard","meta":{"footnotes":""},"categories":[1,18,17],"tags":[],"class_list":["post-65657","post","type-post","status-publish","format-standard","has-post-thumbnail","hentry","category-cultura","category-musica","category-principal"],"yoast_head":"<!-- This site is optimized with the Yoast SEO plugin v24.7 - https:\/\/yoast.com\/wordpress\/plugins\/seo\/ -->\n<title>Timbiriche emociona en la primer fecha de su tour &quot;Juntos&quot; &#171; Reconoce MX<\/title>\n<meta name=\"robots\" content=\"index, follow, max-snippet:-1, max-image-preview:large, max-video-preview:-1\" \/>\n<link rel=\"canonical\" href=\"https:\/\/www.reconoce.mx\/?p=65657\" \/>\n<meta property=\"og:locale\" content=\"es_ES\" \/>\n<meta property=\"og:type\" content=\"article\" \/>\n<meta property=\"og:title\" content=\"Timbiriche emociona en la primer fecha de su tour &quot;Juntos&quot; &#171; Reconoce MX\" \/>\n<meta property=\"og:description\" content=\"El concierto dio inicio a las 20:50 horas en Auditorio Nacioanl, donde Benny, Erik, Diego, Alix, Mariana y Sasha hicieron temblar y regresar el tiempo a sus inicios con la canci\u00f3n hom\u00f3nima \u201cTimbiriche\u201d.\" \/>\n<meta property=\"og:url\" content=\"https:\/\/www.reconoce.mx\/?p=65657\" \/>\n<meta property=\"og:site_name\" content=\"Reconoce MX\" \/>\n<meta property=\"article:publisher\" content=\"https:\/\/es-la.facebook.com\/ReconoceMX\/\" \/>\n<meta property=\"article:published_time\" content=\"2017-09-16T05:01:53+00:00\" \/>\n<meta property=\"article:modified_time\" content=\"2017-09-17T02:52:52+00:00\" \/>\n<meta property=\"og:image\" content=\"https:\/\/www.reconoce.mx\/wp-content\/uploads\/2017\/09\/timbiriche.png\" \/>\n\t<meta property=\"og:image:width\" content=\"590\" \/>\n\t<meta property=\"og:image:height\" content=\"380\" \/>\n\t<meta property=\"og:image:type\" content=\"image\/png\" \/>\n<meta name=\"author\" content=\"Reconoce MX\" \/>\n<meta name=\"twitter:card\" content=\"summary_large_image\" \/>\n<meta name=\"twitter:creator\" content=\"@reconocemx\" \/>\n<meta name=\"twitter:site\" content=\"@reconocemx\" \/>\n<meta name=\"twitter:label1\" content=\"Escrito por\" \/>\n\t<meta name=\"twitter:data1\" content=\"Reconoce MX\" \/>\n\t<meta name=\"twitter:label2\" content=\"Tiempo de lectura\" \/>\n\t<meta name=\"twitter:data2\" content=\"1 minuto\" \/>\n<script type=\"application\/ld+json\" class=\"yoast-schema-graph\">{\"@context\":\"https:\/\/schema.org\",\"@graph\":[{\"@type\":\"Article\",\"@id\":\"https:\/\/www.reconoce.mx\/?p=65657#article\",\"isPartOf\":{\"@id\":\"https:\/\/www.reconoce.mx\/?p=65657\"},\"author\":{\"name\":\"Reconoce MX\",\"@id\":\"http:\/\/www.reconoce.mx\/#\/schema\/person\/2117e997d7051dc15d6880eaf9bca0b2\"},\"headline\":\"Timbiriche emociona en la primer fecha de su tour \u00abJuntos\u00bb\",\"datePublished\":\"2017-09-16T05:01:53+00:00\",\"dateModified\":\"2017-09-17T02:52:52+00:00\",\"mainEntityOfPage\":{\"@id\":\"https:\/\/www.reconoce.mx\/?p=65657\"},\"wordCount\":249,\"commentCount\":0,\"publisher\":{\"@id\":\"http:\/\/www.reconoce.mx\/#organization\"},\"image\":{\"@id\":\"https:\/\/www.reconoce.mx\/?p=65657#primaryimage\"},\"thumbnailUrl\":\"http:\/\/www.reconoce.mx\/wp-content\/uploads\/2017\/09\/timbiriche.png\",\"articleSection\":[\"Cultura\",\"M\u00fasica\",\"Principal\"],\"inLanguage\":\"es\",\"potentialAction\":[{\"@type\":\"CommentAction\",\"name\":\"Comment\",\"target\":[\"https:\/\/www.reconoce.mx\/?p=65657#respond\"]}]},{\"@type\":\"WebPage\",\"@id\":\"https:\/\/www.reconoce.mx\/?p=65657\",\"url\":\"https:\/\/www.reconoce.mx\/?p=65657\",\"name\":\"Timbiriche emociona en la primer fecha de su tour \\\"Juntos\\\" &#171; Reconoce MX\",\"isPartOf\":{\"@id\":\"http:\/\/www.reconoce.mx\/#website\"},\"primaryImageOfPage\":{\"@id\":\"https:\/\/www.reconoce.mx\/?p=65657#primaryimage\"},\"image\":{\"@id\":\"https:\/\/www.reconoce.mx\/?p=65657#primaryimage\"},\"thumbnailUrl\":\"http:\/\/www.reconoce.mx\/wp-content\/uploads\/2017\/09\/timbiriche.png\",\"datePublished\":\"2017-09-16T05:01:53+00:00\",\"dateModified\":\"2017-09-17T02:52:52+00:00\",\"breadcrumb\":{\"@id\":\"https:\/\/www.reconoce.mx\/?p=65657#breadcrumb\"},\"inLanguage\":\"es\",\"potentialAction\":[{\"@type\":\"ReadAction\",\"target\":[\"https:\/\/www.reconoce.mx\/?p=65657\"]}]},{\"@type\":\"ImageObject\",\"inLanguage\":\"es\",\"@id\":\"https:\/\/www.reconoce.mx\/?p=65657#primaryimage\",\"url\":\"http:\/\/www.reconoce.mx\/wp-content\/uploads\/2017\/09\/timbiriche.png\",\"contentUrl\":\"http:\/\/www.reconoce.mx\/wp-content\/uploads\/2017\/09\/timbiriche.png\",\"width\":590,\"height\":380},{\"@type\":\"BreadcrumbList\",\"@id\":\"https:\/\/www.reconoce.mx\/?p=65657#breadcrumb\",\"itemListElement\":[{\"@type\":\"ListItem\",\"position\":1,\"name\":\"Portada\",\"item\":\"http:\/\/www.reconoce.mx\/\"},{\"@type\":\"ListItem\",\"position\":2,\"name\":\"Timbiriche emociona en la primer fecha de su tour \u00abJuntos\u00bb\"}]},{\"@type\":\"WebSite\",\"@id\":\"http:\/\/www.reconoce.mx\/#website\",\"url\":\"http:\/\/www.reconoce.mx\/\",\"name\":\"Reconoce MX\",\"description\":\"En Reconoce MX difundimos arte, cultura y conciencia social en M\u00e9xico. Tu ciudad en otra perspectiva.\",\"publisher\":{\"@id\":\"http:\/\/www.reconoce.mx\/#organization\"},\"potentialAction\":[{\"@type\":\"SearchAction\",\"target\":{\"@type\":\"EntryPoint\",\"urlTemplate\":\"http:\/\/www.reconoce.mx\/?s={search_term_string}\"},\"query-input\":{\"@type\":\"PropertyValueSpecification\",\"valueRequired\":true,\"valueName\":\"search_term_string\"}}],\"inLanguage\":\"es\"},{\"@type\":\"Organization\",\"@id\":\"http:\/\/www.reconoce.mx\/#organization\",\"name\":\"Reconoce MX\",\"url\":\"http:\/\/www.reconoce.mx\/\",\"logo\":{\"@type\":\"ImageObject\",\"inLanguage\":\"es\",\"@id\":\"http:\/\/www.reconoce.mx\/#\/schema\/logo\/image\/\",\"url\":\"https:\/\/www.reconoce.mx\/wp-content\/uploads\/2019\/03\/logorcmx-good-1.png\",\"contentUrl\":\"https:\/\/www.reconoce.mx\/wp-content\/uploads\/2019\/03\/logorcmx-good-1.png\",\"width\":280,\"height\":90,\"caption\":\"Reconoce MX\"},\"image\":{\"@id\":\"http:\/\/www.reconoce.mx\/#\/schema\/logo\/image\/\"},\"sameAs\":[\"https:\/\/es-la.facebook.com\/ReconoceMX\/\",\"https:\/\/x.com\/reconocemx\",\"http:\/\/@reconocemx\"]},{\"@type\":\"Person\",\"@id\":\"http:\/\/www.reconoce.mx\/#\/schema\/person\/2117e997d7051dc15d6880eaf9bca0b2\",\"name\":\"Reconoce MX\",\"image\":{\"@type\":\"ImageObject\",\"inLanguage\":\"es\",\"@id\":\"http:\/\/www.reconoce.mx\/#\/schema\/person\/image\/\",\"url\":\"https:\/\/secure.gravatar.com\/avatar\/6c8d4dc7569ca1c90c5fdcc349f839d5ddef6fe1e70b4337ead2ef1a4c43fc3a?s=96&d=identicon&r=g\",\"contentUrl\":\"https:\/\/secure.gravatar.com\/avatar\/6c8d4dc7569ca1c90c5fdcc349f839d5ddef6fe1e70b4337ead2ef1a4c43fc3a?s=96&d=identicon&r=g\",\"caption\":\"Reconoce MX\"},\"description\":\"Reconoce MX es un proyecto de difusi\u00f3n art\u00edstica, cultural y de conciencia social que est\u00e1 enfocado a difundir y fomentar el entretenimiento alternativo de calidad para todo el p\u00fablico que comparta el mismo entusiasmo.\",\"sameAs\":[\"http:\/\/www.reconoce.mx\"],\"url\":\"http:\/\/www.reconoce.mx\/?author=2\"}]}<\/script>\n<!-- \/ Yoast SEO plugin. -->","yoast_head_json":{"title":"Timbiriche emociona en la primer fecha de su tour \"Juntos\" &#171; Reconoce MX","robots":{"index":"index","follow":"follow","max-snippet":"max-snippet:-1","max-image-preview":"max-image-preview:large","max-video-preview":"max-video-preview:-1"},"canonical":"https:\/\/www.reconoce.mx\/?p=65657","og_locale":"es_ES","og_type":"article","og_title":"Timbiriche emociona en la primer fecha de su tour \"Juntos\" &#171; Reconoce MX","og_description":"El concierto dio inicio a las 20:50 horas en Auditorio Nacioanl, donde Benny, Erik, Diego, Alix, Mariana y Sasha hicieron temblar y regresar el tiempo a sus inicios con la canci\u00f3n hom\u00f3nima \u201cTimbiriche\u201d.","og_url":"https:\/\/www.reconoce.mx\/?p=65657","og_site_name":"Reconoce MX","article_publisher":"https:\/\/es-la.facebook.com\/ReconoceMX\/","article_published_time":"2017-09-16T05:01:53+00:00","article_modified_time":"2017-09-17T02:52:52+00:00","og_image":[{"width":590,"height":380,"url":"https:\/\/www.reconoce.mx\/wp-content\/uploads\/2017\/09\/timbiriche.png","type":"image\/png"}],"author":"Reconoce MX","twitter_card":"summary_large_image","twitter_creator":"@reconocemx","twitter_site":"@reconocemx","twitter_misc":{"Escrito por":"Reconoce MX","Tiempo de lectura":"1 minuto"},"schema":{"@context":"https:\/\/schema.org","@graph":[{"@type":"Article","@id":"https:\/\/www.reconoce.mx\/?p=65657#article","isPartOf":{"@id":"https:\/\/www.reconoce.mx\/?p=65657"},"author":{"name":"Reconoce MX","@id":"http:\/\/www.reconoce.mx\/#\/schema\/person\/2117e997d7051dc15d6880eaf9bca0b2"},"headline":"Timbiriche emociona en la primer fecha de su tour \u00abJuntos\u00bb","datePublished":"2017-09-16T05:01:53+00:00","dateModified":"2017-09-17T02:52:52+00:00","mainEntityOfPage":{"@id":"https:\/\/www.reconoce.mx\/?p=65657"},"wordCount":249,"commentCount":0,"publisher":{"@id":"http:\/\/www.reconoce.mx\/#organization"},"image":{"@id":"https:\/\/www.reconoce.mx\/?p=65657#primaryimage"},"thumbnailUrl":"http:\/\/www.reconoce.mx\/wp-content\/uploads\/2017\/09\/timbiriche.png","articleSection":["Cultura","M\u00fasica","Principal"],"inLanguage":"es","potentialAction":[{"@type":"CommentAction","name":"Comment","target":["https:\/\/www.reconoce.mx\/?p=65657#respond"]}]},{"@type":"WebPage","@id":"https:\/\/www.reconoce.mx\/?p=65657","url":"https:\/\/www.reconoce.mx\/?p=65657","name":"Timbiriche emociona en la primer fecha de su tour \"Juntos\" &#171; Reconoce MX","isPartOf":{"@id":"http:\/\/www.reconoce.mx\/#website"},"primaryImageOfPage":{"@id":"https:\/\/www.reconoce.mx\/?p=65657#primaryimage"},"image":{"@id":"https:\/\/www.reconoce.mx\/?p=65657#primaryimage"},"thumbnailUrl":"http:\/\/www.reconoce.mx\/wp-content\/uploads\/2017\/09\/timbiriche.png","datePublished":"2017-09-16T05:01:53+00:00","dateModified":"2017-09-17T02:52:52+00:00","breadcrumb":{"@id":"https:\/\/www.reconoce.mx\/?p=65657#breadcrumb"},"inLanguage":"es","potentialAction":[{"@type":"ReadAction","target":["https:\/\/www.reconoce.mx\/?p=65657"]}]},{"@type":"ImageObject","inLanguage":"es","@id":"https:\/\/www.reconoce.mx\/?p=65657#primaryimage","url":"http:\/\/www.reconoce.mx\/wp-content\/uploads\/2017\/09\/timbiriche.png","contentUrl":"http:\/\/www.reconoce.mx\/wp-content\/uploads\/2017\/09\/timbiriche.png","width":590,"height":380},{"@type":"BreadcrumbList","@id":"https:\/\/www.reconoce.mx\/?p=65657#breadcrumb","itemListElement":[{"@type":"ListItem","position":1,"name":"Portada","item":"http:\/\/www.reconoce.mx\/"},{"@type":"ListItem","position":2,"name":"Timbiriche emociona en la primer fecha de su tour \u00abJuntos\u00bb"}]},{"@type":"WebSite","@id":"http:\/\/www.reconoce.mx\/#website","url":"http:\/\/www.reconoce.mx\/","name":"Reconoce MX","description":"En Reconoce MX difundimos arte, cultura y conciencia social en M\u00e9xico. Tu ciudad en otra perspectiva.","publisher":{"@id":"http:\/\/www.reconoce.mx\/#organization"},"potentialAction":[{"@type":"SearchAction","target":{"@type":"EntryPoint","urlTemplate":"http:\/\/www.reconoce.mx\/?s={search_term_string}"},"query-input":{"@type":"PropertyValueSpecification","valueRequired":true,"valueName":"search_term_string"}}],"inLanguage":"es"},{"@type":"Organization","@id":"http:\/\/www.reconoce.mx\/#organization","name":"Reconoce MX","url":"http:\/\/www.reconoce.mx\/","logo":{"@type":"ImageObject","inLanguage":"es","@id":"http:\/\/www.reconoce.mx\/#\/schema\/logo\/image\/","url":"https:\/\/www.reconoce.mx\/wp-content\/uploads\/2019\/03\/logorcmx-good-1.png","contentUrl":"https:\/\/www.reconoce.mx\/wp-content\/uploads\/2019\/03\/logorcmx-good-1.png","width":280,"height":90,"caption":"Reconoce MX"},"image":{"@id":"http:\/\/www.reconoce.mx\/#\/schema\/logo\/image\/"},"sameAs":["https:\/\/es-la.facebook.com\/ReconoceMX\/","https:\/\/x.com\/reconocemx","http:\/\/@reconocemx"]},{"@type":"Person","@id":"http:\/\/www.reconoce.mx\/#\/schema\/person\/2117e997d7051dc15d6880eaf9bca0b2","name":"Reconoce MX","image":{"@type":"ImageObject","inLanguage":"es","@id":"http:\/\/www.reconoce.mx\/#\/schema\/person\/image\/","url":"https:\/\/secure.gravatar.com\/avatar\/6c8d4dc7569ca1c90c5fdcc349f839d5ddef6fe1e70b4337ead2ef1a4c43fc3a?s=96&d=identicon&r=g","contentUrl":"https:\/\/secure.gravatar.com\/avatar\/6c8d4dc7569ca1c90c5fdcc349f839d5ddef6fe1e70b4337ead2ef1a4c43fc3a?s=96&d=identicon&r=g","caption":"Reconoce MX"},"description":"Reconoce MX es un proyecto de difusi\u00f3n art\u00edstica, cultural y de conciencia social que est\u00e1 enfocado a difundir y fomentar el entretenimiento alternativo de calidad para todo el p\u00fablico que comparta el mismo entusiasmo.","sameAs":["http:\/\/www.reconoce.mx"],"url":"http:\/\/www.reconoce.mx\/?author=2"}]}},"_links":{"self":[{"href":"http:\/\/www.reconoce.mx\/index.php?rest_route=\/wp\/v2\/posts\/65657","targetHints":{"allow":["GET"]}}],"collection":[{"href":"http:\/\/www.reconoce.mx\/index.php?rest_route=\/wp\/v2\/posts"}],"about":[{"href":"http:\/\/www.reconoce.mx\/index.php?rest_route=\/wp\/v2\/types\/post"}],"author":[{"embeddable":true,"href":"http:\/\/www.reconoce.mx\/index.php?rest_route=\/wp\/v2\/users\/2"}],"replies":[{"embeddable":true,"href":"http:\/\/www.reconoce.mx\/index.php?rest_route=%2Fwp%2Fv2%2Fcomments&post=65657"}],"version-history":[{"count":2,"href":"http:\/\/www.reconoce.mx\/index.php?rest_route=\/wp\/v2\/posts\/65657\/revisions"}],"predecessor-version":[{"id":65663,"href":"http:\/\/www.reconoce.mx\/index.php?rest_route=\/wp\/v2\/posts\/65657\/revisions\/65663"}],"wp:featuredmedia":[{"embeddable":true,"href":"http:\/\/www.reconoce.mx\/index.php?rest_route=\/wp\/v2\/media\/65661"}],"wp:attachment":[{"href":"http:\/\/www.reconoce.mx\/index.php?rest_route=%2Fwp%2Fv2%2Fmedia&parent=65657"}],"wp:term":[{"taxonomy":"category","embeddable":true,"href":"http:\/\/www.reconoce.mx\/index.php?rest_route=%2Fwp%2Fv2%2Fcategories&post=65657"},{"taxonomy":"post_tag","embeddable":true,"href":"http:\/\/www.reconoce.mx\/index.php?rest_route=%2Fwp%2Fv2%2Ftags&post=65657"}],"curies":[{"name":"wp","href":"https:\/\/api.w.org\/{rel}","templated":true}]}}