{"id":65664,"date":"2017-09-18T00:02:10","date_gmt":"2017-09-18T05:02:10","guid":{"rendered":"http:\/\/www.reconoce.mx\/?p=65664"},"modified":"2017-09-18T00:12:58","modified_gmt":"2017-09-18T05:12:58","slug":"black-canvas-festival-de-cine-que-anticipa-una-gran-primera-edicion","status":"publish","type":"post","link":"http:\/\/www.reconoce.mx\/?p=65664","title":{"rendered":"Black Canvas, festival de cine que anticipa una gran primera edici\u00f3n"},"content":{"rendered":"<p><strong>Por <a title=\"@AsfaltosTweets\" href=\"http:\/\/twitter.com\/AsfaltosTweets\" target=\"_blank\" rel=\"noopener noreferrer\" data-slimstat-type=\"0\" data-slimstat-callback=\"false\" data-slimstat-tracking=\"true\">Asfaltos<\/a><\/strong>.<\/p>\n<p>Un festival de cine m\u00e1s llega a Ciudad de M\u00e9xico, pero de acuerdo a sus organizadores y a la propuesta que presentaron, lo hace con todas las intenciones de sumar. Se trata de <strong>Black Canvas Festival de Cine Contempor\u00e1neo<\/strong> que se realizar\u00e1 en la capital mexicana del 19 al 24 de septiembre en diversas sedes.<\/p>\n<p><a href=\"http:\/\/www.reconoce.mx\/wp-content\/uploads\/2017\/09\/poster_oficial_black_canvas.jpg\"><img loading=\"lazy\" decoding=\"async\" class=\"aligncenter size-full wp-image-65666\" src=\"http:\/\/www.reconoce.mx\/wp-content\/uploads\/2017\/09\/poster_oficial_black_canvas.jpg\" alt=\"\" width=\"640\" height=\"960\" srcset=\"http:\/\/www.reconoce.mx\/wp-content\/uploads\/2017\/09\/poster_oficial_black_canvas.jpg 640w, http:\/\/www.reconoce.mx\/wp-content\/uploads\/2017\/09\/poster_oficial_black_canvas-200x300.jpg 200w, http:\/\/www.reconoce.mx\/wp-content\/uploads\/2017\/09\/poster_oficial_black_canvas-150x225.jpg 150w, http:\/\/www.reconoce.mx\/wp-content\/uploads\/2017\/09\/poster_oficial_black_canvas-300x450.jpg 300w\" sizes=\"auto, (max-width: 640px) 100vw, 640px\" \/><\/a><\/p>\n<p>En conferencia de prensa, para el director art\u00edstico y programador del festival, Claudio Zilleruelo Acra, <strong>Black Canvas<\/strong> llega como una plataforma de exhibicio\u0301n cinematogra\u0301fica para mostrar distintas perspectivas narrativas y este\u0301ticas; ante la ola de un cine emergente y la extensa produccio\u0301n de cine en el mundo que necesita distintos espacios de proyeccio\u0301n, siendo uno de los objetivos del festival, crear un espacio en el que los espectadores tengan un mayor acercamiento de las obras, creando vi\u0301nculos profundos con los realizadores, adema\u0301s de establecer, nuevo pu\u0301blicos en la Ciudad de Me\u0301xico.<\/p>\n<p>El festival viene impulsado por dos principales organizaciones de la iniciativa privada, mismas que aseguran que <strong>Black Canvas<\/strong> no ser\u00e1 un proyecto de tipo sexenal, como sucede en otros eventos que dependen del dinero p\u00fablico. En este caso <strong>ACTINVER<\/strong>, Grupo Financiero que funge como <em>main sponsor<\/em>; y la <strong>Universidad de la Comunicaci\u00f3n<\/strong>, que produce el evento, son quienes sostienen un festival que apuesta fuerte por su primera edici\u00f3n, y ya piensa tambi\u00e9n en la segunda.<\/p>\n<p><a href=\"http:\/\/www.reconoce.mx\/wp-content\/uploads\/2017\/09\/black-canvas-1-e1505618372754.png\" target=\"_blank\" rel=\"noopener\"><img loading=\"lazy\" decoding=\"async\" class=\"aligncenter size-full wp-image-65667\" src=\"http:\/\/www.reconoce.mx\/wp-content\/uploads\/2017\/09\/black-canvas-1-e1505618372754.png\" alt=\"\" width=\"1000\" height=\"1616\" \/><\/a><\/p>\n<p>Para la primer edici\u00f3n de <strong>Black Canvas<\/strong> se contar\u00e1 con 44 largometrajes de 35 pa\u00edses diferentes, as\u00ed como 47 cortometrajes de M\u00e9xico y otras partes del mundo, dando as\u00ed un total de 91 pel\u00edculas que conforman la oferta cinematogr\u00e1fica del <strong>Black Canvas Festival de Cine Contempora\u0301neo<\/strong>. Adem\u00e1s, <strong>Black Canvas<\/strong> invita a <strong>Bogoshorts Festival de Cortos<\/strong> de Bogot\u00e1, uno de los m\u00e1s importantes festejo f\u00edlmicos en este formato en Latinoam\u00e9rica.<\/p>\n<p>Black Canvas se realizar\u00e1 dentro del primer cuadro central de Ciudad de Me\u0301xico. Las sedes de esta primera edici\u00f3n son<strong> Cineteca Nacional<\/strong>, <strong>Cinemex Insurgentes<\/strong>, <strong>Cinemex Reforma Casa de Arte<\/strong>, <strong>Universidad de la Comunicacio\u0301n<\/strong> (colonia Roma) y <strong>Fraternidad UC<\/strong> (colonia Condesa).<\/p>\n<p><a href=\"http:\/\/www.reconoce.mx\/wp-content\/uploads\/2017\/09\/black-canvas-2-e1505618452671.png\" target=\"_blank\" rel=\"noopener\"><img loading=\"lazy\" decoding=\"async\" class=\"aligncenter size-full wp-image-65668\" src=\"http:\/\/www.reconoce.mx\/wp-content\/uploads\/2017\/09\/black-canvas-2-e1505618452671.png\" alt=\"\" width=\"1000\" height=\"1616\" \/><\/a><\/p>\n<p>Para m\u00e1s informaci\u00f3n consulta el <a href=\"http:\/\/blackcanvasfcc.com\/\" target=\"_blank\" rel=\"noopener\">sitio oficial de <strong>Black Canvas<\/strong><\/a>, as\u00ed como nuestras redes sociales.<\/p>\n<p style=\"text-align: right;\">Con informaci\u00f3n e im\u00e1genes cortes\u00eda de <strong>Black Canvas<\/strong>.<\/p>\n<p>&nbsp;<\/p>\n<p>&nbsp;<\/p>\n","protected":false},"excerpt":{"rendered":"<p>Un festival de cine m\u00e1s llega a Ciudad de M\u00e9xico, pero de acuerdo a sus organizadores y a la propuesta que presentaron, lo hace con todas las intenciones de sumar. Se trata de Black Canvas Festival de Cine Contempor\u00e1neo que se realizar\u00e1 en la capital mexicana del 19 al 24 de septiembre en diversas sedes.<\/p>\n","protected":false},"author":2,"featured_media":65665,"comment_status":"open","ping_status":"open","sticky":false,"template":"","format":"standard","meta":{"footnotes":""},"categories":[24,1,17],"tags":[],"class_list":["post-65664","post","type-post","status-publish","format-standard","has-post-thumbnail","hentry","category-cine","category-cultura","category-principal"],"yoast_head":"<!-- This site is optimized with the Yoast SEO plugin v24.7 - https:\/\/yoast.com\/wordpress\/plugins\/seo\/ -->\n<title>Black Canvas, festival de cine que anticipa una gran primera edici\u00f3n &#171; Reconoce MX<\/title>\n<meta name=\"robots\" content=\"index, follow, max-snippet:-1, max-image-preview:large, max-video-preview:-1\" \/>\n<link rel=\"canonical\" href=\"http:\/\/www.reconoce.mx\/?p=65664\" \/>\n<meta property=\"og:locale\" content=\"es_ES\" \/>\n<meta property=\"og:type\" content=\"article\" \/>\n<meta property=\"og:title\" content=\"Black Canvas, festival de cine que anticipa una gran primera edici\u00f3n &#171; Reconoce MX\" \/>\n<meta property=\"og:description\" content=\"Un festival de cine m\u00e1s llega a Ciudad de M\u00e9xico, pero de acuerdo a sus organizadores y a la propuesta que presentaron, lo hace con todas las intenciones de sumar. Se trata de Black Canvas Festival de Cine Contempor\u00e1neo que se realizar\u00e1 en la capital mexicana del 19 al 24 de septiembre en diversas sedes.\" \/>\n<meta property=\"og:url\" content=\"http:\/\/www.reconoce.mx\/?p=65664\" \/>\n<meta property=\"og:site_name\" content=\"Reconoce MX\" \/>\n<meta property=\"article:publisher\" content=\"https:\/\/es-la.facebook.com\/ReconoceMX\/\" \/>\n<meta property=\"article:published_time\" content=\"2017-09-18T05:02:10+00:00\" \/>\n<meta property=\"article:modified_time\" content=\"2017-09-18T05:12:58+00:00\" \/>\n<meta property=\"og:image\" content=\"http:\/\/www.reconoce.mx\/wp-content\/uploads\/2017\/09\/black-canvas.png\" \/>\n\t<meta property=\"og:image:width\" content=\"590\" \/>\n\t<meta property=\"og:image:height\" content=\"380\" \/>\n\t<meta property=\"og:image:type\" content=\"image\/png\" \/>\n<meta name=\"author\" content=\"Reconoce MX\" \/>\n<meta name=\"twitter:card\" content=\"summary_large_image\" \/>\n<meta name=\"twitter:creator\" content=\"@reconocemx\" \/>\n<meta name=\"twitter:site\" content=\"@reconocemx\" \/>\n<meta name=\"twitter:label1\" content=\"Escrito por\" \/>\n\t<meta name=\"twitter:data1\" content=\"Reconoce MX\" \/>\n\t<meta name=\"twitter:label2\" content=\"Tiempo de lectura\" \/>\n\t<meta name=\"twitter:data2\" content=\"2 minutos\" \/>\n<script type=\"application\/ld+json\" class=\"yoast-schema-graph\">{\"@context\":\"https:\/\/schema.org\",\"@graph\":[{\"@type\":\"Article\",\"@id\":\"http:\/\/www.reconoce.mx\/?p=65664#article\",\"isPartOf\":{\"@id\":\"http:\/\/www.reconoce.mx\/?p=65664\"},\"author\":{\"name\":\"Reconoce MX\",\"@id\":\"http:\/\/www.reconoce.mx\/#\/schema\/person\/2117e997d7051dc15d6880eaf9bca0b2\"},\"headline\":\"Black Canvas, festival de cine que anticipa una gran primera edici\u00f3n\",\"datePublished\":\"2017-09-18T05:02:10+00:00\",\"dateModified\":\"2017-09-18T05:12:58+00:00\",\"mainEntityOfPage\":{\"@id\":\"http:\/\/www.reconoce.mx\/?p=65664\"},\"wordCount\":398,\"commentCount\":0,\"publisher\":{\"@id\":\"http:\/\/www.reconoce.mx\/#organization\"},\"image\":{\"@id\":\"http:\/\/www.reconoce.mx\/?p=65664#primaryimage\"},\"thumbnailUrl\":\"http:\/\/www.reconoce.mx\/wp-content\/uploads\/2017\/09\/black-canvas.png\",\"articleSection\":[\"Cine\",\"Cultura\",\"Principal\"],\"inLanguage\":\"es\",\"potentialAction\":[{\"@type\":\"CommentAction\",\"name\":\"Comment\",\"target\":[\"http:\/\/www.reconoce.mx\/?p=65664#respond\"]}]},{\"@type\":\"WebPage\",\"@id\":\"http:\/\/www.reconoce.mx\/?p=65664\",\"url\":\"http:\/\/www.reconoce.mx\/?p=65664\",\"name\":\"Black Canvas, festival de cine que anticipa una gran primera edici\u00f3n &#171; Reconoce MX\",\"isPartOf\":{\"@id\":\"http:\/\/www.reconoce.mx\/#website\"},\"primaryImageOfPage\":{\"@id\":\"http:\/\/www.reconoce.mx\/?p=65664#primaryimage\"},\"image\":{\"@id\":\"http:\/\/www.reconoce.mx\/?p=65664#primaryimage\"},\"thumbnailUrl\":\"http:\/\/www.reconoce.mx\/wp-content\/uploads\/2017\/09\/black-canvas.png\",\"datePublished\":\"2017-09-18T05:02:10+00:00\",\"dateModified\":\"2017-09-18T05:12:58+00:00\",\"breadcrumb\":{\"@id\":\"http:\/\/www.reconoce.mx\/?p=65664#breadcrumb\"},\"inLanguage\":\"es\",\"potentialAction\":[{\"@type\":\"ReadAction\",\"target\":[\"http:\/\/www.reconoce.mx\/?p=65664\"]}]},{\"@type\":\"ImageObject\",\"inLanguage\":\"es\",\"@id\":\"http:\/\/www.reconoce.mx\/?p=65664#primaryimage\",\"url\":\"http:\/\/www.reconoce.mx\/wp-content\/uploads\/2017\/09\/black-canvas.png\",\"contentUrl\":\"http:\/\/www.reconoce.mx\/wp-content\/uploads\/2017\/09\/black-canvas.png\",\"width\":590,\"height\":380},{\"@type\":\"BreadcrumbList\",\"@id\":\"http:\/\/www.reconoce.mx\/?p=65664#breadcrumb\",\"itemListElement\":[{\"@type\":\"ListItem\",\"position\":1,\"name\":\"Portada\",\"item\":\"http:\/\/www.reconoce.mx\/\"},{\"@type\":\"ListItem\",\"position\":2,\"name\":\"Black Canvas, festival de cine que anticipa una gran primera edici\u00f3n\"}]},{\"@type\":\"WebSite\",\"@id\":\"http:\/\/www.reconoce.mx\/#website\",\"url\":\"http:\/\/www.reconoce.mx\/\",\"name\":\"Reconoce MX\",\"description\":\"En Reconoce MX difundimos arte, cultura y conciencia social en M\u00e9xico. Tu ciudad en otra perspectiva.\",\"publisher\":{\"@id\":\"http:\/\/www.reconoce.mx\/#organization\"},\"potentialAction\":[{\"@type\":\"SearchAction\",\"target\":{\"@type\":\"EntryPoint\",\"urlTemplate\":\"http:\/\/www.reconoce.mx\/?s={search_term_string}\"},\"query-input\":{\"@type\":\"PropertyValueSpecification\",\"valueRequired\":true,\"valueName\":\"search_term_string\"}}],\"inLanguage\":\"es\"},{\"@type\":\"Organization\",\"@id\":\"http:\/\/www.reconoce.mx\/#organization\",\"name\":\"Reconoce MX\",\"url\":\"http:\/\/www.reconoce.mx\/\",\"logo\":{\"@type\":\"ImageObject\",\"inLanguage\":\"es\",\"@id\":\"http:\/\/www.reconoce.mx\/#\/schema\/logo\/image\/\",\"url\":\"https:\/\/www.reconoce.mx\/wp-content\/uploads\/2019\/03\/logorcmx-good-1.png\",\"contentUrl\":\"https:\/\/www.reconoce.mx\/wp-content\/uploads\/2019\/03\/logorcmx-good-1.png\",\"width\":280,\"height\":90,\"caption\":\"Reconoce MX\"},\"image\":{\"@id\":\"http:\/\/www.reconoce.mx\/#\/schema\/logo\/image\/\"},\"sameAs\":[\"https:\/\/es-la.facebook.com\/ReconoceMX\/\",\"https:\/\/x.com\/reconocemx\",\"http:\/\/@reconocemx\"]},{\"@type\":\"Person\",\"@id\":\"http:\/\/www.reconoce.mx\/#\/schema\/person\/2117e997d7051dc15d6880eaf9bca0b2\",\"name\":\"Reconoce MX\",\"image\":{\"@type\":\"ImageObject\",\"inLanguage\":\"es\",\"@id\":\"http:\/\/www.reconoce.mx\/#\/schema\/person\/image\/\",\"url\":\"https:\/\/secure.gravatar.com\/avatar\/6c8d4dc7569ca1c90c5fdcc349f839d5ddef6fe1e70b4337ead2ef1a4c43fc3a?s=96&d=identicon&r=g\",\"contentUrl\":\"https:\/\/secure.gravatar.com\/avatar\/6c8d4dc7569ca1c90c5fdcc349f839d5ddef6fe1e70b4337ead2ef1a4c43fc3a?s=96&d=identicon&r=g\",\"caption\":\"Reconoce MX\"},\"description\":\"Reconoce MX es un proyecto de difusi\u00f3n art\u00edstica, cultural y de conciencia social que est\u00e1 enfocado a difundir y fomentar el entretenimiento alternativo de calidad para todo el p\u00fablico que comparta el mismo entusiasmo.\",\"sameAs\":[\"http:\/\/www.reconoce.mx\"],\"url\":\"http:\/\/www.reconoce.mx\/?author=2\"}]}<\/script>\n<!-- \/ Yoast SEO plugin. -->","yoast_head_json":{"title":"Black Canvas, festival de cine que anticipa una gran primera edici\u00f3n &#171; Reconoce MX","robots":{"index":"index","follow":"follow","max-snippet":"max-snippet:-1","max-image-preview":"max-image-preview:large","max-video-preview":"max-video-preview:-1"},"canonical":"http:\/\/www.reconoce.mx\/?p=65664","og_locale":"es_ES","og_type":"article","og_title":"Black Canvas, festival de cine que anticipa una gran primera edici\u00f3n &#171; Reconoce MX","og_description":"Un festival de cine m\u00e1s llega a Ciudad de M\u00e9xico, pero de acuerdo a sus organizadores y a la propuesta que presentaron, lo hace con todas las intenciones de sumar. Se trata de Black Canvas Festival de Cine Contempor\u00e1neo que se realizar\u00e1 en la capital mexicana del 19 al 24 de septiembre en diversas sedes.","og_url":"http:\/\/www.reconoce.mx\/?p=65664","og_site_name":"Reconoce MX","article_publisher":"https:\/\/es-la.facebook.com\/ReconoceMX\/","article_published_time":"2017-09-18T05:02:10+00:00","article_modified_time":"2017-09-18T05:12:58+00:00","og_image":[{"width":590,"height":380,"url":"http:\/\/www.reconoce.mx\/wp-content\/uploads\/2017\/09\/black-canvas.png","type":"image\/png"}],"author":"Reconoce MX","twitter_card":"summary_large_image","twitter_creator":"@reconocemx","twitter_site":"@reconocemx","twitter_misc":{"Escrito por":"Reconoce MX","Tiempo de lectura":"2 minutos"},"schema":{"@context":"https:\/\/schema.org","@graph":[{"@type":"Article","@id":"http:\/\/www.reconoce.mx\/?p=65664#article","isPartOf":{"@id":"http:\/\/www.reconoce.mx\/?p=65664"},"author":{"name":"Reconoce MX","@id":"http:\/\/www.reconoce.mx\/#\/schema\/person\/2117e997d7051dc15d6880eaf9bca0b2"},"headline":"Black Canvas, festival de cine que anticipa una gran primera edici\u00f3n","datePublished":"2017-09-18T05:02:10+00:00","dateModified":"2017-09-18T05:12:58+00:00","mainEntityOfPage":{"@id":"http:\/\/www.reconoce.mx\/?p=65664"},"wordCount":398,"commentCount":0,"publisher":{"@id":"http:\/\/www.reconoce.mx\/#organization"},"image":{"@id":"http:\/\/www.reconoce.mx\/?p=65664#primaryimage"},"thumbnailUrl":"http:\/\/www.reconoce.mx\/wp-content\/uploads\/2017\/09\/black-canvas.png","articleSection":["Cine","Cultura","Principal"],"inLanguage":"es","potentialAction":[{"@type":"CommentAction","name":"Comment","target":["http:\/\/www.reconoce.mx\/?p=65664#respond"]}]},{"@type":"WebPage","@id":"http:\/\/www.reconoce.mx\/?p=65664","url":"http:\/\/www.reconoce.mx\/?p=65664","name":"Black Canvas, festival de cine que anticipa una gran primera edici\u00f3n &#171; Reconoce MX","isPartOf":{"@id":"http:\/\/www.reconoce.mx\/#website"},"primaryImageOfPage":{"@id":"http:\/\/www.reconoce.mx\/?p=65664#primaryimage"},"image":{"@id":"http:\/\/www.reconoce.mx\/?p=65664#primaryimage"},"thumbnailUrl":"http:\/\/www.reconoce.mx\/wp-content\/uploads\/2017\/09\/black-canvas.png","datePublished":"2017-09-18T05:02:10+00:00","dateModified":"2017-09-18T05:12:58+00:00","breadcrumb":{"@id":"http:\/\/www.reconoce.mx\/?p=65664#breadcrumb"},"inLanguage":"es","potentialAction":[{"@type":"ReadAction","target":["http:\/\/www.reconoce.mx\/?p=65664"]}]},{"@type":"ImageObject","inLanguage":"es","@id":"http:\/\/www.reconoce.mx\/?p=65664#primaryimage","url":"http:\/\/www.reconoce.mx\/wp-content\/uploads\/2017\/09\/black-canvas.png","contentUrl":"http:\/\/www.reconoce.mx\/wp-content\/uploads\/2017\/09\/black-canvas.png","width":590,"height":380},{"@type":"BreadcrumbList","@id":"http:\/\/www.reconoce.mx\/?p=65664#breadcrumb","itemListElement":[{"@type":"ListItem","position":1,"name":"Portada","item":"http:\/\/www.reconoce.mx\/"},{"@type":"ListItem","position":2,"name":"Black Canvas, festival de cine que anticipa una gran primera edici\u00f3n"}]},{"@type":"WebSite","@id":"http:\/\/www.reconoce.mx\/#website","url":"http:\/\/www.reconoce.mx\/","name":"Reconoce MX","description":"En Reconoce MX difundimos arte, cultura y conciencia social en M\u00e9xico. Tu ciudad en otra perspectiva.","publisher":{"@id":"http:\/\/www.reconoce.mx\/#organization"},"potentialAction":[{"@type":"SearchAction","target":{"@type":"EntryPoint","urlTemplate":"http:\/\/www.reconoce.mx\/?s={search_term_string}"},"query-input":{"@type":"PropertyValueSpecification","valueRequired":true,"valueName":"search_term_string"}}],"inLanguage":"es"},{"@type":"Organization","@id":"http:\/\/www.reconoce.mx\/#organization","name":"Reconoce MX","url":"http:\/\/www.reconoce.mx\/","logo":{"@type":"ImageObject","inLanguage":"es","@id":"http:\/\/www.reconoce.mx\/#\/schema\/logo\/image\/","url":"https:\/\/www.reconoce.mx\/wp-content\/uploads\/2019\/03\/logorcmx-good-1.png","contentUrl":"https:\/\/www.reconoce.mx\/wp-content\/uploads\/2019\/03\/logorcmx-good-1.png","width":280,"height":90,"caption":"Reconoce MX"},"image":{"@id":"http:\/\/www.reconoce.mx\/#\/schema\/logo\/image\/"},"sameAs":["https:\/\/es-la.facebook.com\/ReconoceMX\/","https:\/\/x.com\/reconocemx","http:\/\/@reconocemx"]},{"@type":"Person","@id":"http:\/\/www.reconoce.mx\/#\/schema\/person\/2117e997d7051dc15d6880eaf9bca0b2","name":"Reconoce MX","image":{"@type":"ImageObject","inLanguage":"es","@id":"http:\/\/www.reconoce.mx\/#\/schema\/person\/image\/","url":"https:\/\/secure.gravatar.com\/avatar\/6c8d4dc7569ca1c90c5fdcc349f839d5ddef6fe1e70b4337ead2ef1a4c43fc3a?s=96&d=identicon&r=g","contentUrl":"https:\/\/secure.gravatar.com\/avatar\/6c8d4dc7569ca1c90c5fdcc349f839d5ddef6fe1e70b4337ead2ef1a4c43fc3a?s=96&d=identicon&r=g","caption":"Reconoce MX"},"description":"Reconoce MX es un proyecto de difusi\u00f3n art\u00edstica, cultural y de conciencia social que est\u00e1 enfocado a difundir y fomentar el entretenimiento alternativo de calidad para todo el p\u00fablico que comparta el mismo entusiasmo.","sameAs":["http:\/\/www.reconoce.mx"],"url":"http:\/\/www.reconoce.mx\/?author=2"}]}},"_links":{"self":[{"href":"http:\/\/www.reconoce.mx\/index.php?rest_route=\/wp\/v2\/posts\/65664","targetHints":{"allow":["GET"]}}],"collection":[{"href":"http:\/\/www.reconoce.mx\/index.php?rest_route=\/wp\/v2\/posts"}],"about":[{"href":"http:\/\/www.reconoce.mx\/index.php?rest_route=\/wp\/v2\/types\/post"}],"author":[{"embeddable":true,"href":"http:\/\/www.reconoce.mx\/index.php?rest_route=\/wp\/v2\/users\/2"}],"replies":[{"embeddable":true,"href":"http:\/\/www.reconoce.mx\/index.php?rest_route=%2Fwp%2Fv2%2Fcomments&post=65664"}],"version-history":[{"count":5,"href":"http:\/\/www.reconoce.mx\/index.php?rest_route=\/wp\/v2\/posts\/65664\/revisions"}],"predecessor-version":[{"id":65673,"href":"http:\/\/www.reconoce.mx\/index.php?rest_route=\/wp\/v2\/posts\/65664\/revisions\/65673"}],"wp:featuredmedia":[{"embeddable":true,"href":"http:\/\/www.reconoce.mx\/index.php?rest_route=\/wp\/v2\/media\/65665"}],"wp:attachment":[{"href":"http:\/\/www.reconoce.mx\/index.php?rest_route=%2Fwp%2Fv2%2Fmedia&parent=65664"}],"wp:term":[{"taxonomy":"category","embeddable":true,"href":"http:\/\/www.reconoce.mx\/index.php?rest_route=%2Fwp%2Fv2%2Fcategories&post=65664"},{"taxonomy":"post_tag","embeddable":true,"href":"http:\/\/www.reconoce.mx\/index.php?rest_route=%2Fwp%2Fv2%2Ftags&post=65664"}],"curies":[{"name":"wp","href":"https:\/\/api.w.org\/{rel}","templated":true}]}}