{"id":65674,"date":"2017-09-19T00:02:37","date_gmt":"2017-09-19T05:02:37","guid":{"rendered":"http:\/\/www.reconoce.mx\/?p=65674"},"modified":"2017-09-19T10:16:50","modified_gmt":"2017-09-19T15:16:50","slug":"los-mirlos-ofreceran-noche-de-cumbia-y-chicha-en-pabellon-cuervo","status":"publish","type":"post","link":"http:\/\/www.reconoce.mx\/?p=65674","title":{"rendered":"Los Mirlos ofrecer\u00e1n noche de cumbia y chicha en Pabell\u00f3n Cuervo"},"content":{"rendered":"<p><strong> Por <a title=\"@AsfaltosTweets\" href=\"http:\/\/twitter.com\/AsfaltosTweets\" target=\"_blank\" rel=\"noopener noreferrer\" data-slimstat-type=\"0\" data-slimstat-callback=\"false\" data-slimstat-tracking=\"true\">Asfaltos<\/a><\/strong>.<\/p>\n<p>De Moyobamba, al norte del Per\u00fa, llegar\u00e1 finalmente a Ciudad de M\u00e9xico uno de los grupos m\u00e1s importantes de aquel pa\u00eds. Con una carrera que se remonta a casi 45 a\u00f1os cuando iniciaron su carrera, <strong>Los Mirlos<\/strong> traer\u00e1n lo mejor de su cumbia por primera vez a nuestro pa\u00eds. A este tremendo pachang\u00f3n de viernes que se vivir\u00e1 en <strong>Pabell\u00f3n Cuervo<\/strong> el pr\u00f3ximo viernes 22 de septiembre, se suman los nacionales <strong>Sonido Gallo Negro<\/strong>, quienes sumar\u00e1n a la magia su \u00abMambo c\u00f3smico\u00bb; as\u00ed como tambi\u00e9n <strong>Sonido Arcoiris<\/strong>, desde la mism\u00edsima Pe\u00f1\u00f3n de los Ba\u00f1os.<\/p>\n<p><a href=\"http:\/\/www.reconoce.mx\/wp-content\/uploads\/2017\/09\/Los-Mirlos-flyer.jpg\"><img loading=\"lazy\" decoding=\"async\" class=\"aligncenter size-full wp-image-65676\" src=\"http:\/\/www.reconoce.mx\/wp-content\/uploads\/2017\/09\/Los-Mirlos-flyer.jpg\" alt=\"\" width=\"819\" height=\"1476\" srcset=\"http:\/\/www.reconoce.mx\/wp-content\/uploads\/2017\/09\/Los-Mirlos-flyer.jpg 819w, http:\/\/www.reconoce.mx\/wp-content\/uploads\/2017\/09\/Los-Mirlos-flyer-166x300.jpg 166w, http:\/\/www.reconoce.mx\/wp-content\/uploads\/2017\/09\/Los-Mirlos-flyer-768x1384.jpg 768w, http:\/\/www.reconoce.mx\/wp-content\/uploads\/2017\/09\/Los-Mirlos-flyer-568x1024.jpg 568w, http:\/\/www.reconoce.mx\/wp-content\/uploads\/2017\/09\/Los-Mirlos-flyer-150x270.jpg 150w, http:\/\/www.reconoce.mx\/wp-content\/uploads\/2017\/09\/Los-Mirlos-flyer-700x1262.jpg 700w, http:\/\/www.reconoce.mx\/wp-content\/uploads\/2017\/09\/Los-Mirlos-flyer-658x1186.jpg 658w, http:\/\/www.reconoce.mx\/wp-content\/uploads\/2017\/09\/Los-Mirlos-flyer-300x541.jpg 300w\" sizes=\"auto, (max-width: 819px) 100vw, 819px\" \/><\/a><\/p>\n<p><strong>Los Mirlos<\/strong> son indudablemente un referente de la cumbia negra peruana, caracter\u00edstica por su alucinante psicodelia. Los inicios de la agrupaci\u00f3n se dan en 1972, cuando un grupo de oriundos de Moyobamba, Per\u00fa, se deciden por iniciar un proyecto musical llamado <strong>Los Saetas<\/strong> que terminar\u00eda convirti\u00e9ndose en <strong>Los Mirlos<\/strong>. <strong>Los Mirlos<\/strong> toman su nombre de un p\u00e1jaro negro que habita la Amazonia.<\/p>\n<p>Tras una carrera que les consolid\u00f3 en Per\u00fa y posteriormente en todo el cono sur, a inicios de los 80 <strong>Los Mirlos<\/strong> comenzaron un proceso de internacionalizaci\u00f3n que empez\u00f3 en los Estados Unidos. <strong>Los Mirlos<\/strong> se han presentado con gran \u00e9xito tambi\u00e9n en Europa, donde han pisado pa\u00edses como Alemania, Francia y Holanda; y ahora, tras una espera que finalmente rinde frutos, tocar\u00e1n en M\u00e9xico en el renovad\u00edsimo <strong>Pabell\u00f3n Cuervo<\/strong>.<\/p>\n<p><strong>Los Mirlos<\/strong>, <strong>Sonido Gallo Negro<\/strong> y <strong>Sonido Arcoiris<\/strong> se adue\u00f1ar\u00e1n las de las instalaciones del <strong>Pabell\u00f3n Cuervo<\/strong> el pr\u00f3ximo viernes 22 de septiembre a partir de las 20:00 horas. Los boletos est\u00e1n disponibles en las taquillas del inmueble y a trav\u00e9s del <a href=\"http:\/\/www.ticketmaster.com.mx\/los-mirlos-y-sonido-gallo-negro-ciudad-de-mexico-distrito-federal-22-09-2017\/event\/140052E5B75C60BE?artistid=2390444&amp;majorcatid=10001&amp;minorcatid=52\" target=\"_blank\" rel=\"noopener\">Sistema Ticketmaster<\/a>.<\/p>\n<p style=\"text-align: right;\">Con im\u00e1genes e informaci\u00f3n cortes\u00eda de <strong>OCESA<\/strong>.<\/p>\n<p>&nbsp;<\/p>\n<p>&nbsp;<\/p>\n","protected":false},"excerpt":{"rendered":"<p>De Moyobamba, al norte del Per\u00fa, llegar\u00e1 finalmente a Ciudad de M\u00e9xico uno de los grupos m\u00e1s importantes de aquel pa\u00eds. Con una carrera que se remonta a casi 45 a\u00f1os cuando iniciaron su carrera, Los Mirlos traer\u00e1n lo mejor de su cumbia por primera vez a nuestro pa\u00eds.<\/p>\n","protected":false},"author":2,"featured_media":65675,"comment_status":"open","ping_status":"open","sticky":false,"template":"","format":"standard","meta":{"footnotes":""},"categories":[1,18,17],"tags":[],"class_list":["post-65674","post","type-post","status-publish","format-standard","has-post-thumbnail","hentry","category-cultura","category-musica","category-principal"],"yoast_head":"<!-- This site is optimized with the Yoast SEO plugin v24.7 - https:\/\/yoast.com\/wordpress\/plugins\/seo\/ -->\n<title>Los Mirlos ofrecer\u00e1n noche de cumbia y chicha en Pabell\u00f3n Cuervo &#171; Reconoce MX<\/title>\n<meta name=\"robots\" content=\"index, follow, max-snippet:-1, max-image-preview:large, max-video-preview:-1\" \/>\n<link rel=\"canonical\" href=\"https:\/\/www.reconoce.mx\/?p=65674\" \/>\n<meta property=\"og:locale\" content=\"es_ES\" \/>\n<meta property=\"og:type\" content=\"article\" \/>\n<meta property=\"og:title\" content=\"Los Mirlos ofrecer\u00e1n noche de cumbia y chicha en Pabell\u00f3n Cuervo &#171; Reconoce MX\" \/>\n<meta property=\"og:description\" content=\"De Moyobamba, al norte del Per\u00fa, llegar\u00e1 finalmente a Ciudad de M\u00e9xico uno de los grupos m\u00e1s importantes de aquel pa\u00eds. Con una carrera que se remonta a casi 45 a\u00f1os cuando iniciaron su carrera, Los Mirlos traer\u00e1n lo mejor de su cumbia por primera vez a nuestro pa\u00eds.\" \/>\n<meta property=\"og:url\" content=\"https:\/\/www.reconoce.mx\/?p=65674\" \/>\n<meta property=\"og:site_name\" content=\"Reconoce MX\" \/>\n<meta property=\"article:publisher\" content=\"https:\/\/es-la.facebook.com\/ReconoceMX\/\" \/>\n<meta property=\"article:published_time\" content=\"2017-09-19T05:02:37+00:00\" \/>\n<meta property=\"article:modified_time\" content=\"2017-09-19T15:16:50+00:00\" \/>\n<meta property=\"og:image\" content=\"https:\/\/www.reconoce.mx\/wp-content\/uploads\/2017\/09\/los-mirlos-de-per\u00fa.png\" \/>\n\t<meta property=\"og:image:width\" content=\"590\" \/>\n\t<meta property=\"og:image:height\" content=\"380\" \/>\n\t<meta property=\"og:image:type\" content=\"image\/png\" \/>\n<meta name=\"author\" content=\"Reconoce MX\" \/>\n<meta name=\"twitter:card\" content=\"summary_large_image\" \/>\n<meta name=\"twitter:creator\" content=\"@reconocemx\" \/>\n<meta name=\"twitter:site\" content=\"@reconocemx\" \/>\n<meta name=\"twitter:label1\" content=\"Escrito por\" \/>\n\t<meta name=\"twitter:data1\" content=\"Reconoce MX\" \/>\n\t<meta name=\"twitter:label2\" content=\"Tiempo de lectura\" \/>\n\t<meta name=\"twitter:data2\" content=\"2 minutos\" \/>\n<script type=\"application\/ld+json\" class=\"yoast-schema-graph\">{\"@context\":\"https:\/\/schema.org\",\"@graph\":[{\"@type\":\"Article\",\"@id\":\"https:\/\/www.reconoce.mx\/?p=65674#article\",\"isPartOf\":{\"@id\":\"https:\/\/www.reconoce.mx\/?p=65674\"},\"author\":{\"name\":\"Reconoce MX\",\"@id\":\"http:\/\/www.reconoce.mx\/#\/schema\/person\/2117e997d7051dc15d6880eaf9bca0b2\"},\"headline\":\"Los Mirlos ofrecer\u00e1n noche de cumbia y chicha en Pabell\u00f3n Cuervo\",\"datePublished\":\"2017-09-19T05:02:37+00:00\",\"dateModified\":\"2017-09-19T15:16:50+00:00\",\"mainEntityOfPage\":{\"@id\":\"https:\/\/www.reconoce.mx\/?p=65674\"},\"wordCount\":324,\"commentCount\":0,\"publisher\":{\"@id\":\"http:\/\/www.reconoce.mx\/#organization\"},\"image\":{\"@id\":\"https:\/\/www.reconoce.mx\/?p=65674#primaryimage\"},\"thumbnailUrl\":\"http:\/\/www.reconoce.mx\/wp-content\/uploads\/2017\/09\/los-mirlos-de-per\u00fa.png\",\"articleSection\":[\"Cultura\",\"M\u00fasica\",\"Principal\"],\"inLanguage\":\"es\",\"potentialAction\":[{\"@type\":\"CommentAction\",\"name\":\"Comment\",\"target\":[\"https:\/\/www.reconoce.mx\/?p=65674#respond\"]}]},{\"@type\":\"WebPage\",\"@id\":\"https:\/\/www.reconoce.mx\/?p=65674\",\"url\":\"https:\/\/www.reconoce.mx\/?p=65674\",\"name\":\"Los Mirlos ofrecer\u00e1n noche de cumbia y chicha en Pabell\u00f3n Cuervo &#171; Reconoce MX\",\"isPartOf\":{\"@id\":\"http:\/\/www.reconoce.mx\/#website\"},\"primaryImageOfPage\":{\"@id\":\"https:\/\/www.reconoce.mx\/?p=65674#primaryimage\"},\"image\":{\"@id\":\"https:\/\/www.reconoce.mx\/?p=65674#primaryimage\"},\"thumbnailUrl\":\"http:\/\/www.reconoce.mx\/wp-content\/uploads\/2017\/09\/los-mirlos-de-per\u00fa.png\",\"datePublished\":\"2017-09-19T05:02:37+00:00\",\"dateModified\":\"2017-09-19T15:16:50+00:00\",\"breadcrumb\":{\"@id\":\"https:\/\/www.reconoce.mx\/?p=65674#breadcrumb\"},\"inLanguage\":\"es\",\"potentialAction\":[{\"@type\":\"ReadAction\",\"target\":[\"https:\/\/www.reconoce.mx\/?p=65674\"]}]},{\"@type\":\"ImageObject\",\"inLanguage\":\"es\",\"@id\":\"https:\/\/www.reconoce.mx\/?p=65674#primaryimage\",\"url\":\"http:\/\/www.reconoce.mx\/wp-content\/uploads\/2017\/09\/los-mirlos-de-per\u00fa.png\",\"contentUrl\":\"http:\/\/www.reconoce.mx\/wp-content\/uploads\/2017\/09\/los-mirlos-de-per\u00fa.png\",\"width\":590,\"height\":380},{\"@type\":\"BreadcrumbList\",\"@id\":\"https:\/\/www.reconoce.mx\/?p=65674#breadcrumb\",\"itemListElement\":[{\"@type\":\"ListItem\",\"position\":1,\"name\":\"Portada\",\"item\":\"http:\/\/www.reconoce.mx\/\"},{\"@type\":\"ListItem\",\"position\":2,\"name\":\"Los Mirlos ofrecer\u00e1n noche de cumbia y chicha en Pabell\u00f3n Cuervo\"}]},{\"@type\":\"WebSite\",\"@id\":\"http:\/\/www.reconoce.mx\/#website\",\"url\":\"http:\/\/www.reconoce.mx\/\",\"name\":\"Reconoce MX\",\"description\":\"En Reconoce MX difundimos arte, cultura y conciencia social en M\u00e9xico. Tu ciudad en otra perspectiva.\",\"publisher\":{\"@id\":\"http:\/\/www.reconoce.mx\/#organization\"},\"potentialAction\":[{\"@type\":\"SearchAction\",\"target\":{\"@type\":\"EntryPoint\",\"urlTemplate\":\"http:\/\/www.reconoce.mx\/?s={search_term_string}\"},\"query-input\":{\"@type\":\"PropertyValueSpecification\",\"valueRequired\":true,\"valueName\":\"search_term_string\"}}],\"inLanguage\":\"es\"},{\"@type\":\"Organization\",\"@id\":\"http:\/\/www.reconoce.mx\/#organization\",\"name\":\"Reconoce MX\",\"url\":\"http:\/\/www.reconoce.mx\/\",\"logo\":{\"@type\":\"ImageObject\",\"inLanguage\":\"es\",\"@id\":\"http:\/\/www.reconoce.mx\/#\/schema\/logo\/image\/\",\"url\":\"https:\/\/www.reconoce.mx\/wp-content\/uploads\/2019\/03\/logorcmx-good-1.png\",\"contentUrl\":\"https:\/\/www.reconoce.mx\/wp-content\/uploads\/2019\/03\/logorcmx-good-1.png\",\"width\":280,\"height\":90,\"caption\":\"Reconoce MX\"},\"image\":{\"@id\":\"http:\/\/www.reconoce.mx\/#\/schema\/logo\/image\/\"},\"sameAs\":[\"https:\/\/es-la.facebook.com\/ReconoceMX\/\",\"https:\/\/x.com\/reconocemx\",\"http:\/\/@reconocemx\"]},{\"@type\":\"Person\",\"@id\":\"http:\/\/www.reconoce.mx\/#\/schema\/person\/2117e997d7051dc15d6880eaf9bca0b2\",\"name\":\"Reconoce MX\",\"image\":{\"@type\":\"ImageObject\",\"inLanguage\":\"es\",\"@id\":\"http:\/\/www.reconoce.mx\/#\/schema\/person\/image\/\",\"url\":\"https:\/\/secure.gravatar.com\/avatar\/6c8d4dc7569ca1c90c5fdcc349f839d5ddef6fe1e70b4337ead2ef1a4c43fc3a?s=96&d=identicon&r=g\",\"contentUrl\":\"https:\/\/secure.gravatar.com\/avatar\/6c8d4dc7569ca1c90c5fdcc349f839d5ddef6fe1e70b4337ead2ef1a4c43fc3a?s=96&d=identicon&r=g\",\"caption\":\"Reconoce MX\"},\"description\":\"Reconoce MX es un proyecto de difusi\u00f3n art\u00edstica, cultural y de conciencia social que est\u00e1 enfocado a difundir y fomentar el entretenimiento alternativo de calidad para todo el p\u00fablico que comparta el mismo entusiasmo.\",\"sameAs\":[\"http:\/\/www.reconoce.mx\"],\"url\":\"http:\/\/www.reconoce.mx\/?author=2\"}]}<\/script>\n<!-- \/ Yoast SEO plugin. -->","yoast_head_json":{"title":"Los Mirlos ofrecer\u00e1n noche de cumbia y chicha en Pabell\u00f3n Cuervo &#171; Reconoce MX","robots":{"index":"index","follow":"follow","max-snippet":"max-snippet:-1","max-image-preview":"max-image-preview:large","max-video-preview":"max-video-preview:-1"},"canonical":"https:\/\/www.reconoce.mx\/?p=65674","og_locale":"es_ES","og_type":"article","og_title":"Los Mirlos ofrecer\u00e1n noche de cumbia y chicha en Pabell\u00f3n Cuervo &#171; Reconoce MX","og_description":"De Moyobamba, al norte del Per\u00fa, llegar\u00e1 finalmente a Ciudad de M\u00e9xico uno de los grupos m\u00e1s importantes de aquel pa\u00eds. Con una carrera que se remonta a casi 45 a\u00f1os cuando iniciaron su carrera, Los Mirlos traer\u00e1n lo mejor de su cumbia por primera vez a nuestro pa\u00eds.","og_url":"https:\/\/www.reconoce.mx\/?p=65674","og_site_name":"Reconoce MX","article_publisher":"https:\/\/es-la.facebook.com\/ReconoceMX\/","article_published_time":"2017-09-19T05:02:37+00:00","article_modified_time":"2017-09-19T15:16:50+00:00","og_image":[{"width":590,"height":380,"url":"https:\/\/www.reconoce.mx\/wp-content\/uploads\/2017\/09\/los-mirlos-de-per\u00fa.png","type":"image\/png"}],"author":"Reconoce MX","twitter_card":"summary_large_image","twitter_creator":"@reconocemx","twitter_site":"@reconocemx","twitter_misc":{"Escrito por":"Reconoce MX","Tiempo de lectura":"2 minutos"},"schema":{"@context":"https:\/\/schema.org","@graph":[{"@type":"Article","@id":"https:\/\/www.reconoce.mx\/?p=65674#article","isPartOf":{"@id":"https:\/\/www.reconoce.mx\/?p=65674"},"author":{"name":"Reconoce MX","@id":"http:\/\/www.reconoce.mx\/#\/schema\/person\/2117e997d7051dc15d6880eaf9bca0b2"},"headline":"Los Mirlos ofrecer\u00e1n noche de cumbia y chicha en Pabell\u00f3n Cuervo","datePublished":"2017-09-19T05:02:37+00:00","dateModified":"2017-09-19T15:16:50+00:00","mainEntityOfPage":{"@id":"https:\/\/www.reconoce.mx\/?p=65674"},"wordCount":324,"commentCount":0,"publisher":{"@id":"http:\/\/www.reconoce.mx\/#organization"},"image":{"@id":"https:\/\/www.reconoce.mx\/?p=65674#primaryimage"},"thumbnailUrl":"http:\/\/www.reconoce.mx\/wp-content\/uploads\/2017\/09\/los-mirlos-de-per\u00fa.png","articleSection":["Cultura","M\u00fasica","Principal"],"inLanguage":"es","potentialAction":[{"@type":"CommentAction","name":"Comment","target":["https:\/\/www.reconoce.mx\/?p=65674#respond"]}]},{"@type":"WebPage","@id":"https:\/\/www.reconoce.mx\/?p=65674","url":"https:\/\/www.reconoce.mx\/?p=65674","name":"Los Mirlos ofrecer\u00e1n noche de cumbia y chicha en Pabell\u00f3n Cuervo &#171; Reconoce MX","isPartOf":{"@id":"http:\/\/www.reconoce.mx\/#website"},"primaryImageOfPage":{"@id":"https:\/\/www.reconoce.mx\/?p=65674#primaryimage"},"image":{"@id":"https:\/\/www.reconoce.mx\/?p=65674#primaryimage"},"thumbnailUrl":"http:\/\/www.reconoce.mx\/wp-content\/uploads\/2017\/09\/los-mirlos-de-per\u00fa.png","datePublished":"2017-09-19T05:02:37+00:00","dateModified":"2017-09-19T15:16:50+00:00","breadcrumb":{"@id":"https:\/\/www.reconoce.mx\/?p=65674#breadcrumb"},"inLanguage":"es","potentialAction":[{"@type":"ReadAction","target":["https:\/\/www.reconoce.mx\/?p=65674"]}]},{"@type":"ImageObject","inLanguage":"es","@id":"https:\/\/www.reconoce.mx\/?p=65674#primaryimage","url":"http:\/\/www.reconoce.mx\/wp-content\/uploads\/2017\/09\/los-mirlos-de-per\u00fa.png","contentUrl":"http:\/\/www.reconoce.mx\/wp-content\/uploads\/2017\/09\/los-mirlos-de-per\u00fa.png","width":590,"height":380},{"@type":"BreadcrumbList","@id":"https:\/\/www.reconoce.mx\/?p=65674#breadcrumb","itemListElement":[{"@type":"ListItem","position":1,"name":"Portada","item":"http:\/\/www.reconoce.mx\/"},{"@type":"ListItem","position":2,"name":"Los Mirlos ofrecer\u00e1n noche de cumbia y chicha en Pabell\u00f3n Cuervo"}]},{"@type":"WebSite","@id":"http:\/\/www.reconoce.mx\/#website","url":"http:\/\/www.reconoce.mx\/","name":"Reconoce MX","description":"En Reconoce MX difundimos arte, cultura y conciencia social en M\u00e9xico. Tu ciudad en otra perspectiva.","publisher":{"@id":"http:\/\/www.reconoce.mx\/#organization"},"potentialAction":[{"@type":"SearchAction","target":{"@type":"EntryPoint","urlTemplate":"http:\/\/www.reconoce.mx\/?s={search_term_string}"},"query-input":{"@type":"PropertyValueSpecification","valueRequired":true,"valueName":"search_term_string"}}],"inLanguage":"es"},{"@type":"Organization","@id":"http:\/\/www.reconoce.mx\/#organization","name":"Reconoce MX","url":"http:\/\/www.reconoce.mx\/","logo":{"@type":"ImageObject","inLanguage":"es","@id":"http:\/\/www.reconoce.mx\/#\/schema\/logo\/image\/","url":"https:\/\/www.reconoce.mx\/wp-content\/uploads\/2019\/03\/logorcmx-good-1.png","contentUrl":"https:\/\/www.reconoce.mx\/wp-content\/uploads\/2019\/03\/logorcmx-good-1.png","width":280,"height":90,"caption":"Reconoce MX"},"image":{"@id":"http:\/\/www.reconoce.mx\/#\/schema\/logo\/image\/"},"sameAs":["https:\/\/es-la.facebook.com\/ReconoceMX\/","https:\/\/x.com\/reconocemx","http:\/\/@reconocemx"]},{"@type":"Person","@id":"http:\/\/www.reconoce.mx\/#\/schema\/person\/2117e997d7051dc15d6880eaf9bca0b2","name":"Reconoce MX","image":{"@type":"ImageObject","inLanguage":"es","@id":"http:\/\/www.reconoce.mx\/#\/schema\/person\/image\/","url":"https:\/\/secure.gravatar.com\/avatar\/6c8d4dc7569ca1c90c5fdcc349f839d5ddef6fe1e70b4337ead2ef1a4c43fc3a?s=96&d=identicon&r=g","contentUrl":"https:\/\/secure.gravatar.com\/avatar\/6c8d4dc7569ca1c90c5fdcc349f839d5ddef6fe1e70b4337ead2ef1a4c43fc3a?s=96&d=identicon&r=g","caption":"Reconoce MX"},"description":"Reconoce MX es un proyecto de difusi\u00f3n art\u00edstica, cultural y de conciencia social que est\u00e1 enfocado a difundir y fomentar el entretenimiento alternativo de calidad para todo el p\u00fablico que comparta el mismo entusiasmo.","sameAs":["http:\/\/www.reconoce.mx"],"url":"http:\/\/www.reconoce.mx\/?author=2"}]}},"_links":{"self":[{"href":"http:\/\/www.reconoce.mx\/index.php?rest_route=\/wp\/v2\/posts\/65674","targetHints":{"allow":["GET"]}}],"collection":[{"href":"http:\/\/www.reconoce.mx\/index.php?rest_route=\/wp\/v2\/posts"}],"about":[{"href":"http:\/\/www.reconoce.mx\/index.php?rest_route=\/wp\/v2\/types\/post"}],"author":[{"embeddable":true,"href":"http:\/\/www.reconoce.mx\/index.php?rest_route=\/wp\/v2\/users\/2"}],"replies":[{"embeddable":true,"href":"http:\/\/www.reconoce.mx\/index.php?rest_route=%2Fwp%2Fv2%2Fcomments&post=65674"}],"version-history":[{"count":1,"href":"http:\/\/www.reconoce.mx\/index.php?rest_route=\/wp\/v2\/posts\/65674\/revisions"}],"predecessor-version":[{"id":65677,"href":"http:\/\/www.reconoce.mx\/index.php?rest_route=\/wp\/v2\/posts\/65674\/revisions\/65677"}],"wp:featuredmedia":[{"embeddable":true,"href":"http:\/\/www.reconoce.mx\/index.php?rest_route=\/wp\/v2\/media\/65675"}],"wp:attachment":[{"href":"http:\/\/www.reconoce.mx\/index.php?rest_route=%2Fwp%2Fv2%2Fmedia&parent=65674"}],"wp:term":[{"taxonomy":"category","embeddable":true,"href":"http:\/\/www.reconoce.mx\/index.php?rest_route=%2Fwp%2Fv2%2Fcategories&post=65674"},{"taxonomy":"post_tag","embeddable":true,"href":"http:\/\/www.reconoce.mx\/index.php?rest_route=%2Fwp%2Fv2%2Ftags&post=65674"}],"curies":[{"name":"wp","href":"https:\/\/api.w.org\/{rel}","templated":true}]}}