{"id":65678,"date":"2017-09-26T00:06:43","date_gmt":"2017-09-26T05:06:43","guid":{"rendered":"http:\/\/www.reconoce.mx\/?p=65678"},"modified":"2017-09-26T09:50:22","modified_gmt":"2017-09-26T14:50:22","slug":"ecofilm-alista-detalles-para-su-edicion-2017","status":"publish","type":"post","link":"http:\/\/www.reconoce.mx\/?p=65678","title":{"rendered":"Ecofilm alista detalles para su edici\u00f3n 2017"},"content":{"rendered":"<p><strong>Por <a title=\"@AsfaltosTweets\" href=\"http:\/\/twitter.com\/AsfaltosTweets\" target=\"_blank\" rel=\"noopener\">Asfaltos<\/a><\/strong>.<\/p>\n<p>Nos alistamos al \u00faltimo cuarto de 2017, y como ya nos tiene acostumbrados, el <strong>Festival Internacional de Cortometrajes Ambientales ECOFILM<\/strong> ultima detalles para su ya s\u00e9ptima edici\u00f3n en el que la tem\u00e1tica ser\u00e1 \u00abAlimentaci\u00f3n sustentable\u00bb. En estos d\u00edas el comit\u00e9 eval\u00faa los trabajos recibidos (tras una convocatoria que result\u00f3 un \u00e9xito), y anuncian con bombo y platillo su cuerpo de jurados presidido por el productor <strong>Pedro Torres<\/strong>. <strong>Ecofilm<\/strong> se realizar\u00e1 del 12 al 18 de octubre en diversas sedes de Ciudad de M\u00e9xico.<\/p>\n<p><strong>Ecofilm<\/strong> anuncia al jurado oficial de su s\u00e9ptima edici\u00f3n integrado por destacados expertos y acad\u00e9micos en medio ambiente, as\u00ed como en la industria del cine a nivel nacional e internacional. El comit\u00e9 encabezado por <strong>Pedro Torres<\/strong>, productor de cine y televisi\u00f3n, se encargar\u00e1 de calificar los trabajos seleccionados en las categor\u00edas de \u00abAnimaci\u00f3n\u00bb, \u00abFicci\u00f3n\u00bb, \u00abDocumental\u00bb y \u00abCampa\u00f1a audiovisual\u00bb enfocadas a la tem\u00e1tica de \u00abAlimentaci\u00f3n sustentable\u00bb.<\/p>\n<p>La tarea del jurado, de forma coordinada con\u00a0la <strong>Fundaci\u00f3n Hombre Naturaleza<\/strong>\u00a0y cuyo presidente es el cantante <strong>Emmanuel Acha<\/strong>, ser\u00e1 elegir los cortometrajes que cumplan con el objetivo\u00a0de generar conciencia sobre la huella ambiental del desperdicio de alimentos, as\u00ed como promover la producci\u00f3n sustentable y consumo responsable de los alimentos.<\/p>\n<p>Los integrantes del jurado especialistas en medio ambiente, son: <strong>Rafael Pacchiano Alam\u00e1n<\/strong>, Secretario de Medio Ambiente y Recursos Naturales (SEMARNAT); <strong>Tanya M\u00fcller<\/strong>, Secretaria de Medio Ambiente del Gobierno de la Ciudad de M\u00e9xico; <strong>Federico Gonz\u00e1lez<\/strong>, Presidente del Consejo de Bancos de Alimentos de M\u00e9xico; <strong>Francisco Vallejo<\/strong>, Coordinador General de Comunicaci\u00f3n Social de la Secretar\u00eda de Agricultura, Ganader\u00eda, Desarrollo Rural, pesca y Alimentaci\u00f3n (SAGARPA); <strong>Martha Garc\u00edarivas Palmeros<\/strong>, Subsecretaria de Gesti\u00f3n para la Protecci\u00f3n Ambiental; el <strong>Dr. Moez El-Shohdi<\/strong>, Founder and CEO, Food Banking Regional Network;\u00a0y <strong>Jean-Francois<\/strong>, Executive Director de La Tabl\u00e9e des Chefs.<\/p>\n<p>En el cine los expertos nacionales que integran el jurado son:\u00a0<strong>Guadalupe Ferrer<\/strong>, Directora General de Actividades Cinematogr\u00e1ficas y Filmoteca de la UNAM; <strong>Rafa Lara<\/strong>, Productor, Director y Guionista; <strong>Paula Astorga Riestra<\/strong>, Productora y Promotora Audiovisual; <strong>Isaac Ezban<\/strong>, Director, Productor y Guionista; <strong>Karla Casta\u00f1eda<\/strong>, Animadora; <strong>Jaume Gil<\/strong>, del Festival Internacional de Cine de Medio Ambiente de Barcelona (FICMA); <strong>Juan Ignacio Pe\u00f1a<\/strong>, Productor y Guionista de Cine; y <strong>Rub\u00e9n Arvizu<\/strong>, Director General de Am\u00e9rica Latina de la Jean-Michel Cousteau\u2019s Ocean Futures Society y Director de Cine, Productor y Escritor.<\/p>\n<p><strong>Ecofilm<\/strong> se realizar\u00e1 del\u00a012 al 18 de octubre, y\u00a0este a\u00f1o <strong>Le Cin\u00e9ma IFAL<\/strong> ser\u00e1 una nueva sede. Otros espacios donde se exhibir\u00e1n los filmes son: <strong>Cineteca Nacional<\/strong>, <strong>Cin\u00e9polis Plaza Carso<\/strong>,<strong> Biblioteca Ibby<\/strong>, <strong>Centro De Cultura Digital<\/strong> y <strong>Papalote Museo Del Ni\u00f1o<\/strong>.<\/p>\n<p>&nbsp;<\/p>\n<p>&nbsp;<\/p>\n","protected":false},"excerpt":{"rendered":"<p>Nos alistamos al \u00faltimo cuarto de 2017, y como ya nos tiene acostumbrados, el Festival Internacional de Cortometrajes Ambientales ECOFILM ultima detalles para su ya s\u00e9ptima edici\u00f3n en el que la tem\u00e1tica ser\u00e1 \u00abAlimentaci\u00f3n sustentable\u00bb.<\/p>\n","protected":false},"author":2,"featured_media":65679,"comment_status":"open","ping_status":"open","sticky":false,"template":"","format":"standard","meta":{"footnotes":""},"categories":[24,1,17],"tags":[],"class_list":["post-65678","post","type-post","status-publish","format-standard","has-post-thumbnail","hentry","category-cine","category-cultura","category-principal"],"yoast_head":"<!-- This site is optimized with the Yoast SEO plugin v24.7 - https:\/\/yoast.com\/wordpress\/plugins\/seo\/ -->\n<title>Ecofilm alista detalles para su edici\u00f3n 2017 &#171; Reconoce MX<\/title>\n<meta name=\"robots\" content=\"index, follow, max-snippet:-1, max-image-preview:large, max-video-preview:-1\" \/>\n<link rel=\"canonical\" href=\"https:\/\/www.reconoce.mx\/?p=65678\" \/>\n<meta property=\"og:locale\" content=\"es_ES\" \/>\n<meta property=\"og:type\" content=\"article\" \/>\n<meta property=\"og:title\" content=\"Ecofilm alista detalles para su edici\u00f3n 2017 &#171; Reconoce MX\" \/>\n<meta property=\"og:description\" content=\"Nos alistamos al \u00faltimo cuarto de 2017, y como ya nos tiene acostumbrados, el Festival Internacional de Cortometrajes Ambientales ECOFILM ultima detalles para su ya s\u00e9ptima edici\u00f3n en el que la tem\u00e1tica ser\u00e1 &quot;Alimentaci\u00f3n sustentable&quot;.\" \/>\n<meta property=\"og:url\" content=\"https:\/\/www.reconoce.mx\/?p=65678\" \/>\n<meta property=\"og:site_name\" content=\"Reconoce MX\" \/>\n<meta property=\"article:publisher\" content=\"https:\/\/es-la.facebook.com\/ReconoceMX\/\" \/>\n<meta property=\"article:published_time\" content=\"2017-09-26T05:06:43+00:00\" \/>\n<meta property=\"article:modified_time\" content=\"2017-09-26T14:50:22+00:00\" \/>\n<meta property=\"og:image\" content=\"https:\/\/www.reconoce.mx\/wp-content\/uploads\/2017\/09\/ecofilm.png\" \/>\n\t<meta property=\"og:image:width\" content=\"715\" \/>\n\t<meta property=\"og:image:height\" content=\"461\" \/>\n\t<meta property=\"og:image:type\" content=\"image\/png\" \/>\n<meta name=\"author\" content=\"Reconoce MX\" \/>\n<meta name=\"twitter:card\" content=\"summary_large_image\" \/>\n<meta name=\"twitter:creator\" content=\"@reconocemx\" \/>\n<meta name=\"twitter:site\" content=\"@reconocemx\" \/>\n<meta name=\"twitter:label1\" content=\"Escrito por\" \/>\n\t<meta name=\"twitter:data1\" content=\"Reconoce MX\" \/>\n\t<meta name=\"twitter:label2\" content=\"Tiempo de lectura\" \/>\n\t<meta name=\"twitter:data2\" content=\"2 minutos\" \/>\n<script type=\"application\/ld+json\" class=\"yoast-schema-graph\">{\"@context\":\"https:\/\/schema.org\",\"@graph\":[{\"@type\":\"Article\",\"@id\":\"https:\/\/www.reconoce.mx\/?p=65678#article\",\"isPartOf\":{\"@id\":\"https:\/\/www.reconoce.mx\/?p=65678\"},\"author\":{\"name\":\"Reconoce MX\",\"@id\":\"http:\/\/www.reconoce.mx\/#\/schema\/person\/2117e997d7051dc15d6880eaf9bca0b2\"},\"headline\":\"Ecofilm alista detalles para su edici\u00f3n 2017\",\"datePublished\":\"2017-09-26T05:06:43+00:00\",\"dateModified\":\"2017-09-26T14:50:22+00:00\",\"mainEntityOfPage\":{\"@id\":\"https:\/\/www.reconoce.mx\/?p=65678\"},\"wordCount\":473,\"commentCount\":0,\"publisher\":{\"@id\":\"http:\/\/www.reconoce.mx\/#organization\"},\"image\":{\"@id\":\"https:\/\/www.reconoce.mx\/?p=65678#primaryimage\"},\"thumbnailUrl\":\"http:\/\/www.reconoce.mx\/wp-content\/uploads\/2017\/09\/ecofilm.png\",\"articleSection\":[\"Cine\",\"Cultura\",\"Principal\"],\"inLanguage\":\"es\",\"potentialAction\":[{\"@type\":\"CommentAction\",\"name\":\"Comment\",\"target\":[\"https:\/\/www.reconoce.mx\/?p=65678#respond\"]}]},{\"@type\":\"WebPage\",\"@id\":\"https:\/\/www.reconoce.mx\/?p=65678\",\"url\":\"https:\/\/www.reconoce.mx\/?p=65678\",\"name\":\"Ecofilm alista detalles para su edici\u00f3n 2017 &#171; Reconoce MX\",\"isPartOf\":{\"@id\":\"http:\/\/www.reconoce.mx\/#website\"},\"primaryImageOfPage\":{\"@id\":\"https:\/\/www.reconoce.mx\/?p=65678#primaryimage\"},\"image\":{\"@id\":\"https:\/\/www.reconoce.mx\/?p=65678#primaryimage\"},\"thumbnailUrl\":\"http:\/\/www.reconoce.mx\/wp-content\/uploads\/2017\/09\/ecofilm.png\",\"datePublished\":\"2017-09-26T05:06:43+00:00\",\"dateModified\":\"2017-09-26T14:50:22+00:00\",\"breadcrumb\":{\"@id\":\"https:\/\/www.reconoce.mx\/?p=65678#breadcrumb\"},\"inLanguage\":\"es\",\"potentialAction\":[{\"@type\":\"ReadAction\",\"target\":[\"https:\/\/www.reconoce.mx\/?p=65678\"]}]},{\"@type\":\"ImageObject\",\"inLanguage\":\"es\",\"@id\":\"https:\/\/www.reconoce.mx\/?p=65678#primaryimage\",\"url\":\"http:\/\/www.reconoce.mx\/wp-content\/uploads\/2017\/09\/ecofilm.png\",\"contentUrl\":\"http:\/\/www.reconoce.mx\/wp-content\/uploads\/2017\/09\/ecofilm.png\",\"width\":715,\"height\":461},{\"@type\":\"BreadcrumbList\",\"@id\":\"https:\/\/www.reconoce.mx\/?p=65678#breadcrumb\",\"itemListElement\":[{\"@type\":\"ListItem\",\"position\":1,\"name\":\"Portada\",\"item\":\"http:\/\/www.reconoce.mx\/\"},{\"@type\":\"ListItem\",\"position\":2,\"name\":\"Ecofilm alista detalles para su edici\u00f3n 2017\"}]},{\"@type\":\"WebSite\",\"@id\":\"http:\/\/www.reconoce.mx\/#website\",\"url\":\"http:\/\/www.reconoce.mx\/\",\"name\":\"Reconoce MX\",\"description\":\"En Reconoce MX difundimos arte, cultura y conciencia social en M\u00e9xico. Tu ciudad en otra perspectiva.\",\"publisher\":{\"@id\":\"http:\/\/www.reconoce.mx\/#organization\"},\"potentialAction\":[{\"@type\":\"SearchAction\",\"target\":{\"@type\":\"EntryPoint\",\"urlTemplate\":\"http:\/\/www.reconoce.mx\/?s={search_term_string}\"},\"query-input\":{\"@type\":\"PropertyValueSpecification\",\"valueRequired\":true,\"valueName\":\"search_term_string\"}}],\"inLanguage\":\"es\"},{\"@type\":\"Organization\",\"@id\":\"http:\/\/www.reconoce.mx\/#organization\",\"name\":\"Reconoce MX\",\"url\":\"http:\/\/www.reconoce.mx\/\",\"logo\":{\"@type\":\"ImageObject\",\"inLanguage\":\"es\",\"@id\":\"http:\/\/www.reconoce.mx\/#\/schema\/logo\/image\/\",\"url\":\"https:\/\/www.reconoce.mx\/wp-content\/uploads\/2019\/03\/logorcmx-good-1.png\",\"contentUrl\":\"https:\/\/www.reconoce.mx\/wp-content\/uploads\/2019\/03\/logorcmx-good-1.png\",\"width\":280,\"height\":90,\"caption\":\"Reconoce MX\"},\"image\":{\"@id\":\"http:\/\/www.reconoce.mx\/#\/schema\/logo\/image\/\"},\"sameAs\":[\"https:\/\/es-la.facebook.com\/ReconoceMX\/\",\"https:\/\/x.com\/reconocemx\",\"http:\/\/@reconocemx\"]},{\"@type\":\"Person\",\"@id\":\"http:\/\/www.reconoce.mx\/#\/schema\/person\/2117e997d7051dc15d6880eaf9bca0b2\",\"name\":\"Reconoce MX\",\"image\":{\"@type\":\"ImageObject\",\"inLanguage\":\"es\",\"@id\":\"http:\/\/www.reconoce.mx\/#\/schema\/person\/image\/\",\"url\":\"https:\/\/secure.gravatar.com\/avatar\/6c8d4dc7569ca1c90c5fdcc349f839d5ddef6fe1e70b4337ead2ef1a4c43fc3a?s=96&d=identicon&r=g\",\"contentUrl\":\"https:\/\/secure.gravatar.com\/avatar\/6c8d4dc7569ca1c90c5fdcc349f839d5ddef6fe1e70b4337ead2ef1a4c43fc3a?s=96&d=identicon&r=g\",\"caption\":\"Reconoce MX\"},\"description\":\"Reconoce MX es un proyecto de difusi\u00f3n art\u00edstica, cultural y de conciencia social que est\u00e1 enfocado a difundir y fomentar el entretenimiento alternativo de calidad para todo el p\u00fablico que comparta el mismo entusiasmo.\",\"sameAs\":[\"http:\/\/www.reconoce.mx\"],\"url\":\"http:\/\/www.reconoce.mx\/?author=2\"}]}<\/script>\n<!-- \/ Yoast SEO plugin. -->","yoast_head_json":{"title":"Ecofilm alista detalles para su edici\u00f3n 2017 &#171; Reconoce MX","robots":{"index":"index","follow":"follow","max-snippet":"max-snippet:-1","max-image-preview":"max-image-preview:large","max-video-preview":"max-video-preview:-1"},"canonical":"https:\/\/www.reconoce.mx\/?p=65678","og_locale":"es_ES","og_type":"article","og_title":"Ecofilm alista detalles para su edici\u00f3n 2017 &#171; Reconoce MX","og_description":"Nos alistamos al \u00faltimo cuarto de 2017, y como ya nos tiene acostumbrados, el Festival Internacional de Cortometrajes Ambientales ECOFILM ultima detalles para su ya s\u00e9ptima edici\u00f3n en el que la tem\u00e1tica ser\u00e1 \"Alimentaci\u00f3n sustentable\".","og_url":"https:\/\/www.reconoce.mx\/?p=65678","og_site_name":"Reconoce MX","article_publisher":"https:\/\/es-la.facebook.com\/ReconoceMX\/","article_published_time":"2017-09-26T05:06:43+00:00","article_modified_time":"2017-09-26T14:50:22+00:00","og_image":[{"width":715,"height":461,"url":"https:\/\/www.reconoce.mx\/wp-content\/uploads\/2017\/09\/ecofilm.png","type":"image\/png"}],"author":"Reconoce MX","twitter_card":"summary_large_image","twitter_creator":"@reconocemx","twitter_site":"@reconocemx","twitter_misc":{"Escrito por":"Reconoce MX","Tiempo de lectura":"2 minutos"},"schema":{"@context":"https:\/\/schema.org","@graph":[{"@type":"Article","@id":"https:\/\/www.reconoce.mx\/?p=65678#article","isPartOf":{"@id":"https:\/\/www.reconoce.mx\/?p=65678"},"author":{"name":"Reconoce MX","@id":"http:\/\/www.reconoce.mx\/#\/schema\/person\/2117e997d7051dc15d6880eaf9bca0b2"},"headline":"Ecofilm alista detalles para su edici\u00f3n 2017","datePublished":"2017-09-26T05:06:43+00:00","dateModified":"2017-09-26T14:50:22+00:00","mainEntityOfPage":{"@id":"https:\/\/www.reconoce.mx\/?p=65678"},"wordCount":473,"commentCount":0,"publisher":{"@id":"http:\/\/www.reconoce.mx\/#organization"},"image":{"@id":"https:\/\/www.reconoce.mx\/?p=65678#primaryimage"},"thumbnailUrl":"http:\/\/www.reconoce.mx\/wp-content\/uploads\/2017\/09\/ecofilm.png","articleSection":["Cine","Cultura","Principal"],"inLanguage":"es","potentialAction":[{"@type":"CommentAction","name":"Comment","target":["https:\/\/www.reconoce.mx\/?p=65678#respond"]}]},{"@type":"WebPage","@id":"https:\/\/www.reconoce.mx\/?p=65678","url":"https:\/\/www.reconoce.mx\/?p=65678","name":"Ecofilm alista detalles para su edici\u00f3n 2017 &#171; Reconoce MX","isPartOf":{"@id":"http:\/\/www.reconoce.mx\/#website"},"primaryImageOfPage":{"@id":"https:\/\/www.reconoce.mx\/?p=65678#primaryimage"},"image":{"@id":"https:\/\/www.reconoce.mx\/?p=65678#primaryimage"},"thumbnailUrl":"http:\/\/www.reconoce.mx\/wp-content\/uploads\/2017\/09\/ecofilm.png","datePublished":"2017-09-26T05:06:43+00:00","dateModified":"2017-09-26T14:50:22+00:00","breadcrumb":{"@id":"https:\/\/www.reconoce.mx\/?p=65678#breadcrumb"},"inLanguage":"es","potentialAction":[{"@type":"ReadAction","target":["https:\/\/www.reconoce.mx\/?p=65678"]}]},{"@type":"ImageObject","inLanguage":"es","@id":"https:\/\/www.reconoce.mx\/?p=65678#primaryimage","url":"http:\/\/www.reconoce.mx\/wp-content\/uploads\/2017\/09\/ecofilm.png","contentUrl":"http:\/\/www.reconoce.mx\/wp-content\/uploads\/2017\/09\/ecofilm.png","width":715,"height":461},{"@type":"BreadcrumbList","@id":"https:\/\/www.reconoce.mx\/?p=65678#breadcrumb","itemListElement":[{"@type":"ListItem","position":1,"name":"Portada","item":"http:\/\/www.reconoce.mx\/"},{"@type":"ListItem","position":2,"name":"Ecofilm alista detalles para su edici\u00f3n 2017"}]},{"@type":"WebSite","@id":"http:\/\/www.reconoce.mx\/#website","url":"http:\/\/www.reconoce.mx\/","name":"Reconoce MX","description":"En Reconoce MX difundimos arte, cultura y conciencia social en M\u00e9xico. Tu ciudad en otra perspectiva.","publisher":{"@id":"http:\/\/www.reconoce.mx\/#organization"},"potentialAction":[{"@type":"SearchAction","target":{"@type":"EntryPoint","urlTemplate":"http:\/\/www.reconoce.mx\/?s={search_term_string}"},"query-input":{"@type":"PropertyValueSpecification","valueRequired":true,"valueName":"search_term_string"}}],"inLanguage":"es"},{"@type":"Organization","@id":"http:\/\/www.reconoce.mx\/#organization","name":"Reconoce MX","url":"http:\/\/www.reconoce.mx\/","logo":{"@type":"ImageObject","inLanguage":"es","@id":"http:\/\/www.reconoce.mx\/#\/schema\/logo\/image\/","url":"https:\/\/www.reconoce.mx\/wp-content\/uploads\/2019\/03\/logorcmx-good-1.png","contentUrl":"https:\/\/www.reconoce.mx\/wp-content\/uploads\/2019\/03\/logorcmx-good-1.png","width":280,"height":90,"caption":"Reconoce MX"},"image":{"@id":"http:\/\/www.reconoce.mx\/#\/schema\/logo\/image\/"},"sameAs":["https:\/\/es-la.facebook.com\/ReconoceMX\/","https:\/\/x.com\/reconocemx","http:\/\/@reconocemx"]},{"@type":"Person","@id":"http:\/\/www.reconoce.mx\/#\/schema\/person\/2117e997d7051dc15d6880eaf9bca0b2","name":"Reconoce MX","image":{"@type":"ImageObject","inLanguage":"es","@id":"http:\/\/www.reconoce.mx\/#\/schema\/person\/image\/","url":"https:\/\/secure.gravatar.com\/avatar\/6c8d4dc7569ca1c90c5fdcc349f839d5ddef6fe1e70b4337ead2ef1a4c43fc3a?s=96&d=identicon&r=g","contentUrl":"https:\/\/secure.gravatar.com\/avatar\/6c8d4dc7569ca1c90c5fdcc349f839d5ddef6fe1e70b4337ead2ef1a4c43fc3a?s=96&d=identicon&r=g","caption":"Reconoce MX"},"description":"Reconoce MX es un proyecto de difusi\u00f3n art\u00edstica, cultural y de conciencia social que est\u00e1 enfocado a difundir y fomentar el entretenimiento alternativo de calidad para todo el p\u00fablico que comparta el mismo entusiasmo.","sameAs":["http:\/\/www.reconoce.mx"],"url":"http:\/\/www.reconoce.mx\/?author=2"}]}},"_links":{"self":[{"href":"http:\/\/www.reconoce.mx\/index.php?rest_route=\/wp\/v2\/posts\/65678","targetHints":{"allow":["GET"]}}],"collection":[{"href":"http:\/\/www.reconoce.mx\/index.php?rest_route=\/wp\/v2\/posts"}],"about":[{"href":"http:\/\/www.reconoce.mx\/index.php?rest_route=\/wp\/v2\/types\/post"}],"author":[{"embeddable":true,"href":"http:\/\/www.reconoce.mx\/index.php?rest_route=\/wp\/v2\/users\/2"}],"replies":[{"embeddable":true,"href":"http:\/\/www.reconoce.mx\/index.php?rest_route=%2Fwp%2Fv2%2Fcomments&post=65678"}],"version-history":[{"count":4,"href":"http:\/\/www.reconoce.mx\/index.php?rest_route=\/wp\/v2\/posts\/65678\/revisions"}],"predecessor-version":[{"id":66109,"href":"http:\/\/www.reconoce.mx\/index.php?rest_route=\/wp\/v2\/posts\/65678\/revisions\/66109"}],"wp:featuredmedia":[{"embeddable":true,"href":"http:\/\/www.reconoce.mx\/index.php?rest_route=\/wp\/v2\/media\/65679"}],"wp:attachment":[{"href":"http:\/\/www.reconoce.mx\/index.php?rest_route=%2Fwp%2Fv2%2Fmedia&parent=65678"}],"wp:term":[{"taxonomy":"category","embeddable":true,"href":"http:\/\/www.reconoce.mx\/index.php?rest_route=%2Fwp%2Fv2%2Fcategories&post=65678"},{"taxonomy":"post_tag","embeddable":true,"href":"http:\/\/www.reconoce.mx\/index.php?rest_route=%2Fwp%2Fv2%2Ftags&post=65678"}],"curies":[{"name":"wp","href":"https:\/\/api.w.org\/{rel}","templated":true}]}}