{"id":65694,"date":"2017-09-18T00:03:45","date_gmt":"2017-09-18T05:03:45","guid":{"rendered":"http:\/\/www.reconoce.mx\/?p=65694"},"modified":"2017-09-18T14:43:34","modified_gmt":"2017-09-18T19:43:34","slug":"5rolasparalasemana-del-18-al-22-de-septiembre","status":"publish","type":"post","link":"http:\/\/www.reconoce.mx\/?p=65694","title":{"rendered":"#5RolasParaLaSemana del 18 al 22 de septiembre"},"content":{"rendered":"<p><strong>Por <a title=\"@AsfaltosTweets\" href=\"http:\/\/twitter.com\/AsfaltosTweets\" target=\"_blank\" rel=\"noopener noreferrer\">Asfaltos<\/a><\/strong>.<\/p>\n<p>Lunes, lunes de las <a href=\"http:\/\/www.reconoce.mx\/category\/cultura\/musica\/5rolasparalasemana\/\" target=\"_blank\" rel=\"noopener noreferrer\">#5RolasParaLaSemana<\/a>. Ya lo saben, las <a href=\"http:\/\/www.reconoce.mx\/category\/cultura\/musica\/5rolasparalasemana\/\" target=\"_blank\" rel=\"noopener noreferrer\">#5RolasParaLaSemana<\/a> son este breve y conciso <em>tracklist<\/em> en el que me permito compartir con ustedes las novedades musicales de la escena nacional que semanalmente se dan a conocer. S\u00ed, como ya lo he advertido tambi\u00e9n, se encontrar\u00e1n con alguna que otra canci\u00f3n de fuera de nuestras fronteras; eso s\u00ed, de todas las rolas elegidas les aseguro que se encontrar\u00e1n con alguna que se insertar\u00e1 en su imaginario sonoro. Sin m\u00e1s, \u00a1qu\u00e9 vengan las <a href=\"http:\/\/www.reconoce.mx\/category\/cultura\/musica\/5rolasparalasemana\/\" target=\"_blank\" rel=\"noopener noreferrer\">#5RolasParaLaSemana<\/a> de la tercera semana de septiembre de 2017!<\/p>\n<p><iframe loading=\"lazy\" src=\"https:\/\/www.deezer.com\/plugins\/player?format=square&amp;autoplay=false&amp;playlist=false&amp;width=300&amp;height=300&amp;color=007FEB&amp;layout=dark&amp;size=medium&amp;type=playlist&amp;id=3594114426&amp;app_id=1\" width=\"300\" height=\"300\" frameborder=\"0\" scrolling=\"no\"><\/iframe><\/p>\n<h2><strong>\u00abTe voy a tener\u00bb, de Adeline<\/strong><\/h2>\n<p><a href=\"http:\/\/www.reconoce.mx\/wp-content\/uploads\/2017\/09\/edc2b6205bd5279a75f9f65aec7e0268c25b2966.jpg\"><img loading=\"lazy\" decoding=\"async\" class=\"aligncenter size-full wp-image-65701\" src=\"http:\/\/www.reconoce.mx\/wp-content\/uploads\/2017\/09\/edc2b6205bd5279a75f9f65aec7e0268c25b2966.jpg\" alt=\"\" width=\"640\" height=\"640\" srcset=\"http:\/\/www.reconoce.mx\/wp-content\/uploads\/2017\/09\/edc2b6205bd5279a75f9f65aec7e0268c25b2966.jpg 640w, http:\/\/www.reconoce.mx\/wp-content\/uploads\/2017\/09\/edc2b6205bd5279a75f9f65aec7e0268c25b2966-150x150.jpg 150w, http:\/\/www.reconoce.mx\/wp-content\/uploads\/2017\/09\/edc2b6205bd5279a75f9f65aec7e0268c25b2966-300x300.jpg 300w, http:\/\/www.reconoce.mx\/wp-content\/uploads\/2017\/09\/edc2b6205bd5279a75f9f65aec7e0268c25b2966-65x65.jpg 65w\" sizes=\"auto, (max-width: 640px) 100vw, 640px\" \/><\/a><\/p>\n<p>Empezamos el listado musical con la acostumbrada propuesta semanal, que en este caso nos llega desde Ciudad Sat\u00e9lite, Estado de M\u00e9xico. De acuerdo a su perfil en Facebook, donde en realidad hay muy poca informaci\u00f3n de ellos, Armando Quintero (vocal), Omar S\u00e1nchez (guitarra), Hiber Villalobos (bajo) e Iv\u00e1n Soto son 4 amigos haciendo m\u00fasica. El grupo se llama <strong>Adeline<\/strong>, y si ya le pusieron play, notar\u00e1n que su propuesta musical deambula entre un happy punk y pop muy claros. L\u00f3gico, dada la juventud de los m\u00fasicos, el g\u00e9nero se ajusta perfectamente para ellos y s\u00ed, hay que decir que en su ejecuci\u00f3n son bastante solventes. Adem\u00e1s, con una letra y ritmos pegajosos, Adeline nos regalan su m\u00e1s reciente sencillo titulado \u00abTe voy a tener\u00bb, melod\u00eda que seguro servir\u00e1 de combustible para chicos y chicas que intentan ligarse a esa persona que les roba el aliento. S\u00ed, nada nuevo bajo el sol, m\u00fasica que ya hemos escuchado y que no propone algo distinto, pero que funciona, gusta y alegra.<\/p>\n<h2><strong>\u00abCu\u00e1ntas veces\u00bb, de Nana Mendoza<\/strong><\/h2>\n<p><a href=\"http:\/\/www.reconoce.mx\/wp-content\/uploads\/2017\/09\/DJEyaWnUMAEDBuc.jpg\"><img loading=\"lazy\" decoding=\"async\" class=\"aligncenter size-full wp-image-65700\" src=\"http:\/\/www.reconoce.mx\/wp-content\/uploads\/2017\/09\/DJEyaWnUMAEDBuc.jpg\" alt=\"\" width=\"1200\" height=\"1200\" srcset=\"http:\/\/www.reconoce.mx\/wp-content\/uploads\/2017\/09\/DJEyaWnUMAEDBuc.jpg 1200w, http:\/\/www.reconoce.mx\/wp-content\/uploads\/2017\/09\/DJEyaWnUMAEDBuc-150x150.jpg 150w, http:\/\/www.reconoce.mx\/wp-content\/uploads\/2017\/09\/DJEyaWnUMAEDBuc-300x300.jpg 300w, http:\/\/www.reconoce.mx\/wp-content\/uploads\/2017\/09\/DJEyaWnUMAEDBuc-768x768.jpg 768w, http:\/\/www.reconoce.mx\/wp-content\/uploads\/2017\/09\/DJEyaWnUMAEDBuc-1024x1024.jpg 1024w, http:\/\/www.reconoce.mx\/wp-content\/uploads\/2017\/09\/DJEyaWnUMAEDBuc-65x65.jpg 65w, http:\/\/www.reconoce.mx\/wp-content\/uploads\/2017\/09\/DJEyaWnUMAEDBuc-700x700.jpg 700w, http:\/\/www.reconoce.mx\/wp-content\/uploads\/2017\/09\/DJEyaWnUMAEDBuc-658x658.jpg 658w\" sizes=\"auto, (max-width: 1200px) 100vw, 1200px\" \/><\/a><\/p>\n<p>Ahora que si quieren bajarle el ritmo a la m\u00fasica, al alocado inicio de semana, ac\u00e1 una propuesta que complacer\u00e1 tambi\u00e9n sus o\u00eddos. Se trata de la propuesta de Natalia Mendoza, mejor conocida como <strong>Nana Mendoza<\/strong>, actualmente una de las m\u00e1s interesantes mujeres en la escena musical -y eso que hay varias, en efecto-. Enamorada de la m\u00fasica desde que se dej\u00f3 seducir por ella, en cuanto uno escucha a Nana es absolutamente perceptible su dedicaci\u00f3n y talento para la disciplina art\u00edstica. Fan\u00e1tica confesa del jazz -se nota en su trabajo sonoro-, <strong>Nana Mendoza<\/strong> combina de gran manera los elementos provenientes de lo org\u00e1nico y lo electr\u00f3nico. Su m\u00fasica, sin embargo, no suena atrapada en ning\u00fan tiempo ni espacio; al contrario, se escucha diversa y contempor\u00e1nea pero tambi\u00e9n reminiscente de una o varias \u00e9pocas. As\u00ed sucede precisamente con \u00abCu\u00e1ntas veces\u00bb, la melod\u00eda de <strong>Nana Mendoza<\/strong> con la que se las comparto, y en la que con gran talento nos demuestra todas sus cualidades. Mi favorita es su voz, su muy cuidada y educada voz que destaca por encima de la melod\u00eda -sin desmerecer \u00e9sta-, provocando much\u00edsimas ganas por ponerle atenci\u00f3n, escucharle y disfrutarla. No s\u00e9 ustedes, pero yo con esto ya empiezo a tener un lunes m\u00e1s que satisfactorio&#8230;<\/p>\n<h2><strong>\u00abMi fe\u00bb, de Adan Jodorowsky<\/strong><\/h2>\n<p><a href=\"http:\/\/www.reconoce.mx\/wp-content\/uploads\/2017\/09\/21151583_10155796345528304_7926217383904788372_n.jpg\"><img loading=\"lazy\" decoding=\"async\" class=\"aligncenter size-full wp-image-65698\" src=\"http:\/\/www.reconoce.mx\/wp-content\/uploads\/2017\/09\/21151583_10155796345528304_7926217383904788372_n.jpg\" alt=\"\" width=\"960\" height=\"960\" srcset=\"http:\/\/www.reconoce.mx\/wp-content\/uploads\/2017\/09\/21151583_10155796345528304_7926217383904788372_n.jpg 960w, http:\/\/www.reconoce.mx\/wp-content\/uploads\/2017\/09\/21151583_10155796345528304_7926217383904788372_n-150x150.jpg 150w, http:\/\/www.reconoce.mx\/wp-content\/uploads\/2017\/09\/21151583_10155796345528304_7926217383904788372_n-300x300.jpg 300w, http:\/\/www.reconoce.mx\/wp-content\/uploads\/2017\/09\/21151583_10155796345528304_7926217383904788372_n-768x768.jpg 768w, http:\/\/www.reconoce.mx\/wp-content\/uploads\/2017\/09\/21151583_10155796345528304_7926217383904788372_n-65x65.jpg 65w, http:\/\/www.reconoce.mx\/wp-content\/uploads\/2017\/09\/21151583_10155796345528304_7926217383904788372_n-700x700.jpg 700w, http:\/\/www.reconoce.mx\/wp-content\/uploads\/2017\/09\/21151583_10155796345528304_7926217383904788372_n-658x658.jpg 658w\" sizes=\"auto, (max-width: 960px) 100vw, 960px\" \/><\/a><\/p>\n<p>En el mismo mood de tranquilidad, de paz, de armon\u00eda, de amor, \u00bfqu\u00e9 tal lo m\u00e1s nuevo de <strong>Ad\u00e1n Jodorokwsy<\/strong>? En una nueva etapa de su vida que se percibe con su nueva m\u00fasica, Ad\u00e1n se libera y nos regala \u00e9sta en forma de m\u00fasica que tenemos el aut\u00e9ntico placer y agrado de degustar. Y s\u00ed, el amor ha sido el punto de inflexi\u00f3n de un artista que se se nos muestra sin m\u00e1scara. En comunicado de prensa que acompa\u00f1a al nuevo sencillo de Ad\u00e1n, \u00abMi fe\u00bb, el artista comparte que \u00e9sta \u00able habla al ser nost\u00e1lgico y lo evoca a entrar en s\u00ed mismo, habitarse sin miedo para poder amar y ser amado completamente, siendo todo lo que uno es en sombra y luz a la hora de un encuentro verdadero, de esos que fijan la mirada trascendente y tocan fibras internas, tan intimas que sientes que no vas a poder con lo que t\u00fa mismo eres, pero en el amor verdadero la complicidad se vuelve aliada para navegar en este misterio con valor.\u00bb La verdad es que la melod\u00eda es muy sencille, que no simplona; pues en ese coraz\u00f3n vertido por <strong>Ad\u00e1n Jodorowsky<\/strong> es que radica la belleza de esta melod\u00eda que nos invita tambi\u00e9n a sanar nuestros propios demonios. \u00abMi fe\u00bb es ya el segundo sencillo desprendido del \u00abEsencia solar\u00bb que estrenar\u00e1 Ad\u00e1n el pr\u00f3ximo 6 de octubre. \u00a1Atentos!<\/p>\n<h2><strong>\u00abEtc.\u00bb, de El David Aguilar feat. Caloncho<\/strong><\/h2>\n<p><a href=\"http:\/\/www.reconoce.mx\/wp-content\/uploads\/2017\/09\/DIpkc71VoAAeKnw.jpg-large.jpg\"><img loading=\"lazy\" decoding=\"async\" class=\"aligncenter size-full wp-image-65699\" src=\"http:\/\/www.reconoce.mx\/wp-content\/uploads\/2017\/09\/DIpkc71VoAAeKnw.jpg-large.jpg\" alt=\"\" width=\"1018\" height=\"1022\" srcset=\"http:\/\/www.reconoce.mx\/wp-content\/uploads\/2017\/09\/DIpkc71VoAAeKnw.jpg-large.jpg 1018w, http:\/\/www.reconoce.mx\/wp-content\/uploads\/2017\/09\/DIpkc71VoAAeKnw.jpg-large-150x151.jpg 150w, http:\/\/www.reconoce.mx\/wp-content\/uploads\/2017\/09\/DIpkc71VoAAeKnw.jpg-large-300x301.jpg 300w, http:\/\/www.reconoce.mx\/wp-content\/uploads\/2017\/09\/DIpkc71VoAAeKnw.jpg-large-768x771.jpg 768w, http:\/\/www.reconoce.mx\/wp-content\/uploads\/2017\/09\/DIpkc71VoAAeKnw.jpg-large-65x65.jpg 65w, http:\/\/www.reconoce.mx\/wp-content\/uploads\/2017\/09\/DIpkc71VoAAeKnw.jpg-large-700x703.jpg 700w, http:\/\/www.reconoce.mx\/wp-content\/uploads\/2017\/09\/DIpkc71VoAAeKnw.jpg-large-658x661.jpg 658w\" sizes=\"auto, (max-width: 1018px) 100vw, 1018px\" \/><\/a><br \/>\nUn m\u00fasico al que le he seguido la pista desde que le conoc\u00ed, es sin duda <strong>El David Aquilar<\/strong>. David, quien en \u00faltimas fechas ha tenido mayor exposici\u00f3n a pesar de tener ya una carrera ampliamente recorrida, est\u00e1 de regreso con una melod\u00eda que encaja perfecto en este mood que hemos ido ya agarrando en el listado musical semana. El m\u00fasico que defiende a la canci\u00f3n como un g\u00e9nero, brilla por su ingenio y su talento. Escucharle con una guitarra, acompa\u00f1ado de unos versos cuidadosamente seleccionados y mas que cantados hasta recitados, es uno de los grandes placeres cuandos e descubre el sonido de<strong> El David Aguilar<\/strong>. El m\u00fasico ha tenido gracias a su talento y perseverancia un ascenso importante que as\u00ed lo ha llevado a escribir una canci\u00f3n junto a Natalia Lafourcade, como ahora tener una colaboraci\u00f3n con el medi\u00e1tico <strong>Caloncho<\/strong>. \u00bfA qu\u00e9 suena? Esa es la verdadera dicha de la m\u00fasica de <strong>El David Aguilar<\/strong>, que al ser la canci\u00f3n un g\u00e9nero, en lo que respecta a lo musical no hay l\u00edmites. En tiempos donde las etiquetas siguen rigiendo, no resulta com\u00fan que alguien no se diga m\u00fasico de tal o cual g\u00e9nero; pero s\u00ed resulta admirable y absolutamente delicioso escuchar a un m\u00fasico que se quita estos l\u00edmites y juguetea mas bien con esas ideas que est\u00e1n listas para ser rotas. \u00abEtc.\u00bb tiene mucho de <strong>El David Aguilar<\/strong>, y s\u00ed, incluye como un c\u00f3mplice a Caloncho quien se siente muy c\u00f3modo en el mundo que el primero propone y dispone. S\u00ed, me gust\u00f3 tanto como leen.<\/p>\n<h2><strong>\u00abMi T-Shirt de la NASA\u00bb, de Instituto Mexicano del Sonido<\/strong><\/h2>\n<p><a href=\"http:\/\/www.reconoce.mx\/wp-content\/uploads\/2017\/09\/unnamed-5.jpg\"><img loading=\"lazy\" decoding=\"async\" class=\"aligncenter size-full wp-image-65702\" src=\"http:\/\/www.reconoce.mx\/wp-content\/uploads\/2017\/09\/unnamed-5.jpg\" alt=\"\" width=\"974\" height=\"974\" srcset=\"http:\/\/www.reconoce.mx\/wp-content\/uploads\/2017\/09\/unnamed-5.jpg 974w, http:\/\/www.reconoce.mx\/wp-content\/uploads\/2017\/09\/unnamed-5-150x150.jpg 150w, http:\/\/www.reconoce.mx\/wp-content\/uploads\/2017\/09\/unnamed-5-300x300.jpg 300w, http:\/\/www.reconoce.mx\/wp-content\/uploads\/2017\/09\/unnamed-5-768x768.jpg 768w, http:\/\/www.reconoce.mx\/wp-content\/uploads\/2017\/09\/unnamed-5-65x65.jpg 65w, http:\/\/www.reconoce.mx\/wp-content\/uploads\/2017\/09\/unnamed-5-700x700.jpg 700w, http:\/\/www.reconoce.mx\/wp-content\/uploads\/2017\/09\/unnamed-5-658x658.jpg 658w\" sizes=\"auto, (max-width: 974px) 100vw, 974px\" \/><\/a><\/p>\n<p>Y para no irnos si bien felices pero con la energ\u00eda un tanto baja, \u00bfqu\u00e9 tal algo de baile para cerrar este listado musical semanal? Para empezar, una pregunta: \u00bfustedes tienen una de esas playeras que han usado, y usado, y usado&#8230; hasta el cansancio? Inspirado en ese trapo que muchos seguimos llamando playera, <strong>Instituto Mexicano del Sonido<\/strong> regresa a la escena musical con una melod\u00eda divertida que funciona como combustible para la semana que reci\u00e9n inicia. Camilo Lara, <strong>Instituto Mexicano del Sonido<\/strong>, nos plantea as\u00ed la pregunta de si nosotros tenemos tambi\u00e9n una playera que si bien usamos como piyama, tambi\u00e9n usamos para lavar nuestro auto, para ir al gimnasio \u00a1y hasta para ir a visitar a la novia! Total, es nuestra playera de siempre, la que amamos y seguiremos amando hasta que el deshilache de \u00e9sta nos separe&#8230; Mucho castigo resultaba que Camilo no nos regalara m\u00fasica nueva desde hace 4 a\u00f1os, por ello resulta muy emocionante saber que para noviembre 3 del presente a\u00f1o, habr\u00e1 un nuevo material del proyecto que de momento se traduce en este nuevo sencillo.<\/p>\n<p style=\"text-align: right;\">Foto: <strong>Holger Prothmann<\/strong>.<\/p>\n<p>&nbsp;<\/p>\n<p>&nbsp;<\/p>\n","protected":false},"excerpt":{"rendered":"<p>Lunes, lunes de las #5RolasParaLaSemana. Ya lo saben, las #5RolasParaLaSemana son este breve y conciso tracklist en el que me permito compartir con ustedes las novedades musicales de la escena nacional que semanalmente se dan a conocer.<\/p>\n","protected":false},"author":2,"featured_media":52739,"comment_status":"open","ping_status":"open","sticky":false,"template":"","format":"standard","meta":{"footnotes":""},"categories":[2652,1,18,17],"tags":[],"class_list":["post-65694","post","type-post","status-publish","format-standard","has-post-thumbnail","hentry","category-5rolasparalasemana","category-cultura","category-musica","category-principal"],"yoast_head":"<!-- This site is optimized with the Yoast SEO plugin v24.7 - https:\/\/yoast.com\/wordpress\/plugins\/seo\/ -->\n<title>#5RolasParaLaSemana del 18 al 22 de septiembre &#171; Reconoce MX<\/title>\n<meta name=\"robots\" content=\"index, follow, max-snippet:-1, max-image-preview:large, max-video-preview:-1\" \/>\n<link rel=\"canonical\" href=\"https:\/\/www.reconoce.mx\/?p=65694\" \/>\n<meta property=\"og:locale\" content=\"es_ES\" \/>\n<meta property=\"og:type\" content=\"article\" \/>\n<meta property=\"og:title\" content=\"#5RolasParaLaSemana del 18 al 22 de septiembre &#171; Reconoce MX\" \/>\n<meta property=\"og:description\" content=\"Lunes, lunes de las #5RolasParaLaSemana. Ya lo saben, las #5RolasParaLaSemana son este breve y conciso tracklist en el que me permito compartir con ustedes las novedades musicales de la escena nacional que semanalmente se dan a conocer.\" \/>\n<meta property=\"og:url\" content=\"https:\/\/www.reconoce.mx\/?p=65694\" \/>\n<meta property=\"og:site_name\" content=\"Reconoce MX\" \/>\n<meta property=\"article:publisher\" content=\"https:\/\/es-la.facebook.com\/ReconoceMX\/\" \/>\n<meta property=\"article:published_time\" content=\"2017-09-18T05:03:45+00:00\" \/>\n<meta property=\"article:modified_time\" content=\"2017-09-18T19:43:34+00:00\" \/>\n<meta property=\"og:image\" content=\"https:\/\/www.reconoce.mx\/wp-content\/uploads\/2016\/09\/5RolasParaLaSemana-cover.png\" \/>\n\t<meta property=\"og:image:width\" content=\"590\" \/>\n\t<meta property=\"og:image:height\" content=\"380\" \/>\n\t<meta property=\"og:image:type\" content=\"image\/png\" \/>\n<meta name=\"author\" content=\"Reconoce MX\" \/>\n<meta name=\"twitter:card\" content=\"summary_large_image\" \/>\n<meta name=\"twitter:creator\" content=\"@reconocemx\" \/>\n<meta name=\"twitter:site\" content=\"@reconocemx\" \/>\n<meta name=\"twitter:label1\" content=\"Escrito por\" \/>\n\t<meta name=\"twitter:data1\" content=\"Reconoce MX\" \/>\n\t<meta name=\"twitter:label2\" content=\"Tiempo de lectura\" \/>\n\t<meta name=\"twitter:data2\" content=\"6 minutos\" \/>\n<script type=\"application\/ld+json\" class=\"yoast-schema-graph\">{\"@context\":\"https:\/\/schema.org\",\"@graph\":[{\"@type\":\"Article\",\"@id\":\"https:\/\/www.reconoce.mx\/?p=65694#article\",\"isPartOf\":{\"@id\":\"https:\/\/www.reconoce.mx\/?p=65694\"},\"author\":{\"name\":\"Reconoce MX\",\"@id\":\"http:\/\/www.reconoce.mx\/#\/schema\/person\/2117e997d7051dc15d6880eaf9bca0b2\"},\"headline\":\"#5RolasParaLaSemana del 18 al 22 de septiembre\",\"datePublished\":\"2017-09-18T05:03:45+00:00\",\"dateModified\":\"2017-09-18T19:43:34+00:00\",\"mainEntityOfPage\":{\"@id\":\"https:\/\/www.reconoce.mx\/?p=65694\"},\"wordCount\":1272,\"commentCount\":0,\"publisher\":{\"@id\":\"http:\/\/www.reconoce.mx\/#organization\"},\"image\":{\"@id\":\"https:\/\/www.reconoce.mx\/?p=65694#primaryimage\"},\"thumbnailUrl\":\"http:\/\/www.reconoce.mx\/wp-content\/uploads\/2016\/09\/5RolasParaLaSemana-cover.png\",\"articleSection\":[\"#5RolasParaLaSemana\",\"Cultura\",\"M\u00fasica\",\"Principal\"],\"inLanguage\":\"es\",\"potentialAction\":[{\"@type\":\"CommentAction\",\"name\":\"Comment\",\"target\":[\"https:\/\/www.reconoce.mx\/?p=65694#respond\"]}]},{\"@type\":\"WebPage\",\"@id\":\"https:\/\/www.reconoce.mx\/?p=65694\",\"url\":\"https:\/\/www.reconoce.mx\/?p=65694\",\"name\":\"#5RolasParaLaSemana del 18 al 22 de septiembre &#171; Reconoce MX\",\"isPartOf\":{\"@id\":\"http:\/\/www.reconoce.mx\/#website\"},\"primaryImageOfPage\":{\"@id\":\"https:\/\/www.reconoce.mx\/?p=65694#primaryimage\"},\"image\":{\"@id\":\"https:\/\/www.reconoce.mx\/?p=65694#primaryimage\"},\"thumbnailUrl\":\"http:\/\/www.reconoce.mx\/wp-content\/uploads\/2016\/09\/5RolasParaLaSemana-cover.png\",\"datePublished\":\"2017-09-18T05:03:45+00:00\",\"dateModified\":\"2017-09-18T19:43:34+00:00\",\"breadcrumb\":{\"@id\":\"https:\/\/www.reconoce.mx\/?p=65694#breadcrumb\"},\"inLanguage\":\"es\",\"potentialAction\":[{\"@type\":\"ReadAction\",\"target\":[\"https:\/\/www.reconoce.mx\/?p=65694\"]}]},{\"@type\":\"ImageObject\",\"inLanguage\":\"es\",\"@id\":\"https:\/\/www.reconoce.mx\/?p=65694#primaryimage\",\"url\":\"http:\/\/www.reconoce.mx\/wp-content\/uploads\/2016\/09\/5RolasParaLaSemana-cover.png\",\"contentUrl\":\"http:\/\/www.reconoce.mx\/wp-content\/uploads\/2016\/09\/5RolasParaLaSemana-cover.png\",\"width\":590,\"height\":380},{\"@type\":\"BreadcrumbList\",\"@id\":\"https:\/\/www.reconoce.mx\/?p=65694#breadcrumb\",\"itemListElement\":[{\"@type\":\"ListItem\",\"position\":1,\"name\":\"Portada\",\"item\":\"http:\/\/www.reconoce.mx\/\"},{\"@type\":\"ListItem\",\"position\":2,\"name\":\"#5RolasParaLaSemana del 18 al 22 de septiembre\"}]},{\"@type\":\"WebSite\",\"@id\":\"http:\/\/www.reconoce.mx\/#website\",\"url\":\"http:\/\/www.reconoce.mx\/\",\"name\":\"Reconoce MX\",\"description\":\"En Reconoce MX difundimos arte, cultura y conciencia social en M\u00e9xico. Tu ciudad en otra perspectiva.\",\"publisher\":{\"@id\":\"http:\/\/www.reconoce.mx\/#organization\"},\"potentialAction\":[{\"@type\":\"SearchAction\",\"target\":{\"@type\":\"EntryPoint\",\"urlTemplate\":\"http:\/\/www.reconoce.mx\/?s={search_term_string}\"},\"query-input\":{\"@type\":\"PropertyValueSpecification\",\"valueRequired\":true,\"valueName\":\"search_term_string\"}}],\"inLanguage\":\"es\"},{\"@type\":\"Organization\",\"@id\":\"http:\/\/www.reconoce.mx\/#organization\",\"name\":\"Reconoce MX\",\"url\":\"http:\/\/www.reconoce.mx\/\",\"logo\":{\"@type\":\"ImageObject\",\"inLanguage\":\"es\",\"@id\":\"http:\/\/www.reconoce.mx\/#\/schema\/logo\/image\/\",\"url\":\"https:\/\/www.reconoce.mx\/wp-content\/uploads\/2019\/03\/logorcmx-good-1.png\",\"contentUrl\":\"https:\/\/www.reconoce.mx\/wp-content\/uploads\/2019\/03\/logorcmx-good-1.png\",\"width\":280,\"height\":90,\"caption\":\"Reconoce MX\"},\"image\":{\"@id\":\"http:\/\/www.reconoce.mx\/#\/schema\/logo\/image\/\"},\"sameAs\":[\"https:\/\/es-la.facebook.com\/ReconoceMX\/\",\"https:\/\/x.com\/reconocemx\",\"http:\/\/@reconocemx\"]},{\"@type\":\"Person\",\"@id\":\"http:\/\/www.reconoce.mx\/#\/schema\/person\/2117e997d7051dc15d6880eaf9bca0b2\",\"name\":\"Reconoce MX\",\"image\":{\"@type\":\"ImageObject\",\"inLanguage\":\"es\",\"@id\":\"http:\/\/www.reconoce.mx\/#\/schema\/person\/image\/\",\"url\":\"https:\/\/secure.gravatar.com\/avatar\/6c8d4dc7569ca1c90c5fdcc349f839d5ddef6fe1e70b4337ead2ef1a4c43fc3a?s=96&d=identicon&r=g\",\"contentUrl\":\"https:\/\/secure.gravatar.com\/avatar\/6c8d4dc7569ca1c90c5fdcc349f839d5ddef6fe1e70b4337ead2ef1a4c43fc3a?s=96&d=identicon&r=g\",\"caption\":\"Reconoce MX\"},\"description\":\"Reconoce MX es un proyecto de difusi\u00f3n art\u00edstica, cultural y de conciencia social que est\u00e1 enfocado a difundir y fomentar el entretenimiento alternativo de calidad para todo el p\u00fablico que comparta el mismo entusiasmo.\",\"sameAs\":[\"http:\/\/www.reconoce.mx\"],\"url\":\"http:\/\/www.reconoce.mx\/?author=2\"}]}<\/script>\n<!-- \/ Yoast SEO plugin. -->","yoast_head_json":{"title":"#5RolasParaLaSemana del 18 al 22 de septiembre &#171; Reconoce MX","robots":{"index":"index","follow":"follow","max-snippet":"max-snippet:-1","max-image-preview":"max-image-preview:large","max-video-preview":"max-video-preview:-1"},"canonical":"https:\/\/www.reconoce.mx\/?p=65694","og_locale":"es_ES","og_type":"article","og_title":"#5RolasParaLaSemana del 18 al 22 de septiembre &#171; Reconoce MX","og_description":"Lunes, lunes de las #5RolasParaLaSemana. Ya lo saben, las #5RolasParaLaSemana son este breve y conciso tracklist en el que me permito compartir con ustedes las novedades musicales de la escena nacional que semanalmente se dan a conocer.","og_url":"https:\/\/www.reconoce.mx\/?p=65694","og_site_name":"Reconoce MX","article_publisher":"https:\/\/es-la.facebook.com\/ReconoceMX\/","article_published_time":"2017-09-18T05:03:45+00:00","article_modified_time":"2017-09-18T19:43:34+00:00","og_image":[{"width":590,"height":380,"url":"https:\/\/www.reconoce.mx\/wp-content\/uploads\/2016\/09\/5RolasParaLaSemana-cover.png","type":"image\/png"}],"author":"Reconoce MX","twitter_card":"summary_large_image","twitter_creator":"@reconocemx","twitter_site":"@reconocemx","twitter_misc":{"Escrito por":"Reconoce MX","Tiempo de lectura":"6 minutos"},"schema":{"@context":"https:\/\/schema.org","@graph":[{"@type":"Article","@id":"https:\/\/www.reconoce.mx\/?p=65694#article","isPartOf":{"@id":"https:\/\/www.reconoce.mx\/?p=65694"},"author":{"name":"Reconoce MX","@id":"http:\/\/www.reconoce.mx\/#\/schema\/person\/2117e997d7051dc15d6880eaf9bca0b2"},"headline":"#5RolasParaLaSemana del 18 al 22 de septiembre","datePublished":"2017-09-18T05:03:45+00:00","dateModified":"2017-09-18T19:43:34+00:00","mainEntityOfPage":{"@id":"https:\/\/www.reconoce.mx\/?p=65694"},"wordCount":1272,"commentCount":0,"publisher":{"@id":"http:\/\/www.reconoce.mx\/#organization"},"image":{"@id":"https:\/\/www.reconoce.mx\/?p=65694#primaryimage"},"thumbnailUrl":"http:\/\/www.reconoce.mx\/wp-content\/uploads\/2016\/09\/5RolasParaLaSemana-cover.png","articleSection":["#5RolasParaLaSemana","Cultura","M\u00fasica","Principal"],"inLanguage":"es","potentialAction":[{"@type":"CommentAction","name":"Comment","target":["https:\/\/www.reconoce.mx\/?p=65694#respond"]}]},{"@type":"WebPage","@id":"https:\/\/www.reconoce.mx\/?p=65694","url":"https:\/\/www.reconoce.mx\/?p=65694","name":"#5RolasParaLaSemana del 18 al 22 de septiembre &#171; Reconoce MX","isPartOf":{"@id":"http:\/\/www.reconoce.mx\/#website"},"primaryImageOfPage":{"@id":"https:\/\/www.reconoce.mx\/?p=65694#primaryimage"},"image":{"@id":"https:\/\/www.reconoce.mx\/?p=65694#primaryimage"},"thumbnailUrl":"http:\/\/www.reconoce.mx\/wp-content\/uploads\/2016\/09\/5RolasParaLaSemana-cover.png","datePublished":"2017-09-18T05:03:45+00:00","dateModified":"2017-09-18T19:43:34+00:00","breadcrumb":{"@id":"https:\/\/www.reconoce.mx\/?p=65694#breadcrumb"},"inLanguage":"es","potentialAction":[{"@type":"ReadAction","target":["https:\/\/www.reconoce.mx\/?p=65694"]}]},{"@type":"ImageObject","inLanguage":"es","@id":"https:\/\/www.reconoce.mx\/?p=65694#primaryimage","url":"http:\/\/www.reconoce.mx\/wp-content\/uploads\/2016\/09\/5RolasParaLaSemana-cover.png","contentUrl":"http:\/\/www.reconoce.mx\/wp-content\/uploads\/2016\/09\/5RolasParaLaSemana-cover.png","width":590,"height":380},{"@type":"BreadcrumbList","@id":"https:\/\/www.reconoce.mx\/?p=65694#breadcrumb","itemListElement":[{"@type":"ListItem","position":1,"name":"Portada","item":"http:\/\/www.reconoce.mx\/"},{"@type":"ListItem","position":2,"name":"#5RolasParaLaSemana del 18 al 22 de septiembre"}]},{"@type":"WebSite","@id":"http:\/\/www.reconoce.mx\/#website","url":"http:\/\/www.reconoce.mx\/","name":"Reconoce MX","description":"En Reconoce MX difundimos arte, cultura y conciencia social en M\u00e9xico. Tu ciudad en otra perspectiva.","publisher":{"@id":"http:\/\/www.reconoce.mx\/#organization"},"potentialAction":[{"@type":"SearchAction","target":{"@type":"EntryPoint","urlTemplate":"http:\/\/www.reconoce.mx\/?s={search_term_string}"},"query-input":{"@type":"PropertyValueSpecification","valueRequired":true,"valueName":"search_term_string"}}],"inLanguage":"es"},{"@type":"Organization","@id":"http:\/\/www.reconoce.mx\/#organization","name":"Reconoce MX","url":"http:\/\/www.reconoce.mx\/","logo":{"@type":"ImageObject","inLanguage":"es","@id":"http:\/\/www.reconoce.mx\/#\/schema\/logo\/image\/","url":"https:\/\/www.reconoce.mx\/wp-content\/uploads\/2019\/03\/logorcmx-good-1.png","contentUrl":"https:\/\/www.reconoce.mx\/wp-content\/uploads\/2019\/03\/logorcmx-good-1.png","width":280,"height":90,"caption":"Reconoce MX"},"image":{"@id":"http:\/\/www.reconoce.mx\/#\/schema\/logo\/image\/"},"sameAs":["https:\/\/es-la.facebook.com\/ReconoceMX\/","https:\/\/x.com\/reconocemx","http:\/\/@reconocemx"]},{"@type":"Person","@id":"http:\/\/www.reconoce.mx\/#\/schema\/person\/2117e997d7051dc15d6880eaf9bca0b2","name":"Reconoce MX","image":{"@type":"ImageObject","inLanguage":"es","@id":"http:\/\/www.reconoce.mx\/#\/schema\/person\/image\/","url":"https:\/\/secure.gravatar.com\/avatar\/6c8d4dc7569ca1c90c5fdcc349f839d5ddef6fe1e70b4337ead2ef1a4c43fc3a?s=96&d=identicon&r=g","contentUrl":"https:\/\/secure.gravatar.com\/avatar\/6c8d4dc7569ca1c90c5fdcc349f839d5ddef6fe1e70b4337ead2ef1a4c43fc3a?s=96&d=identicon&r=g","caption":"Reconoce MX"},"description":"Reconoce MX es un proyecto de difusi\u00f3n art\u00edstica, cultural y de conciencia social que est\u00e1 enfocado a difundir y fomentar el entretenimiento alternativo de calidad para todo el p\u00fablico que comparta el mismo entusiasmo.","sameAs":["http:\/\/www.reconoce.mx"],"url":"http:\/\/www.reconoce.mx\/?author=2"}]}},"_links":{"self":[{"href":"http:\/\/www.reconoce.mx\/index.php?rest_route=\/wp\/v2\/posts\/65694","targetHints":{"allow":["GET"]}}],"collection":[{"href":"http:\/\/www.reconoce.mx\/index.php?rest_route=\/wp\/v2\/posts"}],"about":[{"href":"http:\/\/www.reconoce.mx\/index.php?rest_route=\/wp\/v2\/types\/post"}],"author":[{"embeddable":true,"href":"http:\/\/www.reconoce.mx\/index.php?rest_route=\/wp\/v2\/users\/2"}],"replies":[{"embeddable":true,"href":"http:\/\/www.reconoce.mx\/index.php?rest_route=%2Fwp%2Fv2%2Fcomments&post=65694"}],"version-history":[{"count":12,"href":"http:\/\/www.reconoce.mx\/index.php?rest_route=\/wp\/v2\/posts\/65694\/revisions"}],"predecessor-version":[{"id":65735,"href":"http:\/\/www.reconoce.mx\/index.php?rest_route=\/wp\/v2\/posts\/65694\/revisions\/65735"}],"wp:featuredmedia":[{"embeddable":true,"href":"http:\/\/www.reconoce.mx\/index.php?rest_route=\/wp\/v2\/media\/52739"}],"wp:attachment":[{"href":"http:\/\/www.reconoce.mx\/index.php?rest_route=%2Fwp%2Fv2%2Fmedia&parent=65694"}],"wp:term":[{"taxonomy":"category","embeddable":true,"href":"http:\/\/www.reconoce.mx\/index.php?rest_route=%2Fwp%2Fv2%2Fcategories&post=65694"},{"taxonomy":"post_tag","embeddable":true,"href":"http:\/\/www.reconoce.mx\/index.php?rest_route=%2Fwp%2Fv2%2Ftags&post=65694"}],"curies":[{"name":"wp","href":"https:\/\/api.w.org\/{rel}","templated":true}]}}