{"id":65708,"date":"2017-09-18T00:01:16","date_gmt":"2017-09-18T05:01:16","guid":{"rendered":"http:\/\/www.reconoce.mx\/?p=65708"},"modified":"2017-09-17T23:43:08","modified_gmt":"2017-09-18T04:43:08","slug":"camilo-vii-presentara-oleos-en-el-metropolitan","status":"publish","type":"post","link":"http:\/\/www.reconoce.mx\/?p=65708","title":{"rendered":"Camilo VII presentar\u00e1 \u00ab\u00d3leos\u00bb en el Metrop\u00f3litan"},"content":{"rendered":"<p><strong>Por <a href=\"https:\/\/twitter.com\/FerCastro_12\" target=\"_blank\" rel=\"noopener\">Fernanda Castro<\/a><\/strong>.<\/p>\n<p>La banda <strong>Camilo VII<\/strong> se presentar\u00e1 en el <strong>Teatro Metrop\u00f3litan<\/strong> los d\u00edas 29 y 30 de noviembre de este a\u00f1o.<\/p>\n<p><a href=\"http:\/\/www.reconoce.mx\/wp-content\/uploads\/2017\/09\/Flyer-Camilo-Septimo-segunda-fecha.jpg\"><img loading=\"lazy\" decoding=\"async\" class=\"aligncenter size-full wp-image-65711\" src=\"http:\/\/www.reconoce.mx\/wp-content\/uploads\/2017\/09\/Flyer-Camilo-Septimo-segunda-fecha.jpg\" alt=\"\" width=\"786\" height=\"1234\" srcset=\"http:\/\/www.reconoce.mx\/wp-content\/uploads\/2017\/09\/Flyer-Camilo-Septimo-segunda-fecha.jpg 786w, http:\/\/www.reconoce.mx\/wp-content\/uploads\/2017\/09\/Flyer-Camilo-Septimo-segunda-fecha-191x300.jpg 191w, http:\/\/www.reconoce.mx\/wp-content\/uploads\/2017\/09\/Flyer-Camilo-Septimo-segunda-fecha-768x1206.jpg 768w, http:\/\/www.reconoce.mx\/wp-content\/uploads\/2017\/09\/Flyer-Camilo-Septimo-segunda-fecha-652x1024.jpg 652w, http:\/\/www.reconoce.mx\/wp-content\/uploads\/2017\/09\/Flyer-Camilo-Septimo-segunda-fecha-150x235.jpg 150w, http:\/\/www.reconoce.mx\/wp-content\/uploads\/2017\/09\/Flyer-Camilo-Septimo-segunda-fecha-700x1099.jpg 700w, http:\/\/www.reconoce.mx\/wp-content\/uploads\/2017\/09\/Flyer-Camilo-Septimo-segunda-fecha-658x1033.jpg 658w, http:\/\/www.reconoce.mx\/wp-content\/uploads\/2017\/09\/Flyer-Camilo-Septimo-segunda-fecha-300x471.jpg 300w\" sizes=\"auto, (max-width: 786px) 100vw, 786px\" \/><\/a><\/p>\n<p>En conferencia de prensa la banda nos coment\u00f3 que este nuevo \u00e1lbum titulado \u00ab\u00d3leos\u00bb presenta a una banda m\u00e1s madura musicalmente que busca evolucionar sin perder su escencia.<\/p>\n<p>Las nuevas canciones buscan mandar energ\u00eda positiva, contando historias nuevas y llen\u00e1ndolos de nuevos ritmos, sin perder el toque aut\u00e9ntico que los caracteriza.<\/p>\n<p>El productoe de este disco es <strong>Mario Miranda<\/strong>, manager de la banda <strong>Patterns<\/strong>, quienes abrir\u00e1n su concierto el d\u00eda 30 de noviembre. Al trabajar con \u00e9l aprendieron mucho y comentan que llegaron incluso a terminar algunas maquetas en Costa Rica, donde grabaron el disco y donde todo este proceso fue muy org\u00e1nico.<\/p>\n<p><a href=\"http:\/\/www.reconoce.mx\/wp-content\/uploads\/2017\/09\/21764032_10214247820008096_774718368_o.jpg\"><img loading=\"lazy\" decoding=\"async\" class=\"aligncenter size-full wp-image-65709\" src=\"http:\/\/www.reconoce.mx\/wp-content\/uploads\/2017\/09\/21764032_10214247820008096_774718368_o.jpg\" alt=\"\" width=\"1334\" height=\"1000\" srcset=\"http:\/\/www.reconoce.mx\/wp-content\/uploads\/2017\/09\/21764032_10214247820008096_774718368_o.jpg 1334w, http:\/\/www.reconoce.mx\/wp-content\/uploads\/2017\/09\/21764032_10214247820008096_774718368_o-300x225.jpg 300w, http:\/\/www.reconoce.mx\/wp-content\/uploads\/2017\/09\/21764032_10214247820008096_774718368_o-768x576.jpg 768w, http:\/\/www.reconoce.mx\/wp-content\/uploads\/2017\/09\/21764032_10214247820008096_774718368_o-1024x768.jpg 1024w, http:\/\/www.reconoce.mx\/wp-content\/uploads\/2017\/09\/21764032_10214247820008096_774718368_o-150x112.jpg 150w, http:\/\/www.reconoce.mx\/wp-content\/uploads\/2017\/09\/21764032_10214247820008096_774718368_o-700x525.jpg 700w, http:\/\/www.reconoce.mx\/wp-content\/uploads\/2017\/09\/21764032_10214247820008096_774718368_o-658x493.jpg 658w\" sizes=\"auto, (max-width: 1334px) 100vw, 1334px\" \/><\/a><\/p>\n<p>Hablaron tambi\u00e9n de la excelente respuesta que han tenido del p\u00fablico, y c\u00f3mo las plataformas digitales les han ayudado a conectar con nuevos oyentes, as\u00ed como a estar en contacto con sus fans y a que muchas personas conozcan su m\u00fasica.<\/p>\n<p>Hace unos meses estuvieron en Colombia con la banda Telebit de aquel pa\u00eds, donde compartieron escenario para la presentaci\u00f3n de su tercer disco. Tambi\u00e9n planean presentarse en otros pa\u00edses como Argentina y Chile.<\/p>\n<p>Al ser una banda joven, los<strong> Camilo VII<\/strong> se han presentado en grandes festivales como el <strong>Preludio<\/strong> y <strong>Bahidor\u00e1<\/strong>, entre otros, as\u00ed como en distintos escenarios tales como <strong>El Plaza Condesa<\/strong> y <strong>Foro Indie Rocks!<\/strong>. Actualmente se encuentran en la gira de la 5\u00aa etapa del <strong>Circuito Indio<\/strong>.<\/p>\n<p>Una recomendaci\u00f3n que dieron a bandas emergentes, es dedicarse al 100% si\u00a0 buscan establecerse en el medio, as\u00ed como rodearse de gente profesional<\/p>\n<p>Agradecieron a sus fans por su apoyo ya que no esperaban el \u00e9xito que tienen ahora y se sienten nerviosos por la nueva fecha que se abre, ya que los boletos est\u00e1n agotados y buscan satisfacer las expectativas de su p\u00fablico.<\/p>\n<p>Como dato curioso su nombre de debe a que bromeando un amigo les dijo al separarse su banda anterior que mejor cantaran canciones de Camilo Sesto. Ahora son <strong>Camilo VII<\/strong>.<\/p>\n<p>En el <strong>Teatro Metrop\u00f3litan<\/strong>, donde tocar\u00e1n 29 y 30 de noviembre, se espera un gran espect\u00e1culo con invitados sorpresa en las dos fechas. No se lo pierdan. Boletos para la segunda fecha a la venta en taquillas del inmueble y a trav\u00e9s del <a href=\"http:\/\/www.ticketmaster.com.mx\/camilo-septimo-mexico-distrito-federal-30-11-2017\/event\/140052B3C3EF44F1?artistid=2067611&amp;majorcatid=10001&amp;minorcatid=826\" target=\"_blank\" rel=\"noopener\">Sistema Ticketmaster<\/a>.<\/p>\n<p style=\"text-align: right;\">Fotos: <strong>Fernanda Castro<\/strong> \/ <span style=\"color: #a81f25;\"><strong>Reconoce MX<\/strong><\/span>.<\/p>\n<p>&nbsp;<\/p>\n<p>&nbsp;<\/p>\n","protected":false},"excerpt":{"rendered":"<p>La banda Camilo VII se presentar\u00e1 en el Teatro Metrop\u00f3litan los d\u00edas 29 y 30 de noviembre de este a\u00f1o.<\/p>\n","protected":false},"author":2,"featured_media":65710,"comment_status":"open","ping_status":"open","sticky":false,"template":"","format":"standard","meta":{"footnotes":""},"categories":[1,18,17],"tags":[],"class_list":["post-65708","post","type-post","status-publish","format-standard","has-post-thumbnail","hentry","category-cultura","category-musica","category-principal"],"yoast_head":"<!-- This site is optimized with the Yoast SEO plugin v24.7 - https:\/\/yoast.com\/wordpress\/plugins\/seo\/ -->\n<title>Camilo VII presentar\u00e1 &quot;\u00d3leos&quot; en el Metrop\u00f3litan &#171; Reconoce MX<\/title>\n<meta name=\"robots\" content=\"index, follow, max-snippet:-1, max-image-preview:large, max-video-preview:-1\" \/>\n<link rel=\"canonical\" href=\"https:\/\/www.reconoce.mx\/?p=65708\" \/>\n<meta property=\"og:locale\" content=\"es_ES\" \/>\n<meta property=\"og:type\" content=\"article\" \/>\n<meta property=\"og:title\" content=\"Camilo VII presentar\u00e1 &quot;\u00d3leos&quot; en el Metrop\u00f3litan &#171; Reconoce MX\" \/>\n<meta property=\"og:description\" content=\"La banda Camilo VII se presentar\u00e1 en el Teatro Metrop\u00f3litan los d\u00edas 29 y 30 de noviembre de este a\u00f1o.\" \/>\n<meta property=\"og:url\" content=\"https:\/\/www.reconoce.mx\/?p=65708\" \/>\n<meta property=\"og:site_name\" content=\"Reconoce MX\" \/>\n<meta property=\"article:publisher\" content=\"https:\/\/es-la.facebook.com\/ReconoceMX\/\" \/>\n<meta property=\"article:published_time\" content=\"2017-09-18T05:01:16+00:00\" \/>\n<meta property=\"og:image\" content=\"https:\/\/www.reconoce.mx\/wp-content\/uploads\/2017\/09\/camilo-septimo.png\" \/>\n\t<meta property=\"og:image:width\" content=\"590\" \/>\n\t<meta property=\"og:image:height\" content=\"380\" \/>\n\t<meta property=\"og:image:type\" content=\"image\/png\" \/>\n<meta name=\"author\" content=\"Reconoce MX\" \/>\n<meta name=\"twitter:card\" content=\"summary_large_image\" \/>\n<meta name=\"twitter:creator\" content=\"@reconocemx\" \/>\n<meta name=\"twitter:site\" content=\"@reconocemx\" \/>\n<meta name=\"twitter:label1\" content=\"Escrito por\" \/>\n\t<meta name=\"twitter:data1\" content=\"Reconoce MX\" \/>\n\t<meta name=\"twitter:label2\" content=\"Tiempo de lectura\" \/>\n\t<meta name=\"twitter:data2\" content=\"2 minutos\" \/>\n<script type=\"application\/ld+json\" class=\"yoast-schema-graph\">{\"@context\":\"https:\/\/schema.org\",\"@graph\":[{\"@type\":\"Article\",\"@id\":\"https:\/\/www.reconoce.mx\/?p=65708#article\",\"isPartOf\":{\"@id\":\"https:\/\/www.reconoce.mx\/?p=65708\"},\"author\":{\"name\":\"Reconoce MX\",\"@id\":\"http:\/\/www.reconoce.mx\/#\/schema\/person\/2117e997d7051dc15d6880eaf9bca0b2\"},\"headline\":\"Camilo VII presentar\u00e1 \u00ab\u00d3leos\u00bb en el Metrop\u00f3litan\",\"datePublished\":\"2017-09-18T05:01:16+00:00\",\"mainEntityOfPage\":{\"@id\":\"https:\/\/www.reconoce.mx\/?p=65708\"},\"wordCount\":420,\"commentCount\":0,\"publisher\":{\"@id\":\"http:\/\/www.reconoce.mx\/#organization\"},\"image\":{\"@id\":\"https:\/\/www.reconoce.mx\/?p=65708#primaryimage\"},\"thumbnailUrl\":\"http:\/\/www.reconoce.mx\/wp-content\/uploads\/2017\/09\/camilo-septimo.png\",\"articleSection\":[\"Cultura\",\"M\u00fasica\",\"Principal\"],\"inLanguage\":\"es\",\"potentialAction\":[{\"@type\":\"CommentAction\",\"name\":\"Comment\",\"target\":[\"https:\/\/www.reconoce.mx\/?p=65708#respond\"]}]},{\"@type\":\"WebPage\",\"@id\":\"https:\/\/www.reconoce.mx\/?p=65708\",\"url\":\"https:\/\/www.reconoce.mx\/?p=65708\",\"name\":\"Camilo VII presentar\u00e1 \\\"\u00d3leos\\\" en el Metrop\u00f3litan &#171; Reconoce MX\",\"isPartOf\":{\"@id\":\"http:\/\/www.reconoce.mx\/#website\"},\"primaryImageOfPage\":{\"@id\":\"https:\/\/www.reconoce.mx\/?p=65708#primaryimage\"},\"image\":{\"@id\":\"https:\/\/www.reconoce.mx\/?p=65708#primaryimage\"},\"thumbnailUrl\":\"http:\/\/www.reconoce.mx\/wp-content\/uploads\/2017\/09\/camilo-septimo.png\",\"datePublished\":\"2017-09-18T05:01:16+00:00\",\"breadcrumb\":{\"@id\":\"https:\/\/www.reconoce.mx\/?p=65708#breadcrumb\"},\"inLanguage\":\"es\",\"potentialAction\":[{\"@type\":\"ReadAction\",\"target\":[\"https:\/\/www.reconoce.mx\/?p=65708\"]}]},{\"@type\":\"ImageObject\",\"inLanguage\":\"es\",\"@id\":\"https:\/\/www.reconoce.mx\/?p=65708#primaryimage\",\"url\":\"http:\/\/www.reconoce.mx\/wp-content\/uploads\/2017\/09\/camilo-septimo.png\",\"contentUrl\":\"http:\/\/www.reconoce.mx\/wp-content\/uploads\/2017\/09\/camilo-septimo.png\",\"width\":590,\"height\":380},{\"@type\":\"BreadcrumbList\",\"@id\":\"https:\/\/www.reconoce.mx\/?p=65708#breadcrumb\",\"itemListElement\":[{\"@type\":\"ListItem\",\"position\":1,\"name\":\"Portada\",\"item\":\"http:\/\/www.reconoce.mx\/\"},{\"@type\":\"ListItem\",\"position\":2,\"name\":\"Camilo VII presentar\u00e1 \u00ab\u00d3leos\u00bb en el Metrop\u00f3litan\"}]},{\"@type\":\"WebSite\",\"@id\":\"http:\/\/www.reconoce.mx\/#website\",\"url\":\"http:\/\/www.reconoce.mx\/\",\"name\":\"Reconoce MX\",\"description\":\"En Reconoce MX difundimos arte, cultura y conciencia social en M\u00e9xico. Tu ciudad en otra perspectiva.\",\"publisher\":{\"@id\":\"http:\/\/www.reconoce.mx\/#organization\"},\"potentialAction\":[{\"@type\":\"SearchAction\",\"target\":{\"@type\":\"EntryPoint\",\"urlTemplate\":\"http:\/\/www.reconoce.mx\/?s={search_term_string}\"},\"query-input\":{\"@type\":\"PropertyValueSpecification\",\"valueRequired\":true,\"valueName\":\"search_term_string\"}}],\"inLanguage\":\"es\"},{\"@type\":\"Organization\",\"@id\":\"http:\/\/www.reconoce.mx\/#organization\",\"name\":\"Reconoce MX\",\"url\":\"http:\/\/www.reconoce.mx\/\",\"logo\":{\"@type\":\"ImageObject\",\"inLanguage\":\"es\",\"@id\":\"http:\/\/www.reconoce.mx\/#\/schema\/logo\/image\/\",\"url\":\"https:\/\/www.reconoce.mx\/wp-content\/uploads\/2019\/03\/logorcmx-good-1.png\",\"contentUrl\":\"https:\/\/www.reconoce.mx\/wp-content\/uploads\/2019\/03\/logorcmx-good-1.png\",\"width\":280,\"height\":90,\"caption\":\"Reconoce MX\"},\"image\":{\"@id\":\"http:\/\/www.reconoce.mx\/#\/schema\/logo\/image\/\"},\"sameAs\":[\"https:\/\/es-la.facebook.com\/ReconoceMX\/\",\"https:\/\/x.com\/reconocemx\",\"http:\/\/@reconocemx\"]},{\"@type\":\"Person\",\"@id\":\"http:\/\/www.reconoce.mx\/#\/schema\/person\/2117e997d7051dc15d6880eaf9bca0b2\",\"name\":\"Reconoce MX\",\"image\":{\"@type\":\"ImageObject\",\"inLanguage\":\"es\",\"@id\":\"http:\/\/www.reconoce.mx\/#\/schema\/person\/image\/\",\"url\":\"https:\/\/secure.gravatar.com\/avatar\/6c8d4dc7569ca1c90c5fdcc349f839d5ddef6fe1e70b4337ead2ef1a4c43fc3a?s=96&d=identicon&r=g\",\"contentUrl\":\"https:\/\/secure.gravatar.com\/avatar\/6c8d4dc7569ca1c90c5fdcc349f839d5ddef6fe1e70b4337ead2ef1a4c43fc3a?s=96&d=identicon&r=g\",\"caption\":\"Reconoce MX\"},\"description\":\"Reconoce MX es un proyecto de difusi\u00f3n art\u00edstica, cultural y de conciencia social que est\u00e1 enfocado a difundir y fomentar el entretenimiento alternativo de calidad para todo el p\u00fablico que comparta el mismo entusiasmo.\",\"sameAs\":[\"http:\/\/www.reconoce.mx\"],\"url\":\"http:\/\/www.reconoce.mx\/?author=2\"}]}<\/script>\n<!-- \/ Yoast SEO plugin. -->","yoast_head_json":{"title":"Camilo VII presentar\u00e1 \"\u00d3leos\" en el Metrop\u00f3litan &#171; Reconoce MX","robots":{"index":"index","follow":"follow","max-snippet":"max-snippet:-1","max-image-preview":"max-image-preview:large","max-video-preview":"max-video-preview:-1"},"canonical":"https:\/\/www.reconoce.mx\/?p=65708","og_locale":"es_ES","og_type":"article","og_title":"Camilo VII presentar\u00e1 \"\u00d3leos\" en el Metrop\u00f3litan &#171; Reconoce MX","og_description":"La banda Camilo VII se presentar\u00e1 en el Teatro Metrop\u00f3litan los d\u00edas 29 y 30 de noviembre de este a\u00f1o.","og_url":"https:\/\/www.reconoce.mx\/?p=65708","og_site_name":"Reconoce MX","article_publisher":"https:\/\/es-la.facebook.com\/ReconoceMX\/","article_published_time":"2017-09-18T05:01:16+00:00","og_image":[{"width":590,"height":380,"url":"https:\/\/www.reconoce.mx\/wp-content\/uploads\/2017\/09\/camilo-septimo.png","type":"image\/png"}],"author":"Reconoce MX","twitter_card":"summary_large_image","twitter_creator":"@reconocemx","twitter_site":"@reconocemx","twitter_misc":{"Escrito por":"Reconoce MX","Tiempo de lectura":"2 minutos"},"schema":{"@context":"https:\/\/schema.org","@graph":[{"@type":"Article","@id":"https:\/\/www.reconoce.mx\/?p=65708#article","isPartOf":{"@id":"https:\/\/www.reconoce.mx\/?p=65708"},"author":{"name":"Reconoce MX","@id":"http:\/\/www.reconoce.mx\/#\/schema\/person\/2117e997d7051dc15d6880eaf9bca0b2"},"headline":"Camilo VII presentar\u00e1 \u00ab\u00d3leos\u00bb en el Metrop\u00f3litan","datePublished":"2017-09-18T05:01:16+00:00","mainEntityOfPage":{"@id":"https:\/\/www.reconoce.mx\/?p=65708"},"wordCount":420,"commentCount":0,"publisher":{"@id":"http:\/\/www.reconoce.mx\/#organization"},"image":{"@id":"https:\/\/www.reconoce.mx\/?p=65708#primaryimage"},"thumbnailUrl":"http:\/\/www.reconoce.mx\/wp-content\/uploads\/2017\/09\/camilo-septimo.png","articleSection":["Cultura","M\u00fasica","Principal"],"inLanguage":"es","potentialAction":[{"@type":"CommentAction","name":"Comment","target":["https:\/\/www.reconoce.mx\/?p=65708#respond"]}]},{"@type":"WebPage","@id":"https:\/\/www.reconoce.mx\/?p=65708","url":"https:\/\/www.reconoce.mx\/?p=65708","name":"Camilo VII presentar\u00e1 \"\u00d3leos\" en el Metrop\u00f3litan &#171; Reconoce MX","isPartOf":{"@id":"http:\/\/www.reconoce.mx\/#website"},"primaryImageOfPage":{"@id":"https:\/\/www.reconoce.mx\/?p=65708#primaryimage"},"image":{"@id":"https:\/\/www.reconoce.mx\/?p=65708#primaryimage"},"thumbnailUrl":"http:\/\/www.reconoce.mx\/wp-content\/uploads\/2017\/09\/camilo-septimo.png","datePublished":"2017-09-18T05:01:16+00:00","breadcrumb":{"@id":"https:\/\/www.reconoce.mx\/?p=65708#breadcrumb"},"inLanguage":"es","potentialAction":[{"@type":"ReadAction","target":["https:\/\/www.reconoce.mx\/?p=65708"]}]},{"@type":"ImageObject","inLanguage":"es","@id":"https:\/\/www.reconoce.mx\/?p=65708#primaryimage","url":"http:\/\/www.reconoce.mx\/wp-content\/uploads\/2017\/09\/camilo-septimo.png","contentUrl":"http:\/\/www.reconoce.mx\/wp-content\/uploads\/2017\/09\/camilo-septimo.png","width":590,"height":380},{"@type":"BreadcrumbList","@id":"https:\/\/www.reconoce.mx\/?p=65708#breadcrumb","itemListElement":[{"@type":"ListItem","position":1,"name":"Portada","item":"http:\/\/www.reconoce.mx\/"},{"@type":"ListItem","position":2,"name":"Camilo VII presentar\u00e1 \u00ab\u00d3leos\u00bb en el Metrop\u00f3litan"}]},{"@type":"WebSite","@id":"http:\/\/www.reconoce.mx\/#website","url":"http:\/\/www.reconoce.mx\/","name":"Reconoce MX","description":"En Reconoce MX difundimos arte, cultura y conciencia social en M\u00e9xico. Tu ciudad en otra perspectiva.","publisher":{"@id":"http:\/\/www.reconoce.mx\/#organization"},"potentialAction":[{"@type":"SearchAction","target":{"@type":"EntryPoint","urlTemplate":"http:\/\/www.reconoce.mx\/?s={search_term_string}"},"query-input":{"@type":"PropertyValueSpecification","valueRequired":true,"valueName":"search_term_string"}}],"inLanguage":"es"},{"@type":"Organization","@id":"http:\/\/www.reconoce.mx\/#organization","name":"Reconoce MX","url":"http:\/\/www.reconoce.mx\/","logo":{"@type":"ImageObject","inLanguage":"es","@id":"http:\/\/www.reconoce.mx\/#\/schema\/logo\/image\/","url":"https:\/\/www.reconoce.mx\/wp-content\/uploads\/2019\/03\/logorcmx-good-1.png","contentUrl":"https:\/\/www.reconoce.mx\/wp-content\/uploads\/2019\/03\/logorcmx-good-1.png","width":280,"height":90,"caption":"Reconoce MX"},"image":{"@id":"http:\/\/www.reconoce.mx\/#\/schema\/logo\/image\/"},"sameAs":["https:\/\/es-la.facebook.com\/ReconoceMX\/","https:\/\/x.com\/reconocemx","http:\/\/@reconocemx"]},{"@type":"Person","@id":"http:\/\/www.reconoce.mx\/#\/schema\/person\/2117e997d7051dc15d6880eaf9bca0b2","name":"Reconoce MX","image":{"@type":"ImageObject","inLanguage":"es","@id":"http:\/\/www.reconoce.mx\/#\/schema\/person\/image\/","url":"https:\/\/secure.gravatar.com\/avatar\/6c8d4dc7569ca1c90c5fdcc349f839d5ddef6fe1e70b4337ead2ef1a4c43fc3a?s=96&d=identicon&r=g","contentUrl":"https:\/\/secure.gravatar.com\/avatar\/6c8d4dc7569ca1c90c5fdcc349f839d5ddef6fe1e70b4337ead2ef1a4c43fc3a?s=96&d=identicon&r=g","caption":"Reconoce MX"},"description":"Reconoce MX es un proyecto de difusi\u00f3n art\u00edstica, cultural y de conciencia social que est\u00e1 enfocado a difundir y fomentar el entretenimiento alternativo de calidad para todo el p\u00fablico que comparta el mismo entusiasmo.","sameAs":["http:\/\/www.reconoce.mx"],"url":"http:\/\/www.reconoce.mx\/?author=2"}]}},"_links":{"self":[{"href":"http:\/\/www.reconoce.mx\/index.php?rest_route=\/wp\/v2\/posts\/65708","targetHints":{"allow":["GET"]}}],"collection":[{"href":"http:\/\/www.reconoce.mx\/index.php?rest_route=\/wp\/v2\/posts"}],"about":[{"href":"http:\/\/www.reconoce.mx\/index.php?rest_route=\/wp\/v2\/types\/post"}],"author":[{"embeddable":true,"href":"http:\/\/www.reconoce.mx\/index.php?rest_route=\/wp\/v2\/users\/2"}],"replies":[{"embeddable":true,"href":"http:\/\/www.reconoce.mx\/index.php?rest_route=%2Fwp%2Fv2%2Fcomments&post=65708"}],"version-history":[{"count":4,"href":"http:\/\/www.reconoce.mx\/index.php?rest_route=\/wp\/v2\/posts\/65708\/revisions"}],"predecessor-version":[{"id":65715,"href":"http:\/\/www.reconoce.mx\/index.php?rest_route=\/wp\/v2\/posts\/65708\/revisions\/65715"}],"wp:featuredmedia":[{"embeddable":true,"href":"http:\/\/www.reconoce.mx\/index.php?rest_route=\/wp\/v2\/media\/65710"}],"wp:attachment":[{"href":"http:\/\/www.reconoce.mx\/index.php?rest_route=%2Fwp%2Fv2%2Fmedia&parent=65708"}],"wp:term":[{"taxonomy":"category","embeddable":true,"href":"http:\/\/www.reconoce.mx\/index.php?rest_route=%2Fwp%2Fv2%2Fcategories&post=65708"},{"taxonomy":"post_tag","embeddable":true,"href":"http:\/\/www.reconoce.mx\/index.php?rest_route=%2Fwp%2Fv2%2Ftags&post=65708"}],"curies":[{"name":"wp","href":"https:\/\/api.w.org\/{rel}","templated":true}]}}