{"id":65716,"date":"2017-09-18T00:05:20","date_gmt":"2017-09-18T05:05:20","guid":{"rendered":"http:\/\/www.reconoce.mx\/?p=65716"},"modified":"2017-09-18T00:12:09","modified_gmt":"2017-09-18T05:12:09","slug":"festival-aural-una-variedad-de-actividades-para-ti","status":"publish","type":"post","link":"http:\/\/www.reconoce.mx\/?p=65716","title":{"rendered":"Festival Aural: una variedad de actividades para t\u00ed"},"content":{"rendered":"<p><strong>Por <a href=\"https:\/\/twitter.com\/alice_freckles\" target=\"_blank\" rel=\"noopener noreferrer\">Alicia \u00c1vila Monroy<\/a>.<\/strong><\/p>\n<p>El <strong>Festival Aural<\/strong> llega una vez m\u00e1s para celebrar su sexta edici\u00f3n en diferentes sedes de Ciudad de M\u00e9xico, del mi\u00e9rcoles 20 al domingo 24 de septiembre de 2017.<\/p>\n<p><a href=\"http:\/\/www.reconoce.mx\/wp-content\/uploads\/2017\/09\/unnamed.png\" target=\"_blank\" rel=\"noopener\"><img loading=\"lazy\" decoding=\"async\" class=\"aligncenter size-full wp-image-65718\" src=\"http:\/\/www.reconoce.mx\/wp-content\/uploads\/2017\/09\/unnamed.png\" alt=\"\" width=\"752\" height=\"530\" srcset=\"http:\/\/www.reconoce.mx\/wp-content\/uploads\/2017\/09\/unnamed.png 752w, http:\/\/www.reconoce.mx\/wp-content\/uploads\/2017\/09\/unnamed-300x211.png 300w, http:\/\/www.reconoce.mx\/wp-content\/uploads\/2017\/09\/unnamed-150x106.png 150w, http:\/\/www.reconoce.mx\/wp-content\/uploads\/2017\/09\/unnamed-700x493.png 700w, http:\/\/www.reconoce.mx\/wp-content\/uploads\/2017\/09\/unnamed-658x464.png 658w\" sizes=\"auto, (max-width: 752px) 100vw, 752px\" \/><\/a><\/p>\n<p>Para este festejo se tiene pensado la actuaci\u00f3n de m\u00e1s de 30 artistas tanto nacionales como internacionales, algunos -muchos- de ellos gratuitos. En mancuerna con las plataformas <strong>elnicho<\/strong> y <strong>Harmonipan<\/strong>, se planea impulsar y difundir el trabajo de cada artista que tiene preparado algo especial para que disfruten los asistentes.<\/p>\n<p>El festival de m\u00fasica experimental independiente que tom\u00f3 vida desde hace poco m\u00e1s de cinco a\u00f1os, ha logrado posicionarse con <strong>Rogelio Sosa<\/strong> al frente, reconocido por sus propuestas innovadoras en cuanto a diversas postulaciones musicales dentro del g\u00e9nero electr\u00f3nico, jazz, rock, improvisaci\u00f3n y m\u00fasica cl\u00e1sica contempor\u00e1nea. Este a\u00f1o, podremos conocer las nuevas propuestas que se eligieron para consentir al p\u00fablico.<\/p>\n<p>Asiste y descubre por qu\u00e9 el <strong>Festival Aural<\/strong> se ha convertido en uno de los m\u00e1s importantes del pa\u00eds donde M\u00e9xico recibir\u00e1 a m\u00e1s de 100 artistas listos para complacerte y consentirte con m\u00fasica que probablemente no habr\u00e1s escuchado, pero te encantar\u00e1.<\/p>\n<p><a href=\"http:\/\/www.reconoce.mx\/wp-content\/uploads\/2017\/09\/unnamed2.png\" target=\"_blank\" rel=\"noopener\"><img loading=\"lazy\" decoding=\"async\" class=\"aligncenter size-full wp-image-65719\" src=\"http:\/\/www.reconoce.mx\/wp-content\/uploads\/2017\/09\/unnamed2.png\" alt=\"\" width=\"751\" height=\"537\" srcset=\"http:\/\/www.reconoce.mx\/wp-content\/uploads\/2017\/09\/unnamed2.png 751w, http:\/\/www.reconoce.mx\/wp-content\/uploads\/2017\/09\/unnamed2-300x215.png 300w, http:\/\/www.reconoce.mx\/wp-content\/uploads\/2017\/09\/unnamed2-150x107.png 150w, http:\/\/www.reconoce.mx\/wp-content\/uploads\/2017\/09\/unnamed2-700x501.png 700w, http:\/\/www.reconoce.mx\/wp-content\/uploads\/2017\/09\/unnamed2-658x471.png 658w\" sizes=\"auto, (max-width: 751px) 100vw, 751px\" \/><\/a><\/p>\n<p>Adquiere tu <strong>Pase Aural<\/strong> con acceso a todas las actividades con costo y preferencia en los conciertos de <strong>Roscoe Mitchell &amp; Chicago Underground Duo<\/strong> (<strong>Anfiteatro Sim\u00f3n Bol\u00edvar<\/strong>), as\u00ed como para los shows que se llevar\u00e1n a cabo en el <strong>Centro Cultural Espa\u00f1a<\/strong>, a trav\u00e9s de <a href=\"https:\/\/pase-festival-aural.boletia.com\/\" target=\"_blank\" rel=\"noopener\">Boletia<\/a>.<\/p>\n<p>Si prefieres adquirir tus entradas de manera individual para <strong>Body\/Head<\/strong>, <strong>Lightning Bolt<\/strong> y <strong>(SIC)<\/strong>, hazlo a trav\u00e9s de Boletia <a href=\"https:\/\/festivalaural.boletia.com\/\" target=\"_blank\" rel=\"noopener\">d\u00e1ndole click aqu\u00ed<\/a>; y para el show de <strong>Godspeed You! Black Emperor<\/strong>, haz lo propio a trav\u00e9s del <a href=\"http:\/\/www.ticketmaster.com.mx\/festival-aural-godspeed-you-black-emperor-mexico-distrito-federal-23-09-2017\/event\/1400530B7C620DE4\" target=\"_blank\" rel=\"noopener\">Sistema Ticketmaster<\/a>.<\/p>\n<p>Conoce las actividades que el <strong>Festival Aural<\/strong> trae para ti esta semana:<\/p>\n<h1><strong>Mi\u00e9rcoles 20 de septiembre<\/strong><\/h1>\n<p><strong>Body\/Head (Kim Gordon + Bill Nace)<\/strong> (US)<br \/>\n<strong>Lightning Bolt<\/strong> (US)<br \/>\n<strong>(SIC)<\/strong> (MX)<\/p>\n<p>El primer d\u00eda que dar\u00e1 inici\u00f3 a esta celebraci\u00f3n. Cada uno de los tres n\u00fameros que est\u00e1n contemplados para esta primera fecha, es un dueto con un mood diferente.<\/p>\n<p>\u00bfD\u00f3nde, a qu\u00e9 hora y de a c\u00f3mo?<br \/>\n<span style=\"color: #a81f00;\"><strong>Foro Indie Rocks!<\/strong> <\/span>\/\/ 21h \/\/ $600<\/p>\n<h1><strong>Jueves 21 de septiembre<\/strong><\/h1>\n<p><strong>Roscoe Mitchell + Chicago Linderground Duo<\/strong> (US)<br \/>\n<strong>Jacob Wick Quintet<\/strong> (US)<\/p>\n<p>\u00bfD\u00f3nde, a qu\u00e9 hora y de a c\u00f3mo?<br \/>\n<span style=\"color: #0aa650;\"><strong>Anfiteatro Sim\u00f3n Bol\u00edvar<\/strong><\/span> \/\/ 20h \/\/ Entrada libre \/\/ *Cupo limitado<\/p>\n<h2><strong>Viernes 22 de septiembre<\/strong><\/h2>\n<p><strong>Juanjos\u00e9 Rivas<\/strong> (MX) con <strong>Pan Daijing<\/strong> (CN) y <strong>Werner Dafeldecker<\/strong> (AT)<\/p>\n<p>\u00bfD\u00f3nde, a qu\u00e9 hora y de a c\u00f3mo?<br \/>\n<span style=\"color: #a81f00;\"><strong>Plaza Los \u00c1ngeles<\/strong> <\/span>\/\/ 17h \/\/ Entrada libre \/\/ *Cupo limitado<\/p>\n<p><strong>Philip Jeck<\/strong> (UK)<br \/>\n<strong>Jonas Reinhardt<\/strong> (US)<br \/>\n<strong>M\u00e9ryll Ampe<\/strong> (FR)<br \/>\n<strong>Nima Ikki<\/strong> (MX)<\/p>\n<p>\u00bfD\u00f3nde, a qu\u00e9 hora y de a c\u00f3mo?<br \/>\n<span style=\"color: #0aa650;\"><strong>Centro Cultural Espa\u00f1a<\/strong><\/span> \/\/ 19h \/\/ Entrada libre \/\/ *Cupo limitado<\/p>\n<h1><strong>S\u00e1bado 23 de septiembre<\/strong><\/h1>\n<p><strong>Rob Mazurek<\/strong> (US)<br \/>\n<strong>Rogelio Sosa<\/strong> (MX)<br \/>\n<strong>Alex Durlak<\/strong> (CA)<\/p>\n<p>\u00bfD\u00f3nde, a qu\u00e9 hora y de a c\u00f3mo?<br \/>\n<span style=\"color: #a81f00;\"><strong>Museo Tamayo<\/strong> <\/span>\/\/ 12h \/\/ Entrada libre<\/p>\n<p><strong>The Speaker<\/strong> (Pan Daijing, Werner Dafeldecker, Valerio Tricoli) (AT\/CN\/IT)<br \/>\n<strong>Chris Cogburn<\/strong>, <strong>Kjell Bjorgeengen<\/strong>, <strong>Aim\u00e9e Theriot<\/strong>, <strong>Luis Mora<\/strong>, <strong>Juan Sebasti\u00e1n Lach Ensamble<\/strong> (US\/NO\/MX)<br \/>\n<strong>Cyclops<\/strong> (MX)<br \/>\n<strong>Michael Morris<\/strong> (US)<\/p>\n<p>\u00bfD\u00f3nde, a qu\u00e9 hora y de a c\u00f3mo?<br \/>\n<span style=\"color: #0aa650;\"><strong>Faro de Arag\u00f3n<\/strong><\/span> \/\/ 13h \/\/ Entrada libre<\/p>\n<p><strong>Godspeed You! Black Emperor<\/strong> (CA)<br \/>\n<strong>Carlos Marks<\/strong> (MX\/NZ)<\/p>\n<p>\u00bfD\u00f3nde, a qu\u00e9 hora y de a c\u00f3mo?<br \/>\n<span style=\"color: #a81f00;\"><strong>Sala Corona<\/strong><\/span> \/\/ 21h \/\/ $800<\/p>\n<h1><strong>Domingo 24 de septiembre<\/strong><\/h1>\n<p><strong>Juan Sebasti\u00e1n Lach<\/strong> (MX)<br \/>\n<strong>Werner Dafeldecker<\/strong> con<strong> Gustavo Nandayapa<\/strong> y<strong> Lea Bertucci<\/strong> (AT\/MX\/US)<br \/>\n<strong>Valerio Tricoli<\/strong> (IT)<br \/>\n<strong>Gustavo Nandayapa<\/strong> (MX)<br \/>\n<strong>Lea Bertucci<\/strong> (US)<\/p>\n<p>\u00bfD\u00f3nde, a qu\u00e9 hora y de a c\u00f3mo?<br \/>\n<span style=\"color: #0aa650;\"><strong>Casa del Lago<\/strong> <\/span>\/\/ 12h \/\/ Entrada libre<\/p>\n<p>&nbsp;<\/p>\n<p>&nbsp;<\/p>\n","protected":false},"excerpt":{"rendered":"<p>El Festival Aural llega una vez m\u00e1s para celebrar su sexta edici\u00f3n en diferentes sedes de Ciudad de M\u00e9xico, del mi\u00e9rcoles 20 al domingo 24 de septiembre de 2017.<\/p>\n","protected":false},"author":2,"featured_media":65717,"comment_status":"open","ping_status":"open","sticky":false,"template":"","format":"standard","meta":{"footnotes":""},"categories":[1,18,17],"tags":[],"class_list":["post-65716","post","type-post","status-publish","format-standard","has-post-thumbnail","hentry","category-cultura","category-musica","category-principal"],"yoast_head":"<!-- This site is optimized with the Yoast SEO plugin v24.7 - https:\/\/yoast.com\/wordpress\/plugins\/seo\/ -->\n<title>Festival Aural: una variedad de actividades para t\u00ed &#171; Reconoce MX<\/title>\n<meta name=\"robots\" content=\"index, follow, max-snippet:-1, max-image-preview:large, max-video-preview:-1\" \/>\n<link rel=\"canonical\" href=\"https:\/\/www.reconoce.mx\/?p=65716\" \/>\n<meta property=\"og:locale\" content=\"es_ES\" \/>\n<meta property=\"og:type\" content=\"article\" \/>\n<meta property=\"og:title\" content=\"Festival Aural: una variedad de actividades para t\u00ed &#171; Reconoce MX\" \/>\n<meta property=\"og:description\" content=\"El Festival Aural llega una vez m\u00e1s para celebrar su sexta edici\u00f3n en diferentes sedes de Ciudad de M\u00e9xico, del mi\u00e9rcoles 20 al domingo 24 de septiembre de 2017.\" \/>\n<meta property=\"og:url\" content=\"https:\/\/www.reconoce.mx\/?p=65716\" \/>\n<meta property=\"og:site_name\" content=\"Reconoce MX\" \/>\n<meta property=\"article:publisher\" content=\"https:\/\/es-la.facebook.com\/ReconoceMX\/\" \/>\n<meta property=\"article:published_time\" content=\"2017-09-18T05:05:20+00:00\" \/>\n<meta property=\"article:modified_time\" content=\"2017-09-18T05:12:09+00:00\" \/>\n<meta property=\"og:image\" content=\"https:\/\/www.reconoce.mx\/wp-content\/uploads\/2017\/09\/festival-aural.png\" \/>\n\t<meta property=\"og:image:width\" content=\"590\" \/>\n\t<meta property=\"og:image:height\" content=\"380\" \/>\n\t<meta property=\"og:image:type\" content=\"image\/png\" \/>\n<meta name=\"author\" content=\"Reconoce MX\" \/>\n<meta name=\"twitter:card\" content=\"summary_large_image\" \/>\n<meta name=\"twitter:creator\" content=\"@reconocemx\" \/>\n<meta name=\"twitter:site\" content=\"@reconocemx\" \/>\n<meta name=\"twitter:label1\" content=\"Escrito por\" \/>\n\t<meta name=\"twitter:data1\" content=\"Reconoce MX\" \/>\n\t<meta name=\"twitter:label2\" content=\"Tiempo de lectura\" \/>\n\t<meta name=\"twitter:data2\" content=\"3 minutos\" \/>\n<script type=\"application\/ld+json\" class=\"yoast-schema-graph\">{\"@context\":\"https:\/\/schema.org\",\"@graph\":[{\"@type\":\"Article\",\"@id\":\"https:\/\/www.reconoce.mx\/?p=65716#article\",\"isPartOf\":{\"@id\":\"https:\/\/www.reconoce.mx\/?p=65716\"},\"author\":{\"name\":\"Reconoce MX\",\"@id\":\"http:\/\/www.reconoce.mx\/#\/schema\/person\/2117e997d7051dc15d6880eaf9bca0b2\"},\"headline\":\"Festival Aural: una variedad de actividades para t\u00ed\",\"datePublished\":\"2017-09-18T05:05:20+00:00\",\"dateModified\":\"2017-09-18T05:12:09+00:00\",\"mainEntityOfPage\":{\"@id\":\"https:\/\/www.reconoce.mx\/?p=65716\"},\"wordCount\":623,\"commentCount\":0,\"publisher\":{\"@id\":\"http:\/\/www.reconoce.mx\/#organization\"},\"image\":{\"@id\":\"https:\/\/www.reconoce.mx\/?p=65716#primaryimage\"},\"thumbnailUrl\":\"http:\/\/www.reconoce.mx\/wp-content\/uploads\/2017\/09\/festival-aural.png\",\"articleSection\":[\"Cultura\",\"M\u00fasica\",\"Principal\"],\"inLanguage\":\"es\",\"potentialAction\":[{\"@type\":\"CommentAction\",\"name\":\"Comment\",\"target\":[\"https:\/\/www.reconoce.mx\/?p=65716#respond\"]}]},{\"@type\":\"WebPage\",\"@id\":\"https:\/\/www.reconoce.mx\/?p=65716\",\"url\":\"https:\/\/www.reconoce.mx\/?p=65716\",\"name\":\"Festival Aural: una variedad de actividades para t\u00ed &#171; Reconoce MX\",\"isPartOf\":{\"@id\":\"http:\/\/www.reconoce.mx\/#website\"},\"primaryImageOfPage\":{\"@id\":\"https:\/\/www.reconoce.mx\/?p=65716#primaryimage\"},\"image\":{\"@id\":\"https:\/\/www.reconoce.mx\/?p=65716#primaryimage\"},\"thumbnailUrl\":\"http:\/\/www.reconoce.mx\/wp-content\/uploads\/2017\/09\/festival-aural.png\",\"datePublished\":\"2017-09-18T05:05:20+00:00\",\"dateModified\":\"2017-09-18T05:12:09+00:00\",\"breadcrumb\":{\"@id\":\"https:\/\/www.reconoce.mx\/?p=65716#breadcrumb\"},\"inLanguage\":\"es\",\"potentialAction\":[{\"@type\":\"ReadAction\",\"target\":[\"https:\/\/www.reconoce.mx\/?p=65716\"]}]},{\"@type\":\"ImageObject\",\"inLanguage\":\"es\",\"@id\":\"https:\/\/www.reconoce.mx\/?p=65716#primaryimage\",\"url\":\"http:\/\/www.reconoce.mx\/wp-content\/uploads\/2017\/09\/festival-aural.png\",\"contentUrl\":\"http:\/\/www.reconoce.mx\/wp-content\/uploads\/2017\/09\/festival-aural.png\",\"width\":590,\"height\":380},{\"@type\":\"BreadcrumbList\",\"@id\":\"https:\/\/www.reconoce.mx\/?p=65716#breadcrumb\",\"itemListElement\":[{\"@type\":\"ListItem\",\"position\":1,\"name\":\"Portada\",\"item\":\"http:\/\/www.reconoce.mx\/\"},{\"@type\":\"ListItem\",\"position\":2,\"name\":\"Festival Aural: una variedad de actividades para t\u00ed\"}]},{\"@type\":\"WebSite\",\"@id\":\"http:\/\/www.reconoce.mx\/#website\",\"url\":\"http:\/\/www.reconoce.mx\/\",\"name\":\"Reconoce MX\",\"description\":\"En Reconoce MX difundimos arte, cultura y conciencia social en M\u00e9xico. Tu ciudad en otra perspectiva.\",\"publisher\":{\"@id\":\"http:\/\/www.reconoce.mx\/#organization\"},\"potentialAction\":[{\"@type\":\"SearchAction\",\"target\":{\"@type\":\"EntryPoint\",\"urlTemplate\":\"http:\/\/www.reconoce.mx\/?s={search_term_string}\"},\"query-input\":{\"@type\":\"PropertyValueSpecification\",\"valueRequired\":true,\"valueName\":\"search_term_string\"}}],\"inLanguage\":\"es\"},{\"@type\":\"Organization\",\"@id\":\"http:\/\/www.reconoce.mx\/#organization\",\"name\":\"Reconoce MX\",\"url\":\"http:\/\/www.reconoce.mx\/\",\"logo\":{\"@type\":\"ImageObject\",\"inLanguage\":\"es\",\"@id\":\"http:\/\/www.reconoce.mx\/#\/schema\/logo\/image\/\",\"url\":\"https:\/\/www.reconoce.mx\/wp-content\/uploads\/2019\/03\/logorcmx-good-1.png\",\"contentUrl\":\"https:\/\/www.reconoce.mx\/wp-content\/uploads\/2019\/03\/logorcmx-good-1.png\",\"width\":280,\"height\":90,\"caption\":\"Reconoce MX\"},\"image\":{\"@id\":\"http:\/\/www.reconoce.mx\/#\/schema\/logo\/image\/\"},\"sameAs\":[\"https:\/\/es-la.facebook.com\/ReconoceMX\/\",\"https:\/\/x.com\/reconocemx\",\"http:\/\/@reconocemx\"]},{\"@type\":\"Person\",\"@id\":\"http:\/\/www.reconoce.mx\/#\/schema\/person\/2117e997d7051dc15d6880eaf9bca0b2\",\"name\":\"Reconoce MX\",\"image\":{\"@type\":\"ImageObject\",\"inLanguage\":\"es\",\"@id\":\"http:\/\/www.reconoce.mx\/#\/schema\/person\/image\/\",\"url\":\"https:\/\/secure.gravatar.com\/avatar\/6c8d4dc7569ca1c90c5fdcc349f839d5ddef6fe1e70b4337ead2ef1a4c43fc3a?s=96&d=identicon&r=g\",\"contentUrl\":\"https:\/\/secure.gravatar.com\/avatar\/6c8d4dc7569ca1c90c5fdcc349f839d5ddef6fe1e70b4337ead2ef1a4c43fc3a?s=96&d=identicon&r=g\",\"caption\":\"Reconoce MX\"},\"description\":\"Reconoce MX es un proyecto de difusi\u00f3n art\u00edstica, cultural y de conciencia social que est\u00e1 enfocado a difundir y fomentar el entretenimiento alternativo de calidad para todo el p\u00fablico que comparta el mismo entusiasmo.\",\"sameAs\":[\"http:\/\/www.reconoce.mx\"],\"url\":\"http:\/\/www.reconoce.mx\/?author=2\"}]}<\/script>\n<!-- \/ Yoast SEO plugin. -->","yoast_head_json":{"title":"Festival Aural: una variedad de actividades para t\u00ed &#171; Reconoce MX","robots":{"index":"index","follow":"follow","max-snippet":"max-snippet:-1","max-image-preview":"max-image-preview:large","max-video-preview":"max-video-preview:-1"},"canonical":"https:\/\/www.reconoce.mx\/?p=65716","og_locale":"es_ES","og_type":"article","og_title":"Festival Aural: una variedad de actividades para t\u00ed &#171; Reconoce MX","og_description":"El Festival Aural llega una vez m\u00e1s para celebrar su sexta edici\u00f3n en diferentes sedes de Ciudad de M\u00e9xico, del mi\u00e9rcoles 20 al domingo 24 de septiembre de 2017.","og_url":"https:\/\/www.reconoce.mx\/?p=65716","og_site_name":"Reconoce MX","article_publisher":"https:\/\/es-la.facebook.com\/ReconoceMX\/","article_published_time":"2017-09-18T05:05:20+00:00","article_modified_time":"2017-09-18T05:12:09+00:00","og_image":[{"width":590,"height":380,"url":"https:\/\/www.reconoce.mx\/wp-content\/uploads\/2017\/09\/festival-aural.png","type":"image\/png"}],"author":"Reconoce MX","twitter_card":"summary_large_image","twitter_creator":"@reconocemx","twitter_site":"@reconocemx","twitter_misc":{"Escrito por":"Reconoce MX","Tiempo de lectura":"3 minutos"},"schema":{"@context":"https:\/\/schema.org","@graph":[{"@type":"Article","@id":"https:\/\/www.reconoce.mx\/?p=65716#article","isPartOf":{"@id":"https:\/\/www.reconoce.mx\/?p=65716"},"author":{"name":"Reconoce MX","@id":"http:\/\/www.reconoce.mx\/#\/schema\/person\/2117e997d7051dc15d6880eaf9bca0b2"},"headline":"Festival Aural: una variedad de actividades para t\u00ed","datePublished":"2017-09-18T05:05:20+00:00","dateModified":"2017-09-18T05:12:09+00:00","mainEntityOfPage":{"@id":"https:\/\/www.reconoce.mx\/?p=65716"},"wordCount":623,"commentCount":0,"publisher":{"@id":"http:\/\/www.reconoce.mx\/#organization"},"image":{"@id":"https:\/\/www.reconoce.mx\/?p=65716#primaryimage"},"thumbnailUrl":"http:\/\/www.reconoce.mx\/wp-content\/uploads\/2017\/09\/festival-aural.png","articleSection":["Cultura","M\u00fasica","Principal"],"inLanguage":"es","potentialAction":[{"@type":"CommentAction","name":"Comment","target":["https:\/\/www.reconoce.mx\/?p=65716#respond"]}]},{"@type":"WebPage","@id":"https:\/\/www.reconoce.mx\/?p=65716","url":"https:\/\/www.reconoce.mx\/?p=65716","name":"Festival Aural: una variedad de actividades para t\u00ed &#171; Reconoce MX","isPartOf":{"@id":"http:\/\/www.reconoce.mx\/#website"},"primaryImageOfPage":{"@id":"https:\/\/www.reconoce.mx\/?p=65716#primaryimage"},"image":{"@id":"https:\/\/www.reconoce.mx\/?p=65716#primaryimage"},"thumbnailUrl":"http:\/\/www.reconoce.mx\/wp-content\/uploads\/2017\/09\/festival-aural.png","datePublished":"2017-09-18T05:05:20+00:00","dateModified":"2017-09-18T05:12:09+00:00","breadcrumb":{"@id":"https:\/\/www.reconoce.mx\/?p=65716#breadcrumb"},"inLanguage":"es","potentialAction":[{"@type":"ReadAction","target":["https:\/\/www.reconoce.mx\/?p=65716"]}]},{"@type":"ImageObject","inLanguage":"es","@id":"https:\/\/www.reconoce.mx\/?p=65716#primaryimage","url":"http:\/\/www.reconoce.mx\/wp-content\/uploads\/2017\/09\/festival-aural.png","contentUrl":"http:\/\/www.reconoce.mx\/wp-content\/uploads\/2017\/09\/festival-aural.png","width":590,"height":380},{"@type":"BreadcrumbList","@id":"https:\/\/www.reconoce.mx\/?p=65716#breadcrumb","itemListElement":[{"@type":"ListItem","position":1,"name":"Portada","item":"http:\/\/www.reconoce.mx\/"},{"@type":"ListItem","position":2,"name":"Festival Aural: una variedad de actividades para t\u00ed"}]},{"@type":"WebSite","@id":"http:\/\/www.reconoce.mx\/#website","url":"http:\/\/www.reconoce.mx\/","name":"Reconoce MX","description":"En Reconoce MX difundimos arte, cultura y conciencia social en M\u00e9xico. Tu ciudad en otra perspectiva.","publisher":{"@id":"http:\/\/www.reconoce.mx\/#organization"},"potentialAction":[{"@type":"SearchAction","target":{"@type":"EntryPoint","urlTemplate":"http:\/\/www.reconoce.mx\/?s={search_term_string}"},"query-input":{"@type":"PropertyValueSpecification","valueRequired":true,"valueName":"search_term_string"}}],"inLanguage":"es"},{"@type":"Organization","@id":"http:\/\/www.reconoce.mx\/#organization","name":"Reconoce MX","url":"http:\/\/www.reconoce.mx\/","logo":{"@type":"ImageObject","inLanguage":"es","@id":"http:\/\/www.reconoce.mx\/#\/schema\/logo\/image\/","url":"https:\/\/www.reconoce.mx\/wp-content\/uploads\/2019\/03\/logorcmx-good-1.png","contentUrl":"https:\/\/www.reconoce.mx\/wp-content\/uploads\/2019\/03\/logorcmx-good-1.png","width":280,"height":90,"caption":"Reconoce MX"},"image":{"@id":"http:\/\/www.reconoce.mx\/#\/schema\/logo\/image\/"},"sameAs":["https:\/\/es-la.facebook.com\/ReconoceMX\/","https:\/\/x.com\/reconocemx","http:\/\/@reconocemx"]},{"@type":"Person","@id":"http:\/\/www.reconoce.mx\/#\/schema\/person\/2117e997d7051dc15d6880eaf9bca0b2","name":"Reconoce MX","image":{"@type":"ImageObject","inLanguage":"es","@id":"http:\/\/www.reconoce.mx\/#\/schema\/person\/image\/","url":"https:\/\/secure.gravatar.com\/avatar\/6c8d4dc7569ca1c90c5fdcc349f839d5ddef6fe1e70b4337ead2ef1a4c43fc3a?s=96&d=identicon&r=g","contentUrl":"https:\/\/secure.gravatar.com\/avatar\/6c8d4dc7569ca1c90c5fdcc349f839d5ddef6fe1e70b4337ead2ef1a4c43fc3a?s=96&d=identicon&r=g","caption":"Reconoce MX"},"description":"Reconoce MX es un proyecto de difusi\u00f3n art\u00edstica, cultural y de conciencia social que est\u00e1 enfocado a difundir y fomentar el entretenimiento alternativo de calidad para todo el p\u00fablico que comparta el mismo entusiasmo.","sameAs":["http:\/\/www.reconoce.mx"],"url":"http:\/\/www.reconoce.mx\/?author=2"}]}},"_links":{"self":[{"href":"http:\/\/www.reconoce.mx\/index.php?rest_route=\/wp\/v2\/posts\/65716","targetHints":{"allow":["GET"]}}],"collection":[{"href":"http:\/\/www.reconoce.mx\/index.php?rest_route=\/wp\/v2\/posts"}],"about":[{"href":"http:\/\/www.reconoce.mx\/index.php?rest_route=\/wp\/v2\/types\/post"}],"author":[{"embeddable":true,"href":"http:\/\/www.reconoce.mx\/index.php?rest_route=\/wp\/v2\/users\/2"}],"replies":[{"embeddable":true,"href":"http:\/\/www.reconoce.mx\/index.php?rest_route=%2Fwp%2Fv2%2Fcomments&post=65716"}],"version-history":[{"count":2,"href":"http:\/\/www.reconoce.mx\/index.php?rest_route=\/wp\/v2\/posts\/65716\/revisions"}],"predecessor-version":[{"id":65721,"href":"http:\/\/www.reconoce.mx\/index.php?rest_route=\/wp\/v2\/posts\/65716\/revisions\/65721"}],"wp:featuredmedia":[{"embeddable":true,"href":"http:\/\/www.reconoce.mx\/index.php?rest_route=\/wp\/v2\/media\/65717"}],"wp:attachment":[{"href":"http:\/\/www.reconoce.mx\/index.php?rest_route=%2Fwp%2Fv2%2Fmedia&parent=65716"}],"wp:term":[{"taxonomy":"category","embeddable":true,"href":"http:\/\/www.reconoce.mx\/index.php?rest_route=%2Fwp%2Fv2%2Fcategories&post=65716"},{"taxonomy":"post_tag","embeddable":true,"href":"http:\/\/www.reconoce.mx\/index.php?rest_route=%2Fwp%2Fv2%2Ftags&post=65716"}],"curies":[{"name":"wp","href":"https:\/\/api.w.org\/{rel}","templated":true}]}}