{"id":65722,"date":"2017-09-18T00:07:54","date_gmt":"2017-09-18T05:07:54","guid":{"rendered":"http:\/\/www.reconoce.mx\/?p=65722"},"modified":"2017-09-18T07:13:08","modified_gmt":"2017-09-18T12:13:08","slug":"10-anos-mitologicos-del-on-frail-wings-of-vanity-and-wax-de-alesana","status":"publish","type":"post","link":"http:\/\/www.reconoce.mx\/?p=65722","title":{"rendered":"10 a\u00f1os mitol\u00f3gicos del \u00abOn frail wings of vanity and wax\u00bb de Alesana"},"content":{"rendered":"<p><strong>Texto por Eduardo Mel\u00e9ndez San Crist\u00f3bal<\/strong>.<br \/>\n<strong>Fotos <\/strong><strong>por\u00a0<a href=\"https:\/\/twitter.com\/Sandy__Pandy\" target=\"_blank\" rel=\"noopener noreferrer\">Sandra Orozco<\/a><\/strong>.<\/p>\n<p>Este 2017 nos ha tra\u00eddo diversa cantidad de festejos que nos traen a la mente recuerdos, an\u00e9cdotas y para algunos sentimientos encontrados de una \u00e9poca en la que la mayor\u00eda de sus seguidores se encontraban en la pubertad. Aniversarios de bandas, o como en este caso discos que marcaron un proceso de vida para mucha gente, son eventos en los que es imperdonable faltar. \u00c9ste fue uno de ellos.<\/p>\n<p><a href=\"http:\/\/www.reconoce.mx\/wp-content\/uploads\/2017\/09\/alesana-2-e1505735544123.jpg\"><img loading=\"lazy\" decoding=\"async\" class=\"aligncenter size-full wp-image-65724\" src=\"http:\/\/www.reconoce.mx\/wp-content\/uploads\/2017\/09\/alesana-2-e1505735544123.jpg\" alt=\"\" width=\"1000\" height=\"667\" \/><\/a><\/p>\n<p><em><strong>&gt;&gt;<a href=\"https:\/\/www.flickr.com\/photos\/reconocemx\/albums\/72157688541829826\" target=\"_blank\" rel=\"noopener\">Disfruta nuestra galer\u00eda completa de Alesana su aniversario<\/a>&lt;&lt;<\/strong><\/em><\/p>\n<p>Como es merecido, en un evento que fue esperado por muchos de sus fans e incluso por bandas que se encuentran en este camino y que con proyectos como \u00e9ste respaldan su motivaci\u00f3n en esta carrera, era necesario que el show fuera intenso y memorable en cada momento.<\/p>\n<p>Nos referimos al show de d\u00e9cimo aniversario del \u00e1lbum \u00abOn frail wings of vanity and wax\u00bb, en el que para dar apertura a \u00e9ste se presentaron <strong>Kamikaze Ninja<\/strong>, tr\u00edo mexicano que instrumenta un estilo funk\/alternativo que durante 30 minutos provoca que los cuerpos de la gente se activen, prepar\u00e1ndolos para lo que fue ese d\u00eda; y quienes fueron seguidos por <strong>Kaizan<\/strong>, banda que con una filosof\u00eda oriental y marcada por sus influencias de metal y progresivo, equilibraron el ambiente para dejar huella en quienes no conoc\u00edan a las bandas antes mencionadas.<\/p>\n<p><a href=\"http:\/\/www.reconoce.mx\/wp-content\/uploads\/2017\/09\/say-ocean-1.jpg\"><img loading=\"lazy\" decoding=\"async\" class=\"aligncenter size-full wp-image-65729\" src=\"http:\/\/www.reconoce.mx\/wp-content\/uploads\/2017\/09\/say-ocean-1.jpg\" alt=\"\" width=\"800\" height=\"509\" srcset=\"http:\/\/www.reconoce.mx\/wp-content\/uploads\/2017\/09\/say-ocean-1.jpg 800w, http:\/\/www.reconoce.mx\/wp-content\/uploads\/2017\/09\/say-ocean-1-300x191.jpg 300w, http:\/\/www.reconoce.mx\/wp-content\/uploads\/2017\/09\/say-ocean-1-768x489.jpg 768w, http:\/\/www.reconoce.mx\/wp-content\/uploads\/2017\/09\/say-ocean-1-150x95.jpg 150w, http:\/\/www.reconoce.mx\/wp-content\/uploads\/2017\/09\/say-ocean-1-700x445.jpg 700w, http:\/\/www.reconoce.mx\/wp-content\/uploads\/2017\/09\/say-ocean-1-658x419.jpg 658w\" sizes=\"auto, (max-width: 800px) 100vw, 800px\" \/><\/a><\/p>\n<p><em><strong>&gt;&gt;<a href=\"https:\/\/www.flickr.com\/photos\/reconocemx\/albums\/72157685289842492\" target=\"_blank\" rel=\"noopener\">Disfruta nuestra galer\u00eda completa de Say Ocean en aniversario de Alesana<\/a>&lt;&lt;<\/strong><\/em><\/p>\n<p>Acumular las ansias generadas por los fans no es algo f\u00e1cil, pero hacer las elecciones correctas para generar un show completo y que \u00e9ste se mantenga generando emociones, es garant\u00eda y exigencia misma de la banda estelar. Para ello, quienes contar\u00edan con esa misi\u00f3n ser\u00edan los <strong>Say Ocean<\/strong>, alineaci\u00f3n tapat\u00eda que en poco tiempo ha logrado establecerse en la escena con su punk-rock en\u00e9rgico que en estos momentos va regalando canciones de su nueva producci\u00f3n \u00abMejores tiempos\u00bb, que sin dudar conect\u00f3 con el p\u00fablico que brinc\u00f3 y explot\u00f3 con esa energ\u00eda que distingue y esa simpat\u00eda propia de la banda.<\/p>\n<p>Para quienes conocen y siguen a <strong>Alesana<\/strong>, era obvio que empezaran a requerir de m\u00e1s <em>riffs<\/em> potentes, de m\u00e1s hard-rock o metal, y en muestra de una elecci\u00f3n correcta m\u00e1s, se presentaron los <strong>Cerberus<\/strong>, que en lo personal yo no conoc\u00eda, pero de la cual me llevo bastante. De una escuela definida, con un metal potente y abrasador, un <em>frontman<\/em> que en todo momento busca la conexi\u00f3n con el p\u00fablico, que no teme en explotar sus pulidas habilidades no s\u00f3lo al cantar, sino incluso al tocar la guitarra aunque ello represente ponerla sobre su espalda y continuar con el solo o riffs que como antes mencion\u00e9, son potentes, <strong>Cerberus<\/strong> elevan el show y mantienen al p\u00fablico euf\u00f3rico para lo que sigue.<\/p>\n<p><a href=\"http:\/\/www.reconoce.mx\/wp-content\/uploads\/2017\/09\/cerberus-1.jpg\"><img loading=\"lazy\" decoding=\"async\" class=\"aligncenter size-full wp-image-65728\" src=\"http:\/\/www.reconoce.mx\/wp-content\/uploads\/2017\/09\/cerberus-1.jpg\" alt=\"\" width=\"800\" height=\"574\" srcset=\"http:\/\/www.reconoce.mx\/wp-content\/uploads\/2017\/09\/cerberus-1.jpg 800w, http:\/\/www.reconoce.mx\/wp-content\/uploads\/2017\/09\/cerberus-1-300x215.jpg 300w, http:\/\/www.reconoce.mx\/wp-content\/uploads\/2017\/09\/cerberus-1-768x551.jpg 768w, http:\/\/www.reconoce.mx\/wp-content\/uploads\/2017\/09\/cerberus-1-150x108.jpg 150w, http:\/\/www.reconoce.mx\/wp-content\/uploads\/2017\/09\/cerberus-1-700x502.jpg 700w, http:\/\/www.reconoce.mx\/wp-content\/uploads\/2017\/09\/cerberus-1-658x472.jpg 658w\" sizes=\"auto, (max-width: 800px) 100vw, 800px\" \/><\/a><\/p>\n<p><em><strong>&gt;&gt;<a href=\"https:\/\/www.flickr.com\/photos\/reconocemx\/albums\/72157685289949752\" target=\"_blank\" rel=\"noopener\">Disfruta nuestra galer\u00eda completa de Cerberus en aniversario de Alesana<\/a>&lt;&lt;<\/strong><\/em><\/p>\n<p>Como pre\u00e1mbulo de este evento, a pesar de tratarse de una banda extranjera e internacional, se cont\u00f3 s\u00f3lo con bandas nacionales de una escena que se encuentra m\u00e1s que activa y sacudiendo por todo el pa\u00eds. Siendo una banda ya consolidada en el gusto de gran n\u00famero de seguidores, <strong>Allison<\/strong>, que desde su mas reciente producci\u00f3n \u00abTodo est\u00e1 encendido\u00bb ha mostrado su lado m\u00e1s pesado y cr\u00edtico, no midi\u00f3 en presentarse con lo mejor de su repertorio desde \u00abR\u00f3mpase el vidrio en caso de emergencia\u00bb, o sus ya cl\u00e1sicos \u00abBaby please\u00bb y \u00abFr\u00e1gil\u00bb<em>, <\/em>dejando as\u00ed un p\u00fablico euf\u00f3rico y listo para el episodio principal.<\/p>\n<p>Hasta antes de este evento ya hab\u00eda escuchado el nombre de <strong>Alesana<\/strong>, aunque la realidad es que poca oportunidad me hab\u00eda dado de abrir las puertas de lo que la banda generaba o representaba. \u00abOn frail wings of vanity and wax\u00bb, que es el que nos trajo aqu\u00ed, es el primer disco de estudio de la banda norteamericana; posterior a su primer EP de 2004-2005, convirti\u00e9ndola en una banda que se ha abierto puertas en diversas regiones como Europa, Am\u00e9rica Central e incluso Australia.<\/p>\n<p><a href=\"http:\/\/www.reconoce.mx\/wp-content\/uploads\/2017\/09\/allison-1.jpg\"><img loading=\"lazy\" decoding=\"async\" class=\"aligncenter size-full wp-image-65727\" src=\"http:\/\/www.reconoce.mx\/wp-content\/uploads\/2017\/09\/allison-1.jpg\" alt=\"\" width=\"800\" height=\"559\" srcset=\"http:\/\/www.reconoce.mx\/wp-content\/uploads\/2017\/09\/allison-1.jpg 800w, http:\/\/www.reconoce.mx\/wp-content\/uploads\/2017\/09\/allison-1-300x210.jpg 300w, http:\/\/www.reconoce.mx\/wp-content\/uploads\/2017\/09\/allison-1-768x537.jpg 768w, http:\/\/www.reconoce.mx\/wp-content\/uploads\/2017\/09\/allison-1-150x105.jpg 150w, http:\/\/www.reconoce.mx\/wp-content\/uploads\/2017\/09\/allison-1-700x489.jpg 700w, http:\/\/www.reconoce.mx\/wp-content\/uploads\/2017\/09\/allison-1-658x460.jpg 658w\" sizes=\"auto, (max-width: 800px) 100vw, 800px\" \/><\/a><\/p>\n<p><em><strong>&gt;&gt;<a href=\"https:\/\/www.flickr.com\/photos\/reconocemx\/albums\/72157686050238311\" target=\"_blank\" rel=\"noopener\">Disfruta nuestra galer\u00eda completa de Allison en aniversario de Alesana<\/a>&lt;&lt;<\/strong><\/em><\/p>\n<p>Desde el primer momento en que la alineaci\u00f3n se mont\u00f3 en el escenario se sienti\u00f3 la intensidad con la que se desempe\u00f1an, no hay momento para calentar y desde el primer segundo lo dejan entrever. <em>Metalcore<\/em> o <em>post-hardcore<\/em>, momentos mel\u00f3dicos y que incluso parecen espirituales para ellos, son el sello de <strong>Alesana<\/strong>.<\/p>\n<p>Son un ente en s\u00ed mismo, 6 individuos que circulan en el escenario de forma aleatoria e intensa y aunque no lo parezca sincronizada. Dos voces que parecen contestarse continuamente, la voz principal de Shawn Milke en el extremo derecho del escenario y un gutural Dennis Lee circulando, y postr\u00e1ndose en el escenario de forma \u00abm\u00edtica\u00bb, misma con la que redactaron el mencionado disco que habla sobre la mitolog\u00eda griega adaptada a la era moderna, en su forma de interpretarla y tocarlo en plenitud con canciones como \u00abAmbrosia\u00bb, \u00abApology\u00bb, \u00abThird temptation of Paris\u201d, entre otras.<\/p>\n<p><a href=\"http:\/\/www.reconoce.mx\/wp-content\/uploads\/2017\/09\/alesana-3.jpg\"><img loading=\"lazy\" decoding=\"async\" class=\"aligncenter size-full wp-image-65725\" src=\"http:\/\/www.reconoce.mx\/wp-content\/uploads\/2017\/09\/alesana-3.jpg\" alt=\"\" width=\"6000\" height=\"4000\" srcset=\"http:\/\/www.reconoce.mx\/wp-content\/uploads\/2017\/09\/alesana-3.jpg 6000w, http:\/\/www.reconoce.mx\/wp-content\/uploads\/2017\/09\/alesana-3-300x200.jpg 300w, http:\/\/www.reconoce.mx\/wp-content\/uploads\/2017\/09\/alesana-3-768x512.jpg 768w, http:\/\/www.reconoce.mx\/wp-content\/uploads\/2017\/09\/alesana-3-1024x683.jpg 1024w, http:\/\/www.reconoce.mx\/wp-content\/uploads\/2017\/09\/alesana-3-150x100.jpg 150w, http:\/\/www.reconoce.mx\/wp-content\/uploads\/2017\/09\/alesana-3-700x467.jpg 700w, http:\/\/www.reconoce.mx\/wp-content\/uploads\/2017\/09\/alesana-3-658x439.jpg 658w\" sizes=\"auto, (max-width: 6000px) 100vw, 6000px\" \/><\/a><\/p>\n<p><em><strong>&gt;&gt;<a href=\"https:\/\/www.flickr.com\/photos\/reconocemx\/albums\/72157688541829826\" target=\"_blank\" rel=\"noopener\">Disfruta nuestra galer\u00eda completa de Alesana en su aniversario<\/a>&lt;&lt;<\/strong><\/em><\/p>\n<p>Una guitarra girando alrededor de Shawn, un celular del p\u00fablico tomado por Dennis para regalarle una foto de \u00e9l y Shawn, alguien m\u00e1s sobre el bombo sin dejar de tocar, saltar, explotar y reventar al son de cada canci\u00f3n; eso es <strong>Alesana<\/strong>, que incluso cuentan con interludios mel\u00f3dicos en los que ellos mismos se muestran espirituales ante sus canciones.<\/p>\n<p>Como era de esperarse pasada una pausa, llena de gritos igual de intensos por parte de su p\u00fablico, volvieron todos al escenario, extasiados y regalando sonrisas a su gente, dispuestos a cerrar con todo y un breve momento en el que brincar al un\u00edsono represent\u00f3 el contacto final con cada individuo que se dio cita en este inmueble. Una banda totalmente recomendable para quien gusta del g\u00e9nero y de los shows en vivo intensos y entregados.<\/p>\n<p>&nbsp;<\/p>\n<p>&nbsp;<\/p>\n","protected":false},"excerpt":{"rendered":"<p>Este 2017 nos ha tra\u00eddo diversa cantidad de festejos que nos traen a la mente recuerdos, an\u00e9cdotas y para algunos sentimientos encontrados de una \u00e9poca en la que la mayor\u00eda de sus seguidores se encontraban en la pubertad. <\/p>\n","protected":false},"author":2,"featured_media":65726,"comment_status":"open","ping_status":"open","sticky":false,"template":"","format":"standard","meta":{"footnotes":""},"categories":[1,18,17],"tags":[],"class_list":["post-65722","post","type-post","status-publish","format-standard","has-post-thumbnail","hentry","category-cultura","category-musica","category-principal"],"yoast_head":"<!-- This site is optimized with the Yoast SEO plugin v24.7 - https:\/\/yoast.com\/wordpress\/plugins\/seo\/ -->\n<title>10 a\u00f1os mitol\u00f3gicos del &quot;On frail wings of vanity and wax&quot; de Alesana &#171; Reconoce MX<\/title>\n<meta name=\"robots\" content=\"index, follow, max-snippet:-1, max-image-preview:large, max-video-preview:-1\" \/>\n<link rel=\"canonical\" href=\"http:\/\/www.reconoce.mx\/?p=65722\" \/>\n<meta property=\"og:locale\" content=\"es_ES\" \/>\n<meta property=\"og:type\" content=\"article\" \/>\n<meta property=\"og:title\" content=\"10 a\u00f1os mitol\u00f3gicos del &quot;On frail wings of vanity and wax&quot; de Alesana &#171; Reconoce MX\" \/>\n<meta property=\"og:description\" content=\"Este 2017 nos ha tra\u00eddo diversa cantidad de festejos que nos traen a la mente recuerdos, an\u00e9cdotas y para algunos sentimientos encontrados de una \u00e9poca en la que la mayor\u00eda de sus seguidores se encontraban en la pubertad.\" \/>\n<meta property=\"og:url\" content=\"http:\/\/www.reconoce.mx\/?p=65722\" \/>\n<meta property=\"og:site_name\" content=\"Reconoce MX\" \/>\n<meta property=\"article:publisher\" content=\"https:\/\/es-la.facebook.com\/ReconoceMX\/\" \/>\n<meta property=\"article:published_time\" content=\"2017-09-18T05:07:54+00:00\" \/>\n<meta property=\"article:modified_time\" content=\"2017-09-18T12:13:08+00:00\" \/>\n<meta property=\"og:image\" content=\"http:\/\/www.reconoce.mx\/wp-content\/uploads\/2017\/09\/allison-cover.png\" \/>\n\t<meta property=\"og:image:width\" content=\"590\" \/>\n\t<meta property=\"og:image:height\" content=\"380\" \/>\n\t<meta property=\"og:image:type\" content=\"image\/png\" \/>\n<meta name=\"author\" content=\"Reconoce MX\" \/>\n<meta name=\"twitter:card\" content=\"summary_large_image\" \/>\n<meta name=\"twitter:creator\" content=\"@reconocemx\" \/>\n<meta name=\"twitter:site\" content=\"@reconocemx\" \/>\n<meta name=\"twitter:label1\" content=\"Escrito por\" \/>\n\t<meta name=\"twitter:data1\" content=\"Reconoce MX\" \/>\n\t<meta name=\"twitter:label2\" content=\"Tiempo de lectura\" \/>\n\t<meta name=\"twitter:data2\" content=\"5 minutos\" \/>\n<script type=\"application\/ld+json\" class=\"yoast-schema-graph\">{\"@context\":\"https:\/\/schema.org\",\"@graph\":[{\"@type\":\"Article\",\"@id\":\"http:\/\/www.reconoce.mx\/?p=65722#article\",\"isPartOf\":{\"@id\":\"http:\/\/www.reconoce.mx\/?p=65722\"},\"author\":{\"name\":\"Reconoce MX\",\"@id\":\"http:\/\/www.reconoce.mx\/#\/schema\/person\/2117e997d7051dc15d6880eaf9bca0b2\"},\"headline\":\"10 a\u00f1os mitol\u00f3gicos del \u00abOn frail wings of vanity and wax\u00bb de Alesana\",\"datePublished\":\"2017-09-18T05:07:54+00:00\",\"dateModified\":\"2017-09-18T12:13:08+00:00\",\"mainEntityOfPage\":{\"@id\":\"http:\/\/www.reconoce.mx\/?p=65722\"},\"wordCount\":1060,\"commentCount\":0,\"publisher\":{\"@id\":\"http:\/\/www.reconoce.mx\/#organization\"},\"image\":{\"@id\":\"http:\/\/www.reconoce.mx\/?p=65722#primaryimage\"},\"thumbnailUrl\":\"http:\/\/www.reconoce.mx\/wp-content\/uploads\/2017\/09\/allison-cover.png\",\"articleSection\":[\"Cultura\",\"M\u00fasica\",\"Principal\"],\"inLanguage\":\"es\",\"potentialAction\":[{\"@type\":\"CommentAction\",\"name\":\"Comment\",\"target\":[\"http:\/\/www.reconoce.mx\/?p=65722#respond\"]}]},{\"@type\":\"WebPage\",\"@id\":\"http:\/\/www.reconoce.mx\/?p=65722\",\"url\":\"http:\/\/www.reconoce.mx\/?p=65722\",\"name\":\"10 a\u00f1os mitol\u00f3gicos del \\\"On frail wings of vanity and wax\\\" de Alesana &#171; Reconoce MX\",\"isPartOf\":{\"@id\":\"http:\/\/www.reconoce.mx\/#website\"},\"primaryImageOfPage\":{\"@id\":\"http:\/\/www.reconoce.mx\/?p=65722#primaryimage\"},\"image\":{\"@id\":\"http:\/\/www.reconoce.mx\/?p=65722#primaryimage\"},\"thumbnailUrl\":\"http:\/\/www.reconoce.mx\/wp-content\/uploads\/2017\/09\/allison-cover.png\",\"datePublished\":\"2017-09-18T05:07:54+00:00\",\"dateModified\":\"2017-09-18T12:13:08+00:00\",\"breadcrumb\":{\"@id\":\"http:\/\/www.reconoce.mx\/?p=65722#breadcrumb\"},\"inLanguage\":\"es\",\"potentialAction\":[{\"@type\":\"ReadAction\",\"target\":[\"http:\/\/www.reconoce.mx\/?p=65722\"]}]},{\"@type\":\"ImageObject\",\"inLanguage\":\"es\",\"@id\":\"http:\/\/www.reconoce.mx\/?p=65722#primaryimage\",\"url\":\"http:\/\/www.reconoce.mx\/wp-content\/uploads\/2017\/09\/allison-cover.png\",\"contentUrl\":\"http:\/\/www.reconoce.mx\/wp-content\/uploads\/2017\/09\/allison-cover.png\",\"width\":590,\"height\":380},{\"@type\":\"BreadcrumbList\",\"@id\":\"http:\/\/www.reconoce.mx\/?p=65722#breadcrumb\",\"itemListElement\":[{\"@type\":\"ListItem\",\"position\":1,\"name\":\"Portada\",\"item\":\"http:\/\/www.reconoce.mx\/\"},{\"@type\":\"ListItem\",\"position\":2,\"name\":\"10 a\u00f1os mitol\u00f3gicos del \u00abOn frail wings of vanity and wax\u00bb de Alesana\"}]},{\"@type\":\"WebSite\",\"@id\":\"http:\/\/www.reconoce.mx\/#website\",\"url\":\"http:\/\/www.reconoce.mx\/\",\"name\":\"Reconoce MX\",\"description\":\"En Reconoce MX difundimos arte, cultura y conciencia social en M\u00e9xico. Tu ciudad en otra perspectiva.\",\"publisher\":{\"@id\":\"http:\/\/www.reconoce.mx\/#organization\"},\"potentialAction\":[{\"@type\":\"SearchAction\",\"target\":{\"@type\":\"EntryPoint\",\"urlTemplate\":\"http:\/\/www.reconoce.mx\/?s={search_term_string}\"},\"query-input\":{\"@type\":\"PropertyValueSpecification\",\"valueRequired\":true,\"valueName\":\"search_term_string\"}}],\"inLanguage\":\"es\"},{\"@type\":\"Organization\",\"@id\":\"http:\/\/www.reconoce.mx\/#organization\",\"name\":\"Reconoce MX\",\"url\":\"http:\/\/www.reconoce.mx\/\",\"logo\":{\"@type\":\"ImageObject\",\"inLanguage\":\"es\",\"@id\":\"http:\/\/www.reconoce.mx\/#\/schema\/logo\/image\/\",\"url\":\"https:\/\/www.reconoce.mx\/wp-content\/uploads\/2019\/03\/logorcmx-good-1.png\",\"contentUrl\":\"https:\/\/www.reconoce.mx\/wp-content\/uploads\/2019\/03\/logorcmx-good-1.png\",\"width\":280,\"height\":90,\"caption\":\"Reconoce MX\"},\"image\":{\"@id\":\"http:\/\/www.reconoce.mx\/#\/schema\/logo\/image\/\"},\"sameAs\":[\"https:\/\/es-la.facebook.com\/ReconoceMX\/\",\"https:\/\/x.com\/reconocemx\",\"http:\/\/@reconocemx\"]},{\"@type\":\"Person\",\"@id\":\"http:\/\/www.reconoce.mx\/#\/schema\/person\/2117e997d7051dc15d6880eaf9bca0b2\",\"name\":\"Reconoce MX\",\"image\":{\"@type\":\"ImageObject\",\"inLanguage\":\"es\",\"@id\":\"http:\/\/www.reconoce.mx\/#\/schema\/person\/image\/\",\"url\":\"https:\/\/secure.gravatar.com\/avatar\/6c8d4dc7569ca1c90c5fdcc349f839d5ddef6fe1e70b4337ead2ef1a4c43fc3a?s=96&d=identicon&r=g\",\"contentUrl\":\"https:\/\/secure.gravatar.com\/avatar\/6c8d4dc7569ca1c90c5fdcc349f839d5ddef6fe1e70b4337ead2ef1a4c43fc3a?s=96&d=identicon&r=g\",\"caption\":\"Reconoce MX\"},\"description\":\"Reconoce MX es un proyecto de difusi\u00f3n art\u00edstica, cultural y de conciencia social que est\u00e1 enfocado a difundir y fomentar el entretenimiento alternativo de calidad para todo el p\u00fablico que comparta el mismo entusiasmo.\",\"sameAs\":[\"http:\/\/www.reconoce.mx\"],\"url\":\"http:\/\/www.reconoce.mx\/?author=2\"}]}<\/script>\n<!-- \/ Yoast SEO plugin. -->","yoast_head_json":{"title":"10 a\u00f1os mitol\u00f3gicos del \"On frail wings of vanity and wax\" de Alesana &#171; Reconoce MX","robots":{"index":"index","follow":"follow","max-snippet":"max-snippet:-1","max-image-preview":"max-image-preview:large","max-video-preview":"max-video-preview:-1"},"canonical":"http:\/\/www.reconoce.mx\/?p=65722","og_locale":"es_ES","og_type":"article","og_title":"10 a\u00f1os mitol\u00f3gicos del \"On frail wings of vanity and wax\" de Alesana &#171; Reconoce MX","og_description":"Este 2017 nos ha tra\u00eddo diversa cantidad de festejos que nos traen a la mente recuerdos, an\u00e9cdotas y para algunos sentimientos encontrados de una \u00e9poca en la que la mayor\u00eda de sus seguidores se encontraban en la pubertad.","og_url":"http:\/\/www.reconoce.mx\/?p=65722","og_site_name":"Reconoce MX","article_publisher":"https:\/\/es-la.facebook.com\/ReconoceMX\/","article_published_time":"2017-09-18T05:07:54+00:00","article_modified_time":"2017-09-18T12:13:08+00:00","og_image":[{"width":590,"height":380,"url":"http:\/\/www.reconoce.mx\/wp-content\/uploads\/2017\/09\/allison-cover.png","type":"image\/png"}],"author":"Reconoce MX","twitter_card":"summary_large_image","twitter_creator":"@reconocemx","twitter_site":"@reconocemx","twitter_misc":{"Escrito por":"Reconoce MX","Tiempo de lectura":"5 minutos"},"schema":{"@context":"https:\/\/schema.org","@graph":[{"@type":"Article","@id":"http:\/\/www.reconoce.mx\/?p=65722#article","isPartOf":{"@id":"http:\/\/www.reconoce.mx\/?p=65722"},"author":{"name":"Reconoce MX","@id":"http:\/\/www.reconoce.mx\/#\/schema\/person\/2117e997d7051dc15d6880eaf9bca0b2"},"headline":"10 a\u00f1os mitol\u00f3gicos del \u00abOn frail wings of vanity and wax\u00bb de Alesana","datePublished":"2017-09-18T05:07:54+00:00","dateModified":"2017-09-18T12:13:08+00:00","mainEntityOfPage":{"@id":"http:\/\/www.reconoce.mx\/?p=65722"},"wordCount":1060,"commentCount":0,"publisher":{"@id":"http:\/\/www.reconoce.mx\/#organization"},"image":{"@id":"http:\/\/www.reconoce.mx\/?p=65722#primaryimage"},"thumbnailUrl":"http:\/\/www.reconoce.mx\/wp-content\/uploads\/2017\/09\/allison-cover.png","articleSection":["Cultura","M\u00fasica","Principal"],"inLanguage":"es","potentialAction":[{"@type":"CommentAction","name":"Comment","target":["http:\/\/www.reconoce.mx\/?p=65722#respond"]}]},{"@type":"WebPage","@id":"http:\/\/www.reconoce.mx\/?p=65722","url":"http:\/\/www.reconoce.mx\/?p=65722","name":"10 a\u00f1os mitol\u00f3gicos del \"On frail wings of vanity and wax\" de Alesana &#171; Reconoce MX","isPartOf":{"@id":"http:\/\/www.reconoce.mx\/#website"},"primaryImageOfPage":{"@id":"http:\/\/www.reconoce.mx\/?p=65722#primaryimage"},"image":{"@id":"http:\/\/www.reconoce.mx\/?p=65722#primaryimage"},"thumbnailUrl":"http:\/\/www.reconoce.mx\/wp-content\/uploads\/2017\/09\/allison-cover.png","datePublished":"2017-09-18T05:07:54+00:00","dateModified":"2017-09-18T12:13:08+00:00","breadcrumb":{"@id":"http:\/\/www.reconoce.mx\/?p=65722#breadcrumb"},"inLanguage":"es","potentialAction":[{"@type":"ReadAction","target":["http:\/\/www.reconoce.mx\/?p=65722"]}]},{"@type":"ImageObject","inLanguage":"es","@id":"http:\/\/www.reconoce.mx\/?p=65722#primaryimage","url":"http:\/\/www.reconoce.mx\/wp-content\/uploads\/2017\/09\/allison-cover.png","contentUrl":"http:\/\/www.reconoce.mx\/wp-content\/uploads\/2017\/09\/allison-cover.png","width":590,"height":380},{"@type":"BreadcrumbList","@id":"http:\/\/www.reconoce.mx\/?p=65722#breadcrumb","itemListElement":[{"@type":"ListItem","position":1,"name":"Portada","item":"http:\/\/www.reconoce.mx\/"},{"@type":"ListItem","position":2,"name":"10 a\u00f1os mitol\u00f3gicos del \u00abOn frail wings of vanity and wax\u00bb de Alesana"}]},{"@type":"WebSite","@id":"http:\/\/www.reconoce.mx\/#website","url":"http:\/\/www.reconoce.mx\/","name":"Reconoce MX","description":"En Reconoce MX difundimos arte, cultura y conciencia social en M\u00e9xico. Tu ciudad en otra perspectiva.","publisher":{"@id":"http:\/\/www.reconoce.mx\/#organization"},"potentialAction":[{"@type":"SearchAction","target":{"@type":"EntryPoint","urlTemplate":"http:\/\/www.reconoce.mx\/?s={search_term_string}"},"query-input":{"@type":"PropertyValueSpecification","valueRequired":true,"valueName":"search_term_string"}}],"inLanguage":"es"},{"@type":"Organization","@id":"http:\/\/www.reconoce.mx\/#organization","name":"Reconoce MX","url":"http:\/\/www.reconoce.mx\/","logo":{"@type":"ImageObject","inLanguage":"es","@id":"http:\/\/www.reconoce.mx\/#\/schema\/logo\/image\/","url":"https:\/\/www.reconoce.mx\/wp-content\/uploads\/2019\/03\/logorcmx-good-1.png","contentUrl":"https:\/\/www.reconoce.mx\/wp-content\/uploads\/2019\/03\/logorcmx-good-1.png","width":280,"height":90,"caption":"Reconoce MX"},"image":{"@id":"http:\/\/www.reconoce.mx\/#\/schema\/logo\/image\/"},"sameAs":["https:\/\/es-la.facebook.com\/ReconoceMX\/","https:\/\/x.com\/reconocemx","http:\/\/@reconocemx"]},{"@type":"Person","@id":"http:\/\/www.reconoce.mx\/#\/schema\/person\/2117e997d7051dc15d6880eaf9bca0b2","name":"Reconoce MX","image":{"@type":"ImageObject","inLanguage":"es","@id":"http:\/\/www.reconoce.mx\/#\/schema\/person\/image\/","url":"https:\/\/secure.gravatar.com\/avatar\/6c8d4dc7569ca1c90c5fdcc349f839d5ddef6fe1e70b4337ead2ef1a4c43fc3a?s=96&d=identicon&r=g","contentUrl":"https:\/\/secure.gravatar.com\/avatar\/6c8d4dc7569ca1c90c5fdcc349f839d5ddef6fe1e70b4337ead2ef1a4c43fc3a?s=96&d=identicon&r=g","caption":"Reconoce MX"},"description":"Reconoce MX es un proyecto de difusi\u00f3n art\u00edstica, cultural y de conciencia social que est\u00e1 enfocado a difundir y fomentar el entretenimiento alternativo de calidad para todo el p\u00fablico que comparta el mismo entusiasmo.","sameAs":["http:\/\/www.reconoce.mx"],"url":"http:\/\/www.reconoce.mx\/?author=2"}]}},"_links":{"self":[{"href":"http:\/\/www.reconoce.mx\/index.php?rest_route=\/wp\/v2\/posts\/65722","targetHints":{"allow":["GET"]}}],"collection":[{"href":"http:\/\/www.reconoce.mx\/index.php?rest_route=\/wp\/v2\/posts"}],"about":[{"href":"http:\/\/www.reconoce.mx\/index.php?rest_route=\/wp\/v2\/types\/post"}],"author":[{"embeddable":true,"href":"http:\/\/www.reconoce.mx\/index.php?rest_route=\/wp\/v2\/users\/2"}],"replies":[{"embeddable":true,"href":"http:\/\/www.reconoce.mx\/index.php?rest_route=%2Fwp%2Fv2%2Fcomments&post=65722"}],"version-history":[{"count":4,"href":"http:\/\/www.reconoce.mx\/index.php?rest_route=\/wp\/v2\/posts\/65722\/revisions"}],"predecessor-version":[{"id":65732,"href":"http:\/\/www.reconoce.mx\/index.php?rest_route=\/wp\/v2\/posts\/65722\/revisions\/65732"}],"wp:featuredmedia":[{"embeddable":true,"href":"http:\/\/www.reconoce.mx\/index.php?rest_route=\/wp\/v2\/media\/65726"}],"wp:attachment":[{"href":"http:\/\/www.reconoce.mx\/index.php?rest_route=%2Fwp%2Fv2%2Fmedia&parent=65722"}],"wp:term":[{"taxonomy":"category","embeddable":true,"href":"http:\/\/www.reconoce.mx\/index.php?rest_route=%2Fwp%2Fv2%2Fcategories&post=65722"},{"taxonomy":"post_tag","embeddable":true,"href":"http:\/\/www.reconoce.mx\/index.php?rest_route=%2Fwp%2Fv2%2Ftags&post=65722"}],"curies":[{"name":"wp","href":"https:\/\/api.w.org\/{rel}","templated":true}]}}